{"id":132471,"date":"2026-04-28T16:20:52","date_gmt":"2026-04-28T23:20:52","guid":{"rendered":"https:\/\/fuentesfidedignas.com.mx\/?p=132471"},"modified":"2026-04-28T16:20:52","modified_gmt":"2026-04-28T23:20:52","slug":"cae-presunto-homicida-del-joven-ricardo-misael-asesinado-en-febrero-en-culiacan","status":"publish","type":"post","link":"https:\/\/fuentesfidedignas.com.mx\/index.php\/2026\/04\/28\/cae-presunto-homicida-del-joven-ricardo-misael-asesinado-en-febrero-en-culiacan\/","title":{"rendered":"Cae presunto homicida del joven Ricardo Misael; asesinado en febrero en Culiac\u00e1n"},"content":{"rendered":"\n<p><em>Cumplimenta Fiscal\u00eda de Sinaloa orden de aprehensi\u00f3n contra probable responsable de homicidio calificado<\/em><\/p>\n\n\n\n<p>Culiac\u00e1n, Sinaloa; 28 de abril de 2026.- La Fiscal\u00eda General del Estado de Sinaloa, a trav\u00e9s de la Unidad Especializada en Aprehensiones (UNESA), ejecut\u00f3 una orden de aprehensi\u00f3n en contra de Jes\u00fas Abraham \u201cN\u201d, de 21 a\u00f1os de edad, por su probable responsabilidad en el delito de homicidio calificado.<\/p>\n\n\n\n<p>De acuerdo con la carpeta de investigaci\u00f3n, los hechos ocurrieron el pasado 11 de febrero del presente a\u00f1o, sobre la carretera que comunica del Fraccionamiento Los \u00c1ngeles hacia la sindicatura de Imala, en Culiac\u00e1n, donde la v\u00edctima, un menor de edad, result\u00f3 herido por disparos de arma de fuego y posteriormente perdi\u00f3 la vida.<\/p>\n\n\n\n<p>La investigaci\u00f3n fue integrada por la Inspecci\u00f3n General de Investigaci\u00f3n de Homicidios Dolosos de la Regi\u00f3n Centro, cuyos datos de prueba permitieron que un Juez de Control librara la orden de aprehensi\u00f3n correspondiente.<\/p>\n\n\n\n<p>Jes\u00fas Abraham \u201cN\u201d fue puesto a disposici\u00f3n del Juzgado de Primera Instancia de Control y de Enjuiciamiento Penal de la Regi\u00f3n Centro, autoridad que determinar\u00e1 su situaci\u00f3n jur\u00eddica.<\/p>\n","protected":false},"excerpt":{"rendered":"<p>Cumplimenta Fiscal\u00eda de Sinaloa orden de aprehensi\u00f3n contra probable responsable de homicidio calificado Culiac\u00e1n, Sinaloa; 28 de abril de 2026.- La Fiscal\u00eda General del Estado de Sinaloa, a trav\u00e9s de la Unidad Especializada en Aprehensiones (UNESA), ejecut\u00f3 una orden de aprehensi\u00f3n en contra de Jes\u00fas Abraham \u201cN\u201d, de 21 a\u00f1os de edad, por su probable [&hellip;]<\/p>\n","protected":false},"author":4,"featured_media":132470,"comment_status":"closed","ping_status":"open","sticky":false,"template":"","format":"standard","meta":{"tdm_status":"","tdm_grid_status":"","footnotes":""},"categories":[37],"tags":[],"class_list":{"0":"post-132471","1":"post","2":"type-post","3":"status-publish","4":"format-standard","5":"has-post-thumbnail","7":"category-nota-principal"},"yoast_head":"<!-- This site is optimized with the Yoast SEO plugin v27.5 - https:\/\/yoast.com\/product\/yoast-seo-wordpress\/ -->\n<title>Cae presunto homicida del joven Ricardo Misael; asesinado en febrero en Culiac\u00e1n - Fuentes Fidedignas<\/title>\n<meta name=\"robots\" content=\"index, follow, max-snippet:-1, max-image-preview:large, max-video-preview:-1\" \/>\n<link rel=\"canonical\" href=\"https:\/\/fuentesfidedignas.com.mx\/index.php\/2026\/04\/28\/cae-presunto-homicida-del-joven-ricardo-misael-asesinado-en-febrero-en-culiacan\/\" \/>\n<meta property=\"og:locale\" content=\"es_MX\" \/>\n<meta property=\"og:type\" content=\"article\" \/>\n<meta property=\"og:title\" content=\"Cae presunto homicida del joven Ricardo Misael; asesinado en febrero en Culiac\u00e1n - Fuentes Fidedignas\" \/>\n<meta property=\"og:description\" content=\"Cumplimenta Fiscal\u00eda de Sinaloa orden de aprehensi\u00f3n contra probable responsable de homicidio calificado Culiac\u00e1n, Sinaloa; 28 de abril de 2026.- La Fiscal\u00eda General del Estado de Sinaloa, a trav\u00e9s de la Unidad Especializada en Aprehensiones (UNESA), ejecut\u00f3 una orden de aprehensi\u00f3n en contra de Jes\u00fas Abraham \u201cN\u201d, de 21 a\u00f1os de edad, por su probable [&hellip;]\" \/>\n<meta property=\"og:url\" content=\"https:\/\/fuentesfidedignas.com.mx\/index.php\/2026\/04\/28\/cae-presunto-homicida-del-joven-ricardo-misael-asesinado-en-febrero-en-culiacan\/\" \/>\n<meta property=\"og:site_name\" content=\"Fuentes Fidedignas\" \/>\n<meta property=\"article:publisher\" content=\"https:\/\/www.facebook.com\/Fuentes-Fidedignas-368234489921644\" \/>\n<meta property=\"article:published_time\" content=\"2026-04-28T23:20:52+00:00\" \/>\n<meta property=\"og:image\" content=\"https:\/\/fuentesfidedignas.com.mx\/wp-content\/uploads\/2026\/04\/img_8047.jpeg\" \/>\n\t<meta property=\"og:image:width\" content=\"737\" \/>\n\t<meta property=\"og:image:height\" content=\"416\" \/>\n\t<meta property=\"og:image:type\" content=\"image\/jpeg\" \/>\n<meta name=\"author\" content=\"Redacci\u00f3n\" \/>\n<meta name=\"twitter:card\" content=\"summary_large_image\" \/>\n<meta name=\"twitter:creator\" content=\"@fidedignas\" \/>\n<meta name=\"twitter:site\" content=\"@fidedignas\" \/>\n<meta name=\"twitter:label1\" content=\"Escrito por\" \/>\n\t<meta name=\"twitter:data1\" content=\"Redacci\u00f3n\" \/>\n\t<meta name=\"twitter:label2\" content=\"Tiempo de lectura\" \/>\n\t<meta name=\"twitter:data2\" content=\"1 minuto\" \/>\n<script type=\"application\/ld+json\" class=\"yoast-schema-graph\">{\"@context\":\"https:\\\/\\\/schema.org\",\"@graph\":[{\"@type\":\"Article\",\"@id\":\"https:\\\/\\\/fuentesfidedignas.com.mx\\\/index.php\\\/2026\\\/04\\\/28\\\/cae-presunto-homicida-del-joven-ricardo-misael-asesinado-en-febrero-en-culiacan\\\/#article\",\"isPartOf\":{\"@id\":\"https:\\\/\\\/fuentesfidedignas.com.mx\\\/index.php\\\/2026\\\/04\\\/28\\\/cae-presunto-homicida-del-joven-ricardo-misael-asesinado-en-febrero-en-culiacan\\\/\"},\"author\":{\"name\":\"Redacci\u00f3n\",\"@id\":\"https:\\\/\\\/fuentesfidedignas.com.mx\\\/#\\\/schema\\\/person\\\/331be9283d37198e2acd5750279085b0\"},\"headline\":\"Cae presunto homicida del joven Ricardo Misael; asesinado en febrero en Culiac\u00e1n\",\"datePublished\":\"2026-04-28T23:20:52+00:00\",\"mainEntityOfPage\":{\"@id\":\"https:\\\/\\\/fuentesfidedignas.com.mx\\\/index.php\\\/2026\\\/04\\\/28\\\/cae-presunto-homicida-del-joven-ricardo-misael-asesinado-en-febrero-en-culiacan\\\/\"},\"wordCount\":209,\"publisher\":{\"@id\":\"https:\\\/\\\/fuentesfidedignas.com.mx\\\/#organization\"},\"image\":{\"@id\":\"https:\\\/\\\/fuentesfidedignas.com.mx\\\/index.php\\\/2026\\\/04\\\/28\\\/cae-presunto-homicida-del-joven-ricardo-misael-asesinado-en-febrero-en-culiacan\\\/#primaryimage\"},\"thumbnailUrl\":\"https:\\\/\\\/fuentesfidedignas.com.mx\\\/wp-content\\\/uploads\\\/2026\\\/04\\\/img_8047.jpeg\",\"articleSection\":[\"NOTA PRINCIPAL\"],\"inLanguage\":\"es\"},{\"@type\":\"WebPage\",\"@id\":\"https:\\\/\\\/fuentesfidedignas.com.mx\\\/index.php\\\/2026\\\/04\\\/28\\\/cae-presunto-homicida-del-joven-ricardo-misael-asesinado-en-febrero-en-culiacan\\\/\",\"url\":\"https:\\\/\\\/fuentesfidedignas.com.mx\\\/index.php\\\/2026\\\/04\\\/28\\\/cae-presunto-homicida-del-joven-ricardo-misael-asesinado-en-febrero-en-culiacan\\\/\",\"name\":\"Cae presunto homicida del joven Ricardo Misael; asesinado en febrero en Culiac\u00e1n - Fuentes Fidedignas\",\"isPartOf\":{\"@id\":\"https:\\\/\\\/fuentesfidedignas.com.mx\\\/#website\"},\"primaryImageOfPage\":{\"@id\":\"https:\\\/\\\/fuentesfidedignas.com.mx\\\/index.php\\\/2026\\\/04\\\/28\\\/cae-presunto-homicida-del-joven-ricardo-misael-asesinado-en-febrero-en-culiacan\\\/#primaryimage\"},\"image\":{\"@id\":\"https:\\\/\\\/fuentesfidedignas.com.mx\\\/index.php\\\/2026\\\/04\\\/28\\\/cae-presunto-homicida-del-joven-ricardo-misael-asesinado-en-febrero-en-culiacan\\\/#primaryimage\"},\"thumbnailUrl\":\"https:\\\/\\\/fuentesfidedignas.com.mx\\\/wp-content\\\/uploads\\\/2026\\\/04\\\/img_8047.jpeg\",\"datePublished\":\"2026-04-28T23:20:52+00:00\",\"breadcrumb\":{\"@id\":\"https:\\\/\\\/fuentesfidedignas.com.mx\\\/index.php\\\/2026\\\/04\\\/28\\\/cae-presunto-homicida-del-joven-ricardo-misael-asesinado-en-febrero-en-culiacan\\\/#breadcrumb\"},\"inLanguage\":\"es\",\"potentialAction\":[{\"@type\":\"ReadAction\",\"target\":[\"https:\\\/\\\/fuentesfidedignas.com.mx\\\/index.php\\\/2026\\\/04\\\/28\\\/cae-presunto-homicida-del-joven-ricardo-misael-asesinado-en-febrero-en-culiacan\\\/\"]}]},{\"@type\":\"ImageObject\",\"inLanguage\":\"es\",\"@id\":\"https:\\\/\\\/fuentesfidedignas.com.mx\\\/index.php\\\/2026\\\/04\\\/28\\\/cae-presunto-homicida-del-joven-ricardo-misael-asesinado-en-febrero-en-culiacan\\\/#primaryimage\",\"url\":\"https:\\\/\\\/fuentesfidedignas.com.mx\\\/wp-content\\\/uploads\\\/2026\\\/04\\\/img_8047.jpeg\",\"contentUrl\":\"https:\\\/\\\/fuentesfidedignas.com.mx\\\/wp-content\\\/uploads\\\/2026\\\/04\\\/img_8047.jpeg\",\"width\":737,\"height\":416},{\"@type\":\"BreadcrumbList\",\"@id\":\"https:\\\/\\\/fuentesfidedignas.com.mx\\\/index.php\\\/2026\\\/04\\\/28\\\/cae-presunto-homicida-del-joven-ricardo-misael-asesinado-en-febrero-en-culiacan\\\/#breadcrumb\",\"itemListElement\":[{\"@type\":\"ListItem\",\"position\":1,\"name\":\"Inicio\",\"item\":\"https:\\\/\\\/fuentesfidedignas.com.mx\\\/\"},{\"@type\":\"ListItem\",\"position\":2,\"name\":\"Cae presunto homicida del joven Ricardo Misael; asesinado en febrero en Culiac\u00e1n\"}]},{\"@type\":\"WebSite\",\"@id\":\"https:\\\/\\\/fuentesfidedignas.com.mx\\\/#website\",\"url\":\"https:\\\/\\\/fuentesfidedignas.com.mx\\\/\",\"name\":\"Fuentes Fidedignas\",\"description\":\"Otro sitio realizado con WordPress\",\"publisher\":{\"@id\":\"https:\\\/\\\/fuentesfidedignas.com.mx\\\/#organization\"},\"potentialAction\":[{\"@type\":\"SearchAction\",\"target\":{\"@type\":\"EntryPoint\",\"urlTemplate\":\"https:\\\/\\\/fuentesfidedignas.com.mx\\\/?s={search_term_string}\"},\"query-input\":{\"@type\":\"PropertyValueSpecification\",\"valueRequired\":true,\"valueName\":\"search_term_string\"}}],\"inLanguage\":\"es\"},{\"@type\":\"Organization\",\"@id\":\"https:\\\/\\\/fuentesfidedignas.com.mx\\\/#organization\",\"name\":\"Fuentes Fidedignas\",\"url\":\"https:\\\/\\\/fuentesfidedignas.com.mx\\\/\",\"logo\":{\"@type\":\"ImageObject\",\"inLanguage\":\"es\",\"@id\":\"https:\\\/\\\/fuentesfidedignas.com.mx\\\/#\\\/schema\\\/logo\\\/image\\\/\",\"url\":\"https:\\\/\\\/fuentesfidedignas.com.mx\\\/wp-content\\\/uploads\\\/2021\\\/04\\\/logo-retina.png\",\"contentUrl\":\"https:\\\/\\\/fuentesfidedignas.com.mx\\\/wp-content\\\/uploads\\\/2021\\\/04\\\/logo-retina.png\",\"width\":280,\"height\":51,\"caption\":\"Fuentes Fidedignas\"},\"image\":{\"@id\":\"https:\\\/\\\/fuentesfidedignas.com.mx\\\/#\\\/schema\\\/logo\\\/image\\\/\"},\"sameAs\":[\"https:\\\/\\\/www.facebook.com\\\/Fuentes-Fidedignas-368234489921644\",\"https:\\\/\\\/x.com\\\/fidedignas\"]},{\"@type\":\"Person\",\"@id\":\"https:\\\/\\\/fuentesfidedignas.com.mx\\\/#\\\/schema\\\/person\\\/331be9283d37198e2acd5750279085b0\",\"name\":\"Redacci\u00f3n\",\"image\":{\"@type\":\"ImageObject\",\"inLanguage\":\"es\",\"@id\":\"https:\\\/\\\/secure.gravatar.com\\\/avatar\\\/f6d8782c11d12b2d4ad3fbb6931aeab5309937a4d6cd2fc9cfaa28a6396a5aec?s=96&d=mm&r=g\",\"url\":\"https:\\\/\\\/secure.gravatar.com\\\/avatar\\\/f6d8782c11d12b2d4ad3fbb6931aeab5309937a4d6cd2fc9cfaa28a6396a5aec?s=96&d=mm&r=g\",\"contentUrl\":\"https:\\\/\\\/secure.gravatar.com\\\/avatar\\\/f6d8782c11d12b2d4ad3fbb6931aeab5309937a4d6cd2fc9cfaa28a6396a5aec?s=96&d=mm&r=g\",\"caption\":\"Redacci\u00f3n\"},\"url\":\"https:\\\/\\\/fuentesfidedignas.com.mx\\\/index.php\\\/author\\\/redaccion\\\/\"}]}<\/script>\n<!-- \/ Yoast SEO plugin. -->","yoast_head_json":{"title":"Cae presunto homicida del joven Ricardo Misael; asesinado en febrero en Culiac\u00e1n - Fuentes Fidedignas","robots":{"index":"index","follow":"follow","max-snippet":"max-snippet:-1","max-image-preview":"max-image-preview:large","max-video-preview":"max-video-preview:-1"},"canonical":"https:\/\/fuentesfidedignas.com.mx\/index.php\/2026\/04\/28\/cae-presunto-homicida-del-joven-ricardo-misael-asesinado-en-febrero-en-culiacan\/","og_locale":"es_MX","og_type":"article","og_title":"Cae presunto homicida del joven Ricardo Misael; asesinado en febrero en Culiac\u00e1n - Fuentes Fidedignas","og_description":"Cumplimenta Fiscal\u00eda de Sinaloa orden de aprehensi\u00f3n contra probable responsable de homicidio calificado Culiac\u00e1n, Sinaloa; 28 de abril de 2026.- La Fiscal\u00eda General del Estado de Sinaloa, a trav\u00e9s de la Unidad Especializada en Aprehensiones (UNESA), ejecut\u00f3 una orden de aprehensi\u00f3n en contra de Jes\u00fas Abraham \u201cN\u201d, de 21 a\u00f1os de edad, por su probable [&hellip;]","og_url":"https:\/\/fuentesfidedignas.com.mx\/index.php\/2026\/04\/28\/cae-presunto-homicida-del-joven-ricardo-misael-asesinado-en-febrero-en-culiacan\/","og_site_name":"Fuentes Fidedignas","article_publisher":"https:\/\/www.facebook.com\/Fuentes-Fidedignas-368234489921644","article_published_time":"2026-04-28T23:20:52+00:00","og_image":[{"width":737,"height":416,"url":"https:\/\/fuentesfidedignas.com.mx\/wp-content\/uploads\/2026\/04\/img_8047.jpeg","type":"image\/jpeg"}],"author":"Redacci\u00f3n","twitter_card":"summary_large_image","twitter_creator":"@fidedignas","twitter_site":"@fidedignas","twitter_misc":{"Escrito por":"Redacci\u00f3n","Tiempo de lectura":"1 minuto"},"schema":{"@context":"https:\/\/schema.org","@graph":[{"@type":"Article","@id":"https:\/\/fuentesfidedignas.com.mx\/index.php\/2026\/04\/28\/cae-presunto-homicida-del-joven-ricardo-misael-asesinado-en-febrero-en-culiacan\/#article","isPartOf":{"@id":"https:\/\/fuentesfidedignas.com.mx\/index.php\/2026\/04\/28\/cae-presunto-homicida-del-joven-ricardo-misael-asesinado-en-febrero-en-culiacan\/"},"author":{"name":"Redacci\u00f3n","@id":"https:\/\/fuentesfidedignas.com.mx\/#\/schema\/person\/331be9283d37198e2acd5750279085b0"},"headline":"Cae presunto homicida del joven Ricardo Misael; asesinado en febrero en Culiac\u00e1n","datePublished":"2026-04-28T23:20:52+00:00","mainEntityOfPage":{"@id":"https:\/\/fuentesfidedignas.com.mx\/index.php\/2026\/04\/28\/cae-presunto-homicida-del-joven-ricardo-misael-asesinado-en-febrero-en-culiacan\/"},"wordCount":209,"publisher":{"@id":"https:\/\/fuentesfidedignas.com.mx\/#organization"},"image":{"@id":"https:\/\/fuentesfidedignas.com.mx\/index.php\/2026\/04\/28\/cae-presunto-homicida-del-joven-ricardo-misael-asesinado-en-febrero-en-culiacan\/#primaryimage"},"thumbnailUrl":"https:\/\/fuentesfidedignas.com.mx\/wp-content\/uploads\/2026\/04\/img_8047.jpeg","articleSection":["NOTA PRINCIPAL"],"inLanguage":"es"},{"@type":"WebPage","@id":"https:\/\/fuentesfidedignas.com.mx\/index.php\/2026\/04\/28\/cae-presunto-homicida-del-joven-ricardo-misael-asesinado-en-febrero-en-culiacan\/","url":"https:\/\/fuentesfidedignas.com.mx\/index.php\/2026\/04\/28\/cae-presunto-homicida-del-joven-ricardo-misael-asesinado-en-febrero-en-culiacan\/","name":"Cae presunto homicida del joven Ricardo Misael; asesinado en febrero en Culiac\u00e1n - Fuentes Fidedignas","isPartOf":{"@id":"https:\/\/fuentesfidedignas.com.mx\/#website"},"primaryImageOfPage":{"@id":"https:\/\/fuentesfidedignas.com.mx\/index.php\/2026\/04\/28\/cae-presunto-homicida-del-joven-ricardo-misael-asesinado-en-febrero-en-culiacan\/#primaryimage"},"image":{"@id":"https:\/\/fuentesfidedignas.com.mx\/index.php\/2026\/04\/28\/cae-presunto-homicida-del-joven-ricardo-misael-asesinado-en-febrero-en-culiacan\/#primaryimage"},"thumbnailUrl":"https:\/\/fuentesfidedignas.com.mx\/wp-content\/uploads\/2026\/04\/img_8047.jpeg","datePublished":"2026-04-28T23:20:52+00:00","breadcrumb":{"@id":"https:\/\/fuentesfidedignas.com.mx\/index.php\/2026\/04\/28\/cae-presunto-homicida-del-joven-ricardo-misael-asesinado-en-febrero-en-culiacan\/#breadcrumb"},"inLanguage":"es","potentialAction":[{"@type":"ReadAction","target":["https:\/\/fuentesfidedignas.com.mx\/index.php\/2026\/04\/28\/cae-presunto-homicida-del-joven-ricardo-misael-asesinado-en-febrero-en-culiacan\/"]}]},{"@type":"ImageObject","inLanguage":"es","@id":"https:\/\/fuentesfidedignas.com.mx\/index.php\/2026\/04\/28\/cae-presunto-homicida-del-joven-ricardo-misael-asesinado-en-febrero-en-culiacan\/#primaryimage","url":"https:\/\/fuentesfidedignas.com.mx\/wp-content\/uploads\/2026\/04\/img_8047.jpeg","contentUrl":"https:\/\/fuentesfidedignas.com.mx\/wp-content\/uploads\/2026\/04\/img_8047.jpeg","width":737,"height":416},{"@type":"BreadcrumbList","@id":"https:\/\/fuentesfidedignas.com.mx\/index.php\/2026\/04\/28\/cae-presunto-homicida-del-joven-ricardo-misael-asesinado-en-febrero-en-culiacan\/#breadcrumb","itemListElement":[{"@type":"ListItem","position":1,"name":"Inicio","item":"https:\/\/fuentesfidedignas.com.mx\/"},{"@type":"ListItem","position":2,"name":"Cae presunto homicida del joven Ricardo Misael; asesinado en febrero en Culiac\u00e1n"}]},{"@type":"WebSite","@id":"https:\/\/fuentesfidedignas.com.mx\/#website","url":"https:\/\/fuentesfidedignas.com.mx\/","name":"Fuentes Fidedignas","description":"Otro sitio realizado con WordPress","publisher":{"@id":"https:\/\/fuentesfidedignas.com.mx\/#organization"},"potentialAction":[{"@type":"SearchAction","target":{"@type":"EntryPoint","urlTemplate":"https:\/\/fuentesfidedignas.com.mx\/?s={search_term_string}"},"query-input":{"@type":"PropertyValueSpecification","valueRequired":true,"valueName":"search_term_string"}}],"inLanguage":"es"},{"@type":"Organization","@id":"https:\/\/fuentesfidedignas.com.mx\/#organization","name":"Fuentes Fidedignas","url":"https:\/\/fuentesfidedignas.com.mx\/","logo":{"@type":"ImageObject","inLanguage":"es","@id":"https:\/\/fuentesfidedignas.com.mx\/#\/schema\/logo\/image\/","url":"https:\/\/fuentesfidedignas.com.mx\/wp-content\/uploads\/2021\/04\/logo-retina.png","contentUrl":"https:\/\/fuentesfidedignas.com.mx\/wp-content\/uploads\/2021\/04\/logo-retina.png","width":280,"height":51,"caption":"Fuentes Fidedignas"},"image":{"@id":"https:\/\/fuentesfidedignas.com.mx\/#\/schema\/logo\/image\/"},"sameAs":["https:\/\/www.facebook.com\/Fuentes-Fidedignas-368234489921644","https:\/\/x.com\/fidedignas"]},{"@type":"Person","@id":"https:\/\/fuentesfidedignas.com.mx\/#\/schema\/person\/331be9283d37198e2acd5750279085b0","name":"Redacci\u00f3n","image":{"@type":"ImageObject","inLanguage":"es","@id":"https:\/\/secure.gravatar.com\/avatar\/f6d8782c11d12b2d4ad3fbb6931aeab5309937a4d6cd2fc9cfaa28a6396a5aec?s=96&d=mm&r=g","url":"https:\/\/secure.gravatar.com\/avatar\/f6d8782c11d12b2d4ad3fbb6931aeab5309937a4d6cd2fc9cfaa28a6396a5aec?s=96&d=mm&r=g","contentUrl":"https:\/\/secure.gravatar.com\/avatar\/f6d8782c11d12b2d4ad3fbb6931aeab5309937a4d6cd2fc9cfaa28a6396a5aec?s=96&d=mm&r=g","caption":"Redacci\u00f3n"},"url":"https:\/\/fuentesfidedignas.com.mx\/index.php\/author\/redaccion\/"}]}},"_links":{"self":[{"href":"https:\/\/fuentesfidedignas.com.mx\/index.php\/wp-json\/wp\/v2\/posts\/132471","targetHints":{"allow":["GET"]}}],"collection":[{"href":"https:\/\/fuentesfidedignas.com.mx\/index.php\/wp-json\/wp\/v2\/posts"}],"about":[{"href":"https:\/\/fuentesfidedignas.com.mx\/index.php\/wp-json\/wp\/v2\/types\/post"}],"author":[{"embeddable":true,"href":"https:\/\/fuentesfidedignas.com.mx\/index.php\/wp-json\/wp\/v2\/users\/4"}],"replies":[{"embeddable":true,"href":"https:\/\/fuentesfidedignas.com.mx\/index.php\/wp-json\/wp\/v2\/comments?post=132471"}],"version-history":[{"count":1,"href":"https:\/\/fuentesfidedignas.com.mx\/index.php\/wp-json\/wp\/v2\/posts\/132471\/revisions"}],"predecessor-version":[{"id":132472,"href":"https:\/\/fuentesfidedignas.com.mx\/index.php\/wp-json\/wp\/v2\/posts\/132471\/revisions\/132472"}],"wp:featuredmedia":[{"embeddable":true,"href":"https:\/\/fuentesfidedignas.com.mx\/index.php\/wp-json\/wp\/v2\/media\/132470"}],"wp:attachment":[{"href":"https:\/\/fuentesfidedignas.com.mx\/index.php\/wp-json\/wp\/v2\/media?parent=132471"}],"wp:term":[{"taxonomy":"category","embeddable":true,"href":"https:\/\/fuentesfidedignas.com.mx\/index.php\/wp-json\/wp\/v2\/categories?post=132471"},{"taxonomy":"post_tag","embeddable":true,"href":"https:\/\/fuentesfidedignas.com.mx\/index.php\/wp-json\/wp\/v2\/tags?post=132471"}],"curies":[{"name":"wp","href":"https:\/\/api.w.org\/{rel}","templated":true}]}}