{"id":132468,"date":"2026-04-28T15:49:58","date_gmt":"2026-04-28T22:49:58","guid":{"rendered":"https:\/\/fuentesfidedignas.com.mx\/?p=132468"},"modified":"2026-04-28T15:49:58","modified_gmt":"2026-04-28T22:49:58","slug":"llaman-a-acopiadoras-a-agilizar-proceso-de-programas-de-apoyos-para-el-maiz","status":"publish","type":"post","link":"https:\/\/fuentesfidedignas.com.mx\/index.php\/2026\/04\/28\/llaman-a-acopiadoras-a-agilizar-proceso-de-programas-de-apoyos-para-el-maiz\/","title":{"rendered":"Llaman a acopiadoras a agilizar proceso de programas de apoyos para el ma\u00edz"},"content":{"rendered":"\n<p><\/p>\n\n\n\n<p><em>\u2022 Ismael Bello Esquivel y funcionarios de SADER se re\u00fanen con empresas bodegueras para afinar detalles de la comercializaci\u00f3n de la presente cosecha<\/em><\/p>\n\n\n\n<p>Culiac\u00e1n, Sin.- El Secretario de Agricultura y Ganader\u00eda, Ismael Bello Esquivel y funcionarios de la SADER, sostuvieron una reuni\u00f3n con empresas bodegueras y compradoras de grano, con la finalidad de agilizar y concretar todo lo relacionado a la recepci\u00f3n y comercializaci\u00f3n de ma\u00edz del ciclo oto\u00f1o-invierno 2025-2026.<\/p>\n\n\n\n<p>Junto con Jos\u00e9 Adolfo Zepeda Zepeda, Director General de Precios y Ordenamiento Comercial y Valor Agregado y Ulises Pi\u00f1a Ferra, Director General de Precios y Ordenamiento de la SADER afinaron detalles inherentes a la mec\u00e1nica operativa del programa federal del ma\u00edz, tendiente en todo momento a que los productores sinaloenses encuentren las facilidades necesarias durante los procesos de entrega recepci\u00f3n del grano.<\/p>\n\n\n\n<p>Bello Esquivel, acompa\u00f1ado tambi\u00e9n del delegado de la SADER en Sinaloa, Jes\u00fas Vega Acu\u00f1a y Eduardo L\u00f3pez Burgos, Secretario T\u00e9cnico de la SAyG, conminaron a las empresas bodegueras a cerrar los contratos de comercializaci\u00f3n con los 25 mil 500 productores sinaloenses, para que el proceso de pago de la cosecha de las 350 mil hect\u00e1reas registradas de ma\u00edz se d\u00e9 de manera expedita.<\/p>\n\n\n\n<p>El Secretario de Agricultura precis\u00f3 que siguiendo las indicaciones de la Presidenta Claudia Sheinbaum Pardo y del Gobernador Rub\u00e9n Rocha Moya, se mantiene una estrecha coordinaci\u00f3n entre ambos gobiernos, para que la agilizaci\u00f3n de los tr\u00e1mites y los procesos de comercializaci\u00f3n, se mantengan sin contratiempos, despu\u00e9s de los acuerdos alcanzados de otorgar a los productores el apoyo extraordinario de los mil 300 pesos por parte de la Federaci\u00f3n y de los 400 pesos por parte del Gobierno del Estado, para concretar un precio final de 6 mil pesos por tonelada para el ma\u00edz.<\/p>\n\n\n\n<p>Bello Esquivel manifest\u00f3 que esta reuni\u00f3n con las empresas bodegueras, que ser\u00e1n habilitadas como ventanillas para los pagos correspondientes a los productores, es un gran avance, porque los recursos a dispersar por parte de la Federaci\u00f3n y por primera vez por el Estado, se pretende que sea en el menor tiempo posible, para beneficio de todo el sector agr\u00edcola sinaloense.<\/p>\n","protected":false},"excerpt":{"rendered":"<p>\u2022 Ismael Bello Esquivel y funcionarios de SADER se re\u00fanen con empresas bodegueras para afinar detalles de la comercializaci\u00f3n de la presente cosecha Culiac\u00e1n, Sin.- El Secretario de Agricultura y Ganader\u00eda, Ismael Bello Esquivel y funcionarios de la SADER, sostuvieron una reuni\u00f3n con empresas bodegueras y compradoras de grano, con la finalidad de agilizar y [&hellip;]<\/p>\n","protected":false},"author":4,"featured_media":114076,"comment_status":"closed","ping_status":"open","sticky":false,"template":"","format":"standard","meta":{"tdm_status":"","tdm_grid_status":"","footnotes":""},"categories":[38],"tags":[],"class_list":{"0":"post-132468","1":"post","2":"type-post","3":"status-publish","4":"format-standard","5":"has-post-thumbnail","7":"category-noticias-locales"},"yoast_head":"<!-- This site is optimized with the Yoast SEO plugin v27.5 - https:\/\/yoast.com\/product\/yoast-seo-wordpress\/ -->\n<title>Llaman a acopiadoras a agilizar proceso de programas de apoyos para el ma\u00edz - Fuentes Fidedignas<\/title>\n<meta name=\"robots\" content=\"index, follow, max-snippet:-1, max-image-preview:large, max-video-preview:-1\" \/>\n<link rel=\"canonical\" href=\"https:\/\/fuentesfidedignas.com.mx\/index.php\/2026\/04\/28\/llaman-a-acopiadoras-a-agilizar-proceso-de-programas-de-apoyos-para-el-maiz\/\" \/>\n<meta property=\"og:locale\" content=\"es_MX\" \/>\n<meta property=\"og:type\" content=\"article\" \/>\n<meta property=\"og:title\" content=\"Llaman a acopiadoras a agilizar proceso de programas de apoyos para el ma\u00edz - Fuentes Fidedignas\" \/>\n<meta property=\"og:description\" content=\"\u2022 Ismael Bello Esquivel y funcionarios de SADER se re\u00fanen con empresas bodegueras para afinar detalles de la comercializaci\u00f3n de la presente cosecha Culiac\u00e1n, Sin.- El Secretario de Agricultura y Ganader\u00eda, Ismael Bello Esquivel y funcionarios de la SADER, sostuvieron una reuni\u00f3n con empresas bodegueras y compradoras de grano, con la finalidad de agilizar y [&hellip;]\" \/>\n<meta property=\"og:url\" content=\"https:\/\/fuentesfidedignas.com.mx\/index.php\/2026\/04\/28\/llaman-a-acopiadoras-a-agilizar-proceso-de-programas-de-apoyos-para-el-maiz\/\" \/>\n<meta property=\"og:site_name\" content=\"Fuentes Fidedignas\" \/>\n<meta property=\"article:publisher\" content=\"https:\/\/www.facebook.com\/Fuentes-Fidedignas-368234489921644\" \/>\n<meta property=\"article:published_time\" content=\"2026-04-28T22:49:58+00:00\" \/>\n<meta property=\"og:image\" content=\"https:\/\/fuentesfidedignas.com.mx\/wp-content\/uploads\/2025\/08\/granos-de-maiz.jpeg\" \/>\n\t<meta property=\"og:image:width\" content=\"500\" \/>\n\t<meta property=\"og:image:height\" content=\"375\" \/>\n\t<meta property=\"og:image:type\" content=\"image\/jpeg\" \/>\n<meta name=\"author\" content=\"Redacci\u00f3n\" \/>\n<meta name=\"twitter:card\" content=\"summary_large_image\" \/>\n<meta name=\"twitter:creator\" content=\"@fidedignas\" \/>\n<meta name=\"twitter:site\" content=\"@fidedignas\" \/>\n<meta name=\"twitter:label1\" content=\"Escrito por\" \/>\n\t<meta name=\"twitter:data1\" content=\"Redacci\u00f3n\" \/>\n\t<meta name=\"twitter:label2\" content=\"Tiempo de lectura\" \/>\n\t<meta name=\"twitter:data2\" content=\"2 minutos\" \/>\n<script type=\"application\/ld+json\" class=\"yoast-schema-graph\">{\"@context\":\"https:\\\/\\\/schema.org\",\"@graph\":[{\"@type\":\"Article\",\"@id\":\"https:\\\/\\\/fuentesfidedignas.com.mx\\\/index.php\\\/2026\\\/04\\\/28\\\/llaman-a-acopiadoras-a-agilizar-proceso-de-programas-de-apoyos-para-el-maiz\\\/#article\",\"isPartOf\":{\"@id\":\"https:\\\/\\\/fuentesfidedignas.com.mx\\\/index.php\\\/2026\\\/04\\\/28\\\/llaman-a-acopiadoras-a-agilizar-proceso-de-programas-de-apoyos-para-el-maiz\\\/\"},\"author\":{\"name\":\"Redacci\u00f3n\",\"@id\":\"https:\\\/\\\/fuentesfidedignas.com.mx\\\/#\\\/schema\\\/person\\\/331be9283d37198e2acd5750279085b0\"},\"headline\":\"Llaman a acopiadoras a agilizar proceso de programas de apoyos para el ma\u00edz\",\"datePublished\":\"2026-04-28T22:49:58+00:00\",\"mainEntityOfPage\":{\"@id\":\"https:\\\/\\\/fuentesfidedignas.com.mx\\\/index.php\\\/2026\\\/04\\\/28\\\/llaman-a-acopiadoras-a-agilizar-proceso-de-programas-de-apoyos-para-el-maiz\\\/\"},\"wordCount\":390,\"publisher\":{\"@id\":\"https:\\\/\\\/fuentesfidedignas.com.mx\\\/#organization\"},\"image\":{\"@id\":\"https:\\\/\\\/fuentesfidedignas.com.mx\\\/index.php\\\/2026\\\/04\\\/28\\\/llaman-a-acopiadoras-a-agilizar-proceso-de-programas-de-apoyos-para-el-maiz\\\/#primaryimage\"},\"thumbnailUrl\":\"https:\\\/\\\/fuentesfidedignas.com.mx\\\/wp-content\\\/uploads\\\/2025\\\/08\\\/granos-de-maiz.jpeg\",\"articleSection\":[\"NOTICIAS LOCALES\"],\"inLanguage\":\"es\"},{\"@type\":\"WebPage\",\"@id\":\"https:\\\/\\\/fuentesfidedignas.com.mx\\\/index.php\\\/2026\\\/04\\\/28\\\/llaman-a-acopiadoras-a-agilizar-proceso-de-programas-de-apoyos-para-el-maiz\\\/\",\"url\":\"https:\\\/\\\/fuentesfidedignas.com.mx\\\/index.php\\\/2026\\\/04\\\/28\\\/llaman-a-acopiadoras-a-agilizar-proceso-de-programas-de-apoyos-para-el-maiz\\\/\",\"name\":\"Llaman a acopiadoras a agilizar proceso de programas de apoyos para el ma\u00edz - Fuentes Fidedignas\",\"isPartOf\":{\"@id\":\"https:\\\/\\\/fuentesfidedignas.com.mx\\\/#website\"},\"primaryImageOfPage\":{\"@id\":\"https:\\\/\\\/fuentesfidedignas.com.mx\\\/index.php\\\/2026\\\/04\\\/28\\\/llaman-a-acopiadoras-a-agilizar-proceso-de-programas-de-apoyos-para-el-maiz\\\/#primaryimage\"},\"image\":{\"@id\":\"https:\\\/\\\/fuentesfidedignas.com.mx\\\/index.php\\\/2026\\\/04\\\/28\\\/llaman-a-acopiadoras-a-agilizar-proceso-de-programas-de-apoyos-para-el-maiz\\\/#primaryimage\"},\"thumbnailUrl\":\"https:\\\/\\\/fuentesfidedignas.com.mx\\\/wp-content\\\/uploads\\\/2025\\\/08\\\/granos-de-maiz.jpeg\",\"datePublished\":\"2026-04-28T22:49:58+00:00\",\"breadcrumb\":{\"@id\":\"https:\\\/\\\/fuentesfidedignas.com.mx\\\/index.php\\\/2026\\\/04\\\/28\\\/llaman-a-acopiadoras-a-agilizar-proceso-de-programas-de-apoyos-para-el-maiz\\\/#breadcrumb\"},\"inLanguage\":\"es\",\"potentialAction\":[{\"@type\":\"ReadAction\",\"target\":[\"https:\\\/\\\/fuentesfidedignas.com.mx\\\/index.php\\\/2026\\\/04\\\/28\\\/llaman-a-acopiadoras-a-agilizar-proceso-de-programas-de-apoyos-para-el-maiz\\\/\"]}]},{\"@type\":\"ImageObject\",\"inLanguage\":\"es\",\"@id\":\"https:\\\/\\\/fuentesfidedignas.com.mx\\\/index.php\\\/2026\\\/04\\\/28\\\/llaman-a-acopiadoras-a-agilizar-proceso-de-programas-de-apoyos-para-el-maiz\\\/#primaryimage\",\"url\":\"https:\\\/\\\/fuentesfidedignas.com.mx\\\/wp-content\\\/uploads\\\/2025\\\/08\\\/granos-de-maiz.jpeg\",\"contentUrl\":\"https:\\\/\\\/fuentesfidedignas.com.mx\\\/wp-content\\\/uploads\\\/2025\\\/08\\\/granos-de-maiz.jpeg\",\"width\":500,\"height\":375},{\"@type\":\"BreadcrumbList\",\"@id\":\"https:\\\/\\\/fuentesfidedignas.com.mx\\\/index.php\\\/2026\\\/04\\\/28\\\/llaman-a-acopiadoras-a-agilizar-proceso-de-programas-de-apoyos-para-el-maiz\\\/#breadcrumb\",\"itemListElement\":[{\"@type\":\"ListItem\",\"position\":1,\"name\":\"Inicio\",\"item\":\"https:\\\/\\\/fuentesfidedignas.com.mx\\\/\"},{\"@type\":\"ListItem\",\"position\":2,\"name\":\"Llaman a acopiadoras a agilizar proceso de programas de apoyos para el ma\u00edz\"}]},{\"@type\":\"WebSite\",\"@id\":\"https:\\\/\\\/fuentesfidedignas.com.mx\\\/#website\",\"url\":\"https:\\\/\\\/fuentesfidedignas.com.mx\\\/\",\"name\":\"Fuentes Fidedignas\",\"description\":\"Otro sitio realizado con WordPress\",\"publisher\":{\"@id\":\"https:\\\/\\\/fuentesfidedignas.com.mx\\\/#organization\"},\"potentialAction\":[{\"@type\":\"SearchAction\",\"target\":{\"@type\":\"EntryPoint\",\"urlTemplate\":\"https:\\\/\\\/fuentesfidedignas.com.mx\\\/?s={search_term_string}\"},\"query-input\":{\"@type\":\"PropertyValueSpecification\",\"valueRequired\":true,\"valueName\":\"search_term_string\"}}],\"inLanguage\":\"es\"},{\"@type\":\"Organization\",\"@id\":\"https:\\\/\\\/fuentesfidedignas.com.mx\\\/#organization\",\"name\":\"Fuentes Fidedignas\",\"url\":\"https:\\\/\\\/fuentesfidedignas.com.mx\\\/\",\"logo\":{\"@type\":\"ImageObject\",\"inLanguage\":\"es\",\"@id\":\"https:\\\/\\\/fuentesfidedignas.com.mx\\\/#\\\/schema\\\/logo\\\/image\\\/\",\"url\":\"https:\\\/\\\/fuentesfidedignas.com.mx\\\/wp-content\\\/uploads\\\/2021\\\/04\\\/logo-retina.png\",\"contentUrl\":\"https:\\\/\\\/fuentesfidedignas.com.mx\\\/wp-content\\\/uploads\\\/2021\\\/04\\\/logo-retina.png\",\"width\":280,\"height\":51,\"caption\":\"Fuentes Fidedignas\"},\"image\":{\"@id\":\"https:\\\/\\\/fuentesfidedignas.com.mx\\\/#\\\/schema\\\/logo\\\/image\\\/\"},\"sameAs\":[\"https:\\\/\\\/www.facebook.com\\\/Fuentes-Fidedignas-368234489921644\",\"https:\\\/\\\/x.com\\\/fidedignas\"]},{\"@type\":\"Person\",\"@id\":\"https:\\\/\\\/fuentesfidedignas.com.mx\\\/#\\\/schema\\\/person\\\/331be9283d37198e2acd5750279085b0\",\"name\":\"Redacci\u00f3n\",\"image\":{\"@type\":\"ImageObject\",\"inLanguage\":\"es\",\"@id\":\"https:\\\/\\\/secure.gravatar.com\\\/avatar\\\/f6d8782c11d12b2d4ad3fbb6931aeab5309937a4d6cd2fc9cfaa28a6396a5aec?s=96&d=mm&r=g\",\"url\":\"https:\\\/\\\/secure.gravatar.com\\\/avatar\\\/f6d8782c11d12b2d4ad3fbb6931aeab5309937a4d6cd2fc9cfaa28a6396a5aec?s=96&d=mm&r=g\",\"contentUrl\":\"https:\\\/\\\/secure.gravatar.com\\\/avatar\\\/f6d8782c11d12b2d4ad3fbb6931aeab5309937a4d6cd2fc9cfaa28a6396a5aec?s=96&d=mm&r=g\",\"caption\":\"Redacci\u00f3n\"},\"url\":\"https:\\\/\\\/fuentesfidedignas.com.mx\\\/index.php\\\/author\\\/redaccion\\\/\"}]}<\/script>\n<!-- \/ Yoast SEO plugin. -->","yoast_head_json":{"title":"Llaman a acopiadoras a agilizar proceso de programas de apoyos para el ma\u00edz - Fuentes Fidedignas","robots":{"index":"index","follow":"follow","max-snippet":"max-snippet:-1","max-image-preview":"max-image-preview:large","max-video-preview":"max-video-preview:-1"},"canonical":"https:\/\/fuentesfidedignas.com.mx\/index.php\/2026\/04\/28\/llaman-a-acopiadoras-a-agilizar-proceso-de-programas-de-apoyos-para-el-maiz\/","og_locale":"es_MX","og_type":"article","og_title":"Llaman a acopiadoras a agilizar proceso de programas de apoyos para el ma\u00edz - Fuentes Fidedignas","og_description":"\u2022 Ismael Bello Esquivel y funcionarios de SADER se re\u00fanen con empresas bodegueras para afinar detalles de la comercializaci\u00f3n de la presente cosecha Culiac\u00e1n, Sin.- El Secretario de Agricultura y Ganader\u00eda, Ismael Bello Esquivel y funcionarios de la SADER, sostuvieron una reuni\u00f3n con empresas bodegueras y compradoras de grano, con la finalidad de agilizar y [&hellip;]","og_url":"https:\/\/fuentesfidedignas.com.mx\/index.php\/2026\/04\/28\/llaman-a-acopiadoras-a-agilizar-proceso-de-programas-de-apoyos-para-el-maiz\/","og_site_name":"Fuentes Fidedignas","article_publisher":"https:\/\/www.facebook.com\/Fuentes-Fidedignas-368234489921644","article_published_time":"2026-04-28T22:49:58+00:00","og_image":[{"width":500,"height":375,"url":"https:\/\/fuentesfidedignas.com.mx\/wp-content\/uploads\/2025\/08\/granos-de-maiz.jpeg","type":"image\/jpeg"}],"author":"Redacci\u00f3n","twitter_card":"summary_large_image","twitter_creator":"@fidedignas","twitter_site":"@fidedignas","twitter_misc":{"Escrito por":"Redacci\u00f3n","Tiempo de lectura":"2 minutos"},"schema":{"@context":"https:\/\/schema.org","@graph":[{"@type":"Article","@id":"https:\/\/fuentesfidedignas.com.mx\/index.php\/2026\/04\/28\/llaman-a-acopiadoras-a-agilizar-proceso-de-programas-de-apoyos-para-el-maiz\/#article","isPartOf":{"@id":"https:\/\/fuentesfidedignas.com.mx\/index.php\/2026\/04\/28\/llaman-a-acopiadoras-a-agilizar-proceso-de-programas-de-apoyos-para-el-maiz\/"},"author":{"name":"Redacci\u00f3n","@id":"https:\/\/fuentesfidedignas.com.mx\/#\/schema\/person\/331be9283d37198e2acd5750279085b0"},"headline":"Llaman a acopiadoras a agilizar proceso de programas de apoyos para el ma\u00edz","datePublished":"2026-04-28T22:49:58+00:00","mainEntityOfPage":{"@id":"https:\/\/fuentesfidedignas.com.mx\/index.php\/2026\/04\/28\/llaman-a-acopiadoras-a-agilizar-proceso-de-programas-de-apoyos-para-el-maiz\/"},"wordCount":390,"publisher":{"@id":"https:\/\/fuentesfidedignas.com.mx\/#organization"},"image":{"@id":"https:\/\/fuentesfidedignas.com.mx\/index.php\/2026\/04\/28\/llaman-a-acopiadoras-a-agilizar-proceso-de-programas-de-apoyos-para-el-maiz\/#primaryimage"},"thumbnailUrl":"https:\/\/fuentesfidedignas.com.mx\/wp-content\/uploads\/2025\/08\/granos-de-maiz.jpeg","articleSection":["NOTICIAS LOCALES"],"inLanguage":"es"},{"@type":"WebPage","@id":"https:\/\/fuentesfidedignas.com.mx\/index.php\/2026\/04\/28\/llaman-a-acopiadoras-a-agilizar-proceso-de-programas-de-apoyos-para-el-maiz\/","url":"https:\/\/fuentesfidedignas.com.mx\/index.php\/2026\/04\/28\/llaman-a-acopiadoras-a-agilizar-proceso-de-programas-de-apoyos-para-el-maiz\/","name":"Llaman a acopiadoras a agilizar proceso de programas de apoyos para el ma\u00edz - Fuentes Fidedignas","isPartOf":{"@id":"https:\/\/fuentesfidedignas.com.mx\/#website"},"primaryImageOfPage":{"@id":"https:\/\/fuentesfidedignas.com.mx\/index.php\/2026\/04\/28\/llaman-a-acopiadoras-a-agilizar-proceso-de-programas-de-apoyos-para-el-maiz\/#primaryimage"},"image":{"@id":"https:\/\/fuentesfidedignas.com.mx\/index.php\/2026\/04\/28\/llaman-a-acopiadoras-a-agilizar-proceso-de-programas-de-apoyos-para-el-maiz\/#primaryimage"},"thumbnailUrl":"https:\/\/fuentesfidedignas.com.mx\/wp-content\/uploads\/2025\/08\/granos-de-maiz.jpeg","datePublished":"2026-04-28T22:49:58+00:00","breadcrumb":{"@id":"https:\/\/fuentesfidedignas.com.mx\/index.php\/2026\/04\/28\/llaman-a-acopiadoras-a-agilizar-proceso-de-programas-de-apoyos-para-el-maiz\/#breadcrumb"},"inLanguage":"es","potentialAction":[{"@type":"ReadAction","target":["https:\/\/fuentesfidedignas.com.mx\/index.php\/2026\/04\/28\/llaman-a-acopiadoras-a-agilizar-proceso-de-programas-de-apoyos-para-el-maiz\/"]}]},{"@type":"ImageObject","inLanguage":"es","@id":"https:\/\/fuentesfidedignas.com.mx\/index.php\/2026\/04\/28\/llaman-a-acopiadoras-a-agilizar-proceso-de-programas-de-apoyos-para-el-maiz\/#primaryimage","url":"https:\/\/fuentesfidedignas.com.mx\/wp-content\/uploads\/2025\/08\/granos-de-maiz.jpeg","contentUrl":"https:\/\/fuentesfidedignas.com.mx\/wp-content\/uploads\/2025\/08\/granos-de-maiz.jpeg","width":500,"height":375},{"@type":"BreadcrumbList","@id":"https:\/\/fuentesfidedignas.com.mx\/index.php\/2026\/04\/28\/llaman-a-acopiadoras-a-agilizar-proceso-de-programas-de-apoyos-para-el-maiz\/#breadcrumb","itemListElement":[{"@type":"ListItem","position":1,"name":"Inicio","item":"https:\/\/fuentesfidedignas.com.mx\/"},{"@type":"ListItem","position":2,"name":"Llaman a acopiadoras a agilizar proceso de programas de apoyos para el ma\u00edz"}]},{"@type":"WebSite","@id":"https:\/\/fuentesfidedignas.com.mx\/#website","url":"https:\/\/fuentesfidedignas.com.mx\/","name":"Fuentes Fidedignas","description":"Otro sitio realizado con WordPress","publisher":{"@id":"https:\/\/fuentesfidedignas.com.mx\/#organization"},"potentialAction":[{"@type":"SearchAction","target":{"@type":"EntryPoint","urlTemplate":"https:\/\/fuentesfidedignas.com.mx\/?s={search_term_string}"},"query-input":{"@type":"PropertyValueSpecification","valueRequired":true,"valueName":"search_term_string"}}],"inLanguage":"es"},{"@type":"Organization","@id":"https:\/\/fuentesfidedignas.com.mx\/#organization","name":"Fuentes Fidedignas","url":"https:\/\/fuentesfidedignas.com.mx\/","logo":{"@type":"ImageObject","inLanguage":"es","@id":"https:\/\/fuentesfidedignas.com.mx\/#\/schema\/logo\/image\/","url":"https:\/\/fuentesfidedignas.com.mx\/wp-content\/uploads\/2021\/04\/logo-retina.png","contentUrl":"https:\/\/fuentesfidedignas.com.mx\/wp-content\/uploads\/2021\/04\/logo-retina.png","width":280,"height":51,"caption":"Fuentes Fidedignas"},"image":{"@id":"https:\/\/fuentesfidedignas.com.mx\/#\/schema\/logo\/image\/"},"sameAs":["https:\/\/www.facebook.com\/Fuentes-Fidedignas-368234489921644","https:\/\/x.com\/fidedignas"]},{"@type":"Person","@id":"https:\/\/fuentesfidedignas.com.mx\/#\/schema\/person\/331be9283d37198e2acd5750279085b0","name":"Redacci\u00f3n","image":{"@type":"ImageObject","inLanguage":"es","@id":"https:\/\/secure.gravatar.com\/avatar\/f6d8782c11d12b2d4ad3fbb6931aeab5309937a4d6cd2fc9cfaa28a6396a5aec?s=96&d=mm&r=g","url":"https:\/\/secure.gravatar.com\/avatar\/f6d8782c11d12b2d4ad3fbb6931aeab5309937a4d6cd2fc9cfaa28a6396a5aec?s=96&d=mm&r=g","contentUrl":"https:\/\/secure.gravatar.com\/avatar\/f6d8782c11d12b2d4ad3fbb6931aeab5309937a4d6cd2fc9cfaa28a6396a5aec?s=96&d=mm&r=g","caption":"Redacci\u00f3n"},"url":"https:\/\/fuentesfidedignas.com.mx\/index.php\/author\/redaccion\/"}]}},"_links":{"self":[{"href":"https:\/\/fuentesfidedignas.com.mx\/index.php\/wp-json\/wp\/v2\/posts\/132468","targetHints":{"allow":["GET"]}}],"collection":[{"href":"https:\/\/fuentesfidedignas.com.mx\/index.php\/wp-json\/wp\/v2\/posts"}],"about":[{"href":"https:\/\/fuentesfidedignas.com.mx\/index.php\/wp-json\/wp\/v2\/types\/post"}],"author":[{"embeddable":true,"href":"https:\/\/fuentesfidedignas.com.mx\/index.php\/wp-json\/wp\/v2\/users\/4"}],"replies":[{"embeddable":true,"href":"https:\/\/fuentesfidedignas.com.mx\/index.php\/wp-json\/wp\/v2\/comments?post=132468"}],"version-history":[{"count":1,"href":"https:\/\/fuentesfidedignas.com.mx\/index.php\/wp-json\/wp\/v2\/posts\/132468\/revisions"}],"predecessor-version":[{"id":132469,"href":"https:\/\/fuentesfidedignas.com.mx\/index.php\/wp-json\/wp\/v2\/posts\/132468\/revisions\/132469"}],"wp:featuredmedia":[{"embeddable":true,"href":"https:\/\/fuentesfidedignas.com.mx\/index.php\/wp-json\/wp\/v2\/media\/114076"}],"wp:attachment":[{"href":"https:\/\/fuentesfidedignas.com.mx\/index.php\/wp-json\/wp\/v2\/media?parent=132468"}],"wp:term":[{"taxonomy":"category","embeddable":true,"href":"https:\/\/fuentesfidedignas.com.mx\/index.php\/wp-json\/wp\/v2\/categories?post=132468"},{"taxonomy":"post_tag","embeddable":true,"href":"https:\/\/fuentesfidedignas.com.mx\/index.php\/wp-json\/wp\/v2\/tags?post=132468"}],"curies":[{"name":"wp","href":"https:\/\/api.w.org\/{rel}","templated":true}]}}