{"id":132465,"date":"2026-04-28T15:34:02","date_gmt":"2026-04-28T22:34:02","guid":{"rendered":"https:\/\/fuentesfidedignas.com.mx\/?p=132465"},"modified":"2026-04-28T15:34:02","modified_gmt":"2026-04-28T22:34:02","slug":"roxana-rubio-encabeza-preferencias-internas-del-pan-rumbo-a-2027-en-sinaloa","status":"publish","type":"post","link":"https:\/\/fuentesfidedignas.com.mx\/index.php\/2026\/04\/28\/roxana-rubio-encabeza-preferencias-internas-del-pan-rumbo-a-2027-en-sinaloa\/","title":{"rendered":"Roxana Rubio encabeza preferencias internas del PAN rumbo a 2027 en Sinaloa"},"content":{"rendered":"\n<p><\/p>\n\n\n\n<p>Culiac\u00e1n, Sinaloa.- La diputada Roxana Rubio Valdez se posiciona como la principal figura del Partido Acci\u00f3n Nacional (PAN) rumbo al proceso electoral de 2027 en Sinaloa, de acuerdo con la m\u00e1s reciente medici\u00f3n de intenci\u00f3n de voto presentada por FactoM\u00e9trica en abril de 2026.<\/p>\n\n\n\n<p>Seg\u00fan el estudio, Rubio Valdez lidera las preferencias internas del PAN con un 26.7%, coloc\u00e1ndose al frente de su partido en un escenario donde la oposici\u00f3n busca consolidar perfiles competitivos. Este posicionamiento la perfila como una de las cartas m\u00e1s fuertes del panismo en la entidad, en medio de un contexto pol\u00edtico donde a\u00fan existe un importante porcentaje del electorado sin definir su voto.<\/p>\n\n\n\n<figure class=\"wp-block-image size-large\"><img decoding=\"async\" width=\"241\" height=\"300\" src=\"https:\/\/fuentesfidedignas.com.mx\/wp-content\/uploads\/2026\/04\/58491cd7-470b-4963-b552-96a82012af61-241x300.jpeg\" class=\"wp-image-132464\" srcset=\"https:\/\/fuentesfidedignas.com.mx\/wp-content\/uploads\/2026\/04\/58491cd7-470b-4963-b552-96a82012af61-241x300.jpeg 241w, https:\/\/fuentesfidedignas.com.mx\/wp-content\/uploads\/2026\/04\/58491cd7-470b-4963-b552-96a82012af61-768x956.jpeg 768w, https:\/\/fuentesfidedignas.com.mx\/wp-content\/uploads\/2026\/04\/58491cd7-470b-4963-b552-96a82012af61-337x420.jpeg 337w, https:\/\/fuentesfidedignas.com.mx\/wp-content\/uploads\/2026\/04\/58491cd7-470b-4963-b552-96a82012af61-675x840.jpeg 675w, https:\/\/fuentesfidedignas.com.mx\/wp-content\/uploads\/2026\/04\/58491cd7-470b-4963-b552-96a82012af61-300x374.jpeg 300w, https:\/\/fuentesfidedignas.com.mx\/wp-content\/uploads\/2026\/04\/58491cd7-470b-4963-b552-96a82012af61-600x747.jpeg 600w, https:\/\/fuentesfidedignas.com.mx\/wp-content\/uploads\/2026\/04\/58491cd7-470b-4963-b552-96a82012af61-696x867.jpeg 696w, https:\/\/fuentesfidedignas.com.mx\/wp-content\/uploads\/2026\/04\/58491cd7-470b-4963-b552-96a82012af61.jpeg 771w\" sizes=\"(max-width: 241px) 100vw, 241px\" \/><\/figure>\n\n\n\n<p>Los resultados reflejan adem\u00e1s un escenario abierto rumbo a 2027, donde las distintas fuerzas pol\u00edticas contin\u00faan en proceso de reacomodo y definici\u00f3n de liderazgos. En este contexto, el crecimiento de perfiles como el de Roxana Rubio ser\u00e1 clave para la competitividad del PAN en Sinaloa.<\/p>\n\n\n\n<p>El estudio completo puede consultarse en el sitio oficial de FactoM\u00e9trica: https:\/\/www.factometrica.com<\/p>\n","protected":false},"excerpt":{"rendered":"<p>Culiac\u00e1n, Sinaloa.- La diputada Roxana Rubio Valdez se posiciona como la principal figura del Partido Acci\u00f3n Nacional (PAN) rumbo al proceso electoral de 2027 en Sinaloa, de acuerdo con la m\u00e1s reciente medici\u00f3n de intenci\u00f3n de voto presentada por FactoM\u00e9trica en abril de 2026. Seg\u00fan el estudio, Rubio Valdez lidera las preferencias internas del PAN [&hellip;]<\/p>\n","protected":false},"author":4,"featured_media":132463,"comment_status":"closed","ping_status":"open","sticky":false,"template":"","format":"standard","meta":{"tdm_status":"","tdm_grid_status":"","footnotes":""},"categories":[38],"tags":[],"class_list":{"0":"post-132465","1":"post","2":"type-post","3":"status-publish","4":"format-standard","5":"has-post-thumbnail","7":"category-noticias-locales"},"yoast_head":"<!-- This site is optimized with the Yoast SEO plugin v27.5 - https:\/\/yoast.com\/product\/yoast-seo-wordpress\/ -->\n<title>Roxana Rubio encabeza preferencias internas del PAN rumbo a 2027 en Sinaloa - Fuentes Fidedignas<\/title>\n<meta name=\"robots\" content=\"index, follow, max-snippet:-1, max-image-preview:large, max-video-preview:-1\" \/>\n<link rel=\"canonical\" href=\"https:\/\/fuentesfidedignas.com.mx\/index.php\/2026\/04\/28\/roxana-rubio-encabeza-preferencias-internas-del-pan-rumbo-a-2027-en-sinaloa\/\" \/>\n<meta property=\"og:locale\" content=\"es_MX\" \/>\n<meta property=\"og:type\" content=\"article\" \/>\n<meta property=\"og:title\" content=\"Roxana Rubio encabeza preferencias internas del PAN rumbo a 2027 en Sinaloa - Fuentes Fidedignas\" \/>\n<meta property=\"og:description\" content=\"Culiac\u00e1n, Sinaloa.- La diputada Roxana Rubio Valdez se posiciona como la principal figura del Partido Acci\u00f3n Nacional (PAN) rumbo al proceso electoral de 2027 en Sinaloa, de acuerdo con la m\u00e1s reciente medici\u00f3n de intenci\u00f3n de voto presentada por FactoM\u00e9trica en abril de 2026. Seg\u00fan el estudio, Rubio Valdez lidera las preferencias internas del PAN [&hellip;]\" \/>\n<meta property=\"og:url\" content=\"https:\/\/fuentesfidedignas.com.mx\/index.php\/2026\/04\/28\/roxana-rubio-encabeza-preferencias-internas-del-pan-rumbo-a-2027-en-sinaloa\/\" \/>\n<meta property=\"og:site_name\" content=\"Fuentes Fidedignas\" \/>\n<meta property=\"article:publisher\" content=\"https:\/\/www.facebook.com\/Fuentes-Fidedignas-368234489921644\" \/>\n<meta property=\"article:published_time\" content=\"2026-04-28T22:34:02+00:00\" \/>\n<meta property=\"og:image\" content=\"https:\/\/fuentesfidedignas.com.mx\/wp-content\/uploads\/2026\/04\/img_8021.jpeg\" \/>\n\t<meta property=\"og:image:width\" content=\"896\" \/>\n\t<meta property=\"og:image:height\" content=\"504\" \/>\n\t<meta property=\"og:image:type\" content=\"image\/jpeg\" \/>\n<meta name=\"author\" content=\"Redacci\u00f3n\" \/>\n<meta name=\"twitter:card\" content=\"summary_large_image\" \/>\n<meta name=\"twitter:creator\" content=\"@fidedignas\" \/>\n<meta name=\"twitter:site\" content=\"@fidedignas\" \/>\n<meta name=\"twitter:label1\" content=\"Escrito por\" \/>\n\t<meta name=\"twitter:data1\" content=\"Redacci\u00f3n\" \/>\n\t<meta name=\"twitter:label2\" content=\"Tiempo de lectura\" \/>\n\t<meta name=\"twitter:data2\" content=\"1 minuto\" \/>\n<script type=\"application\/ld+json\" class=\"yoast-schema-graph\">{\"@context\":\"https:\\\/\\\/schema.org\",\"@graph\":[{\"@type\":\"Article\",\"@id\":\"https:\\\/\\\/fuentesfidedignas.com.mx\\\/index.php\\\/2026\\\/04\\\/28\\\/roxana-rubio-encabeza-preferencias-internas-del-pan-rumbo-a-2027-en-sinaloa\\\/#article\",\"isPartOf\":{\"@id\":\"https:\\\/\\\/fuentesfidedignas.com.mx\\\/index.php\\\/2026\\\/04\\\/28\\\/roxana-rubio-encabeza-preferencias-internas-del-pan-rumbo-a-2027-en-sinaloa\\\/\"},\"author\":{\"name\":\"Redacci\u00f3n\",\"@id\":\"https:\\\/\\\/fuentesfidedignas.com.mx\\\/#\\\/schema\\\/person\\\/331be9283d37198e2acd5750279085b0\"},\"headline\":\"Roxana Rubio encabeza preferencias internas del PAN rumbo a 2027 en Sinaloa\",\"datePublished\":\"2026-04-28T22:34:02+00:00\",\"mainEntityOfPage\":{\"@id\":\"https:\\\/\\\/fuentesfidedignas.com.mx\\\/index.php\\\/2026\\\/04\\\/28\\\/roxana-rubio-encabeza-preferencias-internas-del-pan-rumbo-a-2027-en-sinaloa\\\/\"},\"wordCount\":193,\"publisher\":{\"@id\":\"https:\\\/\\\/fuentesfidedignas.com.mx\\\/#organization\"},\"image\":{\"@id\":\"https:\\\/\\\/fuentesfidedignas.com.mx\\\/index.php\\\/2026\\\/04\\\/28\\\/roxana-rubio-encabeza-preferencias-internas-del-pan-rumbo-a-2027-en-sinaloa\\\/#primaryimage\"},\"thumbnailUrl\":\"https:\\\/\\\/fuentesfidedignas.com.mx\\\/wp-content\\\/uploads\\\/2026\\\/04\\\/img_8021.jpeg\",\"articleSection\":[\"NOTICIAS LOCALES\"],\"inLanguage\":\"es\"},{\"@type\":\"WebPage\",\"@id\":\"https:\\\/\\\/fuentesfidedignas.com.mx\\\/index.php\\\/2026\\\/04\\\/28\\\/roxana-rubio-encabeza-preferencias-internas-del-pan-rumbo-a-2027-en-sinaloa\\\/\",\"url\":\"https:\\\/\\\/fuentesfidedignas.com.mx\\\/index.php\\\/2026\\\/04\\\/28\\\/roxana-rubio-encabeza-preferencias-internas-del-pan-rumbo-a-2027-en-sinaloa\\\/\",\"name\":\"Roxana Rubio encabeza preferencias internas del PAN rumbo a 2027 en Sinaloa - Fuentes Fidedignas\",\"isPartOf\":{\"@id\":\"https:\\\/\\\/fuentesfidedignas.com.mx\\\/#website\"},\"primaryImageOfPage\":{\"@id\":\"https:\\\/\\\/fuentesfidedignas.com.mx\\\/index.php\\\/2026\\\/04\\\/28\\\/roxana-rubio-encabeza-preferencias-internas-del-pan-rumbo-a-2027-en-sinaloa\\\/#primaryimage\"},\"image\":{\"@id\":\"https:\\\/\\\/fuentesfidedignas.com.mx\\\/index.php\\\/2026\\\/04\\\/28\\\/roxana-rubio-encabeza-preferencias-internas-del-pan-rumbo-a-2027-en-sinaloa\\\/#primaryimage\"},\"thumbnailUrl\":\"https:\\\/\\\/fuentesfidedignas.com.mx\\\/wp-content\\\/uploads\\\/2026\\\/04\\\/img_8021.jpeg\",\"datePublished\":\"2026-04-28T22:34:02+00:00\",\"breadcrumb\":{\"@id\":\"https:\\\/\\\/fuentesfidedignas.com.mx\\\/index.php\\\/2026\\\/04\\\/28\\\/roxana-rubio-encabeza-preferencias-internas-del-pan-rumbo-a-2027-en-sinaloa\\\/#breadcrumb\"},\"inLanguage\":\"es\",\"potentialAction\":[{\"@type\":\"ReadAction\",\"target\":[\"https:\\\/\\\/fuentesfidedignas.com.mx\\\/index.php\\\/2026\\\/04\\\/28\\\/roxana-rubio-encabeza-preferencias-internas-del-pan-rumbo-a-2027-en-sinaloa\\\/\"]}]},{\"@type\":\"ImageObject\",\"inLanguage\":\"es\",\"@id\":\"https:\\\/\\\/fuentesfidedignas.com.mx\\\/index.php\\\/2026\\\/04\\\/28\\\/roxana-rubio-encabeza-preferencias-internas-del-pan-rumbo-a-2027-en-sinaloa\\\/#primaryimage\",\"url\":\"https:\\\/\\\/fuentesfidedignas.com.mx\\\/wp-content\\\/uploads\\\/2026\\\/04\\\/img_8021.jpeg\",\"contentUrl\":\"https:\\\/\\\/fuentesfidedignas.com.mx\\\/wp-content\\\/uploads\\\/2026\\\/04\\\/img_8021.jpeg\",\"width\":896,\"height\":504},{\"@type\":\"BreadcrumbList\",\"@id\":\"https:\\\/\\\/fuentesfidedignas.com.mx\\\/index.php\\\/2026\\\/04\\\/28\\\/roxana-rubio-encabeza-preferencias-internas-del-pan-rumbo-a-2027-en-sinaloa\\\/#breadcrumb\",\"itemListElement\":[{\"@type\":\"ListItem\",\"position\":1,\"name\":\"Inicio\",\"item\":\"https:\\\/\\\/fuentesfidedignas.com.mx\\\/\"},{\"@type\":\"ListItem\",\"position\":2,\"name\":\"Roxana Rubio encabeza preferencias internas del PAN rumbo a 2027 en Sinaloa\"}]},{\"@type\":\"WebSite\",\"@id\":\"https:\\\/\\\/fuentesfidedignas.com.mx\\\/#website\",\"url\":\"https:\\\/\\\/fuentesfidedignas.com.mx\\\/\",\"name\":\"Fuentes Fidedignas\",\"description\":\"Otro sitio realizado con WordPress\",\"publisher\":{\"@id\":\"https:\\\/\\\/fuentesfidedignas.com.mx\\\/#organization\"},\"potentialAction\":[{\"@type\":\"SearchAction\",\"target\":{\"@type\":\"EntryPoint\",\"urlTemplate\":\"https:\\\/\\\/fuentesfidedignas.com.mx\\\/?s={search_term_string}\"},\"query-input\":{\"@type\":\"PropertyValueSpecification\",\"valueRequired\":true,\"valueName\":\"search_term_string\"}}],\"inLanguage\":\"es\"},{\"@type\":\"Organization\",\"@id\":\"https:\\\/\\\/fuentesfidedignas.com.mx\\\/#organization\",\"name\":\"Fuentes Fidedignas\",\"url\":\"https:\\\/\\\/fuentesfidedignas.com.mx\\\/\",\"logo\":{\"@type\":\"ImageObject\",\"inLanguage\":\"es\",\"@id\":\"https:\\\/\\\/fuentesfidedignas.com.mx\\\/#\\\/schema\\\/logo\\\/image\\\/\",\"url\":\"https:\\\/\\\/fuentesfidedignas.com.mx\\\/wp-content\\\/uploads\\\/2021\\\/04\\\/logo-retina.png\",\"contentUrl\":\"https:\\\/\\\/fuentesfidedignas.com.mx\\\/wp-content\\\/uploads\\\/2021\\\/04\\\/logo-retina.png\",\"width\":280,\"height\":51,\"caption\":\"Fuentes Fidedignas\"},\"image\":{\"@id\":\"https:\\\/\\\/fuentesfidedignas.com.mx\\\/#\\\/schema\\\/logo\\\/image\\\/\"},\"sameAs\":[\"https:\\\/\\\/www.facebook.com\\\/Fuentes-Fidedignas-368234489921644\",\"https:\\\/\\\/x.com\\\/fidedignas\"]},{\"@type\":\"Person\",\"@id\":\"https:\\\/\\\/fuentesfidedignas.com.mx\\\/#\\\/schema\\\/person\\\/331be9283d37198e2acd5750279085b0\",\"name\":\"Redacci\u00f3n\",\"image\":{\"@type\":\"ImageObject\",\"inLanguage\":\"es\",\"@id\":\"https:\\\/\\\/secure.gravatar.com\\\/avatar\\\/f6d8782c11d12b2d4ad3fbb6931aeab5309937a4d6cd2fc9cfaa28a6396a5aec?s=96&d=mm&r=g\",\"url\":\"https:\\\/\\\/secure.gravatar.com\\\/avatar\\\/f6d8782c11d12b2d4ad3fbb6931aeab5309937a4d6cd2fc9cfaa28a6396a5aec?s=96&d=mm&r=g\",\"contentUrl\":\"https:\\\/\\\/secure.gravatar.com\\\/avatar\\\/f6d8782c11d12b2d4ad3fbb6931aeab5309937a4d6cd2fc9cfaa28a6396a5aec?s=96&d=mm&r=g\",\"caption\":\"Redacci\u00f3n\"},\"url\":\"https:\\\/\\\/fuentesfidedignas.com.mx\\\/index.php\\\/author\\\/redaccion\\\/\"}]}<\/script>\n<!-- \/ Yoast SEO plugin. -->","yoast_head_json":{"title":"Roxana Rubio encabeza preferencias internas del PAN rumbo a 2027 en Sinaloa - Fuentes Fidedignas","robots":{"index":"index","follow":"follow","max-snippet":"max-snippet:-1","max-image-preview":"max-image-preview:large","max-video-preview":"max-video-preview:-1"},"canonical":"https:\/\/fuentesfidedignas.com.mx\/index.php\/2026\/04\/28\/roxana-rubio-encabeza-preferencias-internas-del-pan-rumbo-a-2027-en-sinaloa\/","og_locale":"es_MX","og_type":"article","og_title":"Roxana Rubio encabeza preferencias internas del PAN rumbo a 2027 en Sinaloa - Fuentes Fidedignas","og_description":"Culiac\u00e1n, Sinaloa.- La diputada Roxana Rubio Valdez se posiciona como la principal figura del Partido Acci\u00f3n Nacional (PAN) rumbo al proceso electoral de 2027 en Sinaloa, de acuerdo con la m\u00e1s reciente medici\u00f3n de intenci\u00f3n de voto presentada por FactoM\u00e9trica en abril de 2026. Seg\u00fan el estudio, Rubio Valdez lidera las preferencias internas del PAN [&hellip;]","og_url":"https:\/\/fuentesfidedignas.com.mx\/index.php\/2026\/04\/28\/roxana-rubio-encabeza-preferencias-internas-del-pan-rumbo-a-2027-en-sinaloa\/","og_site_name":"Fuentes Fidedignas","article_publisher":"https:\/\/www.facebook.com\/Fuentes-Fidedignas-368234489921644","article_published_time":"2026-04-28T22:34:02+00:00","og_image":[{"width":896,"height":504,"url":"https:\/\/fuentesfidedignas.com.mx\/wp-content\/uploads\/2026\/04\/img_8021.jpeg","type":"image\/jpeg"}],"author":"Redacci\u00f3n","twitter_card":"summary_large_image","twitter_creator":"@fidedignas","twitter_site":"@fidedignas","twitter_misc":{"Escrito por":"Redacci\u00f3n","Tiempo de lectura":"1 minuto"},"schema":{"@context":"https:\/\/schema.org","@graph":[{"@type":"Article","@id":"https:\/\/fuentesfidedignas.com.mx\/index.php\/2026\/04\/28\/roxana-rubio-encabeza-preferencias-internas-del-pan-rumbo-a-2027-en-sinaloa\/#article","isPartOf":{"@id":"https:\/\/fuentesfidedignas.com.mx\/index.php\/2026\/04\/28\/roxana-rubio-encabeza-preferencias-internas-del-pan-rumbo-a-2027-en-sinaloa\/"},"author":{"name":"Redacci\u00f3n","@id":"https:\/\/fuentesfidedignas.com.mx\/#\/schema\/person\/331be9283d37198e2acd5750279085b0"},"headline":"Roxana Rubio encabeza preferencias internas del PAN rumbo a 2027 en Sinaloa","datePublished":"2026-04-28T22:34:02+00:00","mainEntityOfPage":{"@id":"https:\/\/fuentesfidedignas.com.mx\/index.php\/2026\/04\/28\/roxana-rubio-encabeza-preferencias-internas-del-pan-rumbo-a-2027-en-sinaloa\/"},"wordCount":193,"publisher":{"@id":"https:\/\/fuentesfidedignas.com.mx\/#organization"},"image":{"@id":"https:\/\/fuentesfidedignas.com.mx\/index.php\/2026\/04\/28\/roxana-rubio-encabeza-preferencias-internas-del-pan-rumbo-a-2027-en-sinaloa\/#primaryimage"},"thumbnailUrl":"https:\/\/fuentesfidedignas.com.mx\/wp-content\/uploads\/2026\/04\/img_8021.jpeg","articleSection":["NOTICIAS LOCALES"],"inLanguage":"es"},{"@type":"WebPage","@id":"https:\/\/fuentesfidedignas.com.mx\/index.php\/2026\/04\/28\/roxana-rubio-encabeza-preferencias-internas-del-pan-rumbo-a-2027-en-sinaloa\/","url":"https:\/\/fuentesfidedignas.com.mx\/index.php\/2026\/04\/28\/roxana-rubio-encabeza-preferencias-internas-del-pan-rumbo-a-2027-en-sinaloa\/","name":"Roxana Rubio encabeza preferencias internas del PAN rumbo a 2027 en Sinaloa - Fuentes Fidedignas","isPartOf":{"@id":"https:\/\/fuentesfidedignas.com.mx\/#website"},"primaryImageOfPage":{"@id":"https:\/\/fuentesfidedignas.com.mx\/index.php\/2026\/04\/28\/roxana-rubio-encabeza-preferencias-internas-del-pan-rumbo-a-2027-en-sinaloa\/#primaryimage"},"image":{"@id":"https:\/\/fuentesfidedignas.com.mx\/index.php\/2026\/04\/28\/roxana-rubio-encabeza-preferencias-internas-del-pan-rumbo-a-2027-en-sinaloa\/#primaryimage"},"thumbnailUrl":"https:\/\/fuentesfidedignas.com.mx\/wp-content\/uploads\/2026\/04\/img_8021.jpeg","datePublished":"2026-04-28T22:34:02+00:00","breadcrumb":{"@id":"https:\/\/fuentesfidedignas.com.mx\/index.php\/2026\/04\/28\/roxana-rubio-encabeza-preferencias-internas-del-pan-rumbo-a-2027-en-sinaloa\/#breadcrumb"},"inLanguage":"es","potentialAction":[{"@type":"ReadAction","target":["https:\/\/fuentesfidedignas.com.mx\/index.php\/2026\/04\/28\/roxana-rubio-encabeza-preferencias-internas-del-pan-rumbo-a-2027-en-sinaloa\/"]}]},{"@type":"ImageObject","inLanguage":"es","@id":"https:\/\/fuentesfidedignas.com.mx\/index.php\/2026\/04\/28\/roxana-rubio-encabeza-preferencias-internas-del-pan-rumbo-a-2027-en-sinaloa\/#primaryimage","url":"https:\/\/fuentesfidedignas.com.mx\/wp-content\/uploads\/2026\/04\/img_8021.jpeg","contentUrl":"https:\/\/fuentesfidedignas.com.mx\/wp-content\/uploads\/2026\/04\/img_8021.jpeg","width":896,"height":504},{"@type":"BreadcrumbList","@id":"https:\/\/fuentesfidedignas.com.mx\/index.php\/2026\/04\/28\/roxana-rubio-encabeza-preferencias-internas-del-pan-rumbo-a-2027-en-sinaloa\/#breadcrumb","itemListElement":[{"@type":"ListItem","position":1,"name":"Inicio","item":"https:\/\/fuentesfidedignas.com.mx\/"},{"@type":"ListItem","position":2,"name":"Roxana Rubio encabeza preferencias internas del PAN rumbo a 2027 en Sinaloa"}]},{"@type":"WebSite","@id":"https:\/\/fuentesfidedignas.com.mx\/#website","url":"https:\/\/fuentesfidedignas.com.mx\/","name":"Fuentes Fidedignas","description":"Otro sitio realizado con WordPress","publisher":{"@id":"https:\/\/fuentesfidedignas.com.mx\/#organization"},"potentialAction":[{"@type":"SearchAction","target":{"@type":"EntryPoint","urlTemplate":"https:\/\/fuentesfidedignas.com.mx\/?s={search_term_string}"},"query-input":{"@type":"PropertyValueSpecification","valueRequired":true,"valueName":"search_term_string"}}],"inLanguage":"es"},{"@type":"Organization","@id":"https:\/\/fuentesfidedignas.com.mx\/#organization","name":"Fuentes Fidedignas","url":"https:\/\/fuentesfidedignas.com.mx\/","logo":{"@type":"ImageObject","inLanguage":"es","@id":"https:\/\/fuentesfidedignas.com.mx\/#\/schema\/logo\/image\/","url":"https:\/\/fuentesfidedignas.com.mx\/wp-content\/uploads\/2021\/04\/logo-retina.png","contentUrl":"https:\/\/fuentesfidedignas.com.mx\/wp-content\/uploads\/2021\/04\/logo-retina.png","width":280,"height":51,"caption":"Fuentes Fidedignas"},"image":{"@id":"https:\/\/fuentesfidedignas.com.mx\/#\/schema\/logo\/image\/"},"sameAs":["https:\/\/www.facebook.com\/Fuentes-Fidedignas-368234489921644","https:\/\/x.com\/fidedignas"]},{"@type":"Person","@id":"https:\/\/fuentesfidedignas.com.mx\/#\/schema\/person\/331be9283d37198e2acd5750279085b0","name":"Redacci\u00f3n","image":{"@type":"ImageObject","inLanguage":"es","@id":"https:\/\/secure.gravatar.com\/avatar\/f6d8782c11d12b2d4ad3fbb6931aeab5309937a4d6cd2fc9cfaa28a6396a5aec?s=96&d=mm&r=g","url":"https:\/\/secure.gravatar.com\/avatar\/f6d8782c11d12b2d4ad3fbb6931aeab5309937a4d6cd2fc9cfaa28a6396a5aec?s=96&d=mm&r=g","contentUrl":"https:\/\/secure.gravatar.com\/avatar\/f6d8782c11d12b2d4ad3fbb6931aeab5309937a4d6cd2fc9cfaa28a6396a5aec?s=96&d=mm&r=g","caption":"Redacci\u00f3n"},"url":"https:\/\/fuentesfidedignas.com.mx\/index.php\/author\/redaccion\/"}]}},"_links":{"self":[{"href":"https:\/\/fuentesfidedignas.com.mx\/index.php\/wp-json\/wp\/v2\/posts\/132465","targetHints":{"allow":["GET"]}}],"collection":[{"href":"https:\/\/fuentesfidedignas.com.mx\/index.php\/wp-json\/wp\/v2\/posts"}],"about":[{"href":"https:\/\/fuentesfidedignas.com.mx\/index.php\/wp-json\/wp\/v2\/types\/post"}],"author":[{"embeddable":true,"href":"https:\/\/fuentesfidedignas.com.mx\/index.php\/wp-json\/wp\/v2\/users\/4"}],"replies":[{"embeddable":true,"href":"https:\/\/fuentesfidedignas.com.mx\/index.php\/wp-json\/wp\/v2\/comments?post=132465"}],"version-history":[{"count":1,"href":"https:\/\/fuentesfidedignas.com.mx\/index.php\/wp-json\/wp\/v2\/posts\/132465\/revisions"}],"predecessor-version":[{"id":132466,"href":"https:\/\/fuentesfidedignas.com.mx\/index.php\/wp-json\/wp\/v2\/posts\/132465\/revisions\/132466"}],"wp:featuredmedia":[{"embeddable":true,"href":"https:\/\/fuentesfidedignas.com.mx\/index.php\/wp-json\/wp\/v2\/media\/132463"}],"wp:attachment":[{"href":"https:\/\/fuentesfidedignas.com.mx\/index.php\/wp-json\/wp\/v2\/media?parent=132465"}],"wp:term":[{"taxonomy":"category","embeddable":true,"href":"https:\/\/fuentesfidedignas.com.mx\/index.php\/wp-json\/wp\/v2\/categories?post=132465"},{"taxonomy":"post_tag","embeddable":true,"href":"https:\/\/fuentesfidedignas.com.mx\/index.php\/wp-json\/wp\/v2\/tags?post=132465"}],"curies":[{"name":"wp","href":"https:\/\/api.w.org\/{rel}","templated":true}]}}