{"id":132454,"date":"2026-04-29T02:27:00","date_gmt":"2026-04-29T09:27:00","guid":{"rendered":"https:\/\/fuentesfidedignas.com.mx\/?p=132454"},"modified":"2026-04-28T14:32:19","modified_gmt":"2026-04-28T21:32:19","slug":"retoman-trabajos-de-la-alerta-de-genero-en-sinaloa-tras-un-ano-de-inactividad","status":"publish","type":"post","link":"https:\/\/fuentesfidedignas.com.mx\/index.php\/2026\/04\/29\/retoman-trabajos-de-la-alerta-de-genero-en-sinaloa-tras-un-ano-de-inactividad\/","title":{"rendered":"Retoman trabajos de la Alerta de G\u00e9nero en Sinaloa tras un a\u00f1o de inactividad"},"content":{"rendered":"\n<p class=\"p2\">Luego de casi un a\u00f1o sin sesiones, este 27 de abril se reanudaron los trabajos del mecanismo de la Alerta de Violencia de G\u00e9nero contra las Mujeres en Sinaloa. El Colectivo de Mujeres Activas Sinaloenses \u2014solicitante de la alerta e integrante del Grupo Multidisciplinario\u2014 inform\u00f3 que la reuni\u00f3n tuvo una duraci\u00f3n de una hora y permiti\u00f3 retomar la agenda pendiente, tras se\u00f1alar que desde marzo de 2025 no se llevaban a cabo estos encuentros.<\/p>\n\n\n\n<p class=\"p2\">La organizaci\u00f3n advirti\u00f3 que esta pausa evidencia falta de coordinaci\u00f3n por parte de las instancias convocantes, particularmente de la Secretar\u00eda Nacional de las Mujeres, en el seguimiento de este mecanismo, vigente desde su declaratoria el 31 de marzo de 2017. Durante la sesi\u00f3n, se acord\u00f3 enviar observaciones finales a los lineamientos que regir\u00e1n los trabajos del Grupo, buscando que las acciones no sean opcionales ni intercambiables, en un contexto de violencia persistente, especialmente en Culiac\u00e1n.<\/p>\n\n\n\n<p class=\"p3\">Adem\u00e1s, se fij\u00f3 como fecha l\u00edmite el 8 de mayo de 2026 para remitir observaciones al informe institucional \u2014que abarca acciones de abril de 2022 a diciembre de 2023\u2014, mientras que la pr\u00f3xima reuni\u00f3n para su dictaminaci\u00f3n se prev\u00e9 entre el 11 y el 15 de mayo. <\/p>\n\n\n\n<p class=\"p3\">El Colectivo expres\u00f3 preocupaci\u00f3n por el desfase entre informes, evaluaciones y resoluciones, e insisti\u00f3 en la urgencia de que las medidas derivadas de la alerta se apliquen con continuidad y resultados verificables, reiterando su compromiso con la defensa del derecho de las mujeres a una vida libre de violencia.<\/p>\n\n\n\n<p><\/p>\n","protected":false},"excerpt":{"rendered":"<p>Luego de casi un a\u00f1o sin sesiones, este 27 de abril se reanudaron los trabajos del mecanismo de la Alerta de Violencia de G\u00e9nero contra las Mujeres en Sinaloa. El Colectivo de Mujeres Activas Sinaloenses \u2014solicitante de la alerta e integrante del Grupo Multidisciplinario\u2014 inform\u00f3 que la reuni\u00f3n tuvo una duraci\u00f3n de una hora y [&hellip;]<\/p>\n","protected":false},"author":11,"featured_media":25727,"comment_status":"closed","ping_status":"open","sticky":false,"template":"","format":"standard","meta":{"tdm_status":"","tdm_grid_status":"","footnotes":""},"categories":[33,36],"tags":[],"class_list":{"0":"post-132454","1":"post","2":"type-post","3":"status-publish","4":"format-standard","5":"has-post-thumbnail","7":"category-igualdad-sustantiva","8":"category-semanales"},"yoast_head":"<!-- This site is optimized with the Yoast SEO plugin v27.5 - https:\/\/yoast.com\/product\/yoast-seo-wordpress\/ -->\n<title>Retoman trabajos de la Alerta de G\u00e9nero en Sinaloa tras un a\u00f1o de inactividad - Fuentes Fidedignas<\/title>\n<meta name=\"robots\" content=\"index, follow, max-snippet:-1, max-image-preview:large, max-video-preview:-1\" \/>\n<link rel=\"canonical\" href=\"https:\/\/fuentesfidedignas.com.mx\/index.php\/2026\/04\/29\/retoman-trabajos-de-la-alerta-de-genero-en-sinaloa-tras-un-ano-de-inactividad\/\" \/>\n<meta property=\"og:locale\" content=\"es_MX\" \/>\n<meta property=\"og:type\" content=\"article\" \/>\n<meta property=\"og:title\" content=\"Retoman trabajos de la Alerta de G\u00e9nero en Sinaloa tras un a\u00f1o de inactividad - Fuentes Fidedignas\" \/>\n<meta property=\"og:description\" content=\"Luego de casi un a\u00f1o sin sesiones, este 27 de abril se reanudaron los trabajos del mecanismo de la Alerta de Violencia de G\u00e9nero contra las Mujeres en Sinaloa. El Colectivo de Mujeres Activas Sinaloenses \u2014solicitante de la alerta e integrante del Grupo Multidisciplinario\u2014 inform\u00f3 que la reuni\u00f3n tuvo una duraci\u00f3n de una hora y [&hellip;]\" \/>\n<meta property=\"og:url\" content=\"https:\/\/fuentesfidedignas.com.mx\/index.php\/2026\/04\/29\/retoman-trabajos-de-la-alerta-de-genero-en-sinaloa-tras-un-ano-de-inactividad\/\" \/>\n<meta property=\"og:site_name\" content=\"Fuentes Fidedignas\" \/>\n<meta property=\"article:publisher\" content=\"https:\/\/www.facebook.com\/Fuentes-Fidedignas-368234489921644\" \/>\n<meta property=\"article:published_time\" content=\"2026-04-29T09:27:00+00:00\" \/>\n<meta property=\"og:image\" content=\"https:\/\/fuentesfidedignas.com.mx\/wp-content\/uploads\/2022\/03\/feminicidio.jpg\" \/>\n\t<meta property=\"og:image:width\" content=\"1140\" \/>\n\t<meta property=\"og:image:height\" content=\"712\" \/>\n\t<meta property=\"og:image:type\" content=\"image\/jpeg\" \/>\n<meta name=\"author\" content=\"Marissa Palafox\" \/>\n<meta name=\"twitter:card\" content=\"summary_large_image\" \/>\n<meta name=\"twitter:creator\" content=\"@fidedignas\" \/>\n<meta name=\"twitter:site\" content=\"@fidedignas\" \/>\n<meta name=\"twitter:label1\" content=\"Escrito por\" \/>\n\t<meta name=\"twitter:data1\" content=\"Marissa Palafox\" \/>\n\t<meta name=\"twitter:label2\" content=\"Tiempo de lectura\" \/>\n\t<meta name=\"twitter:data2\" content=\"2 minutos\" \/>\n<script type=\"application\/ld+json\" class=\"yoast-schema-graph\">{\"@context\":\"https:\\\/\\\/schema.org\",\"@graph\":[{\"@type\":\"Article\",\"@id\":\"https:\\\/\\\/fuentesfidedignas.com.mx\\\/index.php\\\/2026\\\/04\\\/29\\\/retoman-trabajos-de-la-alerta-de-genero-en-sinaloa-tras-un-ano-de-inactividad\\\/#article\",\"isPartOf\":{\"@id\":\"https:\\\/\\\/fuentesfidedignas.com.mx\\\/index.php\\\/2026\\\/04\\\/29\\\/retoman-trabajos-de-la-alerta-de-genero-en-sinaloa-tras-un-ano-de-inactividad\\\/\"},\"author\":{\"name\":\"Marissa Palafox\",\"@id\":\"https:\\\/\\\/fuentesfidedignas.com.mx\\\/#\\\/schema\\\/person\\\/2c10028b4a30078c05a056a215342ab9\"},\"headline\":\"Retoman trabajos de la Alerta de G\u00e9nero en Sinaloa tras un a\u00f1o de inactividad\",\"datePublished\":\"2026-04-29T09:27:00+00:00\",\"mainEntityOfPage\":{\"@id\":\"https:\\\/\\\/fuentesfidedignas.com.mx\\\/index.php\\\/2026\\\/04\\\/29\\\/retoman-trabajos-de-la-alerta-de-genero-en-sinaloa-tras-un-ano-de-inactividad\\\/\"},\"wordCount\":268,\"publisher\":{\"@id\":\"https:\\\/\\\/fuentesfidedignas.com.mx\\\/#organization\"},\"image\":{\"@id\":\"https:\\\/\\\/fuentesfidedignas.com.mx\\\/index.php\\\/2026\\\/04\\\/29\\\/retoman-trabajos-de-la-alerta-de-genero-en-sinaloa-tras-un-ano-de-inactividad\\\/#primaryimage\"},\"thumbnailUrl\":\"https:\\\/\\\/fuentesfidedignas.com.mx\\\/wp-content\\\/uploads\\\/2022\\\/03\\\/feminicidio.jpg\",\"articleSection\":[\"IGUALDAD SUSTANTIVA\",\"SEMANALES\"],\"inLanguage\":\"es\"},{\"@type\":\"WebPage\",\"@id\":\"https:\\\/\\\/fuentesfidedignas.com.mx\\\/index.php\\\/2026\\\/04\\\/29\\\/retoman-trabajos-de-la-alerta-de-genero-en-sinaloa-tras-un-ano-de-inactividad\\\/\",\"url\":\"https:\\\/\\\/fuentesfidedignas.com.mx\\\/index.php\\\/2026\\\/04\\\/29\\\/retoman-trabajos-de-la-alerta-de-genero-en-sinaloa-tras-un-ano-de-inactividad\\\/\",\"name\":\"Retoman trabajos de la Alerta de G\u00e9nero en Sinaloa tras un a\u00f1o de inactividad - Fuentes Fidedignas\",\"isPartOf\":{\"@id\":\"https:\\\/\\\/fuentesfidedignas.com.mx\\\/#website\"},\"primaryImageOfPage\":{\"@id\":\"https:\\\/\\\/fuentesfidedignas.com.mx\\\/index.php\\\/2026\\\/04\\\/29\\\/retoman-trabajos-de-la-alerta-de-genero-en-sinaloa-tras-un-ano-de-inactividad\\\/#primaryimage\"},\"image\":{\"@id\":\"https:\\\/\\\/fuentesfidedignas.com.mx\\\/index.php\\\/2026\\\/04\\\/29\\\/retoman-trabajos-de-la-alerta-de-genero-en-sinaloa-tras-un-ano-de-inactividad\\\/#primaryimage\"},\"thumbnailUrl\":\"https:\\\/\\\/fuentesfidedignas.com.mx\\\/wp-content\\\/uploads\\\/2022\\\/03\\\/feminicidio.jpg\",\"datePublished\":\"2026-04-29T09:27:00+00:00\",\"breadcrumb\":{\"@id\":\"https:\\\/\\\/fuentesfidedignas.com.mx\\\/index.php\\\/2026\\\/04\\\/29\\\/retoman-trabajos-de-la-alerta-de-genero-en-sinaloa-tras-un-ano-de-inactividad\\\/#breadcrumb\"},\"inLanguage\":\"es\",\"potentialAction\":[{\"@type\":\"ReadAction\",\"target\":[\"https:\\\/\\\/fuentesfidedignas.com.mx\\\/index.php\\\/2026\\\/04\\\/29\\\/retoman-trabajos-de-la-alerta-de-genero-en-sinaloa-tras-un-ano-de-inactividad\\\/\"]}]},{\"@type\":\"ImageObject\",\"inLanguage\":\"es\",\"@id\":\"https:\\\/\\\/fuentesfidedignas.com.mx\\\/index.php\\\/2026\\\/04\\\/29\\\/retoman-trabajos-de-la-alerta-de-genero-en-sinaloa-tras-un-ano-de-inactividad\\\/#primaryimage\",\"url\":\"https:\\\/\\\/fuentesfidedignas.com.mx\\\/wp-content\\\/uploads\\\/2022\\\/03\\\/feminicidio.jpg\",\"contentUrl\":\"https:\\\/\\\/fuentesfidedignas.com.mx\\\/wp-content\\\/uploads\\\/2022\\\/03\\\/feminicidio.jpg\",\"width\":1140,\"height\":712},{\"@type\":\"BreadcrumbList\",\"@id\":\"https:\\\/\\\/fuentesfidedignas.com.mx\\\/index.php\\\/2026\\\/04\\\/29\\\/retoman-trabajos-de-la-alerta-de-genero-en-sinaloa-tras-un-ano-de-inactividad\\\/#breadcrumb\",\"itemListElement\":[{\"@type\":\"ListItem\",\"position\":1,\"name\":\"Inicio\",\"item\":\"https:\\\/\\\/fuentesfidedignas.com.mx\\\/\"},{\"@type\":\"ListItem\",\"position\":2,\"name\":\"Retoman trabajos de la Alerta de G\u00e9nero en Sinaloa tras un a\u00f1o de inactividad\"}]},{\"@type\":\"WebSite\",\"@id\":\"https:\\\/\\\/fuentesfidedignas.com.mx\\\/#website\",\"url\":\"https:\\\/\\\/fuentesfidedignas.com.mx\\\/\",\"name\":\"Fuentes Fidedignas\",\"description\":\"Otro sitio realizado con WordPress\",\"publisher\":{\"@id\":\"https:\\\/\\\/fuentesfidedignas.com.mx\\\/#organization\"},\"potentialAction\":[{\"@type\":\"SearchAction\",\"target\":{\"@type\":\"EntryPoint\",\"urlTemplate\":\"https:\\\/\\\/fuentesfidedignas.com.mx\\\/?s={search_term_string}\"},\"query-input\":{\"@type\":\"PropertyValueSpecification\",\"valueRequired\":true,\"valueName\":\"search_term_string\"}}],\"inLanguage\":\"es\"},{\"@type\":\"Organization\",\"@id\":\"https:\\\/\\\/fuentesfidedignas.com.mx\\\/#organization\",\"name\":\"Fuentes Fidedignas\",\"url\":\"https:\\\/\\\/fuentesfidedignas.com.mx\\\/\",\"logo\":{\"@type\":\"ImageObject\",\"inLanguage\":\"es\",\"@id\":\"https:\\\/\\\/fuentesfidedignas.com.mx\\\/#\\\/schema\\\/logo\\\/image\\\/\",\"url\":\"https:\\\/\\\/fuentesfidedignas.com.mx\\\/wp-content\\\/uploads\\\/2021\\\/04\\\/logo-retina.png\",\"contentUrl\":\"https:\\\/\\\/fuentesfidedignas.com.mx\\\/wp-content\\\/uploads\\\/2021\\\/04\\\/logo-retina.png\",\"width\":280,\"height\":51,\"caption\":\"Fuentes Fidedignas\"},\"image\":{\"@id\":\"https:\\\/\\\/fuentesfidedignas.com.mx\\\/#\\\/schema\\\/logo\\\/image\\\/\"},\"sameAs\":[\"https:\\\/\\\/www.facebook.com\\\/Fuentes-Fidedignas-368234489921644\",\"https:\\\/\\\/x.com\\\/fidedignas\"]},{\"@type\":\"Person\",\"@id\":\"https:\\\/\\\/fuentesfidedignas.com.mx\\\/#\\\/schema\\\/person\\\/2c10028b4a30078c05a056a215342ab9\",\"name\":\"Marissa Palafox\",\"image\":{\"@type\":\"ImageObject\",\"inLanguage\":\"es\",\"@id\":\"https:\\\/\\\/secure.gravatar.com\\\/avatar\\\/20a43bdb2f2db10f20b22d4e98b96eb027faf98f7f76d29854dc5fab46d1cf71?s=96&d=mm&r=g\",\"url\":\"https:\\\/\\\/secure.gravatar.com\\\/avatar\\\/20a43bdb2f2db10f20b22d4e98b96eb027faf98f7f76d29854dc5fab46d1cf71?s=96&d=mm&r=g\",\"contentUrl\":\"https:\\\/\\\/secure.gravatar.com\\\/avatar\\\/20a43bdb2f2db10f20b22d4e98b96eb027faf98f7f76d29854dc5fab46d1cf71?s=96&d=mm&r=g\",\"caption\":\"Marissa Palafox\"},\"url\":\"https:\\\/\\\/fuentesfidedignas.com.mx\\\/index.php\\\/author\\\/marissa\\\/\"}]}<\/script>\n<!-- \/ Yoast SEO plugin. -->","yoast_head_json":{"title":"Retoman trabajos de la Alerta de G\u00e9nero en Sinaloa tras un a\u00f1o de inactividad - Fuentes Fidedignas","robots":{"index":"index","follow":"follow","max-snippet":"max-snippet:-1","max-image-preview":"max-image-preview:large","max-video-preview":"max-video-preview:-1"},"canonical":"https:\/\/fuentesfidedignas.com.mx\/index.php\/2026\/04\/29\/retoman-trabajos-de-la-alerta-de-genero-en-sinaloa-tras-un-ano-de-inactividad\/","og_locale":"es_MX","og_type":"article","og_title":"Retoman trabajos de la Alerta de G\u00e9nero en Sinaloa tras un a\u00f1o de inactividad - Fuentes Fidedignas","og_description":"Luego de casi un a\u00f1o sin sesiones, este 27 de abril se reanudaron los trabajos del mecanismo de la Alerta de Violencia de G\u00e9nero contra las Mujeres en Sinaloa. El Colectivo de Mujeres Activas Sinaloenses \u2014solicitante de la alerta e integrante del Grupo Multidisciplinario\u2014 inform\u00f3 que la reuni\u00f3n tuvo una duraci\u00f3n de una hora y [&hellip;]","og_url":"https:\/\/fuentesfidedignas.com.mx\/index.php\/2026\/04\/29\/retoman-trabajos-de-la-alerta-de-genero-en-sinaloa-tras-un-ano-de-inactividad\/","og_site_name":"Fuentes Fidedignas","article_publisher":"https:\/\/www.facebook.com\/Fuentes-Fidedignas-368234489921644","article_published_time":"2026-04-29T09:27:00+00:00","og_image":[{"width":1140,"height":712,"url":"https:\/\/fuentesfidedignas.com.mx\/wp-content\/uploads\/2022\/03\/feminicidio.jpg","type":"image\/jpeg"}],"author":"Marissa Palafox","twitter_card":"summary_large_image","twitter_creator":"@fidedignas","twitter_site":"@fidedignas","twitter_misc":{"Escrito por":"Marissa Palafox","Tiempo de lectura":"2 minutos"},"schema":{"@context":"https:\/\/schema.org","@graph":[{"@type":"Article","@id":"https:\/\/fuentesfidedignas.com.mx\/index.php\/2026\/04\/29\/retoman-trabajos-de-la-alerta-de-genero-en-sinaloa-tras-un-ano-de-inactividad\/#article","isPartOf":{"@id":"https:\/\/fuentesfidedignas.com.mx\/index.php\/2026\/04\/29\/retoman-trabajos-de-la-alerta-de-genero-en-sinaloa-tras-un-ano-de-inactividad\/"},"author":{"name":"Marissa Palafox","@id":"https:\/\/fuentesfidedignas.com.mx\/#\/schema\/person\/2c10028b4a30078c05a056a215342ab9"},"headline":"Retoman trabajos de la Alerta de G\u00e9nero en Sinaloa tras un a\u00f1o de inactividad","datePublished":"2026-04-29T09:27:00+00:00","mainEntityOfPage":{"@id":"https:\/\/fuentesfidedignas.com.mx\/index.php\/2026\/04\/29\/retoman-trabajos-de-la-alerta-de-genero-en-sinaloa-tras-un-ano-de-inactividad\/"},"wordCount":268,"publisher":{"@id":"https:\/\/fuentesfidedignas.com.mx\/#organization"},"image":{"@id":"https:\/\/fuentesfidedignas.com.mx\/index.php\/2026\/04\/29\/retoman-trabajos-de-la-alerta-de-genero-en-sinaloa-tras-un-ano-de-inactividad\/#primaryimage"},"thumbnailUrl":"https:\/\/fuentesfidedignas.com.mx\/wp-content\/uploads\/2022\/03\/feminicidio.jpg","articleSection":["IGUALDAD SUSTANTIVA","SEMANALES"],"inLanguage":"es"},{"@type":"WebPage","@id":"https:\/\/fuentesfidedignas.com.mx\/index.php\/2026\/04\/29\/retoman-trabajos-de-la-alerta-de-genero-en-sinaloa-tras-un-ano-de-inactividad\/","url":"https:\/\/fuentesfidedignas.com.mx\/index.php\/2026\/04\/29\/retoman-trabajos-de-la-alerta-de-genero-en-sinaloa-tras-un-ano-de-inactividad\/","name":"Retoman trabajos de la Alerta de G\u00e9nero en Sinaloa tras un a\u00f1o de inactividad - Fuentes Fidedignas","isPartOf":{"@id":"https:\/\/fuentesfidedignas.com.mx\/#website"},"primaryImageOfPage":{"@id":"https:\/\/fuentesfidedignas.com.mx\/index.php\/2026\/04\/29\/retoman-trabajos-de-la-alerta-de-genero-en-sinaloa-tras-un-ano-de-inactividad\/#primaryimage"},"image":{"@id":"https:\/\/fuentesfidedignas.com.mx\/index.php\/2026\/04\/29\/retoman-trabajos-de-la-alerta-de-genero-en-sinaloa-tras-un-ano-de-inactividad\/#primaryimage"},"thumbnailUrl":"https:\/\/fuentesfidedignas.com.mx\/wp-content\/uploads\/2022\/03\/feminicidio.jpg","datePublished":"2026-04-29T09:27:00+00:00","breadcrumb":{"@id":"https:\/\/fuentesfidedignas.com.mx\/index.php\/2026\/04\/29\/retoman-trabajos-de-la-alerta-de-genero-en-sinaloa-tras-un-ano-de-inactividad\/#breadcrumb"},"inLanguage":"es","potentialAction":[{"@type":"ReadAction","target":["https:\/\/fuentesfidedignas.com.mx\/index.php\/2026\/04\/29\/retoman-trabajos-de-la-alerta-de-genero-en-sinaloa-tras-un-ano-de-inactividad\/"]}]},{"@type":"ImageObject","inLanguage":"es","@id":"https:\/\/fuentesfidedignas.com.mx\/index.php\/2026\/04\/29\/retoman-trabajos-de-la-alerta-de-genero-en-sinaloa-tras-un-ano-de-inactividad\/#primaryimage","url":"https:\/\/fuentesfidedignas.com.mx\/wp-content\/uploads\/2022\/03\/feminicidio.jpg","contentUrl":"https:\/\/fuentesfidedignas.com.mx\/wp-content\/uploads\/2022\/03\/feminicidio.jpg","width":1140,"height":712},{"@type":"BreadcrumbList","@id":"https:\/\/fuentesfidedignas.com.mx\/index.php\/2026\/04\/29\/retoman-trabajos-de-la-alerta-de-genero-en-sinaloa-tras-un-ano-de-inactividad\/#breadcrumb","itemListElement":[{"@type":"ListItem","position":1,"name":"Inicio","item":"https:\/\/fuentesfidedignas.com.mx\/"},{"@type":"ListItem","position":2,"name":"Retoman trabajos de la Alerta de G\u00e9nero en Sinaloa tras un a\u00f1o de inactividad"}]},{"@type":"WebSite","@id":"https:\/\/fuentesfidedignas.com.mx\/#website","url":"https:\/\/fuentesfidedignas.com.mx\/","name":"Fuentes Fidedignas","description":"Otro sitio realizado con WordPress","publisher":{"@id":"https:\/\/fuentesfidedignas.com.mx\/#organization"},"potentialAction":[{"@type":"SearchAction","target":{"@type":"EntryPoint","urlTemplate":"https:\/\/fuentesfidedignas.com.mx\/?s={search_term_string}"},"query-input":{"@type":"PropertyValueSpecification","valueRequired":true,"valueName":"search_term_string"}}],"inLanguage":"es"},{"@type":"Organization","@id":"https:\/\/fuentesfidedignas.com.mx\/#organization","name":"Fuentes Fidedignas","url":"https:\/\/fuentesfidedignas.com.mx\/","logo":{"@type":"ImageObject","inLanguage":"es","@id":"https:\/\/fuentesfidedignas.com.mx\/#\/schema\/logo\/image\/","url":"https:\/\/fuentesfidedignas.com.mx\/wp-content\/uploads\/2021\/04\/logo-retina.png","contentUrl":"https:\/\/fuentesfidedignas.com.mx\/wp-content\/uploads\/2021\/04\/logo-retina.png","width":280,"height":51,"caption":"Fuentes Fidedignas"},"image":{"@id":"https:\/\/fuentesfidedignas.com.mx\/#\/schema\/logo\/image\/"},"sameAs":["https:\/\/www.facebook.com\/Fuentes-Fidedignas-368234489921644","https:\/\/x.com\/fidedignas"]},{"@type":"Person","@id":"https:\/\/fuentesfidedignas.com.mx\/#\/schema\/person\/2c10028b4a30078c05a056a215342ab9","name":"Marissa Palafox","image":{"@type":"ImageObject","inLanguage":"es","@id":"https:\/\/secure.gravatar.com\/avatar\/20a43bdb2f2db10f20b22d4e98b96eb027faf98f7f76d29854dc5fab46d1cf71?s=96&d=mm&r=g","url":"https:\/\/secure.gravatar.com\/avatar\/20a43bdb2f2db10f20b22d4e98b96eb027faf98f7f76d29854dc5fab46d1cf71?s=96&d=mm&r=g","contentUrl":"https:\/\/secure.gravatar.com\/avatar\/20a43bdb2f2db10f20b22d4e98b96eb027faf98f7f76d29854dc5fab46d1cf71?s=96&d=mm&r=g","caption":"Marissa Palafox"},"url":"https:\/\/fuentesfidedignas.com.mx\/index.php\/author\/marissa\/"}]}},"_links":{"self":[{"href":"https:\/\/fuentesfidedignas.com.mx\/index.php\/wp-json\/wp\/v2\/posts\/132454","targetHints":{"allow":["GET"]}}],"collection":[{"href":"https:\/\/fuentesfidedignas.com.mx\/index.php\/wp-json\/wp\/v2\/posts"}],"about":[{"href":"https:\/\/fuentesfidedignas.com.mx\/index.php\/wp-json\/wp\/v2\/types\/post"}],"author":[{"embeddable":true,"href":"https:\/\/fuentesfidedignas.com.mx\/index.php\/wp-json\/wp\/v2\/users\/11"}],"replies":[{"embeddable":true,"href":"https:\/\/fuentesfidedignas.com.mx\/index.php\/wp-json\/wp\/v2\/comments?post=132454"}],"version-history":[{"count":1,"href":"https:\/\/fuentesfidedignas.com.mx\/index.php\/wp-json\/wp\/v2\/posts\/132454\/revisions"}],"predecessor-version":[{"id":132455,"href":"https:\/\/fuentesfidedignas.com.mx\/index.php\/wp-json\/wp\/v2\/posts\/132454\/revisions\/132455"}],"wp:featuredmedia":[{"embeddable":true,"href":"https:\/\/fuentesfidedignas.com.mx\/index.php\/wp-json\/wp\/v2\/media\/25727"}],"wp:attachment":[{"href":"https:\/\/fuentesfidedignas.com.mx\/index.php\/wp-json\/wp\/v2\/media?parent=132454"}],"wp:term":[{"taxonomy":"category","embeddable":true,"href":"https:\/\/fuentesfidedignas.com.mx\/index.php\/wp-json\/wp\/v2\/categories?post=132454"},{"taxonomy":"post_tag","embeddable":true,"href":"https:\/\/fuentesfidedignas.com.mx\/index.php\/wp-json\/wp\/v2\/tags?post=132454"}],"curies":[{"name":"wp","href":"https:\/\/api.w.org\/{rel}","templated":true}]}}