{"id":132451,"date":"2026-04-28T14:19:03","date_gmt":"2026-04-28T21:19:03","guid":{"rendered":"https:\/\/fuentesfidedignas.com.mx\/?p=132451"},"modified":"2026-04-28T14:19:15","modified_gmt":"2026-04-28T21:19:15","slug":"pide-licencia-bernardino-antelo-rinde-protesta-su-suplente-lauro-gallardo","status":"publish","type":"post","link":"https:\/\/fuentesfidedignas.com.mx\/index.php\/2026\/04\/28\/pide-licencia-bernardino-antelo-rinde-protesta-su-suplente-lauro-gallardo\/","title":{"rendered":"Pide licencia Bernardino Antelo; rinde protesta su suplente Lauro Gallardo"},"content":{"rendered":"\n<p><strong><em>Aprueba Congreso de Sinaloa licencia del diputado Bernardino Antelo y toma protesta a su suplente Lauro Gallardo<\/em><\/strong><\/p>\n\n\n\n<p>Culiac\u00e1n, Sinaloa.-El Congreso del Estado de Sinaloa aprob\u00f3 por unanimidad la solicitud de licencia por tiempo indefinido presentada por el Diputado Propietario Bernardino Antelo Esper, coordinador del Grupo Parlamentario del Partido Revolucionario Institucional, para separarse de su cargo, con efectos a partir de este mismo martes 28 de abril.<\/p>\n\n\n\n<p>La petici\u00f3n fue formulada conforme a lo dispuesto en el art\u00edculo 43, fracci\u00f3n XIX de la Constituci\u00f3n Pol\u00edtica del Estado de Sinaloa y el art\u00edculo 121 de la Ley Org\u00e1nica del Congreso local, por el presidente de la Mesa Directiva, el diputado Rodolfo Valenzuela S\u00e1nchez, y fue sometida a consideraci\u00f3n del Pleno, que resolvi\u00f3 su aprobaci\u00f3n de manera un\u00e1nime.<\/p>\n\n\n\n<p>Tras la autorizaci\u00f3n de la licencia, el Congreso procedi\u00f3 a llamar al Diputado Suplente Lauro Gallardo Castro, quien acudi\u00f3 a la Sesi\u00f3n para asumir el cargo en funciones de Propietario. Para tal efecto, se llev\u00f3 a cabo la toma de protesta de ley, mediante la cual el nuevo legislador asumi\u00f3 formalmente sus funciones, comprometi\u00e9ndose a cumplir con las disposiciones constitucionales y legales aplicables al ejercicio del cargo.<\/p>\n","protected":false},"excerpt":{"rendered":"<p>Aprueba Congreso de Sinaloa licencia del diputado Bernardino Antelo y toma protesta a su suplente Lauro Gallardo Culiac\u00e1n, Sinaloa.-El Congreso del Estado de Sinaloa aprob\u00f3 por unanimidad la solicitud de licencia por tiempo indefinido presentada por el Diputado Propietario Bernardino Antelo Esper, coordinador del Grupo Parlamentario del Partido Revolucionario Institucional, para separarse de su cargo, [&hellip;]<\/p>\n","protected":false},"author":4,"featured_media":132452,"comment_status":"open","ping_status":"open","sticky":false,"template":"","format":"standard","meta":{"tdm_status":"","tdm_grid_status":"","footnotes":""},"categories":[37],"tags":[],"class_list":{"0":"post-132451","1":"post","2":"type-post","3":"status-publish","4":"format-standard","5":"has-post-thumbnail","7":"category-nota-principal"},"yoast_head":"<!-- This site is optimized with the Yoast SEO plugin v27.5 - https:\/\/yoast.com\/product\/yoast-seo-wordpress\/ -->\n<title>Pide licencia Bernardino Antelo; rinde protesta su suplente Lauro Gallardo - Fuentes Fidedignas<\/title>\n<meta name=\"robots\" content=\"index, follow, max-snippet:-1, max-image-preview:large, max-video-preview:-1\" \/>\n<link rel=\"canonical\" href=\"https:\/\/fuentesfidedignas.com.mx\/index.php\/2026\/04\/28\/pide-licencia-bernardino-antelo-rinde-protesta-su-suplente-lauro-gallardo\/\" \/>\n<meta property=\"og:locale\" content=\"es_MX\" \/>\n<meta property=\"og:type\" content=\"article\" \/>\n<meta property=\"og:title\" content=\"Pide licencia Bernardino Antelo; rinde protesta su suplente Lauro Gallardo - Fuentes Fidedignas\" \/>\n<meta property=\"og:description\" content=\"Aprueba Congreso de Sinaloa licencia del diputado Bernardino Antelo y toma protesta a su suplente Lauro Gallardo Culiac\u00e1n, Sinaloa.-El Congreso del Estado de Sinaloa aprob\u00f3 por unanimidad la solicitud de licencia por tiempo indefinido presentada por el Diputado Propietario Bernardino Antelo Esper, coordinador del Grupo Parlamentario del Partido Revolucionario Institucional, para separarse de su cargo, [&hellip;]\" \/>\n<meta property=\"og:url\" content=\"https:\/\/fuentesfidedignas.com.mx\/index.php\/2026\/04\/28\/pide-licencia-bernardino-antelo-rinde-protesta-su-suplente-lauro-gallardo\/\" \/>\n<meta property=\"og:site_name\" content=\"Fuentes Fidedignas\" \/>\n<meta property=\"article:publisher\" content=\"https:\/\/www.facebook.com\/Fuentes-Fidedignas-368234489921644\" \/>\n<meta property=\"article:published_time\" content=\"2026-04-28T21:19:03+00:00\" \/>\n<meta property=\"article:modified_time\" content=\"2026-04-28T21:19:15+00:00\" \/>\n<meta property=\"og:image\" content=\"https:\/\/fuentesfidedignas.com.mx\/wp-content\/uploads\/2026\/04\/WhatsApp-Image-2026-04-28-at-12.17.49-PM-1.jpeg\" \/>\n\t<meta property=\"og:image:width\" content=\"1280\" \/>\n\t<meta property=\"og:image:height\" content=\"855\" \/>\n\t<meta property=\"og:image:type\" content=\"image\/jpeg\" \/>\n<meta name=\"author\" content=\"Redacci\u00f3n\" \/>\n<meta name=\"twitter:card\" content=\"summary_large_image\" \/>\n<meta name=\"twitter:creator\" content=\"@fidedignas\" \/>\n<meta name=\"twitter:site\" content=\"@fidedignas\" \/>\n<meta name=\"twitter:label1\" content=\"Escrito por\" \/>\n\t<meta name=\"twitter:data1\" content=\"Redacci\u00f3n\" \/>\n\t<meta name=\"twitter:label2\" content=\"Tiempo de lectura\" \/>\n\t<meta name=\"twitter:data2\" content=\"2 minutos\" \/>\n<script type=\"application\/ld+json\" class=\"yoast-schema-graph\">{\"@context\":\"https:\\\/\\\/schema.org\",\"@graph\":[{\"@type\":\"Article\",\"@id\":\"https:\\\/\\\/fuentesfidedignas.com.mx\\\/index.php\\\/2026\\\/04\\\/28\\\/pide-licencia-bernardino-antelo-rinde-protesta-su-suplente-lauro-gallardo\\\/#article\",\"isPartOf\":{\"@id\":\"https:\\\/\\\/fuentesfidedignas.com.mx\\\/index.php\\\/2026\\\/04\\\/28\\\/pide-licencia-bernardino-antelo-rinde-protesta-su-suplente-lauro-gallardo\\\/\"},\"author\":{\"name\":\"Redacci\u00f3n\",\"@id\":\"https:\\\/\\\/fuentesfidedignas.com.mx\\\/#\\\/schema\\\/person\\\/331be9283d37198e2acd5750279085b0\"},\"headline\":\"Pide licencia Bernardino Antelo; rinde protesta su suplente Lauro Gallardo\",\"datePublished\":\"2026-04-28T21:19:03+00:00\",\"dateModified\":\"2026-04-28T21:19:15+00:00\",\"mainEntityOfPage\":{\"@id\":\"https:\\\/\\\/fuentesfidedignas.com.mx\\\/index.php\\\/2026\\\/04\\\/28\\\/pide-licencia-bernardino-antelo-rinde-protesta-su-suplente-lauro-gallardo\\\/\"},\"wordCount\":215,\"commentCount\":0,\"publisher\":{\"@id\":\"https:\\\/\\\/fuentesfidedignas.com.mx\\\/#organization\"},\"image\":{\"@id\":\"https:\\\/\\\/fuentesfidedignas.com.mx\\\/index.php\\\/2026\\\/04\\\/28\\\/pide-licencia-bernardino-antelo-rinde-protesta-su-suplente-lauro-gallardo\\\/#primaryimage\"},\"thumbnailUrl\":\"https:\\\/\\\/fuentesfidedignas.com.mx\\\/wp-content\\\/uploads\\\/2026\\\/04\\\/WhatsApp-Image-2026-04-28-at-12.17.49-PM-1.jpeg\",\"articleSection\":[\"NOTA PRINCIPAL\"],\"inLanguage\":\"es\",\"potentialAction\":[{\"@type\":\"CommentAction\",\"name\":\"Comment\",\"target\":[\"https:\\\/\\\/fuentesfidedignas.com.mx\\\/index.php\\\/2026\\\/04\\\/28\\\/pide-licencia-bernardino-antelo-rinde-protesta-su-suplente-lauro-gallardo\\\/#respond\"]}]},{\"@type\":\"WebPage\",\"@id\":\"https:\\\/\\\/fuentesfidedignas.com.mx\\\/index.php\\\/2026\\\/04\\\/28\\\/pide-licencia-bernardino-antelo-rinde-protesta-su-suplente-lauro-gallardo\\\/\",\"url\":\"https:\\\/\\\/fuentesfidedignas.com.mx\\\/index.php\\\/2026\\\/04\\\/28\\\/pide-licencia-bernardino-antelo-rinde-protesta-su-suplente-lauro-gallardo\\\/\",\"name\":\"Pide licencia Bernardino Antelo; rinde protesta su suplente Lauro Gallardo - Fuentes Fidedignas\",\"isPartOf\":{\"@id\":\"https:\\\/\\\/fuentesfidedignas.com.mx\\\/#website\"},\"primaryImageOfPage\":{\"@id\":\"https:\\\/\\\/fuentesfidedignas.com.mx\\\/index.php\\\/2026\\\/04\\\/28\\\/pide-licencia-bernardino-antelo-rinde-protesta-su-suplente-lauro-gallardo\\\/#primaryimage\"},\"image\":{\"@id\":\"https:\\\/\\\/fuentesfidedignas.com.mx\\\/index.php\\\/2026\\\/04\\\/28\\\/pide-licencia-bernardino-antelo-rinde-protesta-su-suplente-lauro-gallardo\\\/#primaryimage\"},\"thumbnailUrl\":\"https:\\\/\\\/fuentesfidedignas.com.mx\\\/wp-content\\\/uploads\\\/2026\\\/04\\\/WhatsApp-Image-2026-04-28-at-12.17.49-PM-1.jpeg\",\"datePublished\":\"2026-04-28T21:19:03+00:00\",\"dateModified\":\"2026-04-28T21:19:15+00:00\",\"breadcrumb\":{\"@id\":\"https:\\\/\\\/fuentesfidedignas.com.mx\\\/index.php\\\/2026\\\/04\\\/28\\\/pide-licencia-bernardino-antelo-rinde-protesta-su-suplente-lauro-gallardo\\\/#breadcrumb\"},\"inLanguage\":\"es\",\"potentialAction\":[{\"@type\":\"ReadAction\",\"target\":[\"https:\\\/\\\/fuentesfidedignas.com.mx\\\/index.php\\\/2026\\\/04\\\/28\\\/pide-licencia-bernardino-antelo-rinde-protesta-su-suplente-lauro-gallardo\\\/\"]}]},{\"@type\":\"ImageObject\",\"inLanguage\":\"es\",\"@id\":\"https:\\\/\\\/fuentesfidedignas.com.mx\\\/index.php\\\/2026\\\/04\\\/28\\\/pide-licencia-bernardino-antelo-rinde-protesta-su-suplente-lauro-gallardo\\\/#primaryimage\",\"url\":\"https:\\\/\\\/fuentesfidedignas.com.mx\\\/wp-content\\\/uploads\\\/2026\\\/04\\\/WhatsApp-Image-2026-04-28-at-12.17.49-PM-1.jpeg\",\"contentUrl\":\"https:\\\/\\\/fuentesfidedignas.com.mx\\\/wp-content\\\/uploads\\\/2026\\\/04\\\/WhatsApp-Image-2026-04-28-at-12.17.49-PM-1.jpeg\",\"width\":1280,\"height\":855},{\"@type\":\"BreadcrumbList\",\"@id\":\"https:\\\/\\\/fuentesfidedignas.com.mx\\\/index.php\\\/2026\\\/04\\\/28\\\/pide-licencia-bernardino-antelo-rinde-protesta-su-suplente-lauro-gallardo\\\/#breadcrumb\",\"itemListElement\":[{\"@type\":\"ListItem\",\"position\":1,\"name\":\"Inicio\",\"item\":\"https:\\\/\\\/fuentesfidedignas.com.mx\\\/\"},{\"@type\":\"ListItem\",\"position\":2,\"name\":\"Pide licencia Bernardino Antelo; rinde protesta su suplente Lauro Gallardo\"}]},{\"@type\":\"WebSite\",\"@id\":\"https:\\\/\\\/fuentesfidedignas.com.mx\\\/#website\",\"url\":\"https:\\\/\\\/fuentesfidedignas.com.mx\\\/\",\"name\":\"Fuentes Fidedignas\",\"description\":\"Otro sitio realizado con WordPress\",\"publisher\":{\"@id\":\"https:\\\/\\\/fuentesfidedignas.com.mx\\\/#organization\"},\"potentialAction\":[{\"@type\":\"SearchAction\",\"target\":{\"@type\":\"EntryPoint\",\"urlTemplate\":\"https:\\\/\\\/fuentesfidedignas.com.mx\\\/?s={search_term_string}\"},\"query-input\":{\"@type\":\"PropertyValueSpecification\",\"valueRequired\":true,\"valueName\":\"search_term_string\"}}],\"inLanguage\":\"es\"},{\"@type\":\"Organization\",\"@id\":\"https:\\\/\\\/fuentesfidedignas.com.mx\\\/#organization\",\"name\":\"Fuentes Fidedignas\",\"url\":\"https:\\\/\\\/fuentesfidedignas.com.mx\\\/\",\"logo\":{\"@type\":\"ImageObject\",\"inLanguage\":\"es\",\"@id\":\"https:\\\/\\\/fuentesfidedignas.com.mx\\\/#\\\/schema\\\/logo\\\/image\\\/\",\"url\":\"https:\\\/\\\/fuentesfidedignas.com.mx\\\/wp-content\\\/uploads\\\/2021\\\/04\\\/logo-retina.png\",\"contentUrl\":\"https:\\\/\\\/fuentesfidedignas.com.mx\\\/wp-content\\\/uploads\\\/2021\\\/04\\\/logo-retina.png\",\"width\":280,\"height\":51,\"caption\":\"Fuentes Fidedignas\"},\"image\":{\"@id\":\"https:\\\/\\\/fuentesfidedignas.com.mx\\\/#\\\/schema\\\/logo\\\/image\\\/\"},\"sameAs\":[\"https:\\\/\\\/www.facebook.com\\\/Fuentes-Fidedignas-368234489921644\",\"https:\\\/\\\/x.com\\\/fidedignas\"]},{\"@type\":\"Person\",\"@id\":\"https:\\\/\\\/fuentesfidedignas.com.mx\\\/#\\\/schema\\\/person\\\/331be9283d37198e2acd5750279085b0\",\"name\":\"Redacci\u00f3n\",\"image\":{\"@type\":\"ImageObject\",\"inLanguage\":\"es\",\"@id\":\"https:\\\/\\\/secure.gravatar.com\\\/avatar\\\/f6d8782c11d12b2d4ad3fbb6931aeab5309937a4d6cd2fc9cfaa28a6396a5aec?s=96&d=mm&r=g\",\"url\":\"https:\\\/\\\/secure.gravatar.com\\\/avatar\\\/f6d8782c11d12b2d4ad3fbb6931aeab5309937a4d6cd2fc9cfaa28a6396a5aec?s=96&d=mm&r=g\",\"contentUrl\":\"https:\\\/\\\/secure.gravatar.com\\\/avatar\\\/f6d8782c11d12b2d4ad3fbb6931aeab5309937a4d6cd2fc9cfaa28a6396a5aec?s=96&d=mm&r=g\",\"caption\":\"Redacci\u00f3n\"},\"url\":\"https:\\\/\\\/fuentesfidedignas.com.mx\\\/index.php\\\/author\\\/redaccion\\\/\"}]}<\/script>\n<!-- \/ Yoast SEO plugin. -->","yoast_head_json":{"title":"Pide licencia Bernardino Antelo; rinde protesta su suplente Lauro Gallardo - Fuentes Fidedignas","robots":{"index":"index","follow":"follow","max-snippet":"max-snippet:-1","max-image-preview":"max-image-preview:large","max-video-preview":"max-video-preview:-1"},"canonical":"https:\/\/fuentesfidedignas.com.mx\/index.php\/2026\/04\/28\/pide-licencia-bernardino-antelo-rinde-protesta-su-suplente-lauro-gallardo\/","og_locale":"es_MX","og_type":"article","og_title":"Pide licencia Bernardino Antelo; rinde protesta su suplente Lauro Gallardo - Fuentes Fidedignas","og_description":"Aprueba Congreso de Sinaloa licencia del diputado Bernardino Antelo y toma protesta a su suplente Lauro Gallardo Culiac\u00e1n, Sinaloa.-El Congreso del Estado de Sinaloa aprob\u00f3 por unanimidad la solicitud de licencia por tiempo indefinido presentada por el Diputado Propietario Bernardino Antelo Esper, coordinador del Grupo Parlamentario del Partido Revolucionario Institucional, para separarse de su cargo, [&hellip;]","og_url":"https:\/\/fuentesfidedignas.com.mx\/index.php\/2026\/04\/28\/pide-licencia-bernardino-antelo-rinde-protesta-su-suplente-lauro-gallardo\/","og_site_name":"Fuentes Fidedignas","article_publisher":"https:\/\/www.facebook.com\/Fuentes-Fidedignas-368234489921644","article_published_time":"2026-04-28T21:19:03+00:00","article_modified_time":"2026-04-28T21:19:15+00:00","og_image":[{"width":1280,"height":855,"url":"https:\/\/fuentesfidedignas.com.mx\/wp-content\/uploads\/2026\/04\/WhatsApp-Image-2026-04-28-at-12.17.49-PM-1.jpeg","type":"image\/jpeg"}],"author":"Redacci\u00f3n","twitter_card":"summary_large_image","twitter_creator":"@fidedignas","twitter_site":"@fidedignas","twitter_misc":{"Escrito por":"Redacci\u00f3n","Tiempo de lectura":"2 minutos"},"schema":{"@context":"https:\/\/schema.org","@graph":[{"@type":"Article","@id":"https:\/\/fuentesfidedignas.com.mx\/index.php\/2026\/04\/28\/pide-licencia-bernardino-antelo-rinde-protesta-su-suplente-lauro-gallardo\/#article","isPartOf":{"@id":"https:\/\/fuentesfidedignas.com.mx\/index.php\/2026\/04\/28\/pide-licencia-bernardino-antelo-rinde-protesta-su-suplente-lauro-gallardo\/"},"author":{"name":"Redacci\u00f3n","@id":"https:\/\/fuentesfidedignas.com.mx\/#\/schema\/person\/331be9283d37198e2acd5750279085b0"},"headline":"Pide licencia Bernardino Antelo; rinde protesta su suplente Lauro Gallardo","datePublished":"2026-04-28T21:19:03+00:00","dateModified":"2026-04-28T21:19:15+00:00","mainEntityOfPage":{"@id":"https:\/\/fuentesfidedignas.com.mx\/index.php\/2026\/04\/28\/pide-licencia-bernardino-antelo-rinde-protesta-su-suplente-lauro-gallardo\/"},"wordCount":215,"commentCount":0,"publisher":{"@id":"https:\/\/fuentesfidedignas.com.mx\/#organization"},"image":{"@id":"https:\/\/fuentesfidedignas.com.mx\/index.php\/2026\/04\/28\/pide-licencia-bernardino-antelo-rinde-protesta-su-suplente-lauro-gallardo\/#primaryimage"},"thumbnailUrl":"https:\/\/fuentesfidedignas.com.mx\/wp-content\/uploads\/2026\/04\/WhatsApp-Image-2026-04-28-at-12.17.49-PM-1.jpeg","articleSection":["NOTA PRINCIPAL"],"inLanguage":"es","potentialAction":[{"@type":"CommentAction","name":"Comment","target":["https:\/\/fuentesfidedignas.com.mx\/index.php\/2026\/04\/28\/pide-licencia-bernardino-antelo-rinde-protesta-su-suplente-lauro-gallardo\/#respond"]}]},{"@type":"WebPage","@id":"https:\/\/fuentesfidedignas.com.mx\/index.php\/2026\/04\/28\/pide-licencia-bernardino-antelo-rinde-protesta-su-suplente-lauro-gallardo\/","url":"https:\/\/fuentesfidedignas.com.mx\/index.php\/2026\/04\/28\/pide-licencia-bernardino-antelo-rinde-protesta-su-suplente-lauro-gallardo\/","name":"Pide licencia Bernardino Antelo; rinde protesta su suplente Lauro Gallardo - Fuentes Fidedignas","isPartOf":{"@id":"https:\/\/fuentesfidedignas.com.mx\/#website"},"primaryImageOfPage":{"@id":"https:\/\/fuentesfidedignas.com.mx\/index.php\/2026\/04\/28\/pide-licencia-bernardino-antelo-rinde-protesta-su-suplente-lauro-gallardo\/#primaryimage"},"image":{"@id":"https:\/\/fuentesfidedignas.com.mx\/index.php\/2026\/04\/28\/pide-licencia-bernardino-antelo-rinde-protesta-su-suplente-lauro-gallardo\/#primaryimage"},"thumbnailUrl":"https:\/\/fuentesfidedignas.com.mx\/wp-content\/uploads\/2026\/04\/WhatsApp-Image-2026-04-28-at-12.17.49-PM-1.jpeg","datePublished":"2026-04-28T21:19:03+00:00","dateModified":"2026-04-28T21:19:15+00:00","breadcrumb":{"@id":"https:\/\/fuentesfidedignas.com.mx\/index.php\/2026\/04\/28\/pide-licencia-bernardino-antelo-rinde-protesta-su-suplente-lauro-gallardo\/#breadcrumb"},"inLanguage":"es","potentialAction":[{"@type":"ReadAction","target":["https:\/\/fuentesfidedignas.com.mx\/index.php\/2026\/04\/28\/pide-licencia-bernardino-antelo-rinde-protesta-su-suplente-lauro-gallardo\/"]}]},{"@type":"ImageObject","inLanguage":"es","@id":"https:\/\/fuentesfidedignas.com.mx\/index.php\/2026\/04\/28\/pide-licencia-bernardino-antelo-rinde-protesta-su-suplente-lauro-gallardo\/#primaryimage","url":"https:\/\/fuentesfidedignas.com.mx\/wp-content\/uploads\/2026\/04\/WhatsApp-Image-2026-04-28-at-12.17.49-PM-1.jpeg","contentUrl":"https:\/\/fuentesfidedignas.com.mx\/wp-content\/uploads\/2026\/04\/WhatsApp-Image-2026-04-28-at-12.17.49-PM-1.jpeg","width":1280,"height":855},{"@type":"BreadcrumbList","@id":"https:\/\/fuentesfidedignas.com.mx\/index.php\/2026\/04\/28\/pide-licencia-bernardino-antelo-rinde-protesta-su-suplente-lauro-gallardo\/#breadcrumb","itemListElement":[{"@type":"ListItem","position":1,"name":"Inicio","item":"https:\/\/fuentesfidedignas.com.mx\/"},{"@type":"ListItem","position":2,"name":"Pide licencia Bernardino Antelo; rinde protesta su suplente Lauro Gallardo"}]},{"@type":"WebSite","@id":"https:\/\/fuentesfidedignas.com.mx\/#website","url":"https:\/\/fuentesfidedignas.com.mx\/","name":"Fuentes Fidedignas","description":"Otro sitio realizado con WordPress","publisher":{"@id":"https:\/\/fuentesfidedignas.com.mx\/#organization"},"potentialAction":[{"@type":"SearchAction","target":{"@type":"EntryPoint","urlTemplate":"https:\/\/fuentesfidedignas.com.mx\/?s={search_term_string}"},"query-input":{"@type":"PropertyValueSpecification","valueRequired":true,"valueName":"search_term_string"}}],"inLanguage":"es"},{"@type":"Organization","@id":"https:\/\/fuentesfidedignas.com.mx\/#organization","name":"Fuentes Fidedignas","url":"https:\/\/fuentesfidedignas.com.mx\/","logo":{"@type":"ImageObject","inLanguage":"es","@id":"https:\/\/fuentesfidedignas.com.mx\/#\/schema\/logo\/image\/","url":"https:\/\/fuentesfidedignas.com.mx\/wp-content\/uploads\/2021\/04\/logo-retina.png","contentUrl":"https:\/\/fuentesfidedignas.com.mx\/wp-content\/uploads\/2021\/04\/logo-retina.png","width":280,"height":51,"caption":"Fuentes Fidedignas"},"image":{"@id":"https:\/\/fuentesfidedignas.com.mx\/#\/schema\/logo\/image\/"},"sameAs":["https:\/\/www.facebook.com\/Fuentes-Fidedignas-368234489921644","https:\/\/x.com\/fidedignas"]},{"@type":"Person","@id":"https:\/\/fuentesfidedignas.com.mx\/#\/schema\/person\/331be9283d37198e2acd5750279085b0","name":"Redacci\u00f3n","image":{"@type":"ImageObject","inLanguage":"es","@id":"https:\/\/secure.gravatar.com\/avatar\/f6d8782c11d12b2d4ad3fbb6931aeab5309937a4d6cd2fc9cfaa28a6396a5aec?s=96&d=mm&r=g","url":"https:\/\/secure.gravatar.com\/avatar\/f6d8782c11d12b2d4ad3fbb6931aeab5309937a4d6cd2fc9cfaa28a6396a5aec?s=96&d=mm&r=g","contentUrl":"https:\/\/secure.gravatar.com\/avatar\/f6d8782c11d12b2d4ad3fbb6931aeab5309937a4d6cd2fc9cfaa28a6396a5aec?s=96&d=mm&r=g","caption":"Redacci\u00f3n"},"url":"https:\/\/fuentesfidedignas.com.mx\/index.php\/author\/redaccion\/"}]}},"_links":{"self":[{"href":"https:\/\/fuentesfidedignas.com.mx\/index.php\/wp-json\/wp\/v2\/posts\/132451","targetHints":{"allow":["GET"]}}],"collection":[{"href":"https:\/\/fuentesfidedignas.com.mx\/index.php\/wp-json\/wp\/v2\/posts"}],"about":[{"href":"https:\/\/fuentesfidedignas.com.mx\/index.php\/wp-json\/wp\/v2\/types\/post"}],"author":[{"embeddable":true,"href":"https:\/\/fuentesfidedignas.com.mx\/index.php\/wp-json\/wp\/v2\/users\/4"}],"replies":[{"embeddable":true,"href":"https:\/\/fuentesfidedignas.com.mx\/index.php\/wp-json\/wp\/v2\/comments?post=132451"}],"version-history":[{"count":1,"href":"https:\/\/fuentesfidedignas.com.mx\/index.php\/wp-json\/wp\/v2\/posts\/132451\/revisions"}],"predecessor-version":[{"id":132453,"href":"https:\/\/fuentesfidedignas.com.mx\/index.php\/wp-json\/wp\/v2\/posts\/132451\/revisions\/132453"}],"wp:featuredmedia":[{"embeddable":true,"href":"https:\/\/fuentesfidedignas.com.mx\/index.php\/wp-json\/wp\/v2\/media\/132452"}],"wp:attachment":[{"href":"https:\/\/fuentesfidedignas.com.mx\/index.php\/wp-json\/wp\/v2\/media?parent=132451"}],"wp:term":[{"taxonomy":"category","embeddable":true,"href":"https:\/\/fuentesfidedignas.com.mx\/index.php\/wp-json\/wp\/v2\/categories?post=132451"},{"taxonomy":"post_tag","embeddable":true,"href":"https:\/\/fuentesfidedignas.com.mx\/index.php\/wp-json\/wp\/v2\/tags?post=132451"}],"curies":[{"name":"wp","href":"https:\/\/api.w.org\/{rel}","templated":true}]}}