{"id":132449,"date":"2026-04-28T14:00:46","date_gmt":"2026-04-28T21:00:46","guid":{"rendered":"https:\/\/fuentesfidedignas.com.mx\/?p=132449"},"modified":"2026-04-28T14:00:46","modified_gmt":"2026-04-28T21:00:46","slug":"cobaes-fortalece-vinculo-con-familias-en-foro-estatal-de-expresion-2026","status":"publish","type":"post","link":"https:\/\/fuentesfidedignas.com.mx\/index.php\/2026\/04\/28\/cobaes-fortalece-vinculo-con-familias-en-foro-estatal-de-expresion-2026\/","title":{"rendered":"COBAES fortalece v\u00ednculo con familias en Foro Estatal de Expresi\u00f3n 2026"},"content":{"rendered":"\n<p><\/p>\n\n\n\n<p>\u2022 <em>Con la participaci\u00f3n de 380 madres y padres de familia de todo el estado, COBAES llev\u00f3 a cabo el Foro de Expresi\u00f3n para fortalecer la colaboraci\u00f3n entre escuela y familia en la formaci\u00f3n integral del estudiantado.<\/em><\/p>\n\n\n\n<p><em>Culiac\u00e1n, Sinaloa.<\/em>\u2013 Durante la inauguraci\u00f3n del Foro Estatal de Expresi\u00f3n 2026: \u201cLa familia, un referente socioemocional en la educaci\u00f3n\u201d, organizado por la Direcci\u00f3n de Extensi\u00f3n de la Cultura del Colegio de Bachilleres, el director general de COBAES, Santiago Inzunza C\u00e1zares, quien estuvo acompa\u00f1ado de la secretaria de Educaci\u00f3n P\u00fablica y Cultura, Gloria Himelda F\u00e9lix Niebla, destac\u00f3 la relevancia de la participaci\u00f3n activa de madres y padres de familia como un pilar fundamental en la formaci\u00f3n de las y los estudiantes.<\/p>\n\n\n\n<p>En el mensaje que ofreci\u00f3 ante 380 madres y padres de familia de todo el estado que asistieron al evento, Inzunza C\u00e1zares subray\u00f3 que este encuentro representa un espacio significativo para el di\u00e1logo y la reflexi\u00f3n conjunta, reconociendo que la decisi\u00f3n de que los j\u00f3venes estudien en COBAES suele ser compartida entre hijos y familias.<\/p>\n\n\n\n<p>\u201cQueremos que los j\u00f3venes egresados de COBAES se inscriban en una carrera profesional, que les vaya muy bien en su examen, que adquieran los conocimientos de todas las disciplinas acad\u00e9micas, human\u00edsticas y sociales que vienen en el plan de estudios. Pero hoy la educaci\u00f3n va mucho m\u00e1s all\u00e1 de eso. Hay que orientar a los j\u00f3venes sobre adicciones, sexualidad, derechos humanos, redes sociales y medio ambiente, entre otros temas de la sociedad moderna, a lo que le llamamos formaci\u00f3n integral\u201d.<\/p>\n\n\n\n<p>A su vez, la secretaria de Educaci\u00f3n en Sinaloa, Gloria Himelda F\u00e9lix Niebla, destac\u00f3 que la participaci\u00f3n de madres y padres de familia es fundamental para el logro de los objetivos educativos, al formar parte esencial del binomio \u201cEscuela-Comunidad\u201d. Se\u00f1al\u00f3 que, aunque la rector\u00eda de la educaci\u00f3n corresponde al Estado, esta no puede cumplir plenamente sus fines sin el acompa\u00f1amiento activo de las familias, por lo que reconoci\u00f3 su asistencia al foro como una muestra de compromiso y corresponsabilidad en la formaci\u00f3n de sus hijos.<\/p>\n\n\n\n<p>Subray\u00f3 que el modelo educativo actual, enmarcado en la Nueva Escuela Mexicana, concibe un trinomio integrado por aula, escuela y comunidad, donde los padres de familia est\u00e1n intr\u00ednsecamente involucrados. En este sentido, enfatiz\u00f3 que su participaci\u00f3n no solo fortalece el aprendizaje acad\u00e9mico, sino tambi\u00e9n la toma de decisiones en los planteles, desde mejoras en infraestructura hasta la definici\u00f3n de acciones que impactan directamente en el entorno educativo.<\/p>\n\n\n\n<p>Por su parte, Neila Beltr\u00e1n Arredondo, madre de familia de una alumna del plantel 24 \u201cGral. Emiliano Zapata\u201d, se\u00f1al\u00f3 que la educaci\u00f3n es un trabajo conjunto que se fortalece cuando existe di\u00e1logo, respeto y colaboraci\u00f3n entre autoridades, personal educativo y familias. \u201cPara las familias, estos foros de comunicaci\u00f3n marcan una diferencia importante, ya que nos permiten sentirnos tomados en cuenta, expresar inquietudes, resolver dudas y participar de manera corresponsable en la educaci\u00f3n de nuestros hijos e hijas\u201d.<\/p>\n\n\n\n<p>En el evento estuvieron presentes el secretario general de COBAES, Jos\u00e9 Jaime Montes Salas; el director acad\u00e9mico, Arturo Guti\u00e9rrez Olvera; el director de Extensi\u00f3n de la Cultura, Edson Emilio Ibarra Guti\u00e9rrez; as\u00ed como otras autoridades del Colegio de Bachilleres.<\/p>\n\n\n\n<p><\/p>\n","protected":false},"excerpt":{"rendered":"<p>\u2022 Con la participaci\u00f3n de 380 madres y padres de familia de todo el estado, COBAES llev\u00f3 a cabo el Foro de Expresi\u00f3n para fortalecer la colaboraci\u00f3n entre escuela y familia en la formaci\u00f3n integral del estudiantado. Culiac\u00e1n, Sinaloa.\u2013 Durante la inauguraci\u00f3n del Foro Estatal de Expresi\u00f3n 2026: \u201cLa familia, un referente socioemocional en la [&hellip;]<\/p>\n","protected":false},"author":4,"featured_media":132448,"comment_status":"closed","ping_status":"open","sticky":false,"template":"","format":"standard","meta":{"tdm_status":"","tdm_grid_status":"","footnotes":""},"categories":[38],"tags":[],"class_list":{"0":"post-132449","1":"post","2":"type-post","3":"status-publish","4":"format-standard","5":"has-post-thumbnail","7":"category-noticias-locales"},"yoast_head":"<!-- This site is optimized with the Yoast SEO plugin v27.5 - https:\/\/yoast.com\/product\/yoast-seo-wordpress\/ -->\n<title>COBAES fortalece v\u00ednculo con familias en Foro Estatal de Expresi\u00f3n 2026 - Fuentes Fidedignas<\/title>\n<meta name=\"robots\" content=\"index, follow, max-snippet:-1, max-image-preview:large, max-video-preview:-1\" \/>\n<link rel=\"canonical\" href=\"https:\/\/fuentesfidedignas.com.mx\/index.php\/2026\/04\/28\/cobaes-fortalece-vinculo-con-familias-en-foro-estatal-de-expresion-2026\/\" \/>\n<meta property=\"og:locale\" content=\"es_MX\" \/>\n<meta property=\"og:type\" content=\"article\" \/>\n<meta property=\"og:title\" content=\"COBAES fortalece v\u00ednculo con familias en Foro Estatal de Expresi\u00f3n 2026 - Fuentes Fidedignas\" \/>\n<meta property=\"og:description\" content=\"\u2022 Con la participaci\u00f3n de 380 madres y padres de familia de todo el estado, COBAES llev\u00f3 a cabo el Foro de Expresi\u00f3n para fortalecer la colaboraci\u00f3n entre escuela y familia en la formaci\u00f3n integral del estudiantado. Culiac\u00e1n, Sinaloa.\u2013 Durante la inauguraci\u00f3n del Foro Estatal de Expresi\u00f3n 2026: \u201cLa familia, un referente socioemocional en la [&hellip;]\" \/>\n<meta property=\"og:url\" content=\"https:\/\/fuentesfidedignas.com.mx\/index.php\/2026\/04\/28\/cobaes-fortalece-vinculo-con-familias-en-foro-estatal-de-expresion-2026\/\" \/>\n<meta property=\"og:site_name\" content=\"Fuentes Fidedignas\" \/>\n<meta property=\"article:publisher\" content=\"https:\/\/www.facebook.com\/Fuentes-Fidedignas-368234489921644\" \/>\n<meta property=\"article:published_time\" content=\"2026-04-28T21:00:46+00:00\" \/>\n<meta property=\"og:image\" content=\"https:\/\/fuentesfidedignas.com.mx\/wp-content\/uploads\/2026\/04\/5d192e5d-aff2-4a64-865f-e18e61356855.jpeg\" \/>\n\t<meta property=\"og:image:width\" content=\"1600\" \/>\n\t<meta property=\"og:image:height\" content=\"1068\" \/>\n\t<meta property=\"og:image:type\" content=\"image\/jpeg\" \/>\n<meta name=\"author\" content=\"Redacci\u00f3n\" \/>\n<meta name=\"twitter:card\" content=\"summary_large_image\" \/>\n<meta name=\"twitter:creator\" content=\"@fidedignas\" \/>\n<meta name=\"twitter:site\" content=\"@fidedignas\" \/>\n<meta name=\"twitter:label1\" content=\"Escrito por\" \/>\n\t<meta name=\"twitter:data1\" content=\"Redacci\u00f3n\" \/>\n\t<meta name=\"twitter:label2\" content=\"Tiempo de lectura\" \/>\n\t<meta name=\"twitter:data2\" content=\"3 minutos\" \/>\n<script type=\"application\/ld+json\" class=\"yoast-schema-graph\">{\"@context\":\"https:\\\/\\\/schema.org\",\"@graph\":[{\"@type\":\"Article\",\"@id\":\"https:\\\/\\\/fuentesfidedignas.com.mx\\\/index.php\\\/2026\\\/04\\\/28\\\/cobaes-fortalece-vinculo-con-familias-en-foro-estatal-de-expresion-2026\\\/#article\",\"isPartOf\":{\"@id\":\"https:\\\/\\\/fuentesfidedignas.com.mx\\\/index.php\\\/2026\\\/04\\\/28\\\/cobaes-fortalece-vinculo-con-familias-en-foro-estatal-de-expresion-2026\\\/\"},\"author\":{\"name\":\"Redacci\u00f3n\",\"@id\":\"https:\\\/\\\/fuentesfidedignas.com.mx\\\/#\\\/schema\\\/person\\\/331be9283d37198e2acd5750279085b0\"},\"headline\":\"COBAES fortalece v\u00ednculo con familias en Foro Estatal de Expresi\u00f3n 2026\",\"datePublished\":\"2026-04-28T21:00:46+00:00\",\"mainEntityOfPage\":{\"@id\":\"https:\\\/\\\/fuentesfidedignas.com.mx\\\/index.php\\\/2026\\\/04\\\/28\\\/cobaes-fortalece-vinculo-con-familias-en-foro-estatal-de-expresion-2026\\\/\"},\"wordCount\":581,\"publisher\":{\"@id\":\"https:\\\/\\\/fuentesfidedignas.com.mx\\\/#organization\"},\"image\":{\"@id\":\"https:\\\/\\\/fuentesfidedignas.com.mx\\\/index.php\\\/2026\\\/04\\\/28\\\/cobaes-fortalece-vinculo-con-familias-en-foro-estatal-de-expresion-2026\\\/#primaryimage\"},\"thumbnailUrl\":\"https:\\\/\\\/fuentesfidedignas.com.mx\\\/wp-content\\\/uploads\\\/2026\\\/04\\\/5d192e5d-aff2-4a64-865f-e18e61356855.jpeg\",\"articleSection\":[\"NOTICIAS LOCALES\"],\"inLanguage\":\"es\"},{\"@type\":\"WebPage\",\"@id\":\"https:\\\/\\\/fuentesfidedignas.com.mx\\\/index.php\\\/2026\\\/04\\\/28\\\/cobaes-fortalece-vinculo-con-familias-en-foro-estatal-de-expresion-2026\\\/\",\"url\":\"https:\\\/\\\/fuentesfidedignas.com.mx\\\/index.php\\\/2026\\\/04\\\/28\\\/cobaes-fortalece-vinculo-con-familias-en-foro-estatal-de-expresion-2026\\\/\",\"name\":\"COBAES fortalece v\u00ednculo con familias en Foro Estatal de Expresi\u00f3n 2026 - Fuentes Fidedignas\",\"isPartOf\":{\"@id\":\"https:\\\/\\\/fuentesfidedignas.com.mx\\\/#website\"},\"primaryImageOfPage\":{\"@id\":\"https:\\\/\\\/fuentesfidedignas.com.mx\\\/index.php\\\/2026\\\/04\\\/28\\\/cobaes-fortalece-vinculo-con-familias-en-foro-estatal-de-expresion-2026\\\/#primaryimage\"},\"image\":{\"@id\":\"https:\\\/\\\/fuentesfidedignas.com.mx\\\/index.php\\\/2026\\\/04\\\/28\\\/cobaes-fortalece-vinculo-con-familias-en-foro-estatal-de-expresion-2026\\\/#primaryimage\"},\"thumbnailUrl\":\"https:\\\/\\\/fuentesfidedignas.com.mx\\\/wp-content\\\/uploads\\\/2026\\\/04\\\/5d192e5d-aff2-4a64-865f-e18e61356855.jpeg\",\"datePublished\":\"2026-04-28T21:00:46+00:00\",\"breadcrumb\":{\"@id\":\"https:\\\/\\\/fuentesfidedignas.com.mx\\\/index.php\\\/2026\\\/04\\\/28\\\/cobaes-fortalece-vinculo-con-familias-en-foro-estatal-de-expresion-2026\\\/#breadcrumb\"},\"inLanguage\":\"es\",\"potentialAction\":[{\"@type\":\"ReadAction\",\"target\":[\"https:\\\/\\\/fuentesfidedignas.com.mx\\\/index.php\\\/2026\\\/04\\\/28\\\/cobaes-fortalece-vinculo-con-familias-en-foro-estatal-de-expresion-2026\\\/\"]}]},{\"@type\":\"ImageObject\",\"inLanguage\":\"es\",\"@id\":\"https:\\\/\\\/fuentesfidedignas.com.mx\\\/index.php\\\/2026\\\/04\\\/28\\\/cobaes-fortalece-vinculo-con-familias-en-foro-estatal-de-expresion-2026\\\/#primaryimage\",\"url\":\"https:\\\/\\\/fuentesfidedignas.com.mx\\\/wp-content\\\/uploads\\\/2026\\\/04\\\/5d192e5d-aff2-4a64-865f-e18e61356855.jpeg\",\"contentUrl\":\"https:\\\/\\\/fuentesfidedignas.com.mx\\\/wp-content\\\/uploads\\\/2026\\\/04\\\/5d192e5d-aff2-4a64-865f-e18e61356855.jpeg\",\"width\":1600,\"height\":1068},{\"@type\":\"BreadcrumbList\",\"@id\":\"https:\\\/\\\/fuentesfidedignas.com.mx\\\/index.php\\\/2026\\\/04\\\/28\\\/cobaes-fortalece-vinculo-con-familias-en-foro-estatal-de-expresion-2026\\\/#breadcrumb\",\"itemListElement\":[{\"@type\":\"ListItem\",\"position\":1,\"name\":\"Inicio\",\"item\":\"https:\\\/\\\/fuentesfidedignas.com.mx\\\/\"},{\"@type\":\"ListItem\",\"position\":2,\"name\":\"COBAES fortalece v\u00ednculo con familias en Foro Estatal de Expresi\u00f3n 2026\"}]},{\"@type\":\"WebSite\",\"@id\":\"https:\\\/\\\/fuentesfidedignas.com.mx\\\/#website\",\"url\":\"https:\\\/\\\/fuentesfidedignas.com.mx\\\/\",\"name\":\"Fuentes Fidedignas\",\"description\":\"Otro sitio realizado con WordPress\",\"publisher\":{\"@id\":\"https:\\\/\\\/fuentesfidedignas.com.mx\\\/#organization\"},\"potentialAction\":[{\"@type\":\"SearchAction\",\"target\":{\"@type\":\"EntryPoint\",\"urlTemplate\":\"https:\\\/\\\/fuentesfidedignas.com.mx\\\/?s={search_term_string}\"},\"query-input\":{\"@type\":\"PropertyValueSpecification\",\"valueRequired\":true,\"valueName\":\"search_term_string\"}}],\"inLanguage\":\"es\"},{\"@type\":\"Organization\",\"@id\":\"https:\\\/\\\/fuentesfidedignas.com.mx\\\/#organization\",\"name\":\"Fuentes Fidedignas\",\"url\":\"https:\\\/\\\/fuentesfidedignas.com.mx\\\/\",\"logo\":{\"@type\":\"ImageObject\",\"inLanguage\":\"es\",\"@id\":\"https:\\\/\\\/fuentesfidedignas.com.mx\\\/#\\\/schema\\\/logo\\\/image\\\/\",\"url\":\"https:\\\/\\\/fuentesfidedignas.com.mx\\\/wp-content\\\/uploads\\\/2021\\\/04\\\/logo-retina.png\",\"contentUrl\":\"https:\\\/\\\/fuentesfidedignas.com.mx\\\/wp-content\\\/uploads\\\/2021\\\/04\\\/logo-retina.png\",\"width\":280,\"height\":51,\"caption\":\"Fuentes Fidedignas\"},\"image\":{\"@id\":\"https:\\\/\\\/fuentesfidedignas.com.mx\\\/#\\\/schema\\\/logo\\\/image\\\/\"},\"sameAs\":[\"https:\\\/\\\/www.facebook.com\\\/Fuentes-Fidedignas-368234489921644\",\"https:\\\/\\\/x.com\\\/fidedignas\"]},{\"@type\":\"Person\",\"@id\":\"https:\\\/\\\/fuentesfidedignas.com.mx\\\/#\\\/schema\\\/person\\\/331be9283d37198e2acd5750279085b0\",\"name\":\"Redacci\u00f3n\",\"image\":{\"@type\":\"ImageObject\",\"inLanguage\":\"es\",\"@id\":\"https:\\\/\\\/secure.gravatar.com\\\/avatar\\\/f6d8782c11d12b2d4ad3fbb6931aeab5309937a4d6cd2fc9cfaa28a6396a5aec?s=96&d=mm&r=g\",\"url\":\"https:\\\/\\\/secure.gravatar.com\\\/avatar\\\/f6d8782c11d12b2d4ad3fbb6931aeab5309937a4d6cd2fc9cfaa28a6396a5aec?s=96&d=mm&r=g\",\"contentUrl\":\"https:\\\/\\\/secure.gravatar.com\\\/avatar\\\/f6d8782c11d12b2d4ad3fbb6931aeab5309937a4d6cd2fc9cfaa28a6396a5aec?s=96&d=mm&r=g\",\"caption\":\"Redacci\u00f3n\"},\"url\":\"https:\\\/\\\/fuentesfidedignas.com.mx\\\/index.php\\\/author\\\/redaccion\\\/\"}]}<\/script>\n<!-- \/ Yoast SEO plugin. -->","yoast_head_json":{"title":"COBAES fortalece v\u00ednculo con familias en Foro Estatal de Expresi\u00f3n 2026 - Fuentes Fidedignas","robots":{"index":"index","follow":"follow","max-snippet":"max-snippet:-1","max-image-preview":"max-image-preview:large","max-video-preview":"max-video-preview:-1"},"canonical":"https:\/\/fuentesfidedignas.com.mx\/index.php\/2026\/04\/28\/cobaes-fortalece-vinculo-con-familias-en-foro-estatal-de-expresion-2026\/","og_locale":"es_MX","og_type":"article","og_title":"COBAES fortalece v\u00ednculo con familias en Foro Estatal de Expresi\u00f3n 2026 - Fuentes Fidedignas","og_description":"\u2022 Con la participaci\u00f3n de 380 madres y padres de familia de todo el estado, COBAES llev\u00f3 a cabo el Foro de Expresi\u00f3n para fortalecer la colaboraci\u00f3n entre escuela y familia en la formaci\u00f3n integral del estudiantado. Culiac\u00e1n, Sinaloa.\u2013 Durante la inauguraci\u00f3n del Foro Estatal de Expresi\u00f3n 2026: \u201cLa familia, un referente socioemocional en la [&hellip;]","og_url":"https:\/\/fuentesfidedignas.com.mx\/index.php\/2026\/04\/28\/cobaes-fortalece-vinculo-con-familias-en-foro-estatal-de-expresion-2026\/","og_site_name":"Fuentes Fidedignas","article_publisher":"https:\/\/www.facebook.com\/Fuentes-Fidedignas-368234489921644","article_published_time":"2026-04-28T21:00:46+00:00","og_image":[{"width":1600,"height":1068,"url":"https:\/\/fuentesfidedignas.com.mx\/wp-content\/uploads\/2026\/04\/5d192e5d-aff2-4a64-865f-e18e61356855.jpeg","type":"image\/jpeg"}],"author":"Redacci\u00f3n","twitter_card":"summary_large_image","twitter_creator":"@fidedignas","twitter_site":"@fidedignas","twitter_misc":{"Escrito por":"Redacci\u00f3n","Tiempo de lectura":"3 minutos"},"schema":{"@context":"https:\/\/schema.org","@graph":[{"@type":"Article","@id":"https:\/\/fuentesfidedignas.com.mx\/index.php\/2026\/04\/28\/cobaes-fortalece-vinculo-con-familias-en-foro-estatal-de-expresion-2026\/#article","isPartOf":{"@id":"https:\/\/fuentesfidedignas.com.mx\/index.php\/2026\/04\/28\/cobaes-fortalece-vinculo-con-familias-en-foro-estatal-de-expresion-2026\/"},"author":{"name":"Redacci\u00f3n","@id":"https:\/\/fuentesfidedignas.com.mx\/#\/schema\/person\/331be9283d37198e2acd5750279085b0"},"headline":"COBAES fortalece v\u00ednculo con familias en Foro Estatal de Expresi\u00f3n 2026","datePublished":"2026-04-28T21:00:46+00:00","mainEntityOfPage":{"@id":"https:\/\/fuentesfidedignas.com.mx\/index.php\/2026\/04\/28\/cobaes-fortalece-vinculo-con-familias-en-foro-estatal-de-expresion-2026\/"},"wordCount":581,"publisher":{"@id":"https:\/\/fuentesfidedignas.com.mx\/#organization"},"image":{"@id":"https:\/\/fuentesfidedignas.com.mx\/index.php\/2026\/04\/28\/cobaes-fortalece-vinculo-con-familias-en-foro-estatal-de-expresion-2026\/#primaryimage"},"thumbnailUrl":"https:\/\/fuentesfidedignas.com.mx\/wp-content\/uploads\/2026\/04\/5d192e5d-aff2-4a64-865f-e18e61356855.jpeg","articleSection":["NOTICIAS LOCALES"],"inLanguage":"es"},{"@type":"WebPage","@id":"https:\/\/fuentesfidedignas.com.mx\/index.php\/2026\/04\/28\/cobaes-fortalece-vinculo-con-familias-en-foro-estatal-de-expresion-2026\/","url":"https:\/\/fuentesfidedignas.com.mx\/index.php\/2026\/04\/28\/cobaes-fortalece-vinculo-con-familias-en-foro-estatal-de-expresion-2026\/","name":"COBAES fortalece v\u00ednculo con familias en Foro Estatal de Expresi\u00f3n 2026 - Fuentes Fidedignas","isPartOf":{"@id":"https:\/\/fuentesfidedignas.com.mx\/#website"},"primaryImageOfPage":{"@id":"https:\/\/fuentesfidedignas.com.mx\/index.php\/2026\/04\/28\/cobaes-fortalece-vinculo-con-familias-en-foro-estatal-de-expresion-2026\/#primaryimage"},"image":{"@id":"https:\/\/fuentesfidedignas.com.mx\/index.php\/2026\/04\/28\/cobaes-fortalece-vinculo-con-familias-en-foro-estatal-de-expresion-2026\/#primaryimage"},"thumbnailUrl":"https:\/\/fuentesfidedignas.com.mx\/wp-content\/uploads\/2026\/04\/5d192e5d-aff2-4a64-865f-e18e61356855.jpeg","datePublished":"2026-04-28T21:00:46+00:00","breadcrumb":{"@id":"https:\/\/fuentesfidedignas.com.mx\/index.php\/2026\/04\/28\/cobaes-fortalece-vinculo-con-familias-en-foro-estatal-de-expresion-2026\/#breadcrumb"},"inLanguage":"es","potentialAction":[{"@type":"ReadAction","target":["https:\/\/fuentesfidedignas.com.mx\/index.php\/2026\/04\/28\/cobaes-fortalece-vinculo-con-familias-en-foro-estatal-de-expresion-2026\/"]}]},{"@type":"ImageObject","inLanguage":"es","@id":"https:\/\/fuentesfidedignas.com.mx\/index.php\/2026\/04\/28\/cobaes-fortalece-vinculo-con-familias-en-foro-estatal-de-expresion-2026\/#primaryimage","url":"https:\/\/fuentesfidedignas.com.mx\/wp-content\/uploads\/2026\/04\/5d192e5d-aff2-4a64-865f-e18e61356855.jpeg","contentUrl":"https:\/\/fuentesfidedignas.com.mx\/wp-content\/uploads\/2026\/04\/5d192e5d-aff2-4a64-865f-e18e61356855.jpeg","width":1600,"height":1068},{"@type":"BreadcrumbList","@id":"https:\/\/fuentesfidedignas.com.mx\/index.php\/2026\/04\/28\/cobaes-fortalece-vinculo-con-familias-en-foro-estatal-de-expresion-2026\/#breadcrumb","itemListElement":[{"@type":"ListItem","position":1,"name":"Inicio","item":"https:\/\/fuentesfidedignas.com.mx\/"},{"@type":"ListItem","position":2,"name":"COBAES fortalece v\u00ednculo con familias en Foro Estatal de Expresi\u00f3n 2026"}]},{"@type":"WebSite","@id":"https:\/\/fuentesfidedignas.com.mx\/#website","url":"https:\/\/fuentesfidedignas.com.mx\/","name":"Fuentes Fidedignas","description":"Otro sitio realizado con WordPress","publisher":{"@id":"https:\/\/fuentesfidedignas.com.mx\/#organization"},"potentialAction":[{"@type":"SearchAction","target":{"@type":"EntryPoint","urlTemplate":"https:\/\/fuentesfidedignas.com.mx\/?s={search_term_string}"},"query-input":{"@type":"PropertyValueSpecification","valueRequired":true,"valueName":"search_term_string"}}],"inLanguage":"es"},{"@type":"Organization","@id":"https:\/\/fuentesfidedignas.com.mx\/#organization","name":"Fuentes Fidedignas","url":"https:\/\/fuentesfidedignas.com.mx\/","logo":{"@type":"ImageObject","inLanguage":"es","@id":"https:\/\/fuentesfidedignas.com.mx\/#\/schema\/logo\/image\/","url":"https:\/\/fuentesfidedignas.com.mx\/wp-content\/uploads\/2021\/04\/logo-retina.png","contentUrl":"https:\/\/fuentesfidedignas.com.mx\/wp-content\/uploads\/2021\/04\/logo-retina.png","width":280,"height":51,"caption":"Fuentes Fidedignas"},"image":{"@id":"https:\/\/fuentesfidedignas.com.mx\/#\/schema\/logo\/image\/"},"sameAs":["https:\/\/www.facebook.com\/Fuentes-Fidedignas-368234489921644","https:\/\/x.com\/fidedignas"]},{"@type":"Person","@id":"https:\/\/fuentesfidedignas.com.mx\/#\/schema\/person\/331be9283d37198e2acd5750279085b0","name":"Redacci\u00f3n","image":{"@type":"ImageObject","inLanguage":"es","@id":"https:\/\/secure.gravatar.com\/avatar\/f6d8782c11d12b2d4ad3fbb6931aeab5309937a4d6cd2fc9cfaa28a6396a5aec?s=96&d=mm&r=g","url":"https:\/\/secure.gravatar.com\/avatar\/f6d8782c11d12b2d4ad3fbb6931aeab5309937a4d6cd2fc9cfaa28a6396a5aec?s=96&d=mm&r=g","contentUrl":"https:\/\/secure.gravatar.com\/avatar\/f6d8782c11d12b2d4ad3fbb6931aeab5309937a4d6cd2fc9cfaa28a6396a5aec?s=96&d=mm&r=g","caption":"Redacci\u00f3n"},"url":"https:\/\/fuentesfidedignas.com.mx\/index.php\/author\/redaccion\/"}]}},"_links":{"self":[{"href":"https:\/\/fuentesfidedignas.com.mx\/index.php\/wp-json\/wp\/v2\/posts\/132449","targetHints":{"allow":["GET"]}}],"collection":[{"href":"https:\/\/fuentesfidedignas.com.mx\/index.php\/wp-json\/wp\/v2\/posts"}],"about":[{"href":"https:\/\/fuentesfidedignas.com.mx\/index.php\/wp-json\/wp\/v2\/types\/post"}],"author":[{"embeddable":true,"href":"https:\/\/fuentesfidedignas.com.mx\/index.php\/wp-json\/wp\/v2\/users\/4"}],"replies":[{"embeddable":true,"href":"https:\/\/fuentesfidedignas.com.mx\/index.php\/wp-json\/wp\/v2\/comments?post=132449"}],"version-history":[{"count":1,"href":"https:\/\/fuentesfidedignas.com.mx\/index.php\/wp-json\/wp\/v2\/posts\/132449\/revisions"}],"predecessor-version":[{"id":132450,"href":"https:\/\/fuentesfidedignas.com.mx\/index.php\/wp-json\/wp\/v2\/posts\/132449\/revisions\/132450"}],"wp:featuredmedia":[{"embeddable":true,"href":"https:\/\/fuentesfidedignas.com.mx\/index.php\/wp-json\/wp\/v2\/media\/132448"}],"wp:attachment":[{"href":"https:\/\/fuentesfidedignas.com.mx\/index.php\/wp-json\/wp\/v2\/media?parent=132449"}],"wp:term":[{"taxonomy":"category","embeddable":true,"href":"https:\/\/fuentesfidedignas.com.mx\/index.php\/wp-json\/wp\/v2\/categories?post=132449"},{"taxonomy":"post_tag","embeddable":true,"href":"https:\/\/fuentesfidedignas.com.mx\/index.php\/wp-json\/wp\/v2\/tags?post=132449"}],"curies":[{"name":"wp","href":"https:\/\/api.w.org\/{rel}","templated":true}]}}