{"id":132441,"date":"2026-04-28T13:22:09","date_gmt":"2026-04-28T20:22:09","guid":{"rendered":"https:\/\/fuentesfidedignas.com.mx\/?p=132441"},"modified":"2026-04-28T13:22:15","modified_gmt":"2026-04-28T20:22:15","slug":"se-reune-juan-de-dios-gamez-con-cfe-para-atender-quejas-sobre-recibos-de-energia-electrica","status":"publish","type":"post","link":"https:\/\/fuentesfidedignas.com.mx\/index.php\/2026\/04\/28\/se-reune-juan-de-dios-gamez-con-cfe-para-atender-quejas-sobre-recibos-de-energia-electrica\/","title":{"rendered":"Se re\u00fane Juan de Dios G\u00e1mez con CFE para atender quejas sobre recibos de energ\u00eda el\u00e9ctrica"},"content":{"rendered":"\n<p><strong><em>El 01 de mayo inicia el subsidio de verano, confirma superintendente de la CFE en Culiac\u00e1n en este encuentro con el alcalde.<\/em><\/strong><\/p>\n\n\n\n<p>Culiac\u00e1n, Sinaloa, a 28 de abril de 2026.\u2013 En atenci\u00f3n directa a las inquietudes de la ciudadan\u00eda y con el compromiso de escuchar y resolver, el presidente municipal, Juan de Dios G\u00e1mez Mend\u00edvil, sostuvo una reuni\u00f3n de trabajo con el superintendente de la Comisi\u00f3n Federal de Electricidad (CFE) en la Zona Culiac\u00e1n, Ing. Jes\u00fas Enrique Vargas \u00c1lvarez, quien el confirm\u00f3 que el subsidio federal iniciar\u00e1 el viernes 01 de mayo pr\u00f3ximo.<\/p>\n\n\n\n<p>Este encuentro fue promovido por el alcalde ante las recientes expresiones de familias culiacanenses que han manifestado su preocupaci\u00f3n por recibos de energ\u00eda el\u00e9ctrica con montos que rebasan su capacidad de pago, se\u00f1alando posibles sobrecostos en el consumo.<\/p>\n\n\n\n<p>El funcionario de la CFE expuso que el subsidio federal de verano para Sinaloa estar\u00e1 vigente del 01 de mayo al 31 de octubre de este a\u00f1o, orientado a mitigar el impacto del consumo el\u00e9ctrico en temporada de altas temperaturas, en apoyo a la econom\u00eda familiar.<\/p>\n\n\n\n<p>Durante la reuni\u00f3n, el presidente municipal expuso de manera puntual los planteamientos recogidos de la ciudadan\u00eda, priorizando una atenci\u00f3n sensible y cercana a esta problem\u00e1tica social. Como resultado, se acord\u00f3 revisar de manera individual los casos de usuarios que presenten recibos elevados, particularmente en situaciones relacionadas con costos estimados de facturaci\u00f3n o incrementos en el consumo registrado.<\/p>\n\n\n\n<p>Para facilitar este proceso, se exhortar\u00e1 a la poblaci\u00f3n a acudir a los m\u00f3dulos de atenci\u00f3n ciudadana de la CFE, ubicados en bulevar Paseo Ni\u00f1os H\u00e9roes 1299, colonia Las Quintas, y en calle General \u00c1ngel Flores 881 Poniente, colonia Centro, donde podr\u00e1n recibir orientaci\u00f3n y dar seguimiento a sus casos.<\/p>\n\n\n\n<p>Asimismo, se establecieron alternativas de apoyo para usuarios con adeudos, contemplando esquemas de regularizaci\u00f3n que incluyen un pago inicial del 50 por ciento del saldo y la liquidaci\u00f3n del resto en parcialidades.<\/p>\n\n\n\n<p>De esta forma, el Ayuntamiento de Culiac\u00e1n y la CFE hacen el compromiso de dar seguimiento a una demanda planteada por la ciudadan\u00eda, estableciendo un esquema de coordinaci\u00f3n y atenci\u00f3n directa para la revisi\u00f3n de casos y la b\u00fasqueda de alternativas que permitan a las familias regularizar su situaci\u00f3n.<\/p>\n","protected":false},"excerpt":{"rendered":"<p>El 01 de mayo inicia el subsidio de verano, confirma superintendente de la CFE en Culiac\u00e1n en este encuentro con el alcalde. Culiac\u00e1n, Sinaloa, a 28 de abril de 2026.\u2013 En atenci\u00f3n directa a las inquietudes de la ciudadan\u00eda y con el compromiso de escuchar y resolver, el presidente municipal, Juan de Dios G\u00e1mez Mend\u00edvil, [&hellip;]<\/p>\n","protected":false},"author":4,"featured_media":132442,"comment_status":"open","ping_status":"open","sticky":false,"template":"","format":"standard","meta":{"tdm_status":"","tdm_grid_status":"","footnotes":""},"categories":[37],"tags":[],"class_list":{"0":"post-132441","1":"post","2":"type-post","3":"status-publish","4":"format-standard","5":"has-post-thumbnail","7":"category-nota-principal"},"yoast_head":"<!-- This site is optimized with the Yoast SEO plugin v27.5 - https:\/\/yoast.com\/product\/yoast-seo-wordpress\/ -->\n<title>Se re\u00fane Juan de Dios G\u00e1mez con CFE para atender quejas sobre recibos de energ\u00eda el\u00e9ctrica - Fuentes Fidedignas<\/title>\n<meta name=\"robots\" content=\"index, follow, max-snippet:-1, max-image-preview:large, max-video-preview:-1\" \/>\n<link rel=\"canonical\" href=\"https:\/\/fuentesfidedignas.com.mx\/index.php\/2026\/04\/28\/se-reune-juan-de-dios-gamez-con-cfe-para-atender-quejas-sobre-recibos-de-energia-electrica\/\" \/>\n<meta property=\"og:locale\" content=\"es_MX\" \/>\n<meta property=\"og:type\" content=\"article\" \/>\n<meta property=\"og:title\" content=\"Se re\u00fane Juan de Dios G\u00e1mez con CFE para atender quejas sobre recibos de energ\u00eda el\u00e9ctrica - Fuentes Fidedignas\" \/>\n<meta property=\"og:description\" content=\"El 01 de mayo inicia el subsidio de verano, confirma superintendente de la CFE en Culiac\u00e1n en este encuentro con el alcalde. Culiac\u00e1n, Sinaloa, a 28 de abril de 2026.\u2013 En atenci\u00f3n directa a las inquietudes de la ciudadan\u00eda y con el compromiso de escuchar y resolver, el presidente municipal, Juan de Dios G\u00e1mez Mend\u00edvil, [&hellip;]\" \/>\n<meta property=\"og:url\" content=\"https:\/\/fuentesfidedignas.com.mx\/index.php\/2026\/04\/28\/se-reune-juan-de-dios-gamez-con-cfe-para-atender-quejas-sobre-recibos-de-energia-electrica\/\" \/>\n<meta property=\"og:site_name\" content=\"Fuentes Fidedignas\" \/>\n<meta property=\"article:publisher\" content=\"https:\/\/www.facebook.com\/Fuentes-Fidedignas-368234489921644\" \/>\n<meta property=\"article:published_time\" content=\"2026-04-28T20:22:09+00:00\" \/>\n<meta property=\"article:modified_time\" content=\"2026-04-28T20:22:15+00:00\" \/>\n<meta property=\"og:image\" content=\"https:\/\/fuentesfidedignas.com.mx\/wp-content\/uploads\/2026\/04\/WhatsApp-Image-2026-04-28-at-1.05.25-PM.jpeg\" \/>\n\t<meta property=\"og:image:width\" content=\"948\" \/>\n\t<meta property=\"og:image:height\" content=\"635\" \/>\n\t<meta property=\"og:image:type\" content=\"image\/jpeg\" \/>\n<meta name=\"author\" content=\"Redacci\u00f3n\" \/>\n<meta name=\"twitter:card\" content=\"summary_large_image\" \/>\n<meta name=\"twitter:creator\" content=\"@fidedignas\" \/>\n<meta name=\"twitter:site\" content=\"@fidedignas\" \/>\n<meta name=\"twitter:label1\" content=\"Escrito por\" \/>\n\t<meta name=\"twitter:data1\" content=\"Redacci\u00f3n\" \/>\n\t<meta name=\"twitter:label2\" content=\"Tiempo de lectura\" \/>\n\t<meta name=\"twitter:data2\" content=\"2 minutos\" \/>\n<script type=\"application\/ld+json\" class=\"yoast-schema-graph\">{\"@context\":\"https:\\\/\\\/schema.org\",\"@graph\":[{\"@type\":\"Article\",\"@id\":\"https:\\\/\\\/fuentesfidedignas.com.mx\\\/index.php\\\/2026\\\/04\\\/28\\\/se-reune-juan-de-dios-gamez-con-cfe-para-atender-quejas-sobre-recibos-de-energia-electrica\\\/#article\",\"isPartOf\":{\"@id\":\"https:\\\/\\\/fuentesfidedignas.com.mx\\\/index.php\\\/2026\\\/04\\\/28\\\/se-reune-juan-de-dios-gamez-con-cfe-para-atender-quejas-sobre-recibos-de-energia-electrica\\\/\"},\"author\":{\"name\":\"Redacci\u00f3n\",\"@id\":\"https:\\\/\\\/fuentesfidedignas.com.mx\\\/#\\\/schema\\\/person\\\/331be9283d37198e2acd5750279085b0\"},\"headline\":\"Se re\u00fane Juan de Dios G\u00e1mez con CFE para atender quejas sobre recibos de energ\u00eda el\u00e9ctrica\",\"datePublished\":\"2026-04-28T20:22:09+00:00\",\"dateModified\":\"2026-04-28T20:22:15+00:00\",\"mainEntityOfPage\":{\"@id\":\"https:\\\/\\\/fuentesfidedignas.com.mx\\\/index.php\\\/2026\\\/04\\\/28\\\/se-reune-juan-de-dios-gamez-con-cfe-para-atender-quejas-sobre-recibos-de-energia-electrica\\\/\"},\"wordCount\":415,\"commentCount\":0,\"publisher\":{\"@id\":\"https:\\\/\\\/fuentesfidedignas.com.mx\\\/#organization\"},\"image\":{\"@id\":\"https:\\\/\\\/fuentesfidedignas.com.mx\\\/index.php\\\/2026\\\/04\\\/28\\\/se-reune-juan-de-dios-gamez-con-cfe-para-atender-quejas-sobre-recibos-de-energia-electrica\\\/#primaryimage\"},\"thumbnailUrl\":\"https:\\\/\\\/fuentesfidedignas.com.mx\\\/wp-content\\\/uploads\\\/2026\\\/04\\\/WhatsApp-Image-2026-04-28-at-1.05.25-PM.jpeg\",\"articleSection\":[\"NOTA PRINCIPAL\"],\"inLanguage\":\"es\",\"potentialAction\":[{\"@type\":\"CommentAction\",\"name\":\"Comment\",\"target\":[\"https:\\\/\\\/fuentesfidedignas.com.mx\\\/index.php\\\/2026\\\/04\\\/28\\\/se-reune-juan-de-dios-gamez-con-cfe-para-atender-quejas-sobre-recibos-de-energia-electrica\\\/#respond\"]}]},{\"@type\":\"WebPage\",\"@id\":\"https:\\\/\\\/fuentesfidedignas.com.mx\\\/index.php\\\/2026\\\/04\\\/28\\\/se-reune-juan-de-dios-gamez-con-cfe-para-atender-quejas-sobre-recibos-de-energia-electrica\\\/\",\"url\":\"https:\\\/\\\/fuentesfidedignas.com.mx\\\/index.php\\\/2026\\\/04\\\/28\\\/se-reune-juan-de-dios-gamez-con-cfe-para-atender-quejas-sobre-recibos-de-energia-electrica\\\/\",\"name\":\"Se re\u00fane Juan de Dios G\u00e1mez con CFE para atender quejas sobre recibos de energ\u00eda el\u00e9ctrica - Fuentes Fidedignas\",\"isPartOf\":{\"@id\":\"https:\\\/\\\/fuentesfidedignas.com.mx\\\/#website\"},\"primaryImageOfPage\":{\"@id\":\"https:\\\/\\\/fuentesfidedignas.com.mx\\\/index.php\\\/2026\\\/04\\\/28\\\/se-reune-juan-de-dios-gamez-con-cfe-para-atender-quejas-sobre-recibos-de-energia-electrica\\\/#primaryimage\"},\"image\":{\"@id\":\"https:\\\/\\\/fuentesfidedignas.com.mx\\\/index.php\\\/2026\\\/04\\\/28\\\/se-reune-juan-de-dios-gamez-con-cfe-para-atender-quejas-sobre-recibos-de-energia-electrica\\\/#primaryimage\"},\"thumbnailUrl\":\"https:\\\/\\\/fuentesfidedignas.com.mx\\\/wp-content\\\/uploads\\\/2026\\\/04\\\/WhatsApp-Image-2026-04-28-at-1.05.25-PM.jpeg\",\"datePublished\":\"2026-04-28T20:22:09+00:00\",\"dateModified\":\"2026-04-28T20:22:15+00:00\",\"breadcrumb\":{\"@id\":\"https:\\\/\\\/fuentesfidedignas.com.mx\\\/index.php\\\/2026\\\/04\\\/28\\\/se-reune-juan-de-dios-gamez-con-cfe-para-atender-quejas-sobre-recibos-de-energia-electrica\\\/#breadcrumb\"},\"inLanguage\":\"es\",\"potentialAction\":[{\"@type\":\"ReadAction\",\"target\":[\"https:\\\/\\\/fuentesfidedignas.com.mx\\\/index.php\\\/2026\\\/04\\\/28\\\/se-reune-juan-de-dios-gamez-con-cfe-para-atender-quejas-sobre-recibos-de-energia-electrica\\\/\"]}]},{\"@type\":\"ImageObject\",\"inLanguage\":\"es\",\"@id\":\"https:\\\/\\\/fuentesfidedignas.com.mx\\\/index.php\\\/2026\\\/04\\\/28\\\/se-reune-juan-de-dios-gamez-con-cfe-para-atender-quejas-sobre-recibos-de-energia-electrica\\\/#primaryimage\",\"url\":\"https:\\\/\\\/fuentesfidedignas.com.mx\\\/wp-content\\\/uploads\\\/2026\\\/04\\\/WhatsApp-Image-2026-04-28-at-1.05.25-PM.jpeg\",\"contentUrl\":\"https:\\\/\\\/fuentesfidedignas.com.mx\\\/wp-content\\\/uploads\\\/2026\\\/04\\\/WhatsApp-Image-2026-04-28-at-1.05.25-PM.jpeg\",\"width\":948,\"height\":635},{\"@type\":\"BreadcrumbList\",\"@id\":\"https:\\\/\\\/fuentesfidedignas.com.mx\\\/index.php\\\/2026\\\/04\\\/28\\\/se-reune-juan-de-dios-gamez-con-cfe-para-atender-quejas-sobre-recibos-de-energia-electrica\\\/#breadcrumb\",\"itemListElement\":[{\"@type\":\"ListItem\",\"position\":1,\"name\":\"Inicio\",\"item\":\"https:\\\/\\\/fuentesfidedignas.com.mx\\\/\"},{\"@type\":\"ListItem\",\"position\":2,\"name\":\"Se re\u00fane Juan de Dios G\u00e1mez con CFE para atender quejas sobre recibos de energ\u00eda el\u00e9ctrica\"}]},{\"@type\":\"WebSite\",\"@id\":\"https:\\\/\\\/fuentesfidedignas.com.mx\\\/#website\",\"url\":\"https:\\\/\\\/fuentesfidedignas.com.mx\\\/\",\"name\":\"Fuentes Fidedignas\",\"description\":\"Otro sitio realizado con WordPress\",\"publisher\":{\"@id\":\"https:\\\/\\\/fuentesfidedignas.com.mx\\\/#organization\"},\"potentialAction\":[{\"@type\":\"SearchAction\",\"target\":{\"@type\":\"EntryPoint\",\"urlTemplate\":\"https:\\\/\\\/fuentesfidedignas.com.mx\\\/?s={search_term_string}\"},\"query-input\":{\"@type\":\"PropertyValueSpecification\",\"valueRequired\":true,\"valueName\":\"search_term_string\"}}],\"inLanguage\":\"es\"},{\"@type\":\"Organization\",\"@id\":\"https:\\\/\\\/fuentesfidedignas.com.mx\\\/#organization\",\"name\":\"Fuentes Fidedignas\",\"url\":\"https:\\\/\\\/fuentesfidedignas.com.mx\\\/\",\"logo\":{\"@type\":\"ImageObject\",\"inLanguage\":\"es\",\"@id\":\"https:\\\/\\\/fuentesfidedignas.com.mx\\\/#\\\/schema\\\/logo\\\/image\\\/\",\"url\":\"https:\\\/\\\/fuentesfidedignas.com.mx\\\/wp-content\\\/uploads\\\/2021\\\/04\\\/logo-retina.png\",\"contentUrl\":\"https:\\\/\\\/fuentesfidedignas.com.mx\\\/wp-content\\\/uploads\\\/2021\\\/04\\\/logo-retina.png\",\"width\":280,\"height\":51,\"caption\":\"Fuentes Fidedignas\"},\"image\":{\"@id\":\"https:\\\/\\\/fuentesfidedignas.com.mx\\\/#\\\/schema\\\/logo\\\/image\\\/\"},\"sameAs\":[\"https:\\\/\\\/www.facebook.com\\\/Fuentes-Fidedignas-368234489921644\",\"https:\\\/\\\/x.com\\\/fidedignas\"]},{\"@type\":\"Person\",\"@id\":\"https:\\\/\\\/fuentesfidedignas.com.mx\\\/#\\\/schema\\\/person\\\/331be9283d37198e2acd5750279085b0\",\"name\":\"Redacci\u00f3n\",\"image\":{\"@type\":\"ImageObject\",\"inLanguage\":\"es\",\"@id\":\"https:\\\/\\\/secure.gravatar.com\\\/avatar\\\/f6d8782c11d12b2d4ad3fbb6931aeab5309937a4d6cd2fc9cfaa28a6396a5aec?s=96&d=mm&r=g\",\"url\":\"https:\\\/\\\/secure.gravatar.com\\\/avatar\\\/f6d8782c11d12b2d4ad3fbb6931aeab5309937a4d6cd2fc9cfaa28a6396a5aec?s=96&d=mm&r=g\",\"contentUrl\":\"https:\\\/\\\/secure.gravatar.com\\\/avatar\\\/f6d8782c11d12b2d4ad3fbb6931aeab5309937a4d6cd2fc9cfaa28a6396a5aec?s=96&d=mm&r=g\",\"caption\":\"Redacci\u00f3n\"},\"url\":\"https:\\\/\\\/fuentesfidedignas.com.mx\\\/index.php\\\/author\\\/redaccion\\\/\"}]}<\/script>\n<!-- \/ Yoast SEO plugin. -->","yoast_head_json":{"title":"Se re\u00fane Juan de Dios G\u00e1mez con CFE para atender quejas sobre recibos de energ\u00eda el\u00e9ctrica - Fuentes Fidedignas","robots":{"index":"index","follow":"follow","max-snippet":"max-snippet:-1","max-image-preview":"max-image-preview:large","max-video-preview":"max-video-preview:-1"},"canonical":"https:\/\/fuentesfidedignas.com.mx\/index.php\/2026\/04\/28\/se-reune-juan-de-dios-gamez-con-cfe-para-atender-quejas-sobre-recibos-de-energia-electrica\/","og_locale":"es_MX","og_type":"article","og_title":"Se re\u00fane Juan de Dios G\u00e1mez con CFE para atender quejas sobre recibos de energ\u00eda el\u00e9ctrica - Fuentes Fidedignas","og_description":"El 01 de mayo inicia el subsidio de verano, confirma superintendente de la CFE en Culiac\u00e1n en este encuentro con el alcalde. Culiac\u00e1n, Sinaloa, a 28 de abril de 2026.\u2013 En atenci\u00f3n directa a las inquietudes de la ciudadan\u00eda y con el compromiso de escuchar y resolver, el presidente municipal, Juan de Dios G\u00e1mez Mend\u00edvil, [&hellip;]","og_url":"https:\/\/fuentesfidedignas.com.mx\/index.php\/2026\/04\/28\/se-reune-juan-de-dios-gamez-con-cfe-para-atender-quejas-sobre-recibos-de-energia-electrica\/","og_site_name":"Fuentes Fidedignas","article_publisher":"https:\/\/www.facebook.com\/Fuentes-Fidedignas-368234489921644","article_published_time":"2026-04-28T20:22:09+00:00","article_modified_time":"2026-04-28T20:22:15+00:00","og_image":[{"width":948,"height":635,"url":"https:\/\/fuentesfidedignas.com.mx\/wp-content\/uploads\/2026\/04\/WhatsApp-Image-2026-04-28-at-1.05.25-PM.jpeg","type":"image\/jpeg"}],"author":"Redacci\u00f3n","twitter_card":"summary_large_image","twitter_creator":"@fidedignas","twitter_site":"@fidedignas","twitter_misc":{"Escrito por":"Redacci\u00f3n","Tiempo de lectura":"2 minutos"},"schema":{"@context":"https:\/\/schema.org","@graph":[{"@type":"Article","@id":"https:\/\/fuentesfidedignas.com.mx\/index.php\/2026\/04\/28\/se-reune-juan-de-dios-gamez-con-cfe-para-atender-quejas-sobre-recibos-de-energia-electrica\/#article","isPartOf":{"@id":"https:\/\/fuentesfidedignas.com.mx\/index.php\/2026\/04\/28\/se-reune-juan-de-dios-gamez-con-cfe-para-atender-quejas-sobre-recibos-de-energia-electrica\/"},"author":{"name":"Redacci\u00f3n","@id":"https:\/\/fuentesfidedignas.com.mx\/#\/schema\/person\/331be9283d37198e2acd5750279085b0"},"headline":"Se re\u00fane Juan de Dios G\u00e1mez con CFE para atender quejas sobre recibos de energ\u00eda el\u00e9ctrica","datePublished":"2026-04-28T20:22:09+00:00","dateModified":"2026-04-28T20:22:15+00:00","mainEntityOfPage":{"@id":"https:\/\/fuentesfidedignas.com.mx\/index.php\/2026\/04\/28\/se-reune-juan-de-dios-gamez-con-cfe-para-atender-quejas-sobre-recibos-de-energia-electrica\/"},"wordCount":415,"commentCount":0,"publisher":{"@id":"https:\/\/fuentesfidedignas.com.mx\/#organization"},"image":{"@id":"https:\/\/fuentesfidedignas.com.mx\/index.php\/2026\/04\/28\/se-reune-juan-de-dios-gamez-con-cfe-para-atender-quejas-sobre-recibos-de-energia-electrica\/#primaryimage"},"thumbnailUrl":"https:\/\/fuentesfidedignas.com.mx\/wp-content\/uploads\/2026\/04\/WhatsApp-Image-2026-04-28-at-1.05.25-PM.jpeg","articleSection":["NOTA PRINCIPAL"],"inLanguage":"es","potentialAction":[{"@type":"CommentAction","name":"Comment","target":["https:\/\/fuentesfidedignas.com.mx\/index.php\/2026\/04\/28\/se-reune-juan-de-dios-gamez-con-cfe-para-atender-quejas-sobre-recibos-de-energia-electrica\/#respond"]}]},{"@type":"WebPage","@id":"https:\/\/fuentesfidedignas.com.mx\/index.php\/2026\/04\/28\/se-reune-juan-de-dios-gamez-con-cfe-para-atender-quejas-sobre-recibos-de-energia-electrica\/","url":"https:\/\/fuentesfidedignas.com.mx\/index.php\/2026\/04\/28\/se-reune-juan-de-dios-gamez-con-cfe-para-atender-quejas-sobre-recibos-de-energia-electrica\/","name":"Se re\u00fane Juan de Dios G\u00e1mez con CFE para atender quejas sobre recibos de energ\u00eda el\u00e9ctrica - Fuentes Fidedignas","isPartOf":{"@id":"https:\/\/fuentesfidedignas.com.mx\/#website"},"primaryImageOfPage":{"@id":"https:\/\/fuentesfidedignas.com.mx\/index.php\/2026\/04\/28\/se-reune-juan-de-dios-gamez-con-cfe-para-atender-quejas-sobre-recibos-de-energia-electrica\/#primaryimage"},"image":{"@id":"https:\/\/fuentesfidedignas.com.mx\/index.php\/2026\/04\/28\/se-reune-juan-de-dios-gamez-con-cfe-para-atender-quejas-sobre-recibos-de-energia-electrica\/#primaryimage"},"thumbnailUrl":"https:\/\/fuentesfidedignas.com.mx\/wp-content\/uploads\/2026\/04\/WhatsApp-Image-2026-04-28-at-1.05.25-PM.jpeg","datePublished":"2026-04-28T20:22:09+00:00","dateModified":"2026-04-28T20:22:15+00:00","breadcrumb":{"@id":"https:\/\/fuentesfidedignas.com.mx\/index.php\/2026\/04\/28\/se-reune-juan-de-dios-gamez-con-cfe-para-atender-quejas-sobre-recibos-de-energia-electrica\/#breadcrumb"},"inLanguage":"es","potentialAction":[{"@type":"ReadAction","target":["https:\/\/fuentesfidedignas.com.mx\/index.php\/2026\/04\/28\/se-reune-juan-de-dios-gamez-con-cfe-para-atender-quejas-sobre-recibos-de-energia-electrica\/"]}]},{"@type":"ImageObject","inLanguage":"es","@id":"https:\/\/fuentesfidedignas.com.mx\/index.php\/2026\/04\/28\/se-reune-juan-de-dios-gamez-con-cfe-para-atender-quejas-sobre-recibos-de-energia-electrica\/#primaryimage","url":"https:\/\/fuentesfidedignas.com.mx\/wp-content\/uploads\/2026\/04\/WhatsApp-Image-2026-04-28-at-1.05.25-PM.jpeg","contentUrl":"https:\/\/fuentesfidedignas.com.mx\/wp-content\/uploads\/2026\/04\/WhatsApp-Image-2026-04-28-at-1.05.25-PM.jpeg","width":948,"height":635},{"@type":"BreadcrumbList","@id":"https:\/\/fuentesfidedignas.com.mx\/index.php\/2026\/04\/28\/se-reune-juan-de-dios-gamez-con-cfe-para-atender-quejas-sobre-recibos-de-energia-electrica\/#breadcrumb","itemListElement":[{"@type":"ListItem","position":1,"name":"Inicio","item":"https:\/\/fuentesfidedignas.com.mx\/"},{"@type":"ListItem","position":2,"name":"Se re\u00fane Juan de Dios G\u00e1mez con CFE para atender quejas sobre recibos de energ\u00eda el\u00e9ctrica"}]},{"@type":"WebSite","@id":"https:\/\/fuentesfidedignas.com.mx\/#website","url":"https:\/\/fuentesfidedignas.com.mx\/","name":"Fuentes Fidedignas","description":"Otro sitio realizado con WordPress","publisher":{"@id":"https:\/\/fuentesfidedignas.com.mx\/#organization"},"potentialAction":[{"@type":"SearchAction","target":{"@type":"EntryPoint","urlTemplate":"https:\/\/fuentesfidedignas.com.mx\/?s={search_term_string}"},"query-input":{"@type":"PropertyValueSpecification","valueRequired":true,"valueName":"search_term_string"}}],"inLanguage":"es"},{"@type":"Organization","@id":"https:\/\/fuentesfidedignas.com.mx\/#organization","name":"Fuentes Fidedignas","url":"https:\/\/fuentesfidedignas.com.mx\/","logo":{"@type":"ImageObject","inLanguage":"es","@id":"https:\/\/fuentesfidedignas.com.mx\/#\/schema\/logo\/image\/","url":"https:\/\/fuentesfidedignas.com.mx\/wp-content\/uploads\/2021\/04\/logo-retina.png","contentUrl":"https:\/\/fuentesfidedignas.com.mx\/wp-content\/uploads\/2021\/04\/logo-retina.png","width":280,"height":51,"caption":"Fuentes Fidedignas"},"image":{"@id":"https:\/\/fuentesfidedignas.com.mx\/#\/schema\/logo\/image\/"},"sameAs":["https:\/\/www.facebook.com\/Fuentes-Fidedignas-368234489921644","https:\/\/x.com\/fidedignas"]},{"@type":"Person","@id":"https:\/\/fuentesfidedignas.com.mx\/#\/schema\/person\/331be9283d37198e2acd5750279085b0","name":"Redacci\u00f3n","image":{"@type":"ImageObject","inLanguage":"es","@id":"https:\/\/secure.gravatar.com\/avatar\/f6d8782c11d12b2d4ad3fbb6931aeab5309937a4d6cd2fc9cfaa28a6396a5aec?s=96&d=mm&r=g","url":"https:\/\/secure.gravatar.com\/avatar\/f6d8782c11d12b2d4ad3fbb6931aeab5309937a4d6cd2fc9cfaa28a6396a5aec?s=96&d=mm&r=g","contentUrl":"https:\/\/secure.gravatar.com\/avatar\/f6d8782c11d12b2d4ad3fbb6931aeab5309937a4d6cd2fc9cfaa28a6396a5aec?s=96&d=mm&r=g","caption":"Redacci\u00f3n"},"url":"https:\/\/fuentesfidedignas.com.mx\/index.php\/author\/redaccion\/"}]}},"_links":{"self":[{"href":"https:\/\/fuentesfidedignas.com.mx\/index.php\/wp-json\/wp\/v2\/posts\/132441","targetHints":{"allow":["GET"]}}],"collection":[{"href":"https:\/\/fuentesfidedignas.com.mx\/index.php\/wp-json\/wp\/v2\/posts"}],"about":[{"href":"https:\/\/fuentesfidedignas.com.mx\/index.php\/wp-json\/wp\/v2\/types\/post"}],"author":[{"embeddable":true,"href":"https:\/\/fuentesfidedignas.com.mx\/index.php\/wp-json\/wp\/v2\/users\/4"}],"replies":[{"embeddable":true,"href":"https:\/\/fuentesfidedignas.com.mx\/index.php\/wp-json\/wp\/v2\/comments?post=132441"}],"version-history":[{"count":1,"href":"https:\/\/fuentesfidedignas.com.mx\/index.php\/wp-json\/wp\/v2\/posts\/132441\/revisions"}],"predecessor-version":[{"id":132443,"href":"https:\/\/fuentesfidedignas.com.mx\/index.php\/wp-json\/wp\/v2\/posts\/132441\/revisions\/132443"}],"wp:featuredmedia":[{"embeddable":true,"href":"https:\/\/fuentesfidedignas.com.mx\/index.php\/wp-json\/wp\/v2\/media\/132442"}],"wp:attachment":[{"href":"https:\/\/fuentesfidedignas.com.mx\/index.php\/wp-json\/wp\/v2\/media?parent=132441"}],"wp:term":[{"taxonomy":"category","embeddable":true,"href":"https:\/\/fuentesfidedignas.com.mx\/index.php\/wp-json\/wp\/v2\/categories?post=132441"},{"taxonomy":"post_tag","embeddable":true,"href":"https:\/\/fuentesfidedignas.com.mx\/index.php\/wp-json\/wp\/v2\/tags?post=132441"}],"curies":[{"name":"wp","href":"https:\/\/api.w.org\/{rel}","templated":true}]}}