{"id":132435,"date":"2026-04-28T12:17:16","date_gmt":"2026-04-28T19:17:16","guid":{"rendered":"https:\/\/fuentesfidedignas.com.mx\/?p=132435"},"modified":"2026-04-28T12:17:20","modified_gmt":"2026-04-28T19:17:20","slug":"maximo-kaleb-estrada-urrea-el-rostro-del-exito-sinaloense-en-el-ciclismo-nacional-e-internacional","status":"publish","type":"post","link":"https:\/\/fuentesfidedignas.com.mx\/index.php\/2026\/04\/28\/maximo-kaleb-estrada-urrea-el-rostro-del-exito-sinaloense-en-el-ciclismo-nacional-e-internacional\/","title":{"rendered":"M\u00e1ximo Kaleb Estrada Urrea, el rostro del \u00e9xito sinaloense en el ciclismo nacional e internacional"},"content":{"rendered":"\n<p><strong><em>En la presente edici\u00f3n de la m\u00e1xima justa deportiva juvenil del pa\u00eds, Estrada Urrea brill\u00f3 con fuerza al conquistar tres medallas de oro y una de bronce, resultado de un proceso de disciplina, constancia y adaptaci\u00f3n a distintas condiciones competitivas.<\/em><\/strong><\/p>\n\n\n\n<p>GUADALAJARA, Jalisco._ El ciclismo sinaloense vive uno de sus momentos m\u00e1s brillantes gracias a la destacada actuaci\u00f3n de M\u00e1ximo Kaleb Estrada Urrea, quien se ha consolidado como uno de los grandes protagonistas de la Olimpiada Nacional CONADE 2026, acumulando medallas y dejando huella tanto en M\u00e9xico como en el extranjero.<\/p>\n\n\n\n<p>El joven atleta ha construido una trayectoria reciente llena de \u00e9xitos, destacando no solo por sus resultados en territorio nacional, sino tambi\u00e9n por su proyecci\u00f3n internacional, tras su participaci\u00f3n en competencias en Colombia, donde logr\u00f3 subir a lo m\u00e1s alto del podio en pruebas de velocidad.<\/p>\n\n\n\n<p>\u201cMe siento muy feliz, la verdad, de poder venir aqu\u00ed a representar a Sinaloa y tambi\u00e9n a M\u00e9xico en otro pa\u00eds. Me siento muy alegre de eso\u201d, expres\u00f3 el ciclista, reflejando la emoci\u00f3n que acompa\u00f1a cada uno de sus logros.<\/p>\n\n\n\n<p>En la presente edici\u00f3n de la m\u00e1xima justa deportiva juvenil del pa\u00eds, Estrada Urrea brill\u00f3 con fuerza al conquistar tres medallas de oro y una de bronce, resultado de un proceso de disciplina, constancia y adaptaci\u00f3n a distintas condiciones competitivas.<\/p>\n\n\n\n<p>\u201cAqu\u00ed en Jalisco m\u00e1s que nada fue adaptarse\u2026 ven\u00eda de competir en Colombia y solo fue llegar, prepararme unos d\u00edas y competir\u201d, coment\u00f3 sobre los retos que enfrent\u00f3 en esta etapa.<\/p>\n\n\n\n<p>Su camino en el ciclismo inici\u00f3 desde el entorno familiar, siendo inspirado por sus propios hermanos y primos, lo que marc\u00f3 el inicio de una carrera que hoy lo coloca como referente del deporte sinaloense.<\/p>\n\n\n\n<p>\u201cM\u00e1s que nada fue por mi familia\u2026 ellos ya estaban en ciclismo y yo fui incluido con ellos\u201d, record\u00f3.<br>A pesar de su corta edad, M\u00e1ximo Kaleb ha sabido equilibrar su vida deportiva con su formaci\u00f3n acad\u00e9mica y personal, demostrando madurez y compromiso.<\/p>\n\n\n\n<p>\u201cPara todo hay tiempo, si lo sabes administrar bien\u2026 la escuela en la ma\u00f1ana, entrenar en la tarde y convivir con mi familia\u201d, se\u00f1al\u00f3.<\/p>\n\n\n\n<p>El multicampe\u00f3n tambi\u00e9n destac\u00f3 el papel fundamental de su c\u00edrculo cercano y de las instituciones que han respaldado su desarrollo deportivo.<\/p>\n\n\n\n<p>\u201cSe lo dedico todo a mi familia\u2026 y tambi\u00e9n a los institutos que nos apoyan con transporte, planes y oportunidades para competir\u201d, afirm\u00f3.<\/p>\n\n\n\n<p>Tras su exitosa participaci\u00f3n en Jalisco, el sinaloense continuar\u00e1 su preparaci\u00f3n con miras a nuevos compromisos internacionales, incluyendo una concentraci\u00f3n rumbo a eventos de corte continental con la selecci\u00f3n mexicana.<br>Finalmente, envi\u00f3 un mensaje a las nuevas generaciones de atletas que sue\u00f1an con destacar en el deporte:<br>\u201cQue conf\u00eden en todo el proceso que han llevado y que le echen todas las ganas\u201d.<\/p>\n\n\n\n<p>Estos resultados son reflejo del trabajo coordinado que se impulsa en Sinaloa para fortalecer el desarrollo deportivo, contando con el respaldo del Gobierno del Estado, encabezado por el gobernador Rub\u00e9n Rocha Moya, que a trav\u00e9s del Instituto Sinaloense de Cultura F\u00edsica y el Deporte contin\u00faa generando oportunidades para que m\u00e1s j\u00f3venes alcancen el alto rendimiento y representen con orgullo a su estado y a M\u00e9xico.<\/p>\n","protected":false},"excerpt":{"rendered":"<p>En la presente edici\u00f3n de la m\u00e1xima justa deportiva juvenil del pa\u00eds, Estrada Urrea brill\u00f3 con fuerza al conquistar tres medallas de oro y una de bronce, resultado de un proceso de disciplina, constancia y adaptaci\u00f3n a distintas condiciones competitivas. GUADALAJARA, Jalisco._ El ciclismo sinaloense vive uno de sus momentos m\u00e1s brillantes gracias a la [&hellip;]<\/p>\n","protected":false},"author":4,"featured_media":132436,"comment_status":"open","ping_status":"open","sticky":false,"template":"","format":"standard","meta":{"tdm_status":"","tdm_grid_status":"","footnotes":""},"categories":[37],"tags":[],"class_list":{"0":"post-132435","1":"post","2":"type-post","3":"status-publish","4":"format-standard","5":"has-post-thumbnail","7":"category-nota-principal"},"yoast_head":"<!-- This site is optimized with the Yoast SEO plugin v27.5 - https:\/\/yoast.com\/product\/yoast-seo-wordpress\/ -->\n<title>M\u00e1ximo Kaleb Estrada Urrea, el rostro del \u00e9xito sinaloense en el ciclismo nacional e internacional - Fuentes Fidedignas<\/title>\n<meta name=\"robots\" content=\"index, follow, max-snippet:-1, max-image-preview:large, max-video-preview:-1\" \/>\n<link rel=\"canonical\" href=\"https:\/\/fuentesfidedignas.com.mx\/index.php\/2026\/04\/28\/maximo-kaleb-estrada-urrea-el-rostro-del-exito-sinaloense-en-el-ciclismo-nacional-e-internacional\/\" \/>\n<meta property=\"og:locale\" content=\"es_MX\" \/>\n<meta property=\"og:type\" content=\"article\" \/>\n<meta property=\"og:title\" content=\"M\u00e1ximo Kaleb Estrada Urrea, el rostro del \u00e9xito sinaloense en el ciclismo nacional e internacional - Fuentes Fidedignas\" \/>\n<meta property=\"og:description\" content=\"En la presente edici\u00f3n de la m\u00e1xima justa deportiva juvenil del pa\u00eds, Estrada Urrea brill\u00f3 con fuerza al conquistar tres medallas de oro y una de bronce, resultado de un proceso de disciplina, constancia y adaptaci\u00f3n a distintas condiciones competitivas. GUADALAJARA, Jalisco._ El ciclismo sinaloense vive uno de sus momentos m\u00e1s brillantes gracias a la [&hellip;]\" \/>\n<meta property=\"og:url\" content=\"https:\/\/fuentesfidedignas.com.mx\/index.php\/2026\/04\/28\/maximo-kaleb-estrada-urrea-el-rostro-del-exito-sinaloense-en-el-ciclismo-nacional-e-internacional\/\" \/>\n<meta property=\"og:site_name\" content=\"Fuentes Fidedignas\" \/>\n<meta property=\"article:publisher\" content=\"https:\/\/www.facebook.com\/Fuentes-Fidedignas-368234489921644\" \/>\n<meta property=\"article:published_time\" content=\"2026-04-28T19:17:16+00:00\" \/>\n<meta property=\"article:modified_time\" content=\"2026-04-28T19:17:20+00:00\" \/>\n<meta property=\"og:image\" content=\"https:\/\/fuentesfidedignas.com.mx\/wp-content\/uploads\/2026\/04\/WhatsApp-Image-2026-04-28-at-12.05.12-PM-1.jpeg\" \/>\n\t<meta property=\"og:image:width\" content=\"500\" \/>\n\t<meta property=\"og:image:height\" content=\"332\" \/>\n\t<meta property=\"og:image:type\" content=\"image\/jpeg\" \/>\n<meta name=\"author\" content=\"Redacci\u00f3n\" \/>\n<meta name=\"twitter:card\" content=\"summary_large_image\" \/>\n<meta name=\"twitter:creator\" content=\"@fidedignas\" \/>\n<meta name=\"twitter:site\" content=\"@fidedignas\" \/>\n<meta name=\"twitter:label1\" content=\"Escrito por\" \/>\n\t<meta name=\"twitter:data1\" content=\"Redacci\u00f3n\" \/>\n\t<meta name=\"twitter:label2\" content=\"Tiempo de lectura\" \/>\n\t<meta name=\"twitter:data2\" content=\"3 minutos\" \/>\n<script type=\"application\/ld+json\" class=\"yoast-schema-graph\">{\"@context\":\"https:\\\/\\\/schema.org\",\"@graph\":[{\"@type\":\"Article\",\"@id\":\"https:\\\/\\\/fuentesfidedignas.com.mx\\\/index.php\\\/2026\\\/04\\\/28\\\/maximo-kaleb-estrada-urrea-el-rostro-del-exito-sinaloense-en-el-ciclismo-nacional-e-internacional\\\/#article\",\"isPartOf\":{\"@id\":\"https:\\\/\\\/fuentesfidedignas.com.mx\\\/index.php\\\/2026\\\/04\\\/28\\\/maximo-kaleb-estrada-urrea-el-rostro-del-exito-sinaloense-en-el-ciclismo-nacional-e-internacional\\\/\"},\"author\":{\"name\":\"Redacci\u00f3n\",\"@id\":\"https:\\\/\\\/fuentesfidedignas.com.mx\\\/#\\\/schema\\\/person\\\/331be9283d37198e2acd5750279085b0\"},\"headline\":\"M\u00e1ximo Kaleb Estrada Urrea, el rostro del \u00e9xito sinaloense en el ciclismo nacional e internacional\",\"datePublished\":\"2026-04-28T19:17:16+00:00\",\"dateModified\":\"2026-04-28T19:17:20+00:00\",\"mainEntityOfPage\":{\"@id\":\"https:\\\/\\\/fuentesfidedignas.com.mx\\\/index.php\\\/2026\\\/04\\\/28\\\/maximo-kaleb-estrada-urrea-el-rostro-del-exito-sinaloense-en-el-ciclismo-nacional-e-internacional\\\/\"},\"wordCount\":583,\"commentCount\":0,\"publisher\":{\"@id\":\"https:\\\/\\\/fuentesfidedignas.com.mx\\\/#organization\"},\"image\":{\"@id\":\"https:\\\/\\\/fuentesfidedignas.com.mx\\\/index.php\\\/2026\\\/04\\\/28\\\/maximo-kaleb-estrada-urrea-el-rostro-del-exito-sinaloense-en-el-ciclismo-nacional-e-internacional\\\/#primaryimage\"},\"thumbnailUrl\":\"https:\\\/\\\/fuentesfidedignas.com.mx\\\/wp-content\\\/uploads\\\/2026\\\/04\\\/WhatsApp-Image-2026-04-28-at-12.05.12-PM-1.jpeg\",\"articleSection\":[\"NOTA PRINCIPAL\"],\"inLanguage\":\"es\",\"potentialAction\":[{\"@type\":\"CommentAction\",\"name\":\"Comment\",\"target\":[\"https:\\\/\\\/fuentesfidedignas.com.mx\\\/index.php\\\/2026\\\/04\\\/28\\\/maximo-kaleb-estrada-urrea-el-rostro-del-exito-sinaloense-en-el-ciclismo-nacional-e-internacional\\\/#respond\"]}]},{\"@type\":\"WebPage\",\"@id\":\"https:\\\/\\\/fuentesfidedignas.com.mx\\\/index.php\\\/2026\\\/04\\\/28\\\/maximo-kaleb-estrada-urrea-el-rostro-del-exito-sinaloense-en-el-ciclismo-nacional-e-internacional\\\/\",\"url\":\"https:\\\/\\\/fuentesfidedignas.com.mx\\\/index.php\\\/2026\\\/04\\\/28\\\/maximo-kaleb-estrada-urrea-el-rostro-del-exito-sinaloense-en-el-ciclismo-nacional-e-internacional\\\/\",\"name\":\"M\u00e1ximo Kaleb Estrada Urrea, el rostro del \u00e9xito sinaloense en el ciclismo nacional e internacional - Fuentes Fidedignas\",\"isPartOf\":{\"@id\":\"https:\\\/\\\/fuentesfidedignas.com.mx\\\/#website\"},\"primaryImageOfPage\":{\"@id\":\"https:\\\/\\\/fuentesfidedignas.com.mx\\\/index.php\\\/2026\\\/04\\\/28\\\/maximo-kaleb-estrada-urrea-el-rostro-del-exito-sinaloense-en-el-ciclismo-nacional-e-internacional\\\/#primaryimage\"},\"image\":{\"@id\":\"https:\\\/\\\/fuentesfidedignas.com.mx\\\/index.php\\\/2026\\\/04\\\/28\\\/maximo-kaleb-estrada-urrea-el-rostro-del-exito-sinaloense-en-el-ciclismo-nacional-e-internacional\\\/#primaryimage\"},\"thumbnailUrl\":\"https:\\\/\\\/fuentesfidedignas.com.mx\\\/wp-content\\\/uploads\\\/2026\\\/04\\\/WhatsApp-Image-2026-04-28-at-12.05.12-PM-1.jpeg\",\"datePublished\":\"2026-04-28T19:17:16+00:00\",\"dateModified\":\"2026-04-28T19:17:20+00:00\",\"breadcrumb\":{\"@id\":\"https:\\\/\\\/fuentesfidedignas.com.mx\\\/index.php\\\/2026\\\/04\\\/28\\\/maximo-kaleb-estrada-urrea-el-rostro-del-exito-sinaloense-en-el-ciclismo-nacional-e-internacional\\\/#breadcrumb\"},\"inLanguage\":\"es\",\"potentialAction\":[{\"@type\":\"ReadAction\",\"target\":[\"https:\\\/\\\/fuentesfidedignas.com.mx\\\/index.php\\\/2026\\\/04\\\/28\\\/maximo-kaleb-estrada-urrea-el-rostro-del-exito-sinaloense-en-el-ciclismo-nacional-e-internacional\\\/\"]}]},{\"@type\":\"ImageObject\",\"inLanguage\":\"es\",\"@id\":\"https:\\\/\\\/fuentesfidedignas.com.mx\\\/index.php\\\/2026\\\/04\\\/28\\\/maximo-kaleb-estrada-urrea-el-rostro-del-exito-sinaloense-en-el-ciclismo-nacional-e-internacional\\\/#primaryimage\",\"url\":\"https:\\\/\\\/fuentesfidedignas.com.mx\\\/wp-content\\\/uploads\\\/2026\\\/04\\\/WhatsApp-Image-2026-04-28-at-12.05.12-PM-1.jpeg\",\"contentUrl\":\"https:\\\/\\\/fuentesfidedignas.com.mx\\\/wp-content\\\/uploads\\\/2026\\\/04\\\/WhatsApp-Image-2026-04-28-at-12.05.12-PM-1.jpeg\",\"width\":500,\"height\":332},{\"@type\":\"BreadcrumbList\",\"@id\":\"https:\\\/\\\/fuentesfidedignas.com.mx\\\/index.php\\\/2026\\\/04\\\/28\\\/maximo-kaleb-estrada-urrea-el-rostro-del-exito-sinaloense-en-el-ciclismo-nacional-e-internacional\\\/#breadcrumb\",\"itemListElement\":[{\"@type\":\"ListItem\",\"position\":1,\"name\":\"Inicio\",\"item\":\"https:\\\/\\\/fuentesfidedignas.com.mx\\\/\"},{\"@type\":\"ListItem\",\"position\":2,\"name\":\"M\u00e1ximo Kaleb Estrada Urrea, el rostro del \u00e9xito sinaloense en el ciclismo nacional e internacional\"}]},{\"@type\":\"WebSite\",\"@id\":\"https:\\\/\\\/fuentesfidedignas.com.mx\\\/#website\",\"url\":\"https:\\\/\\\/fuentesfidedignas.com.mx\\\/\",\"name\":\"Fuentes Fidedignas\",\"description\":\"Otro sitio realizado con WordPress\",\"publisher\":{\"@id\":\"https:\\\/\\\/fuentesfidedignas.com.mx\\\/#organization\"},\"potentialAction\":[{\"@type\":\"SearchAction\",\"target\":{\"@type\":\"EntryPoint\",\"urlTemplate\":\"https:\\\/\\\/fuentesfidedignas.com.mx\\\/?s={search_term_string}\"},\"query-input\":{\"@type\":\"PropertyValueSpecification\",\"valueRequired\":true,\"valueName\":\"search_term_string\"}}],\"inLanguage\":\"es\"},{\"@type\":\"Organization\",\"@id\":\"https:\\\/\\\/fuentesfidedignas.com.mx\\\/#organization\",\"name\":\"Fuentes Fidedignas\",\"url\":\"https:\\\/\\\/fuentesfidedignas.com.mx\\\/\",\"logo\":{\"@type\":\"ImageObject\",\"inLanguage\":\"es\",\"@id\":\"https:\\\/\\\/fuentesfidedignas.com.mx\\\/#\\\/schema\\\/logo\\\/image\\\/\",\"url\":\"https:\\\/\\\/fuentesfidedignas.com.mx\\\/wp-content\\\/uploads\\\/2021\\\/04\\\/logo-retina.png\",\"contentUrl\":\"https:\\\/\\\/fuentesfidedignas.com.mx\\\/wp-content\\\/uploads\\\/2021\\\/04\\\/logo-retina.png\",\"width\":280,\"height\":51,\"caption\":\"Fuentes Fidedignas\"},\"image\":{\"@id\":\"https:\\\/\\\/fuentesfidedignas.com.mx\\\/#\\\/schema\\\/logo\\\/image\\\/\"},\"sameAs\":[\"https:\\\/\\\/www.facebook.com\\\/Fuentes-Fidedignas-368234489921644\",\"https:\\\/\\\/x.com\\\/fidedignas\"]},{\"@type\":\"Person\",\"@id\":\"https:\\\/\\\/fuentesfidedignas.com.mx\\\/#\\\/schema\\\/person\\\/331be9283d37198e2acd5750279085b0\",\"name\":\"Redacci\u00f3n\",\"image\":{\"@type\":\"ImageObject\",\"inLanguage\":\"es\",\"@id\":\"https:\\\/\\\/secure.gravatar.com\\\/avatar\\\/f6d8782c11d12b2d4ad3fbb6931aeab5309937a4d6cd2fc9cfaa28a6396a5aec?s=96&d=mm&r=g\",\"url\":\"https:\\\/\\\/secure.gravatar.com\\\/avatar\\\/f6d8782c11d12b2d4ad3fbb6931aeab5309937a4d6cd2fc9cfaa28a6396a5aec?s=96&d=mm&r=g\",\"contentUrl\":\"https:\\\/\\\/secure.gravatar.com\\\/avatar\\\/f6d8782c11d12b2d4ad3fbb6931aeab5309937a4d6cd2fc9cfaa28a6396a5aec?s=96&d=mm&r=g\",\"caption\":\"Redacci\u00f3n\"},\"url\":\"https:\\\/\\\/fuentesfidedignas.com.mx\\\/index.php\\\/author\\\/redaccion\\\/\"}]}<\/script>\n<!-- \/ Yoast SEO plugin. -->","yoast_head_json":{"title":"M\u00e1ximo Kaleb Estrada Urrea, el rostro del \u00e9xito sinaloense en el ciclismo nacional e internacional - Fuentes Fidedignas","robots":{"index":"index","follow":"follow","max-snippet":"max-snippet:-1","max-image-preview":"max-image-preview:large","max-video-preview":"max-video-preview:-1"},"canonical":"https:\/\/fuentesfidedignas.com.mx\/index.php\/2026\/04\/28\/maximo-kaleb-estrada-urrea-el-rostro-del-exito-sinaloense-en-el-ciclismo-nacional-e-internacional\/","og_locale":"es_MX","og_type":"article","og_title":"M\u00e1ximo Kaleb Estrada Urrea, el rostro del \u00e9xito sinaloense en el ciclismo nacional e internacional - Fuentes Fidedignas","og_description":"En la presente edici\u00f3n de la m\u00e1xima justa deportiva juvenil del pa\u00eds, Estrada Urrea brill\u00f3 con fuerza al conquistar tres medallas de oro y una de bronce, resultado de un proceso de disciplina, constancia y adaptaci\u00f3n a distintas condiciones competitivas. GUADALAJARA, Jalisco._ El ciclismo sinaloense vive uno de sus momentos m\u00e1s brillantes gracias a la [&hellip;]","og_url":"https:\/\/fuentesfidedignas.com.mx\/index.php\/2026\/04\/28\/maximo-kaleb-estrada-urrea-el-rostro-del-exito-sinaloense-en-el-ciclismo-nacional-e-internacional\/","og_site_name":"Fuentes Fidedignas","article_publisher":"https:\/\/www.facebook.com\/Fuentes-Fidedignas-368234489921644","article_published_time":"2026-04-28T19:17:16+00:00","article_modified_time":"2026-04-28T19:17:20+00:00","og_image":[{"width":500,"height":332,"url":"https:\/\/fuentesfidedignas.com.mx\/wp-content\/uploads\/2026\/04\/WhatsApp-Image-2026-04-28-at-12.05.12-PM-1.jpeg","type":"image\/jpeg"}],"author":"Redacci\u00f3n","twitter_card":"summary_large_image","twitter_creator":"@fidedignas","twitter_site":"@fidedignas","twitter_misc":{"Escrito por":"Redacci\u00f3n","Tiempo de lectura":"3 minutos"},"schema":{"@context":"https:\/\/schema.org","@graph":[{"@type":"Article","@id":"https:\/\/fuentesfidedignas.com.mx\/index.php\/2026\/04\/28\/maximo-kaleb-estrada-urrea-el-rostro-del-exito-sinaloense-en-el-ciclismo-nacional-e-internacional\/#article","isPartOf":{"@id":"https:\/\/fuentesfidedignas.com.mx\/index.php\/2026\/04\/28\/maximo-kaleb-estrada-urrea-el-rostro-del-exito-sinaloense-en-el-ciclismo-nacional-e-internacional\/"},"author":{"name":"Redacci\u00f3n","@id":"https:\/\/fuentesfidedignas.com.mx\/#\/schema\/person\/331be9283d37198e2acd5750279085b0"},"headline":"M\u00e1ximo Kaleb Estrada Urrea, el rostro del \u00e9xito sinaloense en el ciclismo nacional e internacional","datePublished":"2026-04-28T19:17:16+00:00","dateModified":"2026-04-28T19:17:20+00:00","mainEntityOfPage":{"@id":"https:\/\/fuentesfidedignas.com.mx\/index.php\/2026\/04\/28\/maximo-kaleb-estrada-urrea-el-rostro-del-exito-sinaloense-en-el-ciclismo-nacional-e-internacional\/"},"wordCount":583,"commentCount":0,"publisher":{"@id":"https:\/\/fuentesfidedignas.com.mx\/#organization"},"image":{"@id":"https:\/\/fuentesfidedignas.com.mx\/index.php\/2026\/04\/28\/maximo-kaleb-estrada-urrea-el-rostro-del-exito-sinaloense-en-el-ciclismo-nacional-e-internacional\/#primaryimage"},"thumbnailUrl":"https:\/\/fuentesfidedignas.com.mx\/wp-content\/uploads\/2026\/04\/WhatsApp-Image-2026-04-28-at-12.05.12-PM-1.jpeg","articleSection":["NOTA PRINCIPAL"],"inLanguage":"es","potentialAction":[{"@type":"CommentAction","name":"Comment","target":["https:\/\/fuentesfidedignas.com.mx\/index.php\/2026\/04\/28\/maximo-kaleb-estrada-urrea-el-rostro-del-exito-sinaloense-en-el-ciclismo-nacional-e-internacional\/#respond"]}]},{"@type":"WebPage","@id":"https:\/\/fuentesfidedignas.com.mx\/index.php\/2026\/04\/28\/maximo-kaleb-estrada-urrea-el-rostro-del-exito-sinaloense-en-el-ciclismo-nacional-e-internacional\/","url":"https:\/\/fuentesfidedignas.com.mx\/index.php\/2026\/04\/28\/maximo-kaleb-estrada-urrea-el-rostro-del-exito-sinaloense-en-el-ciclismo-nacional-e-internacional\/","name":"M\u00e1ximo Kaleb Estrada Urrea, el rostro del \u00e9xito sinaloense en el ciclismo nacional e internacional - Fuentes Fidedignas","isPartOf":{"@id":"https:\/\/fuentesfidedignas.com.mx\/#website"},"primaryImageOfPage":{"@id":"https:\/\/fuentesfidedignas.com.mx\/index.php\/2026\/04\/28\/maximo-kaleb-estrada-urrea-el-rostro-del-exito-sinaloense-en-el-ciclismo-nacional-e-internacional\/#primaryimage"},"image":{"@id":"https:\/\/fuentesfidedignas.com.mx\/index.php\/2026\/04\/28\/maximo-kaleb-estrada-urrea-el-rostro-del-exito-sinaloense-en-el-ciclismo-nacional-e-internacional\/#primaryimage"},"thumbnailUrl":"https:\/\/fuentesfidedignas.com.mx\/wp-content\/uploads\/2026\/04\/WhatsApp-Image-2026-04-28-at-12.05.12-PM-1.jpeg","datePublished":"2026-04-28T19:17:16+00:00","dateModified":"2026-04-28T19:17:20+00:00","breadcrumb":{"@id":"https:\/\/fuentesfidedignas.com.mx\/index.php\/2026\/04\/28\/maximo-kaleb-estrada-urrea-el-rostro-del-exito-sinaloense-en-el-ciclismo-nacional-e-internacional\/#breadcrumb"},"inLanguage":"es","potentialAction":[{"@type":"ReadAction","target":["https:\/\/fuentesfidedignas.com.mx\/index.php\/2026\/04\/28\/maximo-kaleb-estrada-urrea-el-rostro-del-exito-sinaloense-en-el-ciclismo-nacional-e-internacional\/"]}]},{"@type":"ImageObject","inLanguage":"es","@id":"https:\/\/fuentesfidedignas.com.mx\/index.php\/2026\/04\/28\/maximo-kaleb-estrada-urrea-el-rostro-del-exito-sinaloense-en-el-ciclismo-nacional-e-internacional\/#primaryimage","url":"https:\/\/fuentesfidedignas.com.mx\/wp-content\/uploads\/2026\/04\/WhatsApp-Image-2026-04-28-at-12.05.12-PM-1.jpeg","contentUrl":"https:\/\/fuentesfidedignas.com.mx\/wp-content\/uploads\/2026\/04\/WhatsApp-Image-2026-04-28-at-12.05.12-PM-1.jpeg","width":500,"height":332},{"@type":"BreadcrumbList","@id":"https:\/\/fuentesfidedignas.com.mx\/index.php\/2026\/04\/28\/maximo-kaleb-estrada-urrea-el-rostro-del-exito-sinaloense-en-el-ciclismo-nacional-e-internacional\/#breadcrumb","itemListElement":[{"@type":"ListItem","position":1,"name":"Inicio","item":"https:\/\/fuentesfidedignas.com.mx\/"},{"@type":"ListItem","position":2,"name":"M\u00e1ximo Kaleb Estrada Urrea, el rostro del \u00e9xito sinaloense en el ciclismo nacional e internacional"}]},{"@type":"WebSite","@id":"https:\/\/fuentesfidedignas.com.mx\/#website","url":"https:\/\/fuentesfidedignas.com.mx\/","name":"Fuentes Fidedignas","description":"Otro sitio realizado con WordPress","publisher":{"@id":"https:\/\/fuentesfidedignas.com.mx\/#organization"},"potentialAction":[{"@type":"SearchAction","target":{"@type":"EntryPoint","urlTemplate":"https:\/\/fuentesfidedignas.com.mx\/?s={search_term_string}"},"query-input":{"@type":"PropertyValueSpecification","valueRequired":true,"valueName":"search_term_string"}}],"inLanguage":"es"},{"@type":"Organization","@id":"https:\/\/fuentesfidedignas.com.mx\/#organization","name":"Fuentes Fidedignas","url":"https:\/\/fuentesfidedignas.com.mx\/","logo":{"@type":"ImageObject","inLanguage":"es","@id":"https:\/\/fuentesfidedignas.com.mx\/#\/schema\/logo\/image\/","url":"https:\/\/fuentesfidedignas.com.mx\/wp-content\/uploads\/2021\/04\/logo-retina.png","contentUrl":"https:\/\/fuentesfidedignas.com.mx\/wp-content\/uploads\/2021\/04\/logo-retina.png","width":280,"height":51,"caption":"Fuentes Fidedignas"},"image":{"@id":"https:\/\/fuentesfidedignas.com.mx\/#\/schema\/logo\/image\/"},"sameAs":["https:\/\/www.facebook.com\/Fuentes-Fidedignas-368234489921644","https:\/\/x.com\/fidedignas"]},{"@type":"Person","@id":"https:\/\/fuentesfidedignas.com.mx\/#\/schema\/person\/331be9283d37198e2acd5750279085b0","name":"Redacci\u00f3n","image":{"@type":"ImageObject","inLanguage":"es","@id":"https:\/\/secure.gravatar.com\/avatar\/f6d8782c11d12b2d4ad3fbb6931aeab5309937a4d6cd2fc9cfaa28a6396a5aec?s=96&d=mm&r=g","url":"https:\/\/secure.gravatar.com\/avatar\/f6d8782c11d12b2d4ad3fbb6931aeab5309937a4d6cd2fc9cfaa28a6396a5aec?s=96&d=mm&r=g","contentUrl":"https:\/\/secure.gravatar.com\/avatar\/f6d8782c11d12b2d4ad3fbb6931aeab5309937a4d6cd2fc9cfaa28a6396a5aec?s=96&d=mm&r=g","caption":"Redacci\u00f3n"},"url":"https:\/\/fuentesfidedignas.com.mx\/index.php\/author\/redaccion\/"}]}},"_links":{"self":[{"href":"https:\/\/fuentesfidedignas.com.mx\/index.php\/wp-json\/wp\/v2\/posts\/132435","targetHints":{"allow":["GET"]}}],"collection":[{"href":"https:\/\/fuentesfidedignas.com.mx\/index.php\/wp-json\/wp\/v2\/posts"}],"about":[{"href":"https:\/\/fuentesfidedignas.com.mx\/index.php\/wp-json\/wp\/v2\/types\/post"}],"author":[{"embeddable":true,"href":"https:\/\/fuentesfidedignas.com.mx\/index.php\/wp-json\/wp\/v2\/users\/4"}],"replies":[{"embeddable":true,"href":"https:\/\/fuentesfidedignas.com.mx\/index.php\/wp-json\/wp\/v2\/comments?post=132435"}],"version-history":[{"count":1,"href":"https:\/\/fuentesfidedignas.com.mx\/index.php\/wp-json\/wp\/v2\/posts\/132435\/revisions"}],"predecessor-version":[{"id":132437,"href":"https:\/\/fuentesfidedignas.com.mx\/index.php\/wp-json\/wp\/v2\/posts\/132435\/revisions\/132437"}],"wp:featuredmedia":[{"embeddable":true,"href":"https:\/\/fuentesfidedignas.com.mx\/index.php\/wp-json\/wp\/v2\/media\/132436"}],"wp:attachment":[{"href":"https:\/\/fuentesfidedignas.com.mx\/index.php\/wp-json\/wp\/v2\/media?parent=132435"}],"wp:term":[{"taxonomy":"category","embeddable":true,"href":"https:\/\/fuentesfidedignas.com.mx\/index.php\/wp-json\/wp\/v2\/categories?post=132435"},{"taxonomy":"post_tag","embeddable":true,"href":"https:\/\/fuentesfidedignas.com.mx\/index.php\/wp-json\/wp\/v2\/tags?post=132435"}],"curies":[{"name":"wp","href":"https:\/\/api.w.org\/{rel}","templated":true}]}}