{"id":132426,"date":"2026-04-28T08:59:12","date_gmt":"2026-04-28T15:59:12","guid":{"rendered":"https:\/\/fuentesfidedignas.com.mx\/?p=132426"},"modified":"2026-04-28T08:59:17","modified_gmt":"2026-04-28T15:59:17","slug":"javier-aguirre-revela-la-primera-convocatoria-para-el-mundial","status":"publish","type":"post","link":"https:\/\/fuentesfidedignas.com.mx\/index.php\/2026\/04\/28\/javier-aguirre-revela-la-primera-convocatoria-para-el-mundial\/","title":{"rendered":"Javier Aguirre revela la primera convocatoria para el Mundial"},"content":{"rendered":"\n<p><strong><em>El director t\u00e9cnico de la Selecci\u00f3n Mexicana dio a conocer la lista de jugadores de Liga MX que est\u00e1n considerados para la Copa del Mundo<\/em><\/strong><\/p>\n\n\n\n<p>CIUDAD DE M\u00c9XICO &#8212; El director t\u00e9cnico de la Selecci\u00f3n Mexicana, Javier &#8216;Vasco&#8217; Aguirre hizo oficial su primera lista de convocados para la Copa Mundial 2026, con s\u00f3lo jugadores de la Liga MX. El entrenador de M\u00e9xico iniciar\u00e1 su concentraci\u00f3n el pr\u00f3ximo 6 de mayo.<\/p>\n\n\n\n<p>&#8216;Vasco&#8217; Aguirre convoc\u00f3 a 12 jugadores de la Liga MX junto con un grupo de sparrings, para comenzar la concentraci\u00f3n larga, de m\u00e1s de 30 d\u00edas, previa a la Copa del Mundo 2026. Los jugadores convocados no podr\u00e1n disputar la Liguilla del Clausura 2026 y s\u00f3lo podr\u00e1n jugar el partido de ida de las semifinales de la Concacaf Champions Cup, en el caso de los futbolistas de Toluca, como se acord\u00f3 desde un inicio.<\/p>\n\n\n\n<p>El entrenador pact\u00f3 con los due\u00f1os de los clubes de la Liga MX que la Liguilla del Clausura 2026 se jugar\u00eda sin seleccionados mexicanos, para preparar a la M\u00e9xico de la mejor forma, previo al Mundial 2026. Los propietarios de los equipos de Primera Divisi\u00f3n aceptaron la propuesta a cambio de que s\u00f3lo convocara futbolistas con altas posibilidades de ir a la Copa del Mundo, para evitar el &#8216;manoseo&#8217; de jugadores.<\/p>\n\n\n\n<p>Sumado a la lista de convocados, tambi\u00e9n se llam\u00f3 a un grupo de sparring, que surge de los equipos que no lograron clasificar a la fase final del torneo. A estos futbolistas se les aclar\u00f3 que sus posibilidades de ir al Mundial 2026 son m\u00ednimas y su convocatoria responde a un plan a futuro que tienen con Rafael M\u00e1rquez, elegido para dirigir a la Selecci\u00f3n Mexicana despu\u00e9s de la Copa del Mundo 2026.<\/p>\n\n\n\n<p>Los elegidos por el &#8216;Vasco&#8217; Aguirre tendr\u00e1n una semana de vacaciones antes de reportar el pr\u00f3ximo 6 de mayo en las instalaciones del Centro de Alto Rendimiento de la Selecci\u00f3n Mexicana.<\/p>\n\n\n\n<p><strong>\u00bfQu\u00e9 pasar\u00e1 con Memo Ochoa?<\/strong><br>Aunque el guardameta del AEL Limassol no ha sumado minutos con la Selecci\u00f3n Mexicana en los juegos m\u00e1s recientes, se espera que su nombre aparezca cuando se complete la convocatoria con los elementos mexicanos que participan en el extranjero. Para este primer llamado solo se incluyeron dos arqueros en la lista principal y no m\u00e1s que ser\u00e1 \u00d3scar Garc\u00eda, quien acudir\u00e1 como sparring.<\/p>\n\n\n\n<p><strong>\u00bfCu\u00e1ndo se entrega la lista final para la Copa del Mundo?<\/strong><br>El &#8216;Vasco&#8217; Aguirre tiene considerado entregar la lista final del Mundial 2026, con 26 futbolistas, para el 1\u00b0 de junio, a 10 d\u00edas del debut en el certamen que se disputar\u00e1 en M\u00e9xico, Estados Unidos y Canad\u00e1.<\/p>\n\n\n\n<p>En la lista del 1\u00b0 de junio ya se considerar\u00e1n a los futbolistas mexicanos que militan en equipos europeos. Esto ser\u00e1 despu\u00e9s de los partidos ante Ghana y Australia.<\/p>\n\n\n\n<p>\u00bfQui\u00e9nes son los primeros elegidos por Javier Aguirre para la Copa del Mundo 2026?<br>El &#8216;Vasco&#8217; Aguirre revel\u00f3 su primera convocatoria para el Mundial 2026, en la que \u00fanicamente se consideraron jugadores de la Liga MX:<\/p>\n\n\n\n<p><strong>Porteros<\/strong><\/p>\n\n\n\n<ul class=\"wp-block-list\">\n<li>Ra\u00fal Rangel | Guadalajara<\/li>\n\n\n\n<li>Carlos Acevedo | Santos Laguna<\/li>\n<\/ul>\n\n\n\n<p><strong>Defensas<\/strong><\/p>\n\n\n\n<ul class=\"wp-block-list\">\n<li>Israel Reyes | Am\u00e9rica<\/li>\n\n\n\n<li>Jes\u00fas Gallardo | Toluca<\/li>\n<\/ul>\n\n\n\n<p><strong>Mediocampo<\/strong><\/p>\n\n\n\n<ul class=\"wp-block-list\">\n<li>\u00c9rik Lira | Cruz Azul<\/li>\n\n\n\n<li>Brian Guti\u00e9rrez | Guadalajara<\/li>\n\n\n\n<li>Gilberto Mora | Tijuana<\/li>\n\n\n\n<li>Luis Romo | Chivas<\/li>\n\n\n\n<li>Roberto Alvarado | Chivas<\/li>\n<\/ul>\n\n\n\n<p><strong>Delanteros<\/strong><\/p>\n\n\n\n<ul class=\"wp-block-list\">\n<li>Armando Gonz\u00e1lez | Guadalajara<\/li>\n\n\n\n<li>Alexis Vega | Toluca<\/li>\n\n\n\n<li>Guillermo Mart\u00ednez | Pumas<\/li>\n<\/ul>\n\n\n\n<p><strong>\u00bfQui\u00e9nes son los sparrings elegidos por Javier Aguirre para la Copa del Mundo 2026?<\/strong><br>\u00d3scar Garc\u00eda &#8211; Portero &#8211; Le\u00f3n<\/p>\n\n\n\n<p>Luis Rey &#8211; Defensa &#8211; Puebla<\/p>\n\n\n\n<p>Eduardo \u00c1guila &#8211; Defensa &#8211; San Luis<\/p>\n\n\n\n<p>Jes\u00fas G\u00f3mez &#8211; Defensa &#8211; Tijuana<\/p>\n\n\n\n<p>Denzell Garc\u00eda &#8211; Defensa &#8211; FC Ju\u00e1rez<\/p>\n\n\n\n<p>Iker Fimbres &#8211; Medio &#8211; Rayados<\/p>\n\n\n\n<p>Jairo Torres &#8211; Medio &#8211; FC Ju\u00e1rez<\/p>\n\n\n\n<p>Kevin Casta\u00f1eda &#8211; Medio &#8211; Tijuana<\/p>\n","protected":false},"excerpt":{"rendered":"<p>El director t\u00e9cnico de la Selecci\u00f3n Mexicana dio a conocer la lista de jugadores de Liga MX que est\u00e1n considerados para la Copa del Mundo CIUDAD DE M\u00c9XICO &#8212; El director t\u00e9cnico de la Selecci\u00f3n Mexicana, Javier &#8216;Vasco&#8217; Aguirre hizo oficial su primera lista de convocados para la Copa Mundial 2026, con s\u00f3lo jugadores de [&hellip;]<\/p>\n","protected":false},"author":56,"featured_media":132427,"comment_status":"open","ping_status":"open","sticky":false,"template":"","format":"standard","meta":{"tdm_status":"","tdm_grid_status":"","footnotes":""},"categories":[39],"tags":[],"class_list":{"0":"post-132426","1":"post","2":"type-post","3":"status-publish","4":"format-standard","5":"has-post-thumbnail","7":"category-noticias-nacionales"},"yoast_head":"<!-- This site is optimized with the Yoast SEO plugin v27.5 - https:\/\/yoast.com\/product\/yoast-seo-wordpress\/ -->\n<title>Javier Aguirre revela la primera convocatoria para el Mundial - Fuentes Fidedignas<\/title>\n<meta name=\"robots\" content=\"index, follow, max-snippet:-1, max-image-preview:large, max-video-preview:-1\" \/>\n<link rel=\"canonical\" href=\"https:\/\/fuentesfidedignas.com.mx\/index.php\/2026\/04\/28\/javier-aguirre-revela-la-primera-convocatoria-para-el-mundial\/\" \/>\n<meta property=\"og:locale\" content=\"es_MX\" \/>\n<meta property=\"og:type\" content=\"article\" \/>\n<meta property=\"og:title\" content=\"Javier Aguirre revela la primera convocatoria para el Mundial - Fuentes Fidedignas\" \/>\n<meta property=\"og:description\" content=\"El director t\u00e9cnico de la Selecci\u00f3n Mexicana dio a conocer la lista de jugadores de Liga MX que est\u00e1n considerados para la Copa del Mundo CIUDAD DE M\u00c9XICO &#8212; El director t\u00e9cnico de la Selecci\u00f3n Mexicana, Javier &#8216;Vasco&#8217; Aguirre hizo oficial su primera lista de convocados para la Copa Mundial 2026, con s\u00f3lo jugadores de [&hellip;]\" \/>\n<meta property=\"og:url\" content=\"https:\/\/fuentesfidedignas.com.mx\/index.php\/2026\/04\/28\/javier-aguirre-revela-la-primera-convocatoria-para-el-mundial\/\" \/>\n<meta property=\"og:site_name\" content=\"Fuentes Fidedignas\" \/>\n<meta property=\"article:publisher\" content=\"https:\/\/www.facebook.com\/Fuentes-Fidedignas-368234489921644\" \/>\n<meta property=\"article:published_time\" content=\"2026-04-28T15:59:12+00:00\" \/>\n<meta property=\"article:modified_time\" content=\"2026-04-28T15:59:17+00:00\" \/>\n<meta property=\"og:image\" content=\"https:\/\/fuentesfidedignas.com.mx\/wp-content\/uploads\/2026\/04\/Javuer-Aguirre.jpg\" \/>\n\t<meta property=\"og:image:width\" content=\"500\" \/>\n\t<meta property=\"og:image:height\" content=\"281\" \/>\n\t<meta property=\"og:image:type\" content=\"image\/jpeg\" \/>\n<meta name=\"author\" content=\"ESPN\" \/>\n<meta name=\"twitter:card\" content=\"summary_large_image\" \/>\n<meta name=\"twitter:creator\" content=\"@fidedignas\" \/>\n<meta name=\"twitter:site\" content=\"@fidedignas\" \/>\n<meta name=\"twitter:label1\" content=\"Escrito por\" \/>\n\t<meta name=\"twitter:data1\" content=\"ESPN\" \/>\n\t<meta name=\"twitter:label2\" content=\"Tiempo de lectura\" \/>\n\t<meta name=\"twitter:data2\" content=\"3 minutos\" \/>\n<script type=\"application\/ld+json\" class=\"yoast-schema-graph\">{\"@context\":\"https:\\\/\\\/schema.org\",\"@graph\":[{\"@type\":\"Article\",\"@id\":\"https:\\\/\\\/fuentesfidedignas.com.mx\\\/index.php\\\/2026\\\/04\\\/28\\\/javier-aguirre-revela-la-primera-convocatoria-para-el-mundial\\\/#article\",\"isPartOf\":{\"@id\":\"https:\\\/\\\/fuentesfidedignas.com.mx\\\/index.php\\\/2026\\\/04\\\/28\\\/javier-aguirre-revela-la-primera-convocatoria-para-el-mundial\\\/\"},\"author\":{\"name\":\"ESPN\",\"@id\":\"https:\\\/\\\/fuentesfidedignas.com.mx\\\/#\\\/schema\\\/person\\\/7fe026938fb0ad9958949de167b7588c\"},\"headline\":\"Javier Aguirre revela la primera convocatoria para el Mundial\",\"datePublished\":\"2026-04-28T15:59:12+00:00\",\"dateModified\":\"2026-04-28T15:59:17+00:00\",\"mainEntityOfPage\":{\"@id\":\"https:\\\/\\\/fuentesfidedignas.com.mx\\\/index.php\\\/2026\\\/04\\\/28\\\/javier-aguirre-revela-la-primera-convocatoria-para-el-mundial\\\/\"},\"wordCount\":651,\"commentCount\":0,\"publisher\":{\"@id\":\"https:\\\/\\\/fuentesfidedignas.com.mx\\\/#organization\"},\"image\":{\"@id\":\"https:\\\/\\\/fuentesfidedignas.com.mx\\\/index.php\\\/2026\\\/04\\\/28\\\/javier-aguirre-revela-la-primera-convocatoria-para-el-mundial\\\/#primaryimage\"},\"thumbnailUrl\":\"https:\\\/\\\/fuentesfidedignas.com.mx\\\/wp-content\\\/uploads\\\/2026\\\/04\\\/Javuer-Aguirre.jpg\",\"articleSection\":[\"NOTICIAS NACIONALES\"],\"inLanguage\":\"es\",\"potentialAction\":[{\"@type\":\"CommentAction\",\"name\":\"Comment\",\"target\":[\"https:\\\/\\\/fuentesfidedignas.com.mx\\\/index.php\\\/2026\\\/04\\\/28\\\/javier-aguirre-revela-la-primera-convocatoria-para-el-mundial\\\/#respond\"]}]},{\"@type\":\"WebPage\",\"@id\":\"https:\\\/\\\/fuentesfidedignas.com.mx\\\/index.php\\\/2026\\\/04\\\/28\\\/javier-aguirre-revela-la-primera-convocatoria-para-el-mundial\\\/\",\"url\":\"https:\\\/\\\/fuentesfidedignas.com.mx\\\/index.php\\\/2026\\\/04\\\/28\\\/javier-aguirre-revela-la-primera-convocatoria-para-el-mundial\\\/\",\"name\":\"Javier Aguirre revela la primera convocatoria para el Mundial - Fuentes Fidedignas\",\"isPartOf\":{\"@id\":\"https:\\\/\\\/fuentesfidedignas.com.mx\\\/#website\"},\"primaryImageOfPage\":{\"@id\":\"https:\\\/\\\/fuentesfidedignas.com.mx\\\/index.php\\\/2026\\\/04\\\/28\\\/javier-aguirre-revela-la-primera-convocatoria-para-el-mundial\\\/#primaryimage\"},\"image\":{\"@id\":\"https:\\\/\\\/fuentesfidedignas.com.mx\\\/index.php\\\/2026\\\/04\\\/28\\\/javier-aguirre-revela-la-primera-convocatoria-para-el-mundial\\\/#primaryimage\"},\"thumbnailUrl\":\"https:\\\/\\\/fuentesfidedignas.com.mx\\\/wp-content\\\/uploads\\\/2026\\\/04\\\/Javuer-Aguirre.jpg\",\"datePublished\":\"2026-04-28T15:59:12+00:00\",\"dateModified\":\"2026-04-28T15:59:17+00:00\",\"breadcrumb\":{\"@id\":\"https:\\\/\\\/fuentesfidedignas.com.mx\\\/index.php\\\/2026\\\/04\\\/28\\\/javier-aguirre-revela-la-primera-convocatoria-para-el-mundial\\\/#breadcrumb\"},\"inLanguage\":\"es\",\"potentialAction\":[{\"@type\":\"ReadAction\",\"target\":[\"https:\\\/\\\/fuentesfidedignas.com.mx\\\/index.php\\\/2026\\\/04\\\/28\\\/javier-aguirre-revela-la-primera-convocatoria-para-el-mundial\\\/\"]}]},{\"@type\":\"ImageObject\",\"inLanguage\":\"es\",\"@id\":\"https:\\\/\\\/fuentesfidedignas.com.mx\\\/index.php\\\/2026\\\/04\\\/28\\\/javier-aguirre-revela-la-primera-convocatoria-para-el-mundial\\\/#primaryimage\",\"url\":\"https:\\\/\\\/fuentesfidedignas.com.mx\\\/wp-content\\\/uploads\\\/2026\\\/04\\\/Javuer-Aguirre.jpg\",\"contentUrl\":\"https:\\\/\\\/fuentesfidedignas.com.mx\\\/wp-content\\\/uploads\\\/2026\\\/04\\\/Javuer-Aguirre.jpg\",\"width\":500,\"height\":281},{\"@type\":\"BreadcrumbList\",\"@id\":\"https:\\\/\\\/fuentesfidedignas.com.mx\\\/index.php\\\/2026\\\/04\\\/28\\\/javier-aguirre-revela-la-primera-convocatoria-para-el-mundial\\\/#breadcrumb\",\"itemListElement\":[{\"@type\":\"ListItem\",\"position\":1,\"name\":\"Inicio\",\"item\":\"https:\\\/\\\/fuentesfidedignas.com.mx\\\/\"},{\"@type\":\"ListItem\",\"position\":2,\"name\":\"Javier Aguirre revela la primera convocatoria para el Mundial\"}]},{\"@type\":\"WebSite\",\"@id\":\"https:\\\/\\\/fuentesfidedignas.com.mx\\\/#website\",\"url\":\"https:\\\/\\\/fuentesfidedignas.com.mx\\\/\",\"name\":\"Fuentes Fidedignas\",\"description\":\"Otro sitio realizado con WordPress\",\"publisher\":{\"@id\":\"https:\\\/\\\/fuentesfidedignas.com.mx\\\/#organization\"},\"potentialAction\":[{\"@type\":\"SearchAction\",\"target\":{\"@type\":\"EntryPoint\",\"urlTemplate\":\"https:\\\/\\\/fuentesfidedignas.com.mx\\\/?s={search_term_string}\"},\"query-input\":{\"@type\":\"PropertyValueSpecification\",\"valueRequired\":true,\"valueName\":\"search_term_string\"}}],\"inLanguage\":\"es\"},{\"@type\":\"Organization\",\"@id\":\"https:\\\/\\\/fuentesfidedignas.com.mx\\\/#organization\",\"name\":\"Fuentes Fidedignas\",\"url\":\"https:\\\/\\\/fuentesfidedignas.com.mx\\\/\",\"logo\":{\"@type\":\"ImageObject\",\"inLanguage\":\"es\",\"@id\":\"https:\\\/\\\/fuentesfidedignas.com.mx\\\/#\\\/schema\\\/logo\\\/image\\\/\",\"url\":\"https:\\\/\\\/fuentesfidedignas.com.mx\\\/wp-content\\\/uploads\\\/2021\\\/04\\\/logo-retina.png\",\"contentUrl\":\"https:\\\/\\\/fuentesfidedignas.com.mx\\\/wp-content\\\/uploads\\\/2021\\\/04\\\/logo-retina.png\",\"width\":280,\"height\":51,\"caption\":\"Fuentes Fidedignas\"},\"image\":{\"@id\":\"https:\\\/\\\/fuentesfidedignas.com.mx\\\/#\\\/schema\\\/logo\\\/image\\\/\"},\"sameAs\":[\"https:\\\/\\\/www.facebook.com\\\/Fuentes-Fidedignas-368234489921644\",\"https:\\\/\\\/x.com\\\/fidedignas\"]},{\"@type\":\"Person\",\"@id\":\"https:\\\/\\\/fuentesfidedignas.com.mx\\\/#\\\/schema\\\/person\\\/7fe026938fb0ad9958949de167b7588c\",\"name\":\"ESPN\",\"image\":{\"@type\":\"ImageObject\",\"inLanguage\":\"es\",\"@id\":\"https:\\\/\\\/secure.gravatar.com\\\/avatar\\\/1a7c694b6f48b567dbf58684dc87e55e259e8332b6c80c05cc5bd7273ec1e7ea?s=96&d=mm&r=g\",\"url\":\"https:\\\/\\\/secure.gravatar.com\\\/avatar\\\/1a7c694b6f48b567dbf58684dc87e55e259e8332b6c80c05cc5bd7273ec1e7ea?s=96&d=mm&r=g\",\"contentUrl\":\"https:\\\/\\\/secure.gravatar.com\\\/avatar\\\/1a7c694b6f48b567dbf58684dc87e55e259e8332b6c80c05cc5bd7273ec1e7ea?s=96&d=mm&r=g\",\"caption\":\"ESPN\"},\"url\":\"https:\\\/\\\/fuentesfidedignas.com.mx\\\/index.php\\\/author\\\/espn\\\/\"}]}<\/script>\n<!-- \/ Yoast SEO plugin. -->","yoast_head_json":{"title":"Javier Aguirre revela la primera convocatoria para el Mundial - Fuentes Fidedignas","robots":{"index":"index","follow":"follow","max-snippet":"max-snippet:-1","max-image-preview":"max-image-preview:large","max-video-preview":"max-video-preview:-1"},"canonical":"https:\/\/fuentesfidedignas.com.mx\/index.php\/2026\/04\/28\/javier-aguirre-revela-la-primera-convocatoria-para-el-mundial\/","og_locale":"es_MX","og_type":"article","og_title":"Javier Aguirre revela la primera convocatoria para el Mundial - Fuentes Fidedignas","og_description":"El director t\u00e9cnico de la Selecci\u00f3n Mexicana dio a conocer la lista de jugadores de Liga MX que est\u00e1n considerados para la Copa del Mundo CIUDAD DE M\u00c9XICO &#8212; El director t\u00e9cnico de la Selecci\u00f3n Mexicana, Javier &#8216;Vasco&#8217; Aguirre hizo oficial su primera lista de convocados para la Copa Mundial 2026, con s\u00f3lo jugadores de [&hellip;]","og_url":"https:\/\/fuentesfidedignas.com.mx\/index.php\/2026\/04\/28\/javier-aguirre-revela-la-primera-convocatoria-para-el-mundial\/","og_site_name":"Fuentes Fidedignas","article_publisher":"https:\/\/www.facebook.com\/Fuentes-Fidedignas-368234489921644","article_published_time":"2026-04-28T15:59:12+00:00","article_modified_time":"2026-04-28T15:59:17+00:00","og_image":[{"width":500,"height":281,"url":"https:\/\/fuentesfidedignas.com.mx\/wp-content\/uploads\/2026\/04\/Javuer-Aguirre.jpg","type":"image\/jpeg"}],"author":"ESPN","twitter_card":"summary_large_image","twitter_creator":"@fidedignas","twitter_site":"@fidedignas","twitter_misc":{"Escrito por":"ESPN","Tiempo de lectura":"3 minutos"},"schema":{"@context":"https:\/\/schema.org","@graph":[{"@type":"Article","@id":"https:\/\/fuentesfidedignas.com.mx\/index.php\/2026\/04\/28\/javier-aguirre-revela-la-primera-convocatoria-para-el-mundial\/#article","isPartOf":{"@id":"https:\/\/fuentesfidedignas.com.mx\/index.php\/2026\/04\/28\/javier-aguirre-revela-la-primera-convocatoria-para-el-mundial\/"},"author":{"name":"ESPN","@id":"https:\/\/fuentesfidedignas.com.mx\/#\/schema\/person\/7fe026938fb0ad9958949de167b7588c"},"headline":"Javier Aguirre revela la primera convocatoria para el Mundial","datePublished":"2026-04-28T15:59:12+00:00","dateModified":"2026-04-28T15:59:17+00:00","mainEntityOfPage":{"@id":"https:\/\/fuentesfidedignas.com.mx\/index.php\/2026\/04\/28\/javier-aguirre-revela-la-primera-convocatoria-para-el-mundial\/"},"wordCount":651,"commentCount":0,"publisher":{"@id":"https:\/\/fuentesfidedignas.com.mx\/#organization"},"image":{"@id":"https:\/\/fuentesfidedignas.com.mx\/index.php\/2026\/04\/28\/javier-aguirre-revela-la-primera-convocatoria-para-el-mundial\/#primaryimage"},"thumbnailUrl":"https:\/\/fuentesfidedignas.com.mx\/wp-content\/uploads\/2026\/04\/Javuer-Aguirre.jpg","articleSection":["NOTICIAS NACIONALES"],"inLanguage":"es","potentialAction":[{"@type":"CommentAction","name":"Comment","target":["https:\/\/fuentesfidedignas.com.mx\/index.php\/2026\/04\/28\/javier-aguirre-revela-la-primera-convocatoria-para-el-mundial\/#respond"]}]},{"@type":"WebPage","@id":"https:\/\/fuentesfidedignas.com.mx\/index.php\/2026\/04\/28\/javier-aguirre-revela-la-primera-convocatoria-para-el-mundial\/","url":"https:\/\/fuentesfidedignas.com.mx\/index.php\/2026\/04\/28\/javier-aguirre-revela-la-primera-convocatoria-para-el-mundial\/","name":"Javier Aguirre revela la primera convocatoria para el Mundial - Fuentes Fidedignas","isPartOf":{"@id":"https:\/\/fuentesfidedignas.com.mx\/#website"},"primaryImageOfPage":{"@id":"https:\/\/fuentesfidedignas.com.mx\/index.php\/2026\/04\/28\/javier-aguirre-revela-la-primera-convocatoria-para-el-mundial\/#primaryimage"},"image":{"@id":"https:\/\/fuentesfidedignas.com.mx\/index.php\/2026\/04\/28\/javier-aguirre-revela-la-primera-convocatoria-para-el-mundial\/#primaryimage"},"thumbnailUrl":"https:\/\/fuentesfidedignas.com.mx\/wp-content\/uploads\/2026\/04\/Javuer-Aguirre.jpg","datePublished":"2026-04-28T15:59:12+00:00","dateModified":"2026-04-28T15:59:17+00:00","breadcrumb":{"@id":"https:\/\/fuentesfidedignas.com.mx\/index.php\/2026\/04\/28\/javier-aguirre-revela-la-primera-convocatoria-para-el-mundial\/#breadcrumb"},"inLanguage":"es","potentialAction":[{"@type":"ReadAction","target":["https:\/\/fuentesfidedignas.com.mx\/index.php\/2026\/04\/28\/javier-aguirre-revela-la-primera-convocatoria-para-el-mundial\/"]}]},{"@type":"ImageObject","inLanguage":"es","@id":"https:\/\/fuentesfidedignas.com.mx\/index.php\/2026\/04\/28\/javier-aguirre-revela-la-primera-convocatoria-para-el-mundial\/#primaryimage","url":"https:\/\/fuentesfidedignas.com.mx\/wp-content\/uploads\/2026\/04\/Javuer-Aguirre.jpg","contentUrl":"https:\/\/fuentesfidedignas.com.mx\/wp-content\/uploads\/2026\/04\/Javuer-Aguirre.jpg","width":500,"height":281},{"@type":"BreadcrumbList","@id":"https:\/\/fuentesfidedignas.com.mx\/index.php\/2026\/04\/28\/javier-aguirre-revela-la-primera-convocatoria-para-el-mundial\/#breadcrumb","itemListElement":[{"@type":"ListItem","position":1,"name":"Inicio","item":"https:\/\/fuentesfidedignas.com.mx\/"},{"@type":"ListItem","position":2,"name":"Javier Aguirre revela la primera convocatoria para el Mundial"}]},{"@type":"WebSite","@id":"https:\/\/fuentesfidedignas.com.mx\/#website","url":"https:\/\/fuentesfidedignas.com.mx\/","name":"Fuentes Fidedignas","description":"Otro sitio realizado con WordPress","publisher":{"@id":"https:\/\/fuentesfidedignas.com.mx\/#organization"},"potentialAction":[{"@type":"SearchAction","target":{"@type":"EntryPoint","urlTemplate":"https:\/\/fuentesfidedignas.com.mx\/?s={search_term_string}"},"query-input":{"@type":"PropertyValueSpecification","valueRequired":true,"valueName":"search_term_string"}}],"inLanguage":"es"},{"@type":"Organization","@id":"https:\/\/fuentesfidedignas.com.mx\/#organization","name":"Fuentes Fidedignas","url":"https:\/\/fuentesfidedignas.com.mx\/","logo":{"@type":"ImageObject","inLanguage":"es","@id":"https:\/\/fuentesfidedignas.com.mx\/#\/schema\/logo\/image\/","url":"https:\/\/fuentesfidedignas.com.mx\/wp-content\/uploads\/2021\/04\/logo-retina.png","contentUrl":"https:\/\/fuentesfidedignas.com.mx\/wp-content\/uploads\/2021\/04\/logo-retina.png","width":280,"height":51,"caption":"Fuentes Fidedignas"},"image":{"@id":"https:\/\/fuentesfidedignas.com.mx\/#\/schema\/logo\/image\/"},"sameAs":["https:\/\/www.facebook.com\/Fuentes-Fidedignas-368234489921644","https:\/\/x.com\/fidedignas"]},{"@type":"Person","@id":"https:\/\/fuentesfidedignas.com.mx\/#\/schema\/person\/7fe026938fb0ad9958949de167b7588c","name":"ESPN","image":{"@type":"ImageObject","inLanguage":"es","@id":"https:\/\/secure.gravatar.com\/avatar\/1a7c694b6f48b567dbf58684dc87e55e259e8332b6c80c05cc5bd7273ec1e7ea?s=96&d=mm&r=g","url":"https:\/\/secure.gravatar.com\/avatar\/1a7c694b6f48b567dbf58684dc87e55e259e8332b6c80c05cc5bd7273ec1e7ea?s=96&d=mm&r=g","contentUrl":"https:\/\/secure.gravatar.com\/avatar\/1a7c694b6f48b567dbf58684dc87e55e259e8332b6c80c05cc5bd7273ec1e7ea?s=96&d=mm&r=g","caption":"ESPN"},"url":"https:\/\/fuentesfidedignas.com.mx\/index.php\/author\/espn\/"}]}},"_links":{"self":[{"href":"https:\/\/fuentesfidedignas.com.mx\/index.php\/wp-json\/wp\/v2\/posts\/132426","targetHints":{"allow":["GET"]}}],"collection":[{"href":"https:\/\/fuentesfidedignas.com.mx\/index.php\/wp-json\/wp\/v2\/posts"}],"about":[{"href":"https:\/\/fuentesfidedignas.com.mx\/index.php\/wp-json\/wp\/v2\/types\/post"}],"author":[{"embeddable":true,"href":"https:\/\/fuentesfidedignas.com.mx\/index.php\/wp-json\/wp\/v2\/users\/56"}],"replies":[{"embeddable":true,"href":"https:\/\/fuentesfidedignas.com.mx\/index.php\/wp-json\/wp\/v2\/comments?post=132426"}],"version-history":[{"count":1,"href":"https:\/\/fuentesfidedignas.com.mx\/index.php\/wp-json\/wp\/v2\/posts\/132426\/revisions"}],"predecessor-version":[{"id":132428,"href":"https:\/\/fuentesfidedignas.com.mx\/index.php\/wp-json\/wp\/v2\/posts\/132426\/revisions\/132428"}],"wp:featuredmedia":[{"embeddable":true,"href":"https:\/\/fuentesfidedignas.com.mx\/index.php\/wp-json\/wp\/v2\/media\/132427"}],"wp:attachment":[{"href":"https:\/\/fuentesfidedignas.com.mx\/index.php\/wp-json\/wp\/v2\/media?parent=132426"}],"wp:term":[{"taxonomy":"category","embeddable":true,"href":"https:\/\/fuentesfidedignas.com.mx\/index.php\/wp-json\/wp\/v2\/categories?post=132426"},{"taxonomy":"post_tag","embeddable":true,"href":"https:\/\/fuentesfidedignas.com.mx\/index.php\/wp-json\/wp\/v2\/tags?post=132426"}],"curies":[{"name":"wp","href":"https:\/\/api.w.org\/{rel}","templated":true}]}}