{"id":132420,"date":"2026-04-28T08:26:32","date_gmt":"2026-04-28T15:26:32","guid":{"rendered":"https:\/\/fuentesfidedignas.com.mx\/?p=132420"},"modified":"2026-04-28T08:26:37","modified_gmt":"2026-04-28T15:26:37","slug":"tras-un-reporte-al-911-detienen-a-cuatro-civiles-en-posesion-de-armas-cortas","status":"publish","type":"post","link":"https:\/\/fuentesfidedignas.com.mx\/index.php\/2026\/04\/28\/tras-un-reporte-al-911-detienen-a-cuatro-civiles-en-posesion-de-armas-cortas\/","title":{"rendered":"Tras un reporte al 911, detienen a cuatro civiles en posesi\u00f3n de armas cortas"},"content":{"rendered":"\n<p><strong><em>Las personas detenidas, as\u00ed como el armamento asegurado, fueron puestos a disposici\u00f3n del Ministerio P\u00fablico Federal, a fin de que se realicen las diligencias correspondientes conforme a la ley.<\/em><\/strong><\/p>\n\n\n\n<p>Personal del Ej\u00e9rcito Mexicano y elementos de la Secretar\u00eda de Seguridad P\u00fablica del Estado, a trav\u00e9s del Grupo de Operaciones Especiales de Sinaloa (GOES) de la Polic\u00eda Estatal Preventiva, en coordinaci\u00f3n con la Guardia Nacional, la Secretar\u00eda de Marina, la Secretar\u00eda de Seguridad y Protecci\u00f3n Ciudadana, la Fiscal\u00eda General de la Rep\u00fablica y la Fiscal\u00eda General del Estado, llevaron a cabo la detenci\u00f3n de cuatro personas, a quienes se les aseguraron armas cortas en el municipio de Mazatl\u00e1n.<\/p>\n\n\n\n<p>Derivado de un reporte al 911, en el que se alertaba sobre detonaciones de arma de fuego en la colonia Villas del Rey, en atenci\u00f3n inmediata, los elementos del Ej\u00e9rcito Mexicano y del GOES se trasladaron al sitio se\u00f1alado, en donde localizaron un inmueble que presentaba visibles impactos de proyectil de arma de fuego.<\/p>\n\n\n\n<p>Al efectuar una inspecci\u00f3n en el lugar, los elementos observaron, en el interior del domicilio, a cuatro masculinos, quienes fueron detenidos; al realizarles una inspecci\u00f3n, se obtuvo el siguiente resultado:<\/p>\n\n\n\n<ul class=\"wp-block-list\">\n<li>2 armas cortas, calibre 9 mm<\/li>\n\n\n\n<li>4 cargadores para arma corta, abastecidos con 11 cartuchos calibre 9 mm<\/li>\n<\/ul>\n\n\n\n<p>Las personas detenidas, as\u00ed como el armamento asegurado, fueron puestos a disposici\u00f3n del Ministerio P\u00fablico Federal, a fin de que se realicen las diligencias correspondientes conforme a la ley.<\/p>\n\n\n\n<p>Con estas acciones, el Gobierno de M\u00e9xico y el Gobierno del Estado de Sinaloa refrendan su compromiso de salvaguardar la seguridad y tranquilidad de la poblaci\u00f3n. Asimismo, se exhorta a la ciudadan\u00eda a hacer uso responsable de los n\u00fameros de emergencia 9-1-1 y 089 para denuncias an\u00f3nimas.<\/p>\n","protected":false},"excerpt":{"rendered":"<p>Las personas detenidas, as\u00ed como el armamento asegurado, fueron puestos a disposici\u00f3n del Ministerio P\u00fablico Federal, a fin de que se realicen las diligencias correspondientes conforme a la ley. Personal del Ej\u00e9rcito Mexicano y elementos de la Secretar\u00eda de Seguridad P\u00fablica del Estado, a trav\u00e9s del Grupo de Operaciones Especiales de Sinaloa (GOES) de la [&hellip;]<\/p>\n","protected":false},"author":4,"featured_media":132421,"comment_status":"open","ping_status":"open","sticky":false,"template":"","format":"standard","meta":{"tdm_status":"","tdm_grid_status":"","footnotes":""},"categories":[38],"tags":[],"class_list":{"0":"post-132420","1":"post","2":"type-post","3":"status-publish","4":"format-standard","5":"has-post-thumbnail","7":"category-noticias-locales"},"yoast_head":"<!-- This site is optimized with the Yoast SEO plugin v27.5 - https:\/\/yoast.com\/product\/yoast-seo-wordpress\/ -->\n<title>Tras un reporte al 911, detienen a cuatro civiles en posesi\u00f3n de armas cortas - Fuentes Fidedignas<\/title>\n<meta name=\"robots\" content=\"index, follow, max-snippet:-1, max-image-preview:large, max-video-preview:-1\" \/>\n<link rel=\"canonical\" href=\"https:\/\/fuentesfidedignas.com.mx\/index.php\/2026\/04\/28\/tras-un-reporte-al-911-detienen-a-cuatro-civiles-en-posesion-de-armas-cortas\/\" \/>\n<meta property=\"og:locale\" content=\"es_MX\" \/>\n<meta property=\"og:type\" content=\"article\" \/>\n<meta property=\"og:title\" content=\"Tras un reporte al 911, detienen a cuatro civiles en posesi\u00f3n de armas cortas - Fuentes Fidedignas\" \/>\n<meta property=\"og:description\" content=\"Las personas detenidas, as\u00ed como el armamento asegurado, fueron puestos a disposici\u00f3n del Ministerio P\u00fablico Federal, a fin de que se realicen las diligencias correspondientes conforme a la ley. Personal del Ej\u00e9rcito Mexicano y elementos de la Secretar\u00eda de Seguridad P\u00fablica del Estado, a trav\u00e9s del Grupo de Operaciones Especiales de Sinaloa (GOES) de la [&hellip;]\" \/>\n<meta property=\"og:url\" content=\"https:\/\/fuentesfidedignas.com.mx\/index.php\/2026\/04\/28\/tras-un-reporte-al-911-detienen-a-cuatro-civiles-en-posesion-de-armas-cortas\/\" \/>\n<meta property=\"og:site_name\" content=\"Fuentes Fidedignas\" \/>\n<meta property=\"article:publisher\" content=\"https:\/\/www.facebook.com\/Fuentes-Fidedignas-368234489921644\" \/>\n<meta property=\"article:published_time\" content=\"2026-04-28T15:26:32+00:00\" \/>\n<meta property=\"article:modified_time\" content=\"2026-04-28T15:26:37+00:00\" \/>\n<meta property=\"og:image\" content=\"https:\/\/fuentesfidedignas.com.mx\/wp-content\/uploads\/2026\/04\/detenidos_armascortas.jpg\" \/>\n\t<meta property=\"og:image:width\" content=\"500\" \/>\n\t<meta property=\"og:image:height\" content=\"281\" \/>\n\t<meta property=\"og:image:type\" content=\"image\/jpeg\" \/>\n<meta name=\"author\" content=\"Redacci\u00f3n\" \/>\n<meta name=\"twitter:card\" content=\"summary_large_image\" \/>\n<meta name=\"twitter:creator\" content=\"@fidedignas\" \/>\n<meta name=\"twitter:site\" content=\"@fidedignas\" \/>\n<meta name=\"twitter:label1\" content=\"Escrito por\" \/>\n\t<meta name=\"twitter:data1\" content=\"Redacci\u00f3n\" \/>\n\t<meta name=\"twitter:label2\" content=\"Tiempo de lectura\" \/>\n\t<meta name=\"twitter:data2\" content=\"2 minutos\" \/>\n<script type=\"application\/ld+json\" class=\"yoast-schema-graph\">{\"@context\":\"https:\\\/\\\/schema.org\",\"@graph\":[{\"@type\":\"Article\",\"@id\":\"https:\\\/\\\/fuentesfidedignas.com.mx\\\/index.php\\\/2026\\\/04\\\/28\\\/tras-un-reporte-al-911-detienen-a-cuatro-civiles-en-posesion-de-armas-cortas\\\/#article\",\"isPartOf\":{\"@id\":\"https:\\\/\\\/fuentesfidedignas.com.mx\\\/index.php\\\/2026\\\/04\\\/28\\\/tras-un-reporte-al-911-detienen-a-cuatro-civiles-en-posesion-de-armas-cortas\\\/\"},\"author\":{\"name\":\"Redacci\u00f3n\",\"@id\":\"https:\\\/\\\/fuentesfidedignas.com.mx\\\/#\\\/schema\\\/person\\\/331be9283d37198e2acd5750279085b0\"},\"headline\":\"Tras un reporte al 911, detienen a cuatro civiles en posesi\u00f3n de armas cortas\",\"datePublished\":\"2026-04-28T15:26:32+00:00\",\"dateModified\":\"2026-04-28T15:26:37+00:00\",\"mainEntityOfPage\":{\"@id\":\"https:\\\/\\\/fuentesfidedignas.com.mx\\\/index.php\\\/2026\\\/04\\\/28\\\/tras-un-reporte-al-911-detienen-a-cuatro-civiles-en-posesion-de-armas-cortas\\\/\"},\"wordCount\":321,\"commentCount\":0,\"publisher\":{\"@id\":\"https:\\\/\\\/fuentesfidedignas.com.mx\\\/#organization\"},\"image\":{\"@id\":\"https:\\\/\\\/fuentesfidedignas.com.mx\\\/index.php\\\/2026\\\/04\\\/28\\\/tras-un-reporte-al-911-detienen-a-cuatro-civiles-en-posesion-de-armas-cortas\\\/#primaryimage\"},\"thumbnailUrl\":\"https:\\\/\\\/fuentesfidedignas.com.mx\\\/wp-content\\\/uploads\\\/2026\\\/04\\\/detenidos_armascortas.jpg\",\"articleSection\":[\"NOTICIAS LOCALES\"],\"inLanguage\":\"es\",\"potentialAction\":[{\"@type\":\"CommentAction\",\"name\":\"Comment\",\"target\":[\"https:\\\/\\\/fuentesfidedignas.com.mx\\\/index.php\\\/2026\\\/04\\\/28\\\/tras-un-reporte-al-911-detienen-a-cuatro-civiles-en-posesion-de-armas-cortas\\\/#respond\"]}]},{\"@type\":\"WebPage\",\"@id\":\"https:\\\/\\\/fuentesfidedignas.com.mx\\\/index.php\\\/2026\\\/04\\\/28\\\/tras-un-reporte-al-911-detienen-a-cuatro-civiles-en-posesion-de-armas-cortas\\\/\",\"url\":\"https:\\\/\\\/fuentesfidedignas.com.mx\\\/index.php\\\/2026\\\/04\\\/28\\\/tras-un-reporte-al-911-detienen-a-cuatro-civiles-en-posesion-de-armas-cortas\\\/\",\"name\":\"Tras un reporte al 911, detienen a cuatro civiles en posesi\u00f3n de armas cortas - Fuentes Fidedignas\",\"isPartOf\":{\"@id\":\"https:\\\/\\\/fuentesfidedignas.com.mx\\\/#website\"},\"primaryImageOfPage\":{\"@id\":\"https:\\\/\\\/fuentesfidedignas.com.mx\\\/index.php\\\/2026\\\/04\\\/28\\\/tras-un-reporte-al-911-detienen-a-cuatro-civiles-en-posesion-de-armas-cortas\\\/#primaryimage\"},\"image\":{\"@id\":\"https:\\\/\\\/fuentesfidedignas.com.mx\\\/index.php\\\/2026\\\/04\\\/28\\\/tras-un-reporte-al-911-detienen-a-cuatro-civiles-en-posesion-de-armas-cortas\\\/#primaryimage\"},\"thumbnailUrl\":\"https:\\\/\\\/fuentesfidedignas.com.mx\\\/wp-content\\\/uploads\\\/2026\\\/04\\\/detenidos_armascortas.jpg\",\"datePublished\":\"2026-04-28T15:26:32+00:00\",\"dateModified\":\"2026-04-28T15:26:37+00:00\",\"breadcrumb\":{\"@id\":\"https:\\\/\\\/fuentesfidedignas.com.mx\\\/index.php\\\/2026\\\/04\\\/28\\\/tras-un-reporte-al-911-detienen-a-cuatro-civiles-en-posesion-de-armas-cortas\\\/#breadcrumb\"},\"inLanguage\":\"es\",\"potentialAction\":[{\"@type\":\"ReadAction\",\"target\":[\"https:\\\/\\\/fuentesfidedignas.com.mx\\\/index.php\\\/2026\\\/04\\\/28\\\/tras-un-reporte-al-911-detienen-a-cuatro-civiles-en-posesion-de-armas-cortas\\\/\"]}]},{\"@type\":\"ImageObject\",\"inLanguage\":\"es\",\"@id\":\"https:\\\/\\\/fuentesfidedignas.com.mx\\\/index.php\\\/2026\\\/04\\\/28\\\/tras-un-reporte-al-911-detienen-a-cuatro-civiles-en-posesion-de-armas-cortas\\\/#primaryimage\",\"url\":\"https:\\\/\\\/fuentesfidedignas.com.mx\\\/wp-content\\\/uploads\\\/2026\\\/04\\\/detenidos_armascortas.jpg\",\"contentUrl\":\"https:\\\/\\\/fuentesfidedignas.com.mx\\\/wp-content\\\/uploads\\\/2026\\\/04\\\/detenidos_armascortas.jpg\",\"width\":500,\"height\":281},{\"@type\":\"BreadcrumbList\",\"@id\":\"https:\\\/\\\/fuentesfidedignas.com.mx\\\/index.php\\\/2026\\\/04\\\/28\\\/tras-un-reporte-al-911-detienen-a-cuatro-civiles-en-posesion-de-armas-cortas\\\/#breadcrumb\",\"itemListElement\":[{\"@type\":\"ListItem\",\"position\":1,\"name\":\"Inicio\",\"item\":\"https:\\\/\\\/fuentesfidedignas.com.mx\\\/\"},{\"@type\":\"ListItem\",\"position\":2,\"name\":\"Tras un reporte al 911, detienen a cuatro civiles en posesi\u00f3n de armas cortas\"}]},{\"@type\":\"WebSite\",\"@id\":\"https:\\\/\\\/fuentesfidedignas.com.mx\\\/#website\",\"url\":\"https:\\\/\\\/fuentesfidedignas.com.mx\\\/\",\"name\":\"Fuentes Fidedignas\",\"description\":\"Otro sitio realizado con WordPress\",\"publisher\":{\"@id\":\"https:\\\/\\\/fuentesfidedignas.com.mx\\\/#organization\"},\"potentialAction\":[{\"@type\":\"SearchAction\",\"target\":{\"@type\":\"EntryPoint\",\"urlTemplate\":\"https:\\\/\\\/fuentesfidedignas.com.mx\\\/?s={search_term_string}\"},\"query-input\":{\"@type\":\"PropertyValueSpecification\",\"valueRequired\":true,\"valueName\":\"search_term_string\"}}],\"inLanguage\":\"es\"},{\"@type\":\"Organization\",\"@id\":\"https:\\\/\\\/fuentesfidedignas.com.mx\\\/#organization\",\"name\":\"Fuentes Fidedignas\",\"url\":\"https:\\\/\\\/fuentesfidedignas.com.mx\\\/\",\"logo\":{\"@type\":\"ImageObject\",\"inLanguage\":\"es\",\"@id\":\"https:\\\/\\\/fuentesfidedignas.com.mx\\\/#\\\/schema\\\/logo\\\/image\\\/\",\"url\":\"https:\\\/\\\/fuentesfidedignas.com.mx\\\/wp-content\\\/uploads\\\/2021\\\/04\\\/logo-retina.png\",\"contentUrl\":\"https:\\\/\\\/fuentesfidedignas.com.mx\\\/wp-content\\\/uploads\\\/2021\\\/04\\\/logo-retina.png\",\"width\":280,\"height\":51,\"caption\":\"Fuentes Fidedignas\"},\"image\":{\"@id\":\"https:\\\/\\\/fuentesfidedignas.com.mx\\\/#\\\/schema\\\/logo\\\/image\\\/\"},\"sameAs\":[\"https:\\\/\\\/www.facebook.com\\\/Fuentes-Fidedignas-368234489921644\",\"https:\\\/\\\/x.com\\\/fidedignas\"]},{\"@type\":\"Person\",\"@id\":\"https:\\\/\\\/fuentesfidedignas.com.mx\\\/#\\\/schema\\\/person\\\/331be9283d37198e2acd5750279085b0\",\"name\":\"Redacci\u00f3n\",\"image\":{\"@type\":\"ImageObject\",\"inLanguage\":\"es\",\"@id\":\"https:\\\/\\\/secure.gravatar.com\\\/avatar\\\/f6d8782c11d12b2d4ad3fbb6931aeab5309937a4d6cd2fc9cfaa28a6396a5aec?s=96&d=mm&r=g\",\"url\":\"https:\\\/\\\/secure.gravatar.com\\\/avatar\\\/f6d8782c11d12b2d4ad3fbb6931aeab5309937a4d6cd2fc9cfaa28a6396a5aec?s=96&d=mm&r=g\",\"contentUrl\":\"https:\\\/\\\/secure.gravatar.com\\\/avatar\\\/f6d8782c11d12b2d4ad3fbb6931aeab5309937a4d6cd2fc9cfaa28a6396a5aec?s=96&d=mm&r=g\",\"caption\":\"Redacci\u00f3n\"},\"url\":\"https:\\\/\\\/fuentesfidedignas.com.mx\\\/index.php\\\/author\\\/redaccion\\\/\"}]}<\/script>\n<!-- \/ Yoast SEO plugin. -->","yoast_head_json":{"title":"Tras un reporte al 911, detienen a cuatro civiles en posesi\u00f3n de armas cortas - Fuentes Fidedignas","robots":{"index":"index","follow":"follow","max-snippet":"max-snippet:-1","max-image-preview":"max-image-preview:large","max-video-preview":"max-video-preview:-1"},"canonical":"https:\/\/fuentesfidedignas.com.mx\/index.php\/2026\/04\/28\/tras-un-reporte-al-911-detienen-a-cuatro-civiles-en-posesion-de-armas-cortas\/","og_locale":"es_MX","og_type":"article","og_title":"Tras un reporte al 911, detienen a cuatro civiles en posesi\u00f3n de armas cortas - Fuentes Fidedignas","og_description":"Las personas detenidas, as\u00ed como el armamento asegurado, fueron puestos a disposici\u00f3n del Ministerio P\u00fablico Federal, a fin de que se realicen las diligencias correspondientes conforme a la ley. Personal del Ej\u00e9rcito Mexicano y elementos de la Secretar\u00eda de Seguridad P\u00fablica del Estado, a trav\u00e9s del Grupo de Operaciones Especiales de Sinaloa (GOES) de la [&hellip;]","og_url":"https:\/\/fuentesfidedignas.com.mx\/index.php\/2026\/04\/28\/tras-un-reporte-al-911-detienen-a-cuatro-civiles-en-posesion-de-armas-cortas\/","og_site_name":"Fuentes Fidedignas","article_publisher":"https:\/\/www.facebook.com\/Fuentes-Fidedignas-368234489921644","article_published_time":"2026-04-28T15:26:32+00:00","article_modified_time":"2026-04-28T15:26:37+00:00","og_image":[{"width":500,"height":281,"url":"https:\/\/fuentesfidedignas.com.mx\/wp-content\/uploads\/2026\/04\/detenidos_armascortas.jpg","type":"image\/jpeg"}],"author":"Redacci\u00f3n","twitter_card":"summary_large_image","twitter_creator":"@fidedignas","twitter_site":"@fidedignas","twitter_misc":{"Escrito por":"Redacci\u00f3n","Tiempo de lectura":"2 minutos"},"schema":{"@context":"https:\/\/schema.org","@graph":[{"@type":"Article","@id":"https:\/\/fuentesfidedignas.com.mx\/index.php\/2026\/04\/28\/tras-un-reporte-al-911-detienen-a-cuatro-civiles-en-posesion-de-armas-cortas\/#article","isPartOf":{"@id":"https:\/\/fuentesfidedignas.com.mx\/index.php\/2026\/04\/28\/tras-un-reporte-al-911-detienen-a-cuatro-civiles-en-posesion-de-armas-cortas\/"},"author":{"name":"Redacci\u00f3n","@id":"https:\/\/fuentesfidedignas.com.mx\/#\/schema\/person\/331be9283d37198e2acd5750279085b0"},"headline":"Tras un reporte al 911, detienen a cuatro civiles en posesi\u00f3n de armas cortas","datePublished":"2026-04-28T15:26:32+00:00","dateModified":"2026-04-28T15:26:37+00:00","mainEntityOfPage":{"@id":"https:\/\/fuentesfidedignas.com.mx\/index.php\/2026\/04\/28\/tras-un-reporte-al-911-detienen-a-cuatro-civiles-en-posesion-de-armas-cortas\/"},"wordCount":321,"commentCount":0,"publisher":{"@id":"https:\/\/fuentesfidedignas.com.mx\/#organization"},"image":{"@id":"https:\/\/fuentesfidedignas.com.mx\/index.php\/2026\/04\/28\/tras-un-reporte-al-911-detienen-a-cuatro-civiles-en-posesion-de-armas-cortas\/#primaryimage"},"thumbnailUrl":"https:\/\/fuentesfidedignas.com.mx\/wp-content\/uploads\/2026\/04\/detenidos_armascortas.jpg","articleSection":["NOTICIAS LOCALES"],"inLanguage":"es","potentialAction":[{"@type":"CommentAction","name":"Comment","target":["https:\/\/fuentesfidedignas.com.mx\/index.php\/2026\/04\/28\/tras-un-reporte-al-911-detienen-a-cuatro-civiles-en-posesion-de-armas-cortas\/#respond"]}]},{"@type":"WebPage","@id":"https:\/\/fuentesfidedignas.com.mx\/index.php\/2026\/04\/28\/tras-un-reporte-al-911-detienen-a-cuatro-civiles-en-posesion-de-armas-cortas\/","url":"https:\/\/fuentesfidedignas.com.mx\/index.php\/2026\/04\/28\/tras-un-reporte-al-911-detienen-a-cuatro-civiles-en-posesion-de-armas-cortas\/","name":"Tras un reporte al 911, detienen a cuatro civiles en posesi\u00f3n de armas cortas - Fuentes Fidedignas","isPartOf":{"@id":"https:\/\/fuentesfidedignas.com.mx\/#website"},"primaryImageOfPage":{"@id":"https:\/\/fuentesfidedignas.com.mx\/index.php\/2026\/04\/28\/tras-un-reporte-al-911-detienen-a-cuatro-civiles-en-posesion-de-armas-cortas\/#primaryimage"},"image":{"@id":"https:\/\/fuentesfidedignas.com.mx\/index.php\/2026\/04\/28\/tras-un-reporte-al-911-detienen-a-cuatro-civiles-en-posesion-de-armas-cortas\/#primaryimage"},"thumbnailUrl":"https:\/\/fuentesfidedignas.com.mx\/wp-content\/uploads\/2026\/04\/detenidos_armascortas.jpg","datePublished":"2026-04-28T15:26:32+00:00","dateModified":"2026-04-28T15:26:37+00:00","breadcrumb":{"@id":"https:\/\/fuentesfidedignas.com.mx\/index.php\/2026\/04\/28\/tras-un-reporte-al-911-detienen-a-cuatro-civiles-en-posesion-de-armas-cortas\/#breadcrumb"},"inLanguage":"es","potentialAction":[{"@type":"ReadAction","target":["https:\/\/fuentesfidedignas.com.mx\/index.php\/2026\/04\/28\/tras-un-reporte-al-911-detienen-a-cuatro-civiles-en-posesion-de-armas-cortas\/"]}]},{"@type":"ImageObject","inLanguage":"es","@id":"https:\/\/fuentesfidedignas.com.mx\/index.php\/2026\/04\/28\/tras-un-reporte-al-911-detienen-a-cuatro-civiles-en-posesion-de-armas-cortas\/#primaryimage","url":"https:\/\/fuentesfidedignas.com.mx\/wp-content\/uploads\/2026\/04\/detenidos_armascortas.jpg","contentUrl":"https:\/\/fuentesfidedignas.com.mx\/wp-content\/uploads\/2026\/04\/detenidos_armascortas.jpg","width":500,"height":281},{"@type":"BreadcrumbList","@id":"https:\/\/fuentesfidedignas.com.mx\/index.php\/2026\/04\/28\/tras-un-reporte-al-911-detienen-a-cuatro-civiles-en-posesion-de-armas-cortas\/#breadcrumb","itemListElement":[{"@type":"ListItem","position":1,"name":"Inicio","item":"https:\/\/fuentesfidedignas.com.mx\/"},{"@type":"ListItem","position":2,"name":"Tras un reporte al 911, detienen a cuatro civiles en posesi\u00f3n de armas cortas"}]},{"@type":"WebSite","@id":"https:\/\/fuentesfidedignas.com.mx\/#website","url":"https:\/\/fuentesfidedignas.com.mx\/","name":"Fuentes Fidedignas","description":"Otro sitio realizado con WordPress","publisher":{"@id":"https:\/\/fuentesfidedignas.com.mx\/#organization"},"potentialAction":[{"@type":"SearchAction","target":{"@type":"EntryPoint","urlTemplate":"https:\/\/fuentesfidedignas.com.mx\/?s={search_term_string}"},"query-input":{"@type":"PropertyValueSpecification","valueRequired":true,"valueName":"search_term_string"}}],"inLanguage":"es"},{"@type":"Organization","@id":"https:\/\/fuentesfidedignas.com.mx\/#organization","name":"Fuentes Fidedignas","url":"https:\/\/fuentesfidedignas.com.mx\/","logo":{"@type":"ImageObject","inLanguage":"es","@id":"https:\/\/fuentesfidedignas.com.mx\/#\/schema\/logo\/image\/","url":"https:\/\/fuentesfidedignas.com.mx\/wp-content\/uploads\/2021\/04\/logo-retina.png","contentUrl":"https:\/\/fuentesfidedignas.com.mx\/wp-content\/uploads\/2021\/04\/logo-retina.png","width":280,"height":51,"caption":"Fuentes Fidedignas"},"image":{"@id":"https:\/\/fuentesfidedignas.com.mx\/#\/schema\/logo\/image\/"},"sameAs":["https:\/\/www.facebook.com\/Fuentes-Fidedignas-368234489921644","https:\/\/x.com\/fidedignas"]},{"@type":"Person","@id":"https:\/\/fuentesfidedignas.com.mx\/#\/schema\/person\/331be9283d37198e2acd5750279085b0","name":"Redacci\u00f3n","image":{"@type":"ImageObject","inLanguage":"es","@id":"https:\/\/secure.gravatar.com\/avatar\/f6d8782c11d12b2d4ad3fbb6931aeab5309937a4d6cd2fc9cfaa28a6396a5aec?s=96&d=mm&r=g","url":"https:\/\/secure.gravatar.com\/avatar\/f6d8782c11d12b2d4ad3fbb6931aeab5309937a4d6cd2fc9cfaa28a6396a5aec?s=96&d=mm&r=g","contentUrl":"https:\/\/secure.gravatar.com\/avatar\/f6d8782c11d12b2d4ad3fbb6931aeab5309937a4d6cd2fc9cfaa28a6396a5aec?s=96&d=mm&r=g","caption":"Redacci\u00f3n"},"url":"https:\/\/fuentesfidedignas.com.mx\/index.php\/author\/redaccion\/"}]}},"_links":{"self":[{"href":"https:\/\/fuentesfidedignas.com.mx\/index.php\/wp-json\/wp\/v2\/posts\/132420","targetHints":{"allow":["GET"]}}],"collection":[{"href":"https:\/\/fuentesfidedignas.com.mx\/index.php\/wp-json\/wp\/v2\/posts"}],"about":[{"href":"https:\/\/fuentesfidedignas.com.mx\/index.php\/wp-json\/wp\/v2\/types\/post"}],"author":[{"embeddable":true,"href":"https:\/\/fuentesfidedignas.com.mx\/index.php\/wp-json\/wp\/v2\/users\/4"}],"replies":[{"embeddable":true,"href":"https:\/\/fuentesfidedignas.com.mx\/index.php\/wp-json\/wp\/v2\/comments?post=132420"}],"version-history":[{"count":1,"href":"https:\/\/fuentesfidedignas.com.mx\/index.php\/wp-json\/wp\/v2\/posts\/132420\/revisions"}],"predecessor-version":[{"id":132422,"href":"https:\/\/fuentesfidedignas.com.mx\/index.php\/wp-json\/wp\/v2\/posts\/132420\/revisions\/132422"}],"wp:featuredmedia":[{"embeddable":true,"href":"https:\/\/fuentesfidedignas.com.mx\/index.php\/wp-json\/wp\/v2\/media\/132421"}],"wp:attachment":[{"href":"https:\/\/fuentesfidedignas.com.mx\/index.php\/wp-json\/wp\/v2\/media?parent=132420"}],"wp:term":[{"taxonomy":"category","embeddable":true,"href":"https:\/\/fuentesfidedignas.com.mx\/index.php\/wp-json\/wp\/v2\/categories?post=132420"},{"taxonomy":"post_tag","embeddable":true,"href":"https:\/\/fuentesfidedignas.com.mx\/index.php\/wp-json\/wp\/v2\/tags?post=132420"}],"curies":[{"name":"wp","href":"https:\/\/api.w.org\/{rel}","templated":true}]}}