{"id":132408,"date":"2026-04-28T06:39:46","date_gmt":"2026-04-28T13:39:46","guid":{"rendered":"https:\/\/fuentesfidedignas.com.mx\/?p=132408"},"modified":"2026-04-28T06:39:54","modified_gmt":"2026-04-28T13:39:54","slug":"estalla-conflicto-laboral-en-eldorado-trabajadores-del-ingenio-bloquean-accesos-por-falta-de-pago-y-prestaciones","status":"publish","type":"post","link":"https:\/\/fuentesfidedignas.com.mx\/index.php\/2026\/04\/28\/estalla-conflicto-laboral-en-eldorado-trabajadores-del-ingenio-bloquean-accesos-por-falta-de-pago-y-prestaciones\/","title":{"rendered":"\u00a1Estalla conflicto laboral en Eldorado! Trabajadores del ingenio bloquean accesos por falta de pago y prestaciones"},"content":{"rendered":"\n<p><strong><em>El secretario general de la Secci\u00f3n 14, Francisco Javier Favela Garza, se\u00f1al\u00f3 que la situaci\u00f3n ha llegado a un punto cr\u00edtico, ya que no solo se adeudan pagos b\u00e1sicos, sino que tambi\u00e9n se ha ignorado el convenio laboral establecido entre el sindicato y la empresa.<\/em><\/strong><\/p>\n\n\n\n<p>Eldorado, Sinaloa.\u2013 En medio de un creciente descontento social, trabajadores sindicalizados de la Secci\u00f3n 14 del ingenio azucarero de Eldorado iniciaron una manifestaci\u00f3n pac\u00edfica a las afueras de la factor\u00eda, denunciando el incumplimiento en el pago de salarios y prestaciones de ley por parte de la empresa operadora \u201cSerapio Groups\u201d.<\/p>\n\n\n\n<p>El secretario general de la Secci\u00f3n 14, Francisco Javier Favela Garza, se\u00f1al\u00f3 que la situaci\u00f3n ha llegado a un punto cr\u00edtico, ya que no solo se adeudan pagos b\u00e1sicos, sino que tambi\u00e9n se ha ignorado el convenio laboral establecido entre el sindicato y la empresa.<\/p>\n\n\n\n<p>\u201cTenemos un convenio de labores entre empresa y sindicato, el cual no se est\u00e1 respetando. Por eso estamos en este tipo de manifestaciones, para exigir respeto a todos los agremiados\u201d, expres\u00f3.<\/p>\n\n\n\n<p>Favela Garza detall\u00f3 que entre las irregularidades se encuentran salarios retrasados, vacaciones no cubiertas tras la conclusi\u00f3n de la zafra 2025-2026, as\u00ed como la falta de pago del fondo de ahorro que ya se deb\u00eda haber depositado. Aunado a ello, denunci\u00f3 que algunos trabajadores recibieron pagos incompletos de su semana laboral.<\/p>\n\n\n\n<p>Como medida de presi\u00f3n, los inconformes decidieron bloquear el acceso principal utilizado por los camiones de carga, impidiendo la entrada y salida de unidades con az\u00facar, lo que ha afectado la operaci\u00f3n habitual del ingenio.<\/p>\n\n\n\n<p>El dirigente sindical aclar\u00f3 que no se trata de una huelga formal, sino de una manifestaci\u00f3n leg\u00edtima ante lo que calific\u00f3 como un incumplimiento sistem\u00e1tico por parte de la empresa.<\/p>\n\n\n\n<p>Adem\u00e1s, acus\u00f3 que se ha estado incorporando personal externo sin respetar la prioridad de los trabajadores sindicalizados.<\/p>\n\n\n\n<p>\u201cNo nos moveremos de aqu\u00ed. No dejaremos salir ni entrar ning\u00fan carro de carga hasta que se cubra la totalidad de la deuda, tanto en prestaciones como en salarios pendientes. Seguiremos firmes en nuestra manifestaci\u00f3n\u201d, advirti\u00f3.<\/p>\n\n\n\n<p>A estas problem\u00e1ticas se suma una situaci\u00f3n que agrava a\u00fan m\u00e1s la incertidumbre de los trabajadores: la falta de aportaciones al Instituto del Fondo Nacional de la Vivienda para los Trabajadores (INFONAVIT). De acuerdo con declaraciones de los propios afectados, varios empleados han intentado acceder a cr\u00e9ditos como Mejoravit para solventar necesidades b\u00e1sicas, encontr\u00e1ndose con que sus bimestres no han sido cubiertos por la empresa.<\/p>\n\n\n\n<p>\u201cHay compa\u00f1eros que han revisado su situaci\u00f3n en INFONAVIT y no aparecen las aportaciones. Eso nos deja en estado de indefensi\u00f3n, porque ni siquiera podemos acceder a un cr\u00e9dito para salir adelante\u201d, se\u00f1alaron trabajadores consultados durante la manifestaci\u00f3n.<\/p>\n\n\n\n<p>En este contexto, tambi\u00e9n ha sido se\u00f1alada la responsabilidad del diputado y dirigente agr\u00edcola Serapio Vargas Ram\u00edrez, vinculado a la operaci\u00f3n del ingenio bajo \u201cSerapio Groups\u201d. Hasta el momento, no ha emitido postura p\u00fablica respecto a las denuncias de los trabajadores ni sobre el incumplimiento de las obligaciones laborales y sociales.<\/p>\n\n\n\n<p>Los manifestantes consideraron preocupante el silencio del legislador, al tratarse de una figura p\u00fablica con injerencia directa en el sector agr\u00edcola y productivo de la regi\u00f3n.<\/p>\n\n\n\n<p>Pese a la tensi\u00f3n, los trabajadores reiteraron su compromiso de mantener la protesta dentro de un marco pac\u00edfico, sin afectar la propiedad privada, pero firmes en su exigencia de soluci\u00f3n inmediata.<\/p>\n\n\n\n<p>La movilizaci\u00f3n ha generado preocupaci\u00f3n en la comunidad, debido al impacto econ\u00f3mico que podr\u00eda derivarse de la interrupci\u00f3n en las actividades del ingenio, una de las principales fuentes de empleo en la regi\u00f3n. Los manifestantes hicieron un llamado urgente a las autoridades correspondientes para que intervengan y faciliten una pronta resoluci\u00f3n al conflicto, antes de que la situaci\u00f3n escale a\u00fan m\u00e1s.<\/p>\n","protected":false},"excerpt":{"rendered":"<p>El secretario general de la Secci\u00f3n 14, Francisco Javier Favela Garza, se\u00f1al\u00f3 que la situaci\u00f3n ha llegado a un punto cr\u00edtico, ya que no solo se adeudan pagos b\u00e1sicos, sino que tambi\u00e9n se ha ignorado el convenio laboral establecido entre el sindicato y la empresa. Eldorado, Sinaloa.\u2013 En medio de un creciente descontento social, trabajadores [&hellip;]<\/p>\n","protected":false},"author":4,"featured_media":132409,"comment_status":"open","ping_status":"open","sticky":false,"template":"","format":"standard","meta":{"tdm_status":"","tdm_grid_status":"","footnotes":""},"categories":[37],"tags":[],"class_list":{"0":"post-132408","1":"post","2":"type-post","3":"status-publish","4":"format-standard","5":"has-post-thumbnail","7":"category-nota-principal"},"yoast_head":"<!-- This site is optimized with the Yoast SEO plugin v27.5 - https:\/\/yoast.com\/product\/yoast-seo-wordpress\/ -->\n<title>\u00a1Estalla conflicto laboral en Eldorado! Trabajadores del ingenio bloquean accesos por falta de pago y prestaciones - Fuentes Fidedignas<\/title>\n<meta name=\"robots\" content=\"index, follow, max-snippet:-1, max-image-preview:large, max-video-preview:-1\" \/>\n<link rel=\"canonical\" href=\"https:\/\/fuentesfidedignas.com.mx\/index.php\/2026\/04\/28\/estalla-conflicto-laboral-en-eldorado-trabajadores-del-ingenio-bloquean-accesos-por-falta-de-pago-y-prestaciones\/\" \/>\n<meta property=\"og:locale\" content=\"es_MX\" \/>\n<meta property=\"og:type\" content=\"article\" \/>\n<meta property=\"og:title\" content=\"\u00a1Estalla conflicto laboral en Eldorado! Trabajadores del ingenio bloquean accesos por falta de pago y prestaciones - Fuentes Fidedignas\" \/>\n<meta property=\"og:description\" content=\"El secretario general de la Secci\u00f3n 14, Francisco Javier Favela Garza, se\u00f1al\u00f3 que la situaci\u00f3n ha llegado a un punto cr\u00edtico, ya que no solo se adeudan pagos b\u00e1sicos, sino que tambi\u00e9n se ha ignorado el convenio laboral establecido entre el sindicato y la empresa. Eldorado, Sinaloa.\u2013 En medio de un creciente descontento social, trabajadores [&hellip;]\" \/>\n<meta property=\"og:url\" content=\"https:\/\/fuentesfidedignas.com.mx\/index.php\/2026\/04\/28\/estalla-conflicto-laboral-en-eldorado-trabajadores-del-ingenio-bloquean-accesos-por-falta-de-pago-y-prestaciones\/\" \/>\n<meta property=\"og:site_name\" content=\"Fuentes Fidedignas\" \/>\n<meta property=\"article:publisher\" content=\"https:\/\/www.facebook.com\/Fuentes-Fidedignas-368234489921644\" \/>\n<meta property=\"article:published_time\" content=\"2026-04-28T13:39:46+00:00\" \/>\n<meta property=\"article:modified_time\" content=\"2026-04-28T13:39:54+00:00\" \/>\n<meta property=\"og:image\" content=\"https:\/\/fuentesfidedignas.com.mx\/wp-content\/uploads\/2026\/04\/manifestantes_eldorado.jpg\" \/>\n\t<meta property=\"og:image:width\" content=\"500\" \/>\n\t<meta property=\"og:image:height\" content=\"324\" \/>\n\t<meta property=\"og:image:type\" content=\"image\/jpeg\" \/>\n<meta name=\"author\" content=\"Redacci\u00f3n\" \/>\n<meta name=\"twitter:card\" content=\"summary_large_image\" \/>\n<meta name=\"twitter:creator\" content=\"@fidedignas\" \/>\n<meta name=\"twitter:site\" content=\"@fidedignas\" \/>\n<meta name=\"twitter:label1\" content=\"Escrito por\" \/>\n\t<meta name=\"twitter:data1\" content=\"Redacci\u00f3n\" \/>\n\t<meta name=\"twitter:label2\" content=\"Tiempo de lectura\" \/>\n\t<meta name=\"twitter:data2\" content=\"4 minutos\" \/>\n<script type=\"application\/ld+json\" class=\"yoast-schema-graph\">{\"@context\":\"https:\\\/\\\/schema.org\",\"@graph\":[{\"@type\":\"Article\",\"@id\":\"https:\\\/\\\/fuentesfidedignas.com.mx\\\/index.php\\\/2026\\\/04\\\/28\\\/estalla-conflicto-laboral-en-eldorado-trabajadores-del-ingenio-bloquean-accesos-por-falta-de-pago-y-prestaciones\\\/#article\",\"isPartOf\":{\"@id\":\"https:\\\/\\\/fuentesfidedignas.com.mx\\\/index.php\\\/2026\\\/04\\\/28\\\/estalla-conflicto-laboral-en-eldorado-trabajadores-del-ingenio-bloquean-accesos-por-falta-de-pago-y-prestaciones\\\/\"},\"author\":{\"name\":\"Redacci\u00f3n\",\"@id\":\"https:\\\/\\\/fuentesfidedignas.com.mx\\\/#\\\/schema\\\/person\\\/331be9283d37198e2acd5750279085b0\"},\"headline\":\"\u00a1Estalla conflicto laboral en Eldorado! Trabajadores del ingenio bloquean accesos por falta de pago y prestaciones\",\"datePublished\":\"2026-04-28T13:39:46+00:00\",\"dateModified\":\"2026-04-28T13:39:54+00:00\",\"mainEntityOfPage\":{\"@id\":\"https:\\\/\\\/fuentesfidedignas.com.mx\\\/index.php\\\/2026\\\/04\\\/28\\\/estalla-conflicto-laboral-en-eldorado-trabajadores-del-ingenio-bloquean-accesos-por-falta-de-pago-y-prestaciones\\\/\"},\"wordCount\":687,\"commentCount\":0,\"publisher\":{\"@id\":\"https:\\\/\\\/fuentesfidedignas.com.mx\\\/#organization\"},\"image\":{\"@id\":\"https:\\\/\\\/fuentesfidedignas.com.mx\\\/index.php\\\/2026\\\/04\\\/28\\\/estalla-conflicto-laboral-en-eldorado-trabajadores-del-ingenio-bloquean-accesos-por-falta-de-pago-y-prestaciones\\\/#primaryimage\"},\"thumbnailUrl\":\"https:\\\/\\\/fuentesfidedignas.com.mx\\\/wp-content\\\/uploads\\\/2026\\\/04\\\/manifestantes_eldorado.jpg\",\"articleSection\":[\"NOTA PRINCIPAL\"],\"inLanguage\":\"es\",\"potentialAction\":[{\"@type\":\"CommentAction\",\"name\":\"Comment\",\"target\":[\"https:\\\/\\\/fuentesfidedignas.com.mx\\\/index.php\\\/2026\\\/04\\\/28\\\/estalla-conflicto-laboral-en-eldorado-trabajadores-del-ingenio-bloquean-accesos-por-falta-de-pago-y-prestaciones\\\/#respond\"]}]},{\"@type\":\"WebPage\",\"@id\":\"https:\\\/\\\/fuentesfidedignas.com.mx\\\/index.php\\\/2026\\\/04\\\/28\\\/estalla-conflicto-laboral-en-eldorado-trabajadores-del-ingenio-bloquean-accesos-por-falta-de-pago-y-prestaciones\\\/\",\"url\":\"https:\\\/\\\/fuentesfidedignas.com.mx\\\/index.php\\\/2026\\\/04\\\/28\\\/estalla-conflicto-laboral-en-eldorado-trabajadores-del-ingenio-bloquean-accesos-por-falta-de-pago-y-prestaciones\\\/\",\"name\":\"\u00a1Estalla conflicto laboral en Eldorado! Trabajadores del ingenio bloquean accesos por falta de pago y prestaciones - Fuentes Fidedignas\",\"isPartOf\":{\"@id\":\"https:\\\/\\\/fuentesfidedignas.com.mx\\\/#website\"},\"primaryImageOfPage\":{\"@id\":\"https:\\\/\\\/fuentesfidedignas.com.mx\\\/index.php\\\/2026\\\/04\\\/28\\\/estalla-conflicto-laboral-en-eldorado-trabajadores-del-ingenio-bloquean-accesos-por-falta-de-pago-y-prestaciones\\\/#primaryimage\"},\"image\":{\"@id\":\"https:\\\/\\\/fuentesfidedignas.com.mx\\\/index.php\\\/2026\\\/04\\\/28\\\/estalla-conflicto-laboral-en-eldorado-trabajadores-del-ingenio-bloquean-accesos-por-falta-de-pago-y-prestaciones\\\/#primaryimage\"},\"thumbnailUrl\":\"https:\\\/\\\/fuentesfidedignas.com.mx\\\/wp-content\\\/uploads\\\/2026\\\/04\\\/manifestantes_eldorado.jpg\",\"datePublished\":\"2026-04-28T13:39:46+00:00\",\"dateModified\":\"2026-04-28T13:39:54+00:00\",\"breadcrumb\":{\"@id\":\"https:\\\/\\\/fuentesfidedignas.com.mx\\\/index.php\\\/2026\\\/04\\\/28\\\/estalla-conflicto-laboral-en-eldorado-trabajadores-del-ingenio-bloquean-accesos-por-falta-de-pago-y-prestaciones\\\/#breadcrumb\"},\"inLanguage\":\"es\",\"potentialAction\":[{\"@type\":\"ReadAction\",\"target\":[\"https:\\\/\\\/fuentesfidedignas.com.mx\\\/index.php\\\/2026\\\/04\\\/28\\\/estalla-conflicto-laboral-en-eldorado-trabajadores-del-ingenio-bloquean-accesos-por-falta-de-pago-y-prestaciones\\\/\"]}]},{\"@type\":\"ImageObject\",\"inLanguage\":\"es\",\"@id\":\"https:\\\/\\\/fuentesfidedignas.com.mx\\\/index.php\\\/2026\\\/04\\\/28\\\/estalla-conflicto-laboral-en-eldorado-trabajadores-del-ingenio-bloquean-accesos-por-falta-de-pago-y-prestaciones\\\/#primaryimage\",\"url\":\"https:\\\/\\\/fuentesfidedignas.com.mx\\\/wp-content\\\/uploads\\\/2026\\\/04\\\/manifestantes_eldorado.jpg\",\"contentUrl\":\"https:\\\/\\\/fuentesfidedignas.com.mx\\\/wp-content\\\/uploads\\\/2026\\\/04\\\/manifestantes_eldorado.jpg\",\"width\":500,\"height\":324},{\"@type\":\"BreadcrumbList\",\"@id\":\"https:\\\/\\\/fuentesfidedignas.com.mx\\\/index.php\\\/2026\\\/04\\\/28\\\/estalla-conflicto-laboral-en-eldorado-trabajadores-del-ingenio-bloquean-accesos-por-falta-de-pago-y-prestaciones\\\/#breadcrumb\",\"itemListElement\":[{\"@type\":\"ListItem\",\"position\":1,\"name\":\"Inicio\",\"item\":\"https:\\\/\\\/fuentesfidedignas.com.mx\\\/\"},{\"@type\":\"ListItem\",\"position\":2,\"name\":\"\u00a1Estalla conflicto laboral en Eldorado! Trabajadores del ingenio bloquean accesos por falta de pago y prestaciones\"}]},{\"@type\":\"WebSite\",\"@id\":\"https:\\\/\\\/fuentesfidedignas.com.mx\\\/#website\",\"url\":\"https:\\\/\\\/fuentesfidedignas.com.mx\\\/\",\"name\":\"Fuentes Fidedignas\",\"description\":\"Otro sitio realizado con WordPress\",\"publisher\":{\"@id\":\"https:\\\/\\\/fuentesfidedignas.com.mx\\\/#organization\"},\"potentialAction\":[{\"@type\":\"SearchAction\",\"target\":{\"@type\":\"EntryPoint\",\"urlTemplate\":\"https:\\\/\\\/fuentesfidedignas.com.mx\\\/?s={search_term_string}\"},\"query-input\":{\"@type\":\"PropertyValueSpecification\",\"valueRequired\":true,\"valueName\":\"search_term_string\"}}],\"inLanguage\":\"es\"},{\"@type\":\"Organization\",\"@id\":\"https:\\\/\\\/fuentesfidedignas.com.mx\\\/#organization\",\"name\":\"Fuentes Fidedignas\",\"url\":\"https:\\\/\\\/fuentesfidedignas.com.mx\\\/\",\"logo\":{\"@type\":\"ImageObject\",\"inLanguage\":\"es\",\"@id\":\"https:\\\/\\\/fuentesfidedignas.com.mx\\\/#\\\/schema\\\/logo\\\/image\\\/\",\"url\":\"https:\\\/\\\/fuentesfidedignas.com.mx\\\/wp-content\\\/uploads\\\/2021\\\/04\\\/logo-retina.png\",\"contentUrl\":\"https:\\\/\\\/fuentesfidedignas.com.mx\\\/wp-content\\\/uploads\\\/2021\\\/04\\\/logo-retina.png\",\"width\":280,\"height\":51,\"caption\":\"Fuentes Fidedignas\"},\"image\":{\"@id\":\"https:\\\/\\\/fuentesfidedignas.com.mx\\\/#\\\/schema\\\/logo\\\/image\\\/\"},\"sameAs\":[\"https:\\\/\\\/www.facebook.com\\\/Fuentes-Fidedignas-368234489921644\",\"https:\\\/\\\/x.com\\\/fidedignas\"]},{\"@type\":\"Person\",\"@id\":\"https:\\\/\\\/fuentesfidedignas.com.mx\\\/#\\\/schema\\\/person\\\/331be9283d37198e2acd5750279085b0\",\"name\":\"Redacci\u00f3n\",\"image\":{\"@type\":\"ImageObject\",\"inLanguage\":\"es\",\"@id\":\"https:\\\/\\\/secure.gravatar.com\\\/avatar\\\/f6d8782c11d12b2d4ad3fbb6931aeab5309937a4d6cd2fc9cfaa28a6396a5aec?s=96&d=mm&r=g\",\"url\":\"https:\\\/\\\/secure.gravatar.com\\\/avatar\\\/f6d8782c11d12b2d4ad3fbb6931aeab5309937a4d6cd2fc9cfaa28a6396a5aec?s=96&d=mm&r=g\",\"contentUrl\":\"https:\\\/\\\/secure.gravatar.com\\\/avatar\\\/f6d8782c11d12b2d4ad3fbb6931aeab5309937a4d6cd2fc9cfaa28a6396a5aec?s=96&d=mm&r=g\",\"caption\":\"Redacci\u00f3n\"},\"url\":\"https:\\\/\\\/fuentesfidedignas.com.mx\\\/index.php\\\/author\\\/redaccion\\\/\"}]}<\/script>\n<!-- \/ Yoast SEO plugin. -->","yoast_head_json":{"title":"\u00a1Estalla conflicto laboral en Eldorado! Trabajadores del ingenio bloquean accesos por falta de pago y prestaciones - Fuentes Fidedignas","robots":{"index":"index","follow":"follow","max-snippet":"max-snippet:-1","max-image-preview":"max-image-preview:large","max-video-preview":"max-video-preview:-1"},"canonical":"https:\/\/fuentesfidedignas.com.mx\/index.php\/2026\/04\/28\/estalla-conflicto-laboral-en-eldorado-trabajadores-del-ingenio-bloquean-accesos-por-falta-de-pago-y-prestaciones\/","og_locale":"es_MX","og_type":"article","og_title":"\u00a1Estalla conflicto laboral en Eldorado! Trabajadores del ingenio bloquean accesos por falta de pago y prestaciones - Fuentes Fidedignas","og_description":"El secretario general de la Secci\u00f3n 14, Francisco Javier Favela Garza, se\u00f1al\u00f3 que la situaci\u00f3n ha llegado a un punto cr\u00edtico, ya que no solo se adeudan pagos b\u00e1sicos, sino que tambi\u00e9n se ha ignorado el convenio laboral establecido entre el sindicato y la empresa. Eldorado, Sinaloa.\u2013 En medio de un creciente descontento social, trabajadores [&hellip;]","og_url":"https:\/\/fuentesfidedignas.com.mx\/index.php\/2026\/04\/28\/estalla-conflicto-laboral-en-eldorado-trabajadores-del-ingenio-bloquean-accesos-por-falta-de-pago-y-prestaciones\/","og_site_name":"Fuentes Fidedignas","article_publisher":"https:\/\/www.facebook.com\/Fuentes-Fidedignas-368234489921644","article_published_time":"2026-04-28T13:39:46+00:00","article_modified_time":"2026-04-28T13:39:54+00:00","og_image":[{"width":500,"height":324,"url":"https:\/\/fuentesfidedignas.com.mx\/wp-content\/uploads\/2026\/04\/manifestantes_eldorado.jpg","type":"image\/jpeg"}],"author":"Redacci\u00f3n","twitter_card":"summary_large_image","twitter_creator":"@fidedignas","twitter_site":"@fidedignas","twitter_misc":{"Escrito por":"Redacci\u00f3n","Tiempo de lectura":"4 minutos"},"schema":{"@context":"https:\/\/schema.org","@graph":[{"@type":"Article","@id":"https:\/\/fuentesfidedignas.com.mx\/index.php\/2026\/04\/28\/estalla-conflicto-laboral-en-eldorado-trabajadores-del-ingenio-bloquean-accesos-por-falta-de-pago-y-prestaciones\/#article","isPartOf":{"@id":"https:\/\/fuentesfidedignas.com.mx\/index.php\/2026\/04\/28\/estalla-conflicto-laboral-en-eldorado-trabajadores-del-ingenio-bloquean-accesos-por-falta-de-pago-y-prestaciones\/"},"author":{"name":"Redacci\u00f3n","@id":"https:\/\/fuentesfidedignas.com.mx\/#\/schema\/person\/331be9283d37198e2acd5750279085b0"},"headline":"\u00a1Estalla conflicto laboral en Eldorado! Trabajadores del ingenio bloquean accesos por falta de pago y prestaciones","datePublished":"2026-04-28T13:39:46+00:00","dateModified":"2026-04-28T13:39:54+00:00","mainEntityOfPage":{"@id":"https:\/\/fuentesfidedignas.com.mx\/index.php\/2026\/04\/28\/estalla-conflicto-laboral-en-eldorado-trabajadores-del-ingenio-bloquean-accesos-por-falta-de-pago-y-prestaciones\/"},"wordCount":687,"commentCount":0,"publisher":{"@id":"https:\/\/fuentesfidedignas.com.mx\/#organization"},"image":{"@id":"https:\/\/fuentesfidedignas.com.mx\/index.php\/2026\/04\/28\/estalla-conflicto-laboral-en-eldorado-trabajadores-del-ingenio-bloquean-accesos-por-falta-de-pago-y-prestaciones\/#primaryimage"},"thumbnailUrl":"https:\/\/fuentesfidedignas.com.mx\/wp-content\/uploads\/2026\/04\/manifestantes_eldorado.jpg","articleSection":["NOTA PRINCIPAL"],"inLanguage":"es","potentialAction":[{"@type":"CommentAction","name":"Comment","target":["https:\/\/fuentesfidedignas.com.mx\/index.php\/2026\/04\/28\/estalla-conflicto-laboral-en-eldorado-trabajadores-del-ingenio-bloquean-accesos-por-falta-de-pago-y-prestaciones\/#respond"]}]},{"@type":"WebPage","@id":"https:\/\/fuentesfidedignas.com.mx\/index.php\/2026\/04\/28\/estalla-conflicto-laboral-en-eldorado-trabajadores-del-ingenio-bloquean-accesos-por-falta-de-pago-y-prestaciones\/","url":"https:\/\/fuentesfidedignas.com.mx\/index.php\/2026\/04\/28\/estalla-conflicto-laboral-en-eldorado-trabajadores-del-ingenio-bloquean-accesos-por-falta-de-pago-y-prestaciones\/","name":"\u00a1Estalla conflicto laboral en Eldorado! Trabajadores del ingenio bloquean accesos por falta de pago y prestaciones - Fuentes Fidedignas","isPartOf":{"@id":"https:\/\/fuentesfidedignas.com.mx\/#website"},"primaryImageOfPage":{"@id":"https:\/\/fuentesfidedignas.com.mx\/index.php\/2026\/04\/28\/estalla-conflicto-laboral-en-eldorado-trabajadores-del-ingenio-bloquean-accesos-por-falta-de-pago-y-prestaciones\/#primaryimage"},"image":{"@id":"https:\/\/fuentesfidedignas.com.mx\/index.php\/2026\/04\/28\/estalla-conflicto-laboral-en-eldorado-trabajadores-del-ingenio-bloquean-accesos-por-falta-de-pago-y-prestaciones\/#primaryimage"},"thumbnailUrl":"https:\/\/fuentesfidedignas.com.mx\/wp-content\/uploads\/2026\/04\/manifestantes_eldorado.jpg","datePublished":"2026-04-28T13:39:46+00:00","dateModified":"2026-04-28T13:39:54+00:00","breadcrumb":{"@id":"https:\/\/fuentesfidedignas.com.mx\/index.php\/2026\/04\/28\/estalla-conflicto-laboral-en-eldorado-trabajadores-del-ingenio-bloquean-accesos-por-falta-de-pago-y-prestaciones\/#breadcrumb"},"inLanguage":"es","potentialAction":[{"@type":"ReadAction","target":["https:\/\/fuentesfidedignas.com.mx\/index.php\/2026\/04\/28\/estalla-conflicto-laboral-en-eldorado-trabajadores-del-ingenio-bloquean-accesos-por-falta-de-pago-y-prestaciones\/"]}]},{"@type":"ImageObject","inLanguage":"es","@id":"https:\/\/fuentesfidedignas.com.mx\/index.php\/2026\/04\/28\/estalla-conflicto-laboral-en-eldorado-trabajadores-del-ingenio-bloquean-accesos-por-falta-de-pago-y-prestaciones\/#primaryimage","url":"https:\/\/fuentesfidedignas.com.mx\/wp-content\/uploads\/2026\/04\/manifestantes_eldorado.jpg","contentUrl":"https:\/\/fuentesfidedignas.com.mx\/wp-content\/uploads\/2026\/04\/manifestantes_eldorado.jpg","width":500,"height":324},{"@type":"BreadcrumbList","@id":"https:\/\/fuentesfidedignas.com.mx\/index.php\/2026\/04\/28\/estalla-conflicto-laboral-en-eldorado-trabajadores-del-ingenio-bloquean-accesos-por-falta-de-pago-y-prestaciones\/#breadcrumb","itemListElement":[{"@type":"ListItem","position":1,"name":"Inicio","item":"https:\/\/fuentesfidedignas.com.mx\/"},{"@type":"ListItem","position":2,"name":"\u00a1Estalla conflicto laboral en Eldorado! Trabajadores del ingenio bloquean accesos por falta de pago y prestaciones"}]},{"@type":"WebSite","@id":"https:\/\/fuentesfidedignas.com.mx\/#website","url":"https:\/\/fuentesfidedignas.com.mx\/","name":"Fuentes Fidedignas","description":"Otro sitio realizado con WordPress","publisher":{"@id":"https:\/\/fuentesfidedignas.com.mx\/#organization"},"potentialAction":[{"@type":"SearchAction","target":{"@type":"EntryPoint","urlTemplate":"https:\/\/fuentesfidedignas.com.mx\/?s={search_term_string}"},"query-input":{"@type":"PropertyValueSpecification","valueRequired":true,"valueName":"search_term_string"}}],"inLanguage":"es"},{"@type":"Organization","@id":"https:\/\/fuentesfidedignas.com.mx\/#organization","name":"Fuentes Fidedignas","url":"https:\/\/fuentesfidedignas.com.mx\/","logo":{"@type":"ImageObject","inLanguage":"es","@id":"https:\/\/fuentesfidedignas.com.mx\/#\/schema\/logo\/image\/","url":"https:\/\/fuentesfidedignas.com.mx\/wp-content\/uploads\/2021\/04\/logo-retina.png","contentUrl":"https:\/\/fuentesfidedignas.com.mx\/wp-content\/uploads\/2021\/04\/logo-retina.png","width":280,"height":51,"caption":"Fuentes Fidedignas"},"image":{"@id":"https:\/\/fuentesfidedignas.com.mx\/#\/schema\/logo\/image\/"},"sameAs":["https:\/\/www.facebook.com\/Fuentes-Fidedignas-368234489921644","https:\/\/x.com\/fidedignas"]},{"@type":"Person","@id":"https:\/\/fuentesfidedignas.com.mx\/#\/schema\/person\/331be9283d37198e2acd5750279085b0","name":"Redacci\u00f3n","image":{"@type":"ImageObject","inLanguage":"es","@id":"https:\/\/secure.gravatar.com\/avatar\/f6d8782c11d12b2d4ad3fbb6931aeab5309937a4d6cd2fc9cfaa28a6396a5aec?s=96&d=mm&r=g","url":"https:\/\/secure.gravatar.com\/avatar\/f6d8782c11d12b2d4ad3fbb6931aeab5309937a4d6cd2fc9cfaa28a6396a5aec?s=96&d=mm&r=g","contentUrl":"https:\/\/secure.gravatar.com\/avatar\/f6d8782c11d12b2d4ad3fbb6931aeab5309937a4d6cd2fc9cfaa28a6396a5aec?s=96&d=mm&r=g","caption":"Redacci\u00f3n"},"url":"https:\/\/fuentesfidedignas.com.mx\/index.php\/author\/redaccion\/"}]}},"_links":{"self":[{"href":"https:\/\/fuentesfidedignas.com.mx\/index.php\/wp-json\/wp\/v2\/posts\/132408","targetHints":{"allow":["GET"]}}],"collection":[{"href":"https:\/\/fuentesfidedignas.com.mx\/index.php\/wp-json\/wp\/v2\/posts"}],"about":[{"href":"https:\/\/fuentesfidedignas.com.mx\/index.php\/wp-json\/wp\/v2\/types\/post"}],"author":[{"embeddable":true,"href":"https:\/\/fuentesfidedignas.com.mx\/index.php\/wp-json\/wp\/v2\/users\/4"}],"replies":[{"embeddable":true,"href":"https:\/\/fuentesfidedignas.com.mx\/index.php\/wp-json\/wp\/v2\/comments?post=132408"}],"version-history":[{"count":1,"href":"https:\/\/fuentesfidedignas.com.mx\/index.php\/wp-json\/wp\/v2\/posts\/132408\/revisions"}],"predecessor-version":[{"id":132410,"href":"https:\/\/fuentesfidedignas.com.mx\/index.php\/wp-json\/wp\/v2\/posts\/132408\/revisions\/132410"}],"wp:featuredmedia":[{"embeddable":true,"href":"https:\/\/fuentesfidedignas.com.mx\/index.php\/wp-json\/wp\/v2\/media\/132409"}],"wp:attachment":[{"href":"https:\/\/fuentesfidedignas.com.mx\/index.php\/wp-json\/wp\/v2\/media?parent=132408"}],"wp:term":[{"taxonomy":"category","embeddable":true,"href":"https:\/\/fuentesfidedignas.com.mx\/index.php\/wp-json\/wp\/v2\/categories?post=132408"},{"taxonomy":"post_tag","embeddable":true,"href":"https:\/\/fuentesfidedignas.com.mx\/index.php\/wp-json\/wp\/v2\/tags?post=132408"}],"curies":[{"name":"wp","href":"https:\/\/api.w.org\/{rel}","templated":true}]}}