{"id":132405,"date":"2026-04-28T06:23:15","date_gmt":"2026-04-28T13:23:15","guid":{"rendered":"https:\/\/fuentesfidedignas.com.mx\/?p=132405"},"modified":"2026-04-28T06:23:19","modified_gmt":"2026-04-28T13:23:19","slug":"asesinan-a-cuatro-mujeres-en-el-mercadito-rafael-buelna-en-culiacan","status":"publish","type":"post","link":"https:\/\/fuentesfidedignas.com.mx\/index.php\/2026\/04\/28\/asesinan-a-cuatro-mujeres-en-el-mercadito-rafael-buelna-en-culiacan\/","title":{"rendered":"Asesinan a cuatro mujeres en el &#8216;Mercadito&#8217; Rafael Buelna en Culiac\u00e1n"},"content":{"rendered":"\n<p><strong><em>El atentado fue reportado alrededor de las 20:00 horas sobre la calle Miguel Hidalgo, cuando un grupo armado dispar\u00f3 contra las mujeres, quedando dos de ellas al interior de una pick up blanca y las otras dos afuera de un establecimiento.<\/em><\/strong><\/p>\n\n\n\n<p>CULIAC\u00c1N, Sin. &#8211; Un ataque armado dej\u00f3 un saldo de cuatro mujeres asesinadas afuera del mercado Rafael Buelna, en el centro de la capital de Sinaloa.<\/p>\n\n\n\n<p>Hasta antes de este ataque, en Sinaloa suman siete feminicidios durante el mes de abril, aunque estos casos a\u00fan no se ha determinado si se clasificar\u00e1n de ese modo.<\/p>\n\n\n\n<p>El atentado fue reportado alrededor de las 20:00 horas sobre la calle Miguel Hidalgo, cuando un grupo armado dispar\u00f3 contra las mujeres, quedando dos de ellas al interior de una pick up blanca y las otras dos afuera de un establecimiento.<\/p>\n\n\n\n<p>De acuerdo a medios locales, dos mujeres son madre e hija, identificadas como Karely N de 41 a\u00f1os e Itzel N de 22, mientras que las otras dos mujeres fueron identificadas como Sara, de 30 a\u00f1os y Teresa, de 35.<\/p>\n\n\n\n<p>Luego del atentado autoridades cerraron parcialmente esa zona del centro de Culiac\u00e1n. Con este ataque suman seis asesinatos en la capital del estado durante este lunes 27 de abril.<\/p>\n\n\n\n<p>Por su parte, la Fiscal\u00eda General del Estado de Sinaloa inform\u00f3 que, el d\u00eda 27 de abril, se recibi\u00f3 el reporte sobre la localizaci\u00f3n sin vida de cuatro mujeres en las inmediaciones del Mercado Rafael Buelna, en la colonia Centro de Culiac\u00e1n, por lo que desde ese momento personal ministerial, pericial y de investigaci\u00f3n acudi\u00f3 al lugar para realizar las diligencias correspondientes, el procesamiento de la escena y la recolecci\u00f3n de indicios, a fin de integrar la investigaci\u00f3n.<\/p>\n\n\n\n<p>Por este caso, se inici\u00f3 carpeta de investigaci\u00f3n por el delito de feminicidio.<\/p>\n\n\n\n<p>Los cuerpos fueron trasladados al Servicio M\u00e9dico Forense para la pr\u00e1ctica de los estudios de ley y los procesos de identificaci\u00f3n correspondientes.<\/p>\n","protected":false},"excerpt":{"rendered":"<p>El atentado fue reportado alrededor de las 20:00 horas sobre la calle Miguel Hidalgo, cuando un grupo armado dispar\u00f3 contra las mujeres, quedando dos de ellas al interior de una pick up blanca y las otras dos afuera de un establecimiento. CULIAC\u00c1N, Sin. &#8211; Un ataque armado dej\u00f3 un saldo de cuatro mujeres asesinadas afuera [&hellip;]<\/p>\n","protected":false},"author":50,"featured_media":132406,"comment_status":"open","ping_status":"open","sticky":false,"template":"","format":"standard","meta":{"tdm_status":"","tdm_grid_status":"","footnotes":""},"categories":[37],"tags":[],"class_list":{"0":"post-132405","1":"post","2":"type-post","3":"status-publish","4":"format-standard","5":"has-post-thumbnail","7":"category-nota-principal"},"yoast_head":"<!-- This site is optimized with the Yoast SEO plugin v27.5 - https:\/\/yoast.com\/product\/yoast-seo-wordpress\/ -->\n<title>Asesinan a cuatro mujeres en el &#039;Mercadito&#039; Rafael Buelna en Culiac\u00e1n - Fuentes Fidedignas<\/title>\n<meta name=\"robots\" content=\"index, follow, max-snippet:-1, max-image-preview:large, max-video-preview:-1\" \/>\n<link rel=\"canonical\" href=\"https:\/\/fuentesfidedignas.com.mx\/index.php\/2026\/04\/28\/asesinan-a-cuatro-mujeres-en-el-mercadito-rafael-buelna-en-culiacan\/\" \/>\n<meta property=\"og:locale\" content=\"es_MX\" \/>\n<meta property=\"og:type\" content=\"article\" \/>\n<meta property=\"og:title\" content=\"Asesinan a cuatro mujeres en el &#039;Mercadito&#039; Rafael Buelna en Culiac\u00e1n - Fuentes Fidedignas\" \/>\n<meta property=\"og:description\" content=\"El atentado fue reportado alrededor de las 20:00 horas sobre la calle Miguel Hidalgo, cuando un grupo armado dispar\u00f3 contra las mujeres, quedando dos de ellas al interior de una pick up blanca y las otras dos afuera de un establecimiento. CULIAC\u00c1N, Sin. &#8211; Un ataque armado dej\u00f3 un saldo de cuatro mujeres asesinadas afuera [&hellip;]\" \/>\n<meta property=\"og:url\" content=\"https:\/\/fuentesfidedignas.com.mx\/index.php\/2026\/04\/28\/asesinan-a-cuatro-mujeres-en-el-mercadito-rafael-buelna-en-culiacan\/\" \/>\n<meta property=\"og:site_name\" content=\"Fuentes Fidedignas\" \/>\n<meta property=\"article:publisher\" content=\"https:\/\/www.facebook.com\/Fuentes-Fidedignas-368234489921644\" \/>\n<meta property=\"article:published_time\" content=\"2026-04-28T13:23:15+00:00\" \/>\n<meta property=\"article:modified_time\" content=\"2026-04-28T13:23:19+00:00\" \/>\n<meta property=\"og:image\" content=\"https:\/\/fuentesfidedignas.com.mx\/wp-content\/uploads\/2026\/04\/mujeres-mercadito.jpg\" \/>\n\t<meta property=\"og:image:width\" content=\"500\" \/>\n\t<meta property=\"og:image:height\" content=\"281\" \/>\n\t<meta property=\"og:image:type\" content=\"image\/jpeg\" \/>\n<meta name=\"author\" content=\"Proceso\" \/>\n<meta name=\"twitter:card\" content=\"summary_large_image\" \/>\n<meta name=\"twitter:creator\" content=\"@fidedignas\" \/>\n<meta name=\"twitter:site\" content=\"@fidedignas\" \/>\n<meta name=\"twitter:label1\" content=\"Escrito por\" \/>\n\t<meta name=\"twitter:data1\" content=\"Proceso\" \/>\n\t<meta name=\"twitter:label2\" content=\"Tiempo de lectura\" \/>\n\t<meta name=\"twitter:data2\" content=\"2 minutos\" \/>\n<script type=\"application\/ld+json\" class=\"yoast-schema-graph\">{\"@context\":\"https:\\\/\\\/schema.org\",\"@graph\":[{\"@type\":\"Article\",\"@id\":\"https:\\\/\\\/fuentesfidedignas.com.mx\\\/index.php\\\/2026\\\/04\\\/28\\\/asesinan-a-cuatro-mujeres-en-el-mercadito-rafael-buelna-en-culiacan\\\/#article\",\"isPartOf\":{\"@id\":\"https:\\\/\\\/fuentesfidedignas.com.mx\\\/index.php\\\/2026\\\/04\\\/28\\\/asesinan-a-cuatro-mujeres-en-el-mercadito-rafael-buelna-en-culiacan\\\/\"},\"author\":{\"name\":\"Proceso\",\"@id\":\"https:\\\/\\\/fuentesfidedignas.com.mx\\\/#\\\/schema\\\/person\\\/eb72247ff123b3ce5e4cadc7f50ae372\"},\"headline\":\"Asesinan a cuatro mujeres en el &#8216;Mercadito&#8217; Rafael Buelna en Culiac\u00e1n\",\"datePublished\":\"2026-04-28T13:23:15+00:00\",\"dateModified\":\"2026-04-28T13:23:19+00:00\",\"mainEntityOfPage\":{\"@id\":\"https:\\\/\\\/fuentesfidedignas.com.mx\\\/index.php\\\/2026\\\/04\\\/28\\\/asesinan-a-cuatro-mujeres-en-el-mercadito-rafael-buelna-en-culiacan\\\/\"},\"wordCount\":340,\"commentCount\":0,\"publisher\":{\"@id\":\"https:\\\/\\\/fuentesfidedignas.com.mx\\\/#organization\"},\"image\":{\"@id\":\"https:\\\/\\\/fuentesfidedignas.com.mx\\\/index.php\\\/2026\\\/04\\\/28\\\/asesinan-a-cuatro-mujeres-en-el-mercadito-rafael-buelna-en-culiacan\\\/#primaryimage\"},\"thumbnailUrl\":\"https:\\\/\\\/fuentesfidedignas.com.mx\\\/wp-content\\\/uploads\\\/2026\\\/04\\\/mujeres-mercadito.jpg\",\"articleSection\":[\"NOTA PRINCIPAL\"],\"inLanguage\":\"es\",\"potentialAction\":[{\"@type\":\"CommentAction\",\"name\":\"Comment\",\"target\":[\"https:\\\/\\\/fuentesfidedignas.com.mx\\\/index.php\\\/2026\\\/04\\\/28\\\/asesinan-a-cuatro-mujeres-en-el-mercadito-rafael-buelna-en-culiacan\\\/#respond\"]}]},{\"@type\":\"WebPage\",\"@id\":\"https:\\\/\\\/fuentesfidedignas.com.mx\\\/index.php\\\/2026\\\/04\\\/28\\\/asesinan-a-cuatro-mujeres-en-el-mercadito-rafael-buelna-en-culiacan\\\/\",\"url\":\"https:\\\/\\\/fuentesfidedignas.com.mx\\\/index.php\\\/2026\\\/04\\\/28\\\/asesinan-a-cuatro-mujeres-en-el-mercadito-rafael-buelna-en-culiacan\\\/\",\"name\":\"Asesinan a cuatro mujeres en el 'Mercadito' Rafael Buelna en Culiac\u00e1n - Fuentes Fidedignas\",\"isPartOf\":{\"@id\":\"https:\\\/\\\/fuentesfidedignas.com.mx\\\/#website\"},\"primaryImageOfPage\":{\"@id\":\"https:\\\/\\\/fuentesfidedignas.com.mx\\\/index.php\\\/2026\\\/04\\\/28\\\/asesinan-a-cuatro-mujeres-en-el-mercadito-rafael-buelna-en-culiacan\\\/#primaryimage\"},\"image\":{\"@id\":\"https:\\\/\\\/fuentesfidedignas.com.mx\\\/index.php\\\/2026\\\/04\\\/28\\\/asesinan-a-cuatro-mujeres-en-el-mercadito-rafael-buelna-en-culiacan\\\/#primaryimage\"},\"thumbnailUrl\":\"https:\\\/\\\/fuentesfidedignas.com.mx\\\/wp-content\\\/uploads\\\/2026\\\/04\\\/mujeres-mercadito.jpg\",\"datePublished\":\"2026-04-28T13:23:15+00:00\",\"dateModified\":\"2026-04-28T13:23:19+00:00\",\"breadcrumb\":{\"@id\":\"https:\\\/\\\/fuentesfidedignas.com.mx\\\/index.php\\\/2026\\\/04\\\/28\\\/asesinan-a-cuatro-mujeres-en-el-mercadito-rafael-buelna-en-culiacan\\\/#breadcrumb\"},\"inLanguage\":\"es\",\"potentialAction\":[{\"@type\":\"ReadAction\",\"target\":[\"https:\\\/\\\/fuentesfidedignas.com.mx\\\/index.php\\\/2026\\\/04\\\/28\\\/asesinan-a-cuatro-mujeres-en-el-mercadito-rafael-buelna-en-culiacan\\\/\"]}]},{\"@type\":\"ImageObject\",\"inLanguage\":\"es\",\"@id\":\"https:\\\/\\\/fuentesfidedignas.com.mx\\\/index.php\\\/2026\\\/04\\\/28\\\/asesinan-a-cuatro-mujeres-en-el-mercadito-rafael-buelna-en-culiacan\\\/#primaryimage\",\"url\":\"https:\\\/\\\/fuentesfidedignas.com.mx\\\/wp-content\\\/uploads\\\/2026\\\/04\\\/mujeres-mercadito.jpg\",\"contentUrl\":\"https:\\\/\\\/fuentesfidedignas.com.mx\\\/wp-content\\\/uploads\\\/2026\\\/04\\\/mujeres-mercadito.jpg\",\"width\":500,\"height\":281},{\"@type\":\"BreadcrumbList\",\"@id\":\"https:\\\/\\\/fuentesfidedignas.com.mx\\\/index.php\\\/2026\\\/04\\\/28\\\/asesinan-a-cuatro-mujeres-en-el-mercadito-rafael-buelna-en-culiacan\\\/#breadcrumb\",\"itemListElement\":[{\"@type\":\"ListItem\",\"position\":1,\"name\":\"Inicio\",\"item\":\"https:\\\/\\\/fuentesfidedignas.com.mx\\\/\"},{\"@type\":\"ListItem\",\"position\":2,\"name\":\"Asesinan a cuatro mujeres en el &#8216;Mercadito&#8217; Rafael Buelna en Culiac\u00e1n\"}]},{\"@type\":\"WebSite\",\"@id\":\"https:\\\/\\\/fuentesfidedignas.com.mx\\\/#website\",\"url\":\"https:\\\/\\\/fuentesfidedignas.com.mx\\\/\",\"name\":\"Fuentes Fidedignas\",\"description\":\"Otro sitio realizado con WordPress\",\"publisher\":{\"@id\":\"https:\\\/\\\/fuentesfidedignas.com.mx\\\/#organization\"},\"potentialAction\":[{\"@type\":\"SearchAction\",\"target\":{\"@type\":\"EntryPoint\",\"urlTemplate\":\"https:\\\/\\\/fuentesfidedignas.com.mx\\\/?s={search_term_string}\"},\"query-input\":{\"@type\":\"PropertyValueSpecification\",\"valueRequired\":true,\"valueName\":\"search_term_string\"}}],\"inLanguage\":\"es\"},{\"@type\":\"Organization\",\"@id\":\"https:\\\/\\\/fuentesfidedignas.com.mx\\\/#organization\",\"name\":\"Fuentes Fidedignas\",\"url\":\"https:\\\/\\\/fuentesfidedignas.com.mx\\\/\",\"logo\":{\"@type\":\"ImageObject\",\"inLanguage\":\"es\",\"@id\":\"https:\\\/\\\/fuentesfidedignas.com.mx\\\/#\\\/schema\\\/logo\\\/image\\\/\",\"url\":\"https:\\\/\\\/fuentesfidedignas.com.mx\\\/wp-content\\\/uploads\\\/2021\\\/04\\\/logo-retina.png\",\"contentUrl\":\"https:\\\/\\\/fuentesfidedignas.com.mx\\\/wp-content\\\/uploads\\\/2021\\\/04\\\/logo-retina.png\",\"width\":280,\"height\":51,\"caption\":\"Fuentes Fidedignas\"},\"image\":{\"@id\":\"https:\\\/\\\/fuentesfidedignas.com.mx\\\/#\\\/schema\\\/logo\\\/image\\\/\"},\"sameAs\":[\"https:\\\/\\\/www.facebook.com\\\/Fuentes-Fidedignas-368234489921644\",\"https:\\\/\\\/x.com\\\/fidedignas\"]},{\"@type\":\"Person\",\"@id\":\"https:\\\/\\\/fuentesfidedignas.com.mx\\\/#\\\/schema\\\/person\\\/eb72247ff123b3ce5e4cadc7f50ae372\",\"name\":\"Proceso\",\"image\":{\"@type\":\"ImageObject\",\"inLanguage\":\"es\",\"@id\":\"https:\\\/\\\/secure.gravatar.com\\\/avatar\\\/0bb01ecb091d50a46122cbe5cc32ffea15a000f83628f1e40458e669d38ff2cd?s=96&d=mm&r=g\",\"url\":\"https:\\\/\\\/secure.gravatar.com\\\/avatar\\\/0bb01ecb091d50a46122cbe5cc32ffea15a000f83628f1e40458e669d38ff2cd?s=96&d=mm&r=g\",\"contentUrl\":\"https:\\\/\\\/secure.gravatar.com\\\/avatar\\\/0bb01ecb091d50a46122cbe5cc32ffea15a000f83628f1e40458e669d38ff2cd?s=96&d=mm&r=g\",\"caption\":\"Proceso\"},\"url\":\"https:\\\/\\\/fuentesfidedignas.com.mx\\\/index.php\\\/author\\\/proceso\\\/\"}]}<\/script>\n<!-- \/ Yoast SEO plugin. -->","yoast_head_json":{"title":"Asesinan a cuatro mujeres en el 'Mercadito' Rafael Buelna en Culiac\u00e1n - Fuentes Fidedignas","robots":{"index":"index","follow":"follow","max-snippet":"max-snippet:-1","max-image-preview":"max-image-preview:large","max-video-preview":"max-video-preview:-1"},"canonical":"https:\/\/fuentesfidedignas.com.mx\/index.php\/2026\/04\/28\/asesinan-a-cuatro-mujeres-en-el-mercadito-rafael-buelna-en-culiacan\/","og_locale":"es_MX","og_type":"article","og_title":"Asesinan a cuatro mujeres en el 'Mercadito' Rafael Buelna en Culiac\u00e1n - Fuentes Fidedignas","og_description":"El atentado fue reportado alrededor de las 20:00 horas sobre la calle Miguel Hidalgo, cuando un grupo armado dispar\u00f3 contra las mujeres, quedando dos de ellas al interior de una pick up blanca y las otras dos afuera de un establecimiento. CULIAC\u00c1N, Sin. &#8211; Un ataque armado dej\u00f3 un saldo de cuatro mujeres asesinadas afuera [&hellip;]","og_url":"https:\/\/fuentesfidedignas.com.mx\/index.php\/2026\/04\/28\/asesinan-a-cuatro-mujeres-en-el-mercadito-rafael-buelna-en-culiacan\/","og_site_name":"Fuentes Fidedignas","article_publisher":"https:\/\/www.facebook.com\/Fuentes-Fidedignas-368234489921644","article_published_time":"2026-04-28T13:23:15+00:00","article_modified_time":"2026-04-28T13:23:19+00:00","og_image":[{"width":500,"height":281,"url":"https:\/\/fuentesfidedignas.com.mx\/wp-content\/uploads\/2026\/04\/mujeres-mercadito.jpg","type":"image\/jpeg"}],"author":"Proceso","twitter_card":"summary_large_image","twitter_creator":"@fidedignas","twitter_site":"@fidedignas","twitter_misc":{"Escrito por":"Proceso","Tiempo de lectura":"2 minutos"},"schema":{"@context":"https:\/\/schema.org","@graph":[{"@type":"Article","@id":"https:\/\/fuentesfidedignas.com.mx\/index.php\/2026\/04\/28\/asesinan-a-cuatro-mujeres-en-el-mercadito-rafael-buelna-en-culiacan\/#article","isPartOf":{"@id":"https:\/\/fuentesfidedignas.com.mx\/index.php\/2026\/04\/28\/asesinan-a-cuatro-mujeres-en-el-mercadito-rafael-buelna-en-culiacan\/"},"author":{"name":"Proceso","@id":"https:\/\/fuentesfidedignas.com.mx\/#\/schema\/person\/eb72247ff123b3ce5e4cadc7f50ae372"},"headline":"Asesinan a cuatro mujeres en el &#8216;Mercadito&#8217; Rafael Buelna en Culiac\u00e1n","datePublished":"2026-04-28T13:23:15+00:00","dateModified":"2026-04-28T13:23:19+00:00","mainEntityOfPage":{"@id":"https:\/\/fuentesfidedignas.com.mx\/index.php\/2026\/04\/28\/asesinan-a-cuatro-mujeres-en-el-mercadito-rafael-buelna-en-culiacan\/"},"wordCount":340,"commentCount":0,"publisher":{"@id":"https:\/\/fuentesfidedignas.com.mx\/#organization"},"image":{"@id":"https:\/\/fuentesfidedignas.com.mx\/index.php\/2026\/04\/28\/asesinan-a-cuatro-mujeres-en-el-mercadito-rafael-buelna-en-culiacan\/#primaryimage"},"thumbnailUrl":"https:\/\/fuentesfidedignas.com.mx\/wp-content\/uploads\/2026\/04\/mujeres-mercadito.jpg","articleSection":["NOTA PRINCIPAL"],"inLanguage":"es","potentialAction":[{"@type":"CommentAction","name":"Comment","target":["https:\/\/fuentesfidedignas.com.mx\/index.php\/2026\/04\/28\/asesinan-a-cuatro-mujeres-en-el-mercadito-rafael-buelna-en-culiacan\/#respond"]}]},{"@type":"WebPage","@id":"https:\/\/fuentesfidedignas.com.mx\/index.php\/2026\/04\/28\/asesinan-a-cuatro-mujeres-en-el-mercadito-rafael-buelna-en-culiacan\/","url":"https:\/\/fuentesfidedignas.com.mx\/index.php\/2026\/04\/28\/asesinan-a-cuatro-mujeres-en-el-mercadito-rafael-buelna-en-culiacan\/","name":"Asesinan a cuatro mujeres en el 'Mercadito' Rafael Buelna en Culiac\u00e1n - Fuentes Fidedignas","isPartOf":{"@id":"https:\/\/fuentesfidedignas.com.mx\/#website"},"primaryImageOfPage":{"@id":"https:\/\/fuentesfidedignas.com.mx\/index.php\/2026\/04\/28\/asesinan-a-cuatro-mujeres-en-el-mercadito-rafael-buelna-en-culiacan\/#primaryimage"},"image":{"@id":"https:\/\/fuentesfidedignas.com.mx\/index.php\/2026\/04\/28\/asesinan-a-cuatro-mujeres-en-el-mercadito-rafael-buelna-en-culiacan\/#primaryimage"},"thumbnailUrl":"https:\/\/fuentesfidedignas.com.mx\/wp-content\/uploads\/2026\/04\/mujeres-mercadito.jpg","datePublished":"2026-04-28T13:23:15+00:00","dateModified":"2026-04-28T13:23:19+00:00","breadcrumb":{"@id":"https:\/\/fuentesfidedignas.com.mx\/index.php\/2026\/04\/28\/asesinan-a-cuatro-mujeres-en-el-mercadito-rafael-buelna-en-culiacan\/#breadcrumb"},"inLanguage":"es","potentialAction":[{"@type":"ReadAction","target":["https:\/\/fuentesfidedignas.com.mx\/index.php\/2026\/04\/28\/asesinan-a-cuatro-mujeres-en-el-mercadito-rafael-buelna-en-culiacan\/"]}]},{"@type":"ImageObject","inLanguage":"es","@id":"https:\/\/fuentesfidedignas.com.mx\/index.php\/2026\/04\/28\/asesinan-a-cuatro-mujeres-en-el-mercadito-rafael-buelna-en-culiacan\/#primaryimage","url":"https:\/\/fuentesfidedignas.com.mx\/wp-content\/uploads\/2026\/04\/mujeres-mercadito.jpg","contentUrl":"https:\/\/fuentesfidedignas.com.mx\/wp-content\/uploads\/2026\/04\/mujeres-mercadito.jpg","width":500,"height":281},{"@type":"BreadcrumbList","@id":"https:\/\/fuentesfidedignas.com.mx\/index.php\/2026\/04\/28\/asesinan-a-cuatro-mujeres-en-el-mercadito-rafael-buelna-en-culiacan\/#breadcrumb","itemListElement":[{"@type":"ListItem","position":1,"name":"Inicio","item":"https:\/\/fuentesfidedignas.com.mx\/"},{"@type":"ListItem","position":2,"name":"Asesinan a cuatro mujeres en el &#8216;Mercadito&#8217; Rafael Buelna en Culiac\u00e1n"}]},{"@type":"WebSite","@id":"https:\/\/fuentesfidedignas.com.mx\/#website","url":"https:\/\/fuentesfidedignas.com.mx\/","name":"Fuentes Fidedignas","description":"Otro sitio realizado con WordPress","publisher":{"@id":"https:\/\/fuentesfidedignas.com.mx\/#organization"},"potentialAction":[{"@type":"SearchAction","target":{"@type":"EntryPoint","urlTemplate":"https:\/\/fuentesfidedignas.com.mx\/?s={search_term_string}"},"query-input":{"@type":"PropertyValueSpecification","valueRequired":true,"valueName":"search_term_string"}}],"inLanguage":"es"},{"@type":"Organization","@id":"https:\/\/fuentesfidedignas.com.mx\/#organization","name":"Fuentes Fidedignas","url":"https:\/\/fuentesfidedignas.com.mx\/","logo":{"@type":"ImageObject","inLanguage":"es","@id":"https:\/\/fuentesfidedignas.com.mx\/#\/schema\/logo\/image\/","url":"https:\/\/fuentesfidedignas.com.mx\/wp-content\/uploads\/2021\/04\/logo-retina.png","contentUrl":"https:\/\/fuentesfidedignas.com.mx\/wp-content\/uploads\/2021\/04\/logo-retina.png","width":280,"height":51,"caption":"Fuentes Fidedignas"},"image":{"@id":"https:\/\/fuentesfidedignas.com.mx\/#\/schema\/logo\/image\/"},"sameAs":["https:\/\/www.facebook.com\/Fuentes-Fidedignas-368234489921644","https:\/\/x.com\/fidedignas"]},{"@type":"Person","@id":"https:\/\/fuentesfidedignas.com.mx\/#\/schema\/person\/eb72247ff123b3ce5e4cadc7f50ae372","name":"Proceso","image":{"@type":"ImageObject","inLanguage":"es","@id":"https:\/\/secure.gravatar.com\/avatar\/0bb01ecb091d50a46122cbe5cc32ffea15a000f83628f1e40458e669d38ff2cd?s=96&d=mm&r=g","url":"https:\/\/secure.gravatar.com\/avatar\/0bb01ecb091d50a46122cbe5cc32ffea15a000f83628f1e40458e669d38ff2cd?s=96&d=mm&r=g","contentUrl":"https:\/\/secure.gravatar.com\/avatar\/0bb01ecb091d50a46122cbe5cc32ffea15a000f83628f1e40458e669d38ff2cd?s=96&d=mm&r=g","caption":"Proceso"},"url":"https:\/\/fuentesfidedignas.com.mx\/index.php\/author\/proceso\/"}]}},"_links":{"self":[{"href":"https:\/\/fuentesfidedignas.com.mx\/index.php\/wp-json\/wp\/v2\/posts\/132405","targetHints":{"allow":["GET"]}}],"collection":[{"href":"https:\/\/fuentesfidedignas.com.mx\/index.php\/wp-json\/wp\/v2\/posts"}],"about":[{"href":"https:\/\/fuentesfidedignas.com.mx\/index.php\/wp-json\/wp\/v2\/types\/post"}],"author":[{"embeddable":true,"href":"https:\/\/fuentesfidedignas.com.mx\/index.php\/wp-json\/wp\/v2\/users\/50"}],"replies":[{"embeddable":true,"href":"https:\/\/fuentesfidedignas.com.mx\/index.php\/wp-json\/wp\/v2\/comments?post=132405"}],"version-history":[{"count":1,"href":"https:\/\/fuentesfidedignas.com.mx\/index.php\/wp-json\/wp\/v2\/posts\/132405\/revisions"}],"predecessor-version":[{"id":132407,"href":"https:\/\/fuentesfidedignas.com.mx\/index.php\/wp-json\/wp\/v2\/posts\/132405\/revisions\/132407"}],"wp:featuredmedia":[{"embeddable":true,"href":"https:\/\/fuentesfidedignas.com.mx\/index.php\/wp-json\/wp\/v2\/media\/132406"}],"wp:attachment":[{"href":"https:\/\/fuentesfidedignas.com.mx\/index.php\/wp-json\/wp\/v2\/media?parent=132405"}],"wp:term":[{"taxonomy":"category","embeddable":true,"href":"https:\/\/fuentesfidedignas.com.mx\/index.php\/wp-json\/wp\/v2\/categories?post=132405"},{"taxonomy":"post_tag","embeddable":true,"href":"https:\/\/fuentesfidedignas.com.mx\/index.php\/wp-json\/wp\/v2\/tags?post=132405"}],"curies":[{"name":"wp","href":"https:\/\/api.w.org\/{rel}","templated":true}]}}