{"id":132401,"date":"2026-04-28T06:17:25","date_gmt":"2026-04-28T13:17:25","guid":{"rendered":"https:\/\/fuentesfidedignas.com.mx\/?p=132401"},"modified":"2026-04-28T13:43:13","modified_gmt":"2026-04-28T20:43:13","slug":"patria-o-partido-joven-sinaloense-confronta-a-senadora-imelda-castro-y-exhibe-tension-entre-lealtad-politica-y-representacion-ciudadana","status":"publish","type":"post","link":"https:\/\/fuentesfidedignas.com.mx\/index.php\/2026\/04\/28\/patria-o-partido-joven-sinaloense-confronta-a-senadora-imelda-castro-y-exhibe-tension-entre-lealtad-politica-y-representacion-ciudadana\/","title":{"rendered":"VIDEO: \u201c\u00bfPatria o partido?\u201d: joven sinaloense confronta a senadora Imelda Castro"},"content":{"rendered":"\n<p><strong><em>Desde tribuna, el joven \u2014originario de Culiac\u00e1n\u2014 plante\u00f3 una inquietud que refleja una percepci\u00f3n creciente en sectores de la ciudadan\u00eda: la aparente falta de contrapesos dentro del Congreso.<\/em><\/strong><\/p>\n\n\n\n<p>Ciudad de M\u00e9xico.\u2013 Lo que inici\u00f3 como una participaci\u00f3n m\u00e1s dentro del Segundo Parlamento Juvenil termin\u00f3 convirti\u00e9ndose en uno de los momentos m\u00e1s incisivos del encuentro: el estudiante sinaloense Pedro Hiram V\u00e1zquez Mart\u00ednez encar\u00f3 directamente a la senadora Imelda Castro Castro con un cuestionamiento que puso sobre la mesa el papel real del Poder Legislativo frente al Ejecutivo.<\/p>\n\n\n\n<p>Desde tribuna, el joven \u2014originario de Culiac\u00e1n\u2014 plante\u00f3 una inquietud que refleja una percepci\u00f3n creciente en sectores de la ciudadan\u00eda: la aparente falta de contrapesos dentro del Congreso.<\/p>\n\n\n\n<figure class=\"wp-block-video\"><video height=\"442\" style=\"aspect-ratio: 848 \/ 442;\" width=\"848\" controls src=\"https:\/\/fuentesfidedignas.com.mx\/wp-content\/uploads\/2026\/04\/WhatsApp-Video-2026-04-28-at-5.46.07-AM.mp4\"><\/video><\/figure>\n\n\n\n<p>\u201cLos tres poderes existen para evitar que las decisiones se concentren en pocas manos\u2026 hoy muchos perciben que el bloque mayoritario respalda al Ejecutivo sin matices. \u00bfVeremos legisladores que pongan patria antes que partido?\u201d, cuestion\u00f3.<\/p>\n\n\n\n<p>La respuesta de la legisladora fue clara, aunque no exenta de pol\u00e9mica. Reconoci\u00f3 que existe una alineaci\u00f3n con el proyecto presidencial, argumentando que responde a una congruencia pol\u00edtica derivada de la campa\u00f1a y del compromiso asumido con el movimiento.<\/p>\n\n\n\n<p>\u201cNosotros hicimos campa\u00f1a con nuestra presidenta\u2026 sus compromisos son los m\u00edos. Por supuesto que si es un proyecto tenemos que apoyar al Poder Ejecutivo\u2026 si nos hacemos los rebeldes, entonces no hay congruencia\u201d, afirm\u00f3. No obstante, matiz\u00f3 que debe existir espacio para la disidencia, especialmente entre j\u00f3venes.<\/p>\n\n\n\n<p>La senadora insisti\u00f3 en que su postura se enmarca en un \u201cproyecto integral de transformaci\u00f3n\u201d, lo que \u2014dijo\u2014 justifica el respaldo mayoritario a las iniciativas del Ejecutivo.<\/p>\n\n\n\n<p>Sin embargo, lejos de cerrar el intercambio, la respuesta deton\u00f3 una r\u00e9plica directa y estructurada por parte del estudiante, quien llev\u00f3 el debate a un terreno m\u00e1s cr\u00edtico.<\/p>\n\n\n\n<p>\u201cUsted misma dej\u00f3 claro que su lealtad al proyecto de Palacio Nacional gu\u00eda su voto, no los intereses de su ciudadan\u00eda\u2026 cuando la l\u00ednea partidista pesa m\u00e1s que la representaci\u00f3n, el v\u00ednculo con la ciudadan\u00eda se debilita\u201d, sostuvo.<\/p>\n\n\n\n<p>En un tono firme, Pedro Hiram subray\u00f3 que el mandato de un legislador no proviene de un proyecto pol\u00edtico, sino del respaldo ciudadano en las urnas, particularmente en el caso de la senadora como representante de Sinaloa.<\/p>\n\n\n\n<p>\u201cSu lugar se lo debe a las y los sinaloenses\u2026 representar velando por los intereses de Palacio Nacional, sin saber decir que no, es traicionar esa confianza\u201d, sentenci\u00f3.<\/p>\n\n\n\n<p>El momento culmin\u00f3 con una reflexi\u00f3n que reson\u00f3 entre los asistentes: la congruencia legislativa no se demuestra en la adhesi\u00f3n constante, sino en la capacidad de disentir cuando los intereses ciudadanos est\u00e1n en juego.<\/p>\n\n\n\n<p>\u201cCuando sepa decir que no a una propuesta que no est\u00e9 alineada con la ciudadan\u00eda, le vamos a creer que legisla con cabeza, no con colores\u201d, concluy\u00f3.<\/p>\n\n\n\n<p>Este intercambio no solo evidenci\u00f3 la tensi\u00f3n entre disciplina partidista y representaci\u00f3n democr\u00e1tica, sino que tambi\u00e9n posicion\u00f3 al joven universitario como una voz cr\u00edtica dentro del Parlamento Juvenil.<\/p>\n\n\n\n<p>La participaci\u00f3n de Pedro Hiram cobra a\u00fan mayor relevancia considerando su trayectoria. Estudiante de la Universidad Aut\u00f3noma de Sinaloa y diagnosticado dentro del espectro autista (grado 1), ha destacado por su capacidad anal\u00edtica y su inter\u00e9s en temas de impacto social, particularmente en materia de derechos digitales y participaci\u00f3n ciudadana.<\/p>\n\n\n\n<p>Su intervenci\u00f3n en el Congreso de la Uni\u00f3n no fue \u00fanicamente un ejercicio acad\u00e9mico, sino un posicionamiento frontal sobre uno de los debates m\u00e1s vigentes en la pol\u00edtica mexicana: \u00bfa qui\u00e9n deben responder realmente los representantes populares? En ese cuestionamiento, lanzado desde la voz de una nueva generaci\u00f3n, queda abierta una discusi\u00f3n que trasciende el recinto legislativo.<\/p>\n","protected":false},"excerpt":{"rendered":"<p>Desde tribuna, el joven \u2014originario de Culiac\u00e1n\u2014 plante\u00f3 una inquietud que refleja una percepci\u00f3n creciente en sectores de la ciudadan\u00eda: la aparente falta de contrapesos dentro del Congreso. Ciudad de M\u00e9xico.\u2013 Lo que inici\u00f3 como una participaci\u00f3n m\u00e1s dentro del Segundo Parlamento Juvenil termin\u00f3 convirti\u00e9ndose en uno de los momentos m\u00e1s incisivos del encuentro: el [&hellip;]<\/p>\n","protected":false},"author":4,"featured_media":132402,"comment_status":"open","ping_status":"open","sticky":false,"template":"","format":"standard","meta":{"tdm_status":"","tdm_grid_status":"","footnotes":""},"categories":[38],"tags":[],"class_list":{"0":"post-132401","1":"post","2":"type-post","3":"status-publish","4":"format-standard","5":"has-post-thumbnail","7":"category-noticias-locales"},"yoast_head":"<!-- This site is optimized with the Yoast SEO plugin v27.5 - https:\/\/yoast.com\/product\/yoast-seo-wordpress\/ -->\n<title>VIDEO: \u201c\u00bfPatria o partido?\u201d: joven sinaloense confronta a senadora Imelda Castro - Fuentes Fidedignas<\/title>\n<meta name=\"robots\" content=\"index, follow, max-snippet:-1, max-image-preview:large, max-video-preview:-1\" \/>\n<link rel=\"canonical\" href=\"https:\/\/fuentesfidedignas.com.mx\/index.php\/2026\/04\/28\/patria-o-partido-joven-sinaloense-confronta-a-senadora-imelda-castro-y-exhibe-tension-entre-lealtad-politica-y-representacion-ciudadana\/\" \/>\n<meta property=\"og:locale\" content=\"es_MX\" \/>\n<meta property=\"og:type\" content=\"article\" \/>\n<meta property=\"og:title\" content=\"VIDEO: \u201c\u00bfPatria o partido?\u201d: joven sinaloense confronta a senadora Imelda Castro - Fuentes Fidedignas\" \/>\n<meta property=\"og:description\" content=\"Desde tribuna, el joven \u2014originario de Culiac\u00e1n\u2014 plante\u00f3 una inquietud que refleja una percepci\u00f3n creciente en sectores de la ciudadan\u00eda: la aparente falta de contrapesos dentro del Congreso. Ciudad de M\u00e9xico.\u2013 Lo que inici\u00f3 como una participaci\u00f3n m\u00e1s dentro del Segundo Parlamento Juvenil termin\u00f3 convirti\u00e9ndose en uno de los momentos m\u00e1s incisivos del encuentro: el [&hellip;]\" \/>\n<meta property=\"og:url\" content=\"https:\/\/fuentesfidedignas.com.mx\/index.php\/2026\/04\/28\/patria-o-partido-joven-sinaloense-confronta-a-senadora-imelda-castro-y-exhibe-tension-entre-lealtad-politica-y-representacion-ciudadana\/\" \/>\n<meta property=\"og:site_name\" content=\"Fuentes Fidedignas\" \/>\n<meta property=\"article:publisher\" content=\"https:\/\/www.facebook.com\/Fuentes-Fidedignas-368234489921644\" \/>\n<meta property=\"article:published_time\" content=\"2026-04-28T13:17:25+00:00\" \/>\n<meta property=\"article:modified_time\" content=\"2026-04-28T20:43:13+00:00\" \/>\n<meta property=\"og:image\" content=\"https:\/\/fuentesfidedignas.com.mx\/wp-content\/uploads\/2026\/04\/WhatsApp-Image-2026-04-28-at-5.46.07-AM.jpeg\" \/>\n\t<meta property=\"og:image:width\" content=\"500\" \/>\n\t<meta property=\"og:image:height\" content=\"332\" \/>\n\t<meta property=\"og:image:type\" content=\"image\/jpeg\" \/>\n<meta name=\"author\" content=\"Redacci\u00f3n\" \/>\n<meta name=\"twitter:card\" content=\"summary_large_image\" \/>\n<meta name=\"twitter:creator\" content=\"@fidedignas\" \/>\n<meta name=\"twitter:site\" content=\"@fidedignas\" \/>\n<meta name=\"twitter:label1\" content=\"Escrito por\" \/>\n\t<meta name=\"twitter:data1\" content=\"Redacci\u00f3n\" \/>\n\t<meta name=\"twitter:label2\" content=\"Tiempo de lectura\" \/>\n\t<meta name=\"twitter:data2\" content=\"3 minutos\" \/>\n<script type=\"application\/ld+json\" class=\"yoast-schema-graph\">{\"@context\":\"https:\\\/\\\/schema.org\",\"@graph\":[{\"@type\":\"Article\",\"@id\":\"https:\\\/\\\/fuentesfidedignas.com.mx\\\/index.php\\\/2026\\\/04\\\/28\\\/patria-o-partido-joven-sinaloense-confronta-a-senadora-imelda-castro-y-exhibe-tension-entre-lealtad-politica-y-representacion-ciudadana\\\/#article\",\"isPartOf\":{\"@id\":\"https:\\\/\\\/fuentesfidedignas.com.mx\\\/index.php\\\/2026\\\/04\\\/28\\\/patria-o-partido-joven-sinaloense-confronta-a-senadora-imelda-castro-y-exhibe-tension-entre-lealtad-politica-y-representacion-ciudadana\\\/\"},\"author\":{\"name\":\"Redacci\u00f3n\",\"@id\":\"https:\\\/\\\/fuentesfidedignas.com.mx\\\/#\\\/schema\\\/person\\\/331be9283d37198e2acd5750279085b0\"},\"headline\":\"VIDEO: \u201c\u00bfPatria o partido?\u201d: joven sinaloense confronta a senadora Imelda Castro\",\"datePublished\":\"2026-04-28T13:17:25+00:00\",\"dateModified\":\"2026-04-28T20:43:13+00:00\",\"mainEntityOfPage\":{\"@id\":\"https:\\\/\\\/fuentesfidedignas.com.mx\\\/index.php\\\/2026\\\/04\\\/28\\\/patria-o-partido-joven-sinaloense-confronta-a-senadora-imelda-castro-y-exhibe-tension-entre-lealtad-politica-y-representacion-ciudadana\\\/\"},\"wordCount\":654,\"commentCount\":0,\"publisher\":{\"@id\":\"https:\\\/\\\/fuentesfidedignas.com.mx\\\/#organization\"},\"image\":{\"@id\":\"https:\\\/\\\/fuentesfidedignas.com.mx\\\/index.php\\\/2026\\\/04\\\/28\\\/patria-o-partido-joven-sinaloense-confronta-a-senadora-imelda-castro-y-exhibe-tension-entre-lealtad-politica-y-representacion-ciudadana\\\/#primaryimage\"},\"thumbnailUrl\":\"https:\\\/\\\/fuentesfidedignas.com.mx\\\/wp-content\\\/uploads\\\/2026\\\/04\\\/WhatsApp-Image-2026-04-28-at-5.46.07-AM.jpeg\",\"articleSection\":[\"NOTICIAS LOCALES\"],\"inLanguage\":\"es\",\"potentialAction\":[{\"@type\":\"CommentAction\",\"name\":\"Comment\",\"target\":[\"https:\\\/\\\/fuentesfidedignas.com.mx\\\/index.php\\\/2026\\\/04\\\/28\\\/patria-o-partido-joven-sinaloense-confronta-a-senadora-imelda-castro-y-exhibe-tension-entre-lealtad-politica-y-representacion-ciudadana\\\/#respond\"]}]},{\"@type\":\"WebPage\",\"@id\":\"https:\\\/\\\/fuentesfidedignas.com.mx\\\/index.php\\\/2026\\\/04\\\/28\\\/patria-o-partido-joven-sinaloense-confronta-a-senadora-imelda-castro-y-exhibe-tension-entre-lealtad-politica-y-representacion-ciudadana\\\/\",\"url\":\"https:\\\/\\\/fuentesfidedignas.com.mx\\\/index.php\\\/2026\\\/04\\\/28\\\/patria-o-partido-joven-sinaloense-confronta-a-senadora-imelda-castro-y-exhibe-tension-entre-lealtad-politica-y-representacion-ciudadana\\\/\",\"name\":\"VIDEO: \u201c\u00bfPatria o partido?\u201d: joven sinaloense confronta a senadora Imelda Castro - Fuentes Fidedignas\",\"isPartOf\":{\"@id\":\"https:\\\/\\\/fuentesfidedignas.com.mx\\\/#website\"},\"primaryImageOfPage\":{\"@id\":\"https:\\\/\\\/fuentesfidedignas.com.mx\\\/index.php\\\/2026\\\/04\\\/28\\\/patria-o-partido-joven-sinaloense-confronta-a-senadora-imelda-castro-y-exhibe-tension-entre-lealtad-politica-y-representacion-ciudadana\\\/#primaryimage\"},\"image\":{\"@id\":\"https:\\\/\\\/fuentesfidedignas.com.mx\\\/index.php\\\/2026\\\/04\\\/28\\\/patria-o-partido-joven-sinaloense-confronta-a-senadora-imelda-castro-y-exhibe-tension-entre-lealtad-politica-y-representacion-ciudadana\\\/#primaryimage\"},\"thumbnailUrl\":\"https:\\\/\\\/fuentesfidedignas.com.mx\\\/wp-content\\\/uploads\\\/2026\\\/04\\\/WhatsApp-Image-2026-04-28-at-5.46.07-AM.jpeg\",\"datePublished\":\"2026-04-28T13:17:25+00:00\",\"dateModified\":\"2026-04-28T20:43:13+00:00\",\"breadcrumb\":{\"@id\":\"https:\\\/\\\/fuentesfidedignas.com.mx\\\/index.php\\\/2026\\\/04\\\/28\\\/patria-o-partido-joven-sinaloense-confronta-a-senadora-imelda-castro-y-exhibe-tension-entre-lealtad-politica-y-representacion-ciudadana\\\/#breadcrumb\"},\"inLanguage\":\"es\",\"potentialAction\":[{\"@type\":\"ReadAction\",\"target\":[\"https:\\\/\\\/fuentesfidedignas.com.mx\\\/index.php\\\/2026\\\/04\\\/28\\\/patria-o-partido-joven-sinaloense-confronta-a-senadora-imelda-castro-y-exhibe-tension-entre-lealtad-politica-y-representacion-ciudadana\\\/\"]}]},{\"@type\":\"ImageObject\",\"inLanguage\":\"es\",\"@id\":\"https:\\\/\\\/fuentesfidedignas.com.mx\\\/index.php\\\/2026\\\/04\\\/28\\\/patria-o-partido-joven-sinaloense-confronta-a-senadora-imelda-castro-y-exhibe-tension-entre-lealtad-politica-y-representacion-ciudadana\\\/#primaryimage\",\"url\":\"https:\\\/\\\/fuentesfidedignas.com.mx\\\/wp-content\\\/uploads\\\/2026\\\/04\\\/WhatsApp-Image-2026-04-28-at-5.46.07-AM.jpeg\",\"contentUrl\":\"https:\\\/\\\/fuentesfidedignas.com.mx\\\/wp-content\\\/uploads\\\/2026\\\/04\\\/WhatsApp-Image-2026-04-28-at-5.46.07-AM.jpeg\",\"width\":500,\"height\":332},{\"@type\":\"BreadcrumbList\",\"@id\":\"https:\\\/\\\/fuentesfidedignas.com.mx\\\/index.php\\\/2026\\\/04\\\/28\\\/patria-o-partido-joven-sinaloense-confronta-a-senadora-imelda-castro-y-exhibe-tension-entre-lealtad-politica-y-representacion-ciudadana\\\/#breadcrumb\",\"itemListElement\":[{\"@type\":\"ListItem\",\"position\":1,\"name\":\"Inicio\",\"item\":\"https:\\\/\\\/fuentesfidedignas.com.mx\\\/\"},{\"@type\":\"ListItem\",\"position\":2,\"name\":\"VIDEO: \u201c\u00bfPatria o partido?\u201d: joven sinaloense confronta a senadora Imelda Castro\"}]},{\"@type\":\"WebSite\",\"@id\":\"https:\\\/\\\/fuentesfidedignas.com.mx\\\/#website\",\"url\":\"https:\\\/\\\/fuentesfidedignas.com.mx\\\/\",\"name\":\"Fuentes Fidedignas\",\"description\":\"Otro sitio realizado con WordPress\",\"publisher\":{\"@id\":\"https:\\\/\\\/fuentesfidedignas.com.mx\\\/#organization\"},\"potentialAction\":[{\"@type\":\"SearchAction\",\"target\":{\"@type\":\"EntryPoint\",\"urlTemplate\":\"https:\\\/\\\/fuentesfidedignas.com.mx\\\/?s={search_term_string}\"},\"query-input\":{\"@type\":\"PropertyValueSpecification\",\"valueRequired\":true,\"valueName\":\"search_term_string\"}}],\"inLanguage\":\"es\"},{\"@type\":\"Organization\",\"@id\":\"https:\\\/\\\/fuentesfidedignas.com.mx\\\/#organization\",\"name\":\"Fuentes Fidedignas\",\"url\":\"https:\\\/\\\/fuentesfidedignas.com.mx\\\/\",\"logo\":{\"@type\":\"ImageObject\",\"inLanguage\":\"es\",\"@id\":\"https:\\\/\\\/fuentesfidedignas.com.mx\\\/#\\\/schema\\\/logo\\\/image\\\/\",\"url\":\"https:\\\/\\\/fuentesfidedignas.com.mx\\\/wp-content\\\/uploads\\\/2021\\\/04\\\/logo-retina.png\",\"contentUrl\":\"https:\\\/\\\/fuentesfidedignas.com.mx\\\/wp-content\\\/uploads\\\/2021\\\/04\\\/logo-retina.png\",\"width\":280,\"height\":51,\"caption\":\"Fuentes Fidedignas\"},\"image\":{\"@id\":\"https:\\\/\\\/fuentesfidedignas.com.mx\\\/#\\\/schema\\\/logo\\\/image\\\/\"},\"sameAs\":[\"https:\\\/\\\/www.facebook.com\\\/Fuentes-Fidedignas-368234489921644\",\"https:\\\/\\\/x.com\\\/fidedignas\"]},{\"@type\":\"Person\",\"@id\":\"https:\\\/\\\/fuentesfidedignas.com.mx\\\/#\\\/schema\\\/person\\\/331be9283d37198e2acd5750279085b0\",\"name\":\"Redacci\u00f3n\",\"image\":{\"@type\":\"ImageObject\",\"inLanguage\":\"es\",\"@id\":\"https:\\\/\\\/secure.gravatar.com\\\/avatar\\\/f6d8782c11d12b2d4ad3fbb6931aeab5309937a4d6cd2fc9cfaa28a6396a5aec?s=96&d=mm&r=g\",\"url\":\"https:\\\/\\\/secure.gravatar.com\\\/avatar\\\/f6d8782c11d12b2d4ad3fbb6931aeab5309937a4d6cd2fc9cfaa28a6396a5aec?s=96&d=mm&r=g\",\"contentUrl\":\"https:\\\/\\\/secure.gravatar.com\\\/avatar\\\/f6d8782c11d12b2d4ad3fbb6931aeab5309937a4d6cd2fc9cfaa28a6396a5aec?s=96&d=mm&r=g\",\"caption\":\"Redacci\u00f3n\"},\"url\":\"https:\\\/\\\/fuentesfidedignas.com.mx\\\/index.php\\\/author\\\/redaccion\\\/\"}]}<\/script>\n<!-- \/ Yoast SEO plugin. -->","yoast_head_json":{"title":"VIDEO: \u201c\u00bfPatria o partido?\u201d: joven sinaloense confronta a senadora Imelda Castro - Fuentes Fidedignas","robots":{"index":"index","follow":"follow","max-snippet":"max-snippet:-1","max-image-preview":"max-image-preview:large","max-video-preview":"max-video-preview:-1"},"canonical":"https:\/\/fuentesfidedignas.com.mx\/index.php\/2026\/04\/28\/patria-o-partido-joven-sinaloense-confronta-a-senadora-imelda-castro-y-exhibe-tension-entre-lealtad-politica-y-representacion-ciudadana\/","og_locale":"es_MX","og_type":"article","og_title":"VIDEO: \u201c\u00bfPatria o partido?\u201d: joven sinaloense confronta a senadora Imelda Castro - Fuentes Fidedignas","og_description":"Desde tribuna, el joven \u2014originario de Culiac\u00e1n\u2014 plante\u00f3 una inquietud que refleja una percepci\u00f3n creciente en sectores de la ciudadan\u00eda: la aparente falta de contrapesos dentro del Congreso. Ciudad de M\u00e9xico.\u2013 Lo que inici\u00f3 como una participaci\u00f3n m\u00e1s dentro del Segundo Parlamento Juvenil termin\u00f3 convirti\u00e9ndose en uno de los momentos m\u00e1s incisivos del encuentro: el [&hellip;]","og_url":"https:\/\/fuentesfidedignas.com.mx\/index.php\/2026\/04\/28\/patria-o-partido-joven-sinaloense-confronta-a-senadora-imelda-castro-y-exhibe-tension-entre-lealtad-politica-y-representacion-ciudadana\/","og_site_name":"Fuentes Fidedignas","article_publisher":"https:\/\/www.facebook.com\/Fuentes-Fidedignas-368234489921644","article_published_time":"2026-04-28T13:17:25+00:00","article_modified_time":"2026-04-28T20:43:13+00:00","og_image":[{"width":500,"height":332,"url":"https:\/\/fuentesfidedignas.com.mx\/wp-content\/uploads\/2026\/04\/WhatsApp-Image-2026-04-28-at-5.46.07-AM.jpeg","type":"image\/jpeg"}],"author":"Redacci\u00f3n","twitter_card":"summary_large_image","twitter_creator":"@fidedignas","twitter_site":"@fidedignas","twitter_misc":{"Escrito por":"Redacci\u00f3n","Tiempo de lectura":"3 minutos"},"schema":{"@context":"https:\/\/schema.org","@graph":[{"@type":"Article","@id":"https:\/\/fuentesfidedignas.com.mx\/index.php\/2026\/04\/28\/patria-o-partido-joven-sinaloense-confronta-a-senadora-imelda-castro-y-exhibe-tension-entre-lealtad-politica-y-representacion-ciudadana\/#article","isPartOf":{"@id":"https:\/\/fuentesfidedignas.com.mx\/index.php\/2026\/04\/28\/patria-o-partido-joven-sinaloense-confronta-a-senadora-imelda-castro-y-exhibe-tension-entre-lealtad-politica-y-representacion-ciudadana\/"},"author":{"name":"Redacci\u00f3n","@id":"https:\/\/fuentesfidedignas.com.mx\/#\/schema\/person\/331be9283d37198e2acd5750279085b0"},"headline":"VIDEO: \u201c\u00bfPatria o partido?\u201d: joven sinaloense confronta a senadora Imelda Castro","datePublished":"2026-04-28T13:17:25+00:00","dateModified":"2026-04-28T20:43:13+00:00","mainEntityOfPage":{"@id":"https:\/\/fuentesfidedignas.com.mx\/index.php\/2026\/04\/28\/patria-o-partido-joven-sinaloense-confronta-a-senadora-imelda-castro-y-exhibe-tension-entre-lealtad-politica-y-representacion-ciudadana\/"},"wordCount":654,"commentCount":0,"publisher":{"@id":"https:\/\/fuentesfidedignas.com.mx\/#organization"},"image":{"@id":"https:\/\/fuentesfidedignas.com.mx\/index.php\/2026\/04\/28\/patria-o-partido-joven-sinaloense-confronta-a-senadora-imelda-castro-y-exhibe-tension-entre-lealtad-politica-y-representacion-ciudadana\/#primaryimage"},"thumbnailUrl":"https:\/\/fuentesfidedignas.com.mx\/wp-content\/uploads\/2026\/04\/WhatsApp-Image-2026-04-28-at-5.46.07-AM.jpeg","articleSection":["NOTICIAS LOCALES"],"inLanguage":"es","potentialAction":[{"@type":"CommentAction","name":"Comment","target":["https:\/\/fuentesfidedignas.com.mx\/index.php\/2026\/04\/28\/patria-o-partido-joven-sinaloense-confronta-a-senadora-imelda-castro-y-exhibe-tension-entre-lealtad-politica-y-representacion-ciudadana\/#respond"]}]},{"@type":"WebPage","@id":"https:\/\/fuentesfidedignas.com.mx\/index.php\/2026\/04\/28\/patria-o-partido-joven-sinaloense-confronta-a-senadora-imelda-castro-y-exhibe-tension-entre-lealtad-politica-y-representacion-ciudadana\/","url":"https:\/\/fuentesfidedignas.com.mx\/index.php\/2026\/04\/28\/patria-o-partido-joven-sinaloense-confronta-a-senadora-imelda-castro-y-exhibe-tension-entre-lealtad-politica-y-representacion-ciudadana\/","name":"VIDEO: \u201c\u00bfPatria o partido?\u201d: joven sinaloense confronta a senadora Imelda Castro - Fuentes Fidedignas","isPartOf":{"@id":"https:\/\/fuentesfidedignas.com.mx\/#website"},"primaryImageOfPage":{"@id":"https:\/\/fuentesfidedignas.com.mx\/index.php\/2026\/04\/28\/patria-o-partido-joven-sinaloense-confronta-a-senadora-imelda-castro-y-exhibe-tension-entre-lealtad-politica-y-representacion-ciudadana\/#primaryimage"},"image":{"@id":"https:\/\/fuentesfidedignas.com.mx\/index.php\/2026\/04\/28\/patria-o-partido-joven-sinaloense-confronta-a-senadora-imelda-castro-y-exhibe-tension-entre-lealtad-politica-y-representacion-ciudadana\/#primaryimage"},"thumbnailUrl":"https:\/\/fuentesfidedignas.com.mx\/wp-content\/uploads\/2026\/04\/WhatsApp-Image-2026-04-28-at-5.46.07-AM.jpeg","datePublished":"2026-04-28T13:17:25+00:00","dateModified":"2026-04-28T20:43:13+00:00","breadcrumb":{"@id":"https:\/\/fuentesfidedignas.com.mx\/index.php\/2026\/04\/28\/patria-o-partido-joven-sinaloense-confronta-a-senadora-imelda-castro-y-exhibe-tension-entre-lealtad-politica-y-representacion-ciudadana\/#breadcrumb"},"inLanguage":"es","potentialAction":[{"@type":"ReadAction","target":["https:\/\/fuentesfidedignas.com.mx\/index.php\/2026\/04\/28\/patria-o-partido-joven-sinaloense-confronta-a-senadora-imelda-castro-y-exhibe-tension-entre-lealtad-politica-y-representacion-ciudadana\/"]}]},{"@type":"ImageObject","inLanguage":"es","@id":"https:\/\/fuentesfidedignas.com.mx\/index.php\/2026\/04\/28\/patria-o-partido-joven-sinaloense-confronta-a-senadora-imelda-castro-y-exhibe-tension-entre-lealtad-politica-y-representacion-ciudadana\/#primaryimage","url":"https:\/\/fuentesfidedignas.com.mx\/wp-content\/uploads\/2026\/04\/WhatsApp-Image-2026-04-28-at-5.46.07-AM.jpeg","contentUrl":"https:\/\/fuentesfidedignas.com.mx\/wp-content\/uploads\/2026\/04\/WhatsApp-Image-2026-04-28-at-5.46.07-AM.jpeg","width":500,"height":332},{"@type":"BreadcrumbList","@id":"https:\/\/fuentesfidedignas.com.mx\/index.php\/2026\/04\/28\/patria-o-partido-joven-sinaloense-confronta-a-senadora-imelda-castro-y-exhibe-tension-entre-lealtad-politica-y-representacion-ciudadana\/#breadcrumb","itemListElement":[{"@type":"ListItem","position":1,"name":"Inicio","item":"https:\/\/fuentesfidedignas.com.mx\/"},{"@type":"ListItem","position":2,"name":"VIDEO: \u201c\u00bfPatria o partido?\u201d: joven sinaloense confronta a senadora Imelda Castro"}]},{"@type":"WebSite","@id":"https:\/\/fuentesfidedignas.com.mx\/#website","url":"https:\/\/fuentesfidedignas.com.mx\/","name":"Fuentes Fidedignas","description":"Otro sitio realizado con WordPress","publisher":{"@id":"https:\/\/fuentesfidedignas.com.mx\/#organization"},"potentialAction":[{"@type":"SearchAction","target":{"@type":"EntryPoint","urlTemplate":"https:\/\/fuentesfidedignas.com.mx\/?s={search_term_string}"},"query-input":{"@type":"PropertyValueSpecification","valueRequired":true,"valueName":"search_term_string"}}],"inLanguage":"es"},{"@type":"Organization","@id":"https:\/\/fuentesfidedignas.com.mx\/#organization","name":"Fuentes Fidedignas","url":"https:\/\/fuentesfidedignas.com.mx\/","logo":{"@type":"ImageObject","inLanguage":"es","@id":"https:\/\/fuentesfidedignas.com.mx\/#\/schema\/logo\/image\/","url":"https:\/\/fuentesfidedignas.com.mx\/wp-content\/uploads\/2021\/04\/logo-retina.png","contentUrl":"https:\/\/fuentesfidedignas.com.mx\/wp-content\/uploads\/2021\/04\/logo-retina.png","width":280,"height":51,"caption":"Fuentes Fidedignas"},"image":{"@id":"https:\/\/fuentesfidedignas.com.mx\/#\/schema\/logo\/image\/"},"sameAs":["https:\/\/www.facebook.com\/Fuentes-Fidedignas-368234489921644","https:\/\/x.com\/fidedignas"]},{"@type":"Person","@id":"https:\/\/fuentesfidedignas.com.mx\/#\/schema\/person\/331be9283d37198e2acd5750279085b0","name":"Redacci\u00f3n","image":{"@type":"ImageObject","inLanguage":"es","@id":"https:\/\/secure.gravatar.com\/avatar\/f6d8782c11d12b2d4ad3fbb6931aeab5309937a4d6cd2fc9cfaa28a6396a5aec?s=96&d=mm&r=g","url":"https:\/\/secure.gravatar.com\/avatar\/f6d8782c11d12b2d4ad3fbb6931aeab5309937a4d6cd2fc9cfaa28a6396a5aec?s=96&d=mm&r=g","contentUrl":"https:\/\/secure.gravatar.com\/avatar\/f6d8782c11d12b2d4ad3fbb6931aeab5309937a4d6cd2fc9cfaa28a6396a5aec?s=96&d=mm&r=g","caption":"Redacci\u00f3n"},"url":"https:\/\/fuentesfidedignas.com.mx\/index.php\/author\/redaccion\/"}]}},"_links":{"self":[{"href":"https:\/\/fuentesfidedignas.com.mx\/index.php\/wp-json\/wp\/v2\/posts\/132401","targetHints":{"allow":["GET"]}}],"collection":[{"href":"https:\/\/fuentesfidedignas.com.mx\/index.php\/wp-json\/wp\/v2\/posts"}],"about":[{"href":"https:\/\/fuentesfidedignas.com.mx\/index.php\/wp-json\/wp\/v2\/types\/post"}],"author":[{"embeddable":true,"href":"https:\/\/fuentesfidedignas.com.mx\/index.php\/wp-json\/wp\/v2\/users\/4"}],"replies":[{"embeddable":true,"href":"https:\/\/fuentesfidedignas.com.mx\/index.php\/wp-json\/wp\/v2\/comments?post=132401"}],"version-history":[{"count":6,"href":"https:\/\/fuentesfidedignas.com.mx\/index.php\/wp-json\/wp\/v2\/posts\/132401\/revisions"}],"predecessor-version":[{"id":132447,"href":"https:\/\/fuentesfidedignas.com.mx\/index.php\/wp-json\/wp\/v2\/posts\/132401\/revisions\/132447"}],"wp:featuredmedia":[{"embeddable":true,"href":"https:\/\/fuentesfidedignas.com.mx\/index.php\/wp-json\/wp\/v2\/media\/132402"}],"wp:attachment":[{"href":"https:\/\/fuentesfidedignas.com.mx\/index.php\/wp-json\/wp\/v2\/media?parent=132401"}],"wp:term":[{"taxonomy":"category","embeddable":true,"href":"https:\/\/fuentesfidedignas.com.mx\/index.php\/wp-json\/wp\/v2\/categories?post=132401"},{"taxonomy":"post_tag","embeddable":true,"href":"https:\/\/fuentesfidedignas.com.mx\/index.php\/wp-json\/wp\/v2\/tags?post=132401"}],"curies":[{"name":"wp","href":"https:\/\/api.w.org\/{rel}","templated":true}]}}