{"id":1324,"date":"2021-05-07T09:45:10","date_gmt":"2021-05-07T16:45:10","guid":{"rendered":"https:\/\/fuentesfidedignas.com.mx\/?p=1324"},"modified":"2021-05-07T09:45:28","modified_gmt":"2021-05-07T16:45:28","slug":"donde-estan-que-les-sucedio-la-alarmante-cifra-de-desaparecidos-durante-las-protestas-en-colombia","status":"publish","type":"post","link":"https:\/\/fuentesfidedignas.com.mx\/index.php\/2021\/05\/07\/donde-estan-que-les-sucedio-la-alarmante-cifra-de-desaparecidos-durante-las-protestas-en-colombia\/","title":{"rendered":"\u00bfD\u00f3nde est\u00e1n? \u00bfqu\u00e9 les sucedi\u00f3?: La alarmante cifra de desaparecidos durante las protestas en Colombia"},"content":{"rendered":"\n<p><strong><em>Las personas que ya han sido ubicadas denuncian detenciones arbitrarias; en otros casos se han producido torturas, tratos crueles, inhumanos y degradantes.<\/em><\/strong><\/p>\n\n\n\n<p>Ciudad de M\u00e9xico.- No se sabe con certeza cu\u00e1ntos son ni en d\u00f3nde est\u00e1n. Lo que s\u00ed es un hecho es que las represiones policiales durante las protestas sociales en Colombia est\u00e1n dejando una estela de personas desaparecidas en un pa\u00eds que arrastra una larga historia en torno a un delito que est\u00e1 considerado de lesa humanidad.<\/p>\n\n\n\n<p>En su informe m\u00e1s reciente, la Defensor\u00eda del Pueblo inform\u00f3 que desde el 28 de abril ha recibido 145 reportes de personas desaparecidas durante las movilizaciones multitudinarias que han conmocionado a todo el pa\u00eds, de las cuales 55 ya fueron ubicadas. Con respecto a las 90 que falta localizar, el organismo revel\u00f3 que puso los datos a disposici\u00f3n de la Comisi\u00f3n de B\u00fasqueda de Personas Desaparecidas y de la Fiscal\u00eda.<\/p>\n\n\n\n<p>El Movimiento Nacional de V\u00edctimas de Cr\u00edmenes de Estado, por su parte, advirti\u00f3 que la Mesa de Trabajo sobre Desaparici\u00f3n Forzada ha registrado la preocupante cifra de 471 personas reportadas como desaparecidas, de las cuales, hasta el mi\u00e9rcoles, solo 79 hab\u00edan sido encontradas.<\/p>\n\n\n\n<p>Varias de ellas denunciaron que fueron privadas arbitrariamente de la libertad durante horas o d\u00edas, ya que las trasladaron a sitios no autorizados por la ley y sin presencia del Ministerio P\u00fablico. &#8220;En otros casos aparecieron golpeadas y fueron sometidas a torturas, tratos crueles, inhumanos y degradantes. Estos lugares de detenci\u00f3n arbitraria, var\u00edan entre coliseos, casas y Comandos de Atenci\u00f3n Inmediata&#8221;, precis\u00f3 la organizaci\u00f3n de derechos humanos.<\/p>\n\n\n\n<p>Agreg\u00f3 que algunas v\u00edctimas fueron custodiadas por personas vestidas de civil, o recibieron agresiones f\u00edsicas y psicol\u00f3gicas por parte de integrantes de la Polic\u00eda Nacional y el Escuadr\u00f3n M\u00f3vil Antidisturbios (Esmad). Las mujeres reportaron violencia sexual y otras vejaciones basadas en g\u00e9nero.<\/p>\n\n\n\n<p><strong>Sin precisiones<\/strong><br>Entre las personas denunciadas como desaparecidas, informa la organizaci\u00f3n, dos fueron encontradas asesinadas en el cauce del R\u00edo Cauca: Brahian Gabriel Rojas L\u00f3pez, un joven de 26 a\u00f1os que se manifest\u00f3 el 28 de mayo en el departamento de Risaralda y cuyo paradero se desconoci\u00f3 durante seis d\u00edas, y otra v\u00edctima que todav\u00eda no ha sido identificada.<\/p>\n\n\n\n<p>Pero todav\u00eda falta encontrar a 379. Por eso, el Movimiento Nacional de V\u00edctimas de Cr\u00edmenes de Estado solicit\u00f3 a la Fiscal\u00eda General de la Naci\u00f3n, a la Procuradur\u00eda General de la Naci\u00f3n, a la Defensor\u00eda del Pueblo y al Director General de la Polic\u00eda Nacional que den a conocer las listas de las personas detenidas durante las protestas y especifiquen por qu\u00e9 y a d\u00f3nde han sido llevadas.<\/p>\n\n\n\n<p>Tambi\u00e9n exigi\u00f3 informaci\u00f3n sobre las personas capturadas con investigaciones penales abiertas en el marco de la protesta social, as\u00ed como el listado de las reportadas como desaparecidas se\u00f1alando si se encuentran privadas de la libertad, el lugar de reclusi\u00f3n, qui\u00e9nes han sido puestas ya en libertad y a qui\u00e9nes falta encontrar.<\/p>\n\n\n\n<p>La organizaci\u00f3n pidi\u00f3 informes sobre el resultado de la b\u00fasqueda sobre estas personas, qu\u00e9 mecanismos se han desplegado para encontrarlas y los nombres de quienes han sido asesinadas durante las movilizaciones, indicando el lugar de los hechos, su condici\u00f3n de civiles o agentes de polic\u00edas y cu\u00e1ntas de ellas fueron ocasionadas por armas de fuego, adem\u00e1s de los manifestantes que han sido liberados y las denuncias de v\u00edctimas de tortura, tratos crueles, inhumanos o degradantes, abuso sexual y otras formas de violencias basadas en g\u00e9nero.<\/p>\n\n\n\n<p>&#8220;Tambi\u00e9n exigimos que se active de forma inmediata el Mecanismo de B\u00fasqueda Urgente (MBU) para dar con el paradero de todas y cada una de las personas reportadas. Por otra parte, se solicita habilitar en cada una de las ciudades capitales descritas (Bogot\u00e1, Cali, Armenia, Barranquilla, Medell\u00edn; Pereira y de las que llegue informaci\u00f3n de personas desaparecidas) una persona de nivel directivo de la Fiscal\u00eda Seccional que cumpla labores de atenci\u00f3n y rendici\u00f3n de cuentas a las familias de cada una de las personas reportadas como desaparecidas. Este responsable debe permanecer activo hasta dar con el paradero de cada una&#8221;, advirti\u00f3.<\/p>\n\n\n\n<p>&#8220;Son motivo de suma preocupaci\u00f3n las reiteradas denuncias de organizaciones sociales y familiares de manifestantes que desconocen la suerte y el paradero de sus seres queridos que fueron presuntamente detenidos&#8221;<\/p>\n\n\n\n<p>A ra\u00edz de esta situaci\u00f3n, agreg\u00f3, se hace necesario que se inicien investigaciones penales por el delito de desaparici\u00f3n forzada por cada grupo de hechos por lugar y temporalidad, que determine la existencia del hecho, la adecuaci\u00f3n t\u00edpica, la identificaci\u00f3n de los responsables y se realicen las labores probatorias que permita presentar acusaciones contra los mismos.<\/p>\n\n\n\n<p>&#8220;Es necesario que se emprendan las acciones suficientes para que las unidades y fiscales de conocimiento que atienden los casos de detenciones en contextos de protesta social, realicen labores personales de verificaci\u00f3n, monitoreo y entrevista con los detenidos, para impedir la comisi\u00f3n de desapariciones forzadas en este tipo de situaciones&#8221;, explic\u00f3.<\/p>\n\n\n\n<p><strong>Demandas<\/strong><br>La Unidad de B\u00fasqueda de Personas dadas por Desaparecidas, un mecanismo surgido a ra\u00edz de los Acuerdos de Paz en Colombia, tambi\u00e9n hizo un llamado urgente al Gobierno Nacional, a la Procuradur\u00eda General de la Naci\u00f3n y a la Defensor\u00eda del Pueblo, como garantes de los derechos humanos de la ciudadan\u00eda, para que cese la violencia desproporcionada en las protestas, que han causado ya al menos 26 muertes y numerosas detenciones arbitrarias y desapariciones forzadas.<\/p>\n\n\n\n<p>&#8220;Son motivo de suma preocupaci\u00f3n las reiteradas denuncias de organizaciones sociales y familiares de manifestantes que desconocen la suerte y el paradero de sus seres queridos que fueron presuntamente detenidos&#8221;, se\u00f1al\u00f3.<\/p>\n\n\n\n<p>El desborde en ejercicio del poder por parte de la fuerza p\u00fablica, agreg\u00f3, es algo que no puede dejarse pasar &#8220;sin un mensaje claro e inequ\u00edvoco de desaprobaci\u00f3n&#8221; por parte del presidente en su calidad de Comandante General de la fuerza p\u00fablica, adem\u00e1s de que el pa\u00eds tiene que cumplir con el mandato de est\u00e1ndares internacionales que disponen que la participaci\u00f3n de fuerzas armadas en tareas de seguridad debe ser extraordinaria, subordinada, complementaria, regulada y fiscalizada.<\/p>\n\n\n\n<p>&#8220;Se debe cumplir con la convenci\u00f3n Internacional para la protecci\u00f3n de todas las personas contra las desapariciones forzadas&#8221;, insisti\u00f3 al hacer un llamado a las autoridades a no repetir &#8220;patrones de violencia perpetrados en el pasado sobre los cuales a\u00fan hoy como sociedad tenemos la deuda hist\u00f3rica de responderles a miles de v\u00edctimas en circunstancias de violencia y conflicto armado&#8221;.<\/p>\n\n\n\n<p>Seg\u00fan cifras del Centro Nacional de Memoria Hist\u00f3rica, entre 1958 y el primer semestre de 2020, el conflicto armado en Colombia dej\u00f3 un saldo de 80.582 personas v\u00edctimas del delito de desaparici\u00f3n forzada, de las cuales el 85 % son hombres.<\/p>\n","protected":false},"excerpt":{"rendered":"<p>Las personas que ya han sido ubicadas denuncian detenciones arbitrarias; en otros casos se han producido torturas, tratos crueles, inhumanos y degradantes. Ciudad de M\u00e9xico.- No se sabe con certeza cu\u00e1ntos son ni en d\u00f3nde est\u00e1n. Lo que s\u00ed es un hecho es que las represiones policiales durante las protestas sociales en Colombia est\u00e1n dejando [&hellip;]<\/p>\n","protected":false},"author":41,"featured_media":1325,"comment_status":"open","ping_status":"open","sticky":false,"template":"","format":"standard","meta":{"tdm_status":"","tdm_grid_status":"","footnotes":""},"categories":[39],"tags":[194],"class_list":{"0":"post-1324","1":"post","2":"type-post","3":"status-publish","4":"format-standard","5":"has-post-thumbnail","7":"category-noticias-nacionales","8":"tag-colombia"},"yoast_head":"<!-- This site is optimized with the Yoast SEO plugin v27.5 - https:\/\/yoast.com\/product\/yoast-seo-wordpress\/ -->\n<title>\u00bfD\u00f3nde est\u00e1n? \u00bfqu\u00e9 les sucedi\u00f3?: La alarmante cifra de desaparecidos durante las protestas en Colombia - Fuentes Fidedignas<\/title>\n<meta name=\"robots\" content=\"index, follow, max-snippet:-1, max-image-preview:large, max-video-preview:-1\" \/>\n<link rel=\"canonical\" href=\"https:\/\/fuentesfidedignas.com.mx\/index.php\/2021\/05\/07\/donde-estan-que-les-sucedio-la-alarmante-cifra-de-desaparecidos-durante-las-protestas-en-colombia\/\" \/>\n<meta property=\"og:locale\" content=\"es_MX\" \/>\n<meta property=\"og:type\" content=\"article\" \/>\n<meta property=\"og:title\" content=\"\u00bfD\u00f3nde est\u00e1n? \u00bfqu\u00e9 les sucedi\u00f3?: La alarmante cifra de desaparecidos durante las protestas en Colombia - Fuentes Fidedignas\" \/>\n<meta property=\"og:description\" content=\"Las personas que ya han sido ubicadas denuncian detenciones arbitrarias; en otros casos se han producido torturas, tratos crueles, inhumanos y degradantes. Ciudad de M\u00e9xico.- No se sabe con certeza cu\u00e1ntos son ni en d\u00f3nde est\u00e1n. Lo que s\u00ed es un hecho es que las represiones policiales durante las protestas sociales en Colombia est\u00e1n dejando [&hellip;]\" \/>\n<meta property=\"og:url\" content=\"https:\/\/fuentesfidedignas.com.mx\/index.php\/2021\/05\/07\/donde-estan-que-les-sucedio-la-alarmante-cifra-de-desaparecidos-durante-las-protestas-en-colombia\/\" \/>\n<meta property=\"og:site_name\" content=\"Fuentes Fidedignas\" \/>\n<meta property=\"article:publisher\" content=\"https:\/\/www.facebook.com\/Fuentes-Fidedignas-368234489921644\" \/>\n<meta property=\"article:published_time\" content=\"2021-05-07T16:45:10+00:00\" \/>\n<meta property=\"article:modified_time\" content=\"2021-05-07T16:45:28+00:00\" \/>\n<meta property=\"og:image\" content=\"https:\/\/fuentesfidedignas.com.mx\/wp-content\/uploads\/2021\/05\/MUERTOS_COLOMBIA.jpg\" \/>\n\t<meta property=\"og:image:width\" content=\"1104\" \/>\n\t<meta property=\"og:image:height\" content=\"622\" \/>\n\t<meta property=\"og:image:type\" content=\"image\/jpeg\" \/>\n<meta name=\"author\" content=\"Infobae\" \/>\n<meta name=\"twitter:card\" content=\"summary_large_image\" \/>\n<meta name=\"twitter:creator\" content=\"@fidedignas\" \/>\n<meta name=\"twitter:site\" content=\"@fidedignas\" \/>\n<meta name=\"twitter:label1\" content=\"Escrito por\" \/>\n\t<meta name=\"twitter:data1\" content=\"Infobae\" \/>\n\t<meta name=\"twitter:label2\" content=\"Tiempo de lectura\" \/>\n\t<meta name=\"twitter:data2\" content=\"5 minutos\" \/>\n<script type=\"application\/ld+json\" class=\"yoast-schema-graph\">{\"@context\":\"https:\\\/\\\/schema.org\",\"@graph\":[{\"@type\":\"Article\",\"@id\":\"https:\\\/\\\/fuentesfidedignas.com.mx\\\/index.php\\\/2021\\\/05\\\/07\\\/donde-estan-que-les-sucedio-la-alarmante-cifra-de-desaparecidos-durante-las-protestas-en-colombia\\\/#article\",\"isPartOf\":{\"@id\":\"https:\\\/\\\/fuentesfidedignas.com.mx\\\/index.php\\\/2021\\\/05\\\/07\\\/donde-estan-que-les-sucedio-la-alarmante-cifra-de-desaparecidos-durante-las-protestas-en-colombia\\\/\"},\"author\":{\"name\":\"Infobae\",\"@id\":\"https:\\\/\\\/fuentesfidedignas.com.mx\\\/#\\\/schema\\\/person\\\/8575896a7c1067d352f6c1cd6582c389\"},\"headline\":\"\u00bfD\u00f3nde est\u00e1n? \u00bfqu\u00e9 les sucedi\u00f3?: La alarmante cifra de desaparecidos durante las protestas en Colombia\",\"datePublished\":\"2021-05-07T16:45:10+00:00\",\"dateModified\":\"2021-05-07T16:45:28+00:00\",\"mainEntityOfPage\":{\"@id\":\"https:\\\/\\\/fuentesfidedignas.com.mx\\\/index.php\\\/2021\\\/05\\\/07\\\/donde-estan-que-les-sucedio-la-alarmante-cifra-de-desaparecidos-durante-las-protestas-en-colombia\\\/\"},\"wordCount\":1193,\"commentCount\":0,\"publisher\":{\"@id\":\"https:\\\/\\\/fuentesfidedignas.com.mx\\\/#organization\"},\"image\":{\"@id\":\"https:\\\/\\\/fuentesfidedignas.com.mx\\\/index.php\\\/2021\\\/05\\\/07\\\/donde-estan-que-les-sucedio-la-alarmante-cifra-de-desaparecidos-durante-las-protestas-en-colombia\\\/#primaryimage\"},\"thumbnailUrl\":\"https:\\\/\\\/fuentesfidedignas.com.mx\\\/wp-content\\\/uploads\\\/2021\\\/05\\\/MUERTOS_COLOMBIA.jpg\",\"keywords\":[\"Colombia\"],\"articleSection\":[\"NOTICIAS NACIONALES\"],\"inLanguage\":\"es\",\"potentialAction\":[{\"@type\":\"CommentAction\",\"name\":\"Comment\",\"target\":[\"https:\\\/\\\/fuentesfidedignas.com.mx\\\/index.php\\\/2021\\\/05\\\/07\\\/donde-estan-que-les-sucedio-la-alarmante-cifra-de-desaparecidos-durante-las-protestas-en-colombia\\\/#respond\"]}]},{\"@type\":\"WebPage\",\"@id\":\"https:\\\/\\\/fuentesfidedignas.com.mx\\\/index.php\\\/2021\\\/05\\\/07\\\/donde-estan-que-les-sucedio-la-alarmante-cifra-de-desaparecidos-durante-las-protestas-en-colombia\\\/\",\"url\":\"https:\\\/\\\/fuentesfidedignas.com.mx\\\/index.php\\\/2021\\\/05\\\/07\\\/donde-estan-que-les-sucedio-la-alarmante-cifra-de-desaparecidos-durante-las-protestas-en-colombia\\\/\",\"name\":\"\u00bfD\u00f3nde est\u00e1n? \u00bfqu\u00e9 les sucedi\u00f3?: La alarmante cifra de desaparecidos durante las protestas en Colombia - Fuentes Fidedignas\",\"isPartOf\":{\"@id\":\"https:\\\/\\\/fuentesfidedignas.com.mx\\\/#website\"},\"primaryImageOfPage\":{\"@id\":\"https:\\\/\\\/fuentesfidedignas.com.mx\\\/index.php\\\/2021\\\/05\\\/07\\\/donde-estan-que-les-sucedio-la-alarmante-cifra-de-desaparecidos-durante-las-protestas-en-colombia\\\/#primaryimage\"},\"image\":{\"@id\":\"https:\\\/\\\/fuentesfidedignas.com.mx\\\/index.php\\\/2021\\\/05\\\/07\\\/donde-estan-que-les-sucedio-la-alarmante-cifra-de-desaparecidos-durante-las-protestas-en-colombia\\\/#primaryimage\"},\"thumbnailUrl\":\"https:\\\/\\\/fuentesfidedignas.com.mx\\\/wp-content\\\/uploads\\\/2021\\\/05\\\/MUERTOS_COLOMBIA.jpg\",\"datePublished\":\"2021-05-07T16:45:10+00:00\",\"dateModified\":\"2021-05-07T16:45:28+00:00\",\"breadcrumb\":{\"@id\":\"https:\\\/\\\/fuentesfidedignas.com.mx\\\/index.php\\\/2021\\\/05\\\/07\\\/donde-estan-que-les-sucedio-la-alarmante-cifra-de-desaparecidos-durante-las-protestas-en-colombia\\\/#breadcrumb\"},\"inLanguage\":\"es\",\"potentialAction\":[{\"@type\":\"ReadAction\",\"target\":[\"https:\\\/\\\/fuentesfidedignas.com.mx\\\/index.php\\\/2021\\\/05\\\/07\\\/donde-estan-que-les-sucedio-la-alarmante-cifra-de-desaparecidos-durante-las-protestas-en-colombia\\\/\"]}]},{\"@type\":\"ImageObject\",\"inLanguage\":\"es\",\"@id\":\"https:\\\/\\\/fuentesfidedignas.com.mx\\\/index.php\\\/2021\\\/05\\\/07\\\/donde-estan-que-les-sucedio-la-alarmante-cifra-de-desaparecidos-durante-las-protestas-en-colombia\\\/#primaryimage\",\"url\":\"https:\\\/\\\/fuentesfidedignas.com.mx\\\/wp-content\\\/uploads\\\/2021\\\/05\\\/MUERTOS_COLOMBIA.jpg\",\"contentUrl\":\"https:\\\/\\\/fuentesfidedignas.com.mx\\\/wp-content\\\/uploads\\\/2021\\\/05\\\/MUERTOS_COLOMBIA.jpg\",\"width\":1104,\"height\":622},{\"@type\":\"BreadcrumbList\",\"@id\":\"https:\\\/\\\/fuentesfidedignas.com.mx\\\/index.php\\\/2021\\\/05\\\/07\\\/donde-estan-que-les-sucedio-la-alarmante-cifra-de-desaparecidos-durante-las-protestas-en-colombia\\\/#breadcrumb\",\"itemListElement\":[{\"@type\":\"ListItem\",\"position\":1,\"name\":\"Inicio\",\"item\":\"https:\\\/\\\/fuentesfidedignas.com.mx\\\/\"},{\"@type\":\"ListItem\",\"position\":2,\"name\":\"\u00bfD\u00f3nde est\u00e1n? \u00bfqu\u00e9 les sucedi\u00f3?: La alarmante cifra de desaparecidos durante las protestas en Colombia\"}]},{\"@type\":\"WebSite\",\"@id\":\"https:\\\/\\\/fuentesfidedignas.com.mx\\\/#website\",\"url\":\"https:\\\/\\\/fuentesfidedignas.com.mx\\\/\",\"name\":\"Fuentes Fidedignas\",\"description\":\"Otro sitio realizado con WordPress\",\"publisher\":{\"@id\":\"https:\\\/\\\/fuentesfidedignas.com.mx\\\/#organization\"},\"potentialAction\":[{\"@type\":\"SearchAction\",\"target\":{\"@type\":\"EntryPoint\",\"urlTemplate\":\"https:\\\/\\\/fuentesfidedignas.com.mx\\\/?s={search_term_string}\"},\"query-input\":{\"@type\":\"PropertyValueSpecification\",\"valueRequired\":true,\"valueName\":\"search_term_string\"}}],\"inLanguage\":\"es\"},{\"@type\":\"Organization\",\"@id\":\"https:\\\/\\\/fuentesfidedignas.com.mx\\\/#organization\",\"name\":\"Fuentes Fidedignas\",\"url\":\"https:\\\/\\\/fuentesfidedignas.com.mx\\\/\",\"logo\":{\"@type\":\"ImageObject\",\"inLanguage\":\"es\",\"@id\":\"https:\\\/\\\/fuentesfidedignas.com.mx\\\/#\\\/schema\\\/logo\\\/image\\\/\",\"url\":\"https:\\\/\\\/fuentesfidedignas.com.mx\\\/wp-content\\\/uploads\\\/2021\\\/04\\\/logo-retina.png\",\"contentUrl\":\"https:\\\/\\\/fuentesfidedignas.com.mx\\\/wp-content\\\/uploads\\\/2021\\\/04\\\/logo-retina.png\",\"width\":280,\"height\":51,\"caption\":\"Fuentes Fidedignas\"},\"image\":{\"@id\":\"https:\\\/\\\/fuentesfidedignas.com.mx\\\/#\\\/schema\\\/logo\\\/image\\\/\"},\"sameAs\":[\"https:\\\/\\\/www.facebook.com\\\/Fuentes-Fidedignas-368234489921644\",\"https:\\\/\\\/x.com\\\/fidedignas\"]},{\"@type\":\"Person\",\"@id\":\"https:\\\/\\\/fuentesfidedignas.com.mx\\\/#\\\/schema\\\/person\\\/8575896a7c1067d352f6c1cd6582c389\",\"name\":\"Infobae\",\"image\":{\"@type\":\"ImageObject\",\"inLanguage\":\"es\",\"@id\":\"https:\\\/\\\/secure.gravatar.com\\\/avatar\\\/e4ec95706f8d1670343f6526fdcec45474bab17475a851434a64ca12b5acba1c?s=96&d=mm&r=g\",\"url\":\"https:\\\/\\\/secure.gravatar.com\\\/avatar\\\/e4ec95706f8d1670343f6526fdcec45474bab17475a851434a64ca12b5acba1c?s=96&d=mm&r=g\",\"contentUrl\":\"https:\\\/\\\/secure.gravatar.com\\\/avatar\\\/e4ec95706f8d1670343f6526fdcec45474bab17475a851434a64ca12b5acba1c?s=96&d=mm&r=g\",\"caption\":\"Infobae\"},\"url\":\"https:\\\/\\\/fuentesfidedignas.com.mx\\\/index.php\\\/author\\\/infobae\\\/\"}]}<\/script>\n<!-- \/ Yoast SEO plugin. -->","yoast_head_json":{"title":"\u00bfD\u00f3nde est\u00e1n? \u00bfqu\u00e9 les sucedi\u00f3?: La alarmante cifra de desaparecidos durante las protestas en Colombia - Fuentes Fidedignas","robots":{"index":"index","follow":"follow","max-snippet":"max-snippet:-1","max-image-preview":"max-image-preview:large","max-video-preview":"max-video-preview:-1"},"canonical":"https:\/\/fuentesfidedignas.com.mx\/index.php\/2021\/05\/07\/donde-estan-que-les-sucedio-la-alarmante-cifra-de-desaparecidos-durante-las-protestas-en-colombia\/","og_locale":"es_MX","og_type":"article","og_title":"\u00bfD\u00f3nde est\u00e1n? \u00bfqu\u00e9 les sucedi\u00f3?: La alarmante cifra de desaparecidos durante las protestas en Colombia - Fuentes Fidedignas","og_description":"Las personas que ya han sido ubicadas denuncian detenciones arbitrarias; en otros casos se han producido torturas, tratos crueles, inhumanos y degradantes. Ciudad de M\u00e9xico.- No se sabe con certeza cu\u00e1ntos son ni en d\u00f3nde est\u00e1n. Lo que s\u00ed es un hecho es que las represiones policiales durante las protestas sociales en Colombia est\u00e1n dejando [&hellip;]","og_url":"https:\/\/fuentesfidedignas.com.mx\/index.php\/2021\/05\/07\/donde-estan-que-les-sucedio-la-alarmante-cifra-de-desaparecidos-durante-las-protestas-en-colombia\/","og_site_name":"Fuentes Fidedignas","article_publisher":"https:\/\/www.facebook.com\/Fuentes-Fidedignas-368234489921644","article_published_time":"2021-05-07T16:45:10+00:00","article_modified_time":"2021-05-07T16:45:28+00:00","og_image":[{"width":1104,"height":622,"url":"https:\/\/fuentesfidedignas.com.mx\/wp-content\/uploads\/2021\/05\/MUERTOS_COLOMBIA.jpg","type":"image\/jpeg"}],"author":"Infobae","twitter_card":"summary_large_image","twitter_creator":"@fidedignas","twitter_site":"@fidedignas","twitter_misc":{"Escrito por":"Infobae","Tiempo de lectura":"5 minutos"},"schema":{"@context":"https:\/\/schema.org","@graph":[{"@type":"Article","@id":"https:\/\/fuentesfidedignas.com.mx\/index.php\/2021\/05\/07\/donde-estan-que-les-sucedio-la-alarmante-cifra-de-desaparecidos-durante-las-protestas-en-colombia\/#article","isPartOf":{"@id":"https:\/\/fuentesfidedignas.com.mx\/index.php\/2021\/05\/07\/donde-estan-que-les-sucedio-la-alarmante-cifra-de-desaparecidos-durante-las-protestas-en-colombia\/"},"author":{"name":"Infobae","@id":"https:\/\/fuentesfidedignas.com.mx\/#\/schema\/person\/8575896a7c1067d352f6c1cd6582c389"},"headline":"\u00bfD\u00f3nde est\u00e1n? \u00bfqu\u00e9 les sucedi\u00f3?: La alarmante cifra de desaparecidos durante las protestas en Colombia","datePublished":"2021-05-07T16:45:10+00:00","dateModified":"2021-05-07T16:45:28+00:00","mainEntityOfPage":{"@id":"https:\/\/fuentesfidedignas.com.mx\/index.php\/2021\/05\/07\/donde-estan-que-les-sucedio-la-alarmante-cifra-de-desaparecidos-durante-las-protestas-en-colombia\/"},"wordCount":1193,"commentCount":0,"publisher":{"@id":"https:\/\/fuentesfidedignas.com.mx\/#organization"},"image":{"@id":"https:\/\/fuentesfidedignas.com.mx\/index.php\/2021\/05\/07\/donde-estan-que-les-sucedio-la-alarmante-cifra-de-desaparecidos-durante-las-protestas-en-colombia\/#primaryimage"},"thumbnailUrl":"https:\/\/fuentesfidedignas.com.mx\/wp-content\/uploads\/2021\/05\/MUERTOS_COLOMBIA.jpg","keywords":["Colombia"],"articleSection":["NOTICIAS NACIONALES"],"inLanguage":"es","potentialAction":[{"@type":"CommentAction","name":"Comment","target":["https:\/\/fuentesfidedignas.com.mx\/index.php\/2021\/05\/07\/donde-estan-que-les-sucedio-la-alarmante-cifra-de-desaparecidos-durante-las-protestas-en-colombia\/#respond"]}]},{"@type":"WebPage","@id":"https:\/\/fuentesfidedignas.com.mx\/index.php\/2021\/05\/07\/donde-estan-que-les-sucedio-la-alarmante-cifra-de-desaparecidos-durante-las-protestas-en-colombia\/","url":"https:\/\/fuentesfidedignas.com.mx\/index.php\/2021\/05\/07\/donde-estan-que-les-sucedio-la-alarmante-cifra-de-desaparecidos-durante-las-protestas-en-colombia\/","name":"\u00bfD\u00f3nde est\u00e1n? \u00bfqu\u00e9 les sucedi\u00f3?: La alarmante cifra de desaparecidos durante las protestas en Colombia - Fuentes Fidedignas","isPartOf":{"@id":"https:\/\/fuentesfidedignas.com.mx\/#website"},"primaryImageOfPage":{"@id":"https:\/\/fuentesfidedignas.com.mx\/index.php\/2021\/05\/07\/donde-estan-que-les-sucedio-la-alarmante-cifra-de-desaparecidos-durante-las-protestas-en-colombia\/#primaryimage"},"image":{"@id":"https:\/\/fuentesfidedignas.com.mx\/index.php\/2021\/05\/07\/donde-estan-que-les-sucedio-la-alarmante-cifra-de-desaparecidos-durante-las-protestas-en-colombia\/#primaryimage"},"thumbnailUrl":"https:\/\/fuentesfidedignas.com.mx\/wp-content\/uploads\/2021\/05\/MUERTOS_COLOMBIA.jpg","datePublished":"2021-05-07T16:45:10+00:00","dateModified":"2021-05-07T16:45:28+00:00","breadcrumb":{"@id":"https:\/\/fuentesfidedignas.com.mx\/index.php\/2021\/05\/07\/donde-estan-que-les-sucedio-la-alarmante-cifra-de-desaparecidos-durante-las-protestas-en-colombia\/#breadcrumb"},"inLanguage":"es","potentialAction":[{"@type":"ReadAction","target":["https:\/\/fuentesfidedignas.com.mx\/index.php\/2021\/05\/07\/donde-estan-que-les-sucedio-la-alarmante-cifra-de-desaparecidos-durante-las-protestas-en-colombia\/"]}]},{"@type":"ImageObject","inLanguage":"es","@id":"https:\/\/fuentesfidedignas.com.mx\/index.php\/2021\/05\/07\/donde-estan-que-les-sucedio-la-alarmante-cifra-de-desaparecidos-durante-las-protestas-en-colombia\/#primaryimage","url":"https:\/\/fuentesfidedignas.com.mx\/wp-content\/uploads\/2021\/05\/MUERTOS_COLOMBIA.jpg","contentUrl":"https:\/\/fuentesfidedignas.com.mx\/wp-content\/uploads\/2021\/05\/MUERTOS_COLOMBIA.jpg","width":1104,"height":622},{"@type":"BreadcrumbList","@id":"https:\/\/fuentesfidedignas.com.mx\/index.php\/2021\/05\/07\/donde-estan-que-les-sucedio-la-alarmante-cifra-de-desaparecidos-durante-las-protestas-en-colombia\/#breadcrumb","itemListElement":[{"@type":"ListItem","position":1,"name":"Inicio","item":"https:\/\/fuentesfidedignas.com.mx\/"},{"@type":"ListItem","position":2,"name":"\u00bfD\u00f3nde est\u00e1n? \u00bfqu\u00e9 les sucedi\u00f3?: La alarmante cifra de desaparecidos durante las protestas en Colombia"}]},{"@type":"WebSite","@id":"https:\/\/fuentesfidedignas.com.mx\/#website","url":"https:\/\/fuentesfidedignas.com.mx\/","name":"Fuentes Fidedignas","description":"Otro sitio realizado con WordPress","publisher":{"@id":"https:\/\/fuentesfidedignas.com.mx\/#organization"},"potentialAction":[{"@type":"SearchAction","target":{"@type":"EntryPoint","urlTemplate":"https:\/\/fuentesfidedignas.com.mx\/?s={search_term_string}"},"query-input":{"@type":"PropertyValueSpecification","valueRequired":true,"valueName":"search_term_string"}}],"inLanguage":"es"},{"@type":"Organization","@id":"https:\/\/fuentesfidedignas.com.mx\/#organization","name":"Fuentes Fidedignas","url":"https:\/\/fuentesfidedignas.com.mx\/","logo":{"@type":"ImageObject","inLanguage":"es","@id":"https:\/\/fuentesfidedignas.com.mx\/#\/schema\/logo\/image\/","url":"https:\/\/fuentesfidedignas.com.mx\/wp-content\/uploads\/2021\/04\/logo-retina.png","contentUrl":"https:\/\/fuentesfidedignas.com.mx\/wp-content\/uploads\/2021\/04\/logo-retina.png","width":280,"height":51,"caption":"Fuentes Fidedignas"},"image":{"@id":"https:\/\/fuentesfidedignas.com.mx\/#\/schema\/logo\/image\/"},"sameAs":["https:\/\/www.facebook.com\/Fuentes-Fidedignas-368234489921644","https:\/\/x.com\/fidedignas"]},{"@type":"Person","@id":"https:\/\/fuentesfidedignas.com.mx\/#\/schema\/person\/8575896a7c1067d352f6c1cd6582c389","name":"Infobae","image":{"@type":"ImageObject","inLanguage":"es","@id":"https:\/\/secure.gravatar.com\/avatar\/e4ec95706f8d1670343f6526fdcec45474bab17475a851434a64ca12b5acba1c?s=96&d=mm&r=g","url":"https:\/\/secure.gravatar.com\/avatar\/e4ec95706f8d1670343f6526fdcec45474bab17475a851434a64ca12b5acba1c?s=96&d=mm&r=g","contentUrl":"https:\/\/secure.gravatar.com\/avatar\/e4ec95706f8d1670343f6526fdcec45474bab17475a851434a64ca12b5acba1c?s=96&d=mm&r=g","caption":"Infobae"},"url":"https:\/\/fuentesfidedignas.com.mx\/index.php\/author\/infobae\/"}]}},"_links":{"self":[{"href":"https:\/\/fuentesfidedignas.com.mx\/index.php\/wp-json\/wp\/v2\/posts\/1324","targetHints":{"allow":["GET"]}}],"collection":[{"href":"https:\/\/fuentesfidedignas.com.mx\/index.php\/wp-json\/wp\/v2\/posts"}],"about":[{"href":"https:\/\/fuentesfidedignas.com.mx\/index.php\/wp-json\/wp\/v2\/types\/post"}],"author":[{"embeddable":true,"href":"https:\/\/fuentesfidedignas.com.mx\/index.php\/wp-json\/wp\/v2\/users\/41"}],"replies":[{"embeddable":true,"href":"https:\/\/fuentesfidedignas.com.mx\/index.php\/wp-json\/wp\/v2\/comments?post=1324"}],"version-history":[{"count":1,"href":"https:\/\/fuentesfidedignas.com.mx\/index.php\/wp-json\/wp\/v2\/posts\/1324\/revisions"}],"predecessor-version":[{"id":1326,"href":"https:\/\/fuentesfidedignas.com.mx\/index.php\/wp-json\/wp\/v2\/posts\/1324\/revisions\/1326"}],"wp:featuredmedia":[{"embeddable":true,"href":"https:\/\/fuentesfidedignas.com.mx\/index.php\/wp-json\/wp\/v2\/media\/1325"}],"wp:attachment":[{"href":"https:\/\/fuentesfidedignas.com.mx\/index.php\/wp-json\/wp\/v2\/media?parent=1324"}],"wp:term":[{"taxonomy":"category","embeddable":true,"href":"https:\/\/fuentesfidedignas.com.mx\/index.php\/wp-json\/wp\/v2\/categories?post=1324"},{"taxonomy":"post_tag","embeddable":true,"href":"https:\/\/fuentesfidedignas.com.mx\/index.php\/wp-json\/wp\/v2\/tags?post=1324"}],"curies":[{"name":"wp","href":"https:\/\/api.w.org\/{rel}","templated":true}]}}