{"id":132391,"date":"2026-04-27T16:48:44","date_gmt":"2026-04-27T23:48:44","guid":{"rendered":"https:\/\/fuentesfidedignas.com.mx\/?p=132391"},"modified":"2026-04-27T16:55:16","modified_gmt":"2026-04-27T23:55:16","slug":"narcobloqueos-y-quemas-se-desatan-en-nayarit-tras-captura-de-el-jardinero-video","status":"publish","type":"post","link":"https:\/\/fuentesfidedignas.com.mx\/index.php\/2026\/04\/27\/narcobloqueos-y-quemas-se-desatan-en-nayarit-tras-captura-de-el-jardinero-video\/","title":{"rendered":"Narcobloqueos y quemas se desatan en Nayarit tras captura de \u2018El Jardinero\u2019 | VIDEO"},"content":{"rendered":"\n<p>Balaceras, incendios de comercios y bloqueos de carreteras se desataron el 27 de abril de 2026 en diversas zonas del estado de Nayarit, luego de la detenci\u00f3n de Audias Flores Silva, alias \u201cEl Jardinero\u201d, identificado como uno de los principales l\u00edderes del C\u00e1rtel Jalisco Nueva Generaci\u00f3n (CJNG) tras la muerte de Nemesio Oseguera Cervantes, alias \u201cEl Mencho\u201d.<\/p>\n\n\n\n<blockquote class=\"instagram-media\" data-instgrm-permalink=\"https:\/\/www.instagram.com\/reel\/DXpweO0iCpB\/?utm_source=ig_embed&amp;utm_campaign=loading\" data-instgrm-version=\"14\" style=\" background:#FFF; border:0; border-radius:3px; box-shadow:0 0 1px 0 rgba(0,0,0,0.5),0 1px 10px 0 rgba(0,0,0,0.15); margin: 1px; max-width:540px; min-width:326px; padding:0; width:99.375%; width:-webkit-calc(100% - 2px); width:calc(100% - 2px);\"><div style=\"padding:16px;\"> <a href=\"https:\/\/www.instagram.com\/reel\/DXpweO0iCpB\/?utm_source=ig_embed&amp;utm_campaign=loading\" style=\" background:#FFFFFF; line-height:0; padding:0 0; text-align:center; text-decoration:none; width:100%;\" target=\"_blank\"> <div style=\" display: flex; flex-direction: row; align-items: center;\"> <div style=\"background-color: #F4F4F4; border-radius: 50%; flex-grow: 0; height: 40px; margin-right: 14px; width: 40px;\"><\/div> <div style=\"display: flex; flex-direction: column; flex-grow: 1; justify-content: center;\"> <div style=\" background-color: #F4F4F4; border-radius: 4px; flex-grow: 0; height: 14px; margin-bottom: 6px; width: 100px;\"><\/div> <div style=\" background-color: #F4F4F4; border-radius: 4px; flex-grow: 0; height: 14px; width: 60px;\"><\/div><\/div><\/div><div style=\"padding: 19% 0;\"><\/div> <div style=\"display:block; height:50px; margin:0 auto 12px; width:50px;\"><svg width=\"50px\" height=\"50px\" viewBox=\"0 0 60 60\" version=\"1.1\" xmlns=\"https:\/\/www.w3.org\/2000\/svg\" xmlns:xlink=\"https:\/\/www.w3.org\/1999\/xlink\"><g stroke=\"none\" stroke-width=\"1\" fill=\"none\" fill-rule=\"evenodd\"><g transform=\"translate(-511.000000, -20.000000)\" fill=\"#000000\"><g><path d=\"M556.869,30.41 C554.814,30.41 553.148,32.076 553.148,34.131 C553.148,36.186 554.814,37.852 556.869,37.852 C558.924,37.852 560.59,36.186 560.59,34.131 C560.59,32.076 558.924,30.41 556.869,30.41 M541,60.657 C535.114,60.657 530.342,55.887 530.342,50 C530.342,44.114 535.114,39.342 541,39.342 C546.887,39.342 551.658,44.114 551.658,50 C551.658,55.887 546.887,60.657 541,60.657 M541,33.886 C532.1,33.886 524.886,41.1 524.886,50 C524.886,58.899 532.1,66.113 541,66.113 C549.9,66.113 557.115,58.899 557.115,50 C557.115,41.1 549.9,33.886 541,33.886 M565.378,62.101 C565.244,65.022 564.756,66.606 564.346,67.663 C563.803,69.06 563.154,70.057 562.106,71.106 C561.058,72.155 560.06,72.803 558.662,73.347 C557.607,73.757 556.021,74.244 553.102,74.378 C549.944,74.521 548.997,74.552 541,74.552 C533.003,74.552 532.056,74.521 528.898,74.378 C525.979,74.244 524.393,73.757 523.338,73.347 C521.94,72.803 520.942,72.155 519.894,71.106 C518.846,70.057 518.197,69.06 517.654,67.663 C517.244,66.606 516.755,65.022 516.623,62.101 C516.479,58.943 516.448,57.996 516.448,50 C516.448,42.003 516.479,41.056 516.623,37.899 C516.755,34.978 517.244,33.391 517.654,32.338 C518.197,30.938 518.846,29.942 519.894,28.894 C520.942,27.846 521.94,27.196 523.338,26.654 C524.393,26.244 525.979,25.756 528.898,25.623 C532.057,25.479 533.004,25.448 541,25.448 C548.997,25.448 549.943,25.479 553.102,25.623 C556.021,25.756 557.607,26.244 558.662,26.654 C560.06,27.196 561.058,27.846 562.106,28.894 C563.154,29.942 563.803,30.938 564.346,32.338 C564.756,33.391 565.244,34.978 565.378,37.899 C565.522,41.056 565.552,42.003 565.552,50 C565.552,57.996 565.522,58.943 565.378,62.101 M570.82,37.631 C570.674,34.438 570.167,32.258 569.425,30.349 C568.659,28.377 567.633,26.702 565.965,25.035 C564.297,23.368 562.623,22.342 560.652,21.575 C558.743,20.834 556.562,20.326 553.369,20.18 C550.169,20.033 549.148,20 541,20 C532.853,20 531.831,20.033 528.631,20.18 C525.438,20.326 523.257,20.834 521.349,21.575 C519.376,22.342 517.703,23.368 516.035,25.035 C514.368,26.702 513.342,28.377 512.574,30.349 C511.834,32.258 511.326,34.438 511.181,37.631 C511.035,40.831 511,41.851 511,50 C511,58.147 511.035,59.17 511.181,62.369 C511.326,65.562 511.834,67.743 512.574,69.651 C513.342,71.625 514.368,73.296 516.035,74.965 C517.703,76.634 519.376,77.658 521.349,78.425 C523.257,79.167 525.438,79.673 528.631,79.82 C531.831,79.965 532.853,80.001 541,80.001 C549.148,80.001 550.169,79.965 553.369,79.82 C556.562,79.673 558.743,79.167 560.652,78.425 C562.623,77.658 564.297,76.634 565.965,74.965 C567.633,73.296 568.659,71.625 569.425,69.651 C570.167,67.743 570.674,65.562 570.82,62.369 C570.966,59.17 571,58.147 571,50 C571,41.851 570.966,40.831 570.82,37.631\"><\/path><\/g><\/g><\/g><\/svg><\/div><div style=\"padding-top: 8px;\"> <div style=\" color:#3897f0; font-family:Arial,sans-serif; font-size:14px; font-style:normal; font-weight:550; line-height:18px;\">Ver esta publicaci\u00f3n en Instagram<\/div><\/div><div style=\"padding: 12.5% 0;\"><\/div> <div style=\"display: flex; flex-direction: row; margin-bottom: 14px; align-items: center;\"><div> <div style=\"background-color: #F4F4F4; border-radius: 50%; height: 12.5px; width: 12.5px; transform: translateX(0px) translateY(7px);\"><\/div> <div style=\"background-color: #F4F4F4; height: 12.5px; transform: rotate(-45deg) translateX(3px) translateY(1px); width: 12.5px; flex-grow: 0; margin-right: 14px; margin-left: 2px;\"><\/div> <div style=\"background-color: #F4F4F4; border-radius: 50%; height: 12.5px; width: 12.5px; transform: translateX(9px) translateY(-18px);\"><\/div><\/div><div style=\"margin-left: 8px;\"> <div style=\" background-color: #F4F4F4; border-radius: 50%; flex-grow: 0; height: 20px; width: 20px;\"><\/div> <div style=\" width: 0; height: 0; border-top: 2px solid transparent; border-left: 6px solid #f4f4f4; border-bottom: 2px solid transparent; transform: translateX(16px) translateY(-4px) rotate(30deg)\"><\/div><\/div><div style=\"margin-left: auto;\"> <div style=\" width: 0px; border-top: 8px solid #F4F4F4; border-right: 8px solid transparent; transform: translateY(16px);\"><\/div> <div style=\" background-color: #F4F4F4; flex-grow: 0; height: 12px; width: 16px; transform: translateY(-4px);\"><\/div> <div style=\" width: 0; height: 0; border-top: 8px solid #F4F4F4; border-left: 8px solid transparent; transform: translateY(-4px) translateX(8px);\"><\/div><\/div><\/div> <div style=\"display: flex; flex-direction: column; flex-grow: 1; justify-content: center; margin-bottom: 24px;\"> <div style=\" background-color: #F4F4F4; border-radius: 4px; flex-grow: 0; height: 14px; margin-bottom: 6px; width: 224px;\"><\/div> <div style=\" background-color: #F4F4F4; border-radius: 4px; flex-grow: 0; height: 14px; width: 144px;\"><\/div><\/div><\/a><p style=\" color:#c9c8cd; font-family:Arial,sans-serif; font-size:14px; line-height:17px; margin-bottom:0; margin-top:8px; overflow:hidden; padding:8px 0 7px; text-align:center; text-overflow:ellipsis; white-space:nowrap;\"><a href=\"https:\/\/www.instagram.com\/reel\/DXpweO0iCpB\/?utm_source=ig_embed&amp;utm_campaign=loading\" style=\" color:#c9c8cd; font-family:Arial,sans-serif; font-size:14px; font-style:normal; font-weight:normal; line-height:17px; text-decoration:none;\" target=\"_blank\">Una publicaci\u00f3n compartida de Jonathan Campos (@gafe423)<\/a><\/p><\/div><\/blockquote>\n<script async src=\"\/\/www.instagram.com\/embed.js\"><\/script>\n\n\n\n<p>Los hechos de violencia se concentraron principalmente en la cabecera municipal de Tecuala, localidad ubicada cerca de los l\u00edmites de Nayarit con Sinaloa, a unos 133 kil\u00f3metros al norte de Tepic, capital del estado. Seg\u00fan reportes preliminares, varias tiendas de autoservicio y supermercados fueron incendiados en esa zona, considerada un corredor de paso estrat\u00e9gico hacia Mazatl\u00e1n, Sinaloa.<\/p>\n\n\n\n<p>Pobladores de la regi\u00f3n comenzaron a reportar balaceras, incendios provocados y veh\u00edculos utilizados para obstruir distintas vialidades, entre ellas carreteras federales. Medios locales documentaron, adem\u00e1s, la quema de un autom\u00f3vil sobre la v\u00eda Federal 15 y el incendio de un tr\u00e1iler en la zona de Uzeta, al sur de Tepic.<\/p>\n\n\n\n<p>Ante la ola de violencia, el Ayuntamiento de Tecuala emiti\u00f3 un exhorto a la poblaci\u00f3n para que permaneciera en sus hogares. \u201cAnte los hechos de seguridad registrados en el Municipio, exhorto a toda la poblaci\u00f3n a permanecer en sus hogares y evitar salir a las calles hasta que las autoridades competentes indiquen que la situaci\u00f3n est\u00e1 controlada\u201d, se indic\u00f3 en un comunicado municipal. La misma dependencia llam\u00f3 a mantener la calma, resguardar a las familias y abstenerse de difundir rumores. Por su parte, el Ayuntamiento de Uzeta suspendi\u00f3 las actividades de su fiesta patronal como medida preventiva para evitar exponer a los habitantes a actos de violencia.<\/p>\n\n\n\n<p>Respecto al perfil de \u201cEl Jardinero\u201d, su detenci\u00f3n se realiz\u00f3 en una zona donde hab\u00eda logrado extender su radio de operaci\u00f3n en los \u00faltimos a\u00f1os, en un corredor criminal que conecta los estados de Nayarit, Jalisco y Zacatecas. Seg\u00fan reportes de inteligencia y antecedentes documentados, Flores Silva manten\u00eda control territorial en una franja estrat\u00e9gica de Jalisco que abarca municipios clave para la producci\u00f3n y trasiego de drogas, desde la regi\u00f3n Valles hasta zonas serranas utilizadas para la instalaci\u00f3n de laboratorios clandestinos.<\/p>\n\n\n\n<p>Su estructura operativa no solo se enfocaba en la producci\u00f3n de drogas sint\u00e9ticas \u2014particularmente metanfetamina\u2014, sino tambi\u00e9n en la log\u00edstica integral del narcotr\u00e1fico en esa regi\u00f3n del pa\u00eds. Adem\u00e1s de contar con orden de aprehensi\u00f3n vigente en M\u00e9xico, \u201cEl Jardinero\u201d es requerido por autoridades de Estados Unidos con fines de extradici\u00f3n, lo que convierte su captura en un asunto de alcance binacional.<\/p>\n\n\n\n<p><\/p>\n","protected":false},"excerpt":{"rendered":"<p>Balaceras, incendios de comercios y bloqueos de carreteras se desataron el 27 de abril de 2026 en diversas zonas del estado de Nayarit, luego de la detenci\u00f3n de Audias Flores Silva, alias \u201cEl Jardinero\u201d, identificado como uno de los principales l\u00edderes del C\u00e1rtel Jalisco Nueva Generaci\u00f3n (CJNG) tras la muerte de Nemesio Oseguera Cervantes, alias [&hellip;]<\/p>\n","protected":false},"author":174,"featured_media":132392,"comment_status":"open","ping_status":"open","sticky":false,"template":"","format":"standard","meta":{"tdm_status":"","tdm_grid_status":"","footnotes":""},"categories":[39],"tags":[],"class_list":{"0":"post-132391","1":"post","2":"type-post","3":"status-publish","4":"format-standard","5":"has-post-thumbnail","7":"category-noticias-nacionales"},"yoast_head":"<!-- This site is optimized with the Yoast SEO plugin v27.4 - https:\/\/yoast.com\/product\/yoast-seo-wordpress\/ -->\n<title>Narcobloqueos y quemas se desatan en Nayarit tras captura de \u2018El Jardinero\u2019 | VIDEO - Fuentes Fidedignas<\/title>\n<meta name=\"robots\" content=\"index, follow, max-snippet:-1, max-image-preview:large, max-video-preview:-1\" \/>\n<link rel=\"canonical\" href=\"https:\/\/fuentesfidedignas.com.mx\/index.php\/2026\/04\/27\/narcobloqueos-y-quemas-se-desatan-en-nayarit-tras-captura-de-el-jardinero-video\/\" \/>\n<meta property=\"og:locale\" content=\"es_MX\" \/>\n<meta property=\"og:type\" content=\"article\" \/>\n<meta property=\"og:title\" content=\"Narcobloqueos y quemas se desatan en Nayarit tras captura de \u2018El Jardinero\u2019 | VIDEO - Fuentes Fidedignas\" \/>\n<meta property=\"og:description\" content=\"Balaceras, incendios de comercios y bloqueos de carreteras se desataron el 27 de abril de 2026 en diversas zonas del estado de Nayarit, luego de la detenci\u00f3n de Audias Flores Silva, alias \u201cEl Jardinero\u201d, identificado como uno de los principales l\u00edderes del C\u00e1rtel Jalisco Nueva Generaci\u00f3n (CJNG) tras la muerte de Nemesio Oseguera Cervantes, alias [&hellip;]\" \/>\n<meta property=\"og:url\" content=\"https:\/\/fuentesfidedignas.com.mx\/index.php\/2026\/04\/27\/narcobloqueos-y-quemas-se-desatan-en-nayarit-tras-captura-de-el-jardinero-video\/\" \/>\n<meta property=\"og:site_name\" content=\"Fuentes Fidedignas\" \/>\n<meta property=\"article:publisher\" content=\"https:\/\/www.facebook.com\/Fuentes-Fidedignas-368234489921644\" \/>\n<meta property=\"article:published_time\" content=\"2026-04-27T23:48:44+00:00\" \/>\n<meta property=\"article:modified_time\" content=\"2026-04-27T23:55:16+00:00\" \/>\n<meta property=\"og:image\" content=\"https:\/\/fuentesfidedignas.com.mx\/wp-content\/uploads\/2026\/04\/Captura-de-pantalla-2026-04-27-170138-1068x790-1.jpg\" \/>\n\t<meta property=\"og:image:width\" content=\"1068\" \/>\n\t<meta property=\"og:image:height\" content=\"790\" \/>\n\t<meta property=\"og:image:type\" content=\"image\/jpeg\" \/>\n<meta name=\"author\" content=\"Semanario ZETA\" \/>\n<meta name=\"twitter:card\" content=\"summary_large_image\" \/>\n<meta name=\"twitter:creator\" content=\"@fidedignas\" \/>\n<meta name=\"twitter:site\" content=\"@fidedignas\" \/>\n<meta name=\"twitter:label1\" content=\"Escrito por\" \/>\n\t<meta name=\"twitter:data1\" content=\"Semanario ZETA\" \/>\n\t<meta name=\"twitter:label2\" content=\"Tiempo de lectura\" \/>\n\t<meta name=\"twitter:data2\" content=\"3 minutos\" \/>\n<script type=\"application\/ld+json\" class=\"yoast-schema-graph\">{\"@context\":\"https:\\\/\\\/schema.org\",\"@graph\":[{\"@type\":\"Article\",\"@id\":\"https:\\\/\\\/fuentesfidedignas.com.mx\\\/index.php\\\/2026\\\/04\\\/27\\\/narcobloqueos-y-quemas-se-desatan-en-nayarit-tras-captura-de-el-jardinero-video\\\/#article\",\"isPartOf\":{\"@id\":\"https:\\\/\\\/fuentesfidedignas.com.mx\\\/index.php\\\/2026\\\/04\\\/27\\\/narcobloqueos-y-quemas-se-desatan-en-nayarit-tras-captura-de-el-jardinero-video\\\/\"},\"author\":{\"name\":\"Semanario ZETA\",\"@id\":\"https:\\\/\\\/fuentesfidedignas.com.mx\\\/#\\\/schema\\\/person\\\/905eb083f738e50c31f0810745e7f2d7\"},\"headline\":\"Narcobloqueos y quemas se desatan en Nayarit tras captura de \u2018El Jardinero\u2019 | VIDEO\",\"datePublished\":\"2026-04-27T23:48:44+00:00\",\"dateModified\":\"2026-04-27T23:55:16+00:00\",\"mainEntityOfPage\":{\"@id\":\"https:\\\/\\\/fuentesfidedignas.com.mx\\\/index.php\\\/2026\\\/04\\\/27\\\/narcobloqueos-y-quemas-se-desatan-en-nayarit-tras-captura-de-el-jardinero-video\\\/\"},\"wordCount\":476,\"commentCount\":0,\"publisher\":{\"@id\":\"https:\\\/\\\/fuentesfidedignas.com.mx\\\/#organization\"},\"image\":{\"@id\":\"https:\\\/\\\/fuentesfidedignas.com.mx\\\/index.php\\\/2026\\\/04\\\/27\\\/narcobloqueos-y-quemas-se-desatan-en-nayarit-tras-captura-de-el-jardinero-video\\\/#primaryimage\"},\"thumbnailUrl\":\"https:\\\/\\\/fuentesfidedignas.com.mx\\\/wp-content\\\/uploads\\\/2026\\\/04\\\/Captura-de-pantalla-2026-04-27-170138-1068x790-1.jpg\",\"articleSection\":[\"NOTICIAS NACIONALES\"],\"inLanguage\":\"es\",\"potentialAction\":[{\"@type\":\"CommentAction\",\"name\":\"Comment\",\"target\":[\"https:\\\/\\\/fuentesfidedignas.com.mx\\\/index.php\\\/2026\\\/04\\\/27\\\/narcobloqueos-y-quemas-se-desatan-en-nayarit-tras-captura-de-el-jardinero-video\\\/#respond\"]}]},{\"@type\":\"WebPage\",\"@id\":\"https:\\\/\\\/fuentesfidedignas.com.mx\\\/index.php\\\/2026\\\/04\\\/27\\\/narcobloqueos-y-quemas-se-desatan-en-nayarit-tras-captura-de-el-jardinero-video\\\/\",\"url\":\"https:\\\/\\\/fuentesfidedignas.com.mx\\\/index.php\\\/2026\\\/04\\\/27\\\/narcobloqueos-y-quemas-se-desatan-en-nayarit-tras-captura-de-el-jardinero-video\\\/\",\"name\":\"Narcobloqueos y quemas se desatan en Nayarit tras captura de \u2018El Jardinero\u2019 | VIDEO - Fuentes Fidedignas\",\"isPartOf\":{\"@id\":\"https:\\\/\\\/fuentesfidedignas.com.mx\\\/#website\"},\"primaryImageOfPage\":{\"@id\":\"https:\\\/\\\/fuentesfidedignas.com.mx\\\/index.php\\\/2026\\\/04\\\/27\\\/narcobloqueos-y-quemas-se-desatan-en-nayarit-tras-captura-de-el-jardinero-video\\\/#primaryimage\"},\"image\":{\"@id\":\"https:\\\/\\\/fuentesfidedignas.com.mx\\\/index.php\\\/2026\\\/04\\\/27\\\/narcobloqueos-y-quemas-se-desatan-en-nayarit-tras-captura-de-el-jardinero-video\\\/#primaryimage\"},\"thumbnailUrl\":\"https:\\\/\\\/fuentesfidedignas.com.mx\\\/wp-content\\\/uploads\\\/2026\\\/04\\\/Captura-de-pantalla-2026-04-27-170138-1068x790-1.jpg\",\"datePublished\":\"2026-04-27T23:48:44+00:00\",\"dateModified\":\"2026-04-27T23:55:16+00:00\",\"breadcrumb\":{\"@id\":\"https:\\\/\\\/fuentesfidedignas.com.mx\\\/index.php\\\/2026\\\/04\\\/27\\\/narcobloqueos-y-quemas-se-desatan-en-nayarit-tras-captura-de-el-jardinero-video\\\/#breadcrumb\"},\"inLanguage\":\"es\",\"potentialAction\":[{\"@type\":\"ReadAction\",\"target\":[\"https:\\\/\\\/fuentesfidedignas.com.mx\\\/index.php\\\/2026\\\/04\\\/27\\\/narcobloqueos-y-quemas-se-desatan-en-nayarit-tras-captura-de-el-jardinero-video\\\/\"]}]},{\"@type\":\"ImageObject\",\"inLanguage\":\"es\",\"@id\":\"https:\\\/\\\/fuentesfidedignas.com.mx\\\/index.php\\\/2026\\\/04\\\/27\\\/narcobloqueos-y-quemas-se-desatan-en-nayarit-tras-captura-de-el-jardinero-video\\\/#primaryimage\",\"url\":\"https:\\\/\\\/fuentesfidedignas.com.mx\\\/wp-content\\\/uploads\\\/2026\\\/04\\\/Captura-de-pantalla-2026-04-27-170138-1068x790-1.jpg\",\"contentUrl\":\"https:\\\/\\\/fuentesfidedignas.com.mx\\\/wp-content\\\/uploads\\\/2026\\\/04\\\/Captura-de-pantalla-2026-04-27-170138-1068x790-1.jpg\",\"width\":1068,\"height\":790},{\"@type\":\"BreadcrumbList\",\"@id\":\"https:\\\/\\\/fuentesfidedignas.com.mx\\\/index.php\\\/2026\\\/04\\\/27\\\/narcobloqueos-y-quemas-se-desatan-en-nayarit-tras-captura-de-el-jardinero-video\\\/#breadcrumb\",\"itemListElement\":[{\"@type\":\"ListItem\",\"position\":1,\"name\":\"Inicio\",\"item\":\"https:\\\/\\\/fuentesfidedignas.com.mx\\\/\"},{\"@type\":\"ListItem\",\"position\":2,\"name\":\"Narcobloqueos y quemas se desatan en Nayarit tras captura de \u2018El Jardinero\u2019 | VIDEO\"}]},{\"@type\":\"WebSite\",\"@id\":\"https:\\\/\\\/fuentesfidedignas.com.mx\\\/#website\",\"url\":\"https:\\\/\\\/fuentesfidedignas.com.mx\\\/\",\"name\":\"Fuentes Fidedignas\",\"description\":\"Otro sitio realizado con WordPress\",\"publisher\":{\"@id\":\"https:\\\/\\\/fuentesfidedignas.com.mx\\\/#organization\"},\"potentialAction\":[{\"@type\":\"SearchAction\",\"target\":{\"@type\":\"EntryPoint\",\"urlTemplate\":\"https:\\\/\\\/fuentesfidedignas.com.mx\\\/?s={search_term_string}\"},\"query-input\":{\"@type\":\"PropertyValueSpecification\",\"valueRequired\":true,\"valueName\":\"search_term_string\"}}],\"inLanguage\":\"es\"},{\"@type\":\"Organization\",\"@id\":\"https:\\\/\\\/fuentesfidedignas.com.mx\\\/#organization\",\"name\":\"Fuentes Fidedignas\",\"url\":\"https:\\\/\\\/fuentesfidedignas.com.mx\\\/\",\"logo\":{\"@type\":\"ImageObject\",\"inLanguage\":\"es\",\"@id\":\"https:\\\/\\\/fuentesfidedignas.com.mx\\\/#\\\/schema\\\/logo\\\/image\\\/\",\"url\":\"https:\\\/\\\/fuentesfidedignas.com.mx\\\/wp-content\\\/uploads\\\/2021\\\/04\\\/logo-retina.png\",\"contentUrl\":\"https:\\\/\\\/fuentesfidedignas.com.mx\\\/wp-content\\\/uploads\\\/2021\\\/04\\\/logo-retina.png\",\"width\":280,\"height\":51,\"caption\":\"Fuentes Fidedignas\"},\"image\":{\"@id\":\"https:\\\/\\\/fuentesfidedignas.com.mx\\\/#\\\/schema\\\/logo\\\/image\\\/\"},\"sameAs\":[\"https:\\\/\\\/www.facebook.com\\\/Fuentes-Fidedignas-368234489921644\",\"https:\\\/\\\/x.com\\\/fidedignas\"]},{\"@type\":\"Person\",\"@id\":\"https:\\\/\\\/fuentesfidedignas.com.mx\\\/#\\\/schema\\\/person\\\/905eb083f738e50c31f0810745e7f2d7\",\"name\":\"Semanario ZETA\",\"image\":{\"@type\":\"ImageObject\",\"inLanguage\":\"es\",\"@id\":\"https:\\\/\\\/secure.gravatar.com\\\/avatar\\\/683c3267bb80c3791f089cd0d4f3d6c86ca4d0534cdc9d92b7a367e0903c55d2?s=96&d=mm&r=g\",\"url\":\"https:\\\/\\\/secure.gravatar.com\\\/avatar\\\/683c3267bb80c3791f089cd0d4f3d6c86ca4d0534cdc9d92b7a367e0903c55d2?s=96&d=mm&r=g\",\"contentUrl\":\"https:\\\/\\\/secure.gravatar.com\\\/avatar\\\/683c3267bb80c3791f089cd0d4f3d6c86ca4d0534cdc9d92b7a367e0903c55d2?s=96&d=mm&r=g\",\"caption\":\"Semanario ZETA\"},\"url\":\"https:\\\/\\\/fuentesfidedignas.com.mx\\\/index.php\\\/author\\\/semanario\\\/\"}]}<\/script>\n<!-- \/ Yoast SEO plugin. -->","yoast_head_json":{"title":"Narcobloqueos y quemas se desatan en Nayarit tras captura de \u2018El Jardinero\u2019 | VIDEO - Fuentes Fidedignas","robots":{"index":"index","follow":"follow","max-snippet":"max-snippet:-1","max-image-preview":"max-image-preview:large","max-video-preview":"max-video-preview:-1"},"canonical":"https:\/\/fuentesfidedignas.com.mx\/index.php\/2026\/04\/27\/narcobloqueos-y-quemas-se-desatan-en-nayarit-tras-captura-de-el-jardinero-video\/","og_locale":"es_MX","og_type":"article","og_title":"Narcobloqueos y quemas se desatan en Nayarit tras captura de \u2018El Jardinero\u2019 | VIDEO - Fuentes Fidedignas","og_description":"Balaceras, incendios de comercios y bloqueos de carreteras se desataron el 27 de abril de 2026 en diversas zonas del estado de Nayarit, luego de la detenci\u00f3n de Audias Flores Silva, alias \u201cEl Jardinero\u201d, identificado como uno de los principales l\u00edderes del C\u00e1rtel Jalisco Nueva Generaci\u00f3n (CJNG) tras la muerte de Nemesio Oseguera Cervantes, alias [&hellip;]","og_url":"https:\/\/fuentesfidedignas.com.mx\/index.php\/2026\/04\/27\/narcobloqueos-y-quemas-se-desatan-en-nayarit-tras-captura-de-el-jardinero-video\/","og_site_name":"Fuentes Fidedignas","article_publisher":"https:\/\/www.facebook.com\/Fuentes-Fidedignas-368234489921644","article_published_time":"2026-04-27T23:48:44+00:00","article_modified_time":"2026-04-27T23:55:16+00:00","og_image":[{"width":1068,"height":790,"url":"https:\/\/fuentesfidedignas.com.mx\/wp-content\/uploads\/2026\/04\/Captura-de-pantalla-2026-04-27-170138-1068x790-1.jpg","type":"image\/jpeg"}],"author":"Semanario ZETA","twitter_card":"summary_large_image","twitter_creator":"@fidedignas","twitter_site":"@fidedignas","twitter_misc":{"Escrito por":"Semanario ZETA","Tiempo de lectura":"3 minutos"},"schema":{"@context":"https:\/\/schema.org","@graph":[{"@type":"Article","@id":"https:\/\/fuentesfidedignas.com.mx\/index.php\/2026\/04\/27\/narcobloqueos-y-quemas-se-desatan-en-nayarit-tras-captura-de-el-jardinero-video\/#article","isPartOf":{"@id":"https:\/\/fuentesfidedignas.com.mx\/index.php\/2026\/04\/27\/narcobloqueos-y-quemas-se-desatan-en-nayarit-tras-captura-de-el-jardinero-video\/"},"author":{"name":"Semanario ZETA","@id":"https:\/\/fuentesfidedignas.com.mx\/#\/schema\/person\/905eb083f738e50c31f0810745e7f2d7"},"headline":"Narcobloqueos y quemas se desatan en Nayarit tras captura de \u2018El Jardinero\u2019 | VIDEO","datePublished":"2026-04-27T23:48:44+00:00","dateModified":"2026-04-27T23:55:16+00:00","mainEntityOfPage":{"@id":"https:\/\/fuentesfidedignas.com.mx\/index.php\/2026\/04\/27\/narcobloqueos-y-quemas-se-desatan-en-nayarit-tras-captura-de-el-jardinero-video\/"},"wordCount":476,"commentCount":0,"publisher":{"@id":"https:\/\/fuentesfidedignas.com.mx\/#organization"},"image":{"@id":"https:\/\/fuentesfidedignas.com.mx\/index.php\/2026\/04\/27\/narcobloqueos-y-quemas-se-desatan-en-nayarit-tras-captura-de-el-jardinero-video\/#primaryimage"},"thumbnailUrl":"https:\/\/fuentesfidedignas.com.mx\/wp-content\/uploads\/2026\/04\/Captura-de-pantalla-2026-04-27-170138-1068x790-1.jpg","articleSection":["NOTICIAS NACIONALES"],"inLanguage":"es","potentialAction":[{"@type":"CommentAction","name":"Comment","target":["https:\/\/fuentesfidedignas.com.mx\/index.php\/2026\/04\/27\/narcobloqueos-y-quemas-se-desatan-en-nayarit-tras-captura-de-el-jardinero-video\/#respond"]}]},{"@type":"WebPage","@id":"https:\/\/fuentesfidedignas.com.mx\/index.php\/2026\/04\/27\/narcobloqueos-y-quemas-se-desatan-en-nayarit-tras-captura-de-el-jardinero-video\/","url":"https:\/\/fuentesfidedignas.com.mx\/index.php\/2026\/04\/27\/narcobloqueos-y-quemas-se-desatan-en-nayarit-tras-captura-de-el-jardinero-video\/","name":"Narcobloqueos y quemas se desatan en Nayarit tras captura de \u2018El Jardinero\u2019 | VIDEO - Fuentes Fidedignas","isPartOf":{"@id":"https:\/\/fuentesfidedignas.com.mx\/#website"},"primaryImageOfPage":{"@id":"https:\/\/fuentesfidedignas.com.mx\/index.php\/2026\/04\/27\/narcobloqueos-y-quemas-se-desatan-en-nayarit-tras-captura-de-el-jardinero-video\/#primaryimage"},"image":{"@id":"https:\/\/fuentesfidedignas.com.mx\/index.php\/2026\/04\/27\/narcobloqueos-y-quemas-se-desatan-en-nayarit-tras-captura-de-el-jardinero-video\/#primaryimage"},"thumbnailUrl":"https:\/\/fuentesfidedignas.com.mx\/wp-content\/uploads\/2026\/04\/Captura-de-pantalla-2026-04-27-170138-1068x790-1.jpg","datePublished":"2026-04-27T23:48:44+00:00","dateModified":"2026-04-27T23:55:16+00:00","breadcrumb":{"@id":"https:\/\/fuentesfidedignas.com.mx\/index.php\/2026\/04\/27\/narcobloqueos-y-quemas-se-desatan-en-nayarit-tras-captura-de-el-jardinero-video\/#breadcrumb"},"inLanguage":"es","potentialAction":[{"@type":"ReadAction","target":["https:\/\/fuentesfidedignas.com.mx\/index.php\/2026\/04\/27\/narcobloqueos-y-quemas-se-desatan-en-nayarit-tras-captura-de-el-jardinero-video\/"]}]},{"@type":"ImageObject","inLanguage":"es","@id":"https:\/\/fuentesfidedignas.com.mx\/index.php\/2026\/04\/27\/narcobloqueos-y-quemas-se-desatan-en-nayarit-tras-captura-de-el-jardinero-video\/#primaryimage","url":"https:\/\/fuentesfidedignas.com.mx\/wp-content\/uploads\/2026\/04\/Captura-de-pantalla-2026-04-27-170138-1068x790-1.jpg","contentUrl":"https:\/\/fuentesfidedignas.com.mx\/wp-content\/uploads\/2026\/04\/Captura-de-pantalla-2026-04-27-170138-1068x790-1.jpg","width":1068,"height":790},{"@type":"BreadcrumbList","@id":"https:\/\/fuentesfidedignas.com.mx\/index.php\/2026\/04\/27\/narcobloqueos-y-quemas-se-desatan-en-nayarit-tras-captura-de-el-jardinero-video\/#breadcrumb","itemListElement":[{"@type":"ListItem","position":1,"name":"Inicio","item":"https:\/\/fuentesfidedignas.com.mx\/"},{"@type":"ListItem","position":2,"name":"Narcobloqueos y quemas se desatan en Nayarit tras captura de \u2018El Jardinero\u2019 | VIDEO"}]},{"@type":"WebSite","@id":"https:\/\/fuentesfidedignas.com.mx\/#website","url":"https:\/\/fuentesfidedignas.com.mx\/","name":"Fuentes Fidedignas","description":"Otro sitio realizado con WordPress","publisher":{"@id":"https:\/\/fuentesfidedignas.com.mx\/#organization"},"potentialAction":[{"@type":"SearchAction","target":{"@type":"EntryPoint","urlTemplate":"https:\/\/fuentesfidedignas.com.mx\/?s={search_term_string}"},"query-input":{"@type":"PropertyValueSpecification","valueRequired":true,"valueName":"search_term_string"}}],"inLanguage":"es"},{"@type":"Organization","@id":"https:\/\/fuentesfidedignas.com.mx\/#organization","name":"Fuentes Fidedignas","url":"https:\/\/fuentesfidedignas.com.mx\/","logo":{"@type":"ImageObject","inLanguage":"es","@id":"https:\/\/fuentesfidedignas.com.mx\/#\/schema\/logo\/image\/","url":"https:\/\/fuentesfidedignas.com.mx\/wp-content\/uploads\/2021\/04\/logo-retina.png","contentUrl":"https:\/\/fuentesfidedignas.com.mx\/wp-content\/uploads\/2021\/04\/logo-retina.png","width":280,"height":51,"caption":"Fuentes Fidedignas"},"image":{"@id":"https:\/\/fuentesfidedignas.com.mx\/#\/schema\/logo\/image\/"},"sameAs":["https:\/\/www.facebook.com\/Fuentes-Fidedignas-368234489921644","https:\/\/x.com\/fidedignas"]},{"@type":"Person","@id":"https:\/\/fuentesfidedignas.com.mx\/#\/schema\/person\/905eb083f738e50c31f0810745e7f2d7","name":"Semanario ZETA","image":{"@type":"ImageObject","inLanguage":"es","@id":"https:\/\/secure.gravatar.com\/avatar\/683c3267bb80c3791f089cd0d4f3d6c86ca4d0534cdc9d92b7a367e0903c55d2?s=96&d=mm&r=g","url":"https:\/\/secure.gravatar.com\/avatar\/683c3267bb80c3791f089cd0d4f3d6c86ca4d0534cdc9d92b7a367e0903c55d2?s=96&d=mm&r=g","contentUrl":"https:\/\/secure.gravatar.com\/avatar\/683c3267bb80c3791f089cd0d4f3d6c86ca4d0534cdc9d92b7a367e0903c55d2?s=96&d=mm&r=g","caption":"Semanario ZETA"},"url":"https:\/\/fuentesfidedignas.com.mx\/index.php\/author\/semanario\/"}]}},"_links":{"self":[{"href":"https:\/\/fuentesfidedignas.com.mx\/index.php\/wp-json\/wp\/v2\/posts\/132391","targetHints":{"allow":["GET"]}}],"collection":[{"href":"https:\/\/fuentesfidedignas.com.mx\/index.php\/wp-json\/wp\/v2\/posts"}],"about":[{"href":"https:\/\/fuentesfidedignas.com.mx\/index.php\/wp-json\/wp\/v2\/types\/post"}],"author":[{"embeddable":true,"href":"https:\/\/fuentesfidedignas.com.mx\/index.php\/wp-json\/wp\/v2\/users\/174"}],"replies":[{"embeddable":true,"href":"https:\/\/fuentesfidedignas.com.mx\/index.php\/wp-json\/wp\/v2\/comments?post=132391"}],"version-history":[{"count":1,"href":"https:\/\/fuentesfidedignas.com.mx\/index.php\/wp-json\/wp\/v2\/posts\/132391\/revisions"}],"predecessor-version":[{"id":132393,"href":"https:\/\/fuentesfidedignas.com.mx\/index.php\/wp-json\/wp\/v2\/posts\/132391\/revisions\/132393"}],"wp:featuredmedia":[{"embeddable":true,"href":"https:\/\/fuentesfidedignas.com.mx\/index.php\/wp-json\/wp\/v2\/media\/132392"}],"wp:attachment":[{"href":"https:\/\/fuentesfidedignas.com.mx\/index.php\/wp-json\/wp\/v2\/media?parent=132391"}],"wp:term":[{"taxonomy":"category","embeddable":true,"href":"https:\/\/fuentesfidedignas.com.mx\/index.php\/wp-json\/wp\/v2\/categories?post=132391"},{"taxonomy":"post_tag","embeddable":true,"href":"https:\/\/fuentesfidedignas.com.mx\/index.php\/wp-json\/wp\/v2\/tags?post=132391"}],"curies":[{"name":"wp","href":"https:\/\/api.w.org\/{rel}","templated":true}]}}