{"id":132388,"date":"2026-04-27T15:28:08","date_gmt":"2026-04-27T22:28:08","guid":{"rendered":"https:\/\/fuentesfidedignas.com.mx\/?p=132388"},"modified":"2026-04-27T15:28:08","modified_gmt":"2026-04-27T22:28:08","slug":"gestiona-gobierno-de-sinaloa-regreso-de-dorados-a-culiacan","status":"publish","type":"post","link":"https:\/\/fuentesfidedignas.com.mx\/index.php\/2026\/04\/27\/gestiona-gobierno-de-sinaloa-regreso-de-dorados-a-culiacan\/","title":{"rendered":"Gestiona Gobierno de Sinaloa regreso de Dorados a Culiac\u00e1n"},"content":{"rendered":"\n<p><\/p>\n\n\n\n<p><em>* Gobernador Rocha dialog\u00f3 con el propietario del club y de Xolos de Tijuana para que el \u201cGran Pez\u201d inicie actividades en el mes de julio en la capital<\/em><\/p>\n\n\n\n<p><em>* Tambi\u00e9n traer\u00edan a Mazatl\u00e1n el equipo de Segunda Premier<\/em><\/p>\n\n\n\n<p>Culiac\u00e1n, Sinaloa.- El club de futbol Dorados podr\u00eda volver a jugar en Culiac\u00e1n a partir del mes de julio en la pr\u00f3xima temporada de la Liga de Expansi\u00f3n, de acuerdo con las gestiones que realiza el Gobierno de Sinaloa ante los propietarios.<\/p>\n\n\n\n<p>\u201cLo m\u00e1s probable es que regresen en el mes de julio, de acuerdo con lo que hemos platicado con el due\u00f1o de Dorados y de Xolos de Tijuana, Jorge Hank Inzunza, hay que hacer las adecuaciones necesarias al estadio para que la gente que le gusta el futbol puedan disfrutarlo\u201d, revel\u00f3 el gobernador Rub\u00e9n Rocha Moya, durante la conferencia La Semanera.<\/p>\n\n\n\n<p>Al ampliar la informaci\u00f3n sobre el tema, el Secretario de Administraci\u00f3n y Finanzas, Joaqu\u00edn Landeros Guicho, confirm\u00f3 las gestiones anunciadas por el mandatario estatal y destac\u00f3 que adem\u00e1s el regreso de Dorados a la capital, en la Liga de Expansi\u00f3n, los propietarios mandar\u00edan al estadio de Mazatl\u00e1n con el equipo de Segunda Premier.<\/p>\n\n\n\n<p>\u201cLa informaci\u00f3n que tenemos es que Dorados podr\u00eda regresar a la capital y jugar\u00edan en Mazatl\u00e1n con su equipo de Segunda Premier, s\u00f3lo esperamos la confirmaci\u00f3n de la Federaci\u00f3n Mexicana de Futbol para continuar con el proceso\u201d, detall\u00f3 el funcionario estatal.<\/p>\n\n\n\n<p>Ante cuestionamientos sobre la venta del equipo de Mazatl\u00e1n, el gobernador Rocha precis\u00f3 que se realizaron gestiones para que el nuevo equipo jugara en el puerto, pero no se pudo conseguir.<\/p>\n\n\n\n<p>\u201cBuscamos la manera de tener un equipo sustituto de Primera Divisi\u00f3n en Mazatl\u00e1n, pero lamentablemente no hemos podido, porque los nuevos due\u00f1os, los del Atlante, quisieron jugar en la CDMX\u201d, indic\u00f3 el mandatario estatal.<\/p>\n\n\n\n<p>Revel\u00f3 que ofrecieron la alternativa de un equipo de la Liga de Expansi\u00f3n, pero por el momento no es posible.<\/p>\n","protected":false},"excerpt":{"rendered":"<p>* Gobernador Rocha dialog\u00f3 con el propietario del club y de Xolos de Tijuana para que el \u201cGran Pez\u201d inicie actividades en el mes de julio en la capital * Tambi\u00e9n traer\u00edan a Mazatl\u00e1n el equipo de Segunda Premier Culiac\u00e1n, Sinaloa.- El club de futbol Dorados podr\u00eda volver a jugar en Culiac\u00e1n a partir del [&hellip;]<\/p>\n","protected":false},"author":4,"featured_media":132387,"comment_status":"closed","ping_status":"open","sticky":false,"template":"","format":"standard","meta":{"tdm_status":"","tdm_grid_status":"","footnotes":""},"categories":[37],"tags":[],"class_list":{"0":"post-132388","1":"post","2":"type-post","3":"status-publish","4":"format-standard","5":"has-post-thumbnail","7":"category-nota-principal"},"yoast_head":"<!-- This site is optimized with the Yoast SEO plugin v27.4 - https:\/\/yoast.com\/product\/yoast-seo-wordpress\/ -->\n<title>Gestiona Gobierno de Sinaloa regreso de Dorados a Culiac\u00e1n - Fuentes Fidedignas<\/title>\n<meta name=\"robots\" content=\"index, follow, max-snippet:-1, max-image-preview:large, max-video-preview:-1\" \/>\n<link rel=\"canonical\" href=\"https:\/\/fuentesfidedignas.com.mx\/index.php\/2026\/04\/27\/gestiona-gobierno-de-sinaloa-regreso-de-dorados-a-culiacan\/\" \/>\n<meta property=\"og:locale\" content=\"es_MX\" \/>\n<meta property=\"og:type\" content=\"article\" \/>\n<meta property=\"og:title\" content=\"Gestiona Gobierno de Sinaloa regreso de Dorados a Culiac\u00e1n - Fuentes Fidedignas\" \/>\n<meta property=\"og:description\" content=\"* Gobernador Rocha dialog\u00f3 con el propietario del club y de Xolos de Tijuana para que el \u201cGran Pez\u201d inicie actividades en el mes de julio en la capital * Tambi\u00e9n traer\u00edan a Mazatl\u00e1n el equipo de Segunda Premier Culiac\u00e1n, Sinaloa.- El club de futbol Dorados podr\u00eda volver a jugar en Culiac\u00e1n a partir del [&hellip;]\" \/>\n<meta property=\"og:url\" content=\"https:\/\/fuentesfidedignas.com.mx\/index.php\/2026\/04\/27\/gestiona-gobierno-de-sinaloa-regreso-de-dorados-a-culiacan\/\" \/>\n<meta property=\"og:site_name\" content=\"Fuentes Fidedignas\" \/>\n<meta property=\"article:publisher\" content=\"https:\/\/www.facebook.com\/Fuentes-Fidedignas-368234489921644\" \/>\n<meta property=\"article:published_time\" content=\"2026-04-27T22:28:08+00:00\" \/>\n<meta property=\"og:image\" content=\"https:\/\/fuentesfidedignas.com.mx\/wp-content\/uploads\/2026\/04\/img_7950.jpeg\" \/>\n\t<meta property=\"og:image:width\" content=\"691\" \/>\n\t<meta property=\"og:image:height\" content=\"443\" \/>\n\t<meta property=\"og:image:type\" content=\"image\/jpeg\" \/>\n<meta name=\"author\" content=\"Redacci\u00f3n\" \/>\n<meta name=\"twitter:card\" content=\"summary_large_image\" \/>\n<meta name=\"twitter:creator\" content=\"@fidedignas\" \/>\n<meta name=\"twitter:site\" content=\"@fidedignas\" \/>\n<meta name=\"twitter:label1\" content=\"Escrito por\" \/>\n\t<meta name=\"twitter:data1\" content=\"Redacci\u00f3n\" \/>\n\t<meta name=\"twitter:label2\" content=\"Tiempo de lectura\" \/>\n\t<meta name=\"twitter:data2\" content=\"2 minutos\" \/>\n<script type=\"application\/ld+json\" class=\"yoast-schema-graph\">{\"@context\":\"https:\\\/\\\/schema.org\",\"@graph\":[{\"@type\":\"Article\",\"@id\":\"https:\\\/\\\/fuentesfidedignas.com.mx\\\/index.php\\\/2026\\\/04\\\/27\\\/gestiona-gobierno-de-sinaloa-regreso-de-dorados-a-culiacan\\\/#article\",\"isPartOf\":{\"@id\":\"https:\\\/\\\/fuentesfidedignas.com.mx\\\/index.php\\\/2026\\\/04\\\/27\\\/gestiona-gobierno-de-sinaloa-regreso-de-dorados-a-culiacan\\\/\"},\"author\":{\"name\":\"Redacci\u00f3n\",\"@id\":\"https:\\\/\\\/fuentesfidedignas.com.mx\\\/#\\\/schema\\\/person\\\/331be9283d37198e2acd5750279085b0\"},\"headline\":\"Gestiona Gobierno de Sinaloa regreso de Dorados a Culiac\u00e1n\",\"datePublished\":\"2026-04-27T22:28:08+00:00\",\"mainEntityOfPage\":{\"@id\":\"https:\\\/\\\/fuentesfidedignas.com.mx\\\/index.php\\\/2026\\\/04\\\/27\\\/gestiona-gobierno-de-sinaloa-regreso-de-dorados-a-culiacan\\\/\"},\"wordCount\":360,\"publisher\":{\"@id\":\"https:\\\/\\\/fuentesfidedignas.com.mx\\\/#organization\"},\"image\":{\"@id\":\"https:\\\/\\\/fuentesfidedignas.com.mx\\\/index.php\\\/2026\\\/04\\\/27\\\/gestiona-gobierno-de-sinaloa-regreso-de-dorados-a-culiacan\\\/#primaryimage\"},\"thumbnailUrl\":\"https:\\\/\\\/fuentesfidedignas.com.mx\\\/wp-content\\\/uploads\\\/2026\\\/04\\\/img_7950.jpeg\",\"articleSection\":[\"NOTA PRINCIPAL\"],\"inLanguage\":\"es\"},{\"@type\":\"WebPage\",\"@id\":\"https:\\\/\\\/fuentesfidedignas.com.mx\\\/index.php\\\/2026\\\/04\\\/27\\\/gestiona-gobierno-de-sinaloa-regreso-de-dorados-a-culiacan\\\/\",\"url\":\"https:\\\/\\\/fuentesfidedignas.com.mx\\\/index.php\\\/2026\\\/04\\\/27\\\/gestiona-gobierno-de-sinaloa-regreso-de-dorados-a-culiacan\\\/\",\"name\":\"Gestiona Gobierno de Sinaloa regreso de Dorados a Culiac\u00e1n - Fuentes Fidedignas\",\"isPartOf\":{\"@id\":\"https:\\\/\\\/fuentesfidedignas.com.mx\\\/#website\"},\"primaryImageOfPage\":{\"@id\":\"https:\\\/\\\/fuentesfidedignas.com.mx\\\/index.php\\\/2026\\\/04\\\/27\\\/gestiona-gobierno-de-sinaloa-regreso-de-dorados-a-culiacan\\\/#primaryimage\"},\"image\":{\"@id\":\"https:\\\/\\\/fuentesfidedignas.com.mx\\\/index.php\\\/2026\\\/04\\\/27\\\/gestiona-gobierno-de-sinaloa-regreso-de-dorados-a-culiacan\\\/#primaryimage\"},\"thumbnailUrl\":\"https:\\\/\\\/fuentesfidedignas.com.mx\\\/wp-content\\\/uploads\\\/2026\\\/04\\\/img_7950.jpeg\",\"datePublished\":\"2026-04-27T22:28:08+00:00\",\"breadcrumb\":{\"@id\":\"https:\\\/\\\/fuentesfidedignas.com.mx\\\/index.php\\\/2026\\\/04\\\/27\\\/gestiona-gobierno-de-sinaloa-regreso-de-dorados-a-culiacan\\\/#breadcrumb\"},\"inLanguage\":\"es\",\"potentialAction\":[{\"@type\":\"ReadAction\",\"target\":[\"https:\\\/\\\/fuentesfidedignas.com.mx\\\/index.php\\\/2026\\\/04\\\/27\\\/gestiona-gobierno-de-sinaloa-regreso-de-dorados-a-culiacan\\\/\"]}]},{\"@type\":\"ImageObject\",\"inLanguage\":\"es\",\"@id\":\"https:\\\/\\\/fuentesfidedignas.com.mx\\\/index.php\\\/2026\\\/04\\\/27\\\/gestiona-gobierno-de-sinaloa-regreso-de-dorados-a-culiacan\\\/#primaryimage\",\"url\":\"https:\\\/\\\/fuentesfidedignas.com.mx\\\/wp-content\\\/uploads\\\/2026\\\/04\\\/img_7950.jpeg\",\"contentUrl\":\"https:\\\/\\\/fuentesfidedignas.com.mx\\\/wp-content\\\/uploads\\\/2026\\\/04\\\/img_7950.jpeg\",\"width\":691,\"height\":443},{\"@type\":\"BreadcrumbList\",\"@id\":\"https:\\\/\\\/fuentesfidedignas.com.mx\\\/index.php\\\/2026\\\/04\\\/27\\\/gestiona-gobierno-de-sinaloa-regreso-de-dorados-a-culiacan\\\/#breadcrumb\",\"itemListElement\":[{\"@type\":\"ListItem\",\"position\":1,\"name\":\"Inicio\",\"item\":\"https:\\\/\\\/fuentesfidedignas.com.mx\\\/\"},{\"@type\":\"ListItem\",\"position\":2,\"name\":\"Gestiona Gobierno de Sinaloa regreso de Dorados a Culiac\u00e1n\"}]},{\"@type\":\"WebSite\",\"@id\":\"https:\\\/\\\/fuentesfidedignas.com.mx\\\/#website\",\"url\":\"https:\\\/\\\/fuentesfidedignas.com.mx\\\/\",\"name\":\"Fuentes Fidedignas\",\"description\":\"Otro sitio realizado con WordPress\",\"publisher\":{\"@id\":\"https:\\\/\\\/fuentesfidedignas.com.mx\\\/#organization\"},\"potentialAction\":[{\"@type\":\"SearchAction\",\"target\":{\"@type\":\"EntryPoint\",\"urlTemplate\":\"https:\\\/\\\/fuentesfidedignas.com.mx\\\/?s={search_term_string}\"},\"query-input\":{\"@type\":\"PropertyValueSpecification\",\"valueRequired\":true,\"valueName\":\"search_term_string\"}}],\"inLanguage\":\"es\"},{\"@type\":\"Organization\",\"@id\":\"https:\\\/\\\/fuentesfidedignas.com.mx\\\/#organization\",\"name\":\"Fuentes Fidedignas\",\"url\":\"https:\\\/\\\/fuentesfidedignas.com.mx\\\/\",\"logo\":{\"@type\":\"ImageObject\",\"inLanguage\":\"es\",\"@id\":\"https:\\\/\\\/fuentesfidedignas.com.mx\\\/#\\\/schema\\\/logo\\\/image\\\/\",\"url\":\"https:\\\/\\\/fuentesfidedignas.com.mx\\\/wp-content\\\/uploads\\\/2021\\\/04\\\/logo-retina.png\",\"contentUrl\":\"https:\\\/\\\/fuentesfidedignas.com.mx\\\/wp-content\\\/uploads\\\/2021\\\/04\\\/logo-retina.png\",\"width\":280,\"height\":51,\"caption\":\"Fuentes Fidedignas\"},\"image\":{\"@id\":\"https:\\\/\\\/fuentesfidedignas.com.mx\\\/#\\\/schema\\\/logo\\\/image\\\/\"},\"sameAs\":[\"https:\\\/\\\/www.facebook.com\\\/Fuentes-Fidedignas-368234489921644\",\"https:\\\/\\\/x.com\\\/fidedignas\"]},{\"@type\":\"Person\",\"@id\":\"https:\\\/\\\/fuentesfidedignas.com.mx\\\/#\\\/schema\\\/person\\\/331be9283d37198e2acd5750279085b0\",\"name\":\"Redacci\u00f3n\",\"image\":{\"@type\":\"ImageObject\",\"inLanguage\":\"es\",\"@id\":\"https:\\\/\\\/secure.gravatar.com\\\/avatar\\\/f6d8782c11d12b2d4ad3fbb6931aeab5309937a4d6cd2fc9cfaa28a6396a5aec?s=96&d=mm&r=g\",\"url\":\"https:\\\/\\\/secure.gravatar.com\\\/avatar\\\/f6d8782c11d12b2d4ad3fbb6931aeab5309937a4d6cd2fc9cfaa28a6396a5aec?s=96&d=mm&r=g\",\"contentUrl\":\"https:\\\/\\\/secure.gravatar.com\\\/avatar\\\/f6d8782c11d12b2d4ad3fbb6931aeab5309937a4d6cd2fc9cfaa28a6396a5aec?s=96&d=mm&r=g\",\"caption\":\"Redacci\u00f3n\"},\"url\":\"https:\\\/\\\/fuentesfidedignas.com.mx\\\/index.php\\\/author\\\/redaccion\\\/\"}]}<\/script>\n<!-- \/ Yoast SEO plugin. -->","yoast_head_json":{"title":"Gestiona Gobierno de Sinaloa regreso de Dorados a Culiac\u00e1n - Fuentes Fidedignas","robots":{"index":"index","follow":"follow","max-snippet":"max-snippet:-1","max-image-preview":"max-image-preview:large","max-video-preview":"max-video-preview:-1"},"canonical":"https:\/\/fuentesfidedignas.com.mx\/index.php\/2026\/04\/27\/gestiona-gobierno-de-sinaloa-regreso-de-dorados-a-culiacan\/","og_locale":"es_MX","og_type":"article","og_title":"Gestiona Gobierno de Sinaloa regreso de Dorados a Culiac\u00e1n - Fuentes Fidedignas","og_description":"* Gobernador Rocha dialog\u00f3 con el propietario del club y de Xolos de Tijuana para que el \u201cGran Pez\u201d inicie actividades en el mes de julio en la capital * Tambi\u00e9n traer\u00edan a Mazatl\u00e1n el equipo de Segunda Premier Culiac\u00e1n, Sinaloa.- El club de futbol Dorados podr\u00eda volver a jugar en Culiac\u00e1n a partir del [&hellip;]","og_url":"https:\/\/fuentesfidedignas.com.mx\/index.php\/2026\/04\/27\/gestiona-gobierno-de-sinaloa-regreso-de-dorados-a-culiacan\/","og_site_name":"Fuentes Fidedignas","article_publisher":"https:\/\/www.facebook.com\/Fuentes-Fidedignas-368234489921644","article_published_time":"2026-04-27T22:28:08+00:00","og_image":[{"width":691,"height":443,"url":"https:\/\/fuentesfidedignas.com.mx\/wp-content\/uploads\/2026\/04\/img_7950.jpeg","type":"image\/jpeg"}],"author":"Redacci\u00f3n","twitter_card":"summary_large_image","twitter_creator":"@fidedignas","twitter_site":"@fidedignas","twitter_misc":{"Escrito por":"Redacci\u00f3n","Tiempo de lectura":"2 minutos"},"schema":{"@context":"https:\/\/schema.org","@graph":[{"@type":"Article","@id":"https:\/\/fuentesfidedignas.com.mx\/index.php\/2026\/04\/27\/gestiona-gobierno-de-sinaloa-regreso-de-dorados-a-culiacan\/#article","isPartOf":{"@id":"https:\/\/fuentesfidedignas.com.mx\/index.php\/2026\/04\/27\/gestiona-gobierno-de-sinaloa-regreso-de-dorados-a-culiacan\/"},"author":{"name":"Redacci\u00f3n","@id":"https:\/\/fuentesfidedignas.com.mx\/#\/schema\/person\/331be9283d37198e2acd5750279085b0"},"headline":"Gestiona Gobierno de Sinaloa regreso de Dorados a Culiac\u00e1n","datePublished":"2026-04-27T22:28:08+00:00","mainEntityOfPage":{"@id":"https:\/\/fuentesfidedignas.com.mx\/index.php\/2026\/04\/27\/gestiona-gobierno-de-sinaloa-regreso-de-dorados-a-culiacan\/"},"wordCount":360,"publisher":{"@id":"https:\/\/fuentesfidedignas.com.mx\/#organization"},"image":{"@id":"https:\/\/fuentesfidedignas.com.mx\/index.php\/2026\/04\/27\/gestiona-gobierno-de-sinaloa-regreso-de-dorados-a-culiacan\/#primaryimage"},"thumbnailUrl":"https:\/\/fuentesfidedignas.com.mx\/wp-content\/uploads\/2026\/04\/img_7950.jpeg","articleSection":["NOTA PRINCIPAL"],"inLanguage":"es"},{"@type":"WebPage","@id":"https:\/\/fuentesfidedignas.com.mx\/index.php\/2026\/04\/27\/gestiona-gobierno-de-sinaloa-regreso-de-dorados-a-culiacan\/","url":"https:\/\/fuentesfidedignas.com.mx\/index.php\/2026\/04\/27\/gestiona-gobierno-de-sinaloa-regreso-de-dorados-a-culiacan\/","name":"Gestiona Gobierno de Sinaloa regreso de Dorados a Culiac\u00e1n - Fuentes Fidedignas","isPartOf":{"@id":"https:\/\/fuentesfidedignas.com.mx\/#website"},"primaryImageOfPage":{"@id":"https:\/\/fuentesfidedignas.com.mx\/index.php\/2026\/04\/27\/gestiona-gobierno-de-sinaloa-regreso-de-dorados-a-culiacan\/#primaryimage"},"image":{"@id":"https:\/\/fuentesfidedignas.com.mx\/index.php\/2026\/04\/27\/gestiona-gobierno-de-sinaloa-regreso-de-dorados-a-culiacan\/#primaryimage"},"thumbnailUrl":"https:\/\/fuentesfidedignas.com.mx\/wp-content\/uploads\/2026\/04\/img_7950.jpeg","datePublished":"2026-04-27T22:28:08+00:00","breadcrumb":{"@id":"https:\/\/fuentesfidedignas.com.mx\/index.php\/2026\/04\/27\/gestiona-gobierno-de-sinaloa-regreso-de-dorados-a-culiacan\/#breadcrumb"},"inLanguage":"es","potentialAction":[{"@type":"ReadAction","target":["https:\/\/fuentesfidedignas.com.mx\/index.php\/2026\/04\/27\/gestiona-gobierno-de-sinaloa-regreso-de-dorados-a-culiacan\/"]}]},{"@type":"ImageObject","inLanguage":"es","@id":"https:\/\/fuentesfidedignas.com.mx\/index.php\/2026\/04\/27\/gestiona-gobierno-de-sinaloa-regreso-de-dorados-a-culiacan\/#primaryimage","url":"https:\/\/fuentesfidedignas.com.mx\/wp-content\/uploads\/2026\/04\/img_7950.jpeg","contentUrl":"https:\/\/fuentesfidedignas.com.mx\/wp-content\/uploads\/2026\/04\/img_7950.jpeg","width":691,"height":443},{"@type":"BreadcrumbList","@id":"https:\/\/fuentesfidedignas.com.mx\/index.php\/2026\/04\/27\/gestiona-gobierno-de-sinaloa-regreso-de-dorados-a-culiacan\/#breadcrumb","itemListElement":[{"@type":"ListItem","position":1,"name":"Inicio","item":"https:\/\/fuentesfidedignas.com.mx\/"},{"@type":"ListItem","position":2,"name":"Gestiona Gobierno de Sinaloa regreso de Dorados a Culiac\u00e1n"}]},{"@type":"WebSite","@id":"https:\/\/fuentesfidedignas.com.mx\/#website","url":"https:\/\/fuentesfidedignas.com.mx\/","name":"Fuentes Fidedignas","description":"Otro sitio realizado con WordPress","publisher":{"@id":"https:\/\/fuentesfidedignas.com.mx\/#organization"},"potentialAction":[{"@type":"SearchAction","target":{"@type":"EntryPoint","urlTemplate":"https:\/\/fuentesfidedignas.com.mx\/?s={search_term_string}"},"query-input":{"@type":"PropertyValueSpecification","valueRequired":true,"valueName":"search_term_string"}}],"inLanguage":"es"},{"@type":"Organization","@id":"https:\/\/fuentesfidedignas.com.mx\/#organization","name":"Fuentes Fidedignas","url":"https:\/\/fuentesfidedignas.com.mx\/","logo":{"@type":"ImageObject","inLanguage":"es","@id":"https:\/\/fuentesfidedignas.com.mx\/#\/schema\/logo\/image\/","url":"https:\/\/fuentesfidedignas.com.mx\/wp-content\/uploads\/2021\/04\/logo-retina.png","contentUrl":"https:\/\/fuentesfidedignas.com.mx\/wp-content\/uploads\/2021\/04\/logo-retina.png","width":280,"height":51,"caption":"Fuentes Fidedignas"},"image":{"@id":"https:\/\/fuentesfidedignas.com.mx\/#\/schema\/logo\/image\/"},"sameAs":["https:\/\/www.facebook.com\/Fuentes-Fidedignas-368234489921644","https:\/\/x.com\/fidedignas"]},{"@type":"Person","@id":"https:\/\/fuentesfidedignas.com.mx\/#\/schema\/person\/331be9283d37198e2acd5750279085b0","name":"Redacci\u00f3n","image":{"@type":"ImageObject","inLanguage":"es","@id":"https:\/\/secure.gravatar.com\/avatar\/f6d8782c11d12b2d4ad3fbb6931aeab5309937a4d6cd2fc9cfaa28a6396a5aec?s=96&d=mm&r=g","url":"https:\/\/secure.gravatar.com\/avatar\/f6d8782c11d12b2d4ad3fbb6931aeab5309937a4d6cd2fc9cfaa28a6396a5aec?s=96&d=mm&r=g","contentUrl":"https:\/\/secure.gravatar.com\/avatar\/f6d8782c11d12b2d4ad3fbb6931aeab5309937a4d6cd2fc9cfaa28a6396a5aec?s=96&d=mm&r=g","caption":"Redacci\u00f3n"},"url":"https:\/\/fuentesfidedignas.com.mx\/index.php\/author\/redaccion\/"}]}},"_links":{"self":[{"href":"https:\/\/fuentesfidedignas.com.mx\/index.php\/wp-json\/wp\/v2\/posts\/132388","targetHints":{"allow":["GET"]}}],"collection":[{"href":"https:\/\/fuentesfidedignas.com.mx\/index.php\/wp-json\/wp\/v2\/posts"}],"about":[{"href":"https:\/\/fuentesfidedignas.com.mx\/index.php\/wp-json\/wp\/v2\/types\/post"}],"author":[{"embeddable":true,"href":"https:\/\/fuentesfidedignas.com.mx\/index.php\/wp-json\/wp\/v2\/users\/4"}],"replies":[{"embeddable":true,"href":"https:\/\/fuentesfidedignas.com.mx\/index.php\/wp-json\/wp\/v2\/comments?post=132388"}],"version-history":[{"count":1,"href":"https:\/\/fuentesfidedignas.com.mx\/index.php\/wp-json\/wp\/v2\/posts\/132388\/revisions"}],"predecessor-version":[{"id":132389,"href":"https:\/\/fuentesfidedignas.com.mx\/index.php\/wp-json\/wp\/v2\/posts\/132388\/revisions\/132389"}],"wp:featuredmedia":[{"embeddable":true,"href":"https:\/\/fuentesfidedignas.com.mx\/index.php\/wp-json\/wp\/v2\/media\/132387"}],"wp:attachment":[{"href":"https:\/\/fuentesfidedignas.com.mx\/index.php\/wp-json\/wp\/v2\/media?parent=132388"}],"wp:term":[{"taxonomy":"category","embeddable":true,"href":"https:\/\/fuentesfidedignas.com.mx\/index.php\/wp-json\/wp\/v2\/categories?post=132388"},{"taxonomy":"post_tag","embeddable":true,"href":"https:\/\/fuentesfidedignas.com.mx\/index.php\/wp-json\/wp\/v2\/tags?post=132388"}],"curies":[{"name":"wp","href":"https:\/\/api.w.org\/{rel}","templated":true}]}}