{"id":132381,"date":"2026-04-27T15:12:41","date_gmt":"2026-04-27T22:12:41","guid":{"rendered":"https:\/\/fuentesfidedignas.com.mx\/?p=132381"},"modified":"2026-04-27T15:22:37","modified_gmt":"2026-04-27T22:22:37","slug":"rector-de-la-uas-y-alcaldesa-de-rosario-firman-convenio-de-cooperacion-academica-y-social","status":"publish","type":"post","link":"https:\/\/fuentesfidedignas.com.mx\/index.php\/2026\/04\/27\/rector-de-la-uas-y-alcaldesa-de-rosario-firman-convenio-de-cooperacion-academica-y-social\/","title":{"rendered":"Rector de la UAS y alcaldesa de Rosario firman convenio de cooperaci\u00f3n acad\u00e9mica y social"},"content":{"rendered":"\n<p><em>El Rector Jes\u00fas Madue\u00f1a y Claudia Liliana Valdez, alcaldesa de El Rosario, firman convenio de cooperaci\u00f3n acad\u00e9mica y social en beneficio de la comunidad<\/em><\/p>\n\n\n\n<p>La Universidad Aut\u00f3noma de Sinaloa (UAS) y el Ayuntamiento de El Rosario firmaron un convenio de colaboraci\u00f3n institucional en beneficio de la comunidad universitaria, as\u00ed como del desarrollo econ\u00f3mico y social de este municipio sure\u00f1o.<\/p>\n\n\n\n<p>El rector de la UAS, el doctor Jes\u00fas Madue\u00f1a Molina, encabez\u00f3 la firma del documento junto a la presidenta municipal, Claudia Liliana Valdez Aguilar. Al respecto, el vicerrector de la zona sur, el doctor Iv\u00e1n Tostado, asegur\u00f3 que con esta alianza se fortalecen los lazos entre ambas instituciones en favor de los rosarenses.<\/p>\n\n\n\n<p><em>Objetivos del acuerdo<\/em><\/p>\n\n\n\n<p>El acto protocolario se llev\u00f3 a cabo en la Sala de Cabildo, ante la presencia de regidores y funcionarios municipales. El doctor Jes\u00fas Enrique S\u00e1nchez Zazueta, director de Vinculaci\u00f3n Universitaria, detall\u00f3 que los objetivos principales incluyen:<br \/>\u2022 Prestaci\u00f3n de servicio social y pr\u00e1cticas profesionales.<br \/>\u2022 Asesor\u00edas t\u00e9cnicas y especializadas.<br \/>\u2022 Aplicaci\u00f3n de resultados de investigaci\u00f3n cient\u00edfica y tecnol\u00f3gica.<br \/>\u2022 Programas de desarrollo comunitario, tur\u00edstico y de planeaci\u00f3n.<br \/>\u2022 Conservaci\u00f3n del patrimonio hist\u00f3rico y difusi\u00f3n de la cultura.<\/p>\n\n\n\n<p>Durante su intervenci\u00f3n, Madue\u00f1a Molina enfatiz\u00f3 la importancia de la vinculaci\u00f3n local:<\/p>\n\n\n\n<p>&#8220;Trabajar de la mano con los ayuntamientos es fundamental, pues es el nivel de gobierno m\u00e1s cercano a la gente. Esta firma representa un ejercicio donde todos aportamos y ganamos. Agradezco la hospitalidad de la licenciada Blanca Liliana Valdez Aguilar y de los integrantes del cabildo&#8221;.<\/p>\n\n\n\n<p>Asimismo, el Rector destac\u00f3 el compromiso de la universidad con la visi\u00f3n nacional: &#8220;Como acordamos con nuestra presidenta, la doctora Claudia Sheinbaum, trabajaremos de la mano con los tres niveles de gobierno para fortalecer la cobertura educativa y que le vaya bien a Sinaloa y a El Rosario&#8221;.<\/p>\n\n\n\n<p>Por su parte, la alcaldesa Claudia Liliana Valdez Aguilar destac\u00f3 que este convenio abre un puente que fortalecer\u00e1 la educaci\u00f3n, el deporte y la investigaci\u00f3n. Subray\u00f3 que muchos de los regidores actuales son egresados de la UAS, lo que refuerza el compromiso emocional y profesional con la instituci\u00f3n.<\/p>\n","protected":false},"excerpt":{"rendered":"<p>El Rector Jes\u00fas Madue\u00f1a y Claudia Liliana Valdez, alcaldesa de El Rosario, firman convenio de cooperaci\u00f3n acad\u00e9mica y social en beneficio de la comunidad La Universidad Aut\u00f3noma de Sinaloa (UAS) y el Ayuntamiento de El Rosario firmaron un convenio de colaboraci\u00f3n institucional en beneficio de la comunidad universitaria, as\u00ed como del desarrollo econ\u00f3mico y social [&hellip;]<\/p>\n","protected":false},"author":4,"featured_media":132380,"comment_status":"closed","ping_status":"open","sticky":false,"template":"","format":"standard","meta":{"tdm_status":"","tdm_grid_status":"","footnotes":""},"categories":[38],"tags":[],"class_list":{"0":"post-132381","1":"post","2":"type-post","3":"status-publish","4":"format-standard","5":"has-post-thumbnail","7":"category-noticias-locales"},"yoast_head":"<!-- This site is optimized with the Yoast SEO plugin v27.5 - https:\/\/yoast.com\/product\/yoast-seo-wordpress\/ -->\n<title>Rector de la UAS y alcaldesa de Rosario firman convenio de cooperaci\u00f3n acad\u00e9mica y social - Fuentes Fidedignas<\/title>\n<meta name=\"robots\" content=\"index, follow, max-snippet:-1, max-image-preview:large, max-video-preview:-1\" \/>\n<link rel=\"canonical\" href=\"https:\/\/fuentesfidedignas.com.mx\/index.php\/2026\/04\/27\/rector-de-la-uas-y-alcaldesa-de-rosario-firman-convenio-de-cooperacion-academica-y-social\/\" \/>\n<meta property=\"og:locale\" content=\"es_MX\" \/>\n<meta property=\"og:type\" content=\"article\" \/>\n<meta property=\"og:title\" content=\"Rector de la UAS y alcaldesa de Rosario firman convenio de cooperaci\u00f3n acad\u00e9mica y social - Fuentes Fidedignas\" \/>\n<meta property=\"og:description\" content=\"El Rector Jes\u00fas Madue\u00f1a y Claudia Liliana Valdez, alcaldesa de El Rosario, firman convenio de cooperaci\u00f3n acad\u00e9mica y social en beneficio de la comunidad La Universidad Aut\u00f3noma de Sinaloa (UAS) y el Ayuntamiento de El Rosario firmaron un convenio de colaboraci\u00f3n institucional en beneficio de la comunidad universitaria, as\u00ed como del desarrollo econ\u00f3mico y social [&hellip;]\" \/>\n<meta property=\"og:url\" content=\"https:\/\/fuentesfidedignas.com.mx\/index.php\/2026\/04\/27\/rector-de-la-uas-y-alcaldesa-de-rosario-firman-convenio-de-cooperacion-academica-y-social\/\" \/>\n<meta property=\"og:site_name\" content=\"Fuentes Fidedignas\" \/>\n<meta property=\"article:publisher\" content=\"https:\/\/www.facebook.com\/Fuentes-Fidedignas-368234489921644\" \/>\n<meta property=\"article:published_time\" content=\"2026-04-27T22:12:41+00:00\" \/>\n<meta property=\"article:modified_time\" content=\"2026-04-27T22:22:37+00:00\" \/>\n<meta property=\"og:image\" content=\"https:\/\/fuentesfidedignas.com.mx\/wp-content\/uploads\/2026\/04\/bbb5ab3a-54e3-4588-a539-c4e1b116c20e.jpeg\" \/>\n\t<meta property=\"og:image:width\" content=\"1600\" \/>\n\t<meta property=\"og:image:height\" content=\"1066\" \/>\n\t<meta property=\"og:image:type\" content=\"image\/jpeg\" \/>\n<meta name=\"author\" content=\"Redacci\u00f3n\" \/>\n<meta name=\"twitter:card\" content=\"summary_large_image\" \/>\n<meta name=\"twitter:creator\" content=\"@fidedignas\" \/>\n<meta name=\"twitter:site\" content=\"@fidedignas\" \/>\n<meta name=\"twitter:label1\" content=\"Escrito por\" \/>\n\t<meta name=\"twitter:data1\" content=\"Redacci\u00f3n\" \/>\n\t<meta name=\"twitter:label2\" content=\"Tiempo de lectura\" \/>\n\t<meta name=\"twitter:data2\" content=\"2 minutos\" \/>\n<script type=\"application\/ld+json\" class=\"yoast-schema-graph\">{\"@context\":\"https:\\\/\\\/schema.org\",\"@graph\":[{\"@type\":\"Article\",\"@id\":\"https:\\\/\\\/fuentesfidedignas.com.mx\\\/index.php\\\/2026\\\/04\\\/27\\\/rector-de-la-uas-y-alcaldesa-de-rosario-firman-convenio-de-cooperacion-academica-y-social\\\/#article\",\"isPartOf\":{\"@id\":\"https:\\\/\\\/fuentesfidedignas.com.mx\\\/index.php\\\/2026\\\/04\\\/27\\\/rector-de-la-uas-y-alcaldesa-de-rosario-firman-convenio-de-cooperacion-academica-y-social\\\/\"},\"author\":{\"name\":\"Redacci\u00f3n\",\"@id\":\"https:\\\/\\\/fuentesfidedignas.com.mx\\\/#\\\/schema\\\/person\\\/331be9283d37198e2acd5750279085b0\"},\"headline\":\"Rector de la UAS y alcaldesa de Rosario firman convenio de cooperaci\u00f3n acad\u00e9mica y social\",\"datePublished\":\"2026-04-27T22:12:41+00:00\",\"dateModified\":\"2026-04-27T22:22:37+00:00\",\"mainEntityOfPage\":{\"@id\":\"https:\\\/\\\/fuentesfidedignas.com.mx\\\/index.php\\\/2026\\\/04\\\/27\\\/rector-de-la-uas-y-alcaldesa-de-rosario-firman-convenio-de-cooperacion-academica-y-social\\\/\"},\"wordCount\":393,\"publisher\":{\"@id\":\"https:\\\/\\\/fuentesfidedignas.com.mx\\\/#organization\"},\"image\":{\"@id\":\"https:\\\/\\\/fuentesfidedignas.com.mx\\\/index.php\\\/2026\\\/04\\\/27\\\/rector-de-la-uas-y-alcaldesa-de-rosario-firman-convenio-de-cooperacion-academica-y-social\\\/#primaryimage\"},\"thumbnailUrl\":\"https:\\\/\\\/fuentesfidedignas.com.mx\\\/wp-content\\\/uploads\\\/2026\\\/04\\\/bbb5ab3a-54e3-4588-a539-c4e1b116c20e.jpeg\",\"articleSection\":[\"NOTICIAS LOCALES\"],\"inLanguage\":\"es\"},{\"@type\":\"WebPage\",\"@id\":\"https:\\\/\\\/fuentesfidedignas.com.mx\\\/index.php\\\/2026\\\/04\\\/27\\\/rector-de-la-uas-y-alcaldesa-de-rosario-firman-convenio-de-cooperacion-academica-y-social\\\/\",\"url\":\"https:\\\/\\\/fuentesfidedignas.com.mx\\\/index.php\\\/2026\\\/04\\\/27\\\/rector-de-la-uas-y-alcaldesa-de-rosario-firman-convenio-de-cooperacion-academica-y-social\\\/\",\"name\":\"Rector de la UAS y alcaldesa de Rosario firman convenio de cooperaci\u00f3n acad\u00e9mica y social - Fuentes Fidedignas\",\"isPartOf\":{\"@id\":\"https:\\\/\\\/fuentesfidedignas.com.mx\\\/#website\"},\"primaryImageOfPage\":{\"@id\":\"https:\\\/\\\/fuentesfidedignas.com.mx\\\/index.php\\\/2026\\\/04\\\/27\\\/rector-de-la-uas-y-alcaldesa-de-rosario-firman-convenio-de-cooperacion-academica-y-social\\\/#primaryimage\"},\"image\":{\"@id\":\"https:\\\/\\\/fuentesfidedignas.com.mx\\\/index.php\\\/2026\\\/04\\\/27\\\/rector-de-la-uas-y-alcaldesa-de-rosario-firman-convenio-de-cooperacion-academica-y-social\\\/#primaryimage\"},\"thumbnailUrl\":\"https:\\\/\\\/fuentesfidedignas.com.mx\\\/wp-content\\\/uploads\\\/2026\\\/04\\\/bbb5ab3a-54e3-4588-a539-c4e1b116c20e.jpeg\",\"datePublished\":\"2026-04-27T22:12:41+00:00\",\"dateModified\":\"2026-04-27T22:22:37+00:00\",\"breadcrumb\":{\"@id\":\"https:\\\/\\\/fuentesfidedignas.com.mx\\\/index.php\\\/2026\\\/04\\\/27\\\/rector-de-la-uas-y-alcaldesa-de-rosario-firman-convenio-de-cooperacion-academica-y-social\\\/#breadcrumb\"},\"inLanguage\":\"es\",\"potentialAction\":[{\"@type\":\"ReadAction\",\"target\":[\"https:\\\/\\\/fuentesfidedignas.com.mx\\\/index.php\\\/2026\\\/04\\\/27\\\/rector-de-la-uas-y-alcaldesa-de-rosario-firman-convenio-de-cooperacion-academica-y-social\\\/\"]}]},{\"@type\":\"ImageObject\",\"inLanguage\":\"es\",\"@id\":\"https:\\\/\\\/fuentesfidedignas.com.mx\\\/index.php\\\/2026\\\/04\\\/27\\\/rector-de-la-uas-y-alcaldesa-de-rosario-firman-convenio-de-cooperacion-academica-y-social\\\/#primaryimage\",\"url\":\"https:\\\/\\\/fuentesfidedignas.com.mx\\\/wp-content\\\/uploads\\\/2026\\\/04\\\/bbb5ab3a-54e3-4588-a539-c4e1b116c20e.jpeg\",\"contentUrl\":\"https:\\\/\\\/fuentesfidedignas.com.mx\\\/wp-content\\\/uploads\\\/2026\\\/04\\\/bbb5ab3a-54e3-4588-a539-c4e1b116c20e.jpeg\",\"width\":1600,\"height\":1066},{\"@type\":\"BreadcrumbList\",\"@id\":\"https:\\\/\\\/fuentesfidedignas.com.mx\\\/index.php\\\/2026\\\/04\\\/27\\\/rector-de-la-uas-y-alcaldesa-de-rosario-firman-convenio-de-cooperacion-academica-y-social\\\/#breadcrumb\",\"itemListElement\":[{\"@type\":\"ListItem\",\"position\":1,\"name\":\"Inicio\",\"item\":\"https:\\\/\\\/fuentesfidedignas.com.mx\\\/\"},{\"@type\":\"ListItem\",\"position\":2,\"name\":\"Rector de la UAS y alcaldesa de Rosario firman convenio de cooperaci\u00f3n acad\u00e9mica y social\"}]},{\"@type\":\"WebSite\",\"@id\":\"https:\\\/\\\/fuentesfidedignas.com.mx\\\/#website\",\"url\":\"https:\\\/\\\/fuentesfidedignas.com.mx\\\/\",\"name\":\"Fuentes Fidedignas\",\"description\":\"Otro sitio realizado con WordPress\",\"publisher\":{\"@id\":\"https:\\\/\\\/fuentesfidedignas.com.mx\\\/#organization\"},\"potentialAction\":[{\"@type\":\"SearchAction\",\"target\":{\"@type\":\"EntryPoint\",\"urlTemplate\":\"https:\\\/\\\/fuentesfidedignas.com.mx\\\/?s={search_term_string}\"},\"query-input\":{\"@type\":\"PropertyValueSpecification\",\"valueRequired\":true,\"valueName\":\"search_term_string\"}}],\"inLanguage\":\"es\"},{\"@type\":\"Organization\",\"@id\":\"https:\\\/\\\/fuentesfidedignas.com.mx\\\/#organization\",\"name\":\"Fuentes Fidedignas\",\"url\":\"https:\\\/\\\/fuentesfidedignas.com.mx\\\/\",\"logo\":{\"@type\":\"ImageObject\",\"inLanguage\":\"es\",\"@id\":\"https:\\\/\\\/fuentesfidedignas.com.mx\\\/#\\\/schema\\\/logo\\\/image\\\/\",\"url\":\"https:\\\/\\\/fuentesfidedignas.com.mx\\\/wp-content\\\/uploads\\\/2021\\\/04\\\/logo-retina.png\",\"contentUrl\":\"https:\\\/\\\/fuentesfidedignas.com.mx\\\/wp-content\\\/uploads\\\/2021\\\/04\\\/logo-retina.png\",\"width\":280,\"height\":51,\"caption\":\"Fuentes Fidedignas\"},\"image\":{\"@id\":\"https:\\\/\\\/fuentesfidedignas.com.mx\\\/#\\\/schema\\\/logo\\\/image\\\/\"},\"sameAs\":[\"https:\\\/\\\/www.facebook.com\\\/Fuentes-Fidedignas-368234489921644\",\"https:\\\/\\\/x.com\\\/fidedignas\"]},{\"@type\":\"Person\",\"@id\":\"https:\\\/\\\/fuentesfidedignas.com.mx\\\/#\\\/schema\\\/person\\\/331be9283d37198e2acd5750279085b0\",\"name\":\"Redacci\u00f3n\",\"image\":{\"@type\":\"ImageObject\",\"inLanguage\":\"es\",\"@id\":\"https:\\\/\\\/secure.gravatar.com\\\/avatar\\\/f6d8782c11d12b2d4ad3fbb6931aeab5309937a4d6cd2fc9cfaa28a6396a5aec?s=96&d=mm&r=g\",\"url\":\"https:\\\/\\\/secure.gravatar.com\\\/avatar\\\/f6d8782c11d12b2d4ad3fbb6931aeab5309937a4d6cd2fc9cfaa28a6396a5aec?s=96&d=mm&r=g\",\"contentUrl\":\"https:\\\/\\\/secure.gravatar.com\\\/avatar\\\/f6d8782c11d12b2d4ad3fbb6931aeab5309937a4d6cd2fc9cfaa28a6396a5aec?s=96&d=mm&r=g\",\"caption\":\"Redacci\u00f3n\"},\"url\":\"https:\\\/\\\/fuentesfidedignas.com.mx\\\/index.php\\\/author\\\/redaccion\\\/\"}]}<\/script>\n<!-- \/ Yoast SEO plugin. -->","yoast_head_json":{"title":"Rector de la UAS y alcaldesa de Rosario firman convenio de cooperaci\u00f3n acad\u00e9mica y social - Fuentes Fidedignas","robots":{"index":"index","follow":"follow","max-snippet":"max-snippet:-1","max-image-preview":"max-image-preview:large","max-video-preview":"max-video-preview:-1"},"canonical":"https:\/\/fuentesfidedignas.com.mx\/index.php\/2026\/04\/27\/rector-de-la-uas-y-alcaldesa-de-rosario-firman-convenio-de-cooperacion-academica-y-social\/","og_locale":"es_MX","og_type":"article","og_title":"Rector de la UAS y alcaldesa de Rosario firman convenio de cooperaci\u00f3n acad\u00e9mica y social - Fuentes Fidedignas","og_description":"El Rector Jes\u00fas Madue\u00f1a y Claudia Liliana Valdez, alcaldesa de El Rosario, firman convenio de cooperaci\u00f3n acad\u00e9mica y social en beneficio de la comunidad La Universidad Aut\u00f3noma de Sinaloa (UAS) y el Ayuntamiento de El Rosario firmaron un convenio de colaboraci\u00f3n institucional en beneficio de la comunidad universitaria, as\u00ed como del desarrollo econ\u00f3mico y social [&hellip;]","og_url":"https:\/\/fuentesfidedignas.com.mx\/index.php\/2026\/04\/27\/rector-de-la-uas-y-alcaldesa-de-rosario-firman-convenio-de-cooperacion-academica-y-social\/","og_site_name":"Fuentes Fidedignas","article_publisher":"https:\/\/www.facebook.com\/Fuentes-Fidedignas-368234489921644","article_published_time":"2026-04-27T22:12:41+00:00","article_modified_time":"2026-04-27T22:22:37+00:00","og_image":[{"width":1600,"height":1066,"url":"https:\/\/fuentesfidedignas.com.mx\/wp-content\/uploads\/2026\/04\/bbb5ab3a-54e3-4588-a539-c4e1b116c20e.jpeg","type":"image\/jpeg"}],"author":"Redacci\u00f3n","twitter_card":"summary_large_image","twitter_creator":"@fidedignas","twitter_site":"@fidedignas","twitter_misc":{"Escrito por":"Redacci\u00f3n","Tiempo de lectura":"2 minutos"},"schema":{"@context":"https:\/\/schema.org","@graph":[{"@type":"Article","@id":"https:\/\/fuentesfidedignas.com.mx\/index.php\/2026\/04\/27\/rector-de-la-uas-y-alcaldesa-de-rosario-firman-convenio-de-cooperacion-academica-y-social\/#article","isPartOf":{"@id":"https:\/\/fuentesfidedignas.com.mx\/index.php\/2026\/04\/27\/rector-de-la-uas-y-alcaldesa-de-rosario-firman-convenio-de-cooperacion-academica-y-social\/"},"author":{"name":"Redacci\u00f3n","@id":"https:\/\/fuentesfidedignas.com.mx\/#\/schema\/person\/331be9283d37198e2acd5750279085b0"},"headline":"Rector de la UAS y alcaldesa de Rosario firman convenio de cooperaci\u00f3n acad\u00e9mica y social","datePublished":"2026-04-27T22:12:41+00:00","dateModified":"2026-04-27T22:22:37+00:00","mainEntityOfPage":{"@id":"https:\/\/fuentesfidedignas.com.mx\/index.php\/2026\/04\/27\/rector-de-la-uas-y-alcaldesa-de-rosario-firman-convenio-de-cooperacion-academica-y-social\/"},"wordCount":393,"publisher":{"@id":"https:\/\/fuentesfidedignas.com.mx\/#organization"},"image":{"@id":"https:\/\/fuentesfidedignas.com.mx\/index.php\/2026\/04\/27\/rector-de-la-uas-y-alcaldesa-de-rosario-firman-convenio-de-cooperacion-academica-y-social\/#primaryimage"},"thumbnailUrl":"https:\/\/fuentesfidedignas.com.mx\/wp-content\/uploads\/2026\/04\/bbb5ab3a-54e3-4588-a539-c4e1b116c20e.jpeg","articleSection":["NOTICIAS LOCALES"],"inLanguage":"es"},{"@type":"WebPage","@id":"https:\/\/fuentesfidedignas.com.mx\/index.php\/2026\/04\/27\/rector-de-la-uas-y-alcaldesa-de-rosario-firman-convenio-de-cooperacion-academica-y-social\/","url":"https:\/\/fuentesfidedignas.com.mx\/index.php\/2026\/04\/27\/rector-de-la-uas-y-alcaldesa-de-rosario-firman-convenio-de-cooperacion-academica-y-social\/","name":"Rector de la UAS y alcaldesa de Rosario firman convenio de cooperaci\u00f3n acad\u00e9mica y social - Fuentes Fidedignas","isPartOf":{"@id":"https:\/\/fuentesfidedignas.com.mx\/#website"},"primaryImageOfPage":{"@id":"https:\/\/fuentesfidedignas.com.mx\/index.php\/2026\/04\/27\/rector-de-la-uas-y-alcaldesa-de-rosario-firman-convenio-de-cooperacion-academica-y-social\/#primaryimage"},"image":{"@id":"https:\/\/fuentesfidedignas.com.mx\/index.php\/2026\/04\/27\/rector-de-la-uas-y-alcaldesa-de-rosario-firman-convenio-de-cooperacion-academica-y-social\/#primaryimage"},"thumbnailUrl":"https:\/\/fuentesfidedignas.com.mx\/wp-content\/uploads\/2026\/04\/bbb5ab3a-54e3-4588-a539-c4e1b116c20e.jpeg","datePublished":"2026-04-27T22:12:41+00:00","dateModified":"2026-04-27T22:22:37+00:00","breadcrumb":{"@id":"https:\/\/fuentesfidedignas.com.mx\/index.php\/2026\/04\/27\/rector-de-la-uas-y-alcaldesa-de-rosario-firman-convenio-de-cooperacion-academica-y-social\/#breadcrumb"},"inLanguage":"es","potentialAction":[{"@type":"ReadAction","target":["https:\/\/fuentesfidedignas.com.mx\/index.php\/2026\/04\/27\/rector-de-la-uas-y-alcaldesa-de-rosario-firman-convenio-de-cooperacion-academica-y-social\/"]}]},{"@type":"ImageObject","inLanguage":"es","@id":"https:\/\/fuentesfidedignas.com.mx\/index.php\/2026\/04\/27\/rector-de-la-uas-y-alcaldesa-de-rosario-firman-convenio-de-cooperacion-academica-y-social\/#primaryimage","url":"https:\/\/fuentesfidedignas.com.mx\/wp-content\/uploads\/2026\/04\/bbb5ab3a-54e3-4588-a539-c4e1b116c20e.jpeg","contentUrl":"https:\/\/fuentesfidedignas.com.mx\/wp-content\/uploads\/2026\/04\/bbb5ab3a-54e3-4588-a539-c4e1b116c20e.jpeg","width":1600,"height":1066},{"@type":"BreadcrumbList","@id":"https:\/\/fuentesfidedignas.com.mx\/index.php\/2026\/04\/27\/rector-de-la-uas-y-alcaldesa-de-rosario-firman-convenio-de-cooperacion-academica-y-social\/#breadcrumb","itemListElement":[{"@type":"ListItem","position":1,"name":"Inicio","item":"https:\/\/fuentesfidedignas.com.mx\/"},{"@type":"ListItem","position":2,"name":"Rector de la UAS y alcaldesa de Rosario firman convenio de cooperaci\u00f3n acad\u00e9mica y social"}]},{"@type":"WebSite","@id":"https:\/\/fuentesfidedignas.com.mx\/#website","url":"https:\/\/fuentesfidedignas.com.mx\/","name":"Fuentes Fidedignas","description":"Otro sitio realizado con WordPress","publisher":{"@id":"https:\/\/fuentesfidedignas.com.mx\/#organization"},"potentialAction":[{"@type":"SearchAction","target":{"@type":"EntryPoint","urlTemplate":"https:\/\/fuentesfidedignas.com.mx\/?s={search_term_string}"},"query-input":{"@type":"PropertyValueSpecification","valueRequired":true,"valueName":"search_term_string"}}],"inLanguage":"es"},{"@type":"Organization","@id":"https:\/\/fuentesfidedignas.com.mx\/#organization","name":"Fuentes Fidedignas","url":"https:\/\/fuentesfidedignas.com.mx\/","logo":{"@type":"ImageObject","inLanguage":"es","@id":"https:\/\/fuentesfidedignas.com.mx\/#\/schema\/logo\/image\/","url":"https:\/\/fuentesfidedignas.com.mx\/wp-content\/uploads\/2021\/04\/logo-retina.png","contentUrl":"https:\/\/fuentesfidedignas.com.mx\/wp-content\/uploads\/2021\/04\/logo-retina.png","width":280,"height":51,"caption":"Fuentes Fidedignas"},"image":{"@id":"https:\/\/fuentesfidedignas.com.mx\/#\/schema\/logo\/image\/"},"sameAs":["https:\/\/www.facebook.com\/Fuentes-Fidedignas-368234489921644","https:\/\/x.com\/fidedignas"]},{"@type":"Person","@id":"https:\/\/fuentesfidedignas.com.mx\/#\/schema\/person\/331be9283d37198e2acd5750279085b0","name":"Redacci\u00f3n","image":{"@type":"ImageObject","inLanguage":"es","@id":"https:\/\/secure.gravatar.com\/avatar\/f6d8782c11d12b2d4ad3fbb6931aeab5309937a4d6cd2fc9cfaa28a6396a5aec?s=96&d=mm&r=g","url":"https:\/\/secure.gravatar.com\/avatar\/f6d8782c11d12b2d4ad3fbb6931aeab5309937a4d6cd2fc9cfaa28a6396a5aec?s=96&d=mm&r=g","contentUrl":"https:\/\/secure.gravatar.com\/avatar\/f6d8782c11d12b2d4ad3fbb6931aeab5309937a4d6cd2fc9cfaa28a6396a5aec?s=96&d=mm&r=g","caption":"Redacci\u00f3n"},"url":"https:\/\/fuentesfidedignas.com.mx\/index.php\/author\/redaccion\/"}]}},"_links":{"self":[{"href":"https:\/\/fuentesfidedignas.com.mx\/index.php\/wp-json\/wp\/v2\/posts\/132381","targetHints":{"allow":["GET"]}}],"collection":[{"href":"https:\/\/fuentesfidedignas.com.mx\/index.php\/wp-json\/wp\/v2\/posts"}],"about":[{"href":"https:\/\/fuentesfidedignas.com.mx\/index.php\/wp-json\/wp\/v2\/types\/post"}],"author":[{"embeddable":true,"href":"https:\/\/fuentesfidedignas.com.mx\/index.php\/wp-json\/wp\/v2\/users\/4"}],"replies":[{"embeddable":true,"href":"https:\/\/fuentesfidedignas.com.mx\/index.php\/wp-json\/wp\/v2\/comments?post=132381"}],"version-history":[{"count":2,"href":"https:\/\/fuentesfidedignas.com.mx\/index.php\/wp-json\/wp\/v2\/posts\/132381\/revisions"}],"predecessor-version":[{"id":132383,"href":"https:\/\/fuentesfidedignas.com.mx\/index.php\/wp-json\/wp\/v2\/posts\/132381\/revisions\/132383"}],"wp:featuredmedia":[{"embeddable":true,"href":"https:\/\/fuentesfidedignas.com.mx\/index.php\/wp-json\/wp\/v2\/media\/132380"}],"wp:attachment":[{"href":"https:\/\/fuentesfidedignas.com.mx\/index.php\/wp-json\/wp\/v2\/media?parent=132381"}],"wp:term":[{"taxonomy":"category","embeddable":true,"href":"https:\/\/fuentesfidedignas.com.mx\/index.php\/wp-json\/wp\/v2\/categories?post=132381"},{"taxonomy":"post_tag","embeddable":true,"href":"https:\/\/fuentesfidedignas.com.mx\/index.php\/wp-json\/wp\/v2\/tags?post=132381"}],"curies":[{"name":"wp","href":"https:\/\/api.w.org\/{rel}","templated":true}]}}