{"id":132378,"date":"2026-04-27T15:10:43","date_gmt":"2026-04-27T22:10:43","guid":{"rendered":"https:\/\/fuentesfidedignas.com.mx\/?p=132378"},"modified":"2026-04-27T15:10:43","modified_gmt":"2026-04-27T22:10:43","slug":"icatsin-fortalece-la-profesionalizacion-del-transporte-publico-en-sinaloa","status":"publish","type":"post","link":"https:\/\/fuentesfidedignas.com.mx\/index.php\/2026\/04\/27\/icatsin-fortalece-la-profesionalizacion-del-transporte-publico-en-sinaloa\/","title":{"rendered":"ICATSIN fortalece la profesionalizaci\u00f3n del transporte p\u00fablico en Sinaloa"},"content":{"rendered":"\n<p><\/p>\n\n\n\n<p><br>\u2022 Impulsamos la capacitaci\u00f3n que transforma el servicio p\u00fablico.<\/p>\n\n\n\n<p>Culiac\u00e1n, Sinaloa.\u2013 Con el objetivo de elevar la calidad y seguridad del transporte en el estado, se llev\u00f3 a cabo con \u00e9xito la clausura del curso de capacitaci\u00f3n \u201cPrograma de Actualizaci\u00f3n para Mejoras del Servicio de Transporte P\u00fablico de Pasajeros\u201d dirigido a 26 operadores del transporte p\u00fablico, realizado por parte del Instituto de Capacitaci\u00f3n para el Trabajo de Sinaloa (ICATSIN), en coordinaci\u00f3n con la Direcci\u00f3n de Vialidad y Transporte y SEMujeres.<br>El evento fue encabezado por la Directora General de ICATSIN, Brenda Garc\u00eda F\u00e9lix, junto al Director de Vialidad y Transporte, Marco Antonio Osuna Moreno y Directora de Perspectiva de G\u00e9nero Margarita Ur\u00edas Burgos, quienes reafirmaron el compromiso de fortalecer la profesionalizaci\u00f3n del sector, promoviendo un servicio m\u00e1s seguro, responsable y con enfoque humano.<br>En tan importante evento estuvieron presentes, la Directora del plantel ICATSIN Culiac\u00e1n 4, Anais Lorena Valle Sandoval; la maestra Cristina Aid\u00e9 Bastidas Castillo; el subdirector de Transporte Xavier F\u00e9lix Flores; el jefe del Departamento de Conductores y Control de Servicio P\u00fablico Salvador Mendoza Baldenebro, del Departamento de Capacitaci\u00f3n de SEMUJERES, Mercedes Rubio Gast\u00e9lum y Mercedes L\u00f3pez L\u00f3pez1<br>ICATSIN mantiene de manera permanente programas de actualizaci\u00f3n y profesionalizaci\u00f3n para conductores del servicio p\u00fablico, tanto de transporte urbano como de taxi, en colaboraci\u00f3n con la Direcci\u00f3n de Vialidad y Transportes de Sinaloa. Estas capacitaciones son fundamentales para la obtenci\u00f3n o renovaci\u00f3n del certificado de aptitud y la licencia correspondiente.<br>Entre los principales temas que se abordan destacan la normativa de movilidad vigente, el trato digno al usuario, la seguridad vial y la prevenci\u00f3n de accidentes, contribuyendo as\u00ed a mejorar la experiencia del pasajero y garantizar un servicio m\u00e1s eficiente.<br>Los cursos se imparten en modalidad presencial en distintas zonas del estado, como parte de una estrategia integral que busca llegar a m\u00e1s trabajadores del volante. Est\u00e1n dirigidos a conductores en activo, as\u00ed como a nuevos aspirantes que requieren certificarse para integrarse al servicio p\u00fablico.<br>Al concluir la capacitaci\u00f3n, las y los participantes reciben una constancia con validez oficial ante la Secretar\u00eda de Comunicaciones y Transportes, cumpliendo con los requisitos establecidos para la renovaci\u00f3n de licencias tipo A y programas espec\u00edficos de capacitaci\u00f3n para taxistas.<\/p>\n\n\n\n<p>Con estas acciones, ICATSIN refrenda el compromiso del Gobernador Rub\u00e9n Rocha Moya de seguir generando mejores oportunidades de desarrollo, contribuyendo a la formaci\u00f3n de un transporte p\u00fablico m\u00e1s seguro, profesional y alineado a las necesidades de la ciudadan\u00eda sinaloense.<\/p>\n","protected":false},"excerpt":{"rendered":"<p>\u2022 Impulsamos la capacitaci\u00f3n que transforma el servicio p\u00fablico. Culiac\u00e1n, Sinaloa.\u2013 Con el objetivo de elevar la calidad y seguridad del transporte en el estado, se llev\u00f3 a cabo con \u00e9xito la clausura del curso de capacitaci\u00f3n \u201cPrograma de Actualizaci\u00f3n para Mejoras del Servicio de Transporte P\u00fablico de Pasajeros\u201d dirigido a 26 operadores del transporte [&hellip;]<\/p>\n","protected":false},"author":4,"featured_media":132377,"comment_status":"closed","ping_status":"open","sticky":false,"template":"","format":"standard","meta":{"tdm_status":"","tdm_grid_status":"","footnotes":""},"categories":[1],"tags":[],"class_list":{"0":"post-132378","1":"post","2":"type-post","3":"status-publish","4":"format-standard","5":"has-post-thumbnail","7":"category-sin-categoria"},"yoast_head":"<!-- This site is optimized with the Yoast SEO plugin v27.4 - https:\/\/yoast.com\/product\/yoast-seo-wordpress\/ -->\n<title>ICATSIN fortalece la profesionalizaci\u00f3n del transporte p\u00fablico en Sinaloa - Fuentes Fidedignas<\/title>\n<meta name=\"robots\" content=\"index, follow, max-snippet:-1, max-image-preview:large, max-video-preview:-1\" \/>\n<link rel=\"canonical\" href=\"https:\/\/fuentesfidedignas.com.mx\/index.php\/2026\/04\/27\/icatsin-fortalece-la-profesionalizacion-del-transporte-publico-en-sinaloa\/\" \/>\n<meta property=\"og:locale\" content=\"es_MX\" \/>\n<meta property=\"og:type\" content=\"article\" \/>\n<meta property=\"og:title\" content=\"ICATSIN fortalece la profesionalizaci\u00f3n del transporte p\u00fablico en Sinaloa - Fuentes Fidedignas\" \/>\n<meta property=\"og:description\" content=\"\u2022 Impulsamos la capacitaci\u00f3n que transforma el servicio p\u00fablico. Culiac\u00e1n, Sinaloa.\u2013 Con el objetivo de elevar la calidad y seguridad del transporte en el estado, se llev\u00f3 a cabo con \u00e9xito la clausura del curso de capacitaci\u00f3n \u201cPrograma de Actualizaci\u00f3n para Mejoras del Servicio de Transporte P\u00fablico de Pasajeros\u201d dirigido a 26 operadores del transporte [&hellip;]\" \/>\n<meta property=\"og:url\" content=\"https:\/\/fuentesfidedignas.com.mx\/index.php\/2026\/04\/27\/icatsin-fortalece-la-profesionalizacion-del-transporte-publico-en-sinaloa\/\" \/>\n<meta property=\"og:site_name\" content=\"Fuentes Fidedignas\" \/>\n<meta property=\"article:publisher\" content=\"https:\/\/www.facebook.com\/Fuentes-Fidedignas-368234489921644\" \/>\n<meta property=\"article:published_time\" content=\"2026-04-27T22:10:43+00:00\" \/>\n<meta property=\"og:image\" content=\"https:\/\/fuentesfidedignas.com.mx\/wp-content\/uploads\/2026\/04\/37f87053-f390-49b6-a6d7-6f99c47b1875.jpeg\" \/>\n\t<meta property=\"og:image:width\" content=\"1600\" \/>\n\t<meta property=\"og:image:height\" content=\"1066\" \/>\n\t<meta property=\"og:image:type\" content=\"image\/jpeg\" \/>\n<meta name=\"author\" content=\"Redacci\u00f3n\" \/>\n<meta name=\"twitter:card\" content=\"summary_large_image\" \/>\n<meta name=\"twitter:creator\" content=\"@fidedignas\" \/>\n<meta name=\"twitter:site\" content=\"@fidedignas\" \/>\n<meta name=\"twitter:label1\" content=\"Escrito por\" \/>\n\t<meta name=\"twitter:data1\" content=\"Redacci\u00f3n\" \/>\n\t<meta name=\"twitter:label2\" content=\"Tiempo de lectura\" \/>\n\t<meta name=\"twitter:data2\" content=\"2 minutos\" \/>\n<script type=\"application\/ld+json\" class=\"yoast-schema-graph\">{\"@context\":\"https:\\\/\\\/schema.org\",\"@graph\":[{\"@type\":\"Article\",\"@id\":\"https:\\\/\\\/fuentesfidedignas.com.mx\\\/index.php\\\/2026\\\/04\\\/27\\\/icatsin-fortalece-la-profesionalizacion-del-transporte-publico-en-sinaloa\\\/#article\",\"isPartOf\":{\"@id\":\"https:\\\/\\\/fuentesfidedignas.com.mx\\\/index.php\\\/2026\\\/04\\\/27\\\/icatsin-fortalece-la-profesionalizacion-del-transporte-publico-en-sinaloa\\\/\"},\"author\":{\"name\":\"Redacci\u00f3n\",\"@id\":\"https:\\\/\\\/fuentesfidedignas.com.mx\\\/#\\\/schema\\\/person\\\/331be9283d37198e2acd5750279085b0\"},\"headline\":\"ICATSIN fortalece la profesionalizaci\u00f3n del transporte p\u00fablico en Sinaloa\",\"datePublished\":\"2026-04-27T22:10:43+00:00\",\"mainEntityOfPage\":{\"@id\":\"https:\\\/\\\/fuentesfidedignas.com.mx\\\/index.php\\\/2026\\\/04\\\/27\\\/icatsin-fortalece-la-profesionalizacion-del-transporte-publico-en-sinaloa\\\/\"},\"wordCount\":457,\"publisher\":{\"@id\":\"https:\\\/\\\/fuentesfidedignas.com.mx\\\/#organization\"},\"image\":{\"@id\":\"https:\\\/\\\/fuentesfidedignas.com.mx\\\/index.php\\\/2026\\\/04\\\/27\\\/icatsin-fortalece-la-profesionalizacion-del-transporte-publico-en-sinaloa\\\/#primaryimage\"},\"thumbnailUrl\":\"https:\\\/\\\/fuentesfidedignas.com.mx\\\/wp-content\\\/uploads\\\/2026\\\/04\\\/37f87053-f390-49b6-a6d7-6f99c47b1875.jpeg\",\"inLanguage\":\"es\"},{\"@type\":\"WebPage\",\"@id\":\"https:\\\/\\\/fuentesfidedignas.com.mx\\\/index.php\\\/2026\\\/04\\\/27\\\/icatsin-fortalece-la-profesionalizacion-del-transporte-publico-en-sinaloa\\\/\",\"url\":\"https:\\\/\\\/fuentesfidedignas.com.mx\\\/index.php\\\/2026\\\/04\\\/27\\\/icatsin-fortalece-la-profesionalizacion-del-transporte-publico-en-sinaloa\\\/\",\"name\":\"ICATSIN fortalece la profesionalizaci\u00f3n del transporte p\u00fablico en Sinaloa - Fuentes Fidedignas\",\"isPartOf\":{\"@id\":\"https:\\\/\\\/fuentesfidedignas.com.mx\\\/#website\"},\"primaryImageOfPage\":{\"@id\":\"https:\\\/\\\/fuentesfidedignas.com.mx\\\/index.php\\\/2026\\\/04\\\/27\\\/icatsin-fortalece-la-profesionalizacion-del-transporte-publico-en-sinaloa\\\/#primaryimage\"},\"image\":{\"@id\":\"https:\\\/\\\/fuentesfidedignas.com.mx\\\/index.php\\\/2026\\\/04\\\/27\\\/icatsin-fortalece-la-profesionalizacion-del-transporte-publico-en-sinaloa\\\/#primaryimage\"},\"thumbnailUrl\":\"https:\\\/\\\/fuentesfidedignas.com.mx\\\/wp-content\\\/uploads\\\/2026\\\/04\\\/37f87053-f390-49b6-a6d7-6f99c47b1875.jpeg\",\"datePublished\":\"2026-04-27T22:10:43+00:00\",\"breadcrumb\":{\"@id\":\"https:\\\/\\\/fuentesfidedignas.com.mx\\\/index.php\\\/2026\\\/04\\\/27\\\/icatsin-fortalece-la-profesionalizacion-del-transporte-publico-en-sinaloa\\\/#breadcrumb\"},\"inLanguage\":\"es\",\"potentialAction\":[{\"@type\":\"ReadAction\",\"target\":[\"https:\\\/\\\/fuentesfidedignas.com.mx\\\/index.php\\\/2026\\\/04\\\/27\\\/icatsin-fortalece-la-profesionalizacion-del-transporte-publico-en-sinaloa\\\/\"]}]},{\"@type\":\"ImageObject\",\"inLanguage\":\"es\",\"@id\":\"https:\\\/\\\/fuentesfidedignas.com.mx\\\/index.php\\\/2026\\\/04\\\/27\\\/icatsin-fortalece-la-profesionalizacion-del-transporte-publico-en-sinaloa\\\/#primaryimage\",\"url\":\"https:\\\/\\\/fuentesfidedignas.com.mx\\\/wp-content\\\/uploads\\\/2026\\\/04\\\/37f87053-f390-49b6-a6d7-6f99c47b1875.jpeg\",\"contentUrl\":\"https:\\\/\\\/fuentesfidedignas.com.mx\\\/wp-content\\\/uploads\\\/2026\\\/04\\\/37f87053-f390-49b6-a6d7-6f99c47b1875.jpeg\",\"width\":1600,\"height\":1066},{\"@type\":\"BreadcrumbList\",\"@id\":\"https:\\\/\\\/fuentesfidedignas.com.mx\\\/index.php\\\/2026\\\/04\\\/27\\\/icatsin-fortalece-la-profesionalizacion-del-transporte-publico-en-sinaloa\\\/#breadcrumb\",\"itemListElement\":[{\"@type\":\"ListItem\",\"position\":1,\"name\":\"Inicio\",\"item\":\"https:\\\/\\\/fuentesfidedignas.com.mx\\\/\"},{\"@type\":\"ListItem\",\"position\":2,\"name\":\"ICATSIN fortalece la profesionalizaci\u00f3n del transporte p\u00fablico en Sinaloa\"}]},{\"@type\":\"WebSite\",\"@id\":\"https:\\\/\\\/fuentesfidedignas.com.mx\\\/#website\",\"url\":\"https:\\\/\\\/fuentesfidedignas.com.mx\\\/\",\"name\":\"Fuentes Fidedignas\",\"description\":\"Otro sitio realizado con WordPress\",\"publisher\":{\"@id\":\"https:\\\/\\\/fuentesfidedignas.com.mx\\\/#organization\"},\"potentialAction\":[{\"@type\":\"SearchAction\",\"target\":{\"@type\":\"EntryPoint\",\"urlTemplate\":\"https:\\\/\\\/fuentesfidedignas.com.mx\\\/?s={search_term_string}\"},\"query-input\":{\"@type\":\"PropertyValueSpecification\",\"valueRequired\":true,\"valueName\":\"search_term_string\"}}],\"inLanguage\":\"es\"},{\"@type\":\"Organization\",\"@id\":\"https:\\\/\\\/fuentesfidedignas.com.mx\\\/#organization\",\"name\":\"Fuentes Fidedignas\",\"url\":\"https:\\\/\\\/fuentesfidedignas.com.mx\\\/\",\"logo\":{\"@type\":\"ImageObject\",\"inLanguage\":\"es\",\"@id\":\"https:\\\/\\\/fuentesfidedignas.com.mx\\\/#\\\/schema\\\/logo\\\/image\\\/\",\"url\":\"https:\\\/\\\/fuentesfidedignas.com.mx\\\/wp-content\\\/uploads\\\/2021\\\/04\\\/logo-retina.png\",\"contentUrl\":\"https:\\\/\\\/fuentesfidedignas.com.mx\\\/wp-content\\\/uploads\\\/2021\\\/04\\\/logo-retina.png\",\"width\":280,\"height\":51,\"caption\":\"Fuentes Fidedignas\"},\"image\":{\"@id\":\"https:\\\/\\\/fuentesfidedignas.com.mx\\\/#\\\/schema\\\/logo\\\/image\\\/\"},\"sameAs\":[\"https:\\\/\\\/www.facebook.com\\\/Fuentes-Fidedignas-368234489921644\",\"https:\\\/\\\/x.com\\\/fidedignas\"]},{\"@type\":\"Person\",\"@id\":\"https:\\\/\\\/fuentesfidedignas.com.mx\\\/#\\\/schema\\\/person\\\/331be9283d37198e2acd5750279085b0\",\"name\":\"Redacci\u00f3n\",\"image\":{\"@type\":\"ImageObject\",\"inLanguage\":\"es\",\"@id\":\"https:\\\/\\\/secure.gravatar.com\\\/avatar\\\/f6d8782c11d12b2d4ad3fbb6931aeab5309937a4d6cd2fc9cfaa28a6396a5aec?s=96&d=mm&r=g\",\"url\":\"https:\\\/\\\/secure.gravatar.com\\\/avatar\\\/f6d8782c11d12b2d4ad3fbb6931aeab5309937a4d6cd2fc9cfaa28a6396a5aec?s=96&d=mm&r=g\",\"contentUrl\":\"https:\\\/\\\/secure.gravatar.com\\\/avatar\\\/f6d8782c11d12b2d4ad3fbb6931aeab5309937a4d6cd2fc9cfaa28a6396a5aec?s=96&d=mm&r=g\",\"caption\":\"Redacci\u00f3n\"},\"url\":\"https:\\\/\\\/fuentesfidedignas.com.mx\\\/index.php\\\/author\\\/redaccion\\\/\"}]}<\/script>\n<!-- \/ Yoast SEO plugin. -->","yoast_head_json":{"title":"ICATSIN fortalece la profesionalizaci\u00f3n del transporte p\u00fablico en Sinaloa - Fuentes Fidedignas","robots":{"index":"index","follow":"follow","max-snippet":"max-snippet:-1","max-image-preview":"max-image-preview:large","max-video-preview":"max-video-preview:-1"},"canonical":"https:\/\/fuentesfidedignas.com.mx\/index.php\/2026\/04\/27\/icatsin-fortalece-la-profesionalizacion-del-transporte-publico-en-sinaloa\/","og_locale":"es_MX","og_type":"article","og_title":"ICATSIN fortalece la profesionalizaci\u00f3n del transporte p\u00fablico en Sinaloa - Fuentes Fidedignas","og_description":"\u2022 Impulsamos la capacitaci\u00f3n que transforma el servicio p\u00fablico. Culiac\u00e1n, Sinaloa.\u2013 Con el objetivo de elevar la calidad y seguridad del transporte en el estado, se llev\u00f3 a cabo con \u00e9xito la clausura del curso de capacitaci\u00f3n \u201cPrograma de Actualizaci\u00f3n para Mejoras del Servicio de Transporte P\u00fablico de Pasajeros\u201d dirigido a 26 operadores del transporte [&hellip;]","og_url":"https:\/\/fuentesfidedignas.com.mx\/index.php\/2026\/04\/27\/icatsin-fortalece-la-profesionalizacion-del-transporte-publico-en-sinaloa\/","og_site_name":"Fuentes Fidedignas","article_publisher":"https:\/\/www.facebook.com\/Fuentes-Fidedignas-368234489921644","article_published_time":"2026-04-27T22:10:43+00:00","og_image":[{"width":1600,"height":1066,"url":"https:\/\/fuentesfidedignas.com.mx\/wp-content\/uploads\/2026\/04\/37f87053-f390-49b6-a6d7-6f99c47b1875.jpeg","type":"image\/jpeg"}],"author":"Redacci\u00f3n","twitter_card":"summary_large_image","twitter_creator":"@fidedignas","twitter_site":"@fidedignas","twitter_misc":{"Escrito por":"Redacci\u00f3n","Tiempo de lectura":"2 minutos"},"schema":{"@context":"https:\/\/schema.org","@graph":[{"@type":"Article","@id":"https:\/\/fuentesfidedignas.com.mx\/index.php\/2026\/04\/27\/icatsin-fortalece-la-profesionalizacion-del-transporte-publico-en-sinaloa\/#article","isPartOf":{"@id":"https:\/\/fuentesfidedignas.com.mx\/index.php\/2026\/04\/27\/icatsin-fortalece-la-profesionalizacion-del-transporte-publico-en-sinaloa\/"},"author":{"name":"Redacci\u00f3n","@id":"https:\/\/fuentesfidedignas.com.mx\/#\/schema\/person\/331be9283d37198e2acd5750279085b0"},"headline":"ICATSIN fortalece la profesionalizaci\u00f3n del transporte p\u00fablico en Sinaloa","datePublished":"2026-04-27T22:10:43+00:00","mainEntityOfPage":{"@id":"https:\/\/fuentesfidedignas.com.mx\/index.php\/2026\/04\/27\/icatsin-fortalece-la-profesionalizacion-del-transporte-publico-en-sinaloa\/"},"wordCount":457,"publisher":{"@id":"https:\/\/fuentesfidedignas.com.mx\/#organization"},"image":{"@id":"https:\/\/fuentesfidedignas.com.mx\/index.php\/2026\/04\/27\/icatsin-fortalece-la-profesionalizacion-del-transporte-publico-en-sinaloa\/#primaryimage"},"thumbnailUrl":"https:\/\/fuentesfidedignas.com.mx\/wp-content\/uploads\/2026\/04\/37f87053-f390-49b6-a6d7-6f99c47b1875.jpeg","inLanguage":"es"},{"@type":"WebPage","@id":"https:\/\/fuentesfidedignas.com.mx\/index.php\/2026\/04\/27\/icatsin-fortalece-la-profesionalizacion-del-transporte-publico-en-sinaloa\/","url":"https:\/\/fuentesfidedignas.com.mx\/index.php\/2026\/04\/27\/icatsin-fortalece-la-profesionalizacion-del-transporte-publico-en-sinaloa\/","name":"ICATSIN fortalece la profesionalizaci\u00f3n del transporte p\u00fablico en Sinaloa - Fuentes Fidedignas","isPartOf":{"@id":"https:\/\/fuentesfidedignas.com.mx\/#website"},"primaryImageOfPage":{"@id":"https:\/\/fuentesfidedignas.com.mx\/index.php\/2026\/04\/27\/icatsin-fortalece-la-profesionalizacion-del-transporte-publico-en-sinaloa\/#primaryimage"},"image":{"@id":"https:\/\/fuentesfidedignas.com.mx\/index.php\/2026\/04\/27\/icatsin-fortalece-la-profesionalizacion-del-transporte-publico-en-sinaloa\/#primaryimage"},"thumbnailUrl":"https:\/\/fuentesfidedignas.com.mx\/wp-content\/uploads\/2026\/04\/37f87053-f390-49b6-a6d7-6f99c47b1875.jpeg","datePublished":"2026-04-27T22:10:43+00:00","breadcrumb":{"@id":"https:\/\/fuentesfidedignas.com.mx\/index.php\/2026\/04\/27\/icatsin-fortalece-la-profesionalizacion-del-transporte-publico-en-sinaloa\/#breadcrumb"},"inLanguage":"es","potentialAction":[{"@type":"ReadAction","target":["https:\/\/fuentesfidedignas.com.mx\/index.php\/2026\/04\/27\/icatsin-fortalece-la-profesionalizacion-del-transporte-publico-en-sinaloa\/"]}]},{"@type":"ImageObject","inLanguage":"es","@id":"https:\/\/fuentesfidedignas.com.mx\/index.php\/2026\/04\/27\/icatsin-fortalece-la-profesionalizacion-del-transporte-publico-en-sinaloa\/#primaryimage","url":"https:\/\/fuentesfidedignas.com.mx\/wp-content\/uploads\/2026\/04\/37f87053-f390-49b6-a6d7-6f99c47b1875.jpeg","contentUrl":"https:\/\/fuentesfidedignas.com.mx\/wp-content\/uploads\/2026\/04\/37f87053-f390-49b6-a6d7-6f99c47b1875.jpeg","width":1600,"height":1066},{"@type":"BreadcrumbList","@id":"https:\/\/fuentesfidedignas.com.mx\/index.php\/2026\/04\/27\/icatsin-fortalece-la-profesionalizacion-del-transporte-publico-en-sinaloa\/#breadcrumb","itemListElement":[{"@type":"ListItem","position":1,"name":"Inicio","item":"https:\/\/fuentesfidedignas.com.mx\/"},{"@type":"ListItem","position":2,"name":"ICATSIN fortalece la profesionalizaci\u00f3n del transporte p\u00fablico en Sinaloa"}]},{"@type":"WebSite","@id":"https:\/\/fuentesfidedignas.com.mx\/#website","url":"https:\/\/fuentesfidedignas.com.mx\/","name":"Fuentes Fidedignas","description":"Otro sitio realizado con WordPress","publisher":{"@id":"https:\/\/fuentesfidedignas.com.mx\/#organization"},"potentialAction":[{"@type":"SearchAction","target":{"@type":"EntryPoint","urlTemplate":"https:\/\/fuentesfidedignas.com.mx\/?s={search_term_string}"},"query-input":{"@type":"PropertyValueSpecification","valueRequired":true,"valueName":"search_term_string"}}],"inLanguage":"es"},{"@type":"Organization","@id":"https:\/\/fuentesfidedignas.com.mx\/#organization","name":"Fuentes Fidedignas","url":"https:\/\/fuentesfidedignas.com.mx\/","logo":{"@type":"ImageObject","inLanguage":"es","@id":"https:\/\/fuentesfidedignas.com.mx\/#\/schema\/logo\/image\/","url":"https:\/\/fuentesfidedignas.com.mx\/wp-content\/uploads\/2021\/04\/logo-retina.png","contentUrl":"https:\/\/fuentesfidedignas.com.mx\/wp-content\/uploads\/2021\/04\/logo-retina.png","width":280,"height":51,"caption":"Fuentes Fidedignas"},"image":{"@id":"https:\/\/fuentesfidedignas.com.mx\/#\/schema\/logo\/image\/"},"sameAs":["https:\/\/www.facebook.com\/Fuentes-Fidedignas-368234489921644","https:\/\/x.com\/fidedignas"]},{"@type":"Person","@id":"https:\/\/fuentesfidedignas.com.mx\/#\/schema\/person\/331be9283d37198e2acd5750279085b0","name":"Redacci\u00f3n","image":{"@type":"ImageObject","inLanguage":"es","@id":"https:\/\/secure.gravatar.com\/avatar\/f6d8782c11d12b2d4ad3fbb6931aeab5309937a4d6cd2fc9cfaa28a6396a5aec?s=96&d=mm&r=g","url":"https:\/\/secure.gravatar.com\/avatar\/f6d8782c11d12b2d4ad3fbb6931aeab5309937a4d6cd2fc9cfaa28a6396a5aec?s=96&d=mm&r=g","contentUrl":"https:\/\/secure.gravatar.com\/avatar\/f6d8782c11d12b2d4ad3fbb6931aeab5309937a4d6cd2fc9cfaa28a6396a5aec?s=96&d=mm&r=g","caption":"Redacci\u00f3n"},"url":"https:\/\/fuentesfidedignas.com.mx\/index.php\/author\/redaccion\/"}]}},"_links":{"self":[{"href":"https:\/\/fuentesfidedignas.com.mx\/index.php\/wp-json\/wp\/v2\/posts\/132378","targetHints":{"allow":["GET"]}}],"collection":[{"href":"https:\/\/fuentesfidedignas.com.mx\/index.php\/wp-json\/wp\/v2\/posts"}],"about":[{"href":"https:\/\/fuentesfidedignas.com.mx\/index.php\/wp-json\/wp\/v2\/types\/post"}],"author":[{"embeddable":true,"href":"https:\/\/fuentesfidedignas.com.mx\/index.php\/wp-json\/wp\/v2\/users\/4"}],"replies":[{"embeddable":true,"href":"https:\/\/fuentesfidedignas.com.mx\/index.php\/wp-json\/wp\/v2\/comments?post=132378"}],"version-history":[{"count":1,"href":"https:\/\/fuentesfidedignas.com.mx\/index.php\/wp-json\/wp\/v2\/posts\/132378\/revisions"}],"predecessor-version":[{"id":132379,"href":"https:\/\/fuentesfidedignas.com.mx\/index.php\/wp-json\/wp\/v2\/posts\/132378\/revisions\/132379"}],"wp:featuredmedia":[{"embeddable":true,"href":"https:\/\/fuentesfidedignas.com.mx\/index.php\/wp-json\/wp\/v2\/media\/132377"}],"wp:attachment":[{"href":"https:\/\/fuentesfidedignas.com.mx\/index.php\/wp-json\/wp\/v2\/media?parent=132378"}],"wp:term":[{"taxonomy":"category","embeddable":true,"href":"https:\/\/fuentesfidedignas.com.mx\/index.php\/wp-json\/wp\/v2\/categories?post=132378"},{"taxonomy":"post_tag","embeddable":true,"href":"https:\/\/fuentesfidedignas.com.mx\/index.php\/wp-json\/wp\/v2\/tags?post=132378"}],"curies":[{"name":"wp","href":"https:\/\/api.w.org\/{rel}","templated":true}]}}