{"id":132375,"date":"2026-04-27T14:35:07","date_gmt":"2026-04-27T21:35:07","guid":{"rendered":"https:\/\/fuentesfidedignas.com.mx\/?p=132375"},"modified":"2026-04-27T14:35:07","modified_gmt":"2026-04-27T21:35:07","slug":"iees-vuelve-a-exonerar-a-imelda-castro-por-actos-anticipados-de-campana","status":"publish","type":"post","link":"https:\/\/fuentesfidedignas.com.mx\/index.php\/2026\/04\/27\/iees-vuelve-a-exonerar-a-imelda-castro-por-actos-anticipados-de-campana\/","title":{"rendered":"IEES vuelve a exonerar a Imelda Castro por actos anticipados de campa\u00f1a"},"content":{"rendered":"\n<p class=\"p1\"><\/p>\n\n\n\n<p class=\"p2\">En una sesi\u00f3n especial virtual, el Consejo General del Instituto Electoral del Estado de Sinaloa (IEES) emiti\u00f3 una nueva resoluci\u00f3n sobre las quejas presentadas en noviembre de 2025 por el PAN y Movimiento Ciudadano contra la senadora Imelda Castro Castro, tras cumplir con la sentencia del Tribunal Electoral del Estado de Sinaloa (TEESIN) que orden\u00f3 una investigaci\u00f3n m\u00e1s exhaustiva.<\/p>\n\n\n\n<p class=\"p2\">Las denuncias se\u00f1alaban presunta promoci\u00f3n personalizada, uso indebido de recursos p\u00fablicos y posibles actos anticipados de precampa\u00f1a y campa\u00f1a, adem\u00e1s de acusar al partido Morena por culpa in vigilando. Sin embargo, tras reponer el procedimiento y ampliar las diligencias, el \u00f3rgano electoral concluy\u00f3 nuevamente que no existen elementos suficientes para acreditar dichas infracciones.<\/p>\n\n\n\n<p class=\"p2\">Cabe recordar que el pasado 10 de marzo de 2026, el IEES ya hab\u00eda determinado la inexistencia de irregularidades. No obstante, el 17 de marzo, PAN y MC impugnaron esa resoluci\u00f3n ante el TEESIN, que el 10 de abril resolvi\u00f3 revocarla para efectos de ordenar una investigaci\u00f3n m\u00e1s amplia.<\/p>\n\n\n\n<p class=\"p2\">En cumplimiento de esta sentencia, la Secretar\u00eda Ejecutiva del IEES llev\u00f3 a cabo una nueva revisi\u00f3n de publicaciones en Facebook, portales de noticias, videos y bardas en distintas zonas del estado. En total, se analizaron 127 eventos, 444 im\u00e1genes, 111 bardas y 21 materiales audiovisuales, adem\u00e1s de solicitar informaci\u00f3n a la Unidad T\u00e9cnica de Fiscalizaci\u00f3n del INE sobre posibles gastos relacionados con los eventos de la senadora.<\/p>\n\n\n\n<p class=\"p2\">Tras este an\u00e1lisis, el Instituto determin\u00f3 que no se configura el elemento temporal necesario para considerar actos anticipados, al no existir un proceso electoral en curso durante los hechos denunciados. Asimismo, en el contenido revisado no se identificaron llamados al voto, promoci\u00f3n de plataforma electoral ni manifestaciones de aspiraciones a un cargo p\u00fablico.<\/p>\n\n\n\n<p class=\"p3\">Con base en estos elementos y en criterios del Tribunal Electoral del Poder Judicial de la Federaci\u00f3n, as\u00ed como en la legislaci\u00f3n electoral vigente, el IEES concluy\u00f3 que no se acredit\u00f3 la difusi\u00f3n indebida de imagen, ni el uso irregular de recursos p\u00fablicos, ni actos anticipados de campa\u00f1a. En consecuencia, tampoco se configur\u00f3 responsabilidad para Morena por omisi\u00f3n de vigilancia.<\/p>\n","protected":false},"excerpt":{"rendered":"<p>En una sesi\u00f3n especial virtual, el Consejo General del Instituto Electoral del Estado de Sinaloa (IEES) emiti\u00f3 una nueva resoluci\u00f3n sobre las quejas presentadas en noviembre de 2025 por el PAN y Movimiento Ciudadano contra la senadora Imelda Castro Castro, tras cumplir con la sentencia del Tribunal Electoral del Estado de Sinaloa (TEESIN) que orden\u00f3 [&hellip;]<\/p>\n","protected":false},"author":4,"featured_media":132374,"comment_status":"closed","ping_status":"open","sticky":false,"template":"","format":"standard","meta":{"tdm_status":"","tdm_grid_status":"","footnotes":""},"categories":[37],"tags":[],"class_list":{"0":"post-132375","1":"post","2":"type-post","3":"status-publish","4":"format-standard","5":"has-post-thumbnail","7":"category-nota-principal"},"yoast_head":"<!-- This site is optimized with the Yoast SEO plugin v27.4 - https:\/\/yoast.com\/product\/yoast-seo-wordpress\/ -->\n<title>IEES vuelve a exonerar a Imelda Castro por actos anticipados de campa\u00f1a - Fuentes Fidedignas<\/title>\n<meta name=\"robots\" content=\"index, follow, max-snippet:-1, max-image-preview:large, max-video-preview:-1\" \/>\n<link rel=\"canonical\" href=\"https:\/\/fuentesfidedignas.com.mx\/index.php\/2026\/04\/27\/iees-vuelve-a-exonerar-a-imelda-castro-por-actos-anticipados-de-campana\/\" \/>\n<meta property=\"og:locale\" content=\"es_MX\" \/>\n<meta property=\"og:type\" content=\"article\" \/>\n<meta property=\"og:title\" content=\"IEES vuelve a exonerar a Imelda Castro por actos anticipados de campa\u00f1a - Fuentes Fidedignas\" \/>\n<meta property=\"og:description\" content=\"En una sesi\u00f3n especial virtual, el Consejo General del Instituto Electoral del Estado de Sinaloa (IEES) emiti\u00f3 una nueva resoluci\u00f3n sobre las quejas presentadas en noviembre de 2025 por el PAN y Movimiento Ciudadano contra la senadora Imelda Castro Castro, tras cumplir con la sentencia del Tribunal Electoral del Estado de Sinaloa (TEESIN) que orden\u00f3 [&hellip;]\" \/>\n<meta property=\"og:url\" content=\"https:\/\/fuentesfidedignas.com.mx\/index.php\/2026\/04\/27\/iees-vuelve-a-exonerar-a-imelda-castro-por-actos-anticipados-de-campana\/\" \/>\n<meta property=\"og:site_name\" content=\"Fuentes Fidedignas\" \/>\n<meta property=\"article:publisher\" content=\"https:\/\/www.facebook.com\/Fuentes-Fidedignas-368234489921644\" \/>\n<meta property=\"article:published_time\" content=\"2026-04-27T21:35:07+00:00\" \/>\n<meta property=\"og:image\" content=\"https:\/\/fuentesfidedignas.com.mx\/wp-content\/uploads\/2026\/04\/2d26ec83-27fe-4257-a1ac-b094533c151f.jpeg\" \/>\n\t<meta property=\"og:image:width\" content=\"1280\" \/>\n\t<meta property=\"og:image:height\" content=\"720\" \/>\n\t<meta property=\"og:image:type\" content=\"image\/jpeg\" \/>\n<meta name=\"author\" content=\"Redacci\u00f3n\" \/>\n<meta name=\"twitter:card\" content=\"summary_large_image\" \/>\n<meta name=\"twitter:creator\" content=\"@fidedignas\" \/>\n<meta name=\"twitter:site\" content=\"@fidedignas\" \/>\n<meta name=\"twitter:label1\" content=\"Escrito por\" \/>\n\t<meta name=\"twitter:data1\" content=\"Redacci\u00f3n\" \/>\n\t<meta name=\"twitter:label2\" content=\"Tiempo de lectura\" \/>\n\t<meta name=\"twitter:data2\" content=\"2 minutos\" \/>\n<script type=\"application\/ld+json\" class=\"yoast-schema-graph\">{\"@context\":\"https:\\\/\\\/schema.org\",\"@graph\":[{\"@type\":\"Article\",\"@id\":\"https:\\\/\\\/fuentesfidedignas.com.mx\\\/index.php\\\/2026\\\/04\\\/27\\\/iees-vuelve-a-exonerar-a-imelda-castro-por-actos-anticipados-de-campana\\\/#article\",\"isPartOf\":{\"@id\":\"https:\\\/\\\/fuentesfidedignas.com.mx\\\/index.php\\\/2026\\\/04\\\/27\\\/iees-vuelve-a-exonerar-a-imelda-castro-por-actos-anticipados-de-campana\\\/\"},\"author\":{\"name\":\"Redacci\u00f3n\",\"@id\":\"https:\\\/\\\/fuentesfidedignas.com.mx\\\/#\\\/schema\\\/person\\\/331be9283d37198e2acd5750279085b0\"},\"headline\":\"IEES vuelve a exonerar a Imelda Castro por actos anticipados de campa\u00f1a\",\"datePublished\":\"2026-04-27T21:35:07+00:00\",\"mainEntityOfPage\":{\"@id\":\"https:\\\/\\\/fuentesfidedignas.com.mx\\\/index.php\\\/2026\\\/04\\\/27\\\/iees-vuelve-a-exonerar-a-imelda-castro-por-actos-anticipados-de-campana\\\/\"},\"wordCount\":375,\"publisher\":{\"@id\":\"https:\\\/\\\/fuentesfidedignas.com.mx\\\/#organization\"},\"image\":{\"@id\":\"https:\\\/\\\/fuentesfidedignas.com.mx\\\/index.php\\\/2026\\\/04\\\/27\\\/iees-vuelve-a-exonerar-a-imelda-castro-por-actos-anticipados-de-campana\\\/#primaryimage\"},\"thumbnailUrl\":\"https:\\\/\\\/fuentesfidedignas.com.mx\\\/wp-content\\\/uploads\\\/2026\\\/04\\\/2d26ec83-27fe-4257-a1ac-b094533c151f.jpeg\",\"articleSection\":[\"NOTA PRINCIPAL\"],\"inLanguage\":\"es\"},{\"@type\":\"WebPage\",\"@id\":\"https:\\\/\\\/fuentesfidedignas.com.mx\\\/index.php\\\/2026\\\/04\\\/27\\\/iees-vuelve-a-exonerar-a-imelda-castro-por-actos-anticipados-de-campana\\\/\",\"url\":\"https:\\\/\\\/fuentesfidedignas.com.mx\\\/index.php\\\/2026\\\/04\\\/27\\\/iees-vuelve-a-exonerar-a-imelda-castro-por-actos-anticipados-de-campana\\\/\",\"name\":\"IEES vuelve a exonerar a Imelda Castro por actos anticipados de campa\u00f1a - Fuentes Fidedignas\",\"isPartOf\":{\"@id\":\"https:\\\/\\\/fuentesfidedignas.com.mx\\\/#website\"},\"primaryImageOfPage\":{\"@id\":\"https:\\\/\\\/fuentesfidedignas.com.mx\\\/index.php\\\/2026\\\/04\\\/27\\\/iees-vuelve-a-exonerar-a-imelda-castro-por-actos-anticipados-de-campana\\\/#primaryimage\"},\"image\":{\"@id\":\"https:\\\/\\\/fuentesfidedignas.com.mx\\\/index.php\\\/2026\\\/04\\\/27\\\/iees-vuelve-a-exonerar-a-imelda-castro-por-actos-anticipados-de-campana\\\/#primaryimage\"},\"thumbnailUrl\":\"https:\\\/\\\/fuentesfidedignas.com.mx\\\/wp-content\\\/uploads\\\/2026\\\/04\\\/2d26ec83-27fe-4257-a1ac-b094533c151f.jpeg\",\"datePublished\":\"2026-04-27T21:35:07+00:00\",\"breadcrumb\":{\"@id\":\"https:\\\/\\\/fuentesfidedignas.com.mx\\\/index.php\\\/2026\\\/04\\\/27\\\/iees-vuelve-a-exonerar-a-imelda-castro-por-actos-anticipados-de-campana\\\/#breadcrumb\"},\"inLanguage\":\"es\",\"potentialAction\":[{\"@type\":\"ReadAction\",\"target\":[\"https:\\\/\\\/fuentesfidedignas.com.mx\\\/index.php\\\/2026\\\/04\\\/27\\\/iees-vuelve-a-exonerar-a-imelda-castro-por-actos-anticipados-de-campana\\\/\"]}]},{\"@type\":\"ImageObject\",\"inLanguage\":\"es\",\"@id\":\"https:\\\/\\\/fuentesfidedignas.com.mx\\\/index.php\\\/2026\\\/04\\\/27\\\/iees-vuelve-a-exonerar-a-imelda-castro-por-actos-anticipados-de-campana\\\/#primaryimage\",\"url\":\"https:\\\/\\\/fuentesfidedignas.com.mx\\\/wp-content\\\/uploads\\\/2026\\\/04\\\/2d26ec83-27fe-4257-a1ac-b094533c151f.jpeg\",\"contentUrl\":\"https:\\\/\\\/fuentesfidedignas.com.mx\\\/wp-content\\\/uploads\\\/2026\\\/04\\\/2d26ec83-27fe-4257-a1ac-b094533c151f.jpeg\",\"width\":1280,\"height\":720},{\"@type\":\"BreadcrumbList\",\"@id\":\"https:\\\/\\\/fuentesfidedignas.com.mx\\\/index.php\\\/2026\\\/04\\\/27\\\/iees-vuelve-a-exonerar-a-imelda-castro-por-actos-anticipados-de-campana\\\/#breadcrumb\",\"itemListElement\":[{\"@type\":\"ListItem\",\"position\":1,\"name\":\"Inicio\",\"item\":\"https:\\\/\\\/fuentesfidedignas.com.mx\\\/\"},{\"@type\":\"ListItem\",\"position\":2,\"name\":\"IEES vuelve a exonerar a Imelda Castro por actos anticipados de campa\u00f1a\"}]},{\"@type\":\"WebSite\",\"@id\":\"https:\\\/\\\/fuentesfidedignas.com.mx\\\/#website\",\"url\":\"https:\\\/\\\/fuentesfidedignas.com.mx\\\/\",\"name\":\"Fuentes Fidedignas\",\"description\":\"Otro sitio realizado con WordPress\",\"publisher\":{\"@id\":\"https:\\\/\\\/fuentesfidedignas.com.mx\\\/#organization\"},\"potentialAction\":[{\"@type\":\"SearchAction\",\"target\":{\"@type\":\"EntryPoint\",\"urlTemplate\":\"https:\\\/\\\/fuentesfidedignas.com.mx\\\/?s={search_term_string}\"},\"query-input\":{\"@type\":\"PropertyValueSpecification\",\"valueRequired\":true,\"valueName\":\"search_term_string\"}}],\"inLanguage\":\"es\"},{\"@type\":\"Organization\",\"@id\":\"https:\\\/\\\/fuentesfidedignas.com.mx\\\/#organization\",\"name\":\"Fuentes Fidedignas\",\"url\":\"https:\\\/\\\/fuentesfidedignas.com.mx\\\/\",\"logo\":{\"@type\":\"ImageObject\",\"inLanguage\":\"es\",\"@id\":\"https:\\\/\\\/fuentesfidedignas.com.mx\\\/#\\\/schema\\\/logo\\\/image\\\/\",\"url\":\"https:\\\/\\\/fuentesfidedignas.com.mx\\\/wp-content\\\/uploads\\\/2021\\\/04\\\/logo-retina.png\",\"contentUrl\":\"https:\\\/\\\/fuentesfidedignas.com.mx\\\/wp-content\\\/uploads\\\/2021\\\/04\\\/logo-retina.png\",\"width\":280,\"height\":51,\"caption\":\"Fuentes Fidedignas\"},\"image\":{\"@id\":\"https:\\\/\\\/fuentesfidedignas.com.mx\\\/#\\\/schema\\\/logo\\\/image\\\/\"},\"sameAs\":[\"https:\\\/\\\/www.facebook.com\\\/Fuentes-Fidedignas-368234489921644\",\"https:\\\/\\\/x.com\\\/fidedignas\"]},{\"@type\":\"Person\",\"@id\":\"https:\\\/\\\/fuentesfidedignas.com.mx\\\/#\\\/schema\\\/person\\\/331be9283d37198e2acd5750279085b0\",\"name\":\"Redacci\u00f3n\",\"image\":{\"@type\":\"ImageObject\",\"inLanguage\":\"es\",\"@id\":\"https:\\\/\\\/secure.gravatar.com\\\/avatar\\\/f6d8782c11d12b2d4ad3fbb6931aeab5309937a4d6cd2fc9cfaa28a6396a5aec?s=96&d=mm&r=g\",\"url\":\"https:\\\/\\\/secure.gravatar.com\\\/avatar\\\/f6d8782c11d12b2d4ad3fbb6931aeab5309937a4d6cd2fc9cfaa28a6396a5aec?s=96&d=mm&r=g\",\"contentUrl\":\"https:\\\/\\\/secure.gravatar.com\\\/avatar\\\/f6d8782c11d12b2d4ad3fbb6931aeab5309937a4d6cd2fc9cfaa28a6396a5aec?s=96&d=mm&r=g\",\"caption\":\"Redacci\u00f3n\"},\"url\":\"https:\\\/\\\/fuentesfidedignas.com.mx\\\/index.php\\\/author\\\/redaccion\\\/\"}]}<\/script>\n<!-- \/ Yoast SEO plugin. -->","yoast_head_json":{"title":"IEES vuelve a exonerar a Imelda Castro por actos anticipados de campa\u00f1a - Fuentes Fidedignas","robots":{"index":"index","follow":"follow","max-snippet":"max-snippet:-1","max-image-preview":"max-image-preview:large","max-video-preview":"max-video-preview:-1"},"canonical":"https:\/\/fuentesfidedignas.com.mx\/index.php\/2026\/04\/27\/iees-vuelve-a-exonerar-a-imelda-castro-por-actos-anticipados-de-campana\/","og_locale":"es_MX","og_type":"article","og_title":"IEES vuelve a exonerar a Imelda Castro por actos anticipados de campa\u00f1a - Fuentes Fidedignas","og_description":"En una sesi\u00f3n especial virtual, el Consejo General del Instituto Electoral del Estado de Sinaloa (IEES) emiti\u00f3 una nueva resoluci\u00f3n sobre las quejas presentadas en noviembre de 2025 por el PAN y Movimiento Ciudadano contra la senadora Imelda Castro Castro, tras cumplir con la sentencia del Tribunal Electoral del Estado de Sinaloa (TEESIN) que orden\u00f3 [&hellip;]","og_url":"https:\/\/fuentesfidedignas.com.mx\/index.php\/2026\/04\/27\/iees-vuelve-a-exonerar-a-imelda-castro-por-actos-anticipados-de-campana\/","og_site_name":"Fuentes Fidedignas","article_publisher":"https:\/\/www.facebook.com\/Fuentes-Fidedignas-368234489921644","article_published_time":"2026-04-27T21:35:07+00:00","og_image":[{"width":1280,"height":720,"url":"https:\/\/fuentesfidedignas.com.mx\/wp-content\/uploads\/2026\/04\/2d26ec83-27fe-4257-a1ac-b094533c151f.jpeg","type":"image\/jpeg"}],"author":"Redacci\u00f3n","twitter_card":"summary_large_image","twitter_creator":"@fidedignas","twitter_site":"@fidedignas","twitter_misc":{"Escrito por":"Redacci\u00f3n","Tiempo de lectura":"2 minutos"},"schema":{"@context":"https:\/\/schema.org","@graph":[{"@type":"Article","@id":"https:\/\/fuentesfidedignas.com.mx\/index.php\/2026\/04\/27\/iees-vuelve-a-exonerar-a-imelda-castro-por-actos-anticipados-de-campana\/#article","isPartOf":{"@id":"https:\/\/fuentesfidedignas.com.mx\/index.php\/2026\/04\/27\/iees-vuelve-a-exonerar-a-imelda-castro-por-actos-anticipados-de-campana\/"},"author":{"name":"Redacci\u00f3n","@id":"https:\/\/fuentesfidedignas.com.mx\/#\/schema\/person\/331be9283d37198e2acd5750279085b0"},"headline":"IEES vuelve a exonerar a Imelda Castro por actos anticipados de campa\u00f1a","datePublished":"2026-04-27T21:35:07+00:00","mainEntityOfPage":{"@id":"https:\/\/fuentesfidedignas.com.mx\/index.php\/2026\/04\/27\/iees-vuelve-a-exonerar-a-imelda-castro-por-actos-anticipados-de-campana\/"},"wordCount":375,"publisher":{"@id":"https:\/\/fuentesfidedignas.com.mx\/#organization"},"image":{"@id":"https:\/\/fuentesfidedignas.com.mx\/index.php\/2026\/04\/27\/iees-vuelve-a-exonerar-a-imelda-castro-por-actos-anticipados-de-campana\/#primaryimage"},"thumbnailUrl":"https:\/\/fuentesfidedignas.com.mx\/wp-content\/uploads\/2026\/04\/2d26ec83-27fe-4257-a1ac-b094533c151f.jpeg","articleSection":["NOTA PRINCIPAL"],"inLanguage":"es"},{"@type":"WebPage","@id":"https:\/\/fuentesfidedignas.com.mx\/index.php\/2026\/04\/27\/iees-vuelve-a-exonerar-a-imelda-castro-por-actos-anticipados-de-campana\/","url":"https:\/\/fuentesfidedignas.com.mx\/index.php\/2026\/04\/27\/iees-vuelve-a-exonerar-a-imelda-castro-por-actos-anticipados-de-campana\/","name":"IEES vuelve a exonerar a Imelda Castro por actos anticipados de campa\u00f1a - Fuentes Fidedignas","isPartOf":{"@id":"https:\/\/fuentesfidedignas.com.mx\/#website"},"primaryImageOfPage":{"@id":"https:\/\/fuentesfidedignas.com.mx\/index.php\/2026\/04\/27\/iees-vuelve-a-exonerar-a-imelda-castro-por-actos-anticipados-de-campana\/#primaryimage"},"image":{"@id":"https:\/\/fuentesfidedignas.com.mx\/index.php\/2026\/04\/27\/iees-vuelve-a-exonerar-a-imelda-castro-por-actos-anticipados-de-campana\/#primaryimage"},"thumbnailUrl":"https:\/\/fuentesfidedignas.com.mx\/wp-content\/uploads\/2026\/04\/2d26ec83-27fe-4257-a1ac-b094533c151f.jpeg","datePublished":"2026-04-27T21:35:07+00:00","breadcrumb":{"@id":"https:\/\/fuentesfidedignas.com.mx\/index.php\/2026\/04\/27\/iees-vuelve-a-exonerar-a-imelda-castro-por-actos-anticipados-de-campana\/#breadcrumb"},"inLanguage":"es","potentialAction":[{"@type":"ReadAction","target":["https:\/\/fuentesfidedignas.com.mx\/index.php\/2026\/04\/27\/iees-vuelve-a-exonerar-a-imelda-castro-por-actos-anticipados-de-campana\/"]}]},{"@type":"ImageObject","inLanguage":"es","@id":"https:\/\/fuentesfidedignas.com.mx\/index.php\/2026\/04\/27\/iees-vuelve-a-exonerar-a-imelda-castro-por-actos-anticipados-de-campana\/#primaryimage","url":"https:\/\/fuentesfidedignas.com.mx\/wp-content\/uploads\/2026\/04\/2d26ec83-27fe-4257-a1ac-b094533c151f.jpeg","contentUrl":"https:\/\/fuentesfidedignas.com.mx\/wp-content\/uploads\/2026\/04\/2d26ec83-27fe-4257-a1ac-b094533c151f.jpeg","width":1280,"height":720},{"@type":"BreadcrumbList","@id":"https:\/\/fuentesfidedignas.com.mx\/index.php\/2026\/04\/27\/iees-vuelve-a-exonerar-a-imelda-castro-por-actos-anticipados-de-campana\/#breadcrumb","itemListElement":[{"@type":"ListItem","position":1,"name":"Inicio","item":"https:\/\/fuentesfidedignas.com.mx\/"},{"@type":"ListItem","position":2,"name":"IEES vuelve a exonerar a Imelda Castro por actos anticipados de campa\u00f1a"}]},{"@type":"WebSite","@id":"https:\/\/fuentesfidedignas.com.mx\/#website","url":"https:\/\/fuentesfidedignas.com.mx\/","name":"Fuentes Fidedignas","description":"Otro sitio realizado con WordPress","publisher":{"@id":"https:\/\/fuentesfidedignas.com.mx\/#organization"},"potentialAction":[{"@type":"SearchAction","target":{"@type":"EntryPoint","urlTemplate":"https:\/\/fuentesfidedignas.com.mx\/?s={search_term_string}"},"query-input":{"@type":"PropertyValueSpecification","valueRequired":true,"valueName":"search_term_string"}}],"inLanguage":"es"},{"@type":"Organization","@id":"https:\/\/fuentesfidedignas.com.mx\/#organization","name":"Fuentes Fidedignas","url":"https:\/\/fuentesfidedignas.com.mx\/","logo":{"@type":"ImageObject","inLanguage":"es","@id":"https:\/\/fuentesfidedignas.com.mx\/#\/schema\/logo\/image\/","url":"https:\/\/fuentesfidedignas.com.mx\/wp-content\/uploads\/2021\/04\/logo-retina.png","contentUrl":"https:\/\/fuentesfidedignas.com.mx\/wp-content\/uploads\/2021\/04\/logo-retina.png","width":280,"height":51,"caption":"Fuentes Fidedignas"},"image":{"@id":"https:\/\/fuentesfidedignas.com.mx\/#\/schema\/logo\/image\/"},"sameAs":["https:\/\/www.facebook.com\/Fuentes-Fidedignas-368234489921644","https:\/\/x.com\/fidedignas"]},{"@type":"Person","@id":"https:\/\/fuentesfidedignas.com.mx\/#\/schema\/person\/331be9283d37198e2acd5750279085b0","name":"Redacci\u00f3n","image":{"@type":"ImageObject","inLanguage":"es","@id":"https:\/\/secure.gravatar.com\/avatar\/f6d8782c11d12b2d4ad3fbb6931aeab5309937a4d6cd2fc9cfaa28a6396a5aec?s=96&d=mm&r=g","url":"https:\/\/secure.gravatar.com\/avatar\/f6d8782c11d12b2d4ad3fbb6931aeab5309937a4d6cd2fc9cfaa28a6396a5aec?s=96&d=mm&r=g","contentUrl":"https:\/\/secure.gravatar.com\/avatar\/f6d8782c11d12b2d4ad3fbb6931aeab5309937a4d6cd2fc9cfaa28a6396a5aec?s=96&d=mm&r=g","caption":"Redacci\u00f3n"},"url":"https:\/\/fuentesfidedignas.com.mx\/index.php\/author\/redaccion\/"}]}},"_links":{"self":[{"href":"https:\/\/fuentesfidedignas.com.mx\/index.php\/wp-json\/wp\/v2\/posts\/132375","targetHints":{"allow":["GET"]}}],"collection":[{"href":"https:\/\/fuentesfidedignas.com.mx\/index.php\/wp-json\/wp\/v2\/posts"}],"about":[{"href":"https:\/\/fuentesfidedignas.com.mx\/index.php\/wp-json\/wp\/v2\/types\/post"}],"author":[{"embeddable":true,"href":"https:\/\/fuentesfidedignas.com.mx\/index.php\/wp-json\/wp\/v2\/users\/4"}],"replies":[{"embeddable":true,"href":"https:\/\/fuentesfidedignas.com.mx\/index.php\/wp-json\/wp\/v2\/comments?post=132375"}],"version-history":[{"count":1,"href":"https:\/\/fuentesfidedignas.com.mx\/index.php\/wp-json\/wp\/v2\/posts\/132375\/revisions"}],"predecessor-version":[{"id":132376,"href":"https:\/\/fuentesfidedignas.com.mx\/index.php\/wp-json\/wp\/v2\/posts\/132375\/revisions\/132376"}],"wp:featuredmedia":[{"embeddable":true,"href":"https:\/\/fuentesfidedignas.com.mx\/index.php\/wp-json\/wp\/v2\/media\/132374"}],"wp:attachment":[{"href":"https:\/\/fuentesfidedignas.com.mx\/index.php\/wp-json\/wp\/v2\/media?parent=132375"}],"wp:term":[{"taxonomy":"category","embeddable":true,"href":"https:\/\/fuentesfidedignas.com.mx\/index.php\/wp-json\/wp\/v2\/categories?post=132375"},{"taxonomy":"post_tag","embeddable":true,"href":"https:\/\/fuentesfidedignas.com.mx\/index.php\/wp-json\/wp\/v2\/tags?post=132375"}],"curies":[{"name":"wp","href":"https:\/\/api.w.org\/{rel}","templated":true}]}}