{"id":132364,"date":"2026-04-27T13:41:34","date_gmt":"2026-04-27T20:41:34","guid":{"rendered":"https:\/\/fuentesfidedignas.com.mx\/?p=132364"},"modified":"2026-04-27T13:41:40","modified_gmt":"2026-04-27T20:41:40","slug":"capturan-a-el-jardinero-considerado-uno-de-los-posibles-sucesores-de-el-mencho","status":"publish","type":"post","link":"https:\/\/fuentesfidedignas.com.mx\/index.php\/2026\/04\/27\/capturan-a-el-jardinero-considerado-uno-de-los-posibles-sucesores-de-el-mencho\/","title":{"rendered":"Capturan a \u201cEl Jardinero\u201d; considerado uno de los posibles sucesores de &#8220;El Mencho&#8221;"},"content":{"rendered":"\n<p>En una operaci\u00f3n planeada, desarrollada y ejecutada por la Secretar\u00eda de Marina, a trav\u00e9s de sus Fuerzas Especiales, fue detenido en Nayarit Audias Flores Silva, alias \u201cEl Jardinero\u201d.<\/p>\n\n\n\n<p>As\u00ed lo inform\u00f3 Omar Garc\u00eda Harfuch, titular de la Secretar\u00eda de Seguridad y Protecci\u00f3n Ciudadana, quien agreg\u00f3 que &#8220;El Jardinero&#8221; &#8220;cuenta con orden de aprehensi\u00f3n en M\u00e9xico y tambi\u00e9n es requerido por autoridades de Estados Unidos, con fines de extradici\u00f3n. Por su captura, el gobierno estadounidense ofrec\u00eda una recompensa de 5 millones de d\u00f3lares&#8221;.<\/p>\n\n\n\n<figure class=\"wp-block-embed is-type-rich is-provider-twitter wp-block-embed-twitter\"><div class=\"wp-block-embed__wrapper\">\n<blockquote class=\"twitter-tweet\" data-width=\"550\" data-dnt=\"true\"><p lang=\"es\" dir=\"ltr\">En una operaci\u00f3n planeada, desarrollada y ejecutada por la Secretar\u00eda de Marina <a href=\"https:\/\/twitter.com\/SEMAR_mx?ref_src=twsrc%5Etfw\">@SEMAR_mx<\/a> , a trav\u00e9s de sus Fuerzas Especiales, fue detenido en Nayarit Audias Flores Silva, alias \u201cEl Jardinero\u201d.<br><br>Cuenta con orden de aprehensi\u00f3n en M\u00e9xico y tambi\u00e9n es requerido por autoridades de\u2026 <a href=\"https:\/\/t.co\/5jqtX53Rzn\">pic.twitter.com\/5jqtX53Rzn<\/a><\/p>&mdash; Omar H Garcia Harfuch (@OHarfuch) <a href=\"https:\/\/twitter.com\/OHarfuch\/status\/2048859744404717617?ref_src=twsrc%5Etfw\">April 27, 2026<\/a><\/blockquote><script async src=\"https:\/\/platform.twitter.com\/widgets.js\" charset=\"utf-8\"><\/script>\n<\/div><\/figure>\n\n\n\n<h2 class=\"wp-block-heading\">\u00bfQui\u00e9n es Audias Flores Silva?&nbsp;<\/h2>\n\n\n\n<p>De acuerdo con la DEA, \u201cEl Jardinero\u201d tambi\u00e9n es conocido con otros alias como \u201cCommandante\u201d, \u201cGabriel Raigosa Plascencia\u201d, \u201cEl Bravo 2\u201d, \u201cAudi\u201d y \u201cMata Jefes\u201d.&nbsp;<\/p>\n\n\n\n<p>Es descrito como un hombre de cabello y ojos color caf\u00e9, que naci\u00f3 en el a\u00f1o de 1980, de aproximadamente 1.6 metros de altura.<\/p>\n","protected":false},"excerpt":{"rendered":"<p>En una operaci\u00f3n planeada, desarrollada y ejecutada por la Secretar\u00eda de Marina, a trav\u00e9s de sus Fuerzas Especiales, fue detenido en Nayarit Audias Flores Silva, alias \u201cEl Jardinero\u201d. As\u00ed lo inform\u00f3 Omar Garc\u00eda Harfuch, titular de la Secretar\u00eda de Seguridad y Protecci\u00f3n Ciudadana, quien agreg\u00f3 que &#8220;El Jardinero&#8221; &#8220;cuenta con orden de aprehensi\u00f3n en M\u00e9xico [&hellip;]<\/p>\n","protected":false},"author":37,"featured_media":132365,"comment_status":"open","ping_status":"open","sticky":false,"template":"","format":"standard","meta":{"tdm_status":"","tdm_grid_status":"","footnotes":""},"categories":[39],"tags":[],"class_list":{"0":"post-132364","1":"post","2":"type-post","3":"status-publish","4":"format-standard","5":"has-post-thumbnail","7":"category-noticias-nacionales"},"yoast_head":"<!-- This site is optimized with the Yoast SEO plugin v27.5 - https:\/\/yoast.com\/product\/yoast-seo-wordpress\/ -->\n<title>Capturan a \u201cEl Jardinero\u201d; considerado uno de los posibles sucesores de &quot;El Mencho&quot; - Fuentes Fidedignas<\/title>\n<meta name=\"robots\" content=\"index, follow, max-snippet:-1, max-image-preview:large, max-video-preview:-1\" \/>\n<link rel=\"canonical\" href=\"https:\/\/fuentesfidedignas.com.mx\/index.php\/2026\/04\/27\/capturan-a-el-jardinero-considerado-uno-de-los-posibles-sucesores-de-el-mencho\/\" \/>\n<meta property=\"og:locale\" content=\"es_MX\" \/>\n<meta property=\"og:type\" content=\"article\" \/>\n<meta property=\"og:title\" content=\"Capturan a \u201cEl Jardinero\u201d; considerado uno de los posibles sucesores de &quot;El Mencho&quot; - Fuentes Fidedignas\" \/>\n<meta property=\"og:description\" content=\"En una operaci\u00f3n planeada, desarrollada y ejecutada por la Secretar\u00eda de Marina, a trav\u00e9s de sus Fuerzas Especiales, fue detenido en Nayarit Audias Flores Silva, alias \u201cEl Jardinero\u201d. As\u00ed lo inform\u00f3 Omar Garc\u00eda Harfuch, titular de la Secretar\u00eda de Seguridad y Protecci\u00f3n Ciudadana, quien agreg\u00f3 que &#8220;El Jardinero&#8221; &#8220;cuenta con orden de aprehensi\u00f3n en M\u00e9xico [&hellip;]\" \/>\n<meta property=\"og:url\" content=\"https:\/\/fuentesfidedignas.com.mx\/index.php\/2026\/04\/27\/capturan-a-el-jardinero-considerado-uno-de-los-posibles-sucesores-de-el-mencho\/\" \/>\n<meta property=\"og:site_name\" content=\"Fuentes Fidedignas\" \/>\n<meta property=\"article:publisher\" content=\"https:\/\/www.facebook.com\/Fuentes-Fidedignas-368234489921644\" \/>\n<meta property=\"article:published_time\" content=\"2026-04-27T20:41:34+00:00\" \/>\n<meta property=\"article:modified_time\" content=\"2026-04-27T20:41:40+00:00\" \/>\n<meta property=\"og:image\" content=\"https:\/\/fuentesfidedignas.com.mx\/wp-content\/uploads\/2026\/04\/audias-flores-silva-alias-el-jardinero-1024x631-1.jpg\" \/>\n\t<meta property=\"og:image:width\" content=\"1024\" \/>\n\t<meta property=\"og:image:height\" content=\"631\" \/>\n\t<meta property=\"og:image:type\" content=\"image\/jpeg\" \/>\n<meta name=\"author\" content=\"Heraldo de M\u00e9xico\" \/>\n<meta name=\"twitter:card\" content=\"summary_large_image\" \/>\n<meta name=\"twitter:creator\" content=\"@fidedignas\" \/>\n<meta name=\"twitter:site\" content=\"@fidedignas\" \/>\n<meta name=\"twitter:label1\" content=\"Escrito por\" \/>\n\t<meta name=\"twitter:data1\" content=\"Heraldo de M\u00e9xico\" \/>\n\t<meta name=\"twitter:label2\" content=\"Tiempo de lectura\" \/>\n\t<meta name=\"twitter:data2\" content=\"1 minuto\" \/>\n<script type=\"application\/ld+json\" class=\"yoast-schema-graph\">{\"@context\":\"https:\\\/\\\/schema.org\",\"@graph\":[{\"@type\":\"Article\",\"@id\":\"https:\\\/\\\/fuentesfidedignas.com.mx\\\/index.php\\\/2026\\\/04\\\/27\\\/capturan-a-el-jardinero-considerado-uno-de-los-posibles-sucesores-de-el-mencho\\\/#article\",\"isPartOf\":{\"@id\":\"https:\\\/\\\/fuentesfidedignas.com.mx\\\/index.php\\\/2026\\\/04\\\/27\\\/capturan-a-el-jardinero-considerado-uno-de-los-posibles-sucesores-de-el-mencho\\\/\"},\"author\":{\"name\":\"Heraldo de M\u00e9xico\",\"@id\":\"https:\\\/\\\/fuentesfidedignas.com.mx\\\/#\\\/schema\\\/person\\\/1c75a595e538894333ebe35c2bf6e23a\"},\"headline\":\"Capturan a \u201cEl Jardinero\u201d; considerado uno de los posibles sucesores de &#8220;El Mencho&#8221;\",\"datePublished\":\"2026-04-27T20:41:34+00:00\",\"dateModified\":\"2026-04-27T20:41:40+00:00\",\"mainEntityOfPage\":{\"@id\":\"https:\\\/\\\/fuentesfidedignas.com.mx\\\/index.php\\\/2026\\\/04\\\/27\\\/capturan-a-el-jardinero-considerado-uno-de-los-posibles-sucesores-de-el-mencho\\\/\"},\"wordCount\":205,\"commentCount\":0,\"publisher\":{\"@id\":\"https:\\\/\\\/fuentesfidedignas.com.mx\\\/#organization\"},\"image\":{\"@id\":\"https:\\\/\\\/fuentesfidedignas.com.mx\\\/index.php\\\/2026\\\/04\\\/27\\\/capturan-a-el-jardinero-considerado-uno-de-los-posibles-sucesores-de-el-mencho\\\/#primaryimage\"},\"thumbnailUrl\":\"https:\\\/\\\/fuentesfidedignas.com.mx\\\/wp-content\\\/uploads\\\/2026\\\/04\\\/audias-flores-silva-alias-el-jardinero-1024x631-1.jpg\",\"articleSection\":[\"NOTICIAS NACIONALES\"],\"inLanguage\":\"es\",\"potentialAction\":[{\"@type\":\"CommentAction\",\"name\":\"Comment\",\"target\":[\"https:\\\/\\\/fuentesfidedignas.com.mx\\\/index.php\\\/2026\\\/04\\\/27\\\/capturan-a-el-jardinero-considerado-uno-de-los-posibles-sucesores-de-el-mencho\\\/#respond\"]}]},{\"@type\":\"WebPage\",\"@id\":\"https:\\\/\\\/fuentesfidedignas.com.mx\\\/index.php\\\/2026\\\/04\\\/27\\\/capturan-a-el-jardinero-considerado-uno-de-los-posibles-sucesores-de-el-mencho\\\/\",\"url\":\"https:\\\/\\\/fuentesfidedignas.com.mx\\\/index.php\\\/2026\\\/04\\\/27\\\/capturan-a-el-jardinero-considerado-uno-de-los-posibles-sucesores-de-el-mencho\\\/\",\"name\":\"Capturan a \u201cEl Jardinero\u201d; considerado uno de los posibles sucesores de \\\"El Mencho\\\" - Fuentes Fidedignas\",\"isPartOf\":{\"@id\":\"https:\\\/\\\/fuentesfidedignas.com.mx\\\/#website\"},\"primaryImageOfPage\":{\"@id\":\"https:\\\/\\\/fuentesfidedignas.com.mx\\\/index.php\\\/2026\\\/04\\\/27\\\/capturan-a-el-jardinero-considerado-uno-de-los-posibles-sucesores-de-el-mencho\\\/#primaryimage\"},\"image\":{\"@id\":\"https:\\\/\\\/fuentesfidedignas.com.mx\\\/index.php\\\/2026\\\/04\\\/27\\\/capturan-a-el-jardinero-considerado-uno-de-los-posibles-sucesores-de-el-mencho\\\/#primaryimage\"},\"thumbnailUrl\":\"https:\\\/\\\/fuentesfidedignas.com.mx\\\/wp-content\\\/uploads\\\/2026\\\/04\\\/audias-flores-silva-alias-el-jardinero-1024x631-1.jpg\",\"datePublished\":\"2026-04-27T20:41:34+00:00\",\"dateModified\":\"2026-04-27T20:41:40+00:00\",\"breadcrumb\":{\"@id\":\"https:\\\/\\\/fuentesfidedignas.com.mx\\\/index.php\\\/2026\\\/04\\\/27\\\/capturan-a-el-jardinero-considerado-uno-de-los-posibles-sucesores-de-el-mencho\\\/#breadcrumb\"},\"inLanguage\":\"es\",\"potentialAction\":[{\"@type\":\"ReadAction\",\"target\":[\"https:\\\/\\\/fuentesfidedignas.com.mx\\\/index.php\\\/2026\\\/04\\\/27\\\/capturan-a-el-jardinero-considerado-uno-de-los-posibles-sucesores-de-el-mencho\\\/\"]}]},{\"@type\":\"ImageObject\",\"inLanguage\":\"es\",\"@id\":\"https:\\\/\\\/fuentesfidedignas.com.mx\\\/index.php\\\/2026\\\/04\\\/27\\\/capturan-a-el-jardinero-considerado-uno-de-los-posibles-sucesores-de-el-mencho\\\/#primaryimage\",\"url\":\"https:\\\/\\\/fuentesfidedignas.com.mx\\\/wp-content\\\/uploads\\\/2026\\\/04\\\/audias-flores-silva-alias-el-jardinero-1024x631-1.jpg\",\"contentUrl\":\"https:\\\/\\\/fuentesfidedignas.com.mx\\\/wp-content\\\/uploads\\\/2026\\\/04\\\/audias-flores-silva-alias-el-jardinero-1024x631-1.jpg\",\"width\":1024,\"height\":631},{\"@type\":\"BreadcrumbList\",\"@id\":\"https:\\\/\\\/fuentesfidedignas.com.mx\\\/index.php\\\/2026\\\/04\\\/27\\\/capturan-a-el-jardinero-considerado-uno-de-los-posibles-sucesores-de-el-mencho\\\/#breadcrumb\",\"itemListElement\":[{\"@type\":\"ListItem\",\"position\":1,\"name\":\"Inicio\",\"item\":\"https:\\\/\\\/fuentesfidedignas.com.mx\\\/\"},{\"@type\":\"ListItem\",\"position\":2,\"name\":\"Capturan a \u201cEl Jardinero\u201d; considerado uno de los posibles sucesores de &#8220;El Mencho&#8221;\"}]},{\"@type\":\"WebSite\",\"@id\":\"https:\\\/\\\/fuentesfidedignas.com.mx\\\/#website\",\"url\":\"https:\\\/\\\/fuentesfidedignas.com.mx\\\/\",\"name\":\"Fuentes Fidedignas\",\"description\":\"Otro sitio realizado con WordPress\",\"publisher\":{\"@id\":\"https:\\\/\\\/fuentesfidedignas.com.mx\\\/#organization\"},\"potentialAction\":[{\"@type\":\"SearchAction\",\"target\":{\"@type\":\"EntryPoint\",\"urlTemplate\":\"https:\\\/\\\/fuentesfidedignas.com.mx\\\/?s={search_term_string}\"},\"query-input\":{\"@type\":\"PropertyValueSpecification\",\"valueRequired\":true,\"valueName\":\"search_term_string\"}}],\"inLanguage\":\"es\"},{\"@type\":\"Organization\",\"@id\":\"https:\\\/\\\/fuentesfidedignas.com.mx\\\/#organization\",\"name\":\"Fuentes Fidedignas\",\"url\":\"https:\\\/\\\/fuentesfidedignas.com.mx\\\/\",\"logo\":{\"@type\":\"ImageObject\",\"inLanguage\":\"es\",\"@id\":\"https:\\\/\\\/fuentesfidedignas.com.mx\\\/#\\\/schema\\\/logo\\\/image\\\/\",\"url\":\"https:\\\/\\\/fuentesfidedignas.com.mx\\\/wp-content\\\/uploads\\\/2021\\\/04\\\/logo-retina.png\",\"contentUrl\":\"https:\\\/\\\/fuentesfidedignas.com.mx\\\/wp-content\\\/uploads\\\/2021\\\/04\\\/logo-retina.png\",\"width\":280,\"height\":51,\"caption\":\"Fuentes Fidedignas\"},\"image\":{\"@id\":\"https:\\\/\\\/fuentesfidedignas.com.mx\\\/#\\\/schema\\\/logo\\\/image\\\/\"},\"sameAs\":[\"https:\\\/\\\/www.facebook.com\\\/Fuentes-Fidedignas-368234489921644\",\"https:\\\/\\\/x.com\\\/fidedignas\"]},{\"@type\":\"Person\",\"@id\":\"https:\\\/\\\/fuentesfidedignas.com.mx\\\/#\\\/schema\\\/person\\\/1c75a595e538894333ebe35c2bf6e23a\",\"name\":\"Heraldo de M\u00e9xico\",\"image\":{\"@type\":\"ImageObject\",\"inLanguage\":\"es\",\"@id\":\"https:\\\/\\\/secure.gravatar.com\\\/avatar\\\/6a6c40de68e5cf2d8aac15267bd2dad2b9fdeb309dac7c5a7c2bb87ed5b81cb6?s=96&d=mm&r=g\",\"url\":\"https:\\\/\\\/secure.gravatar.com\\\/avatar\\\/6a6c40de68e5cf2d8aac15267bd2dad2b9fdeb309dac7c5a7c2bb87ed5b81cb6?s=96&d=mm&r=g\",\"contentUrl\":\"https:\\\/\\\/secure.gravatar.com\\\/avatar\\\/6a6c40de68e5cf2d8aac15267bd2dad2b9fdeb309dac7c5a7c2bb87ed5b81cb6?s=96&d=mm&r=g\",\"caption\":\"Heraldo de M\u00e9xico\"},\"url\":\"https:\\\/\\\/fuentesfidedignas.com.mx\\\/index.php\\\/author\\\/heraldo\\\/\"}]}<\/script>\n<!-- \/ Yoast SEO plugin. -->","yoast_head_json":{"title":"Capturan a \u201cEl Jardinero\u201d; considerado uno de los posibles sucesores de \"El Mencho\" - Fuentes Fidedignas","robots":{"index":"index","follow":"follow","max-snippet":"max-snippet:-1","max-image-preview":"max-image-preview:large","max-video-preview":"max-video-preview:-1"},"canonical":"https:\/\/fuentesfidedignas.com.mx\/index.php\/2026\/04\/27\/capturan-a-el-jardinero-considerado-uno-de-los-posibles-sucesores-de-el-mencho\/","og_locale":"es_MX","og_type":"article","og_title":"Capturan a \u201cEl Jardinero\u201d; considerado uno de los posibles sucesores de \"El Mencho\" - Fuentes Fidedignas","og_description":"En una operaci\u00f3n planeada, desarrollada y ejecutada por la Secretar\u00eda de Marina, a trav\u00e9s de sus Fuerzas Especiales, fue detenido en Nayarit Audias Flores Silva, alias \u201cEl Jardinero\u201d. As\u00ed lo inform\u00f3 Omar Garc\u00eda Harfuch, titular de la Secretar\u00eda de Seguridad y Protecci\u00f3n Ciudadana, quien agreg\u00f3 que &#8220;El Jardinero&#8221; &#8220;cuenta con orden de aprehensi\u00f3n en M\u00e9xico [&hellip;]","og_url":"https:\/\/fuentesfidedignas.com.mx\/index.php\/2026\/04\/27\/capturan-a-el-jardinero-considerado-uno-de-los-posibles-sucesores-de-el-mencho\/","og_site_name":"Fuentes Fidedignas","article_publisher":"https:\/\/www.facebook.com\/Fuentes-Fidedignas-368234489921644","article_published_time":"2026-04-27T20:41:34+00:00","article_modified_time":"2026-04-27T20:41:40+00:00","og_image":[{"width":1024,"height":631,"url":"https:\/\/fuentesfidedignas.com.mx\/wp-content\/uploads\/2026\/04\/audias-flores-silva-alias-el-jardinero-1024x631-1.jpg","type":"image\/jpeg"}],"author":"Heraldo de M\u00e9xico","twitter_card":"summary_large_image","twitter_creator":"@fidedignas","twitter_site":"@fidedignas","twitter_misc":{"Escrito por":"Heraldo de M\u00e9xico","Tiempo de lectura":"1 minuto"},"schema":{"@context":"https:\/\/schema.org","@graph":[{"@type":"Article","@id":"https:\/\/fuentesfidedignas.com.mx\/index.php\/2026\/04\/27\/capturan-a-el-jardinero-considerado-uno-de-los-posibles-sucesores-de-el-mencho\/#article","isPartOf":{"@id":"https:\/\/fuentesfidedignas.com.mx\/index.php\/2026\/04\/27\/capturan-a-el-jardinero-considerado-uno-de-los-posibles-sucesores-de-el-mencho\/"},"author":{"name":"Heraldo de M\u00e9xico","@id":"https:\/\/fuentesfidedignas.com.mx\/#\/schema\/person\/1c75a595e538894333ebe35c2bf6e23a"},"headline":"Capturan a \u201cEl Jardinero\u201d; considerado uno de los posibles sucesores de &#8220;El Mencho&#8221;","datePublished":"2026-04-27T20:41:34+00:00","dateModified":"2026-04-27T20:41:40+00:00","mainEntityOfPage":{"@id":"https:\/\/fuentesfidedignas.com.mx\/index.php\/2026\/04\/27\/capturan-a-el-jardinero-considerado-uno-de-los-posibles-sucesores-de-el-mencho\/"},"wordCount":205,"commentCount":0,"publisher":{"@id":"https:\/\/fuentesfidedignas.com.mx\/#organization"},"image":{"@id":"https:\/\/fuentesfidedignas.com.mx\/index.php\/2026\/04\/27\/capturan-a-el-jardinero-considerado-uno-de-los-posibles-sucesores-de-el-mencho\/#primaryimage"},"thumbnailUrl":"https:\/\/fuentesfidedignas.com.mx\/wp-content\/uploads\/2026\/04\/audias-flores-silva-alias-el-jardinero-1024x631-1.jpg","articleSection":["NOTICIAS NACIONALES"],"inLanguage":"es","potentialAction":[{"@type":"CommentAction","name":"Comment","target":["https:\/\/fuentesfidedignas.com.mx\/index.php\/2026\/04\/27\/capturan-a-el-jardinero-considerado-uno-de-los-posibles-sucesores-de-el-mencho\/#respond"]}]},{"@type":"WebPage","@id":"https:\/\/fuentesfidedignas.com.mx\/index.php\/2026\/04\/27\/capturan-a-el-jardinero-considerado-uno-de-los-posibles-sucesores-de-el-mencho\/","url":"https:\/\/fuentesfidedignas.com.mx\/index.php\/2026\/04\/27\/capturan-a-el-jardinero-considerado-uno-de-los-posibles-sucesores-de-el-mencho\/","name":"Capturan a \u201cEl Jardinero\u201d; considerado uno de los posibles sucesores de \"El Mencho\" - Fuentes Fidedignas","isPartOf":{"@id":"https:\/\/fuentesfidedignas.com.mx\/#website"},"primaryImageOfPage":{"@id":"https:\/\/fuentesfidedignas.com.mx\/index.php\/2026\/04\/27\/capturan-a-el-jardinero-considerado-uno-de-los-posibles-sucesores-de-el-mencho\/#primaryimage"},"image":{"@id":"https:\/\/fuentesfidedignas.com.mx\/index.php\/2026\/04\/27\/capturan-a-el-jardinero-considerado-uno-de-los-posibles-sucesores-de-el-mencho\/#primaryimage"},"thumbnailUrl":"https:\/\/fuentesfidedignas.com.mx\/wp-content\/uploads\/2026\/04\/audias-flores-silva-alias-el-jardinero-1024x631-1.jpg","datePublished":"2026-04-27T20:41:34+00:00","dateModified":"2026-04-27T20:41:40+00:00","breadcrumb":{"@id":"https:\/\/fuentesfidedignas.com.mx\/index.php\/2026\/04\/27\/capturan-a-el-jardinero-considerado-uno-de-los-posibles-sucesores-de-el-mencho\/#breadcrumb"},"inLanguage":"es","potentialAction":[{"@type":"ReadAction","target":["https:\/\/fuentesfidedignas.com.mx\/index.php\/2026\/04\/27\/capturan-a-el-jardinero-considerado-uno-de-los-posibles-sucesores-de-el-mencho\/"]}]},{"@type":"ImageObject","inLanguage":"es","@id":"https:\/\/fuentesfidedignas.com.mx\/index.php\/2026\/04\/27\/capturan-a-el-jardinero-considerado-uno-de-los-posibles-sucesores-de-el-mencho\/#primaryimage","url":"https:\/\/fuentesfidedignas.com.mx\/wp-content\/uploads\/2026\/04\/audias-flores-silva-alias-el-jardinero-1024x631-1.jpg","contentUrl":"https:\/\/fuentesfidedignas.com.mx\/wp-content\/uploads\/2026\/04\/audias-flores-silva-alias-el-jardinero-1024x631-1.jpg","width":1024,"height":631},{"@type":"BreadcrumbList","@id":"https:\/\/fuentesfidedignas.com.mx\/index.php\/2026\/04\/27\/capturan-a-el-jardinero-considerado-uno-de-los-posibles-sucesores-de-el-mencho\/#breadcrumb","itemListElement":[{"@type":"ListItem","position":1,"name":"Inicio","item":"https:\/\/fuentesfidedignas.com.mx\/"},{"@type":"ListItem","position":2,"name":"Capturan a \u201cEl Jardinero\u201d; considerado uno de los posibles sucesores de &#8220;El Mencho&#8221;"}]},{"@type":"WebSite","@id":"https:\/\/fuentesfidedignas.com.mx\/#website","url":"https:\/\/fuentesfidedignas.com.mx\/","name":"Fuentes Fidedignas","description":"Otro sitio realizado con WordPress","publisher":{"@id":"https:\/\/fuentesfidedignas.com.mx\/#organization"},"potentialAction":[{"@type":"SearchAction","target":{"@type":"EntryPoint","urlTemplate":"https:\/\/fuentesfidedignas.com.mx\/?s={search_term_string}"},"query-input":{"@type":"PropertyValueSpecification","valueRequired":true,"valueName":"search_term_string"}}],"inLanguage":"es"},{"@type":"Organization","@id":"https:\/\/fuentesfidedignas.com.mx\/#organization","name":"Fuentes Fidedignas","url":"https:\/\/fuentesfidedignas.com.mx\/","logo":{"@type":"ImageObject","inLanguage":"es","@id":"https:\/\/fuentesfidedignas.com.mx\/#\/schema\/logo\/image\/","url":"https:\/\/fuentesfidedignas.com.mx\/wp-content\/uploads\/2021\/04\/logo-retina.png","contentUrl":"https:\/\/fuentesfidedignas.com.mx\/wp-content\/uploads\/2021\/04\/logo-retina.png","width":280,"height":51,"caption":"Fuentes Fidedignas"},"image":{"@id":"https:\/\/fuentesfidedignas.com.mx\/#\/schema\/logo\/image\/"},"sameAs":["https:\/\/www.facebook.com\/Fuentes-Fidedignas-368234489921644","https:\/\/x.com\/fidedignas"]},{"@type":"Person","@id":"https:\/\/fuentesfidedignas.com.mx\/#\/schema\/person\/1c75a595e538894333ebe35c2bf6e23a","name":"Heraldo de M\u00e9xico","image":{"@type":"ImageObject","inLanguage":"es","@id":"https:\/\/secure.gravatar.com\/avatar\/6a6c40de68e5cf2d8aac15267bd2dad2b9fdeb309dac7c5a7c2bb87ed5b81cb6?s=96&d=mm&r=g","url":"https:\/\/secure.gravatar.com\/avatar\/6a6c40de68e5cf2d8aac15267bd2dad2b9fdeb309dac7c5a7c2bb87ed5b81cb6?s=96&d=mm&r=g","contentUrl":"https:\/\/secure.gravatar.com\/avatar\/6a6c40de68e5cf2d8aac15267bd2dad2b9fdeb309dac7c5a7c2bb87ed5b81cb6?s=96&d=mm&r=g","caption":"Heraldo de M\u00e9xico"},"url":"https:\/\/fuentesfidedignas.com.mx\/index.php\/author\/heraldo\/"}]}},"_links":{"self":[{"href":"https:\/\/fuentesfidedignas.com.mx\/index.php\/wp-json\/wp\/v2\/posts\/132364","targetHints":{"allow":["GET"]}}],"collection":[{"href":"https:\/\/fuentesfidedignas.com.mx\/index.php\/wp-json\/wp\/v2\/posts"}],"about":[{"href":"https:\/\/fuentesfidedignas.com.mx\/index.php\/wp-json\/wp\/v2\/types\/post"}],"author":[{"embeddable":true,"href":"https:\/\/fuentesfidedignas.com.mx\/index.php\/wp-json\/wp\/v2\/users\/37"}],"replies":[{"embeddable":true,"href":"https:\/\/fuentesfidedignas.com.mx\/index.php\/wp-json\/wp\/v2\/comments?post=132364"}],"version-history":[{"count":1,"href":"https:\/\/fuentesfidedignas.com.mx\/index.php\/wp-json\/wp\/v2\/posts\/132364\/revisions"}],"predecessor-version":[{"id":132366,"href":"https:\/\/fuentesfidedignas.com.mx\/index.php\/wp-json\/wp\/v2\/posts\/132364\/revisions\/132366"}],"wp:featuredmedia":[{"embeddable":true,"href":"https:\/\/fuentesfidedignas.com.mx\/index.php\/wp-json\/wp\/v2\/media\/132365"}],"wp:attachment":[{"href":"https:\/\/fuentesfidedignas.com.mx\/index.php\/wp-json\/wp\/v2\/media?parent=132364"}],"wp:term":[{"taxonomy":"category","embeddable":true,"href":"https:\/\/fuentesfidedignas.com.mx\/index.php\/wp-json\/wp\/v2\/categories?post=132364"},{"taxonomy":"post_tag","embeddable":true,"href":"https:\/\/fuentesfidedignas.com.mx\/index.php\/wp-json\/wp\/v2\/tags?post=132364"}],"curies":[{"name":"wp","href":"https:\/\/api.w.org\/{rel}","templated":true}]}}