{"id":132354,"date":"2026-04-27T12:19:55","date_gmt":"2026-04-27T19:19:55","guid":{"rendered":"https:\/\/fuentesfidedignas.com.mx\/?p=132354"},"modified":"2026-04-27T12:19:59","modified_gmt":"2026-04-27T19:19:59","slug":"si-hay-clases-el-lunes-4-de-abril-asegura-la-sepyc-pide-festejos-del-dia-de-la-ninez-saludables","status":"publish","type":"post","link":"https:\/\/fuentesfidedignas.com.mx\/index.php\/2026\/04\/27\/si-hay-clases-el-lunes-4-de-abril-asegura-la-sepyc-pide-festejos-del-dia-de-la-ninez-saludables\/","title":{"rendered":"&#8220;S\u00ed hay clases el lunes 4 de abril&#8221;, asegura la SEPyC; pide festejos del D\u00eda de la Ni\u00f1ez saludables"},"content":{"rendered":"\n<p><strong><em>Solicitan a las autoridades escolares que la celebraci\u00f3n se haga en estricto apego a los lineamientos de la Estrategia Nacional de \u201cVida Saludable\u201d.<\/em><\/strong><\/p>\n\n\n\n<p>Culiac\u00e1n, Sin.\u2014 En el marco de la conferencia &#8220;La Semanera&#8221;, encabezada por el gobernador, Dr. Rub\u00e9n Rocha Moya, la secretaria de Educaci\u00f3n P\u00fablica y Cultura, Lic. Gloria Himelda F\u00e9lix Niebla, inform\u00f3 que las celebraciones por el D\u00eda de la Ni\u00f1ez se llevar\u00e1n a cabo el jueves 30 de abril, en estricto apego a los lineamientos de la Estrategia Nacional de \u201cVida Saludable\u201d.<\/p>\n\n\n\n<p>Al destacar que esta festividad representa una tradici\u00f3n de gran arraigo, el Dr. Rocha Moya recomend\u00f3 que las actividades se desarrollen dentro de las aulas o centros escolares para garantizar el bienestar de la infancia. \u201cHay veces que sacabas a los ni\u00f1os al paseo. Regularmente se ha detenido esa idea, porque traer los ni\u00f1os fuera de la escuela y del aula, pues s\u00ed, son riesgos. Por eso los festejos los hacen adentro\u201d, precis\u00f3 el mandatario.<\/p>\n\n\n\n<p>Por su parte, la titular de la SEPyC mencion\u00f3 que se ha emitido una circular dirigida a todas las instituciones de Educaci\u00f3n B\u00e1sica: \u201cEl llamado que hemos emitido es que cada plantel educativo respete la Estrategia de Vida Saludable que est\u00e1 implementada y que ellos ya la conocen\u201d.<\/p>\n\n\n\n<p>F\u00e9lix Niebla puntualiz\u00f3 que el personal docente cuenta con las directrices pertinentes para la organizaci\u00f3n de los eventos. \u201cTienen un Manual de qu\u00e9 s\u00ed se puede introducir y qu\u00e9 no pueden llevar al aula. Preferentemente, evitar las bebidas con alto contenido cal\u00f3rico, evitar los dulces tambi\u00e9n con alto contenido de az\u00facares. Ya cada maestra, cada maestro supervisor, toda la estructura educativa tiene las indicaciones necesarias\u201d, subray\u00f3.<\/p>\n\n\n\n<p>Finalmente, la funcionaria record\u00f3 que, de acuerdo con el Calendario Escolar 2025-2026, el pr\u00f3ximo viernes 1 y el martes 5 de mayo ser\u00e1n d\u00edas de descanso para el sector educativo, en conmemoraci\u00f3n del D\u00eda del Trabajo y el aniversario de la Batalla de Puebla, respectivamente. Asimismo, aclar\u00f3 que el lunes 4 de mayo es d\u00eda h\u00e1bil, por lo que el magisterio estar\u00e1 presente en las aulas para recibir a los estudiantes de manera regular.<\/p>\n","protected":false},"excerpt":{"rendered":"<p>Solicitan a las autoridades escolares que la celebraci\u00f3n se haga en estricto apego a los lineamientos de la Estrategia Nacional de \u201cVida Saludable\u201d. Culiac\u00e1n, Sin.\u2014 En el marco de la conferencia &#8220;La Semanera&#8221;, encabezada por el gobernador, Dr. Rub\u00e9n Rocha Moya, la secretaria de Educaci\u00f3n P\u00fablica y Cultura, Lic. Gloria Himelda F\u00e9lix Niebla, inform\u00f3 que [&hellip;]<\/p>\n","protected":false},"author":4,"featured_media":80275,"comment_status":"open","ping_status":"open","sticky":false,"template":"","format":"standard","meta":{"tdm_status":"","tdm_grid_status":"","footnotes":""},"categories":[37],"tags":[],"class_list":{"0":"post-132354","1":"post","2":"type-post","3":"status-publish","4":"format-standard","5":"has-post-thumbnail","7":"category-nota-principal"},"yoast_head":"<!-- This site is optimized with the Yoast SEO plugin v27.4 - https:\/\/yoast.com\/product\/yoast-seo-wordpress\/ -->\n<title>&quot;S\u00ed hay clases el lunes 4 de abril&quot;, asegura la SEPyC; pide festejos del D\u00eda de la Ni\u00f1ez saludables - Fuentes Fidedignas<\/title>\n<meta name=\"robots\" content=\"index, follow, max-snippet:-1, max-image-preview:large, max-video-preview:-1\" \/>\n<link rel=\"canonical\" href=\"https:\/\/fuentesfidedignas.com.mx\/index.php\/2026\/04\/27\/si-hay-clases-el-lunes-4-de-abril-asegura-la-sepyc-pide-festejos-del-dia-de-la-ninez-saludables\/\" \/>\n<meta property=\"og:locale\" content=\"es_MX\" \/>\n<meta property=\"og:type\" content=\"article\" \/>\n<meta property=\"og:title\" content=\"&quot;S\u00ed hay clases el lunes 4 de abril&quot;, asegura la SEPyC; pide festejos del D\u00eda de la Ni\u00f1ez saludables - Fuentes Fidedignas\" \/>\n<meta property=\"og:description\" content=\"Solicitan a las autoridades escolares que la celebraci\u00f3n se haga en estricto apego a los lineamientos de la Estrategia Nacional de \u201cVida Saludable\u201d. Culiac\u00e1n, Sin.\u2014 En el marco de la conferencia &#8220;La Semanera&#8221;, encabezada por el gobernador, Dr. Rub\u00e9n Rocha Moya, la secretaria de Educaci\u00f3n P\u00fablica y Cultura, Lic. Gloria Himelda F\u00e9lix Niebla, inform\u00f3 que [&hellip;]\" \/>\n<meta property=\"og:url\" content=\"https:\/\/fuentesfidedignas.com.mx\/index.php\/2026\/04\/27\/si-hay-clases-el-lunes-4-de-abril-asegura-la-sepyc-pide-festejos-del-dia-de-la-ninez-saludables\/\" \/>\n<meta property=\"og:site_name\" content=\"Fuentes Fidedignas\" \/>\n<meta property=\"article:publisher\" content=\"https:\/\/www.facebook.com\/Fuentes-Fidedignas-368234489921644\" \/>\n<meta property=\"article:published_time\" content=\"2026-04-27T19:19:55+00:00\" \/>\n<meta property=\"article:modified_time\" content=\"2026-04-27T19:19:59+00:00\" \/>\n<meta property=\"og:image\" content=\"https:\/\/fuentesfidedignas.com.mx\/wp-content\/uploads\/2024\/04\/dia-nino.jpg\" \/>\n\t<meta property=\"og:image:width\" content=\"600\" \/>\n\t<meta property=\"og:image:height\" content=\"400\" \/>\n\t<meta property=\"og:image:type\" content=\"image\/jpeg\" \/>\n<meta name=\"author\" content=\"Redacci\u00f3n\" \/>\n<meta name=\"twitter:card\" content=\"summary_large_image\" \/>\n<meta name=\"twitter:creator\" content=\"@fidedignas\" \/>\n<meta name=\"twitter:site\" content=\"@fidedignas\" \/>\n<meta name=\"twitter:label1\" content=\"Escrito por\" \/>\n\t<meta name=\"twitter:data1\" content=\"Redacci\u00f3n\" \/>\n\t<meta name=\"twitter:label2\" content=\"Tiempo de lectura\" \/>\n\t<meta name=\"twitter:data2\" content=\"2 minutos\" \/>\n<script type=\"application\/ld+json\" class=\"yoast-schema-graph\">{\"@context\":\"https:\\\/\\\/schema.org\",\"@graph\":[{\"@type\":\"Article\",\"@id\":\"https:\\\/\\\/fuentesfidedignas.com.mx\\\/index.php\\\/2026\\\/04\\\/27\\\/si-hay-clases-el-lunes-4-de-abril-asegura-la-sepyc-pide-festejos-del-dia-de-la-ninez-saludables\\\/#article\",\"isPartOf\":{\"@id\":\"https:\\\/\\\/fuentesfidedignas.com.mx\\\/index.php\\\/2026\\\/04\\\/27\\\/si-hay-clases-el-lunes-4-de-abril-asegura-la-sepyc-pide-festejos-del-dia-de-la-ninez-saludables\\\/\"},\"author\":{\"name\":\"Redacci\u00f3n\",\"@id\":\"https:\\\/\\\/fuentesfidedignas.com.mx\\\/#\\\/schema\\\/person\\\/331be9283d37198e2acd5750279085b0\"},\"headline\":\"&#8220;S\u00ed hay clases el lunes 4 de abril&#8221;, asegura la SEPyC; pide festejos del D\u00eda de la Ni\u00f1ez saludables\",\"datePublished\":\"2026-04-27T19:19:55+00:00\",\"dateModified\":\"2026-04-27T19:19:59+00:00\",\"mainEntityOfPage\":{\"@id\":\"https:\\\/\\\/fuentesfidedignas.com.mx\\\/index.php\\\/2026\\\/04\\\/27\\\/si-hay-clases-el-lunes-4-de-abril-asegura-la-sepyc-pide-festejos-del-dia-de-la-ninez-saludables\\\/\"},\"wordCount\":390,\"commentCount\":0,\"publisher\":{\"@id\":\"https:\\\/\\\/fuentesfidedignas.com.mx\\\/#organization\"},\"image\":{\"@id\":\"https:\\\/\\\/fuentesfidedignas.com.mx\\\/index.php\\\/2026\\\/04\\\/27\\\/si-hay-clases-el-lunes-4-de-abril-asegura-la-sepyc-pide-festejos-del-dia-de-la-ninez-saludables\\\/#primaryimage\"},\"thumbnailUrl\":\"https:\\\/\\\/fuentesfidedignas.com.mx\\\/wp-content\\\/uploads\\\/2024\\\/04\\\/dia-nino.jpg\",\"articleSection\":[\"NOTA PRINCIPAL\"],\"inLanguage\":\"es\",\"potentialAction\":[{\"@type\":\"CommentAction\",\"name\":\"Comment\",\"target\":[\"https:\\\/\\\/fuentesfidedignas.com.mx\\\/index.php\\\/2026\\\/04\\\/27\\\/si-hay-clases-el-lunes-4-de-abril-asegura-la-sepyc-pide-festejos-del-dia-de-la-ninez-saludables\\\/#respond\"]}]},{\"@type\":\"WebPage\",\"@id\":\"https:\\\/\\\/fuentesfidedignas.com.mx\\\/index.php\\\/2026\\\/04\\\/27\\\/si-hay-clases-el-lunes-4-de-abril-asegura-la-sepyc-pide-festejos-del-dia-de-la-ninez-saludables\\\/\",\"url\":\"https:\\\/\\\/fuentesfidedignas.com.mx\\\/index.php\\\/2026\\\/04\\\/27\\\/si-hay-clases-el-lunes-4-de-abril-asegura-la-sepyc-pide-festejos-del-dia-de-la-ninez-saludables\\\/\",\"name\":\"\\\"S\u00ed hay clases el lunes 4 de abril\\\", asegura la SEPyC; pide festejos del D\u00eda de la Ni\u00f1ez saludables - Fuentes Fidedignas\",\"isPartOf\":{\"@id\":\"https:\\\/\\\/fuentesfidedignas.com.mx\\\/#website\"},\"primaryImageOfPage\":{\"@id\":\"https:\\\/\\\/fuentesfidedignas.com.mx\\\/index.php\\\/2026\\\/04\\\/27\\\/si-hay-clases-el-lunes-4-de-abril-asegura-la-sepyc-pide-festejos-del-dia-de-la-ninez-saludables\\\/#primaryimage\"},\"image\":{\"@id\":\"https:\\\/\\\/fuentesfidedignas.com.mx\\\/index.php\\\/2026\\\/04\\\/27\\\/si-hay-clases-el-lunes-4-de-abril-asegura-la-sepyc-pide-festejos-del-dia-de-la-ninez-saludables\\\/#primaryimage\"},\"thumbnailUrl\":\"https:\\\/\\\/fuentesfidedignas.com.mx\\\/wp-content\\\/uploads\\\/2024\\\/04\\\/dia-nino.jpg\",\"datePublished\":\"2026-04-27T19:19:55+00:00\",\"dateModified\":\"2026-04-27T19:19:59+00:00\",\"breadcrumb\":{\"@id\":\"https:\\\/\\\/fuentesfidedignas.com.mx\\\/index.php\\\/2026\\\/04\\\/27\\\/si-hay-clases-el-lunes-4-de-abril-asegura-la-sepyc-pide-festejos-del-dia-de-la-ninez-saludables\\\/#breadcrumb\"},\"inLanguage\":\"es\",\"potentialAction\":[{\"@type\":\"ReadAction\",\"target\":[\"https:\\\/\\\/fuentesfidedignas.com.mx\\\/index.php\\\/2026\\\/04\\\/27\\\/si-hay-clases-el-lunes-4-de-abril-asegura-la-sepyc-pide-festejos-del-dia-de-la-ninez-saludables\\\/\"]}]},{\"@type\":\"ImageObject\",\"inLanguage\":\"es\",\"@id\":\"https:\\\/\\\/fuentesfidedignas.com.mx\\\/index.php\\\/2026\\\/04\\\/27\\\/si-hay-clases-el-lunes-4-de-abril-asegura-la-sepyc-pide-festejos-del-dia-de-la-ninez-saludables\\\/#primaryimage\",\"url\":\"https:\\\/\\\/fuentesfidedignas.com.mx\\\/wp-content\\\/uploads\\\/2024\\\/04\\\/dia-nino.jpg\",\"contentUrl\":\"https:\\\/\\\/fuentesfidedignas.com.mx\\\/wp-content\\\/uploads\\\/2024\\\/04\\\/dia-nino.jpg\",\"width\":600,\"height\":400},{\"@type\":\"BreadcrumbList\",\"@id\":\"https:\\\/\\\/fuentesfidedignas.com.mx\\\/index.php\\\/2026\\\/04\\\/27\\\/si-hay-clases-el-lunes-4-de-abril-asegura-la-sepyc-pide-festejos-del-dia-de-la-ninez-saludables\\\/#breadcrumb\",\"itemListElement\":[{\"@type\":\"ListItem\",\"position\":1,\"name\":\"Inicio\",\"item\":\"https:\\\/\\\/fuentesfidedignas.com.mx\\\/\"},{\"@type\":\"ListItem\",\"position\":2,\"name\":\"&#8220;S\u00ed hay clases el lunes 4 de abril&#8221;, asegura la SEPyC; pide festejos del D\u00eda de la Ni\u00f1ez saludables\"}]},{\"@type\":\"WebSite\",\"@id\":\"https:\\\/\\\/fuentesfidedignas.com.mx\\\/#website\",\"url\":\"https:\\\/\\\/fuentesfidedignas.com.mx\\\/\",\"name\":\"Fuentes Fidedignas\",\"description\":\"Otro sitio realizado con WordPress\",\"publisher\":{\"@id\":\"https:\\\/\\\/fuentesfidedignas.com.mx\\\/#organization\"},\"potentialAction\":[{\"@type\":\"SearchAction\",\"target\":{\"@type\":\"EntryPoint\",\"urlTemplate\":\"https:\\\/\\\/fuentesfidedignas.com.mx\\\/?s={search_term_string}\"},\"query-input\":{\"@type\":\"PropertyValueSpecification\",\"valueRequired\":true,\"valueName\":\"search_term_string\"}}],\"inLanguage\":\"es\"},{\"@type\":\"Organization\",\"@id\":\"https:\\\/\\\/fuentesfidedignas.com.mx\\\/#organization\",\"name\":\"Fuentes Fidedignas\",\"url\":\"https:\\\/\\\/fuentesfidedignas.com.mx\\\/\",\"logo\":{\"@type\":\"ImageObject\",\"inLanguage\":\"es\",\"@id\":\"https:\\\/\\\/fuentesfidedignas.com.mx\\\/#\\\/schema\\\/logo\\\/image\\\/\",\"url\":\"https:\\\/\\\/fuentesfidedignas.com.mx\\\/wp-content\\\/uploads\\\/2021\\\/04\\\/logo-retina.png\",\"contentUrl\":\"https:\\\/\\\/fuentesfidedignas.com.mx\\\/wp-content\\\/uploads\\\/2021\\\/04\\\/logo-retina.png\",\"width\":280,\"height\":51,\"caption\":\"Fuentes Fidedignas\"},\"image\":{\"@id\":\"https:\\\/\\\/fuentesfidedignas.com.mx\\\/#\\\/schema\\\/logo\\\/image\\\/\"},\"sameAs\":[\"https:\\\/\\\/www.facebook.com\\\/Fuentes-Fidedignas-368234489921644\",\"https:\\\/\\\/x.com\\\/fidedignas\"]},{\"@type\":\"Person\",\"@id\":\"https:\\\/\\\/fuentesfidedignas.com.mx\\\/#\\\/schema\\\/person\\\/331be9283d37198e2acd5750279085b0\",\"name\":\"Redacci\u00f3n\",\"image\":{\"@type\":\"ImageObject\",\"inLanguage\":\"es\",\"@id\":\"https:\\\/\\\/secure.gravatar.com\\\/avatar\\\/f6d8782c11d12b2d4ad3fbb6931aeab5309937a4d6cd2fc9cfaa28a6396a5aec?s=96&d=mm&r=g\",\"url\":\"https:\\\/\\\/secure.gravatar.com\\\/avatar\\\/f6d8782c11d12b2d4ad3fbb6931aeab5309937a4d6cd2fc9cfaa28a6396a5aec?s=96&d=mm&r=g\",\"contentUrl\":\"https:\\\/\\\/secure.gravatar.com\\\/avatar\\\/f6d8782c11d12b2d4ad3fbb6931aeab5309937a4d6cd2fc9cfaa28a6396a5aec?s=96&d=mm&r=g\",\"caption\":\"Redacci\u00f3n\"},\"url\":\"https:\\\/\\\/fuentesfidedignas.com.mx\\\/index.php\\\/author\\\/redaccion\\\/\"}]}<\/script>\n<!-- \/ Yoast SEO plugin. -->","yoast_head_json":{"title":"\"S\u00ed hay clases el lunes 4 de abril\", asegura la SEPyC; pide festejos del D\u00eda de la Ni\u00f1ez saludables - Fuentes Fidedignas","robots":{"index":"index","follow":"follow","max-snippet":"max-snippet:-1","max-image-preview":"max-image-preview:large","max-video-preview":"max-video-preview:-1"},"canonical":"https:\/\/fuentesfidedignas.com.mx\/index.php\/2026\/04\/27\/si-hay-clases-el-lunes-4-de-abril-asegura-la-sepyc-pide-festejos-del-dia-de-la-ninez-saludables\/","og_locale":"es_MX","og_type":"article","og_title":"\"S\u00ed hay clases el lunes 4 de abril\", asegura la SEPyC; pide festejos del D\u00eda de la Ni\u00f1ez saludables - Fuentes Fidedignas","og_description":"Solicitan a las autoridades escolares que la celebraci\u00f3n se haga en estricto apego a los lineamientos de la Estrategia Nacional de \u201cVida Saludable\u201d. Culiac\u00e1n, Sin.\u2014 En el marco de la conferencia &#8220;La Semanera&#8221;, encabezada por el gobernador, Dr. Rub\u00e9n Rocha Moya, la secretaria de Educaci\u00f3n P\u00fablica y Cultura, Lic. Gloria Himelda F\u00e9lix Niebla, inform\u00f3 que [&hellip;]","og_url":"https:\/\/fuentesfidedignas.com.mx\/index.php\/2026\/04\/27\/si-hay-clases-el-lunes-4-de-abril-asegura-la-sepyc-pide-festejos-del-dia-de-la-ninez-saludables\/","og_site_name":"Fuentes Fidedignas","article_publisher":"https:\/\/www.facebook.com\/Fuentes-Fidedignas-368234489921644","article_published_time":"2026-04-27T19:19:55+00:00","article_modified_time":"2026-04-27T19:19:59+00:00","og_image":[{"width":600,"height":400,"url":"https:\/\/fuentesfidedignas.com.mx\/wp-content\/uploads\/2024\/04\/dia-nino.jpg","type":"image\/jpeg"}],"author":"Redacci\u00f3n","twitter_card":"summary_large_image","twitter_creator":"@fidedignas","twitter_site":"@fidedignas","twitter_misc":{"Escrito por":"Redacci\u00f3n","Tiempo de lectura":"2 minutos"},"schema":{"@context":"https:\/\/schema.org","@graph":[{"@type":"Article","@id":"https:\/\/fuentesfidedignas.com.mx\/index.php\/2026\/04\/27\/si-hay-clases-el-lunes-4-de-abril-asegura-la-sepyc-pide-festejos-del-dia-de-la-ninez-saludables\/#article","isPartOf":{"@id":"https:\/\/fuentesfidedignas.com.mx\/index.php\/2026\/04\/27\/si-hay-clases-el-lunes-4-de-abril-asegura-la-sepyc-pide-festejos-del-dia-de-la-ninez-saludables\/"},"author":{"name":"Redacci\u00f3n","@id":"https:\/\/fuentesfidedignas.com.mx\/#\/schema\/person\/331be9283d37198e2acd5750279085b0"},"headline":"&#8220;S\u00ed hay clases el lunes 4 de abril&#8221;, asegura la SEPyC; pide festejos del D\u00eda de la Ni\u00f1ez saludables","datePublished":"2026-04-27T19:19:55+00:00","dateModified":"2026-04-27T19:19:59+00:00","mainEntityOfPage":{"@id":"https:\/\/fuentesfidedignas.com.mx\/index.php\/2026\/04\/27\/si-hay-clases-el-lunes-4-de-abril-asegura-la-sepyc-pide-festejos-del-dia-de-la-ninez-saludables\/"},"wordCount":390,"commentCount":0,"publisher":{"@id":"https:\/\/fuentesfidedignas.com.mx\/#organization"},"image":{"@id":"https:\/\/fuentesfidedignas.com.mx\/index.php\/2026\/04\/27\/si-hay-clases-el-lunes-4-de-abril-asegura-la-sepyc-pide-festejos-del-dia-de-la-ninez-saludables\/#primaryimage"},"thumbnailUrl":"https:\/\/fuentesfidedignas.com.mx\/wp-content\/uploads\/2024\/04\/dia-nino.jpg","articleSection":["NOTA PRINCIPAL"],"inLanguage":"es","potentialAction":[{"@type":"CommentAction","name":"Comment","target":["https:\/\/fuentesfidedignas.com.mx\/index.php\/2026\/04\/27\/si-hay-clases-el-lunes-4-de-abril-asegura-la-sepyc-pide-festejos-del-dia-de-la-ninez-saludables\/#respond"]}]},{"@type":"WebPage","@id":"https:\/\/fuentesfidedignas.com.mx\/index.php\/2026\/04\/27\/si-hay-clases-el-lunes-4-de-abril-asegura-la-sepyc-pide-festejos-del-dia-de-la-ninez-saludables\/","url":"https:\/\/fuentesfidedignas.com.mx\/index.php\/2026\/04\/27\/si-hay-clases-el-lunes-4-de-abril-asegura-la-sepyc-pide-festejos-del-dia-de-la-ninez-saludables\/","name":"\"S\u00ed hay clases el lunes 4 de abril\", asegura la SEPyC; pide festejos del D\u00eda de la Ni\u00f1ez saludables - Fuentes Fidedignas","isPartOf":{"@id":"https:\/\/fuentesfidedignas.com.mx\/#website"},"primaryImageOfPage":{"@id":"https:\/\/fuentesfidedignas.com.mx\/index.php\/2026\/04\/27\/si-hay-clases-el-lunes-4-de-abril-asegura-la-sepyc-pide-festejos-del-dia-de-la-ninez-saludables\/#primaryimage"},"image":{"@id":"https:\/\/fuentesfidedignas.com.mx\/index.php\/2026\/04\/27\/si-hay-clases-el-lunes-4-de-abril-asegura-la-sepyc-pide-festejos-del-dia-de-la-ninez-saludables\/#primaryimage"},"thumbnailUrl":"https:\/\/fuentesfidedignas.com.mx\/wp-content\/uploads\/2024\/04\/dia-nino.jpg","datePublished":"2026-04-27T19:19:55+00:00","dateModified":"2026-04-27T19:19:59+00:00","breadcrumb":{"@id":"https:\/\/fuentesfidedignas.com.mx\/index.php\/2026\/04\/27\/si-hay-clases-el-lunes-4-de-abril-asegura-la-sepyc-pide-festejos-del-dia-de-la-ninez-saludables\/#breadcrumb"},"inLanguage":"es","potentialAction":[{"@type":"ReadAction","target":["https:\/\/fuentesfidedignas.com.mx\/index.php\/2026\/04\/27\/si-hay-clases-el-lunes-4-de-abril-asegura-la-sepyc-pide-festejos-del-dia-de-la-ninez-saludables\/"]}]},{"@type":"ImageObject","inLanguage":"es","@id":"https:\/\/fuentesfidedignas.com.mx\/index.php\/2026\/04\/27\/si-hay-clases-el-lunes-4-de-abril-asegura-la-sepyc-pide-festejos-del-dia-de-la-ninez-saludables\/#primaryimage","url":"https:\/\/fuentesfidedignas.com.mx\/wp-content\/uploads\/2024\/04\/dia-nino.jpg","contentUrl":"https:\/\/fuentesfidedignas.com.mx\/wp-content\/uploads\/2024\/04\/dia-nino.jpg","width":600,"height":400},{"@type":"BreadcrumbList","@id":"https:\/\/fuentesfidedignas.com.mx\/index.php\/2026\/04\/27\/si-hay-clases-el-lunes-4-de-abril-asegura-la-sepyc-pide-festejos-del-dia-de-la-ninez-saludables\/#breadcrumb","itemListElement":[{"@type":"ListItem","position":1,"name":"Inicio","item":"https:\/\/fuentesfidedignas.com.mx\/"},{"@type":"ListItem","position":2,"name":"&#8220;S\u00ed hay clases el lunes 4 de abril&#8221;, asegura la SEPyC; pide festejos del D\u00eda de la Ni\u00f1ez saludables"}]},{"@type":"WebSite","@id":"https:\/\/fuentesfidedignas.com.mx\/#website","url":"https:\/\/fuentesfidedignas.com.mx\/","name":"Fuentes Fidedignas","description":"Otro sitio realizado con WordPress","publisher":{"@id":"https:\/\/fuentesfidedignas.com.mx\/#organization"},"potentialAction":[{"@type":"SearchAction","target":{"@type":"EntryPoint","urlTemplate":"https:\/\/fuentesfidedignas.com.mx\/?s={search_term_string}"},"query-input":{"@type":"PropertyValueSpecification","valueRequired":true,"valueName":"search_term_string"}}],"inLanguage":"es"},{"@type":"Organization","@id":"https:\/\/fuentesfidedignas.com.mx\/#organization","name":"Fuentes Fidedignas","url":"https:\/\/fuentesfidedignas.com.mx\/","logo":{"@type":"ImageObject","inLanguage":"es","@id":"https:\/\/fuentesfidedignas.com.mx\/#\/schema\/logo\/image\/","url":"https:\/\/fuentesfidedignas.com.mx\/wp-content\/uploads\/2021\/04\/logo-retina.png","contentUrl":"https:\/\/fuentesfidedignas.com.mx\/wp-content\/uploads\/2021\/04\/logo-retina.png","width":280,"height":51,"caption":"Fuentes Fidedignas"},"image":{"@id":"https:\/\/fuentesfidedignas.com.mx\/#\/schema\/logo\/image\/"},"sameAs":["https:\/\/www.facebook.com\/Fuentes-Fidedignas-368234489921644","https:\/\/x.com\/fidedignas"]},{"@type":"Person","@id":"https:\/\/fuentesfidedignas.com.mx\/#\/schema\/person\/331be9283d37198e2acd5750279085b0","name":"Redacci\u00f3n","image":{"@type":"ImageObject","inLanguage":"es","@id":"https:\/\/secure.gravatar.com\/avatar\/f6d8782c11d12b2d4ad3fbb6931aeab5309937a4d6cd2fc9cfaa28a6396a5aec?s=96&d=mm&r=g","url":"https:\/\/secure.gravatar.com\/avatar\/f6d8782c11d12b2d4ad3fbb6931aeab5309937a4d6cd2fc9cfaa28a6396a5aec?s=96&d=mm&r=g","contentUrl":"https:\/\/secure.gravatar.com\/avatar\/f6d8782c11d12b2d4ad3fbb6931aeab5309937a4d6cd2fc9cfaa28a6396a5aec?s=96&d=mm&r=g","caption":"Redacci\u00f3n"},"url":"https:\/\/fuentesfidedignas.com.mx\/index.php\/author\/redaccion\/"}]}},"_links":{"self":[{"href":"https:\/\/fuentesfidedignas.com.mx\/index.php\/wp-json\/wp\/v2\/posts\/132354","targetHints":{"allow":["GET"]}}],"collection":[{"href":"https:\/\/fuentesfidedignas.com.mx\/index.php\/wp-json\/wp\/v2\/posts"}],"about":[{"href":"https:\/\/fuentesfidedignas.com.mx\/index.php\/wp-json\/wp\/v2\/types\/post"}],"author":[{"embeddable":true,"href":"https:\/\/fuentesfidedignas.com.mx\/index.php\/wp-json\/wp\/v2\/users\/4"}],"replies":[{"embeddable":true,"href":"https:\/\/fuentesfidedignas.com.mx\/index.php\/wp-json\/wp\/v2\/comments?post=132354"}],"version-history":[{"count":1,"href":"https:\/\/fuentesfidedignas.com.mx\/index.php\/wp-json\/wp\/v2\/posts\/132354\/revisions"}],"predecessor-version":[{"id":132355,"href":"https:\/\/fuentesfidedignas.com.mx\/index.php\/wp-json\/wp\/v2\/posts\/132354\/revisions\/132355"}],"wp:featuredmedia":[{"embeddable":true,"href":"https:\/\/fuentesfidedignas.com.mx\/index.php\/wp-json\/wp\/v2\/media\/80275"}],"wp:attachment":[{"href":"https:\/\/fuentesfidedignas.com.mx\/index.php\/wp-json\/wp\/v2\/media?parent=132354"}],"wp:term":[{"taxonomy":"category","embeddable":true,"href":"https:\/\/fuentesfidedignas.com.mx\/index.php\/wp-json\/wp\/v2\/categories?post=132354"},{"taxonomy":"post_tag","embeddable":true,"href":"https:\/\/fuentesfidedignas.com.mx\/index.php\/wp-json\/wp\/v2\/tags?post=132354"}],"curies":[{"name":"wp","href":"https:\/\/api.w.org\/{rel}","templated":true}]}}