{"id":132342,"date":"2026-04-27T11:40:39","date_gmt":"2026-04-27T18:40:39","guid":{"rendered":"https:\/\/fuentesfidedignas.com.mx\/?p=132342"},"modified":"2026-04-27T11:40:44","modified_gmt":"2026-04-27T18:40:44","slug":"en-acciones-preventivas-por-dia-de-la-ninez-y-dia-de-las-madres-suspenden-dos-panaderias","status":"publish","type":"post","link":"https:\/\/fuentesfidedignas.com.mx\/index.php\/2026\/04\/27\/en-acciones-preventivas-por-dia-de-la-ninez-y-dia-de-las-madres-suspenden-dos-panaderias\/","title":{"rendered":"En acciones preventivas por D\u00eda de la Ni\u00f1ez y D\u00eda de las Madres suspenden dos panader\u00edas"},"content":{"rendered":"\n<p><strong><em>Refuerza COEPRISS vigilancia sanitaria en pasteler\u00edas y panader\u00edas de Sinaloa.<\/em><\/strong><\/p>\n\n\n\n<p>Culiac\u00e1n, Sin. La Comisi\u00f3n Estatal para la Protecci\u00f3n contra Riesgos Sanitarios de Sinaloa (COEPRISS) informa que, ante el incremento en la demanda de productos con motivo del D\u00eda de las Madres y el D\u00eda de la Ni\u00f1ez, se han intensificado las acciones de verificaci\u00f3n sanitaria en pasteler\u00edas y panader\u00edas del estado.<\/p>\n\n\n\n<p>Estas visitas tienen como objetivo garantizar que los establecimientos cumplan con la normatividad vigente en materia de higiene y manejo adecuado de alimentos, especialmente en temporadas donde aumenta la producci\u00f3n y comercializaci\u00f3n de productos como pasteles, panes y reposter\u00eda.<\/p>\n\n\n\n<p>Durante los operativos, el personal verificador supervisa aspectos fundamentales como la correcta manipulaci\u00f3n de alimentos, limpieza y desinfecci\u00f3n de \u00e1reas de trabajo, almacenamiento adecuado de insumos, control de plagas, as\u00ed como las condiciones de salud e higiene del personal.<\/p>\n\n\n\n<p>De igual manera, se revisa que los productos est\u00e9n debidamente protegidos contra contaminaci\u00f3n, en buen estado y, cuando aplique, cuenten con fechas de caducidad visibles, con el fin de prevenir riesgos a la salud de la poblaci\u00f3n.<\/p>\n\n\n\n<p>Beatriz Aguiar Monroy, Comisionada Estatal de COEPRISS, mencion\u00f3 que: \u201cComo resultado de estas acciones, se han aplicado dos medidas de suspensi\u00f3n total a establecimientos que no cumpl\u00edan con las condiciones sanitarias requeridas, con el prop\u00f3sito de salvaguardar la salud de las y los consumidores y garantizar la correcci\u00f3n inmediata de las irregularidades detectadas\u201d.<\/p>\n\n\n\n<p>COEPRISS exhorta a las y los propietarios de estos establecimientos a reforzar sus medidas sanitarias, mantener la capacitaci\u00f3n constante de su personal y cumplir con la regulaci\u00f3n aplicable, a fin de brindar productos seguros y de calidad durante estas fechas de alta demanda.<\/p>\n\n\n\n<p>Asimismo, se invita a la ciudadan\u00eda a adquirir sus productos en lugares que cumplan con condiciones higi\u00e9nicas adecuadas y a reportar cualquier irregularidad que pueda representar un riesgo sanitario.<\/p>\n\n\n\n<p>Con estos procedimientos COEPRISS reafirma su compromiso de proteger la salud de las familias sinaloenses, especialmente en celebraciones donde el consumo de estos productos incrementa significativamente.<\/p>\n","protected":false},"excerpt":{"rendered":"<p>Refuerza COEPRISS vigilancia sanitaria en pasteler\u00edas y panader\u00edas de Sinaloa. Culiac\u00e1n, Sin. La Comisi\u00f3n Estatal para la Protecci\u00f3n contra Riesgos Sanitarios de Sinaloa (COEPRISS) informa que, ante el incremento en la demanda de productos con motivo del D\u00eda de las Madres y el D\u00eda de la Ni\u00f1ez, se han intensificado las acciones de verificaci\u00f3n sanitaria [&hellip;]<\/p>\n","protected":false},"author":4,"featured_media":132343,"comment_status":"open","ping_status":"open","sticky":false,"template":"","format":"standard","meta":{"tdm_status":"","tdm_grid_status":"","footnotes":""},"categories":[38],"tags":[],"class_list":{"0":"post-132342","1":"post","2":"type-post","3":"status-publish","4":"format-standard","5":"has-post-thumbnail","7":"category-noticias-locales"},"yoast_head":"<!-- This site is optimized with the Yoast SEO plugin v27.4 - https:\/\/yoast.com\/product\/yoast-seo-wordpress\/ -->\n<title>En acciones preventivas por D\u00eda de la Ni\u00f1ez y D\u00eda de las Madres suspenden dos panader\u00edas - Fuentes Fidedignas<\/title>\n<meta name=\"robots\" content=\"index, follow, max-snippet:-1, max-image-preview:large, max-video-preview:-1\" \/>\n<link rel=\"canonical\" href=\"https:\/\/fuentesfidedignas.com.mx\/index.php\/2026\/04\/27\/en-acciones-preventivas-por-dia-de-la-ninez-y-dia-de-las-madres-suspenden-dos-panaderias\/\" \/>\n<meta property=\"og:locale\" content=\"es_MX\" \/>\n<meta property=\"og:type\" content=\"article\" \/>\n<meta property=\"og:title\" content=\"En acciones preventivas por D\u00eda de la Ni\u00f1ez y D\u00eda de las Madres suspenden dos panader\u00edas - Fuentes Fidedignas\" \/>\n<meta property=\"og:description\" content=\"Refuerza COEPRISS vigilancia sanitaria en pasteler\u00edas y panader\u00edas de Sinaloa. Culiac\u00e1n, Sin. La Comisi\u00f3n Estatal para la Protecci\u00f3n contra Riesgos Sanitarios de Sinaloa (COEPRISS) informa que, ante el incremento en la demanda de productos con motivo del D\u00eda de las Madres y el D\u00eda de la Ni\u00f1ez, se han intensificado las acciones de verificaci\u00f3n sanitaria [&hellip;]\" \/>\n<meta property=\"og:url\" content=\"https:\/\/fuentesfidedignas.com.mx\/index.php\/2026\/04\/27\/en-acciones-preventivas-por-dia-de-la-ninez-y-dia-de-las-madres-suspenden-dos-panaderias\/\" \/>\n<meta property=\"og:site_name\" content=\"Fuentes Fidedignas\" \/>\n<meta property=\"article:publisher\" content=\"https:\/\/www.facebook.com\/Fuentes-Fidedignas-368234489921644\" \/>\n<meta property=\"article:published_time\" content=\"2026-04-27T18:40:39+00:00\" \/>\n<meta property=\"article:modified_time\" content=\"2026-04-27T18:40:44+00:00\" \/>\n<meta property=\"og:image\" content=\"https:\/\/fuentesfidedignas.com.mx\/wp-content\/uploads\/2026\/04\/suspension-coepriss.jpeg\" \/>\n\t<meta property=\"og:image:width\" content=\"500\" \/>\n\t<meta property=\"og:image:height\" content=\"284\" \/>\n\t<meta property=\"og:image:type\" content=\"image\/jpeg\" \/>\n<meta name=\"author\" content=\"Redacci\u00f3n\" \/>\n<meta name=\"twitter:card\" content=\"summary_large_image\" \/>\n<meta name=\"twitter:creator\" content=\"@fidedignas\" \/>\n<meta name=\"twitter:site\" content=\"@fidedignas\" \/>\n<meta name=\"twitter:label1\" content=\"Escrito por\" \/>\n\t<meta name=\"twitter:data1\" content=\"Redacci\u00f3n\" \/>\n\t<meta name=\"twitter:label2\" content=\"Tiempo de lectura\" \/>\n\t<meta name=\"twitter:data2\" content=\"2 minutos\" \/>\n<script type=\"application\/ld+json\" class=\"yoast-schema-graph\">{\"@context\":\"https:\\\/\\\/schema.org\",\"@graph\":[{\"@type\":\"Article\",\"@id\":\"https:\\\/\\\/fuentesfidedignas.com.mx\\\/index.php\\\/2026\\\/04\\\/27\\\/en-acciones-preventivas-por-dia-de-la-ninez-y-dia-de-las-madres-suspenden-dos-panaderias\\\/#article\",\"isPartOf\":{\"@id\":\"https:\\\/\\\/fuentesfidedignas.com.mx\\\/index.php\\\/2026\\\/04\\\/27\\\/en-acciones-preventivas-por-dia-de-la-ninez-y-dia-de-las-madres-suspenden-dos-panaderias\\\/\"},\"author\":{\"name\":\"Redacci\u00f3n\",\"@id\":\"https:\\\/\\\/fuentesfidedignas.com.mx\\\/#\\\/schema\\\/person\\\/331be9283d37198e2acd5750279085b0\"},\"headline\":\"En acciones preventivas por D\u00eda de la Ni\u00f1ez y D\u00eda de las Madres suspenden dos panader\u00edas\",\"datePublished\":\"2026-04-27T18:40:39+00:00\",\"dateModified\":\"2026-04-27T18:40:44+00:00\",\"mainEntityOfPage\":{\"@id\":\"https:\\\/\\\/fuentesfidedignas.com.mx\\\/index.php\\\/2026\\\/04\\\/27\\\/en-acciones-preventivas-por-dia-de-la-ninez-y-dia-de-las-madres-suspenden-dos-panaderias\\\/\"},\"wordCount\":374,\"commentCount\":0,\"publisher\":{\"@id\":\"https:\\\/\\\/fuentesfidedignas.com.mx\\\/#organization\"},\"image\":{\"@id\":\"https:\\\/\\\/fuentesfidedignas.com.mx\\\/index.php\\\/2026\\\/04\\\/27\\\/en-acciones-preventivas-por-dia-de-la-ninez-y-dia-de-las-madres-suspenden-dos-panaderias\\\/#primaryimage\"},\"thumbnailUrl\":\"https:\\\/\\\/fuentesfidedignas.com.mx\\\/wp-content\\\/uploads\\\/2026\\\/04\\\/suspension-coepriss.jpeg\",\"articleSection\":[\"NOTICIAS LOCALES\"],\"inLanguage\":\"es\",\"potentialAction\":[{\"@type\":\"CommentAction\",\"name\":\"Comment\",\"target\":[\"https:\\\/\\\/fuentesfidedignas.com.mx\\\/index.php\\\/2026\\\/04\\\/27\\\/en-acciones-preventivas-por-dia-de-la-ninez-y-dia-de-las-madres-suspenden-dos-panaderias\\\/#respond\"]}]},{\"@type\":\"WebPage\",\"@id\":\"https:\\\/\\\/fuentesfidedignas.com.mx\\\/index.php\\\/2026\\\/04\\\/27\\\/en-acciones-preventivas-por-dia-de-la-ninez-y-dia-de-las-madres-suspenden-dos-panaderias\\\/\",\"url\":\"https:\\\/\\\/fuentesfidedignas.com.mx\\\/index.php\\\/2026\\\/04\\\/27\\\/en-acciones-preventivas-por-dia-de-la-ninez-y-dia-de-las-madres-suspenden-dos-panaderias\\\/\",\"name\":\"En acciones preventivas por D\u00eda de la Ni\u00f1ez y D\u00eda de las Madres suspenden dos panader\u00edas - Fuentes Fidedignas\",\"isPartOf\":{\"@id\":\"https:\\\/\\\/fuentesfidedignas.com.mx\\\/#website\"},\"primaryImageOfPage\":{\"@id\":\"https:\\\/\\\/fuentesfidedignas.com.mx\\\/index.php\\\/2026\\\/04\\\/27\\\/en-acciones-preventivas-por-dia-de-la-ninez-y-dia-de-las-madres-suspenden-dos-panaderias\\\/#primaryimage\"},\"image\":{\"@id\":\"https:\\\/\\\/fuentesfidedignas.com.mx\\\/index.php\\\/2026\\\/04\\\/27\\\/en-acciones-preventivas-por-dia-de-la-ninez-y-dia-de-las-madres-suspenden-dos-panaderias\\\/#primaryimage\"},\"thumbnailUrl\":\"https:\\\/\\\/fuentesfidedignas.com.mx\\\/wp-content\\\/uploads\\\/2026\\\/04\\\/suspension-coepriss.jpeg\",\"datePublished\":\"2026-04-27T18:40:39+00:00\",\"dateModified\":\"2026-04-27T18:40:44+00:00\",\"breadcrumb\":{\"@id\":\"https:\\\/\\\/fuentesfidedignas.com.mx\\\/index.php\\\/2026\\\/04\\\/27\\\/en-acciones-preventivas-por-dia-de-la-ninez-y-dia-de-las-madres-suspenden-dos-panaderias\\\/#breadcrumb\"},\"inLanguage\":\"es\",\"potentialAction\":[{\"@type\":\"ReadAction\",\"target\":[\"https:\\\/\\\/fuentesfidedignas.com.mx\\\/index.php\\\/2026\\\/04\\\/27\\\/en-acciones-preventivas-por-dia-de-la-ninez-y-dia-de-las-madres-suspenden-dos-panaderias\\\/\"]}]},{\"@type\":\"ImageObject\",\"inLanguage\":\"es\",\"@id\":\"https:\\\/\\\/fuentesfidedignas.com.mx\\\/index.php\\\/2026\\\/04\\\/27\\\/en-acciones-preventivas-por-dia-de-la-ninez-y-dia-de-las-madres-suspenden-dos-panaderias\\\/#primaryimage\",\"url\":\"https:\\\/\\\/fuentesfidedignas.com.mx\\\/wp-content\\\/uploads\\\/2026\\\/04\\\/suspension-coepriss.jpeg\",\"contentUrl\":\"https:\\\/\\\/fuentesfidedignas.com.mx\\\/wp-content\\\/uploads\\\/2026\\\/04\\\/suspension-coepriss.jpeg\",\"width\":500,\"height\":284},{\"@type\":\"BreadcrumbList\",\"@id\":\"https:\\\/\\\/fuentesfidedignas.com.mx\\\/index.php\\\/2026\\\/04\\\/27\\\/en-acciones-preventivas-por-dia-de-la-ninez-y-dia-de-las-madres-suspenden-dos-panaderias\\\/#breadcrumb\",\"itemListElement\":[{\"@type\":\"ListItem\",\"position\":1,\"name\":\"Inicio\",\"item\":\"https:\\\/\\\/fuentesfidedignas.com.mx\\\/\"},{\"@type\":\"ListItem\",\"position\":2,\"name\":\"En acciones preventivas por D\u00eda de la Ni\u00f1ez y D\u00eda de las Madres suspenden dos panader\u00edas\"}]},{\"@type\":\"WebSite\",\"@id\":\"https:\\\/\\\/fuentesfidedignas.com.mx\\\/#website\",\"url\":\"https:\\\/\\\/fuentesfidedignas.com.mx\\\/\",\"name\":\"Fuentes Fidedignas\",\"description\":\"Otro sitio realizado con WordPress\",\"publisher\":{\"@id\":\"https:\\\/\\\/fuentesfidedignas.com.mx\\\/#organization\"},\"potentialAction\":[{\"@type\":\"SearchAction\",\"target\":{\"@type\":\"EntryPoint\",\"urlTemplate\":\"https:\\\/\\\/fuentesfidedignas.com.mx\\\/?s={search_term_string}\"},\"query-input\":{\"@type\":\"PropertyValueSpecification\",\"valueRequired\":true,\"valueName\":\"search_term_string\"}}],\"inLanguage\":\"es\"},{\"@type\":\"Organization\",\"@id\":\"https:\\\/\\\/fuentesfidedignas.com.mx\\\/#organization\",\"name\":\"Fuentes Fidedignas\",\"url\":\"https:\\\/\\\/fuentesfidedignas.com.mx\\\/\",\"logo\":{\"@type\":\"ImageObject\",\"inLanguage\":\"es\",\"@id\":\"https:\\\/\\\/fuentesfidedignas.com.mx\\\/#\\\/schema\\\/logo\\\/image\\\/\",\"url\":\"https:\\\/\\\/fuentesfidedignas.com.mx\\\/wp-content\\\/uploads\\\/2021\\\/04\\\/logo-retina.png\",\"contentUrl\":\"https:\\\/\\\/fuentesfidedignas.com.mx\\\/wp-content\\\/uploads\\\/2021\\\/04\\\/logo-retina.png\",\"width\":280,\"height\":51,\"caption\":\"Fuentes Fidedignas\"},\"image\":{\"@id\":\"https:\\\/\\\/fuentesfidedignas.com.mx\\\/#\\\/schema\\\/logo\\\/image\\\/\"},\"sameAs\":[\"https:\\\/\\\/www.facebook.com\\\/Fuentes-Fidedignas-368234489921644\",\"https:\\\/\\\/x.com\\\/fidedignas\"]},{\"@type\":\"Person\",\"@id\":\"https:\\\/\\\/fuentesfidedignas.com.mx\\\/#\\\/schema\\\/person\\\/331be9283d37198e2acd5750279085b0\",\"name\":\"Redacci\u00f3n\",\"image\":{\"@type\":\"ImageObject\",\"inLanguage\":\"es\",\"@id\":\"https:\\\/\\\/secure.gravatar.com\\\/avatar\\\/f6d8782c11d12b2d4ad3fbb6931aeab5309937a4d6cd2fc9cfaa28a6396a5aec?s=96&d=mm&r=g\",\"url\":\"https:\\\/\\\/secure.gravatar.com\\\/avatar\\\/f6d8782c11d12b2d4ad3fbb6931aeab5309937a4d6cd2fc9cfaa28a6396a5aec?s=96&d=mm&r=g\",\"contentUrl\":\"https:\\\/\\\/secure.gravatar.com\\\/avatar\\\/f6d8782c11d12b2d4ad3fbb6931aeab5309937a4d6cd2fc9cfaa28a6396a5aec?s=96&d=mm&r=g\",\"caption\":\"Redacci\u00f3n\"},\"url\":\"https:\\\/\\\/fuentesfidedignas.com.mx\\\/index.php\\\/author\\\/redaccion\\\/\"}]}<\/script>\n<!-- \/ Yoast SEO plugin. -->","yoast_head_json":{"title":"En acciones preventivas por D\u00eda de la Ni\u00f1ez y D\u00eda de las Madres suspenden dos panader\u00edas - Fuentes Fidedignas","robots":{"index":"index","follow":"follow","max-snippet":"max-snippet:-1","max-image-preview":"max-image-preview:large","max-video-preview":"max-video-preview:-1"},"canonical":"https:\/\/fuentesfidedignas.com.mx\/index.php\/2026\/04\/27\/en-acciones-preventivas-por-dia-de-la-ninez-y-dia-de-las-madres-suspenden-dos-panaderias\/","og_locale":"es_MX","og_type":"article","og_title":"En acciones preventivas por D\u00eda de la Ni\u00f1ez y D\u00eda de las Madres suspenden dos panader\u00edas - Fuentes Fidedignas","og_description":"Refuerza COEPRISS vigilancia sanitaria en pasteler\u00edas y panader\u00edas de Sinaloa. Culiac\u00e1n, Sin. La Comisi\u00f3n Estatal para la Protecci\u00f3n contra Riesgos Sanitarios de Sinaloa (COEPRISS) informa que, ante el incremento en la demanda de productos con motivo del D\u00eda de las Madres y el D\u00eda de la Ni\u00f1ez, se han intensificado las acciones de verificaci\u00f3n sanitaria [&hellip;]","og_url":"https:\/\/fuentesfidedignas.com.mx\/index.php\/2026\/04\/27\/en-acciones-preventivas-por-dia-de-la-ninez-y-dia-de-las-madres-suspenden-dos-panaderias\/","og_site_name":"Fuentes Fidedignas","article_publisher":"https:\/\/www.facebook.com\/Fuentes-Fidedignas-368234489921644","article_published_time":"2026-04-27T18:40:39+00:00","article_modified_time":"2026-04-27T18:40:44+00:00","og_image":[{"width":500,"height":284,"url":"https:\/\/fuentesfidedignas.com.mx\/wp-content\/uploads\/2026\/04\/suspension-coepriss.jpeg","type":"image\/jpeg"}],"author":"Redacci\u00f3n","twitter_card":"summary_large_image","twitter_creator":"@fidedignas","twitter_site":"@fidedignas","twitter_misc":{"Escrito por":"Redacci\u00f3n","Tiempo de lectura":"2 minutos"},"schema":{"@context":"https:\/\/schema.org","@graph":[{"@type":"Article","@id":"https:\/\/fuentesfidedignas.com.mx\/index.php\/2026\/04\/27\/en-acciones-preventivas-por-dia-de-la-ninez-y-dia-de-las-madres-suspenden-dos-panaderias\/#article","isPartOf":{"@id":"https:\/\/fuentesfidedignas.com.mx\/index.php\/2026\/04\/27\/en-acciones-preventivas-por-dia-de-la-ninez-y-dia-de-las-madres-suspenden-dos-panaderias\/"},"author":{"name":"Redacci\u00f3n","@id":"https:\/\/fuentesfidedignas.com.mx\/#\/schema\/person\/331be9283d37198e2acd5750279085b0"},"headline":"En acciones preventivas por D\u00eda de la Ni\u00f1ez y D\u00eda de las Madres suspenden dos panader\u00edas","datePublished":"2026-04-27T18:40:39+00:00","dateModified":"2026-04-27T18:40:44+00:00","mainEntityOfPage":{"@id":"https:\/\/fuentesfidedignas.com.mx\/index.php\/2026\/04\/27\/en-acciones-preventivas-por-dia-de-la-ninez-y-dia-de-las-madres-suspenden-dos-panaderias\/"},"wordCount":374,"commentCount":0,"publisher":{"@id":"https:\/\/fuentesfidedignas.com.mx\/#organization"},"image":{"@id":"https:\/\/fuentesfidedignas.com.mx\/index.php\/2026\/04\/27\/en-acciones-preventivas-por-dia-de-la-ninez-y-dia-de-las-madres-suspenden-dos-panaderias\/#primaryimage"},"thumbnailUrl":"https:\/\/fuentesfidedignas.com.mx\/wp-content\/uploads\/2026\/04\/suspension-coepriss.jpeg","articleSection":["NOTICIAS LOCALES"],"inLanguage":"es","potentialAction":[{"@type":"CommentAction","name":"Comment","target":["https:\/\/fuentesfidedignas.com.mx\/index.php\/2026\/04\/27\/en-acciones-preventivas-por-dia-de-la-ninez-y-dia-de-las-madres-suspenden-dos-panaderias\/#respond"]}]},{"@type":"WebPage","@id":"https:\/\/fuentesfidedignas.com.mx\/index.php\/2026\/04\/27\/en-acciones-preventivas-por-dia-de-la-ninez-y-dia-de-las-madres-suspenden-dos-panaderias\/","url":"https:\/\/fuentesfidedignas.com.mx\/index.php\/2026\/04\/27\/en-acciones-preventivas-por-dia-de-la-ninez-y-dia-de-las-madres-suspenden-dos-panaderias\/","name":"En acciones preventivas por D\u00eda de la Ni\u00f1ez y D\u00eda de las Madres suspenden dos panader\u00edas - Fuentes Fidedignas","isPartOf":{"@id":"https:\/\/fuentesfidedignas.com.mx\/#website"},"primaryImageOfPage":{"@id":"https:\/\/fuentesfidedignas.com.mx\/index.php\/2026\/04\/27\/en-acciones-preventivas-por-dia-de-la-ninez-y-dia-de-las-madres-suspenden-dos-panaderias\/#primaryimage"},"image":{"@id":"https:\/\/fuentesfidedignas.com.mx\/index.php\/2026\/04\/27\/en-acciones-preventivas-por-dia-de-la-ninez-y-dia-de-las-madres-suspenden-dos-panaderias\/#primaryimage"},"thumbnailUrl":"https:\/\/fuentesfidedignas.com.mx\/wp-content\/uploads\/2026\/04\/suspension-coepriss.jpeg","datePublished":"2026-04-27T18:40:39+00:00","dateModified":"2026-04-27T18:40:44+00:00","breadcrumb":{"@id":"https:\/\/fuentesfidedignas.com.mx\/index.php\/2026\/04\/27\/en-acciones-preventivas-por-dia-de-la-ninez-y-dia-de-las-madres-suspenden-dos-panaderias\/#breadcrumb"},"inLanguage":"es","potentialAction":[{"@type":"ReadAction","target":["https:\/\/fuentesfidedignas.com.mx\/index.php\/2026\/04\/27\/en-acciones-preventivas-por-dia-de-la-ninez-y-dia-de-las-madres-suspenden-dos-panaderias\/"]}]},{"@type":"ImageObject","inLanguage":"es","@id":"https:\/\/fuentesfidedignas.com.mx\/index.php\/2026\/04\/27\/en-acciones-preventivas-por-dia-de-la-ninez-y-dia-de-las-madres-suspenden-dos-panaderias\/#primaryimage","url":"https:\/\/fuentesfidedignas.com.mx\/wp-content\/uploads\/2026\/04\/suspension-coepriss.jpeg","contentUrl":"https:\/\/fuentesfidedignas.com.mx\/wp-content\/uploads\/2026\/04\/suspension-coepriss.jpeg","width":500,"height":284},{"@type":"BreadcrumbList","@id":"https:\/\/fuentesfidedignas.com.mx\/index.php\/2026\/04\/27\/en-acciones-preventivas-por-dia-de-la-ninez-y-dia-de-las-madres-suspenden-dos-panaderias\/#breadcrumb","itemListElement":[{"@type":"ListItem","position":1,"name":"Inicio","item":"https:\/\/fuentesfidedignas.com.mx\/"},{"@type":"ListItem","position":2,"name":"En acciones preventivas por D\u00eda de la Ni\u00f1ez y D\u00eda de las Madres suspenden dos panader\u00edas"}]},{"@type":"WebSite","@id":"https:\/\/fuentesfidedignas.com.mx\/#website","url":"https:\/\/fuentesfidedignas.com.mx\/","name":"Fuentes Fidedignas","description":"Otro sitio realizado con WordPress","publisher":{"@id":"https:\/\/fuentesfidedignas.com.mx\/#organization"},"potentialAction":[{"@type":"SearchAction","target":{"@type":"EntryPoint","urlTemplate":"https:\/\/fuentesfidedignas.com.mx\/?s={search_term_string}"},"query-input":{"@type":"PropertyValueSpecification","valueRequired":true,"valueName":"search_term_string"}}],"inLanguage":"es"},{"@type":"Organization","@id":"https:\/\/fuentesfidedignas.com.mx\/#organization","name":"Fuentes Fidedignas","url":"https:\/\/fuentesfidedignas.com.mx\/","logo":{"@type":"ImageObject","inLanguage":"es","@id":"https:\/\/fuentesfidedignas.com.mx\/#\/schema\/logo\/image\/","url":"https:\/\/fuentesfidedignas.com.mx\/wp-content\/uploads\/2021\/04\/logo-retina.png","contentUrl":"https:\/\/fuentesfidedignas.com.mx\/wp-content\/uploads\/2021\/04\/logo-retina.png","width":280,"height":51,"caption":"Fuentes Fidedignas"},"image":{"@id":"https:\/\/fuentesfidedignas.com.mx\/#\/schema\/logo\/image\/"},"sameAs":["https:\/\/www.facebook.com\/Fuentes-Fidedignas-368234489921644","https:\/\/x.com\/fidedignas"]},{"@type":"Person","@id":"https:\/\/fuentesfidedignas.com.mx\/#\/schema\/person\/331be9283d37198e2acd5750279085b0","name":"Redacci\u00f3n","image":{"@type":"ImageObject","inLanguage":"es","@id":"https:\/\/secure.gravatar.com\/avatar\/f6d8782c11d12b2d4ad3fbb6931aeab5309937a4d6cd2fc9cfaa28a6396a5aec?s=96&d=mm&r=g","url":"https:\/\/secure.gravatar.com\/avatar\/f6d8782c11d12b2d4ad3fbb6931aeab5309937a4d6cd2fc9cfaa28a6396a5aec?s=96&d=mm&r=g","contentUrl":"https:\/\/secure.gravatar.com\/avatar\/f6d8782c11d12b2d4ad3fbb6931aeab5309937a4d6cd2fc9cfaa28a6396a5aec?s=96&d=mm&r=g","caption":"Redacci\u00f3n"},"url":"https:\/\/fuentesfidedignas.com.mx\/index.php\/author\/redaccion\/"}]}},"_links":{"self":[{"href":"https:\/\/fuentesfidedignas.com.mx\/index.php\/wp-json\/wp\/v2\/posts\/132342","targetHints":{"allow":["GET"]}}],"collection":[{"href":"https:\/\/fuentesfidedignas.com.mx\/index.php\/wp-json\/wp\/v2\/posts"}],"about":[{"href":"https:\/\/fuentesfidedignas.com.mx\/index.php\/wp-json\/wp\/v2\/types\/post"}],"author":[{"embeddable":true,"href":"https:\/\/fuentesfidedignas.com.mx\/index.php\/wp-json\/wp\/v2\/users\/4"}],"replies":[{"embeddable":true,"href":"https:\/\/fuentesfidedignas.com.mx\/index.php\/wp-json\/wp\/v2\/comments?post=132342"}],"version-history":[{"count":1,"href":"https:\/\/fuentesfidedignas.com.mx\/index.php\/wp-json\/wp\/v2\/posts\/132342\/revisions"}],"predecessor-version":[{"id":132344,"href":"https:\/\/fuentesfidedignas.com.mx\/index.php\/wp-json\/wp\/v2\/posts\/132342\/revisions\/132344"}],"wp:featuredmedia":[{"embeddable":true,"href":"https:\/\/fuentesfidedignas.com.mx\/index.php\/wp-json\/wp\/v2\/media\/132343"}],"wp:attachment":[{"href":"https:\/\/fuentesfidedignas.com.mx\/index.php\/wp-json\/wp\/v2\/media?parent=132342"}],"wp:term":[{"taxonomy":"category","embeddable":true,"href":"https:\/\/fuentesfidedignas.com.mx\/index.php\/wp-json\/wp\/v2\/categories?post=132342"},{"taxonomy":"post_tag","embeddable":true,"href":"https:\/\/fuentesfidedignas.com.mx\/index.php\/wp-json\/wp\/v2\/tags?post=132342"}],"curies":[{"name":"wp","href":"https:\/\/api.w.org\/{rel}","templated":true}]}}