{"id":132336,"date":"2026-04-27T11:23:51","date_gmt":"2026-04-27T18:23:51","guid":{"rendered":"https:\/\/fuentesfidedignas.com.mx\/?p=132336"},"modified":"2026-04-27T11:54:39","modified_gmt":"2026-04-27T18:54:39","slug":"la-uas-y-concordia-impulsaran-el-desarrollo-academico-y-social-de-los-concorderses","status":"publish","type":"post","link":"https:\/\/fuentesfidedignas.com.mx\/index.php\/2026\/04\/27\/la-uas-y-concordia-impulsaran-el-desarrollo-academico-y-social-de-los-concorderses\/","title":{"rendered":"La UAS y Concordia, impulsar\u00e1n el desarrollo acad\u00e9mico y social de los concordenses"},"content":{"rendered":"\n<p><strong><em>La Universidad tiene el compromiso social de brindar educaci\u00f3n integral y de calidad a los j\u00f3venes sinaloenses. Subray\u00f3 que, para lograrlo, una de sus funciones sustantivas es la vinculaci\u00f3n, de ah\u00ed la importancia de fortalecer los lazos con los gobiernos municipales.<\/em><\/strong><\/p>\n\n\n\n<p>Con la finalidad de sumar esfuerzos y capacidades en la b\u00fasqueda de beneficios mutuos, la Universidad Aut\u00f3noma de Sinaloa (UAS), a trav\u00e9s de su Rector, el doctor Jes\u00fas Madue\u00f1a Molina, firm\u00f3 un Convenio General de Colaboraci\u00f3n con el H. Ayuntamiento de Concordia, representado por el Presidente Municipal, \u00d3scar Zamudio P\u00e9rez.<\/p>\n\n\n\n<p>Durante una sesi\u00f3n de Cabildo, se llev\u00f3 a cabo el acto protocolario donde el Rector manifest\u00f3 que la Universidad tiene el compromiso social de brindar educaci\u00f3n integral y de calidad a los j\u00f3venes sinaloenses. Subray\u00f3 que, para lograrlo, una de sus funciones sustantivas es la vinculaci\u00f3n, de ah\u00ed la importancia de fortalecer los lazos con los gobiernos municipales.<\/p>\n\n\n\n<p>Acompa\u00f1ado por el Vicerrector de la Unidad Regional Sur (URS), el doctor Manuel Iv\u00e1n Tostado Ram\u00edrez, el dirigente universitario agradeci\u00f3 al pleno del Cabildo el recibimiento y enfatiz\u00f3 que la instituci\u00f3n es una aliada del desarrollo regional, por lo que esta cercan\u00eda permitir\u00e1 trabajar en equipo y emprender acciones conjuntas que multipliquen los resultados.<\/p>\n\n\n\n<p>Correspondi\u00f3 al Director General de Vinculaci\u00f3n y Relaciones Internacionales, el doctor Jes\u00fas Enrique S\u00e1nchez Zazueta, dar lectura a los objetivos del convenio, entre los que destacan el desarrollo conjunto de programas acad\u00e9micos, culturales y deportivos, as\u00ed como la preparaci\u00f3n t\u00e9cnica, capacitaci\u00f3n, servicio social, pr\u00e1cticas profesionales y asesor\u00edas especializadas.<\/p>\n\n\n\n<p>Asimismo, se contempla la prestaci\u00f3n de servicios, el desarrollo y aplicaci\u00f3n de investigaciones cient\u00edficas y tecnol\u00f3gicas, publicaciones, programas de desarrollo comunitario y tur\u00edstico, planeaci\u00f3n y mejoramiento de los servicios p\u00fablicos, conservaci\u00f3n del patrimonio hist\u00f3rico y difusi\u00f3n de la cultura.<\/p>\n\n\n\n<p>Por su parte, el alcalde de Concordia, \u00d3scar Zamudio P\u00e9rez, agradeci\u00f3 la firma de este instrumento jur\u00eddico que beneficiar\u00e1 al municipio y a sus habitantes; adem\u00e1s, reconoci\u00f3 a la UAS como la instituci\u00f3n educativa de mayor relevancia en la entidad.<\/p>\n\n\n\n<p>En el marco de este evento, el Alcalde anunci\u00f3 la construcci\u00f3n de la techumbre para la Preparatoria Concordia, as\u00ed como la iluminaci\u00f3n del camino de acceso a dicha unidad acad\u00e9mica para el presente ejercicio anual.<\/p>\n","protected":false},"excerpt":{"rendered":"<p>La Universidad tiene el compromiso social de brindar educaci\u00f3n integral y de calidad a los j\u00f3venes sinaloenses. Subray\u00f3 que, para lograrlo, una de sus funciones sustantivas es la vinculaci\u00f3n, de ah\u00ed la importancia de fortalecer los lazos con los gobiernos municipales. Con la finalidad de sumar esfuerzos y capacidades en la b\u00fasqueda de beneficios mutuos, [&hellip;]<\/p>\n","protected":false},"author":4,"featured_media":132337,"comment_status":"open","ping_status":"open","sticky":false,"template":"","format":"standard","meta":{"tdm_status":"","tdm_grid_status":"","footnotes":""},"categories":[37],"tags":[],"class_list":{"0":"post-132336","1":"post","2":"type-post","3":"status-publish","4":"format-standard","5":"has-post-thumbnail","7":"category-nota-principal"},"yoast_head":"<!-- This site is optimized with the Yoast SEO plugin v27.4 - https:\/\/yoast.com\/product\/yoast-seo-wordpress\/ -->\n<title>La UAS y Concordia, impulsar\u00e1n el desarrollo acad\u00e9mico y social de los concordenses - Fuentes Fidedignas<\/title>\n<meta name=\"robots\" content=\"index, follow, max-snippet:-1, max-image-preview:large, max-video-preview:-1\" \/>\n<link rel=\"canonical\" href=\"https:\/\/fuentesfidedignas.com.mx\/index.php\/2026\/04\/27\/la-uas-y-concordia-impulsaran-el-desarrollo-academico-y-social-de-los-concorderses\/\" \/>\n<meta property=\"og:locale\" content=\"es_MX\" \/>\n<meta property=\"og:type\" content=\"article\" \/>\n<meta property=\"og:title\" content=\"La UAS y Concordia, impulsar\u00e1n el desarrollo acad\u00e9mico y social de los concordenses - Fuentes Fidedignas\" \/>\n<meta property=\"og:description\" content=\"La Universidad tiene el compromiso social de brindar educaci\u00f3n integral y de calidad a los j\u00f3venes sinaloenses. Subray\u00f3 que, para lograrlo, una de sus funciones sustantivas es la vinculaci\u00f3n, de ah\u00ed la importancia de fortalecer los lazos con los gobiernos municipales. Con la finalidad de sumar esfuerzos y capacidades en la b\u00fasqueda de beneficios mutuos, [&hellip;]\" \/>\n<meta property=\"og:url\" content=\"https:\/\/fuentesfidedignas.com.mx\/index.php\/2026\/04\/27\/la-uas-y-concordia-impulsaran-el-desarrollo-academico-y-social-de-los-concorderses\/\" \/>\n<meta property=\"og:site_name\" content=\"Fuentes Fidedignas\" \/>\n<meta property=\"article:publisher\" content=\"https:\/\/www.facebook.com\/Fuentes-Fidedignas-368234489921644\" \/>\n<meta property=\"article:published_time\" content=\"2026-04-27T18:23:51+00:00\" \/>\n<meta property=\"article:modified_time\" content=\"2026-04-27T18:54:39+00:00\" \/>\n<meta property=\"og:image\" content=\"https:\/\/fuentesfidedignas.com.mx\/wp-content\/uploads\/2026\/04\/CONVENIO-CONCORDIA-3.jpeg\" \/>\n\t<meta property=\"og:image:width\" content=\"500\" \/>\n\t<meta property=\"og:image:height\" content=\"367\" \/>\n\t<meta property=\"og:image:type\" content=\"image\/jpeg\" \/>\n<meta name=\"author\" content=\"Redacci\u00f3n\" \/>\n<meta name=\"twitter:card\" content=\"summary_large_image\" \/>\n<meta name=\"twitter:creator\" content=\"@fidedignas\" \/>\n<meta name=\"twitter:site\" content=\"@fidedignas\" \/>\n<meta name=\"twitter:label1\" content=\"Escrito por\" \/>\n\t<meta name=\"twitter:data1\" content=\"Redacci\u00f3n\" \/>\n\t<meta name=\"twitter:label2\" content=\"Tiempo de lectura\" \/>\n\t<meta name=\"twitter:data2\" content=\"2 minutos\" \/>\n<script type=\"application\/ld+json\" class=\"yoast-schema-graph\">{\"@context\":\"https:\\\/\\\/schema.org\",\"@graph\":[{\"@type\":\"Article\",\"@id\":\"https:\\\/\\\/fuentesfidedignas.com.mx\\\/index.php\\\/2026\\\/04\\\/27\\\/la-uas-y-concordia-impulsaran-el-desarrollo-academico-y-social-de-los-concorderses\\\/#article\",\"isPartOf\":{\"@id\":\"https:\\\/\\\/fuentesfidedignas.com.mx\\\/index.php\\\/2026\\\/04\\\/27\\\/la-uas-y-concordia-impulsaran-el-desarrollo-academico-y-social-de-los-concorderses\\\/\"},\"author\":{\"name\":\"Redacci\u00f3n\",\"@id\":\"https:\\\/\\\/fuentesfidedignas.com.mx\\\/#\\\/schema\\\/person\\\/331be9283d37198e2acd5750279085b0\"},\"headline\":\"La UAS y Concordia, impulsar\u00e1n el desarrollo acad\u00e9mico y social de los concordenses\",\"datePublished\":\"2026-04-27T18:23:51+00:00\",\"dateModified\":\"2026-04-27T18:54:39+00:00\",\"mainEntityOfPage\":{\"@id\":\"https:\\\/\\\/fuentesfidedignas.com.mx\\\/index.php\\\/2026\\\/04\\\/27\\\/la-uas-y-concordia-impulsaran-el-desarrollo-academico-y-social-de-los-concorderses\\\/\"},\"wordCount\":425,\"commentCount\":0,\"publisher\":{\"@id\":\"https:\\\/\\\/fuentesfidedignas.com.mx\\\/#organization\"},\"image\":{\"@id\":\"https:\\\/\\\/fuentesfidedignas.com.mx\\\/index.php\\\/2026\\\/04\\\/27\\\/la-uas-y-concordia-impulsaran-el-desarrollo-academico-y-social-de-los-concorderses\\\/#primaryimage\"},\"thumbnailUrl\":\"https:\\\/\\\/fuentesfidedignas.com.mx\\\/wp-content\\\/uploads\\\/2026\\\/04\\\/CONVENIO-CONCORDIA-3.jpeg\",\"articleSection\":[\"NOTA PRINCIPAL\"],\"inLanguage\":\"es\",\"potentialAction\":[{\"@type\":\"CommentAction\",\"name\":\"Comment\",\"target\":[\"https:\\\/\\\/fuentesfidedignas.com.mx\\\/index.php\\\/2026\\\/04\\\/27\\\/la-uas-y-concordia-impulsaran-el-desarrollo-academico-y-social-de-los-concorderses\\\/#respond\"]}]},{\"@type\":\"WebPage\",\"@id\":\"https:\\\/\\\/fuentesfidedignas.com.mx\\\/index.php\\\/2026\\\/04\\\/27\\\/la-uas-y-concordia-impulsaran-el-desarrollo-academico-y-social-de-los-concorderses\\\/\",\"url\":\"https:\\\/\\\/fuentesfidedignas.com.mx\\\/index.php\\\/2026\\\/04\\\/27\\\/la-uas-y-concordia-impulsaran-el-desarrollo-academico-y-social-de-los-concorderses\\\/\",\"name\":\"La UAS y Concordia, impulsar\u00e1n el desarrollo acad\u00e9mico y social de los concordenses - Fuentes Fidedignas\",\"isPartOf\":{\"@id\":\"https:\\\/\\\/fuentesfidedignas.com.mx\\\/#website\"},\"primaryImageOfPage\":{\"@id\":\"https:\\\/\\\/fuentesfidedignas.com.mx\\\/index.php\\\/2026\\\/04\\\/27\\\/la-uas-y-concordia-impulsaran-el-desarrollo-academico-y-social-de-los-concorderses\\\/#primaryimage\"},\"image\":{\"@id\":\"https:\\\/\\\/fuentesfidedignas.com.mx\\\/index.php\\\/2026\\\/04\\\/27\\\/la-uas-y-concordia-impulsaran-el-desarrollo-academico-y-social-de-los-concorderses\\\/#primaryimage\"},\"thumbnailUrl\":\"https:\\\/\\\/fuentesfidedignas.com.mx\\\/wp-content\\\/uploads\\\/2026\\\/04\\\/CONVENIO-CONCORDIA-3.jpeg\",\"datePublished\":\"2026-04-27T18:23:51+00:00\",\"dateModified\":\"2026-04-27T18:54:39+00:00\",\"breadcrumb\":{\"@id\":\"https:\\\/\\\/fuentesfidedignas.com.mx\\\/index.php\\\/2026\\\/04\\\/27\\\/la-uas-y-concordia-impulsaran-el-desarrollo-academico-y-social-de-los-concorderses\\\/#breadcrumb\"},\"inLanguage\":\"es\",\"potentialAction\":[{\"@type\":\"ReadAction\",\"target\":[\"https:\\\/\\\/fuentesfidedignas.com.mx\\\/index.php\\\/2026\\\/04\\\/27\\\/la-uas-y-concordia-impulsaran-el-desarrollo-academico-y-social-de-los-concorderses\\\/\"]}]},{\"@type\":\"ImageObject\",\"inLanguage\":\"es\",\"@id\":\"https:\\\/\\\/fuentesfidedignas.com.mx\\\/index.php\\\/2026\\\/04\\\/27\\\/la-uas-y-concordia-impulsaran-el-desarrollo-academico-y-social-de-los-concorderses\\\/#primaryimage\",\"url\":\"https:\\\/\\\/fuentesfidedignas.com.mx\\\/wp-content\\\/uploads\\\/2026\\\/04\\\/CONVENIO-CONCORDIA-3.jpeg\",\"contentUrl\":\"https:\\\/\\\/fuentesfidedignas.com.mx\\\/wp-content\\\/uploads\\\/2026\\\/04\\\/CONVENIO-CONCORDIA-3.jpeg\",\"width\":500,\"height\":367},{\"@type\":\"BreadcrumbList\",\"@id\":\"https:\\\/\\\/fuentesfidedignas.com.mx\\\/index.php\\\/2026\\\/04\\\/27\\\/la-uas-y-concordia-impulsaran-el-desarrollo-academico-y-social-de-los-concorderses\\\/#breadcrumb\",\"itemListElement\":[{\"@type\":\"ListItem\",\"position\":1,\"name\":\"Inicio\",\"item\":\"https:\\\/\\\/fuentesfidedignas.com.mx\\\/\"},{\"@type\":\"ListItem\",\"position\":2,\"name\":\"La UAS y Concordia, impulsar\u00e1n el desarrollo acad\u00e9mico y social de los concordenses\"}]},{\"@type\":\"WebSite\",\"@id\":\"https:\\\/\\\/fuentesfidedignas.com.mx\\\/#website\",\"url\":\"https:\\\/\\\/fuentesfidedignas.com.mx\\\/\",\"name\":\"Fuentes Fidedignas\",\"description\":\"Otro sitio realizado con WordPress\",\"publisher\":{\"@id\":\"https:\\\/\\\/fuentesfidedignas.com.mx\\\/#organization\"},\"potentialAction\":[{\"@type\":\"SearchAction\",\"target\":{\"@type\":\"EntryPoint\",\"urlTemplate\":\"https:\\\/\\\/fuentesfidedignas.com.mx\\\/?s={search_term_string}\"},\"query-input\":{\"@type\":\"PropertyValueSpecification\",\"valueRequired\":true,\"valueName\":\"search_term_string\"}}],\"inLanguage\":\"es\"},{\"@type\":\"Organization\",\"@id\":\"https:\\\/\\\/fuentesfidedignas.com.mx\\\/#organization\",\"name\":\"Fuentes Fidedignas\",\"url\":\"https:\\\/\\\/fuentesfidedignas.com.mx\\\/\",\"logo\":{\"@type\":\"ImageObject\",\"inLanguage\":\"es\",\"@id\":\"https:\\\/\\\/fuentesfidedignas.com.mx\\\/#\\\/schema\\\/logo\\\/image\\\/\",\"url\":\"https:\\\/\\\/fuentesfidedignas.com.mx\\\/wp-content\\\/uploads\\\/2021\\\/04\\\/logo-retina.png\",\"contentUrl\":\"https:\\\/\\\/fuentesfidedignas.com.mx\\\/wp-content\\\/uploads\\\/2021\\\/04\\\/logo-retina.png\",\"width\":280,\"height\":51,\"caption\":\"Fuentes Fidedignas\"},\"image\":{\"@id\":\"https:\\\/\\\/fuentesfidedignas.com.mx\\\/#\\\/schema\\\/logo\\\/image\\\/\"},\"sameAs\":[\"https:\\\/\\\/www.facebook.com\\\/Fuentes-Fidedignas-368234489921644\",\"https:\\\/\\\/x.com\\\/fidedignas\"]},{\"@type\":\"Person\",\"@id\":\"https:\\\/\\\/fuentesfidedignas.com.mx\\\/#\\\/schema\\\/person\\\/331be9283d37198e2acd5750279085b0\",\"name\":\"Redacci\u00f3n\",\"image\":{\"@type\":\"ImageObject\",\"inLanguage\":\"es\",\"@id\":\"https:\\\/\\\/secure.gravatar.com\\\/avatar\\\/f6d8782c11d12b2d4ad3fbb6931aeab5309937a4d6cd2fc9cfaa28a6396a5aec?s=96&d=mm&r=g\",\"url\":\"https:\\\/\\\/secure.gravatar.com\\\/avatar\\\/f6d8782c11d12b2d4ad3fbb6931aeab5309937a4d6cd2fc9cfaa28a6396a5aec?s=96&d=mm&r=g\",\"contentUrl\":\"https:\\\/\\\/secure.gravatar.com\\\/avatar\\\/f6d8782c11d12b2d4ad3fbb6931aeab5309937a4d6cd2fc9cfaa28a6396a5aec?s=96&d=mm&r=g\",\"caption\":\"Redacci\u00f3n\"},\"url\":\"https:\\\/\\\/fuentesfidedignas.com.mx\\\/index.php\\\/author\\\/redaccion\\\/\"}]}<\/script>\n<!-- \/ Yoast SEO plugin. -->","yoast_head_json":{"title":"La UAS y Concordia, impulsar\u00e1n el desarrollo acad\u00e9mico y social de los concordenses - Fuentes Fidedignas","robots":{"index":"index","follow":"follow","max-snippet":"max-snippet:-1","max-image-preview":"max-image-preview:large","max-video-preview":"max-video-preview:-1"},"canonical":"https:\/\/fuentesfidedignas.com.mx\/index.php\/2026\/04\/27\/la-uas-y-concordia-impulsaran-el-desarrollo-academico-y-social-de-los-concorderses\/","og_locale":"es_MX","og_type":"article","og_title":"La UAS y Concordia, impulsar\u00e1n el desarrollo acad\u00e9mico y social de los concordenses - Fuentes Fidedignas","og_description":"La Universidad tiene el compromiso social de brindar educaci\u00f3n integral y de calidad a los j\u00f3venes sinaloenses. Subray\u00f3 que, para lograrlo, una de sus funciones sustantivas es la vinculaci\u00f3n, de ah\u00ed la importancia de fortalecer los lazos con los gobiernos municipales. Con la finalidad de sumar esfuerzos y capacidades en la b\u00fasqueda de beneficios mutuos, [&hellip;]","og_url":"https:\/\/fuentesfidedignas.com.mx\/index.php\/2026\/04\/27\/la-uas-y-concordia-impulsaran-el-desarrollo-academico-y-social-de-los-concorderses\/","og_site_name":"Fuentes Fidedignas","article_publisher":"https:\/\/www.facebook.com\/Fuentes-Fidedignas-368234489921644","article_published_time":"2026-04-27T18:23:51+00:00","article_modified_time":"2026-04-27T18:54:39+00:00","og_image":[{"width":500,"height":367,"url":"https:\/\/fuentesfidedignas.com.mx\/wp-content\/uploads\/2026\/04\/CONVENIO-CONCORDIA-3.jpeg","type":"image\/jpeg"}],"author":"Redacci\u00f3n","twitter_card":"summary_large_image","twitter_creator":"@fidedignas","twitter_site":"@fidedignas","twitter_misc":{"Escrito por":"Redacci\u00f3n","Tiempo de lectura":"2 minutos"},"schema":{"@context":"https:\/\/schema.org","@graph":[{"@type":"Article","@id":"https:\/\/fuentesfidedignas.com.mx\/index.php\/2026\/04\/27\/la-uas-y-concordia-impulsaran-el-desarrollo-academico-y-social-de-los-concorderses\/#article","isPartOf":{"@id":"https:\/\/fuentesfidedignas.com.mx\/index.php\/2026\/04\/27\/la-uas-y-concordia-impulsaran-el-desarrollo-academico-y-social-de-los-concorderses\/"},"author":{"name":"Redacci\u00f3n","@id":"https:\/\/fuentesfidedignas.com.mx\/#\/schema\/person\/331be9283d37198e2acd5750279085b0"},"headline":"La UAS y Concordia, impulsar\u00e1n el desarrollo acad\u00e9mico y social de los concordenses","datePublished":"2026-04-27T18:23:51+00:00","dateModified":"2026-04-27T18:54:39+00:00","mainEntityOfPage":{"@id":"https:\/\/fuentesfidedignas.com.mx\/index.php\/2026\/04\/27\/la-uas-y-concordia-impulsaran-el-desarrollo-academico-y-social-de-los-concorderses\/"},"wordCount":425,"commentCount":0,"publisher":{"@id":"https:\/\/fuentesfidedignas.com.mx\/#organization"},"image":{"@id":"https:\/\/fuentesfidedignas.com.mx\/index.php\/2026\/04\/27\/la-uas-y-concordia-impulsaran-el-desarrollo-academico-y-social-de-los-concorderses\/#primaryimage"},"thumbnailUrl":"https:\/\/fuentesfidedignas.com.mx\/wp-content\/uploads\/2026\/04\/CONVENIO-CONCORDIA-3.jpeg","articleSection":["NOTA PRINCIPAL"],"inLanguage":"es","potentialAction":[{"@type":"CommentAction","name":"Comment","target":["https:\/\/fuentesfidedignas.com.mx\/index.php\/2026\/04\/27\/la-uas-y-concordia-impulsaran-el-desarrollo-academico-y-social-de-los-concorderses\/#respond"]}]},{"@type":"WebPage","@id":"https:\/\/fuentesfidedignas.com.mx\/index.php\/2026\/04\/27\/la-uas-y-concordia-impulsaran-el-desarrollo-academico-y-social-de-los-concorderses\/","url":"https:\/\/fuentesfidedignas.com.mx\/index.php\/2026\/04\/27\/la-uas-y-concordia-impulsaran-el-desarrollo-academico-y-social-de-los-concorderses\/","name":"La UAS y Concordia, impulsar\u00e1n el desarrollo acad\u00e9mico y social de los concordenses - Fuentes Fidedignas","isPartOf":{"@id":"https:\/\/fuentesfidedignas.com.mx\/#website"},"primaryImageOfPage":{"@id":"https:\/\/fuentesfidedignas.com.mx\/index.php\/2026\/04\/27\/la-uas-y-concordia-impulsaran-el-desarrollo-academico-y-social-de-los-concorderses\/#primaryimage"},"image":{"@id":"https:\/\/fuentesfidedignas.com.mx\/index.php\/2026\/04\/27\/la-uas-y-concordia-impulsaran-el-desarrollo-academico-y-social-de-los-concorderses\/#primaryimage"},"thumbnailUrl":"https:\/\/fuentesfidedignas.com.mx\/wp-content\/uploads\/2026\/04\/CONVENIO-CONCORDIA-3.jpeg","datePublished":"2026-04-27T18:23:51+00:00","dateModified":"2026-04-27T18:54:39+00:00","breadcrumb":{"@id":"https:\/\/fuentesfidedignas.com.mx\/index.php\/2026\/04\/27\/la-uas-y-concordia-impulsaran-el-desarrollo-academico-y-social-de-los-concorderses\/#breadcrumb"},"inLanguage":"es","potentialAction":[{"@type":"ReadAction","target":["https:\/\/fuentesfidedignas.com.mx\/index.php\/2026\/04\/27\/la-uas-y-concordia-impulsaran-el-desarrollo-academico-y-social-de-los-concorderses\/"]}]},{"@type":"ImageObject","inLanguage":"es","@id":"https:\/\/fuentesfidedignas.com.mx\/index.php\/2026\/04\/27\/la-uas-y-concordia-impulsaran-el-desarrollo-academico-y-social-de-los-concorderses\/#primaryimage","url":"https:\/\/fuentesfidedignas.com.mx\/wp-content\/uploads\/2026\/04\/CONVENIO-CONCORDIA-3.jpeg","contentUrl":"https:\/\/fuentesfidedignas.com.mx\/wp-content\/uploads\/2026\/04\/CONVENIO-CONCORDIA-3.jpeg","width":500,"height":367},{"@type":"BreadcrumbList","@id":"https:\/\/fuentesfidedignas.com.mx\/index.php\/2026\/04\/27\/la-uas-y-concordia-impulsaran-el-desarrollo-academico-y-social-de-los-concorderses\/#breadcrumb","itemListElement":[{"@type":"ListItem","position":1,"name":"Inicio","item":"https:\/\/fuentesfidedignas.com.mx\/"},{"@type":"ListItem","position":2,"name":"La UAS y Concordia, impulsar\u00e1n el desarrollo acad\u00e9mico y social de los concordenses"}]},{"@type":"WebSite","@id":"https:\/\/fuentesfidedignas.com.mx\/#website","url":"https:\/\/fuentesfidedignas.com.mx\/","name":"Fuentes Fidedignas","description":"Otro sitio realizado con WordPress","publisher":{"@id":"https:\/\/fuentesfidedignas.com.mx\/#organization"},"potentialAction":[{"@type":"SearchAction","target":{"@type":"EntryPoint","urlTemplate":"https:\/\/fuentesfidedignas.com.mx\/?s={search_term_string}"},"query-input":{"@type":"PropertyValueSpecification","valueRequired":true,"valueName":"search_term_string"}}],"inLanguage":"es"},{"@type":"Organization","@id":"https:\/\/fuentesfidedignas.com.mx\/#organization","name":"Fuentes Fidedignas","url":"https:\/\/fuentesfidedignas.com.mx\/","logo":{"@type":"ImageObject","inLanguage":"es","@id":"https:\/\/fuentesfidedignas.com.mx\/#\/schema\/logo\/image\/","url":"https:\/\/fuentesfidedignas.com.mx\/wp-content\/uploads\/2021\/04\/logo-retina.png","contentUrl":"https:\/\/fuentesfidedignas.com.mx\/wp-content\/uploads\/2021\/04\/logo-retina.png","width":280,"height":51,"caption":"Fuentes Fidedignas"},"image":{"@id":"https:\/\/fuentesfidedignas.com.mx\/#\/schema\/logo\/image\/"},"sameAs":["https:\/\/www.facebook.com\/Fuentes-Fidedignas-368234489921644","https:\/\/x.com\/fidedignas"]},{"@type":"Person","@id":"https:\/\/fuentesfidedignas.com.mx\/#\/schema\/person\/331be9283d37198e2acd5750279085b0","name":"Redacci\u00f3n","image":{"@type":"ImageObject","inLanguage":"es","@id":"https:\/\/secure.gravatar.com\/avatar\/f6d8782c11d12b2d4ad3fbb6931aeab5309937a4d6cd2fc9cfaa28a6396a5aec?s=96&d=mm&r=g","url":"https:\/\/secure.gravatar.com\/avatar\/f6d8782c11d12b2d4ad3fbb6931aeab5309937a4d6cd2fc9cfaa28a6396a5aec?s=96&d=mm&r=g","contentUrl":"https:\/\/secure.gravatar.com\/avatar\/f6d8782c11d12b2d4ad3fbb6931aeab5309937a4d6cd2fc9cfaa28a6396a5aec?s=96&d=mm&r=g","caption":"Redacci\u00f3n"},"url":"https:\/\/fuentesfidedignas.com.mx\/index.php\/author\/redaccion\/"}]}},"_links":{"self":[{"href":"https:\/\/fuentesfidedignas.com.mx\/index.php\/wp-json\/wp\/v2\/posts\/132336","targetHints":{"allow":["GET"]}}],"collection":[{"href":"https:\/\/fuentesfidedignas.com.mx\/index.php\/wp-json\/wp\/v2\/posts"}],"about":[{"href":"https:\/\/fuentesfidedignas.com.mx\/index.php\/wp-json\/wp\/v2\/types\/post"}],"author":[{"embeddable":true,"href":"https:\/\/fuentesfidedignas.com.mx\/index.php\/wp-json\/wp\/v2\/users\/4"}],"replies":[{"embeddable":true,"href":"https:\/\/fuentesfidedignas.com.mx\/index.php\/wp-json\/wp\/v2\/comments?post=132336"}],"version-history":[{"count":2,"href":"https:\/\/fuentesfidedignas.com.mx\/index.php\/wp-json\/wp\/v2\/posts\/132336\/revisions"}],"predecessor-version":[{"id":132347,"href":"https:\/\/fuentesfidedignas.com.mx\/index.php\/wp-json\/wp\/v2\/posts\/132336\/revisions\/132347"}],"wp:featuredmedia":[{"embeddable":true,"href":"https:\/\/fuentesfidedignas.com.mx\/index.php\/wp-json\/wp\/v2\/media\/132337"}],"wp:attachment":[{"href":"https:\/\/fuentesfidedignas.com.mx\/index.php\/wp-json\/wp\/v2\/media?parent=132336"}],"wp:term":[{"taxonomy":"category","embeddable":true,"href":"https:\/\/fuentesfidedignas.com.mx\/index.php\/wp-json\/wp\/v2\/categories?post=132336"},{"taxonomy":"post_tag","embeddable":true,"href":"https:\/\/fuentesfidedignas.com.mx\/index.php\/wp-json\/wp\/v2\/tags?post=132336"}],"curies":[{"name":"wp","href":"https:\/\/api.w.org\/{rel}","templated":true}]}}