{"id":132334,"date":"2026-04-27T10:59:50","date_gmt":"2026-04-27T17:59:50","guid":{"rendered":"https:\/\/fuentesfidedignas.com.mx\/?p=132334"},"modified":"2026-04-27T10:59:54","modified_gmt":"2026-04-27T17:59:54","slug":"harfuch-advirtio-a-maru-campos-de-la-gravedad-del-caso-de-los-agentes-de-la-cia-sheinbaum","status":"publish","type":"post","link":"https:\/\/fuentesfidedignas.com.mx\/index.php\/2026\/04\/27\/harfuch-advirtio-a-maru-campos-de-la-gravedad-del-caso-de-los-agentes-de-la-cia-sheinbaum\/","title":{"rendered":"Harfuch advirti\u00f3 a Maru Campos de la gravedad del caso de los agentes de la CIA: Sheinbaum"},"content":{"rendered":"\n<p><strong><em>La presidenta de M\u00e9xico, Claudia Sheinbaum, detall\u00f3 que el secretario de Seguridad y Protecci\u00f3n Ciudadana, Omar Garc\u00eda Harfuch, le indic\u00f3 a la gobernadora de Chihuahua, Maru Campos, de la gravedad del caso, durante una reuni\u00f3n el pasado jueves, por el caso de los presuntos agentes de la CIA en la entidad.<\/em><\/strong><\/p>\n\n\n\n<p>La presidenta de M\u00e9xico, Claudia Sheinbaum, detall\u00f3 que el secretario de Seguridad y Protecci\u00f3n Ciudadana, Omar Garc\u00eda Harfuch, le indic\u00f3 a la gobernadora de Chihuahua, Maru Campos, de la gravedad del caso, durante una reuni\u00f3n el pasado jueves, por el caso de los presuntos agentes de la CIA en la entidad.<\/p>\n\n\n\n<p>\u201cLa gobernadora estuvo con Omar. El secretario de Seguridad lo que le plante\u00f3 es que era una violaci\u00f3n, que el gobierno federal no ten\u00eda conocimiento y que no se hab\u00edan seguido los procedimientos para poder informar al gobierno federal\u201d, dijo.<\/p>\n\n\n\n<p>Por otro lado, la primera mandataria mexicana consider\u00f3 que no se requiere una investigaci\u00f3n compleja para determinar responsabilidades, al asegurar que las \u00fanicas instancias estatales con capacidad para permitir esa colaboraci\u00f3n ser\u00edan la Fiscal\u00eda General de Justicia de Chihuahua o la Secretar\u00eda de Seguridad estatal.<\/p>\n\n\n\n<p>\u201cFue la Fiscal\u00eda o fue el gobierno. No hay de otra. Fue la Fiscal\u00eda General de Justicia del Estado de Chihuahua, fue el secretario de Seguridad\u201d, declar\u00f3.<\/p>\n\n\n\n<p>Compartir por Linkedin<br>La presidenta de M\u00e9xico, Claudia Sheinbaum, detall\u00f3 que el secretario de Seguridad y Protecci\u00f3n Ciudadana, Omar Garc\u00eda Harfuch, le indic\u00f3 a la gobernadora de Chihuahua, Maru Campos, de la gravedad del caso, durante una reuni\u00f3n el pasado jueves, por el caso de los presuntos agentes de la CIA en la entidad.<\/p>\n\n\n\n<p>\u201cLa gobernadora estuvo con Omar. El secretario de Seguridad lo que le plante\u00f3 es que era una violaci\u00f3n, que el gobierno federal no ten\u00eda conocimiento y que no se hab\u00edan seguido los procedimientos para poder informar al gobierno federal\u201d, dijo.<\/p>\n\n\n\n<p>Por otro lado, la primera mandataria mexicana consider\u00f3 que no se requiere una investigaci\u00f3n compleja para determinar responsabilidades, al asegurar que las \u00fanicas instancias estatales con capacidad para permitir esa colaboraci\u00f3n ser\u00edan la Fiscal\u00eda General de Justicia de Chihuahua o la Secretar\u00eda de Seguridad estatal.<\/p>\n\n\n\n<p>\u201cFue la Fiscal\u00eda o fue el gobierno. No hay de otra. Fue la Fiscal\u00eda General de Justicia del Estado de Chihuahua, fue el secretario de Seguridad\u201d, declar\u00f3.<\/p>\n\n\n\n<p>La titular del Ejecutivo federal subray\u00f3 que el tema no debe reducirse a una disputa partidista, sino entenderse como un asunto jur\u00eddico y de defensa institucional.<\/p>\n\n\n\n<p>\u201cA la presidenta de M\u00e9xico le corresponde la defensa de la soberan\u00eda en primer lugar y la defensa del pueblo de M\u00e9xico\u2026 resguardar la soberan\u00eda nacional quiere decir que se cumpla la ley\u201d, enfatiz\u00f3 desde Palacio Nacional.<\/p>\n\n\n\n<p>Respecto a la relaci\u00f3n con Estados Unidos, Sheinbaum Pardo reiter\u00f3 que la Secretar\u00eda de Relaciones Exteriores envi\u00f3 una nota diplom\u00e1tica al embajador estadounidense Ronald Johnson para expresar el extra\u00f1amiento del Gobierno mexicano y solicitar que hechos similares no vuelvan a ocurrir.<\/p>\n\n\n\n<p>Indic\u00f3 que la coordinaci\u00f3n bilateral en seguridad continuar\u00e1, pero siempre bajo reglas claras y respeto mutuo.<\/p>\n","protected":false},"excerpt":{"rendered":"<p>La presidenta de M\u00e9xico, Claudia Sheinbaum, detall\u00f3 que el secretario de Seguridad y Protecci\u00f3n Ciudadana, Omar Garc\u00eda Harfuch, le indic\u00f3 a la gobernadora de Chihuahua, Maru Campos, de la gravedad del caso, durante una reuni\u00f3n el pasado jueves, por el caso de los presuntos agentes de la CIA en la entidad. La presidenta de M\u00e9xico, [&hellip;]<\/p>\n","protected":false},"author":44,"featured_media":103016,"comment_status":"open","ping_status":"open","sticky":false,"template":"","format":"standard","meta":{"tdm_status":"","tdm_grid_status":"","footnotes":""},"categories":[39],"tags":[],"class_list":{"0":"post-132334","1":"post","2":"type-post","3":"status-publish","4":"format-standard","5":"has-post-thumbnail","7":"category-noticias-nacionales"},"yoast_head":"<!-- This site is optimized with the Yoast SEO plugin v27.4 - https:\/\/yoast.com\/product\/yoast-seo-wordpress\/ -->\n<title>Harfuch advirti\u00f3 a Maru Campos de la gravedad del caso de los agentes de la CIA: Sheinbaum - Fuentes Fidedignas<\/title>\n<meta name=\"robots\" content=\"index, follow, max-snippet:-1, max-image-preview:large, max-video-preview:-1\" \/>\n<link rel=\"canonical\" href=\"https:\/\/fuentesfidedignas.com.mx\/index.php\/2026\/04\/27\/harfuch-advirtio-a-maru-campos-de-la-gravedad-del-caso-de-los-agentes-de-la-cia-sheinbaum\/\" \/>\n<meta property=\"og:locale\" content=\"es_MX\" \/>\n<meta property=\"og:type\" content=\"article\" \/>\n<meta property=\"og:title\" content=\"Harfuch advirti\u00f3 a Maru Campos de la gravedad del caso de los agentes de la CIA: Sheinbaum - Fuentes Fidedignas\" \/>\n<meta property=\"og:description\" content=\"La presidenta de M\u00e9xico, Claudia Sheinbaum, detall\u00f3 que el secretario de Seguridad y Protecci\u00f3n Ciudadana, Omar Garc\u00eda Harfuch, le indic\u00f3 a la gobernadora de Chihuahua, Maru Campos, de la gravedad del caso, durante una reuni\u00f3n el pasado jueves, por el caso de los presuntos agentes de la CIA en la entidad. La presidenta de M\u00e9xico, [&hellip;]\" \/>\n<meta property=\"og:url\" content=\"https:\/\/fuentesfidedignas.com.mx\/index.php\/2026\/04\/27\/harfuch-advirtio-a-maru-campos-de-la-gravedad-del-caso-de-los-agentes-de-la-cia-sheinbaum\/\" \/>\n<meta property=\"og:site_name\" content=\"Fuentes Fidedignas\" \/>\n<meta property=\"article:publisher\" content=\"https:\/\/www.facebook.com\/Fuentes-Fidedignas-368234489921644\" \/>\n<meta property=\"article:published_time\" content=\"2026-04-27T17:59:50+00:00\" \/>\n<meta property=\"article:modified_time\" content=\"2026-04-27T17:59:54+00:00\" \/>\n<meta property=\"og:image\" content=\"https:\/\/fuentesfidedignas.com.mx\/wp-content\/uploads\/2025\/03\/Claudia-Sheinbaum.jpg\" \/>\n\t<meta property=\"og:image:width\" content=\"600\" \/>\n\t<meta property=\"og:image:height\" content=\"338\" \/>\n\t<meta property=\"og:image:type\" content=\"image\/jpeg\" \/>\n<meta name=\"author\" content=\"El Economista\" \/>\n<meta name=\"twitter:card\" content=\"summary_large_image\" \/>\n<meta name=\"twitter:creator\" content=\"@fidedignas\" \/>\n<meta name=\"twitter:site\" content=\"@fidedignas\" \/>\n<meta name=\"twitter:label1\" content=\"Escrito por\" \/>\n\t<meta name=\"twitter:data1\" content=\"El Economista\" \/>\n\t<meta name=\"twitter:label2\" content=\"Tiempo de lectura\" \/>\n\t<meta name=\"twitter:data2\" content=\"3 minutos\" \/>\n<script type=\"application\/ld+json\" class=\"yoast-schema-graph\">{\"@context\":\"https:\\\/\\\/schema.org\",\"@graph\":[{\"@type\":\"Article\",\"@id\":\"https:\\\/\\\/fuentesfidedignas.com.mx\\\/index.php\\\/2026\\\/04\\\/27\\\/harfuch-advirtio-a-maru-campos-de-la-gravedad-del-caso-de-los-agentes-de-la-cia-sheinbaum\\\/#article\",\"isPartOf\":{\"@id\":\"https:\\\/\\\/fuentesfidedignas.com.mx\\\/index.php\\\/2026\\\/04\\\/27\\\/harfuch-advirtio-a-maru-campos-de-la-gravedad-del-caso-de-los-agentes-de-la-cia-sheinbaum\\\/\"},\"author\":{\"name\":\"El Economista\",\"@id\":\"https:\\\/\\\/fuentesfidedignas.com.mx\\\/#\\\/schema\\\/person\\\/6af43e831c61354ecb5ffe61c99a9bf1\"},\"headline\":\"Harfuch advirti\u00f3 a Maru Campos de la gravedad del caso de los agentes de la CIA: Sheinbaum\",\"datePublished\":\"2026-04-27T17:59:50+00:00\",\"dateModified\":\"2026-04-27T17:59:54+00:00\",\"mainEntityOfPage\":{\"@id\":\"https:\\\/\\\/fuentesfidedignas.com.mx\\\/index.php\\\/2026\\\/04\\\/27\\\/harfuch-advirtio-a-maru-campos-de-la-gravedad-del-caso-de-los-agentes-de-la-cia-sheinbaum\\\/\"},\"wordCount\":558,\"commentCount\":0,\"publisher\":{\"@id\":\"https:\\\/\\\/fuentesfidedignas.com.mx\\\/#organization\"},\"image\":{\"@id\":\"https:\\\/\\\/fuentesfidedignas.com.mx\\\/index.php\\\/2026\\\/04\\\/27\\\/harfuch-advirtio-a-maru-campos-de-la-gravedad-del-caso-de-los-agentes-de-la-cia-sheinbaum\\\/#primaryimage\"},\"thumbnailUrl\":\"https:\\\/\\\/fuentesfidedignas.com.mx\\\/wp-content\\\/uploads\\\/2025\\\/03\\\/Claudia-Sheinbaum.jpg\",\"articleSection\":[\"NOTICIAS NACIONALES\"],\"inLanguage\":\"es\",\"potentialAction\":[{\"@type\":\"CommentAction\",\"name\":\"Comment\",\"target\":[\"https:\\\/\\\/fuentesfidedignas.com.mx\\\/index.php\\\/2026\\\/04\\\/27\\\/harfuch-advirtio-a-maru-campos-de-la-gravedad-del-caso-de-los-agentes-de-la-cia-sheinbaum\\\/#respond\"]}]},{\"@type\":\"WebPage\",\"@id\":\"https:\\\/\\\/fuentesfidedignas.com.mx\\\/index.php\\\/2026\\\/04\\\/27\\\/harfuch-advirtio-a-maru-campos-de-la-gravedad-del-caso-de-los-agentes-de-la-cia-sheinbaum\\\/\",\"url\":\"https:\\\/\\\/fuentesfidedignas.com.mx\\\/index.php\\\/2026\\\/04\\\/27\\\/harfuch-advirtio-a-maru-campos-de-la-gravedad-del-caso-de-los-agentes-de-la-cia-sheinbaum\\\/\",\"name\":\"Harfuch advirti\u00f3 a Maru Campos de la gravedad del caso de los agentes de la CIA: Sheinbaum - Fuentes Fidedignas\",\"isPartOf\":{\"@id\":\"https:\\\/\\\/fuentesfidedignas.com.mx\\\/#website\"},\"primaryImageOfPage\":{\"@id\":\"https:\\\/\\\/fuentesfidedignas.com.mx\\\/index.php\\\/2026\\\/04\\\/27\\\/harfuch-advirtio-a-maru-campos-de-la-gravedad-del-caso-de-los-agentes-de-la-cia-sheinbaum\\\/#primaryimage\"},\"image\":{\"@id\":\"https:\\\/\\\/fuentesfidedignas.com.mx\\\/index.php\\\/2026\\\/04\\\/27\\\/harfuch-advirtio-a-maru-campos-de-la-gravedad-del-caso-de-los-agentes-de-la-cia-sheinbaum\\\/#primaryimage\"},\"thumbnailUrl\":\"https:\\\/\\\/fuentesfidedignas.com.mx\\\/wp-content\\\/uploads\\\/2025\\\/03\\\/Claudia-Sheinbaum.jpg\",\"datePublished\":\"2026-04-27T17:59:50+00:00\",\"dateModified\":\"2026-04-27T17:59:54+00:00\",\"breadcrumb\":{\"@id\":\"https:\\\/\\\/fuentesfidedignas.com.mx\\\/index.php\\\/2026\\\/04\\\/27\\\/harfuch-advirtio-a-maru-campos-de-la-gravedad-del-caso-de-los-agentes-de-la-cia-sheinbaum\\\/#breadcrumb\"},\"inLanguage\":\"es\",\"potentialAction\":[{\"@type\":\"ReadAction\",\"target\":[\"https:\\\/\\\/fuentesfidedignas.com.mx\\\/index.php\\\/2026\\\/04\\\/27\\\/harfuch-advirtio-a-maru-campos-de-la-gravedad-del-caso-de-los-agentes-de-la-cia-sheinbaum\\\/\"]}]},{\"@type\":\"ImageObject\",\"inLanguage\":\"es\",\"@id\":\"https:\\\/\\\/fuentesfidedignas.com.mx\\\/index.php\\\/2026\\\/04\\\/27\\\/harfuch-advirtio-a-maru-campos-de-la-gravedad-del-caso-de-los-agentes-de-la-cia-sheinbaum\\\/#primaryimage\",\"url\":\"https:\\\/\\\/fuentesfidedignas.com.mx\\\/wp-content\\\/uploads\\\/2025\\\/03\\\/Claudia-Sheinbaum.jpg\",\"contentUrl\":\"https:\\\/\\\/fuentesfidedignas.com.mx\\\/wp-content\\\/uploads\\\/2025\\\/03\\\/Claudia-Sheinbaum.jpg\",\"width\":600,\"height\":338},{\"@type\":\"BreadcrumbList\",\"@id\":\"https:\\\/\\\/fuentesfidedignas.com.mx\\\/index.php\\\/2026\\\/04\\\/27\\\/harfuch-advirtio-a-maru-campos-de-la-gravedad-del-caso-de-los-agentes-de-la-cia-sheinbaum\\\/#breadcrumb\",\"itemListElement\":[{\"@type\":\"ListItem\",\"position\":1,\"name\":\"Inicio\",\"item\":\"https:\\\/\\\/fuentesfidedignas.com.mx\\\/\"},{\"@type\":\"ListItem\",\"position\":2,\"name\":\"Harfuch advirti\u00f3 a Maru Campos de la gravedad del caso de los agentes de la CIA: Sheinbaum\"}]},{\"@type\":\"WebSite\",\"@id\":\"https:\\\/\\\/fuentesfidedignas.com.mx\\\/#website\",\"url\":\"https:\\\/\\\/fuentesfidedignas.com.mx\\\/\",\"name\":\"Fuentes Fidedignas\",\"description\":\"Otro sitio realizado con WordPress\",\"publisher\":{\"@id\":\"https:\\\/\\\/fuentesfidedignas.com.mx\\\/#organization\"},\"potentialAction\":[{\"@type\":\"SearchAction\",\"target\":{\"@type\":\"EntryPoint\",\"urlTemplate\":\"https:\\\/\\\/fuentesfidedignas.com.mx\\\/?s={search_term_string}\"},\"query-input\":{\"@type\":\"PropertyValueSpecification\",\"valueRequired\":true,\"valueName\":\"search_term_string\"}}],\"inLanguage\":\"es\"},{\"@type\":\"Organization\",\"@id\":\"https:\\\/\\\/fuentesfidedignas.com.mx\\\/#organization\",\"name\":\"Fuentes Fidedignas\",\"url\":\"https:\\\/\\\/fuentesfidedignas.com.mx\\\/\",\"logo\":{\"@type\":\"ImageObject\",\"inLanguage\":\"es\",\"@id\":\"https:\\\/\\\/fuentesfidedignas.com.mx\\\/#\\\/schema\\\/logo\\\/image\\\/\",\"url\":\"https:\\\/\\\/fuentesfidedignas.com.mx\\\/wp-content\\\/uploads\\\/2021\\\/04\\\/logo-retina.png\",\"contentUrl\":\"https:\\\/\\\/fuentesfidedignas.com.mx\\\/wp-content\\\/uploads\\\/2021\\\/04\\\/logo-retina.png\",\"width\":280,\"height\":51,\"caption\":\"Fuentes Fidedignas\"},\"image\":{\"@id\":\"https:\\\/\\\/fuentesfidedignas.com.mx\\\/#\\\/schema\\\/logo\\\/image\\\/\"},\"sameAs\":[\"https:\\\/\\\/www.facebook.com\\\/Fuentes-Fidedignas-368234489921644\",\"https:\\\/\\\/x.com\\\/fidedignas\"]},{\"@type\":\"Person\",\"@id\":\"https:\\\/\\\/fuentesfidedignas.com.mx\\\/#\\\/schema\\\/person\\\/6af43e831c61354ecb5ffe61c99a9bf1\",\"name\":\"El Economista\",\"image\":{\"@type\":\"ImageObject\",\"inLanguage\":\"es\",\"@id\":\"https:\\\/\\\/secure.gravatar.com\\\/avatar\\\/cdb633edc72997b061038aff7c4738bf3a38a4e4089c4c7ba9509ccee48b1447?s=96&d=mm&r=g\",\"url\":\"https:\\\/\\\/secure.gravatar.com\\\/avatar\\\/cdb633edc72997b061038aff7c4738bf3a38a4e4089c4c7ba9509ccee48b1447?s=96&d=mm&r=g\",\"contentUrl\":\"https:\\\/\\\/secure.gravatar.com\\\/avatar\\\/cdb633edc72997b061038aff7c4738bf3a38a4e4089c4c7ba9509ccee48b1447?s=96&d=mm&r=g\",\"caption\":\"El Economista\"},\"url\":\"https:\\\/\\\/fuentesfidedignas.com.mx\\\/index.php\\\/author\\\/economista\\\/\"}]}<\/script>\n<!-- \/ Yoast SEO plugin. -->","yoast_head_json":{"title":"Harfuch advirti\u00f3 a Maru Campos de la gravedad del caso de los agentes de la CIA: Sheinbaum - Fuentes Fidedignas","robots":{"index":"index","follow":"follow","max-snippet":"max-snippet:-1","max-image-preview":"max-image-preview:large","max-video-preview":"max-video-preview:-1"},"canonical":"https:\/\/fuentesfidedignas.com.mx\/index.php\/2026\/04\/27\/harfuch-advirtio-a-maru-campos-de-la-gravedad-del-caso-de-los-agentes-de-la-cia-sheinbaum\/","og_locale":"es_MX","og_type":"article","og_title":"Harfuch advirti\u00f3 a Maru Campos de la gravedad del caso de los agentes de la CIA: Sheinbaum - Fuentes Fidedignas","og_description":"La presidenta de M\u00e9xico, Claudia Sheinbaum, detall\u00f3 que el secretario de Seguridad y Protecci\u00f3n Ciudadana, Omar Garc\u00eda Harfuch, le indic\u00f3 a la gobernadora de Chihuahua, Maru Campos, de la gravedad del caso, durante una reuni\u00f3n el pasado jueves, por el caso de los presuntos agentes de la CIA en la entidad. La presidenta de M\u00e9xico, [&hellip;]","og_url":"https:\/\/fuentesfidedignas.com.mx\/index.php\/2026\/04\/27\/harfuch-advirtio-a-maru-campos-de-la-gravedad-del-caso-de-los-agentes-de-la-cia-sheinbaum\/","og_site_name":"Fuentes Fidedignas","article_publisher":"https:\/\/www.facebook.com\/Fuentes-Fidedignas-368234489921644","article_published_time":"2026-04-27T17:59:50+00:00","article_modified_time":"2026-04-27T17:59:54+00:00","og_image":[{"width":600,"height":338,"url":"https:\/\/fuentesfidedignas.com.mx\/wp-content\/uploads\/2025\/03\/Claudia-Sheinbaum.jpg","type":"image\/jpeg"}],"author":"El Economista","twitter_card":"summary_large_image","twitter_creator":"@fidedignas","twitter_site":"@fidedignas","twitter_misc":{"Escrito por":"El Economista","Tiempo de lectura":"3 minutos"},"schema":{"@context":"https:\/\/schema.org","@graph":[{"@type":"Article","@id":"https:\/\/fuentesfidedignas.com.mx\/index.php\/2026\/04\/27\/harfuch-advirtio-a-maru-campos-de-la-gravedad-del-caso-de-los-agentes-de-la-cia-sheinbaum\/#article","isPartOf":{"@id":"https:\/\/fuentesfidedignas.com.mx\/index.php\/2026\/04\/27\/harfuch-advirtio-a-maru-campos-de-la-gravedad-del-caso-de-los-agentes-de-la-cia-sheinbaum\/"},"author":{"name":"El Economista","@id":"https:\/\/fuentesfidedignas.com.mx\/#\/schema\/person\/6af43e831c61354ecb5ffe61c99a9bf1"},"headline":"Harfuch advirti\u00f3 a Maru Campos de la gravedad del caso de los agentes de la CIA: Sheinbaum","datePublished":"2026-04-27T17:59:50+00:00","dateModified":"2026-04-27T17:59:54+00:00","mainEntityOfPage":{"@id":"https:\/\/fuentesfidedignas.com.mx\/index.php\/2026\/04\/27\/harfuch-advirtio-a-maru-campos-de-la-gravedad-del-caso-de-los-agentes-de-la-cia-sheinbaum\/"},"wordCount":558,"commentCount":0,"publisher":{"@id":"https:\/\/fuentesfidedignas.com.mx\/#organization"},"image":{"@id":"https:\/\/fuentesfidedignas.com.mx\/index.php\/2026\/04\/27\/harfuch-advirtio-a-maru-campos-de-la-gravedad-del-caso-de-los-agentes-de-la-cia-sheinbaum\/#primaryimage"},"thumbnailUrl":"https:\/\/fuentesfidedignas.com.mx\/wp-content\/uploads\/2025\/03\/Claudia-Sheinbaum.jpg","articleSection":["NOTICIAS NACIONALES"],"inLanguage":"es","potentialAction":[{"@type":"CommentAction","name":"Comment","target":["https:\/\/fuentesfidedignas.com.mx\/index.php\/2026\/04\/27\/harfuch-advirtio-a-maru-campos-de-la-gravedad-del-caso-de-los-agentes-de-la-cia-sheinbaum\/#respond"]}]},{"@type":"WebPage","@id":"https:\/\/fuentesfidedignas.com.mx\/index.php\/2026\/04\/27\/harfuch-advirtio-a-maru-campos-de-la-gravedad-del-caso-de-los-agentes-de-la-cia-sheinbaum\/","url":"https:\/\/fuentesfidedignas.com.mx\/index.php\/2026\/04\/27\/harfuch-advirtio-a-maru-campos-de-la-gravedad-del-caso-de-los-agentes-de-la-cia-sheinbaum\/","name":"Harfuch advirti\u00f3 a Maru Campos de la gravedad del caso de los agentes de la CIA: Sheinbaum - Fuentes Fidedignas","isPartOf":{"@id":"https:\/\/fuentesfidedignas.com.mx\/#website"},"primaryImageOfPage":{"@id":"https:\/\/fuentesfidedignas.com.mx\/index.php\/2026\/04\/27\/harfuch-advirtio-a-maru-campos-de-la-gravedad-del-caso-de-los-agentes-de-la-cia-sheinbaum\/#primaryimage"},"image":{"@id":"https:\/\/fuentesfidedignas.com.mx\/index.php\/2026\/04\/27\/harfuch-advirtio-a-maru-campos-de-la-gravedad-del-caso-de-los-agentes-de-la-cia-sheinbaum\/#primaryimage"},"thumbnailUrl":"https:\/\/fuentesfidedignas.com.mx\/wp-content\/uploads\/2025\/03\/Claudia-Sheinbaum.jpg","datePublished":"2026-04-27T17:59:50+00:00","dateModified":"2026-04-27T17:59:54+00:00","breadcrumb":{"@id":"https:\/\/fuentesfidedignas.com.mx\/index.php\/2026\/04\/27\/harfuch-advirtio-a-maru-campos-de-la-gravedad-del-caso-de-los-agentes-de-la-cia-sheinbaum\/#breadcrumb"},"inLanguage":"es","potentialAction":[{"@type":"ReadAction","target":["https:\/\/fuentesfidedignas.com.mx\/index.php\/2026\/04\/27\/harfuch-advirtio-a-maru-campos-de-la-gravedad-del-caso-de-los-agentes-de-la-cia-sheinbaum\/"]}]},{"@type":"ImageObject","inLanguage":"es","@id":"https:\/\/fuentesfidedignas.com.mx\/index.php\/2026\/04\/27\/harfuch-advirtio-a-maru-campos-de-la-gravedad-del-caso-de-los-agentes-de-la-cia-sheinbaum\/#primaryimage","url":"https:\/\/fuentesfidedignas.com.mx\/wp-content\/uploads\/2025\/03\/Claudia-Sheinbaum.jpg","contentUrl":"https:\/\/fuentesfidedignas.com.mx\/wp-content\/uploads\/2025\/03\/Claudia-Sheinbaum.jpg","width":600,"height":338},{"@type":"BreadcrumbList","@id":"https:\/\/fuentesfidedignas.com.mx\/index.php\/2026\/04\/27\/harfuch-advirtio-a-maru-campos-de-la-gravedad-del-caso-de-los-agentes-de-la-cia-sheinbaum\/#breadcrumb","itemListElement":[{"@type":"ListItem","position":1,"name":"Inicio","item":"https:\/\/fuentesfidedignas.com.mx\/"},{"@type":"ListItem","position":2,"name":"Harfuch advirti\u00f3 a Maru Campos de la gravedad del caso de los agentes de la CIA: Sheinbaum"}]},{"@type":"WebSite","@id":"https:\/\/fuentesfidedignas.com.mx\/#website","url":"https:\/\/fuentesfidedignas.com.mx\/","name":"Fuentes Fidedignas","description":"Otro sitio realizado con WordPress","publisher":{"@id":"https:\/\/fuentesfidedignas.com.mx\/#organization"},"potentialAction":[{"@type":"SearchAction","target":{"@type":"EntryPoint","urlTemplate":"https:\/\/fuentesfidedignas.com.mx\/?s={search_term_string}"},"query-input":{"@type":"PropertyValueSpecification","valueRequired":true,"valueName":"search_term_string"}}],"inLanguage":"es"},{"@type":"Organization","@id":"https:\/\/fuentesfidedignas.com.mx\/#organization","name":"Fuentes Fidedignas","url":"https:\/\/fuentesfidedignas.com.mx\/","logo":{"@type":"ImageObject","inLanguage":"es","@id":"https:\/\/fuentesfidedignas.com.mx\/#\/schema\/logo\/image\/","url":"https:\/\/fuentesfidedignas.com.mx\/wp-content\/uploads\/2021\/04\/logo-retina.png","contentUrl":"https:\/\/fuentesfidedignas.com.mx\/wp-content\/uploads\/2021\/04\/logo-retina.png","width":280,"height":51,"caption":"Fuentes Fidedignas"},"image":{"@id":"https:\/\/fuentesfidedignas.com.mx\/#\/schema\/logo\/image\/"},"sameAs":["https:\/\/www.facebook.com\/Fuentes-Fidedignas-368234489921644","https:\/\/x.com\/fidedignas"]},{"@type":"Person","@id":"https:\/\/fuentesfidedignas.com.mx\/#\/schema\/person\/6af43e831c61354ecb5ffe61c99a9bf1","name":"El Economista","image":{"@type":"ImageObject","inLanguage":"es","@id":"https:\/\/secure.gravatar.com\/avatar\/cdb633edc72997b061038aff7c4738bf3a38a4e4089c4c7ba9509ccee48b1447?s=96&d=mm&r=g","url":"https:\/\/secure.gravatar.com\/avatar\/cdb633edc72997b061038aff7c4738bf3a38a4e4089c4c7ba9509ccee48b1447?s=96&d=mm&r=g","contentUrl":"https:\/\/secure.gravatar.com\/avatar\/cdb633edc72997b061038aff7c4738bf3a38a4e4089c4c7ba9509ccee48b1447?s=96&d=mm&r=g","caption":"El Economista"},"url":"https:\/\/fuentesfidedignas.com.mx\/index.php\/author\/economista\/"}]}},"_links":{"self":[{"href":"https:\/\/fuentesfidedignas.com.mx\/index.php\/wp-json\/wp\/v2\/posts\/132334","targetHints":{"allow":["GET"]}}],"collection":[{"href":"https:\/\/fuentesfidedignas.com.mx\/index.php\/wp-json\/wp\/v2\/posts"}],"about":[{"href":"https:\/\/fuentesfidedignas.com.mx\/index.php\/wp-json\/wp\/v2\/types\/post"}],"author":[{"embeddable":true,"href":"https:\/\/fuentesfidedignas.com.mx\/index.php\/wp-json\/wp\/v2\/users\/44"}],"replies":[{"embeddable":true,"href":"https:\/\/fuentesfidedignas.com.mx\/index.php\/wp-json\/wp\/v2\/comments?post=132334"}],"version-history":[{"count":1,"href":"https:\/\/fuentesfidedignas.com.mx\/index.php\/wp-json\/wp\/v2\/posts\/132334\/revisions"}],"predecessor-version":[{"id":132335,"href":"https:\/\/fuentesfidedignas.com.mx\/index.php\/wp-json\/wp\/v2\/posts\/132334\/revisions\/132335"}],"wp:featuredmedia":[{"embeddable":true,"href":"https:\/\/fuentesfidedignas.com.mx\/index.php\/wp-json\/wp\/v2\/media\/103016"}],"wp:attachment":[{"href":"https:\/\/fuentesfidedignas.com.mx\/index.php\/wp-json\/wp\/v2\/media?parent=132334"}],"wp:term":[{"taxonomy":"category","embeddable":true,"href":"https:\/\/fuentesfidedignas.com.mx\/index.php\/wp-json\/wp\/v2\/categories?post=132334"},{"taxonomy":"post_tag","embeddable":true,"href":"https:\/\/fuentesfidedignas.com.mx\/index.php\/wp-json\/wp\/v2\/tags?post=132334"}],"curies":[{"name":"wp","href":"https:\/\/api.w.org\/{rel}","templated":true}]}}