{"id":132331,"date":"2026-04-27T08:36:53","date_gmt":"2026-04-27T15:36:53","guid":{"rendered":"https:\/\/fuentesfidedignas.com.mx\/?p=132331"},"modified":"2026-04-27T08:36:58","modified_gmt":"2026-04-27T15:36:58","slug":"con-pesca-y-alegria-100-ninas-y-ninos-celebran-su-dia-en-el-maviri-ahome","status":"publish","type":"post","link":"https:\/\/fuentesfidedignas.com.mx\/index.php\/2026\/04\/27\/con-pesca-y-alegria-100-ninas-y-ninos-celebran-su-dia-en-el-maviri-ahome\/","title":{"rendered":"Con pesca y alegr\u00eda, 100 ni\u00f1as y ni\u00f1os celebran su d\u00eda en El Maviri, Ahome"},"content":{"rendered":"\n<p><strong><em>El evento reuni\u00f3 a 100 ni\u00f1as y ni\u00f1os, quienes disfrutaron de esta gran fiesta donde, adem\u00e1s de convivir, demostraron sus habilidades en la pesca deportiva, fomentando desde temprana edad el respeto y amor por el mar y sus recursos.<\/em><\/strong><\/p>\n\n\n\n<p>Ahome, Sin.- En un ambiente lleno de alegr\u00eda, convivencia familiar y entusiasmo, se llev\u00f3 a cabo el Torneo Infantil de Pesca Big Fish El Debate 2026 en la playa de El Maviri, en el marco de la celebraci\u00f3n del D\u00eda de la Ni\u00f1ez.<\/p>\n\n\n\n<p>El evento reuni\u00f3 a 100 ni\u00f1as y ni\u00f1os, quienes disfrutaron de esta gran fiesta donde, adem\u00e1s de convivir, demostraron sus habilidades en la pesca deportiva, fomentando desde temprana edad el respeto y amor por el mar y sus recursos.<\/p>\n\n\n\n<p>Durante la inauguraci\u00f3n, la secretaria de Pesca y Acuacultura, Flor Emilia Guerra Mena, destac\u00f3 la importancia de impulsar este tipo de actividades que fortalecen la convivencia familiar y promueven la cultura de la pesca responsable entre las nuevas generaciones.<\/p>\n\n\n\n<p>Asimismo, resalt\u00f3 que, con el respaldo del Gobierno del Estado de Sinaloa, a trav\u00e9s del Programa de Impulso a la Pr\u00e1ctica de la Pesca Deportiva, se estar\u00e1n realizando 37 torneos en distintas modalidades como altamar, bah\u00eda, presa y playa, incluyendo cinco torneos infantiles.<\/p>\n\n\n\n<p>\u201cEn nombre del se\u00f1or gobernador, Rub\u00e9n Rocha Moya, les doy las gracias por estar aqu\u00ed presentes, por reforzar el trabajo que hacemos a nivel estado. Este a\u00f1o tenemos 37 torneos, 5 infantiles; este es el segundo del a\u00f1o al que estamos apoyando y me da mucho gusto ver a la ni\u00f1ez ahomense d\u00e1ndose cita en las mejores playas que tenemos en Sinaloa. Que se sepa en todo Sinaloa que en Ahome las ni\u00f1as y los ni\u00f1os tambi\u00e9n pescan\u201d, expres\u00f3.<\/p>\n\n\n\n<p>Resultados del torneo:<\/p>\n\n\n\n<p>Categor\u00eda Alev\u00edn (6 a\u00f1os o menos):<\/p>\n\n\n\n<ul class=\"wp-block-list\">\n<li>Primer lugar: Luis \u00c1ngel Manr\u00edquez, con un \u201cBotete\u201d de 0.602 kg<\/li>\n\n\n\n<li>Segundo lugar: Sergio Luj\u00e1n, con un \u201cRoncacho\u201d de 0.474 kg<\/li>\n\n\n\n<li>Tercer lugar: Emiliano Ur\u00edas, con un \u201cBotete\u201d de 0.420 kg<\/li>\n<\/ul>\n\n\n\n<p>Categor\u00eda Pargos (7-9 a\u00f1os):<\/p>\n\n\n\n<ul class=\"wp-block-list\">\n<li>Primer lugar: Mateo Soto, con un \u201cPargo\u201d de 1.142 kg<\/li>\n\n\n\n<li>Segundo lugar: Luis Enrique Escand\u00f3n, con un \u201cPargo\u201d de 0.820 kg<\/li>\n\n\n\n<li>Tercer lugar: Armando Castro, con un \u201cBotete\u201d de 0.784 kg<\/li>\n<\/ul>\n\n\n\n<p>Categor\u00eda Coconacos (10-13 a\u00f1os):<\/p>\n\n\n\n<ul class=\"wp-block-list\">\n<li>Primer lugar: Diego Reyes, con un \u201cPargo\u201d de 1.442 kg<\/li>\n\n\n\n<li>Segundo lugar: Mar\u00eda Jos\u00e9 Arista, con un \u201cBotete\u201d de 0.626 kg<\/li>\n\n\n\n<li>Tercer lugar: Ad\u00e1n Hern\u00e1ndez, con un \u201cBotete\u201d de 0.544 kg<\/li>\n<\/ul>\n\n\n\n<p>Categor\u00eda Robalos (14-17 a\u00f1os):<\/p>\n\n\n\n<ul class=\"wp-block-list\">\n<li>Primer lugar: Ana Ibarra, con un \u201cCochito\u201d de 0.470 kg<\/li>\n\n\n\n<li>Segundo lugar: Jos\u00e9 Barajas, con un \u201cRoncacho\u201d de 0.246 kg<\/li>\n\n\n\n<li>Tercer lugar: Emmeline Santoyo, con un \u201cCochito\u201d de 0.204 kg<\/li>\n<\/ul>\n\n\n\n<p>Con este tipo de eventos, el Gobierno del Estado, a trav\u00e9s de la Secretar\u00eda de Pesca y Acuacultura, reafirma su compromiso de promover la pesca deportiva como una actividad que fortalece el tejido social, impulsa el turismo y fomenta el cuidado de los recursos naturales en Sinaloa.<\/p>\n","protected":false},"excerpt":{"rendered":"<p>El evento reuni\u00f3 a 100 ni\u00f1as y ni\u00f1os, quienes disfrutaron de esta gran fiesta donde, adem\u00e1s de convivir, demostraron sus habilidades en la pesca deportiva, fomentando desde temprana edad el respeto y amor por el mar y sus recursos. Ahome, Sin.- En un ambiente lleno de alegr\u00eda, convivencia familiar y entusiasmo, se llev\u00f3 a cabo [&hellip;]<\/p>\n","protected":false},"author":4,"featured_media":132332,"comment_status":"open","ping_status":"open","sticky":false,"template":"","format":"standard","meta":{"tdm_status":"","tdm_grid_status":"","footnotes":""},"categories":[38],"tags":[],"class_list":{"0":"post-132331","1":"post","2":"type-post","3":"status-publish","4":"format-standard","5":"has-post-thumbnail","7":"category-noticias-locales"},"yoast_head":"<!-- This site is optimized with the Yoast SEO plugin v27.4 - https:\/\/yoast.com\/product\/yoast-seo-wordpress\/ -->\n<title>Con pesca y alegr\u00eda, 100 ni\u00f1as y ni\u00f1os celebran su d\u00eda en El Maviri, Ahome - Fuentes Fidedignas<\/title>\n<meta name=\"robots\" content=\"index, follow, max-snippet:-1, max-image-preview:large, max-video-preview:-1\" \/>\n<link rel=\"canonical\" href=\"https:\/\/fuentesfidedignas.com.mx\/index.php\/2026\/04\/27\/con-pesca-y-alegria-100-ninas-y-ninos-celebran-su-dia-en-el-maviri-ahome\/\" \/>\n<meta property=\"og:locale\" content=\"es_MX\" \/>\n<meta property=\"og:type\" content=\"article\" \/>\n<meta property=\"og:title\" content=\"Con pesca y alegr\u00eda, 100 ni\u00f1as y ni\u00f1os celebran su d\u00eda en El Maviri, Ahome - Fuentes Fidedignas\" \/>\n<meta property=\"og:description\" content=\"El evento reuni\u00f3 a 100 ni\u00f1as y ni\u00f1os, quienes disfrutaron de esta gran fiesta donde, adem\u00e1s de convivir, demostraron sus habilidades en la pesca deportiva, fomentando desde temprana edad el respeto y amor por el mar y sus recursos. Ahome, Sin.- En un ambiente lleno de alegr\u00eda, convivencia familiar y entusiasmo, se llev\u00f3 a cabo [&hellip;]\" \/>\n<meta property=\"og:url\" content=\"https:\/\/fuentesfidedignas.com.mx\/index.php\/2026\/04\/27\/con-pesca-y-alegria-100-ninas-y-ninos-celebran-su-dia-en-el-maviri-ahome\/\" \/>\n<meta property=\"og:site_name\" content=\"Fuentes Fidedignas\" \/>\n<meta property=\"article:publisher\" content=\"https:\/\/www.facebook.com\/Fuentes-Fidedignas-368234489921644\" \/>\n<meta property=\"article:published_time\" content=\"2026-04-27T15:36:53+00:00\" \/>\n<meta property=\"article:modified_time\" content=\"2026-04-27T15:36:58+00:00\" \/>\n<meta property=\"og:image\" content=\"https:\/\/fuentesfidedignas.com.mx\/wp-content\/uploads\/2026\/04\/WhatsApp-Image-2026-04-26-at-5.02.32-PM.jpeg\" \/>\n\t<meta property=\"og:image:width\" content=\"500\" \/>\n\t<meta property=\"og:image:height\" content=\"333\" \/>\n\t<meta property=\"og:image:type\" content=\"image\/jpeg\" \/>\n<meta name=\"author\" content=\"Redacci\u00f3n\" \/>\n<meta name=\"twitter:card\" content=\"summary_large_image\" \/>\n<meta name=\"twitter:creator\" content=\"@fidedignas\" \/>\n<meta name=\"twitter:site\" content=\"@fidedignas\" \/>\n<meta name=\"twitter:label1\" content=\"Escrito por\" \/>\n\t<meta name=\"twitter:data1\" content=\"Redacci\u00f3n\" \/>\n\t<meta name=\"twitter:label2\" content=\"Tiempo de lectura\" \/>\n\t<meta name=\"twitter:data2\" content=\"3 minutos\" \/>\n<script type=\"application\/ld+json\" class=\"yoast-schema-graph\">{\"@context\":\"https:\\\/\\\/schema.org\",\"@graph\":[{\"@type\":\"Article\",\"@id\":\"https:\\\/\\\/fuentesfidedignas.com.mx\\\/index.php\\\/2026\\\/04\\\/27\\\/con-pesca-y-alegria-100-ninas-y-ninos-celebran-su-dia-en-el-maviri-ahome\\\/#article\",\"isPartOf\":{\"@id\":\"https:\\\/\\\/fuentesfidedignas.com.mx\\\/index.php\\\/2026\\\/04\\\/27\\\/con-pesca-y-alegria-100-ninas-y-ninos-celebran-su-dia-en-el-maviri-ahome\\\/\"},\"author\":{\"name\":\"Redacci\u00f3n\",\"@id\":\"https:\\\/\\\/fuentesfidedignas.com.mx\\\/#\\\/schema\\\/person\\\/331be9283d37198e2acd5750279085b0\"},\"headline\":\"Con pesca y alegr\u00eda, 100 ni\u00f1as y ni\u00f1os celebran su d\u00eda en El Maviri, Ahome\",\"datePublished\":\"2026-04-27T15:36:53+00:00\",\"dateModified\":\"2026-04-27T15:36:58+00:00\",\"mainEntityOfPage\":{\"@id\":\"https:\\\/\\\/fuentesfidedignas.com.mx\\\/index.php\\\/2026\\\/04\\\/27\\\/con-pesca-y-alegria-100-ninas-y-ninos-celebran-su-dia-en-el-maviri-ahome\\\/\"},\"wordCount\":515,\"commentCount\":0,\"publisher\":{\"@id\":\"https:\\\/\\\/fuentesfidedignas.com.mx\\\/#organization\"},\"image\":{\"@id\":\"https:\\\/\\\/fuentesfidedignas.com.mx\\\/index.php\\\/2026\\\/04\\\/27\\\/con-pesca-y-alegria-100-ninas-y-ninos-celebran-su-dia-en-el-maviri-ahome\\\/#primaryimage\"},\"thumbnailUrl\":\"https:\\\/\\\/fuentesfidedignas.com.mx\\\/wp-content\\\/uploads\\\/2026\\\/04\\\/WhatsApp-Image-2026-04-26-at-5.02.32-PM.jpeg\",\"articleSection\":[\"NOTICIAS LOCALES\"],\"inLanguage\":\"es\",\"potentialAction\":[{\"@type\":\"CommentAction\",\"name\":\"Comment\",\"target\":[\"https:\\\/\\\/fuentesfidedignas.com.mx\\\/index.php\\\/2026\\\/04\\\/27\\\/con-pesca-y-alegria-100-ninas-y-ninos-celebran-su-dia-en-el-maviri-ahome\\\/#respond\"]}]},{\"@type\":\"WebPage\",\"@id\":\"https:\\\/\\\/fuentesfidedignas.com.mx\\\/index.php\\\/2026\\\/04\\\/27\\\/con-pesca-y-alegria-100-ninas-y-ninos-celebran-su-dia-en-el-maviri-ahome\\\/\",\"url\":\"https:\\\/\\\/fuentesfidedignas.com.mx\\\/index.php\\\/2026\\\/04\\\/27\\\/con-pesca-y-alegria-100-ninas-y-ninos-celebran-su-dia-en-el-maviri-ahome\\\/\",\"name\":\"Con pesca y alegr\u00eda, 100 ni\u00f1as y ni\u00f1os celebran su d\u00eda en El Maviri, Ahome - Fuentes Fidedignas\",\"isPartOf\":{\"@id\":\"https:\\\/\\\/fuentesfidedignas.com.mx\\\/#website\"},\"primaryImageOfPage\":{\"@id\":\"https:\\\/\\\/fuentesfidedignas.com.mx\\\/index.php\\\/2026\\\/04\\\/27\\\/con-pesca-y-alegria-100-ninas-y-ninos-celebran-su-dia-en-el-maviri-ahome\\\/#primaryimage\"},\"image\":{\"@id\":\"https:\\\/\\\/fuentesfidedignas.com.mx\\\/index.php\\\/2026\\\/04\\\/27\\\/con-pesca-y-alegria-100-ninas-y-ninos-celebran-su-dia-en-el-maviri-ahome\\\/#primaryimage\"},\"thumbnailUrl\":\"https:\\\/\\\/fuentesfidedignas.com.mx\\\/wp-content\\\/uploads\\\/2026\\\/04\\\/WhatsApp-Image-2026-04-26-at-5.02.32-PM.jpeg\",\"datePublished\":\"2026-04-27T15:36:53+00:00\",\"dateModified\":\"2026-04-27T15:36:58+00:00\",\"breadcrumb\":{\"@id\":\"https:\\\/\\\/fuentesfidedignas.com.mx\\\/index.php\\\/2026\\\/04\\\/27\\\/con-pesca-y-alegria-100-ninas-y-ninos-celebran-su-dia-en-el-maviri-ahome\\\/#breadcrumb\"},\"inLanguage\":\"es\",\"potentialAction\":[{\"@type\":\"ReadAction\",\"target\":[\"https:\\\/\\\/fuentesfidedignas.com.mx\\\/index.php\\\/2026\\\/04\\\/27\\\/con-pesca-y-alegria-100-ninas-y-ninos-celebran-su-dia-en-el-maviri-ahome\\\/\"]}]},{\"@type\":\"ImageObject\",\"inLanguage\":\"es\",\"@id\":\"https:\\\/\\\/fuentesfidedignas.com.mx\\\/index.php\\\/2026\\\/04\\\/27\\\/con-pesca-y-alegria-100-ninas-y-ninos-celebran-su-dia-en-el-maviri-ahome\\\/#primaryimage\",\"url\":\"https:\\\/\\\/fuentesfidedignas.com.mx\\\/wp-content\\\/uploads\\\/2026\\\/04\\\/WhatsApp-Image-2026-04-26-at-5.02.32-PM.jpeg\",\"contentUrl\":\"https:\\\/\\\/fuentesfidedignas.com.mx\\\/wp-content\\\/uploads\\\/2026\\\/04\\\/WhatsApp-Image-2026-04-26-at-5.02.32-PM.jpeg\",\"width\":500,\"height\":333},{\"@type\":\"BreadcrumbList\",\"@id\":\"https:\\\/\\\/fuentesfidedignas.com.mx\\\/index.php\\\/2026\\\/04\\\/27\\\/con-pesca-y-alegria-100-ninas-y-ninos-celebran-su-dia-en-el-maviri-ahome\\\/#breadcrumb\",\"itemListElement\":[{\"@type\":\"ListItem\",\"position\":1,\"name\":\"Inicio\",\"item\":\"https:\\\/\\\/fuentesfidedignas.com.mx\\\/\"},{\"@type\":\"ListItem\",\"position\":2,\"name\":\"Con pesca y alegr\u00eda, 100 ni\u00f1as y ni\u00f1os celebran su d\u00eda en El Maviri, Ahome\"}]},{\"@type\":\"WebSite\",\"@id\":\"https:\\\/\\\/fuentesfidedignas.com.mx\\\/#website\",\"url\":\"https:\\\/\\\/fuentesfidedignas.com.mx\\\/\",\"name\":\"Fuentes Fidedignas\",\"description\":\"Otro sitio realizado con WordPress\",\"publisher\":{\"@id\":\"https:\\\/\\\/fuentesfidedignas.com.mx\\\/#organization\"},\"potentialAction\":[{\"@type\":\"SearchAction\",\"target\":{\"@type\":\"EntryPoint\",\"urlTemplate\":\"https:\\\/\\\/fuentesfidedignas.com.mx\\\/?s={search_term_string}\"},\"query-input\":{\"@type\":\"PropertyValueSpecification\",\"valueRequired\":true,\"valueName\":\"search_term_string\"}}],\"inLanguage\":\"es\"},{\"@type\":\"Organization\",\"@id\":\"https:\\\/\\\/fuentesfidedignas.com.mx\\\/#organization\",\"name\":\"Fuentes Fidedignas\",\"url\":\"https:\\\/\\\/fuentesfidedignas.com.mx\\\/\",\"logo\":{\"@type\":\"ImageObject\",\"inLanguage\":\"es\",\"@id\":\"https:\\\/\\\/fuentesfidedignas.com.mx\\\/#\\\/schema\\\/logo\\\/image\\\/\",\"url\":\"https:\\\/\\\/fuentesfidedignas.com.mx\\\/wp-content\\\/uploads\\\/2021\\\/04\\\/logo-retina.png\",\"contentUrl\":\"https:\\\/\\\/fuentesfidedignas.com.mx\\\/wp-content\\\/uploads\\\/2021\\\/04\\\/logo-retina.png\",\"width\":280,\"height\":51,\"caption\":\"Fuentes Fidedignas\"},\"image\":{\"@id\":\"https:\\\/\\\/fuentesfidedignas.com.mx\\\/#\\\/schema\\\/logo\\\/image\\\/\"},\"sameAs\":[\"https:\\\/\\\/www.facebook.com\\\/Fuentes-Fidedignas-368234489921644\",\"https:\\\/\\\/x.com\\\/fidedignas\"]},{\"@type\":\"Person\",\"@id\":\"https:\\\/\\\/fuentesfidedignas.com.mx\\\/#\\\/schema\\\/person\\\/331be9283d37198e2acd5750279085b0\",\"name\":\"Redacci\u00f3n\",\"image\":{\"@type\":\"ImageObject\",\"inLanguage\":\"es\",\"@id\":\"https:\\\/\\\/secure.gravatar.com\\\/avatar\\\/f6d8782c11d12b2d4ad3fbb6931aeab5309937a4d6cd2fc9cfaa28a6396a5aec?s=96&d=mm&r=g\",\"url\":\"https:\\\/\\\/secure.gravatar.com\\\/avatar\\\/f6d8782c11d12b2d4ad3fbb6931aeab5309937a4d6cd2fc9cfaa28a6396a5aec?s=96&d=mm&r=g\",\"contentUrl\":\"https:\\\/\\\/secure.gravatar.com\\\/avatar\\\/f6d8782c11d12b2d4ad3fbb6931aeab5309937a4d6cd2fc9cfaa28a6396a5aec?s=96&d=mm&r=g\",\"caption\":\"Redacci\u00f3n\"},\"url\":\"https:\\\/\\\/fuentesfidedignas.com.mx\\\/index.php\\\/author\\\/redaccion\\\/\"}]}<\/script>\n<!-- \/ Yoast SEO plugin. -->","yoast_head_json":{"title":"Con pesca y alegr\u00eda, 100 ni\u00f1as y ni\u00f1os celebran su d\u00eda en El Maviri, Ahome - Fuentes Fidedignas","robots":{"index":"index","follow":"follow","max-snippet":"max-snippet:-1","max-image-preview":"max-image-preview:large","max-video-preview":"max-video-preview:-1"},"canonical":"https:\/\/fuentesfidedignas.com.mx\/index.php\/2026\/04\/27\/con-pesca-y-alegria-100-ninas-y-ninos-celebran-su-dia-en-el-maviri-ahome\/","og_locale":"es_MX","og_type":"article","og_title":"Con pesca y alegr\u00eda, 100 ni\u00f1as y ni\u00f1os celebran su d\u00eda en El Maviri, Ahome - Fuentes Fidedignas","og_description":"El evento reuni\u00f3 a 100 ni\u00f1as y ni\u00f1os, quienes disfrutaron de esta gran fiesta donde, adem\u00e1s de convivir, demostraron sus habilidades en la pesca deportiva, fomentando desde temprana edad el respeto y amor por el mar y sus recursos. Ahome, Sin.- En un ambiente lleno de alegr\u00eda, convivencia familiar y entusiasmo, se llev\u00f3 a cabo [&hellip;]","og_url":"https:\/\/fuentesfidedignas.com.mx\/index.php\/2026\/04\/27\/con-pesca-y-alegria-100-ninas-y-ninos-celebran-su-dia-en-el-maviri-ahome\/","og_site_name":"Fuentes Fidedignas","article_publisher":"https:\/\/www.facebook.com\/Fuentes-Fidedignas-368234489921644","article_published_time":"2026-04-27T15:36:53+00:00","article_modified_time":"2026-04-27T15:36:58+00:00","og_image":[{"width":500,"height":333,"url":"https:\/\/fuentesfidedignas.com.mx\/wp-content\/uploads\/2026\/04\/WhatsApp-Image-2026-04-26-at-5.02.32-PM.jpeg","type":"image\/jpeg"}],"author":"Redacci\u00f3n","twitter_card":"summary_large_image","twitter_creator":"@fidedignas","twitter_site":"@fidedignas","twitter_misc":{"Escrito por":"Redacci\u00f3n","Tiempo de lectura":"3 minutos"},"schema":{"@context":"https:\/\/schema.org","@graph":[{"@type":"Article","@id":"https:\/\/fuentesfidedignas.com.mx\/index.php\/2026\/04\/27\/con-pesca-y-alegria-100-ninas-y-ninos-celebran-su-dia-en-el-maviri-ahome\/#article","isPartOf":{"@id":"https:\/\/fuentesfidedignas.com.mx\/index.php\/2026\/04\/27\/con-pesca-y-alegria-100-ninas-y-ninos-celebran-su-dia-en-el-maviri-ahome\/"},"author":{"name":"Redacci\u00f3n","@id":"https:\/\/fuentesfidedignas.com.mx\/#\/schema\/person\/331be9283d37198e2acd5750279085b0"},"headline":"Con pesca y alegr\u00eda, 100 ni\u00f1as y ni\u00f1os celebran su d\u00eda en El Maviri, Ahome","datePublished":"2026-04-27T15:36:53+00:00","dateModified":"2026-04-27T15:36:58+00:00","mainEntityOfPage":{"@id":"https:\/\/fuentesfidedignas.com.mx\/index.php\/2026\/04\/27\/con-pesca-y-alegria-100-ninas-y-ninos-celebran-su-dia-en-el-maviri-ahome\/"},"wordCount":515,"commentCount":0,"publisher":{"@id":"https:\/\/fuentesfidedignas.com.mx\/#organization"},"image":{"@id":"https:\/\/fuentesfidedignas.com.mx\/index.php\/2026\/04\/27\/con-pesca-y-alegria-100-ninas-y-ninos-celebran-su-dia-en-el-maviri-ahome\/#primaryimage"},"thumbnailUrl":"https:\/\/fuentesfidedignas.com.mx\/wp-content\/uploads\/2026\/04\/WhatsApp-Image-2026-04-26-at-5.02.32-PM.jpeg","articleSection":["NOTICIAS LOCALES"],"inLanguage":"es","potentialAction":[{"@type":"CommentAction","name":"Comment","target":["https:\/\/fuentesfidedignas.com.mx\/index.php\/2026\/04\/27\/con-pesca-y-alegria-100-ninas-y-ninos-celebran-su-dia-en-el-maviri-ahome\/#respond"]}]},{"@type":"WebPage","@id":"https:\/\/fuentesfidedignas.com.mx\/index.php\/2026\/04\/27\/con-pesca-y-alegria-100-ninas-y-ninos-celebran-su-dia-en-el-maviri-ahome\/","url":"https:\/\/fuentesfidedignas.com.mx\/index.php\/2026\/04\/27\/con-pesca-y-alegria-100-ninas-y-ninos-celebran-su-dia-en-el-maviri-ahome\/","name":"Con pesca y alegr\u00eda, 100 ni\u00f1as y ni\u00f1os celebran su d\u00eda en El Maviri, Ahome - Fuentes Fidedignas","isPartOf":{"@id":"https:\/\/fuentesfidedignas.com.mx\/#website"},"primaryImageOfPage":{"@id":"https:\/\/fuentesfidedignas.com.mx\/index.php\/2026\/04\/27\/con-pesca-y-alegria-100-ninas-y-ninos-celebran-su-dia-en-el-maviri-ahome\/#primaryimage"},"image":{"@id":"https:\/\/fuentesfidedignas.com.mx\/index.php\/2026\/04\/27\/con-pesca-y-alegria-100-ninas-y-ninos-celebran-su-dia-en-el-maviri-ahome\/#primaryimage"},"thumbnailUrl":"https:\/\/fuentesfidedignas.com.mx\/wp-content\/uploads\/2026\/04\/WhatsApp-Image-2026-04-26-at-5.02.32-PM.jpeg","datePublished":"2026-04-27T15:36:53+00:00","dateModified":"2026-04-27T15:36:58+00:00","breadcrumb":{"@id":"https:\/\/fuentesfidedignas.com.mx\/index.php\/2026\/04\/27\/con-pesca-y-alegria-100-ninas-y-ninos-celebran-su-dia-en-el-maviri-ahome\/#breadcrumb"},"inLanguage":"es","potentialAction":[{"@type":"ReadAction","target":["https:\/\/fuentesfidedignas.com.mx\/index.php\/2026\/04\/27\/con-pesca-y-alegria-100-ninas-y-ninos-celebran-su-dia-en-el-maviri-ahome\/"]}]},{"@type":"ImageObject","inLanguage":"es","@id":"https:\/\/fuentesfidedignas.com.mx\/index.php\/2026\/04\/27\/con-pesca-y-alegria-100-ninas-y-ninos-celebran-su-dia-en-el-maviri-ahome\/#primaryimage","url":"https:\/\/fuentesfidedignas.com.mx\/wp-content\/uploads\/2026\/04\/WhatsApp-Image-2026-04-26-at-5.02.32-PM.jpeg","contentUrl":"https:\/\/fuentesfidedignas.com.mx\/wp-content\/uploads\/2026\/04\/WhatsApp-Image-2026-04-26-at-5.02.32-PM.jpeg","width":500,"height":333},{"@type":"BreadcrumbList","@id":"https:\/\/fuentesfidedignas.com.mx\/index.php\/2026\/04\/27\/con-pesca-y-alegria-100-ninas-y-ninos-celebran-su-dia-en-el-maviri-ahome\/#breadcrumb","itemListElement":[{"@type":"ListItem","position":1,"name":"Inicio","item":"https:\/\/fuentesfidedignas.com.mx\/"},{"@type":"ListItem","position":2,"name":"Con pesca y alegr\u00eda, 100 ni\u00f1as y ni\u00f1os celebran su d\u00eda en El Maviri, Ahome"}]},{"@type":"WebSite","@id":"https:\/\/fuentesfidedignas.com.mx\/#website","url":"https:\/\/fuentesfidedignas.com.mx\/","name":"Fuentes Fidedignas","description":"Otro sitio realizado con WordPress","publisher":{"@id":"https:\/\/fuentesfidedignas.com.mx\/#organization"},"potentialAction":[{"@type":"SearchAction","target":{"@type":"EntryPoint","urlTemplate":"https:\/\/fuentesfidedignas.com.mx\/?s={search_term_string}"},"query-input":{"@type":"PropertyValueSpecification","valueRequired":true,"valueName":"search_term_string"}}],"inLanguage":"es"},{"@type":"Organization","@id":"https:\/\/fuentesfidedignas.com.mx\/#organization","name":"Fuentes Fidedignas","url":"https:\/\/fuentesfidedignas.com.mx\/","logo":{"@type":"ImageObject","inLanguage":"es","@id":"https:\/\/fuentesfidedignas.com.mx\/#\/schema\/logo\/image\/","url":"https:\/\/fuentesfidedignas.com.mx\/wp-content\/uploads\/2021\/04\/logo-retina.png","contentUrl":"https:\/\/fuentesfidedignas.com.mx\/wp-content\/uploads\/2021\/04\/logo-retina.png","width":280,"height":51,"caption":"Fuentes Fidedignas"},"image":{"@id":"https:\/\/fuentesfidedignas.com.mx\/#\/schema\/logo\/image\/"},"sameAs":["https:\/\/www.facebook.com\/Fuentes-Fidedignas-368234489921644","https:\/\/x.com\/fidedignas"]},{"@type":"Person","@id":"https:\/\/fuentesfidedignas.com.mx\/#\/schema\/person\/331be9283d37198e2acd5750279085b0","name":"Redacci\u00f3n","image":{"@type":"ImageObject","inLanguage":"es","@id":"https:\/\/secure.gravatar.com\/avatar\/f6d8782c11d12b2d4ad3fbb6931aeab5309937a4d6cd2fc9cfaa28a6396a5aec?s=96&d=mm&r=g","url":"https:\/\/secure.gravatar.com\/avatar\/f6d8782c11d12b2d4ad3fbb6931aeab5309937a4d6cd2fc9cfaa28a6396a5aec?s=96&d=mm&r=g","contentUrl":"https:\/\/secure.gravatar.com\/avatar\/f6d8782c11d12b2d4ad3fbb6931aeab5309937a4d6cd2fc9cfaa28a6396a5aec?s=96&d=mm&r=g","caption":"Redacci\u00f3n"},"url":"https:\/\/fuentesfidedignas.com.mx\/index.php\/author\/redaccion\/"}]}},"_links":{"self":[{"href":"https:\/\/fuentesfidedignas.com.mx\/index.php\/wp-json\/wp\/v2\/posts\/132331","targetHints":{"allow":["GET"]}}],"collection":[{"href":"https:\/\/fuentesfidedignas.com.mx\/index.php\/wp-json\/wp\/v2\/posts"}],"about":[{"href":"https:\/\/fuentesfidedignas.com.mx\/index.php\/wp-json\/wp\/v2\/types\/post"}],"author":[{"embeddable":true,"href":"https:\/\/fuentesfidedignas.com.mx\/index.php\/wp-json\/wp\/v2\/users\/4"}],"replies":[{"embeddable":true,"href":"https:\/\/fuentesfidedignas.com.mx\/index.php\/wp-json\/wp\/v2\/comments?post=132331"}],"version-history":[{"count":1,"href":"https:\/\/fuentesfidedignas.com.mx\/index.php\/wp-json\/wp\/v2\/posts\/132331\/revisions"}],"predecessor-version":[{"id":132333,"href":"https:\/\/fuentesfidedignas.com.mx\/index.php\/wp-json\/wp\/v2\/posts\/132331\/revisions\/132333"}],"wp:featuredmedia":[{"embeddable":true,"href":"https:\/\/fuentesfidedignas.com.mx\/index.php\/wp-json\/wp\/v2\/media\/132332"}],"wp:attachment":[{"href":"https:\/\/fuentesfidedignas.com.mx\/index.php\/wp-json\/wp\/v2\/media?parent=132331"}],"wp:term":[{"taxonomy":"category","embeddable":true,"href":"https:\/\/fuentesfidedignas.com.mx\/index.php\/wp-json\/wp\/v2\/categories?post=132331"},{"taxonomy":"post_tag","embeddable":true,"href":"https:\/\/fuentesfidedignas.com.mx\/index.php\/wp-json\/wp\/v2\/tags?post=132331"}],"curies":[{"name":"wp","href":"https:\/\/api.w.org\/{rel}","templated":true}]}}