{"id":132326,"date":"2026-04-27T08:29:29","date_gmt":"2026-04-27T15:29:29","guid":{"rendered":"https:\/\/fuentesfidedignas.com.mx\/?p=132326"},"modified":"2026-04-27T08:31:56","modified_gmt":"2026-04-27T15:31:56","slug":"alcalde-en-morelos-es-detenido-por-presunto-abuso-sexual-en-contra-de-un-menor-de-edad","status":"publish","type":"post","link":"https:\/\/fuentesfidedignas.com.mx\/index.php\/2026\/04\/27\/alcalde-en-morelos-es-detenido-por-presunto-abuso-sexual-en-contra-de-un-menor-de-edad\/","title":{"rendered":"Alcalde en Morelos es detenido por presunto abuso sexual en contra de un menor de edad"},"content":{"rendered":"\n<p><strong><em>Tras su detenci\u00f3n, el alcalde de Tlalnepantla, Jorge Armando Genaro Rubio, fue trasladado a la comandancia y despu\u00e9s fue puesto a disposici\u00f3n del Ministerio P\u00fablico de la Fiscal\u00eda Regional Oriente<\/em><\/strong>.<\/p>\n\n\n\n<p>Agentes de la Polic\u00eda de Tlayacapan, Morelos, detuvieron al alcalde de Tlalnepantla, Jorge Armando Genaro Rubio, por presunto abuso sexual en contra de un menor de edad.<\/p>\n\n\n\n<p>Cerca de la 21:55 horas de este s\u00e1bado, las autoridades municipales aprehendieron al funcionario morenista en la carretera de Yautepec-Tlayacapan, en la colonia Pantitl\u00e1n. Seg\u00fan datos de la ficha del Registro Nacional de Detenciones (RND) de la Secretar\u00eda de Seguridad y Protecci\u00f3n Ciudadana, vest\u00eda playera manga corta gris, pantal\u00f3n de mezclilla negro y tenis blancos.<\/p>\n\n\n\n<p>Tras su detenci\u00f3n fue trasladado a la comandancia de la Torre XXI y despu\u00e9s fue puesto a disposici\u00f3n del Ministerio P\u00fablico de la Fiscal\u00eda Regional Oriente. Ahora se contempla que el alcalde sea presentado ante un juez de control para que defina si existen elementos para vincularlo a proceso.<\/p>\n\n\n\n<p>Hasta ahora, las autoridades no especifican c\u00f3mo fue la detenci\u00f3n, pero medios locales informan que Genaro Rubio fue presuntamente sorprendido por polic\u00edas municipales cuando abusaba de un adolescente, quien fue resguardada despu\u00e9s de la detenci\u00f3n del alcalde.<\/p>\n\n\n\n<p>Genaro Rubio compiti\u00f3 por la alcald\u00eda de Tlalnepantla en 2024 bajo las siglas del Partido Encuentro Solidario (PES), pero meses despu\u00e9s renunci\u00f3 a esa fuerza pol\u00edtica y se sum\u00f3 a Morena.<\/p>\n\n\n\n<p>Jorge Armando Genaro Rubio es licenciado en Derecho y en 2022 se desempe\u00f1\u00f3 como asesor jur\u00eddico adscrito a sindicatura en Totolapan; posteriormente fue elegido como presidente municipal para el periodo 2025-2027.<\/p>\n\n\n\n<p>Hasta el momento, Morena no se pronuncia sobre la detenci\u00f3n de Genero Rubio ni ning\u00fan pol\u00edtico de este partido ha dicho algo sobre la detenci\u00f3n.<\/p>\n\n\n\n<p>No es la primera vez que un pol\u00edtico es se\u00f1alado de agresi\u00f3n sexual. En abril de 2021 fue detenido el entonces diputados federal Sa\u00fal Huerta Corona por violaci\u00f3n en contra de un menor de edad. Casi tres a\u00f1os despu\u00e9s le dictaron sentencia definitiva por 22 a\u00f1os de prisi\u00f3n por dicho delito.<\/p>\n","protected":false},"excerpt":{"rendered":"<p>Tras su detenci\u00f3n, el alcalde de Tlalnepantla, Jorge Armando Genaro Rubio, fue trasladado a la comandancia y despu\u00e9s fue puesto a disposici\u00f3n del Ministerio P\u00fablico de la Fiscal\u00eda Regional Oriente. Agentes de la Polic\u00eda de Tlayacapan, Morelos, detuvieron al alcalde de Tlalnepantla, Jorge Armando Genaro Rubio, por presunto abuso sexual en contra de un menor [&hellip;]<\/p>\n","protected":false},"author":89,"featured_media":132327,"comment_status":"open","ping_status":"open","sticky":false,"template":"","format":"standard","meta":{"tdm_status":"","tdm_grid_status":"","footnotes":""},"categories":[39],"tags":[],"class_list":{"0":"post-132326","1":"post","2":"type-post","3":"status-publish","4":"format-standard","5":"has-post-thumbnail","7":"category-noticias-nacionales"},"yoast_head":"<!-- This site is optimized with the Yoast SEO plugin v27.4 - https:\/\/yoast.com\/product\/yoast-seo-wordpress\/ -->\n<title>Alcalde en Morelos es detenido por presunto abuso sexual en contra de un menor de edad - Fuentes Fidedignas<\/title>\n<meta name=\"robots\" content=\"index, follow, max-snippet:-1, max-image-preview:large, max-video-preview:-1\" \/>\n<link rel=\"canonical\" href=\"https:\/\/fuentesfidedignas.com.mx\/index.php\/2026\/04\/27\/alcalde-en-morelos-es-detenido-por-presunto-abuso-sexual-en-contra-de-un-menor-de-edad\/\" \/>\n<meta property=\"og:locale\" content=\"es_MX\" \/>\n<meta property=\"og:type\" content=\"article\" \/>\n<meta property=\"og:title\" content=\"Alcalde en Morelos es detenido por presunto abuso sexual en contra de un menor de edad - Fuentes Fidedignas\" \/>\n<meta property=\"og:description\" content=\"Tras su detenci\u00f3n, el alcalde de Tlalnepantla, Jorge Armando Genaro Rubio, fue trasladado a la comandancia y despu\u00e9s fue puesto a disposici\u00f3n del Ministerio P\u00fablico de la Fiscal\u00eda Regional Oriente. Agentes de la Polic\u00eda de Tlayacapan, Morelos, detuvieron al alcalde de Tlalnepantla, Jorge Armando Genaro Rubio, por presunto abuso sexual en contra de un menor [&hellip;]\" \/>\n<meta property=\"og:url\" content=\"https:\/\/fuentesfidedignas.com.mx\/index.php\/2026\/04\/27\/alcalde-en-morelos-es-detenido-por-presunto-abuso-sexual-en-contra-de-un-menor-de-edad\/\" \/>\n<meta property=\"og:site_name\" content=\"Fuentes Fidedignas\" \/>\n<meta property=\"article:publisher\" content=\"https:\/\/www.facebook.com\/Fuentes-Fidedignas-368234489921644\" \/>\n<meta property=\"article:published_time\" content=\"2026-04-27T15:29:29+00:00\" \/>\n<meta property=\"article:modified_time\" content=\"2026-04-27T15:31:56+00:00\" \/>\n<meta property=\"og:image\" content=\"https:\/\/fuentesfidedignas.com.mx\/wp-content\/uploads\/2026\/04\/alcalde_abusador.jpg\" \/>\n\t<meta property=\"og:image:width\" content=\"500\" \/>\n\t<meta property=\"og:image:height\" content=\"283\" \/>\n\t<meta property=\"og:image:type\" content=\"image\/jpeg\" \/>\n<meta name=\"author\" content=\"Expansi\u00f3n \u00a0\" \/>\n<meta name=\"twitter:card\" content=\"summary_large_image\" \/>\n<meta name=\"twitter:creator\" content=\"@fidedignas\" \/>\n<meta name=\"twitter:site\" content=\"@fidedignas\" \/>\n<meta name=\"twitter:label1\" content=\"Escrito por\" \/>\n\t<meta name=\"twitter:data1\" content=\"Expansi\u00f3n \u00a0\" \/>\n\t<meta name=\"twitter:label2\" content=\"Tiempo de lectura\" \/>\n\t<meta name=\"twitter:data2\" content=\"2 minutos\" \/>\n<script type=\"application\/ld+json\" class=\"yoast-schema-graph\">{\"@context\":\"https:\\\/\\\/schema.org\",\"@graph\":[{\"@type\":\"Article\",\"@id\":\"https:\\\/\\\/fuentesfidedignas.com.mx\\\/index.php\\\/2026\\\/04\\\/27\\\/alcalde-en-morelos-es-detenido-por-presunto-abuso-sexual-en-contra-de-un-menor-de-edad\\\/#article\",\"isPartOf\":{\"@id\":\"https:\\\/\\\/fuentesfidedignas.com.mx\\\/index.php\\\/2026\\\/04\\\/27\\\/alcalde-en-morelos-es-detenido-por-presunto-abuso-sexual-en-contra-de-un-menor-de-edad\\\/\"},\"author\":{\"name\":\"Expansi\u00f3n \u00a0\",\"@id\":\"https:\\\/\\\/fuentesfidedignas.com.mx\\\/#\\\/schema\\\/person\\\/927b77c3bc41c5093b47873a3f0c99ae\"},\"headline\":\"Alcalde en Morelos es detenido por presunto abuso sexual en contra de un menor de edad\",\"datePublished\":\"2026-04-27T15:29:29+00:00\",\"dateModified\":\"2026-04-27T15:31:56+00:00\",\"mainEntityOfPage\":{\"@id\":\"https:\\\/\\\/fuentesfidedignas.com.mx\\\/index.php\\\/2026\\\/04\\\/27\\\/alcalde-en-morelos-es-detenido-por-presunto-abuso-sexual-en-contra-de-un-menor-de-edad\\\/\"},\"wordCount\":387,\"commentCount\":0,\"publisher\":{\"@id\":\"https:\\\/\\\/fuentesfidedignas.com.mx\\\/#organization\"},\"image\":{\"@id\":\"https:\\\/\\\/fuentesfidedignas.com.mx\\\/index.php\\\/2026\\\/04\\\/27\\\/alcalde-en-morelos-es-detenido-por-presunto-abuso-sexual-en-contra-de-un-menor-de-edad\\\/#primaryimage\"},\"thumbnailUrl\":\"https:\\\/\\\/fuentesfidedignas.com.mx\\\/wp-content\\\/uploads\\\/2026\\\/04\\\/alcalde_abusador.jpg\",\"articleSection\":[\"NOTICIAS NACIONALES\"],\"inLanguage\":\"es\",\"potentialAction\":[{\"@type\":\"CommentAction\",\"name\":\"Comment\",\"target\":[\"https:\\\/\\\/fuentesfidedignas.com.mx\\\/index.php\\\/2026\\\/04\\\/27\\\/alcalde-en-morelos-es-detenido-por-presunto-abuso-sexual-en-contra-de-un-menor-de-edad\\\/#respond\"]}]},{\"@type\":\"WebPage\",\"@id\":\"https:\\\/\\\/fuentesfidedignas.com.mx\\\/index.php\\\/2026\\\/04\\\/27\\\/alcalde-en-morelos-es-detenido-por-presunto-abuso-sexual-en-contra-de-un-menor-de-edad\\\/\",\"url\":\"https:\\\/\\\/fuentesfidedignas.com.mx\\\/index.php\\\/2026\\\/04\\\/27\\\/alcalde-en-morelos-es-detenido-por-presunto-abuso-sexual-en-contra-de-un-menor-de-edad\\\/\",\"name\":\"Alcalde en Morelos es detenido por presunto abuso sexual en contra de un menor de edad - Fuentes Fidedignas\",\"isPartOf\":{\"@id\":\"https:\\\/\\\/fuentesfidedignas.com.mx\\\/#website\"},\"primaryImageOfPage\":{\"@id\":\"https:\\\/\\\/fuentesfidedignas.com.mx\\\/index.php\\\/2026\\\/04\\\/27\\\/alcalde-en-morelos-es-detenido-por-presunto-abuso-sexual-en-contra-de-un-menor-de-edad\\\/#primaryimage\"},\"image\":{\"@id\":\"https:\\\/\\\/fuentesfidedignas.com.mx\\\/index.php\\\/2026\\\/04\\\/27\\\/alcalde-en-morelos-es-detenido-por-presunto-abuso-sexual-en-contra-de-un-menor-de-edad\\\/#primaryimage\"},\"thumbnailUrl\":\"https:\\\/\\\/fuentesfidedignas.com.mx\\\/wp-content\\\/uploads\\\/2026\\\/04\\\/alcalde_abusador.jpg\",\"datePublished\":\"2026-04-27T15:29:29+00:00\",\"dateModified\":\"2026-04-27T15:31:56+00:00\",\"breadcrumb\":{\"@id\":\"https:\\\/\\\/fuentesfidedignas.com.mx\\\/index.php\\\/2026\\\/04\\\/27\\\/alcalde-en-morelos-es-detenido-por-presunto-abuso-sexual-en-contra-de-un-menor-de-edad\\\/#breadcrumb\"},\"inLanguage\":\"es\",\"potentialAction\":[{\"@type\":\"ReadAction\",\"target\":[\"https:\\\/\\\/fuentesfidedignas.com.mx\\\/index.php\\\/2026\\\/04\\\/27\\\/alcalde-en-morelos-es-detenido-por-presunto-abuso-sexual-en-contra-de-un-menor-de-edad\\\/\"]}]},{\"@type\":\"ImageObject\",\"inLanguage\":\"es\",\"@id\":\"https:\\\/\\\/fuentesfidedignas.com.mx\\\/index.php\\\/2026\\\/04\\\/27\\\/alcalde-en-morelos-es-detenido-por-presunto-abuso-sexual-en-contra-de-un-menor-de-edad\\\/#primaryimage\",\"url\":\"https:\\\/\\\/fuentesfidedignas.com.mx\\\/wp-content\\\/uploads\\\/2026\\\/04\\\/alcalde_abusador.jpg\",\"contentUrl\":\"https:\\\/\\\/fuentesfidedignas.com.mx\\\/wp-content\\\/uploads\\\/2026\\\/04\\\/alcalde_abusador.jpg\",\"width\":500,\"height\":283},{\"@type\":\"BreadcrumbList\",\"@id\":\"https:\\\/\\\/fuentesfidedignas.com.mx\\\/index.php\\\/2026\\\/04\\\/27\\\/alcalde-en-morelos-es-detenido-por-presunto-abuso-sexual-en-contra-de-un-menor-de-edad\\\/#breadcrumb\",\"itemListElement\":[{\"@type\":\"ListItem\",\"position\":1,\"name\":\"Inicio\",\"item\":\"https:\\\/\\\/fuentesfidedignas.com.mx\\\/\"},{\"@type\":\"ListItem\",\"position\":2,\"name\":\"Alcalde en Morelos es detenido por presunto abuso sexual en contra de un menor de edad\"}]},{\"@type\":\"WebSite\",\"@id\":\"https:\\\/\\\/fuentesfidedignas.com.mx\\\/#website\",\"url\":\"https:\\\/\\\/fuentesfidedignas.com.mx\\\/\",\"name\":\"Fuentes Fidedignas\",\"description\":\"Otro sitio realizado con WordPress\",\"publisher\":{\"@id\":\"https:\\\/\\\/fuentesfidedignas.com.mx\\\/#organization\"},\"potentialAction\":[{\"@type\":\"SearchAction\",\"target\":{\"@type\":\"EntryPoint\",\"urlTemplate\":\"https:\\\/\\\/fuentesfidedignas.com.mx\\\/?s={search_term_string}\"},\"query-input\":{\"@type\":\"PropertyValueSpecification\",\"valueRequired\":true,\"valueName\":\"search_term_string\"}}],\"inLanguage\":\"es\"},{\"@type\":\"Organization\",\"@id\":\"https:\\\/\\\/fuentesfidedignas.com.mx\\\/#organization\",\"name\":\"Fuentes Fidedignas\",\"url\":\"https:\\\/\\\/fuentesfidedignas.com.mx\\\/\",\"logo\":{\"@type\":\"ImageObject\",\"inLanguage\":\"es\",\"@id\":\"https:\\\/\\\/fuentesfidedignas.com.mx\\\/#\\\/schema\\\/logo\\\/image\\\/\",\"url\":\"https:\\\/\\\/fuentesfidedignas.com.mx\\\/wp-content\\\/uploads\\\/2021\\\/04\\\/logo-retina.png\",\"contentUrl\":\"https:\\\/\\\/fuentesfidedignas.com.mx\\\/wp-content\\\/uploads\\\/2021\\\/04\\\/logo-retina.png\",\"width\":280,\"height\":51,\"caption\":\"Fuentes Fidedignas\"},\"image\":{\"@id\":\"https:\\\/\\\/fuentesfidedignas.com.mx\\\/#\\\/schema\\\/logo\\\/image\\\/\"},\"sameAs\":[\"https:\\\/\\\/www.facebook.com\\\/Fuentes-Fidedignas-368234489921644\",\"https:\\\/\\\/x.com\\\/fidedignas\"]},{\"@type\":\"Person\",\"@id\":\"https:\\\/\\\/fuentesfidedignas.com.mx\\\/#\\\/schema\\\/person\\\/927b77c3bc41c5093b47873a3f0c99ae\",\"name\":\"Expansi\u00f3n \u00a0\",\"image\":{\"@type\":\"ImageObject\",\"inLanguage\":\"es\",\"@id\":\"https:\\\/\\\/secure.gravatar.com\\\/avatar\\\/e7c9dbe4c29cb2eb7c516f4e4492be1f7e1a6d27cc733b89158d7523a49b1266?s=96&d=mm&r=g\",\"url\":\"https:\\\/\\\/secure.gravatar.com\\\/avatar\\\/e7c9dbe4c29cb2eb7c516f4e4492be1f7e1a6d27cc733b89158d7523a49b1266?s=96&d=mm&r=g\",\"contentUrl\":\"https:\\\/\\\/secure.gravatar.com\\\/avatar\\\/e7c9dbe4c29cb2eb7c516f4e4492be1f7e1a6d27cc733b89158d7523a49b1266?s=96&d=mm&r=g\",\"caption\":\"Expansi\u00f3n \u00a0\"},\"url\":\"https:\\\/\\\/fuentesfidedignas.com.mx\\\/index.php\\\/author\\\/expansion\\\/\"}]}<\/script>\n<!-- \/ Yoast SEO plugin. -->","yoast_head_json":{"title":"Alcalde en Morelos es detenido por presunto abuso sexual en contra de un menor de edad - Fuentes Fidedignas","robots":{"index":"index","follow":"follow","max-snippet":"max-snippet:-1","max-image-preview":"max-image-preview:large","max-video-preview":"max-video-preview:-1"},"canonical":"https:\/\/fuentesfidedignas.com.mx\/index.php\/2026\/04\/27\/alcalde-en-morelos-es-detenido-por-presunto-abuso-sexual-en-contra-de-un-menor-de-edad\/","og_locale":"es_MX","og_type":"article","og_title":"Alcalde en Morelos es detenido por presunto abuso sexual en contra de un menor de edad - Fuentes Fidedignas","og_description":"Tras su detenci\u00f3n, el alcalde de Tlalnepantla, Jorge Armando Genaro Rubio, fue trasladado a la comandancia y despu\u00e9s fue puesto a disposici\u00f3n del Ministerio P\u00fablico de la Fiscal\u00eda Regional Oriente. Agentes de la Polic\u00eda de Tlayacapan, Morelos, detuvieron al alcalde de Tlalnepantla, Jorge Armando Genaro Rubio, por presunto abuso sexual en contra de un menor [&hellip;]","og_url":"https:\/\/fuentesfidedignas.com.mx\/index.php\/2026\/04\/27\/alcalde-en-morelos-es-detenido-por-presunto-abuso-sexual-en-contra-de-un-menor-de-edad\/","og_site_name":"Fuentes Fidedignas","article_publisher":"https:\/\/www.facebook.com\/Fuentes-Fidedignas-368234489921644","article_published_time":"2026-04-27T15:29:29+00:00","article_modified_time":"2026-04-27T15:31:56+00:00","og_image":[{"width":500,"height":283,"url":"https:\/\/fuentesfidedignas.com.mx\/wp-content\/uploads\/2026\/04\/alcalde_abusador.jpg","type":"image\/jpeg"}],"author":"Expansi\u00f3n \u00a0","twitter_card":"summary_large_image","twitter_creator":"@fidedignas","twitter_site":"@fidedignas","twitter_misc":{"Escrito por":"Expansi\u00f3n \u00a0","Tiempo de lectura":"2 minutos"},"schema":{"@context":"https:\/\/schema.org","@graph":[{"@type":"Article","@id":"https:\/\/fuentesfidedignas.com.mx\/index.php\/2026\/04\/27\/alcalde-en-morelos-es-detenido-por-presunto-abuso-sexual-en-contra-de-un-menor-de-edad\/#article","isPartOf":{"@id":"https:\/\/fuentesfidedignas.com.mx\/index.php\/2026\/04\/27\/alcalde-en-morelos-es-detenido-por-presunto-abuso-sexual-en-contra-de-un-menor-de-edad\/"},"author":{"name":"Expansi\u00f3n \u00a0","@id":"https:\/\/fuentesfidedignas.com.mx\/#\/schema\/person\/927b77c3bc41c5093b47873a3f0c99ae"},"headline":"Alcalde en Morelos es detenido por presunto abuso sexual en contra de un menor de edad","datePublished":"2026-04-27T15:29:29+00:00","dateModified":"2026-04-27T15:31:56+00:00","mainEntityOfPage":{"@id":"https:\/\/fuentesfidedignas.com.mx\/index.php\/2026\/04\/27\/alcalde-en-morelos-es-detenido-por-presunto-abuso-sexual-en-contra-de-un-menor-de-edad\/"},"wordCount":387,"commentCount":0,"publisher":{"@id":"https:\/\/fuentesfidedignas.com.mx\/#organization"},"image":{"@id":"https:\/\/fuentesfidedignas.com.mx\/index.php\/2026\/04\/27\/alcalde-en-morelos-es-detenido-por-presunto-abuso-sexual-en-contra-de-un-menor-de-edad\/#primaryimage"},"thumbnailUrl":"https:\/\/fuentesfidedignas.com.mx\/wp-content\/uploads\/2026\/04\/alcalde_abusador.jpg","articleSection":["NOTICIAS NACIONALES"],"inLanguage":"es","potentialAction":[{"@type":"CommentAction","name":"Comment","target":["https:\/\/fuentesfidedignas.com.mx\/index.php\/2026\/04\/27\/alcalde-en-morelos-es-detenido-por-presunto-abuso-sexual-en-contra-de-un-menor-de-edad\/#respond"]}]},{"@type":"WebPage","@id":"https:\/\/fuentesfidedignas.com.mx\/index.php\/2026\/04\/27\/alcalde-en-morelos-es-detenido-por-presunto-abuso-sexual-en-contra-de-un-menor-de-edad\/","url":"https:\/\/fuentesfidedignas.com.mx\/index.php\/2026\/04\/27\/alcalde-en-morelos-es-detenido-por-presunto-abuso-sexual-en-contra-de-un-menor-de-edad\/","name":"Alcalde en Morelos es detenido por presunto abuso sexual en contra de un menor de edad - Fuentes Fidedignas","isPartOf":{"@id":"https:\/\/fuentesfidedignas.com.mx\/#website"},"primaryImageOfPage":{"@id":"https:\/\/fuentesfidedignas.com.mx\/index.php\/2026\/04\/27\/alcalde-en-morelos-es-detenido-por-presunto-abuso-sexual-en-contra-de-un-menor-de-edad\/#primaryimage"},"image":{"@id":"https:\/\/fuentesfidedignas.com.mx\/index.php\/2026\/04\/27\/alcalde-en-morelos-es-detenido-por-presunto-abuso-sexual-en-contra-de-un-menor-de-edad\/#primaryimage"},"thumbnailUrl":"https:\/\/fuentesfidedignas.com.mx\/wp-content\/uploads\/2026\/04\/alcalde_abusador.jpg","datePublished":"2026-04-27T15:29:29+00:00","dateModified":"2026-04-27T15:31:56+00:00","breadcrumb":{"@id":"https:\/\/fuentesfidedignas.com.mx\/index.php\/2026\/04\/27\/alcalde-en-morelos-es-detenido-por-presunto-abuso-sexual-en-contra-de-un-menor-de-edad\/#breadcrumb"},"inLanguage":"es","potentialAction":[{"@type":"ReadAction","target":["https:\/\/fuentesfidedignas.com.mx\/index.php\/2026\/04\/27\/alcalde-en-morelos-es-detenido-por-presunto-abuso-sexual-en-contra-de-un-menor-de-edad\/"]}]},{"@type":"ImageObject","inLanguage":"es","@id":"https:\/\/fuentesfidedignas.com.mx\/index.php\/2026\/04\/27\/alcalde-en-morelos-es-detenido-por-presunto-abuso-sexual-en-contra-de-un-menor-de-edad\/#primaryimage","url":"https:\/\/fuentesfidedignas.com.mx\/wp-content\/uploads\/2026\/04\/alcalde_abusador.jpg","contentUrl":"https:\/\/fuentesfidedignas.com.mx\/wp-content\/uploads\/2026\/04\/alcalde_abusador.jpg","width":500,"height":283},{"@type":"BreadcrumbList","@id":"https:\/\/fuentesfidedignas.com.mx\/index.php\/2026\/04\/27\/alcalde-en-morelos-es-detenido-por-presunto-abuso-sexual-en-contra-de-un-menor-de-edad\/#breadcrumb","itemListElement":[{"@type":"ListItem","position":1,"name":"Inicio","item":"https:\/\/fuentesfidedignas.com.mx\/"},{"@type":"ListItem","position":2,"name":"Alcalde en Morelos es detenido por presunto abuso sexual en contra de un menor de edad"}]},{"@type":"WebSite","@id":"https:\/\/fuentesfidedignas.com.mx\/#website","url":"https:\/\/fuentesfidedignas.com.mx\/","name":"Fuentes Fidedignas","description":"Otro sitio realizado con WordPress","publisher":{"@id":"https:\/\/fuentesfidedignas.com.mx\/#organization"},"potentialAction":[{"@type":"SearchAction","target":{"@type":"EntryPoint","urlTemplate":"https:\/\/fuentesfidedignas.com.mx\/?s={search_term_string}"},"query-input":{"@type":"PropertyValueSpecification","valueRequired":true,"valueName":"search_term_string"}}],"inLanguage":"es"},{"@type":"Organization","@id":"https:\/\/fuentesfidedignas.com.mx\/#organization","name":"Fuentes Fidedignas","url":"https:\/\/fuentesfidedignas.com.mx\/","logo":{"@type":"ImageObject","inLanguage":"es","@id":"https:\/\/fuentesfidedignas.com.mx\/#\/schema\/logo\/image\/","url":"https:\/\/fuentesfidedignas.com.mx\/wp-content\/uploads\/2021\/04\/logo-retina.png","contentUrl":"https:\/\/fuentesfidedignas.com.mx\/wp-content\/uploads\/2021\/04\/logo-retina.png","width":280,"height":51,"caption":"Fuentes Fidedignas"},"image":{"@id":"https:\/\/fuentesfidedignas.com.mx\/#\/schema\/logo\/image\/"},"sameAs":["https:\/\/www.facebook.com\/Fuentes-Fidedignas-368234489921644","https:\/\/x.com\/fidedignas"]},{"@type":"Person","@id":"https:\/\/fuentesfidedignas.com.mx\/#\/schema\/person\/927b77c3bc41c5093b47873a3f0c99ae","name":"Expansi\u00f3n \u00a0","image":{"@type":"ImageObject","inLanguage":"es","@id":"https:\/\/secure.gravatar.com\/avatar\/e7c9dbe4c29cb2eb7c516f4e4492be1f7e1a6d27cc733b89158d7523a49b1266?s=96&d=mm&r=g","url":"https:\/\/secure.gravatar.com\/avatar\/e7c9dbe4c29cb2eb7c516f4e4492be1f7e1a6d27cc733b89158d7523a49b1266?s=96&d=mm&r=g","contentUrl":"https:\/\/secure.gravatar.com\/avatar\/e7c9dbe4c29cb2eb7c516f4e4492be1f7e1a6d27cc733b89158d7523a49b1266?s=96&d=mm&r=g","caption":"Expansi\u00f3n \u00a0"},"url":"https:\/\/fuentesfidedignas.com.mx\/index.php\/author\/expansion\/"}]}},"_links":{"self":[{"href":"https:\/\/fuentesfidedignas.com.mx\/index.php\/wp-json\/wp\/v2\/posts\/132326","targetHints":{"allow":["GET"]}}],"collection":[{"href":"https:\/\/fuentesfidedignas.com.mx\/index.php\/wp-json\/wp\/v2\/posts"}],"about":[{"href":"https:\/\/fuentesfidedignas.com.mx\/index.php\/wp-json\/wp\/v2\/types\/post"}],"author":[{"embeddable":true,"href":"https:\/\/fuentesfidedignas.com.mx\/index.php\/wp-json\/wp\/v2\/users\/89"}],"replies":[{"embeddable":true,"href":"https:\/\/fuentesfidedignas.com.mx\/index.php\/wp-json\/wp\/v2\/comments?post=132326"}],"version-history":[{"count":2,"href":"https:\/\/fuentesfidedignas.com.mx\/index.php\/wp-json\/wp\/v2\/posts\/132326\/revisions"}],"predecessor-version":[{"id":132330,"href":"https:\/\/fuentesfidedignas.com.mx\/index.php\/wp-json\/wp\/v2\/posts\/132326\/revisions\/132330"}],"wp:featuredmedia":[{"embeddable":true,"href":"https:\/\/fuentesfidedignas.com.mx\/index.php\/wp-json\/wp\/v2\/media\/132327"}],"wp:attachment":[{"href":"https:\/\/fuentesfidedignas.com.mx\/index.php\/wp-json\/wp\/v2\/media?parent=132326"}],"wp:term":[{"taxonomy":"category","embeddable":true,"href":"https:\/\/fuentesfidedignas.com.mx\/index.php\/wp-json\/wp\/v2\/categories?post=132326"},{"taxonomy":"post_tag","embeddable":true,"href":"https:\/\/fuentesfidedignas.com.mx\/index.php\/wp-json\/wp\/v2\/tags?post=132326"}],"curies":[{"name":"wp","href":"https:\/\/api.w.org\/{rel}","templated":true}]}}