{"id":132323,"date":"2026-04-27T07:45:18","date_gmt":"2026-04-27T14:45:18","guid":{"rendered":"https:\/\/fuentesfidedignas.com.mx\/?p=132323"},"modified":"2026-04-27T08:15:53","modified_gmt":"2026-04-27T15:15:53","slug":"termina-el-domingo-con-tres-muertos-dos-vehiculos-robados-y-un-levanton-segun-la-fge","status":"publish","type":"post","link":"https:\/\/fuentesfidedignas.com.mx\/index.php\/2026\/04\/27\/termina-el-domingo-con-tres-muertos-dos-vehiculos-robados-y-un-levanton-segun-la-fge\/","title":{"rendered":"Termina el domingo con tres muertos, dos veh\u00edculos robados y un &#8216;levant\u00f3n&#8217;, seg\u00fan la FGE"},"content":{"rendered":"\n<p><strong><em>Reitera su compromiso de mantener informada a la sociedad con datos oficiales que provienen de las denuncias que se formalizan ante las Unidades y Agencias del Ministerio P\u00fablico.<\/em><\/strong><\/p>\n\n\n\n<p>Culiac\u00e1n, Sin. \u2013 La Fiscal\u00eda General del Estado de Sinaloa informa que el domingo 26 abril se registraron tres carpetas de investigaci\u00f3n por el delito de homicidio doloso, debido a la localizaci\u00f3n tres personas sin vida.<\/p>\n\n\n\n<p>En Navolato, una persona fue localizada en el campo Balbuena. Asimismo, en Culiac\u00e1n, una persona fue localizada en el bulevar Gabriel Leyva Solano y otra, en la colonia Loma de Tamazula.<\/p>\n\n\n\n<p>En la Unidad Especializada en Robo de Veh\u00edculo Regi\u00f3n Centro, se registraron dos denuncias.<\/p>\n\n\n\n<p>En la Fiscal\u00eda Especializada en Desaparici\u00f3n Forzada de Personas se registr\u00f3 una denuncia en la Regi\u00f3n Centro, por el delito de Privaci\u00f3n de la Libertad Personal.<\/p>\n\n\n\n<p>La Fiscal\u00eda General del Estado de Sinaloa reitera su compromiso de mantener informada a la sociedad con datos oficiales que provienen de las denuncias que se formalizan ante las Unidades y Agencias del Ministerio P\u00fablico.<\/p>\n","protected":false},"excerpt":{"rendered":"<p>Reitera su compromiso de mantener informada a la sociedad con datos oficiales que provienen de las denuncias que se formalizan ante las Unidades y Agencias del Ministerio P\u00fablico. Culiac\u00e1n, Sin. \u2013 La Fiscal\u00eda General del Estado de Sinaloa informa que el domingo 26 abril se registraron tres carpetas de investigaci\u00f3n por el delito de homicidio [&hellip;]<\/p>\n","protected":false},"author":4,"featured_media":82805,"comment_status":"open","ping_status":"open","sticky":false,"template":"","format":"standard","meta":{"tdm_status":"","tdm_grid_status":"","footnotes":""},"categories":[38],"tags":[],"class_list":{"0":"post-132323","1":"post","2":"type-post","3":"status-publish","4":"format-standard","5":"has-post-thumbnail","7":"category-noticias-locales"},"yoast_head":"<!-- This site is optimized with the Yoast SEO plugin v27.4 - https:\/\/yoast.com\/product\/yoast-seo-wordpress\/ -->\n<title>Termina el domingo con tres muertos, dos veh\u00edculos robados y un &#039;levant\u00f3n&#039;, seg\u00fan la FGE - Fuentes Fidedignas<\/title>\n<meta name=\"robots\" content=\"index, follow, max-snippet:-1, max-image-preview:large, max-video-preview:-1\" \/>\n<link rel=\"canonical\" href=\"https:\/\/fuentesfidedignas.com.mx\/index.php\/2026\/04\/27\/termina-el-domingo-con-tres-muertos-dos-vehiculos-robados-y-un-levanton-segun-la-fge\/\" \/>\n<meta property=\"og:locale\" content=\"es_MX\" \/>\n<meta property=\"og:type\" content=\"article\" \/>\n<meta property=\"og:title\" content=\"Termina el domingo con tres muertos, dos veh\u00edculos robados y un &#039;levant\u00f3n&#039;, seg\u00fan la FGE - Fuentes Fidedignas\" \/>\n<meta property=\"og:description\" content=\"Reitera su compromiso de mantener informada a la sociedad con datos oficiales que provienen de las denuncias que se formalizan ante las Unidades y Agencias del Ministerio P\u00fablico. Culiac\u00e1n, Sin. \u2013 La Fiscal\u00eda General del Estado de Sinaloa informa que el domingo 26 abril se registraron tres carpetas de investigaci\u00f3n por el delito de homicidio [&hellip;]\" \/>\n<meta property=\"og:url\" content=\"https:\/\/fuentesfidedignas.com.mx\/index.php\/2026\/04\/27\/termina-el-domingo-con-tres-muertos-dos-vehiculos-robados-y-un-levanton-segun-la-fge\/\" \/>\n<meta property=\"og:site_name\" content=\"Fuentes Fidedignas\" \/>\n<meta property=\"article:publisher\" content=\"https:\/\/www.facebook.com\/Fuentes-Fidedignas-368234489921644\" \/>\n<meta property=\"article:published_time\" content=\"2026-04-27T14:45:18+00:00\" \/>\n<meta property=\"article:modified_time\" content=\"2026-04-27T15:15:53+00:00\" \/>\n<meta property=\"og:image\" content=\"https:\/\/fuentesfidedignas.com.mx\/wp-content\/uploads\/2024\/05\/fiscalia-FGE.jpeg\" \/>\n\t<meta property=\"og:image:width\" content=\"650\" \/>\n\t<meta property=\"og:image:height\" content=\"364\" \/>\n\t<meta property=\"og:image:type\" content=\"image\/jpeg\" \/>\n<meta name=\"author\" content=\"Redacci\u00f3n\" \/>\n<meta name=\"twitter:card\" content=\"summary_large_image\" \/>\n<meta name=\"twitter:creator\" content=\"@fidedignas\" \/>\n<meta name=\"twitter:site\" content=\"@fidedignas\" \/>\n<meta name=\"twitter:label1\" content=\"Escrito por\" \/>\n\t<meta name=\"twitter:data1\" content=\"Redacci\u00f3n\" \/>\n\t<meta name=\"twitter:label2\" content=\"Tiempo de lectura\" \/>\n\t<meta name=\"twitter:data2\" content=\"1 minuto\" \/>\n<script type=\"application\/ld+json\" class=\"yoast-schema-graph\">{\"@context\":\"https:\\\/\\\/schema.org\",\"@graph\":[{\"@type\":\"Article\",\"@id\":\"https:\\\/\\\/fuentesfidedignas.com.mx\\\/index.php\\\/2026\\\/04\\\/27\\\/termina-el-domingo-con-tres-muertos-dos-vehiculos-robados-y-un-levanton-segun-la-fge\\\/#article\",\"isPartOf\":{\"@id\":\"https:\\\/\\\/fuentesfidedignas.com.mx\\\/index.php\\\/2026\\\/04\\\/27\\\/termina-el-domingo-con-tres-muertos-dos-vehiculos-robados-y-un-levanton-segun-la-fge\\\/\"},\"author\":{\"name\":\"Redacci\u00f3n\",\"@id\":\"https:\\\/\\\/fuentesfidedignas.com.mx\\\/#\\\/schema\\\/person\\\/331be9283d37198e2acd5750279085b0\"},\"headline\":\"Termina el domingo con tres muertos, dos veh\u00edculos robados y un &#8216;levant\u00f3n&#8217;, seg\u00fan la FGE\",\"datePublished\":\"2026-04-27T14:45:18+00:00\",\"dateModified\":\"2026-04-27T15:15:53+00:00\",\"mainEntityOfPage\":{\"@id\":\"https:\\\/\\\/fuentesfidedignas.com.mx\\\/index.php\\\/2026\\\/04\\\/27\\\/termina-el-domingo-con-tres-muertos-dos-vehiculos-robados-y-un-levanton-segun-la-fge\\\/\"},\"wordCount\":200,\"commentCount\":0,\"publisher\":{\"@id\":\"https:\\\/\\\/fuentesfidedignas.com.mx\\\/#organization\"},\"image\":{\"@id\":\"https:\\\/\\\/fuentesfidedignas.com.mx\\\/index.php\\\/2026\\\/04\\\/27\\\/termina-el-domingo-con-tres-muertos-dos-vehiculos-robados-y-un-levanton-segun-la-fge\\\/#primaryimage\"},\"thumbnailUrl\":\"https:\\\/\\\/fuentesfidedignas.com.mx\\\/wp-content\\\/uploads\\\/2024\\\/05\\\/fiscalia-FGE.jpeg\",\"articleSection\":[\"NOTICIAS LOCALES\"],\"inLanguage\":\"es\",\"potentialAction\":[{\"@type\":\"CommentAction\",\"name\":\"Comment\",\"target\":[\"https:\\\/\\\/fuentesfidedignas.com.mx\\\/index.php\\\/2026\\\/04\\\/27\\\/termina-el-domingo-con-tres-muertos-dos-vehiculos-robados-y-un-levanton-segun-la-fge\\\/#respond\"]}]},{\"@type\":\"WebPage\",\"@id\":\"https:\\\/\\\/fuentesfidedignas.com.mx\\\/index.php\\\/2026\\\/04\\\/27\\\/termina-el-domingo-con-tres-muertos-dos-vehiculos-robados-y-un-levanton-segun-la-fge\\\/\",\"url\":\"https:\\\/\\\/fuentesfidedignas.com.mx\\\/index.php\\\/2026\\\/04\\\/27\\\/termina-el-domingo-con-tres-muertos-dos-vehiculos-robados-y-un-levanton-segun-la-fge\\\/\",\"name\":\"Termina el domingo con tres muertos, dos veh\u00edculos robados y un 'levant\u00f3n', seg\u00fan la FGE - Fuentes Fidedignas\",\"isPartOf\":{\"@id\":\"https:\\\/\\\/fuentesfidedignas.com.mx\\\/#website\"},\"primaryImageOfPage\":{\"@id\":\"https:\\\/\\\/fuentesfidedignas.com.mx\\\/index.php\\\/2026\\\/04\\\/27\\\/termina-el-domingo-con-tres-muertos-dos-vehiculos-robados-y-un-levanton-segun-la-fge\\\/#primaryimage\"},\"image\":{\"@id\":\"https:\\\/\\\/fuentesfidedignas.com.mx\\\/index.php\\\/2026\\\/04\\\/27\\\/termina-el-domingo-con-tres-muertos-dos-vehiculos-robados-y-un-levanton-segun-la-fge\\\/#primaryimage\"},\"thumbnailUrl\":\"https:\\\/\\\/fuentesfidedignas.com.mx\\\/wp-content\\\/uploads\\\/2024\\\/05\\\/fiscalia-FGE.jpeg\",\"datePublished\":\"2026-04-27T14:45:18+00:00\",\"dateModified\":\"2026-04-27T15:15:53+00:00\",\"breadcrumb\":{\"@id\":\"https:\\\/\\\/fuentesfidedignas.com.mx\\\/index.php\\\/2026\\\/04\\\/27\\\/termina-el-domingo-con-tres-muertos-dos-vehiculos-robados-y-un-levanton-segun-la-fge\\\/#breadcrumb\"},\"inLanguage\":\"es\",\"potentialAction\":[{\"@type\":\"ReadAction\",\"target\":[\"https:\\\/\\\/fuentesfidedignas.com.mx\\\/index.php\\\/2026\\\/04\\\/27\\\/termina-el-domingo-con-tres-muertos-dos-vehiculos-robados-y-un-levanton-segun-la-fge\\\/\"]}]},{\"@type\":\"ImageObject\",\"inLanguage\":\"es\",\"@id\":\"https:\\\/\\\/fuentesfidedignas.com.mx\\\/index.php\\\/2026\\\/04\\\/27\\\/termina-el-domingo-con-tres-muertos-dos-vehiculos-robados-y-un-levanton-segun-la-fge\\\/#primaryimage\",\"url\":\"https:\\\/\\\/fuentesfidedignas.com.mx\\\/wp-content\\\/uploads\\\/2024\\\/05\\\/fiscalia-FGE.jpeg\",\"contentUrl\":\"https:\\\/\\\/fuentesfidedignas.com.mx\\\/wp-content\\\/uploads\\\/2024\\\/05\\\/fiscalia-FGE.jpeg\",\"width\":650,\"height\":364},{\"@type\":\"BreadcrumbList\",\"@id\":\"https:\\\/\\\/fuentesfidedignas.com.mx\\\/index.php\\\/2026\\\/04\\\/27\\\/termina-el-domingo-con-tres-muertos-dos-vehiculos-robados-y-un-levanton-segun-la-fge\\\/#breadcrumb\",\"itemListElement\":[{\"@type\":\"ListItem\",\"position\":1,\"name\":\"Inicio\",\"item\":\"https:\\\/\\\/fuentesfidedignas.com.mx\\\/\"},{\"@type\":\"ListItem\",\"position\":2,\"name\":\"Termina el domingo con tres muertos, dos veh\u00edculos robados y un &#8216;levant\u00f3n&#8217;, seg\u00fan la FGE\"}]},{\"@type\":\"WebSite\",\"@id\":\"https:\\\/\\\/fuentesfidedignas.com.mx\\\/#website\",\"url\":\"https:\\\/\\\/fuentesfidedignas.com.mx\\\/\",\"name\":\"Fuentes Fidedignas\",\"description\":\"Otro sitio realizado con WordPress\",\"publisher\":{\"@id\":\"https:\\\/\\\/fuentesfidedignas.com.mx\\\/#organization\"},\"potentialAction\":[{\"@type\":\"SearchAction\",\"target\":{\"@type\":\"EntryPoint\",\"urlTemplate\":\"https:\\\/\\\/fuentesfidedignas.com.mx\\\/?s={search_term_string}\"},\"query-input\":{\"@type\":\"PropertyValueSpecification\",\"valueRequired\":true,\"valueName\":\"search_term_string\"}}],\"inLanguage\":\"es\"},{\"@type\":\"Organization\",\"@id\":\"https:\\\/\\\/fuentesfidedignas.com.mx\\\/#organization\",\"name\":\"Fuentes Fidedignas\",\"url\":\"https:\\\/\\\/fuentesfidedignas.com.mx\\\/\",\"logo\":{\"@type\":\"ImageObject\",\"inLanguage\":\"es\",\"@id\":\"https:\\\/\\\/fuentesfidedignas.com.mx\\\/#\\\/schema\\\/logo\\\/image\\\/\",\"url\":\"https:\\\/\\\/fuentesfidedignas.com.mx\\\/wp-content\\\/uploads\\\/2021\\\/04\\\/logo-retina.png\",\"contentUrl\":\"https:\\\/\\\/fuentesfidedignas.com.mx\\\/wp-content\\\/uploads\\\/2021\\\/04\\\/logo-retina.png\",\"width\":280,\"height\":51,\"caption\":\"Fuentes Fidedignas\"},\"image\":{\"@id\":\"https:\\\/\\\/fuentesfidedignas.com.mx\\\/#\\\/schema\\\/logo\\\/image\\\/\"},\"sameAs\":[\"https:\\\/\\\/www.facebook.com\\\/Fuentes-Fidedignas-368234489921644\",\"https:\\\/\\\/x.com\\\/fidedignas\"]},{\"@type\":\"Person\",\"@id\":\"https:\\\/\\\/fuentesfidedignas.com.mx\\\/#\\\/schema\\\/person\\\/331be9283d37198e2acd5750279085b0\",\"name\":\"Redacci\u00f3n\",\"image\":{\"@type\":\"ImageObject\",\"inLanguage\":\"es\",\"@id\":\"https:\\\/\\\/secure.gravatar.com\\\/avatar\\\/f6d8782c11d12b2d4ad3fbb6931aeab5309937a4d6cd2fc9cfaa28a6396a5aec?s=96&d=mm&r=g\",\"url\":\"https:\\\/\\\/secure.gravatar.com\\\/avatar\\\/f6d8782c11d12b2d4ad3fbb6931aeab5309937a4d6cd2fc9cfaa28a6396a5aec?s=96&d=mm&r=g\",\"contentUrl\":\"https:\\\/\\\/secure.gravatar.com\\\/avatar\\\/f6d8782c11d12b2d4ad3fbb6931aeab5309937a4d6cd2fc9cfaa28a6396a5aec?s=96&d=mm&r=g\",\"caption\":\"Redacci\u00f3n\"},\"url\":\"https:\\\/\\\/fuentesfidedignas.com.mx\\\/index.php\\\/author\\\/redaccion\\\/\"}]}<\/script>\n<!-- \/ Yoast SEO plugin. -->","yoast_head_json":{"title":"Termina el domingo con tres muertos, dos veh\u00edculos robados y un 'levant\u00f3n', seg\u00fan la FGE - Fuentes Fidedignas","robots":{"index":"index","follow":"follow","max-snippet":"max-snippet:-1","max-image-preview":"max-image-preview:large","max-video-preview":"max-video-preview:-1"},"canonical":"https:\/\/fuentesfidedignas.com.mx\/index.php\/2026\/04\/27\/termina-el-domingo-con-tres-muertos-dos-vehiculos-robados-y-un-levanton-segun-la-fge\/","og_locale":"es_MX","og_type":"article","og_title":"Termina el domingo con tres muertos, dos veh\u00edculos robados y un 'levant\u00f3n', seg\u00fan la FGE - Fuentes Fidedignas","og_description":"Reitera su compromiso de mantener informada a la sociedad con datos oficiales que provienen de las denuncias que se formalizan ante las Unidades y Agencias del Ministerio P\u00fablico. Culiac\u00e1n, Sin. \u2013 La Fiscal\u00eda General del Estado de Sinaloa informa que el domingo 26 abril se registraron tres carpetas de investigaci\u00f3n por el delito de homicidio [&hellip;]","og_url":"https:\/\/fuentesfidedignas.com.mx\/index.php\/2026\/04\/27\/termina-el-domingo-con-tres-muertos-dos-vehiculos-robados-y-un-levanton-segun-la-fge\/","og_site_name":"Fuentes Fidedignas","article_publisher":"https:\/\/www.facebook.com\/Fuentes-Fidedignas-368234489921644","article_published_time":"2026-04-27T14:45:18+00:00","article_modified_time":"2026-04-27T15:15:53+00:00","og_image":[{"width":650,"height":364,"url":"https:\/\/fuentesfidedignas.com.mx\/wp-content\/uploads\/2024\/05\/fiscalia-FGE.jpeg","type":"image\/jpeg"}],"author":"Redacci\u00f3n","twitter_card":"summary_large_image","twitter_creator":"@fidedignas","twitter_site":"@fidedignas","twitter_misc":{"Escrito por":"Redacci\u00f3n","Tiempo de lectura":"1 minuto"},"schema":{"@context":"https:\/\/schema.org","@graph":[{"@type":"Article","@id":"https:\/\/fuentesfidedignas.com.mx\/index.php\/2026\/04\/27\/termina-el-domingo-con-tres-muertos-dos-vehiculos-robados-y-un-levanton-segun-la-fge\/#article","isPartOf":{"@id":"https:\/\/fuentesfidedignas.com.mx\/index.php\/2026\/04\/27\/termina-el-domingo-con-tres-muertos-dos-vehiculos-robados-y-un-levanton-segun-la-fge\/"},"author":{"name":"Redacci\u00f3n","@id":"https:\/\/fuentesfidedignas.com.mx\/#\/schema\/person\/331be9283d37198e2acd5750279085b0"},"headline":"Termina el domingo con tres muertos, dos veh\u00edculos robados y un &#8216;levant\u00f3n&#8217;, seg\u00fan la FGE","datePublished":"2026-04-27T14:45:18+00:00","dateModified":"2026-04-27T15:15:53+00:00","mainEntityOfPage":{"@id":"https:\/\/fuentesfidedignas.com.mx\/index.php\/2026\/04\/27\/termina-el-domingo-con-tres-muertos-dos-vehiculos-robados-y-un-levanton-segun-la-fge\/"},"wordCount":200,"commentCount":0,"publisher":{"@id":"https:\/\/fuentesfidedignas.com.mx\/#organization"},"image":{"@id":"https:\/\/fuentesfidedignas.com.mx\/index.php\/2026\/04\/27\/termina-el-domingo-con-tres-muertos-dos-vehiculos-robados-y-un-levanton-segun-la-fge\/#primaryimage"},"thumbnailUrl":"https:\/\/fuentesfidedignas.com.mx\/wp-content\/uploads\/2024\/05\/fiscalia-FGE.jpeg","articleSection":["NOTICIAS LOCALES"],"inLanguage":"es","potentialAction":[{"@type":"CommentAction","name":"Comment","target":["https:\/\/fuentesfidedignas.com.mx\/index.php\/2026\/04\/27\/termina-el-domingo-con-tres-muertos-dos-vehiculos-robados-y-un-levanton-segun-la-fge\/#respond"]}]},{"@type":"WebPage","@id":"https:\/\/fuentesfidedignas.com.mx\/index.php\/2026\/04\/27\/termina-el-domingo-con-tres-muertos-dos-vehiculos-robados-y-un-levanton-segun-la-fge\/","url":"https:\/\/fuentesfidedignas.com.mx\/index.php\/2026\/04\/27\/termina-el-domingo-con-tres-muertos-dos-vehiculos-robados-y-un-levanton-segun-la-fge\/","name":"Termina el domingo con tres muertos, dos veh\u00edculos robados y un 'levant\u00f3n', seg\u00fan la FGE - Fuentes Fidedignas","isPartOf":{"@id":"https:\/\/fuentesfidedignas.com.mx\/#website"},"primaryImageOfPage":{"@id":"https:\/\/fuentesfidedignas.com.mx\/index.php\/2026\/04\/27\/termina-el-domingo-con-tres-muertos-dos-vehiculos-robados-y-un-levanton-segun-la-fge\/#primaryimage"},"image":{"@id":"https:\/\/fuentesfidedignas.com.mx\/index.php\/2026\/04\/27\/termina-el-domingo-con-tres-muertos-dos-vehiculos-robados-y-un-levanton-segun-la-fge\/#primaryimage"},"thumbnailUrl":"https:\/\/fuentesfidedignas.com.mx\/wp-content\/uploads\/2024\/05\/fiscalia-FGE.jpeg","datePublished":"2026-04-27T14:45:18+00:00","dateModified":"2026-04-27T15:15:53+00:00","breadcrumb":{"@id":"https:\/\/fuentesfidedignas.com.mx\/index.php\/2026\/04\/27\/termina-el-domingo-con-tres-muertos-dos-vehiculos-robados-y-un-levanton-segun-la-fge\/#breadcrumb"},"inLanguage":"es","potentialAction":[{"@type":"ReadAction","target":["https:\/\/fuentesfidedignas.com.mx\/index.php\/2026\/04\/27\/termina-el-domingo-con-tres-muertos-dos-vehiculos-robados-y-un-levanton-segun-la-fge\/"]}]},{"@type":"ImageObject","inLanguage":"es","@id":"https:\/\/fuentesfidedignas.com.mx\/index.php\/2026\/04\/27\/termina-el-domingo-con-tres-muertos-dos-vehiculos-robados-y-un-levanton-segun-la-fge\/#primaryimage","url":"https:\/\/fuentesfidedignas.com.mx\/wp-content\/uploads\/2024\/05\/fiscalia-FGE.jpeg","contentUrl":"https:\/\/fuentesfidedignas.com.mx\/wp-content\/uploads\/2024\/05\/fiscalia-FGE.jpeg","width":650,"height":364},{"@type":"BreadcrumbList","@id":"https:\/\/fuentesfidedignas.com.mx\/index.php\/2026\/04\/27\/termina-el-domingo-con-tres-muertos-dos-vehiculos-robados-y-un-levanton-segun-la-fge\/#breadcrumb","itemListElement":[{"@type":"ListItem","position":1,"name":"Inicio","item":"https:\/\/fuentesfidedignas.com.mx\/"},{"@type":"ListItem","position":2,"name":"Termina el domingo con tres muertos, dos veh\u00edculos robados y un &#8216;levant\u00f3n&#8217;, seg\u00fan la FGE"}]},{"@type":"WebSite","@id":"https:\/\/fuentesfidedignas.com.mx\/#website","url":"https:\/\/fuentesfidedignas.com.mx\/","name":"Fuentes Fidedignas","description":"Otro sitio realizado con WordPress","publisher":{"@id":"https:\/\/fuentesfidedignas.com.mx\/#organization"},"potentialAction":[{"@type":"SearchAction","target":{"@type":"EntryPoint","urlTemplate":"https:\/\/fuentesfidedignas.com.mx\/?s={search_term_string}"},"query-input":{"@type":"PropertyValueSpecification","valueRequired":true,"valueName":"search_term_string"}}],"inLanguage":"es"},{"@type":"Organization","@id":"https:\/\/fuentesfidedignas.com.mx\/#organization","name":"Fuentes Fidedignas","url":"https:\/\/fuentesfidedignas.com.mx\/","logo":{"@type":"ImageObject","inLanguage":"es","@id":"https:\/\/fuentesfidedignas.com.mx\/#\/schema\/logo\/image\/","url":"https:\/\/fuentesfidedignas.com.mx\/wp-content\/uploads\/2021\/04\/logo-retina.png","contentUrl":"https:\/\/fuentesfidedignas.com.mx\/wp-content\/uploads\/2021\/04\/logo-retina.png","width":280,"height":51,"caption":"Fuentes Fidedignas"},"image":{"@id":"https:\/\/fuentesfidedignas.com.mx\/#\/schema\/logo\/image\/"},"sameAs":["https:\/\/www.facebook.com\/Fuentes-Fidedignas-368234489921644","https:\/\/x.com\/fidedignas"]},{"@type":"Person","@id":"https:\/\/fuentesfidedignas.com.mx\/#\/schema\/person\/331be9283d37198e2acd5750279085b0","name":"Redacci\u00f3n","image":{"@type":"ImageObject","inLanguage":"es","@id":"https:\/\/secure.gravatar.com\/avatar\/f6d8782c11d12b2d4ad3fbb6931aeab5309937a4d6cd2fc9cfaa28a6396a5aec?s=96&d=mm&r=g","url":"https:\/\/secure.gravatar.com\/avatar\/f6d8782c11d12b2d4ad3fbb6931aeab5309937a4d6cd2fc9cfaa28a6396a5aec?s=96&d=mm&r=g","contentUrl":"https:\/\/secure.gravatar.com\/avatar\/f6d8782c11d12b2d4ad3fbb6931aeab5309937a4d6cd2fc9cfaa28a6396a5aec?s=96&d=mm&r=g","caption":"Redacci\u00f3n"},"url":"https:\/\/fuentesfidedignas.com.mx\/index.php\/author\/redaccion\/"}]}},"_links":{"self":[{"href":"https:\/\/fuentesfidedignas.com.mx\/index.php\/wp-json\/wp\/v2\/posts\/132323","targetHints":{"allow":["GET"]}}],"collection":[{"href":"https:\/\/fuentesfidedignas.com.mx\/index.php\/wp-json\/wp\/v2\/posts"}],"about":[{"href":"https:\/\/fuentesfidedignas.com.mx\/index.php\/wp-json\/wp\/v2\/types\/post"}],"author":[{"embeddable":true,"href":"https:\/\/fuentesfidedignas.com.mx\/index.php\/wp-json\/wp\/v2\/users\/4"}],"replies":[{"embeddable":true,"href":"https:\/\/fuentesfidedignas.com.mx\/index.php\/wp-json\/wp\/v2\/comments?post=132323"}],"version-history":[{"count":2,"href":"https:\/\/fuentesfidedignas.com.mx\/index.php\/wp-json\/wp\/v2\/posts\/132323\/revisions"}],"predecessor-version":[{"id":132325,"href":"https:\/\/fuentesfidedignas.com.mx\/index.php\/wp-json\/wp\/v2\/posts\/132323\/revisions\/132325"}],"wp:featuredmedia":[{"embeddable":true,"href":"https:\/\/fuentesfidedignas.com.mx\/index.php\/wp-json\/wp\/v2\/media\/82805"}],"wp:attachment":[{"href":"https:\/\/fuentesfidedignas.com.mx\/index.php\/wp-json\/wp\/v2\/media?parent=132323"}],"wp:term":[{"taxonomy":"category","embeddable":true,"href":"https:\/\/fuentesfidedignas.com.mx\/index.php\/wp-json\/wp\/v2\/categories?post=132323"},{"taxonomy":"post_tag","embeddable":true,"href":"https:\/\/fuentesfidedignas.com.mx\/index.php\/wp-json\/wp\/v2\/tags?post=132323"}],"curies":[{"name":"wp","href":"https:\/\/api.w.org\/{rel}","templated":true}]}}