{"id":132320,"date":"2026-04-27T06:57:12","date_gmt":"2026-04-27T13:57:12","guid":{"rendered":"https:\/\/fuentesfidedignas.com.mx\/?p=132320"},"modified":"2026-04-27T11:32:33","modified_gmt":"2026-04-27T18:32:33","slug":"urgen-la-uas-a-fortalecer-la-educacion-ambiental-practica-frente-a-la-crisis-hidrica-en-culiacan","status":"publish","type":"post","link":"https:\/\/fuentesfidedignas.com.mx\/index.php\/2026\/04\/27\/urgen-la-uas-a-fortalecer-la-educacion-ambiental-practica-frente-a-la-crisis-hidrica-en-culiacan\/","title":{"rendered":"Urgen en la UAS a fortalecer la educaci\u00f3n ambiental pr\u00e1ctica frente a la crisis h\u00eddrica en Culiac\u00e1n"},"content":{"rendered":"\n<p><strong><em>Se expuso de manera puntual los principales factores que inciden en la problem\u00e1tica h\u00eddrica, as\u00ed como las din\u00e1micas de consumo que influyen en la sostenibilidad del entorno urbano, presentando datos y reflexiones centradas en la realidad del municipio.<\/em><\/strong><\/p>\n\n\n\n<p>La Universidad Aut\u00f3noma de Sinaloa (UAS), a trav\u00e9s de la Unidad de Bienestar Universitario (UBU), llev\u00f3 a cabo la exposici\u00f3n \u201cCrisis h\u00eddrica y gesti\u00f3n de residuos. Retos de la educaci\u00f3n ambiental del siglo XXI: el caso de Culiac\u00e1n, Sinaloa\u201d. La ponencia, impartida por la maestra Delia Mar\u00eda Navarrete Carrillo, acad\u00e9mica de la Facultad de Contadur\u00eda y Administraci\u00f3n, tuvo lugar en el auditorio de la Facultad de Psicolog\u00eda en el marco de la Jornada por la Madre Tierra 2026.<\/p>\n\n\n\n<p>Durante la actividad, desarrollada como parte del programa institucional enfocado en el cuidado del entorno, se abordaron las condiciones del uso del agua y la generaci\u00f3n de residuos en Culiac\u00e1n. En su intervenci\u00f3n, Navarrete Carrillo destac\u00f3 la necesidad de fortalecer la educaci\u00f3n ambiental desde distintos niveles formativos para enfrentar el impacto en el equilibrio ecol\u00f3gico local.<\/p>\n\n\n\n<p>Asimismo, la ponente expuso de manera puntual los principales factores que inciden en la problem\u00e1tica h\u00eddrica, as\u00ed como las din\u00e1micas de consumo que influyen en la sostenibilidad del entorno urbano, presentando datos y reflexiones centradas en la realidad del municipio.<\/p>\n\n\n\n<p>Al respecto, la acad\u00e9mica explic\u00f3: \u201cCreemos en la educaci\u00f3n ambiental a trav\u00e9s de la pr\u00e1ctica\u2026 una educaci\u00f3n donde [los estudiantes] conozcan la problem\u00e1tica y realicen una acci\u00f3n\u201d, subrayando la importancia de que el aprendizaje trascienda lo te\u00f3rico. Adem\u00e1s, puntualiz\u00f3 que \u201cdebe haber una transici\u00f3n en donde cambiemos la forma de pensamiento, la cultura y la ciudadan\u00eda, y que la Universidad mantenga la iniciativa en ese sentido\u201d.<\/p>\n\n\n\n<p>Estas actividades forman parte de las acciones impulsadas por la m\u00e1xima casa de estudios, sum\u00e1ndose a los esfuerzos por visibilizar temas prioritarios que impactan directamente en la calidad de vida de la poblaci\u00f3n.<\/p>\n","protected":false},"excerpt":{"rendered":"<p>Se expuso de manera puntual los principales factores que inciden en la problem\u00e1tica h\u00eddrica, as\u00ed como las din\u00e1micas de consumo que influyen en la sostenibilidad del entorno urbano, presentando datos y reflexiones centradas en la realidad del municipio. La Universidad Aut\u00f3noma de Sinaloa (UAS), a trav\u00e9s de la Unidad de Bienestar Universitario (UBU), llev\u00f3 a [&hellip;]<\/p>\n","protected":false},"author":4,"featured_media":132321,"comment_status":"open","ping_status":"open","sticky":false,"template":"","format":"standard","meta":{"tdm_status":"","tdm_grid_status":"","footnotes":""},"categories":[38],"tags":[],"class_list":{"0":"post-132320","1":"post","2":"type-post","3":"status-publish","4":"format-standard","5":"has-post-thumbnail","7":"category-noticias-locales"},"yoast_head":"<!-- This site is optimized with the Yoast SEO plugin v27.4 - https:\/\/yoast.com\/product\/yoast-seo-wordpress\/ -->\n<title>Urgen en la UAS a fortalecer la educaci\u00f3n ambiental pr\u00e1ctica frente a la crisis h\u00eddrica en Culiac\u00e1n - Fuentes Fidedignas<\/title>\n<meta name=\"robots\" content=\"index, follow, max-snippet:-1, max-image-preview:large, max-video-preview:-1\" \/>\n<link rel=\"canonical\" href=\"https:\/\/fuentesfidedignas.com.mx\/index.php\/2026\/04\/27\/urgen-la-uas-a-fortalecer-la-educacion-ambiental-practica-frente-a-la-crisis-hidrica-en-culiacan\/\" \/>\n<meta property=\"og:locale\" content=\"es_MX\" \/>\n<meta property=\"og:type\" content=\"article\" \/>\n<meta property=\"og:title\" content=\"Urgen en la UAS a fortalecer la educaci\u00f3n ambiental pr\u00e1ctica frente a la crisis h\u00eddrica en Culiac\u00e1n - Fuentes Fidedignas\" \/>\n<meta property=\"og:description\" content=\"Se expuso de manera puntual los principales factores que inciden en la problem\u00e1tica h\u00eddrica, as\u00ed como las din\u00e1micas de consumo que influyen en la sostenibilidad del entorno urbano, presentando datos y reflexiones centradas en la realidad del municipio. La Universidad Aut\u00f3noma de Sinaloa (UAS), a trav\u00e9s de la Unidad de Bienestar Universitario (UBU), llev\u00f3 a [&hellip;]\" \/>\n<meta property=\"og:url\" content=\"https:\/\/fuentesfidedignas.com.mx\/index.php\/2026\/04\/27\/urgen-la-uas-a-fortalecer-la-educacion-ambiental-practica-frente-a-la-crisis-hidrica-en-culiacan\/\" \/>\n<meta property=\"og:site_name\" content=\"Fuentes Fidedignas\" \/>\n<meta property=\"article:publisher\" content=\"https:\/\/www.facebook.com\/Fuentes-Fidedignas-368234489921644\" \/>\n<meta property=\"article:published_time\" content=\"2026-04-27T13:57:12+00:00\" \/>\n<meta property=\"article:modified_time\" content=\"2026-04-27T18:32:33+00:00\" \/>\n<meta property=\"og:image\" content=\"https:\/\/fuentesfidedignas.com.mx\/wp-content\/uploads\/2026\/04\/UAS-CRISIS-HIDRICA-6.jpg\" \/>\n\t<meta property=\"og:image:width\" content=\"500\" \/>\n\t<meta property=\"og:image:height\" content=\"332\" \/>\n\t<meta property=\"og:image:type\" content=\"image\/jpeg\" \/>\n<meta name=\"author\" content=\"Redacci\u00f3n\" \/>\n<meta name=\"twitter:card\" content=\"summary_large_image\" \/>\n<meta name=\"twitter:creator\" content=\"@fidedignas\" \/>\n<meta name=\"twitter:site\" content=\"@fidedignas\" \/>\n<meta name=\"twitter:label1\" content=\"Escrito por\" \/>\n\t<meta name=\"twitter:data1\" content=\"Redacci\u00f3n\" \/>\n\t<meta name=\"twitter:label2\" content=\"Tiempo de lectura\" \/>\n\t<meta name=\"twitter:data2\" content=\"2 minutos\" \/>\n<script type=\"application\/ld+json\" class=\"yoast-schema-graph\">{\"@context\":\"https:\\\/\\\/schema.org\",\"@graph\":[{\"@type\":\"Article\",\"@id\":\"https:\\\/\\\/fuentesfidedignas.com.mx\\\/index.php\\\/2026\\\/04\\\/27\\\/urgen-la-uas-a-fortalecer-la-educacion-ambiental-practica-frente-a-la-crisis-hidrica-en-culiacan\\\/#article\",\"isPartOf\":{\"@id\":\"https:\\\/\\\/fuentesfidedignas.com.mx\\\/index.php\\\/2026\\\/04\\\/27\\\/urgen-la-uas-a-fortalecer-la-educacion-ambiental-practica-frente-a-la-crisis-hidrica-en-culiacan\\\/\"},\"author\":{\"name\":\"Redacci\u00f3n\",\"@id\":\"https:\\\/\\\/fuentesfidedignas.com.mx\\\/#\\\/schema\\\/person\\\/331be9283d37198e2acd5750279085b0\"},\"headline\":\"Urgen en la UAS a fortalecer la educaci\u00f3n ambiental pr\u00e1ctica frente a la crisis h\u00eddrica en Culiac\u00e1n\",\"datePublished\":\"2026-04-27T13:57:12+00:00\",\"dateModified\":\"2026-04-27T18:32:33+00:00\",\"mainEntityOfPage\":{\"@id\":\"https:\\\/\\\/fuentesfidedignas.com.mx\\\/index.php\\\/2026\\\/04\\\/27\\\/urgen-la-uas-a-fortalecer-la-educacion-ambiental-practica-frente-a-la-crisis-hidrica-en-culiacan\\\/\"},\"wordCount\":368,\"commentCount\":0,\"publisher\":{\"@id\":\"https:\\\/\\\/fuentesfidedignas.com.mx\\\/#organization\"},\"image\":{\"@id\":\"https:\\\/\\\/fuentesfidedignas.com.mx\\\/index.php\\\/2026\\\/04\\\/27\\\/urgen-la-uas-a-fortalecer-la-educacion-ambiental-practica-frente-a-la-crisis-hidrica-en-culiacan\\\/#primaryimage\"},\"thumbnailUrl\":\"https:\\\/\\\/fuentesfidedignas.com.mx\\\/wp-content\\\/uploads\\\/2026\\\/04\\\/UAS-CRISIS-HIDRICA-6.jpg\",\"articleSection\":[\"NOTICIAS LOCALES\"],\"inLanguage\":\"es\",\"potentialAction\":[{\"@type\":\"CommentAction\",\"name\":\"Comment\",\"target\":[\"https:\\\/\\\/fuentesfidedignas.com.mx\\\/index.php\\\/2026\\\/04\\\/27\\\/urgen-la-uas-a-fortalecer-la-educacion-ambiental-practica-frente-a-la-crisis-hidrica-en-culiacan\\\/#respond\"]}]},{\"@type\":\"WebPage\",\"@id\":\"https:\\\/\\\/fuentesfidedignas.com.mx\\\/index.php\\\/2026\\\/04\\\/27\\\/urgen-la-uas-a-fortalecer-la-educacion-ambiental-practica-frente-a-la-crisis-hidrica-en-culiacan\\\/\",\"url\":\"https:\\\/\\\/fuentesfidedignas.com.mx\\\/index.php\\\/2026\\\/04\\\/27\\\/urgen-la-uas-a-fortalecer-la-educacion-ambiental-practica-frente-a-la-crisis-hidrica-en-culiacan\\\/\",\"name\":\"Urgen en la UAS a fortalecer la educaci\u00f3n ambiental pr\u00e1ctica frente a la crisis h\u00eddrica en Culiac\u00e1n - Fuentes Fidedignas\",\"isPartOf\":{\"@id\":\"https:\\\/\\\/fuentesfidedignas.com.mx\\\/#website\"},\"primaryImageOfPage\":{\"@id\":\"https:\\\/\\\/fuentesfidedignas.com.mx\\\/index.php\\\/2026\\\/04\\\/27\\\/urgen-la-uas-a-fortalecer-la-educacion-ambiental-practica-frente-a-la-crisis-hidrica-en-culiacan\\\/#primaryimage\"},\"image\":{\"@id\":\"https:\\\/\\\/fuentesfidedignas.com.mx\\\/index.php\\\/2026\\\/04\\\/27\\\/urgen-la-uas-a-fortalecer-la-educacion-ambiental-practica-frente-a-la-crisis-hidrica-en-culiacan\\\/#primaryimage\"},\"thumbnailUrl\":\"https:\\\/\\\/fuentesfidedignas.com.mx\\\/wp-content\\\/uploads\\\/2026\\\/04\\\/UAS-CRISIS-HIDRICA-6.jpg\",\"datePublished\":\"2026-04-27T13:57:12+00:00\",\"dateModified\":\"2026-04-27T18:32:33+00:00\",\"breadcrumb\":{\"@id\":\"https:\\\/\\\/fuentesfidedignas.com.mx\\\/index.php\\\/2026\\\/04\\\/27\\\/urgen-la-uas-a-fortalecer-la-educacion-ambiental-practica-frente-a-la-crisis-hidrica-en-culiacan\\\/#breadcrumb\"},\"inLanguage\":\"es\",\"potentialAction\":[{\"@type\":\"ReadAction\",\"target\":[\"https:\\\/\\\/fuentesfidedignas.com.mx\\\/index.php\\\/2026\\\/04\\\/27\\\/urgen-la-uas-a-fortalecer-la-educacion-ambiental-practica-frente-a-la-crisis-hidrica-en-culiacan\\\/\"]}]},{\"@type\":\"ImageObject\",\"inLanguage\":\"es\",\"@id\":\"https:\\\/\\\/fuentesfidedignas.com.mx\\\/index.php\\\/2026\\\/04\\\/27\\\/urgen-la-uas-a-fortalecer-la-educacion-ambiental-practica-frente-a-la-crisis-hidrica-en-culiacan\\\/#primaryimage\",\"url\":\"https:\\\/\\\/fuentesfidedignas.com.mx\\\/wp-content\\\/uploads\\\/2026\\\/04\\\/UAS-CRISIS-HIDRICA-6.jpg\",\"contentUrl\":\"https:\\\/\\\/fuentesfidedignas.com.mx\\\/wp-content\\\/uploads\\\/2026\\\/04\\\/UAS-CRISIS-HIDRICA-6.jpg\",\"width\":500,\"height\":332},{\"@type\":\"BreadcrumbList\",\"@id\":\"https:\\\/\\\/fuentesfidedignas.com.mx\\\/index.php\\\/2026\\\/04\\\/27\\\/urgen-la-uas-a-fortalecer-la-educacion-ambiental-practica-frente-a-la-crisis-hidrica-en-culiacan\\\/#breadcrumb\",\"itemListElement\":[{\"@type\":\"ListItem\",\"position\":1,\"name\":\"Inicio\",\"item\":\"https:\\\/\\\/fuentesfidedignas.com.mx\\\/\"},{\"@type\":\"ListItem\",\"position\":2,\"name\":\"Urgen en la UAS a fortalecer la educaci\u00f3n ambiental pr\u00e1ctica frente a la crisis h\u00eddrica en Culiac\u00e1n\"}]},{\"@type\":\"WebSite\",\"@id\":\"https:\\\/\\\/fuentesfidedignas.com.mx\\\/#website\",\"url\":\"https:\\\/\\\/fuentesfidedignas.com.mx\\\/\",\"name\":\"Fuentes Fidedignas\",\"description\":\"Otro sitio realizado con WordPress\",\"publisher\":{\"@id\":\"https:\\\/\\\/fuentesfidedignas.com.mx\\\/#organization\"},\"potentialAction\":[{\"@type\":\"SearchAction\",\"target\":{\"@type\":\"EntryPoint\",\"urlTemplate\":\"https:\\\/\\\/fuentesfidedignas.com.mx\\\/?s={search_term_string}\"},\"query-input\":{\"@type\":\"PropertyValueSpecification\",\"valueRequired\":true,\"valueName\":\"search_term_string\"}}],\"inLanguage\":\"es\"},{\"@type\":\"Organization\",\"@id\":\"https:\\\/\\\/fuentesfidedignas.com.mx\\\/#organization\",\"name\":\"Fuentes Fidedignas\",\"url\":\"https:\\\/\\\/fuentesfidedignas.com.mx\\\/\",\"logo\":{\"@type\":\"ImageObject\",\"inLanguage\":\"es\",\"@id\":\"https:\\\/\\\/fuentesfidedignas.com.mx\\\/#\\\/schema\\\/logo\\\/image\\\/\",\"url\":\"https:\\\/\\\/fuentesfidedignas.com.mx\\\/wp-content\\\/uploads\\\/2021\\\/04\\\/logo-retina.png\",\"contentUrl\":\"https:\\\/\\\/fuentesfidedignas.com.mx\\\/wp-content\\\/uploads\\\/2021\\\/04\\\/logo-retina.png\",\"width\":280,\"height\":51,\"caption\":\"Fuentes Fidedignas\"},\"image\":{\"@id\":\"https:\\\/\\\/fuentesfidedignas.com.mx\\\/#\\\/schema\\\/logo\\\/image\\\/\"},\"sameAs\":[\"https:\\\/\\\/www.facebook.com\\\/Fuentes-Fidedignas-368234489921644\",\"https:\\\/\\\/x.com\\\/fidedignas\"]},{\"@type\":\"Person\",\"@id\":\"https:\\\/\\\/fuentesfidedignas.com.mx\\\/#\\\/schema\\\/person\\\/331be9283d37198e2acd5750279085b0\",\"name\":\"Redacci\u00f3n\",\"image\":{\"@type\":\"ImageObject\",\"inLanguage\":\"es\",\"@id\":\"https:\\\/\\\/secure.gravatar.com\\\/avatar\\\/f6d8782c11d12b2d4ad3fbb6931aeab5309937a4d6cd2fc9cfaa28a6396a5aec?s=96&d=mm&r=g\",\"url\":\"https:\\\/\\\/secure.gravatar.com\\\/avatar\\\/f6d8782c11d12b2d4ad3fbb6931aeab5309937a4d6cd2fc9cfaa28a6396a5aec?s=96&d=mm&r=g\",\"contentUrl\":\"https:\\\/\\\/secure.gravatar.com\\\/avatar\\\/f6d8782c11d12b2d4ad3fbb6931aeab5309937a4d6cd2fc9cfaa28a6396a5aec?s=96&d=mm&r=g\",\"caption\":\"Redacci\u00f3n\"},\"url\":\"https:\\\/\\\/fuentesfidedignas.com.mx\\\/index.php\\\/author\\\/redaccion\\\/\"}]}<\/script>\n<!-- \/ Yoast SEO plugin. -->","yoast_head_json":{"title":"Urgen en la UAS a fortalecer la educaci\u00f3n ambiental pr\u00e1ctica frente a la crisis h\u00eddrica en Culiac\u00e1n - Fuentes Fidedignas","robots":{"index":"index","follow":"follow","max-snippet":"max-snippet:-1","max-image-preview":"max-image-preview:large","max-video-preview":"max-video-preview:-1"},"canonical":"https:\/\/fuentesfidedignas.com.mx\/index.php\/2026\/04\/27\/urgen-la-uas-a-fortalecer-la-educacion-ambiental-practica-frente-a-la-crisis-hidrica-en-culiacan\/","og_locale":"es_MX","og_type":"article","og_title":"Urgen en la UAS a fortalecer la educaci\u00f3n ambiental pr\u00e1ctica frente a la crisis h\u00eddrica en Culiac\u00e1n - Fuentes Fidedignas","og_description":"Se expuso de manera puntual los principales factores que inciden en la problem\u00e1tica h\u00eddrica, as\u00ed como las din\u00e1micas de consumo que influyen en la sostenibilidad del entorno urbano, presentando datos y reflexiones centradas en la realidad del municipio. La Universidad Aut\u00f3noma de Sinaloa (UAS), a trav\u00e9s de la Unidad de Bienestar Universitario (UBU), llev\u00f3 a [&hellip;]","og_url":"https:\/\/fuentesfidedignas.com.mx\/index.php\/2026\/04\/27\/urgen-la-uas-a-fortalecer-la-educacion-ambiental-practica-frente-a-la-crisis-hidrica-en-culiacan\/","og_site_name":"Fuentes Fidedignas","article_publisher":"https:\/\/www.facebook.com\/Fuentes-Fidedignas-368234489921644","article_published_time":"2026-04-27T13:57:12+00:00","article_modified_time":"2026-04-27T18:32:33+00:00","og_image":[{"width":500,"height":332,"url":"https:\/\/fuentesfidedignas.com.mx\/wp-content\/uploads\/2026\/04\/UAS-CRISIS-HIDRICA-6.jpg","type":"image\/jpeg"}],"author":"Redacci\u00f3n","twitter_card":"summary_large_image","twitter_creator":"@fidedignas","twitter_site":"@fidedignas","twitter_misc":{"Escrito por":"Redacci\u00f3n","Tiempo de lectura":"2 minutos"},"schema":{"@context":"https:\/\/schema.org","@graph":[{"@type":"Article","@id":"https:\/\/fuentesfidedignas.com.mx\/index.php\/2026\/04\/27\/urgen-la-uas-a-fortalecer-la-educacion-ambiental-practica-frente-a-la-crisis-hidrica-en-culiacan\/#article","isPartOf":{"@id":"https:\/\/fuentesfidedignas.com.mx\/index.php\/2026\/04\/27\/urgen-la-uas-a-fortalecer-la-educacion-ambiental-practica-frente-a-la-crisis-hidrica-en-culiacan\/"},"author":{"name":"Redacci\u00f3n","@id":"https:\/\/fuentesfidedignas.com.mx\/#\/schema\/person\/331be9283d37198e2acd5750279085b0"},"headline":"Urgen en la UAS a fortalecer la educaci\u00f3n ambiental pr\u00e1ctica frente a la crisis h\u00eddrica en Culiac\u00e1n","datePublished":"2026-04-27T13:57:12+00:00","dateModified":"2026-04-27T18:32:33+00:00","mainEntityOfPage":{"@id":"https:\/\/fuentesfidedignas.com.mx\/index.php\/2026\/04\/27\/urgen-la-uas-a-fortalecer-la-educacion-ambiental-practica-frente-a-la-crisis-hidrica-en-culiacan\/"},"wordCount":368,"commentCount":0,"publisher":{"@id":"https:\/\/fuentesfidedignas.com.mx\/#organization"},"image":{"@id":"https:\/\/fuentesfidedignas.com.mx\/index.php\/2026\/04\/27\/urgen-la-uas-a-fortalecer-la-educacion-ambiental-practica-frente-a-la-crisis-hidrica-en-culiacan\/#primaryimage"},"thumbnailUrl":"https:\/\/fuentesfidedignas.com.mx\/wp-content\/uploads\/2026\/04\/UAS-CRISIS-HIDRICA-6.jpg","articleSection":["NOTICIAS LOCALES"],"inLanguage":"es","potentialAction":[{"@type":"CommentAction","name":"Comment","target":["https:\/\/fuentesfidedignas.com.mx\/index.php\/2026\/04\/27\/urgen-la-uas-a-fortalecer-la-educacion-ambiental-practica-frente-a-la-crisis-hidrica-en-culiacan\/#respond"]}]},{"@type":"WebPage","@id":"https:\/\/fuentesfidedignas.com.mx\/index.php\/2026\/04\/27\/urgen-la-uas-a-fortalecer-la-educacion-ambiental-practica-frente-a-la-crisis-hidrica-en-culiacan\/","url":"https:\/\/fuentesfidedignas.com.mx\/index.php\/2026\/04\/27\/urgen-la-uas-a-fortalecer-la-educacion-ambiental-practica-frente-a-la-crisis-hidrica-en-culiacan\/","name":"Urgen en la UAS a fortalecer la educaci\u00f3n ambiental pr\u00e1ctica frente a la crisis h\u00eddrica en Culiac\u00e1n - Fuentes Fidedignas","isPartOf":{"@id":"https:\/\/fuentesfidedignas.com.mx\/#website"},"primaryImageOfPage":{"@id":"https:\/\/fuentesfidedignas.com.mx\/index.php\/2026\/04\/27\/urgen-la-uas-a-fortalecer-la-educacion-ambiental-practica-frente-a-la-crisis-hidrica-en-culiacan\/#primaryimage"},"image":{"@id":"https:\/\/fuentesfidedignas.com.mx\/index.php\/2026\/04\/27\/urgen-la-uas-a-fortalecer-la-educacion-ambiental-practica-frente-a-la-crisis-hidrica-en-culiacan\/#primaryimage"},"thumbnailUrl":"https:\/\/fuentesfidedignas.com.mx\/wp-content\/uploads\/2026\/04\/UAS-CRISIS-HIDRICA-6.jpg","datePublished":"2026-04-27T13:57:12+00:00","dateModified":"2026-04-27T18:32:33+00:00","breadcrumb":{"@id":"https:\/\/fuentesfidedignas.com.mx\/index.php\/2026\/04\/27\/urgen-la-uas-a-fortalecer-la-educacion-ambiental-practica-frente-a-la-crisis-hidrica-en-culiacan\/#breadcrumb"},"inLanguage":"es","potentialAction":[{"@type":"ReadAction","target":["https:\/\/fuentesfidedignas.com.mx\/index.php\/2026\/04\/27\/urgen-la-uas-a-fortalecer-la-educacion-ambiental-practica-frente-a-la-crisis-hidrica-en-culiacan\/"]}]},{"@type":"ImageObject","inLanguage":"es","@id":"https:\/\/fuentesfidedignas.com.mx\/index.php\/2026\/04\/27\/urgen-la-uas-a-fortalecer-la-educacion-ambiental-practica-frente-a-la-crisis-hidrica-en-culiacan\/#primaryimage","url":"https:\/\/fuentesfidedignas.com.mx\/wp-content\/uploads\/2026\/04\/UAS-CRISIS-HIDRICA-6.jpg","contentUrl":"https:\/\/fuentesfidedignas.com.mx\/wp-content\/uploads\/2026\/04\/UAS-CRISIS-HIDRICA-6.jpg","width":500,"height":332},{"@type":"BreadcrumbList","@id":"https:\/\/fuentesfidedignas.com.mx\/index.php\/2026\/04\/27\/urgen-la-uas-a-fortalecer-la-educacion-ambiental-practica-frente-a-la-crisis-hidrica-en-culiacan\/#breadcrumb","itemListElement":[{"@type":"ListItem","position":1,"name":"Inicio","item":"https:\/\/fuentesfidedignas.com.mx\/"},{"@type":"ListItem","position":2,"name":"Urgen en la UAS a fortalecer la educaci\u00f3n ambiental pr\u00e1ctica frente a la crisis h\u00eddrica en Culiac\u00e1n"}]},{"@type":"WebSite","@id":"https:\/\/fuentesfidedignas.com.mx\/#website","url":"https:\/\/fuentesfidedignas.com.mx\/","name":"Fuentes Fidedignas","description":"Otro sitio realizado con WordPress","publisher":{"@id":"https:\/\/fuentesfidedignas.com.mx\/#organization"},"potentialAction":[{"@type":"SearchAction","target":{"@type":"EntryPoint","urlTemplate":"https:\/\/fuentesfidedignas.com.mx\/?s={search_term_string}"},"query-input":{"@type":"PropertyValueSpecification","valueRequired":true,"valueName":"search_term_string"}}],"inLanguage":"es"},{"@type":"Organization","@id":"https:\/\/fuentesfidedignas.com.mx\/#organization","name":"Fuentes Fidedignas","url":"https:\/\/fuentesfidedignas.com.mx\/","logo":{"@type":"ImageObject","inLanguage":"es","@id":"https:\/\/fuentesfidedignas.com.mx\/#\/schema\/logo\/image\/","url":"https:\/\/fuentesfidedignas.com.mx\/wp-content\/uploads\/2021\/04\/logo-retina.png","contentUrl":"https:\/\/fuentesfidedignas.com.mx\/wp-content\/uploads\/2021\/04\/logo-retina.png","width":280,"height":51,"caption":"Fuentes Fidedignas"},"image":{"@id":"https:\/\/fuentesfidedignas.com.mx\/#\/schema\/logo\/image\/"},"sameAs":["https:\/\/www.facebook.com\/Fuentes-Fidedignas-368234489921644","https:\/\/x.com\/fidedignas"]},{"@type":"Person","@id":"https:\/\/fuentesfidedignas.com.mx\/#\/schema\/person\/331be9283d37198e2acd5750279085b0","name":"Redacci\u00f3n","image":{"@type":"ImageObject","inLanguage":"es","@id":"https:\/\/secure.gravatar.com\/avatar\/f6d8782c11d12b2d4ad3fbb6931aeab5309937a4d6cd2fc9cfaa28a6396a5aec?s=96&d=mm&r=g","url":"https:\/\/secure.gravatar.com\/avatar\/f6d8782c11d12b2d4ad3fbb6931aeab5309937a4d6cd2fc9cfaa28a6396a5aec?s=96&d=mm&r=g","contentUrl":"https:\/\/secure.gravatar.com\/avatar\/f6d8782c11d12b2d4ad3fbb6931aeab5309937a4d6cd2fc9cfaa28a6396a5aec?s=96&d=mm&r=g","caption":"Redacci\u00f3n"},"url":"https:\/\/fuentesfidedignas.com.mx\/index.php\/author\/redaccion\/"}]}},"_links":{"self":[{"href":"https:\/\/fuentesfidedignas.com.mx\/index.php\/wp-json\/wp\/v2\/posts\/132320","targetHints":{"allow":["GET"]}}],"collection":[{"href":"https:\/\/fuentesfidedignas.com.mx\/index.php\/wp-json\/wp\/v2\/posts"}],"about":[{"href":"https:\/\/fuentesfidedignas.com.mx\/index.php\/wp-json\/wp\/v2\/types\/post"}],"author":[{"embeddable":true,"href":"https:\/\/fuentesfidedignas.com.mx\/index.php\/wp-json\/wp\/v2\/users\/4"}],"replies":[{"embeddable":true,"href":"https:\/\/fuentesfidedignas.com.mx\/index.php\/wp-json\/wp\/v2\/comments?post=132320"}],"version-history":[{"count":2,"href":"https:\/\/fuentesfidedignas.com.mx\/index.php\/wp-json\/wp\/v2\/posts\/132320\/revisions"}],"predecessor-version":[{"id":132329,"href":"https:\/\/fuentesfidedignas.com.mx\/index.php\/wp-json\/wp\/v2\/posts\/132320\/revisions\/132329"}],"wp:featuredmedia":[{"embeddable":true,"href":"https:\/\/fuentesfidedignas.com.mx\/index.php\/wp-json\/wp\/v2\/media\/132321"}],"wp:attachment":[{"href":"https:\/\/fuentesfidedignas.com.mx\/index.php\/wp-json\/wp\/v2\/media?parent=132320"}],"wp:term":[{"taxonomy":"category","embeddable":true,"href":"https:\/\/fuentesfidedignas.com.mx\/index.php\/wp-json\/wp\/v2\/categories?post=132320"},{"taxonomy":"post_tag","embeddable":true,"href":"https:\/\/fuentesfidedignas.com.mx\/index.php\/wp-json\/wp\/v2\/tags?post=132320"}],"curies":[{"name":"wp","href":"https:\/\/api.w.org\/{rel}","templated":true}]}}