{"id":132311,"date":"2026-04-27T06:18:06","date_gmt":"2026-04-27T13:18:06","guid":{"rendered":"https:\/\/fuentesfidedignas.com.mx\/?p=132311"},"modified":"2026-04-27T06:18:08","modified_gmt":"2026-04-27T13:18:08","slug":"el-bordado-como-acto-de-memoria-encuentro-y-expresion-colectiva","status":"publish","type":"post","link":"https:\/\/fuentesfidedignas.com.mx\/index.php\/2026\/04\/27\/el-bordado-como-acto-de-memoria-encuentro-y-expresion-colectiva\/","title":{"rendered":"El bordado como acto de memoria, encuentro y expresi\u00f3n colectiva"},"content":{"rendered":"\n<p><strong><em>Una jornada de bordado en torno a la figura y la obra de In\u00e9s Arredondo se llev\u00f3 a cabo en la Sala de Formaci\u00f3n Lectora del ISIC.<\/em><\/strong><\/p>\n\n\n\n<p class=\"has-text-align-left\">Culiac\u00e1n, Sin.- En un ambiente cercano y profundamente emotivo, se llev\u00f3 a cabo una jornada de bordado en la Sala de Formaci\u00f3n Lectora del Instituto Sinaloense de Cultura, dirigida por la promotora de lectura In\u00e9s Arce, quien guio el encuentro para recordar a In\u00e9s Arredondo, invitando a las y los asistentes a habitar el bordado como un espacio de expresi\u00f3n, escucha y reflexi\u00f3n compartida.<\/p>\n\n\n\n<p>Desde el inicio, las integrantes del colectivo acompa\u00f1aron a las y los participantes explicando las bases del bordado, propiciando un entorno accesible y acogedor donde cada puntada se convirti\u00f3 en una forma de decir y sentir.<\/p>\n\n\n\n<p>La escritora de cuentos infantiles Georgina Mart\u00ednez Monta\u00f1o comparti\u00f3 su experiencia creativa con una mirada sensible sobre su forma de entender el mundo. Mientras conversaba, habl\u00f3 tambi\u00e9n de su profundo amor por Sinaloa, se\u00f1alando c\u00f3mo su obra suele evocar los elementos que lo caracterizan: los \u00e1rboles, las flores y los peque\u00f1os animales de la regi\u00f3n, que aparecen como s\u00edmbolos vivos de identidad y arraigo.<\/p>\n\n\n\n<p>Uno de los momentos m\u00e1s significativos fue la proyecci\u00f3n de un video realizado por Ram\u00f3n C\u00e1rdenas, en el que la promotora cultural lee fragmentos de su libro de cuentos En los ojos de In\u00e9s, obra que cuenta con ilustraciones de Mar\u00eda Tuti, desde una hacienda vinculada a la vida de In\u00e9s Arredondo. La pieza envolvi\u00f3 al p\u00fablico en una atm\u00f3sfera \u00edntima, donde la palabra, el territorio y la memoria se entrelazaron.<\/p>\n\n\n\n<p>La asistencia, nutrida y participativa, bord\u00f3 sobre tela y fotograf\u00eda dibujos y frases inspiradas en la obra de In\u00e9s Arredondo. Entre hilos y colores, surgi\u00f3 tambi\u00e9n un di\u00e1logo abierto que transit\u00f3 de la literatura a lo personal: se compartieron historias, emociones y reflexiones sobre la vida en un contexto marcado por la violencia. As\u00ed, el encuentro se transform\u00f3 en un momento de resiliencia y camarader\u00eda, donde el acto de bordar fue tambi\u00e9n una forma de acompa\u00f1arse.<\/p>\n\n\n\n<p>M\u00e1s que una actividad art\u00edstica, la jornada reafirm\u00f3 el bordado como un acto de memoria viva, de cuidado colectivo y de conexi\u00f3n humana.<\/p>\n","protected":false},"excerpt":{"rendered":"<p>Una jornada de bordado en torno a la figura y la obra de In\u00e9s Arredondo se llev\u00f3 a cabo en la Sala de Formaci\u00f3n Lectora del ISIC. Culiac\u00e1n, Sin.- En un ambiente cercano y profundamente emotivo, se llev\u00f3 a cabo una jornada de bordado en la Sala de Formaci\u00f3n Lectora del Instituto Sinaloense de Cultura, [&hellip;]<\/p>\n","protected":false},"author":4,"featured_media":132312,"comment_status":"open","ping_status":"open","sticky":false,"template":"","format":"standard","meta":{"tdm_status":"","tdm_grid_status":"","footnotes":""},"categories":[36,31],"tags":[],"class_list":{"0":"post-132311","1":"post","2":"type-post","3":"status-publish","4":"format-standard","5":"has-post-thumbnail","7":"category-semanales","8":"category-sinaloa-positivo"},"yoast_head":"<!-- This site is optimized with the Yoast SEO plugin v27.5 - https:\/\/yoast.com\/product\/yoast-seo-wordpress\/ -->\n<title>El bordado como acto de memoria, encuentro y expresi\u00f3n colectiva - Fuentes Fidedignas<\/title>\n<meta name=\"robots\" content=\"index, follow, max-snippet:-1, max-image-preview:large, max-video-preview:-1\" \/>\n<link rel=\"canonical\" href=\"https:\/\/fuentesfidedignas.com.mx\/index.php\/2026\/04\/27\/el-bordado-como-acto-de-memoria-encuentro-y-expresion-colectiva\/\" \/>\n<meta property=\"og:locale\" content=\"es_MX\" \/>\n<meta property=\"og:type\" content=\"article\" \/>\n<meta property=\"og:title\" content=\"El bordado como acto de memoria, encuentro y expresi\u00f3n colectiva - Fuentes Fidedignas\" \/>\n<meta property=\"og:description\" content=\"Una jornada de bordado en torno a la figura y la obra de In\u00e9s Arredondo se llev\u00f3 a cabo en la Sala de Formaci\u00f3n Lectora del ISIC. Culiac\u00e1n, Sin.- En un ambiente cercano y profundamente emotivo, se llev\u00f3 a cabo una jornada de bordado en la Sala de Formaci\u00f3n Lectora del Instituto Sinaloense de Cultura, [&hellip;]\" \/>\n<meta property=\"og:url\" content=\"https:\/\/fuentesfidedignas.com.mx\/index.php\/2026\/04\/27\/el-bordado-como-acto-de-memoria-encuentro-y-expresion-colectiva\/\" \/>\n<meta property=\"og:site_name\" content=\"Fuentes Fidedignas\" \/>\n<meta property=\"article:publisher\" content=\"https:\/\/www.facebook.com\/Fuentes-Fidedignas-368234489921644\" \/>\n<meta property=\"article:published_time\" content=\"2026-04-27T13:18:06+00:00\" \/>\n<meta property=\"article:modified_time\" content=\"2026-04-27T13:18:08+00:00\" \/>\n<meta property=\"og:image\" content=\"https:\/\/fuentesfidedignas.com.mx\/wp-content\/uploads\/2026\/04\/25Abr2026-Juntanza-de-bordado-75-2.jpg\" \/>\n\t<meta property=\"og:image:width\" content=\"500\" \/>\n\t<meta property=\"og:image:height\" content=\"333\" \/>\n\t<meta property=\"og:image:type\" content=\"image\/jpeg\" \/>\n<meta name=\"author\" content=\"Redacci\u00f3n\" \/>\n<meta name=\"twitter:card\" content=\"summary_large_image\" \/>\n<meta name=\"twitter:creator\" content=\"@fidedignas\" \/>\n<meta name=\"twitter:site\" content=\"@fidedignas\" \/>\n<meta name=\"twitter:label1\" content=\"Escrito por\" \/>\n\t<meta name=\"twitter:data1\" content=\"Redacci\u00f3n\" \/>\n\t<meta name=\"twitter:label2\" content=\"Tiempo de lectura\" \/>\n\t<meta name=\"twitter:data2\" content=\"2 minutos\" \/>\n<script type=\"application\/ld+json\" class=\"yoast-schema-graph\">{\"@context\":\"https:\\\/\\\/schema.org\",\"@graph\":[{\"@type\":\"Article\",\"@id\":\"https:\\\/\\\/fuentesfidedignas.com.mx\\\/index.php\\\/2026\\\/04\\\/27\\\/el-bordado-como-acto-de-memoria-encuentro-y-expresion-colectiva\\\/#article\",\"isPartOf\":{\"@id\":\"https:\\\/\\\/fuentesfidedignas.com.mx\\\/index.php\\\/2026\\\/04\\\/27\\\/el-bordado-como-acto-de-memoria-encuentro-y-expresion-colectiva\\\/\"},\"author\":{\"name\":\"Redacci\u00f3n\",\"@id\":\"https:\\\/\\\/fuentesfidedignas.com.mx\\\/#\\\/schema\\\/person\\\/331be9283d37198e2acd5750279085b0\"},\"headline\":\"El bordado como acto de memoria, encuentro y expresi\u00f3n colectiva\",\"datePublished\":\"2026-04-27T13:18:06+00:00\",\"dateModified\":\"2026-04-27T13:18:08+00:00\",\"mainEntityOfPage\":{\"@id\":\"https:\\\/\\\/fuentesfidedignas.com.mx\\\/index.php\\\/2026\\\/04\\\/27\\\/el-bordado-como-acto-de-memoria-encuentro-y-expresion-colectiva\\\/\"},\"wordCount\":409,\"commentCount\":0,\"publisher\":{\"@id\":\"https:\\\/\\\/fuentesfidedignas.com.mx\\\/#organization\"},\"image\":{\"@id\":\"https:\\\/\\\/fuentesfidedignas.com.mx\\\/index.php\\\/2026\\\/04\\\/27\\\/el-bordado-como-acto-de-memoria-encuentro-y-expresion-colectiva\\\/#primaryimage\"},\"thumbnailUrl\":\"https:\\\/\\\/fuentesfidedignas.com.mx\\\/wp-content\\\/uploads\\\/2026\\\/04\\\/25Abr2026-Juntanza-de-bordado-75-2.jpg\",\"articleSection\":[\"SEMANALES\",\"SINALOA POSITIVO\"],\"inLanguage\":\"es\",\"potentialAction\":[{\"@type\":\"CommentAction\",\"name\":\"Comment\",\"target\":[\"https:\\\/\\\/fuentesfidedignas.com.mx\\\/index.php\\\/2026\\\/04\\\/27\\\/el-bordado-como-acto-de-memoria-encuentro-y-expresion-colectiva\\\/#respond\"]}]},{\"@type\":\"WebPage\",\"@id\":\"https:\\\/\\\/fuentesfidedignas.com.mx\\\/index.php\\\/2026\\\/04\\\/27\\\/el-bordado-como-acto-de-memoria-encuentro-y-expresion-colectiva\\\/\",\"url\":\"https:\\\/\\\/fuentesfidedignas.com.mx\\\/index.php\\\/2026\\\/04\\\/27\\\/el-bordado-como-acto-de-memoria-encuentro-y-expresion-colectiva\\\/\",\"name\":\"El bordado como acto de memoria, encuentro y expresi\u00f3n colectiva - Fuentes Fidedignas\",\"isPartOf\":{\"@id\":\"https:\\\/\\\/fuentesfidedignas.com.mx\\\/#website\"},\"primaryImageOfPage\":{\"@id\":\"https:\\\/\\\/fuentesfidedignas.com.mx\\\/index.php\\\/2026\\\/04\\\/27\\\/el-bordado-como-acto-de-memoria-encuentro-y-expresion-colectiva\\\/#primaryimage\"},\"image\":{\"@id\":\"https:\\\/\\\/fuentesfidedignas.com.mx\\\/index.php\\\/2026\\\/04\\\/27\\\/el-bordado-como-acto-de-memoria-encuentro-y-expresion-colectiva\\\/#primaryimage\"},\"thumbnailUrl\":\"https:\\\/\\\/fuentesfidedignas.com.mx\\\/wp-content\\\/uploads\\\/2026\\\/04\\\/25Abr2026-Juntanza-de-bordado-75-2.jpg\",\"datePublished\":\"2026-04-27T13:18:06+00:00\",\"dateModified\":\"2026-04-27T13:18:08+00:00\",\"breadcrumb\":{\"@id\":\"https:\\\/\\\/fuentesfidedignas.com.mx\\\/index.php\\\/2026\\\/04\\\/27\\\/el-bordado-como-acto-de-memoria-encuentro-y-expresion-colectiva\\\/#breadcrumb\"},\"inLanguage\":\"es\",\"potentialAction\":[{\"@type\":\"ReadAction\",\"target\":[\"https:\\\/\\\/fuentesfidedignas.com.mx\\\/index.php\\\/2026\\\/04\\\/27\\\/el-bordado-como-acto-de-memoria-encuentro-y-expresion-colectiva\\\/\"]}]},{\"@type\":\"ImageObject\",\"inLanguage\":\"es\",\"@id\":\"https:\\\/\\\/fuentesfidedignas.com.mx\\\/index.php\\\/2026\\\/04\\\/27\\\/el-bordado-como-acto-de-memoria-encuentro-y-expresion-colectiva\\\/#primaryimage\",\"url\":\"https:\\\/\\\/fuentesfidedignas.com.mx\\\/wp-content\\\/uploads\\\/2026\\\/04\\\/25Abr2026-Juntanza-de-bordado-75-2.jpg\",\"contentUrl\":\"https:\\\/\\\/fuentesfidedignas.com.mx\\\/wp-content\\\/uploads\\\/2026\\\/04\\\/25Abr2026-Juntanza-de-bordado-75-2.jpg\",\"width\":500,\"height\":333},{\"@type\":\"BreadcrumbList\",\"@id\":\"https:\\\/\\\/fuentesfidedignas.com.mx\\\/index.php\\\/2026\\\/04\\\/27\\\/el-bordado-como-acto-de-memoria-encuentro-y-expresion-colectiva\\\/#breadcrumb\",\"itemListElement\":[{\"@type\":\"ListItem\",\"position\":1,\"name\":\"Inicio\",\"item\":\"https:\\\/\\\/fuentesfidedignas.com.mx\\\/\"},{\"@type\":\"ListItem\",\"position\":2,\"name\":\"El bordado como acto de memoria, encuentro y expresi\u00f3n colectiva\"}]},{\"@type\":\"WebSite\",\"@id\":\"https:\\\/\\\/fuentesfidedignas.com.mx\\\/#website\",\"url\":\"https:\\\/\\\/fuentesfidedignas.com.mx\\\/\",\"name\":\"Fuentes Fidedignas\",\"description\":\"Otro sitio realizado con WordPress\",\"publisher\":{\"@id\":\"https:\\\/\\\/fuentesfidedignas.com.mx\\\/#organization\"},\"potentialAction\":[{\"@type\":\"SearchAction\",\"target\":{\"@type\":\"EntryPoint\",\"urlTemplate\":\"https:\\\/\\\/fuentesfidedignas.com.mx\\\/?s={search_term_string}\"},\"query-input\":{\"@type\":\"PropertyValueSpecification\",\"valueRequired\":true,\"valueName\":\"search_term_string\"}}],\"inLanguage\":\"es\"},{\"@type\":\"Organization\",\"@id\":\"https:\\\/\\\/fuentesfidedignas.com.mx\\\/#organization\",\"name\":\"Fuentes Fidedignas\",\"url\":\"https:\\\/\\\/fuentesfidedignas.com.mx\\\/\",\"logo\":{\"@type\":\"ImageObject\",\"inLanguage\":\"es\",\"@id\":\"https:\\\/\\\/fuentesfidedignas.com.mx\\\/#\\\/schema\\\/logo\\\/image\\\/\",\"url\":\"https:\\\/\\\/fuentesfidedignas.com.mx\\\/wp-content\\\/uploads\\\/2021\\\/04\\\/logo-retina.png\",\"contentUrl\":\"https:\\\/\\\/fuentesfidedignas.com.mx\\\/wp-content\\\/uploads\\\/2021\\\/04\\\/logo-retina.png\",\"width\":280,\"height\":51,\"caption\":\"Fuentes Fidedignas\"},\"image\":{\"@id\":\"https:\\\/\\\/fuentesfidedignas.com.mx\\\/#\\\/schema\\\/logo\\\/image\\\/\"},\"sameAs\":[\"https:\\\/\\\/www.facebook.com\\\/Fuentes-Fidedignas-368234489921644\",\"https:\\\/\\\/x.com\\\/fidedignas\"]},{\"@type\":\"Person\",\"@id\":\"https:\\\/\\\/fuentesfidedignas.com.mx\\\/#\\\/schema\\\/person\\\/331be9283d37198e2acd5750279085b0\",\"name\":\"Redacci\u00f3n\",\"image\":{\"@type\":\"ImageObject\",\"inLanguage\":\"es\",\"@id\":\"https:\\\/\\\/secure.gravatar.com\\\/avatar\\\/f6d8782c11d12b2d4ad3fbb6931aeab5309937a4d6cd2fc9cfaa28a6396a5aec?s=96&d=mm&r=g\",\"url\":\"https:\\\/\\\/secure.gravatar.com\\\/avatar\\\/f6d8782c11d12b2d4ad3fbb6931aeab5309937a4d6cd2fc9cfaa28a6396a5aec?s=96&d=mm&r=g\",\"contentUrl\":\"https:\\\/\\\/secure.gravatar.com\\\/avatar\\\/f6d8782c11d12b2d4ad3fbb6931aeab5309937a4d6cd2fc9cfaa28a6396a5aec?s=96&d=mm&r=g\",\"caption\":\"Redacci\u00f3n\"},\"url\":\"https:\\\/\\\/fuentesfidedignas.com.mx\\\/index.php\\\/author\\\/redaccion\\\/\"}]}<\/script>\n<!-- \/ Yoast SEO plugin. -->","yoast_head_json":{"title":"El bordado como acto de memoria, encuentro y expresi\u00f3n colectiva - Fuentes Fidedignas","robots":{"index":"index","follow":"follow","max-snippet":"max-snippet:-1","max-image-preview":"max-image-preview:large","max-video-preview":"max-video-preview:-1"},"canonical":"https:\/\/fuentesfidedignas.com.mx\/index.php\/2026\/04\/27\/el-bordado-como-acto-de-memoria-encuentro-y-expresion-colectiva\/","og_locale":"es_MX","og_type":"article","og_title":"El bordado como acto de memoria, encuentro y expresi\u00f3n colectiva - Fuentes Fidedignas","og_description":"Una jornada de bordado en torno a la figura y la obra de In\u00e9s Arredondo se llev\u00f3 a cabo en la Sala de Formaci\u00f3n Lectora del ISIC. Culiac\u00e1n, Sin.- En un ambiente cercano y profundamente emotivo, se llev\u00f3 a cabo una jornada de bordado en la Sala de Formaci\u00f3n Lectora del Instituto Sinaloense de Cultura, [&hellip;]","og_url":"https:\/\/fuentesfidedignas.com.mx\/index.php\/2026\/04\/27\/el-bordado-como-acto-de-memoria-encuentro-y-expresion-colectiva\/","og_site_name":"Fuentes Fidedignas","article_publisher":"https:\/\/www.facebook.com\/Fuentes-Fidedignas-368234489921644","article_published_time":"2026-04-27T13:18:06+00:00","article_modified_time":"2026-04-27T13:18:08+00:00","og_image":[{"width":500,"height":333,"url":"https:\/\/fuentesfidedignas.com.mx\/wp-content\/uploads\/2026\/04\/25Abr2026-Juntanza-de-bordado-75-2.jpg","type":"image\/jpeg"}],"author":"Redacci\u00f3n","twitter_card":"summary_large_image","twitter_creator":"@fidedignas","twitter_site":"@fidedignas","twitter_misc":{"Escrito por":"Redacci\u00f3n","Tiempo de lectura":"2 minutos"},"schema":{"@context":"https:\/\/schema.org","@graph":[{"@type":"Article","@id":"https:\/\/fuentesfidedignas.com.mx\/index.php\/2026\/04\/27\/el-bordado-como-acto-de-memoria-encuentro-y-expresion-colectiva\/#article","isPartOf":{"@id":"https:\/\/fuentesfidedignas.com.mx\/index.php\/2026\/04\/27\/el-bordado-como-acto-de-memoria-encuentro-y-expresion-colectiva\/"},"author":{"name":"Redacci\u00f3n","@id":"https:\/\/fuentesfidedignas.com.mx\/#\/schema\/person\/331be9283d37198e2acd5750279085b0"},"headline":"El bordado como acto de memoria, encuentro y expresi\u00f3n colectiva","datePublished":"2026-04-27T13:18:06+00:00","dateModified":"2026-04-27T13:18:08+00:00","mainEntityOfPage":{"@id":"https:\/\/fuentesfidedignas.com.mx\/index.php\/2026\/04\/27\/el-bordado-como-acto-de-memoria-encuentro-y-expresion-colectiva\/"},"wordCount":409,"commentCount":0,"publisher":{"@id":"https:\/\/fuentesfidedignas.com.mx\/#organization"},"image":{"@id":"https:\/\/fuentesfidedignas.com.mx\/index.php\/2026\/04\/27\/el-bordado-como-acto-de-memoria-encuentro-y-expresion-colectiva\/#primaryimage"},"thumbnailUrl":"https:\/\/fuentesfidedignas.com.mx\/wp-content\/uploads\/2026\/04\/25Abr2026-Juntanza-de-bordado-75-2.jpg","articleSection":["SEMANALES","SINALOA POSITIVO"],"inLanguage":"es","potentialAction":[{"@type":"CommentAction","name":"Comment","target":["https:\/\/fuentesfidedignas.com.mx\/index.php\/2026\/04\/27\/el-bordado-como-acto-de-memoria-encuentro-y-expresion-colectiva\/#respond"]}]},{"@type":"WebPage","@id":"https:\/\/fuentesfidedignas.com.mx\/index.php\/2026\/04\/27\/el-bordado-como-acto-de-memoria-encuentro-y-expresion-colectiva\/","url":"https:\/\/fuentesfidedignas.com.mx\/index.php\/2026\/04\/27\/el-bordado-como-acto-de-memoria-encuentro-y-expresion-colectiva\/","name":"El bordado como acto de memoria, encuentro y expresi\u00f3n colectiva - Fuentes Fidedignas","isPartOf":{"@id":"https:\/\/fuentesfidedignas.com.mx\/#website"},"primaryImageOfPage":{"@id":"https:\/\/fuentesfidedignas.com.mx\/index.php\/2026\/04\/27\/el-bordado-como-acto-de-memoria-encuentro-y-expresion-colectiva\/#primaryimage"},"image":{"@id":"https:\/\/fuentesfidedignas.com.mx\/index.php\/2026\/04\/27\/el-bordado-como-acto-de-memoria-encuentro-y-expresion-colectiva\/#primaryimage"},"thumbnailUrl":"https:\/\/fuentesfidedignas.com.mx\/wp-content\/uploads\/2026\/04\/25Abr2026-Juntanza-de-bordado-75-2.jpg","datePublished":"2026-04-27T13:18:06+00:00","dateModified":"2026-04-27T13:18:08+00:00","breadcrumb":{"@id":"https:\/\/fuentesfidedignas.com.mx\/index.php\/2026\/04\/27\/el-bordado-como-acto-de-memoria-encuentro-y-expresion-colectiva\/#breadcrumb"},"inLanguage":"es","potentialAction":[{"@type":"ReadAction","target":["https:\/\/fuentesfidedignas.com.mx\/index.php\/2026\/04\/27\/el-bordado-como-acto-de-memoria-encuentro-y-expresion-colectiva\/"]}]},{"@type":"ImageObject","inLanguage":"es","@id":"https:\/\/fuentesfidedignas.com.mx\/index.php\/2026\/04\/27\/el-bordado-como-acto-de-memoria-encuentro-y-expresion-colectiva\/#primaryimage","url":"https:\/\/fuentesfidedignas.com.mx\/wp-content\/uploads\/2026\/04\/25Abr2026-Juntanza-de-bordado-75-2.jpg","contentUrl":"https:\/\/fuentesfidedignas.com.mx\/wp-content\/uploads\/2026\/04\/25Abr2026-Juntanza-de-bordado-75-2.jpg","width":500,"height":333},{"@type":"BreadcrumbList","@id":"https:\/\/fuentesfidedignas.com.mx\/index.php\/2026\/04\/27\/el-bordado-como-acto-de-memoria-encuentro-y-expresion-colectiva\/#breadcrumb","itemListElement":[{"@type":"ListItem","position":1,"name":"Inicio","item":"https:\/\/fuentesfidedignas.com.mx\/"},{"@type":"ListItem","position":2,"name":"El bordado como acto de memoria, encuentro y expresi\u00f3n colectiva"}]},{"@type":"WebSite","@id":"https:\/\/fuentesfidedignas.com.mx\/#website","url":"https:\/\/fuentesfidedignas.com.mx\/","name":"Fuentes Fidedignas","description":"Otro sitio realizado con WordPress","publisher":{"@id":"https:\/\/fuentesfidedignas.com.mx\/#organization"},"potentialAction":[{"@type":"SearchAction","target":{"@type":"EntryPoint","urlTemplate":"https:\/\/fuentesfidedignas.com.mx\/?s={search_term_string}"},"query-input":{"@type":"PropertyValueSpecification","valueRequired":true,"valueName":"search_term_string"}}],"inLanguage":"es"},{"@type":"Organization","@id":"https:\/\/fuentesfidedignas.com.mx\/#organization","name":"Fuentes Fidedignas","url":"https:\/\/fuentesfidedignas.com.mx\/","logo":{"@type":"ImageObject","inLanguage":"es","@id":"https:\/\/fuentesfidedignas.com.mx\/#\/schema\/logo\/image\/","url":"https:\/\/fuentesfidedignas.com.mx\/wp-content\/uploads\/2021\/04\/logo-retina.png","contentUrl":"https:\/\/fuentesfidedignas.com.mx\/wp-content\/uploads\/2021\/04\/logo-retina.png","width":280,"height":51,"caption":"Fuentes Fidedignas"},"image":{"@id":"https:\/\/fuentesfidedignas.com.mx\/#\/schema\/logo\/image\/"},"sameAs":["https:\/\/www.facebook.com\/Fuentes-Fidedignas-368234489921644","https:\/\/x.com\/fidedignas"]},{"@type":"Person","@id":"https:\/\/fuentesfidedignas.com.mx\/#\/schema\/person\/331be9283d37198e2acd5750279085b0","name":"Redacci\u00f3n","image":{"@type":"ImageObject","inLanguage":"es","@id":"https:\/\/secure.gravatar.com\/avatar\/f6d8782c11d12b2d4ad3fbb6931aeab5309937a4d6cd2fc9cfaa28a6396a5aec?s=96&d=mm&r=g","url":"https:\/\/secure.gravatar.com\/avatar\/f6d8782c11d12b2d4ad3fbb6931aeab5309937a4d6cd2fc9cfaa28a6396a5aec?s=96&d=mm&r=g","contentUrl":"https:\/\/secure.gravatar.com\/avatar\/f6d8782c11d12b2d4ad3fbb6931aeab5309937a4d6cd2fc9cfaa28a6396a5aec?s=96&d=mm&r=g","caption":"Redacci\u00f3n"},"url":"https:\/\/fuentesfidedignas.com.mx\/index.php\/author\/redaccion\/"}]}},"_links":{"self":[{"href":"https:\/\/fuentesfidedignas.com.mx\/index.php\/wp-json\/wp\/v2\/posts\/132311","targetHints":{"allow":["GET"]}}],"collection":[{"href":"https:\/\/fuentesfidedignas.com.mx\/index.php\/wp-json\/wp\/v2\/posts"}],"about":[{"href":"https:\/\/fuentesfidedignas.com.mx\/index.php\/wp-json\/wp\/v2\/types\/post"}],"author":[{"embeddable":true,"href":"https:\/\/fuentesfidedignas.com.mx\/index.php\/wp-json\/wp\/v2\/users\/4"}],"replies":[{"embeddable":true,"href":"https:\/\/fuentesfidedignas.com.mx\/index.php\/wp-json\/wp\/v2\/comments?post=132311"}],"version-history":[{"count":1,"href":"https:\/\/fuentesfidedignas.com.mx\/index.php\/wp-json\/wp\/v2\/posts\/132311\/revisions"}],"predecessor-version":[{"id":132313,"href":"https:\/\/fuentesfidedignas.com.mx\/index.php\/wp-json\/wp\/v2\/posts\/132311\/revisions\/132313"}],"wp:featuredmedia":[{"embeddable":true,"href":"https:\/\/fuentesfidedignas.com.mx\/index.php\/wp-json\/wp\/v2\/media\/132312"}],"wp:attachment":[{"href":"https:\/\/fuentesfidedignas.com.mx\/index.php\/wp-json\/wp\/v2\/media?parent=132311"}],"wp:term":[{"taxonomy":"category","embeddable":true,"href":"https:\/\/fuentesfidedignas.com.mx\/index.php\/wp-json\/wp\/v2\/categories?post=132311"},{"taxonomy":"post_tag","embeddable":true,"href":"https:\/\/fuentesfidedignas.com.mx\/index.php\/wp-json\/wp\/v2\/tags?post=132311"}],"curies":[{"name":"wp","href":"https:\/\/api.w.org\/{rel}","templated":true}]}}