{"id":132304,"date":"2026-04-27T05:58:33","date_gmt":"2026-04-27T12:58:33","guid":{"rendered":"https:\/\/fuentesfidedignas.com.mx\/?p=132304"},"modified":"2026-04-27T05:58:38","modified_gmt":"2026-04-27T12:58:38","slug":"localizan-sin-vida-al-cuarto-y-ultimo-trabajador-de-la-mina-santa-fe-en-rosario","status":"publish","type":"post","link":"https:\/\/fuentesfidedignas.com.mx\/index.php\/2026\/04\/27\/localizan-sin-vida-al-cuarto-y-ultimo-trabajador-de-la-mina-santa-fe-en-rosario\/","title":{"rendered":"Localizan sin vida al cuarto y \u00faltimo trabajador de la mina Santa Fe, en Rosario"},"content":{"rendered":"\n<p><strong><em>El hallazgo se logr\u00f3 tras 33 d\u00edas (783 horas) de trabajos ininterrumpidos de 389 elementos de la Defensa, Marina, CNPC, CFE y el gobierno local, as\u00ed como trabajadores de la mina<\/em><\/strong><\/p>\n\n\n\n<p>El Comando Unificado que encabeza las labores de b\u00fasqueda en la mina Santa Fe, ubicada en el municipio de El Rosario, Sinaloa, informa que el d\u00eda de hoy 2:15 hora del Pac\u00edfico (3:15 hora del centro) fue localizado sin vida el minero Leandro Isidro Beltr\u00e1n Res\u00e9ndiz, de 54 a\u00f1os y originario de Zimap\u00e1n, Hidalgo. El hallazgo ocurre despu\u00e9s de 33 d\u00edas (783 horas) de operaciones ininterrumpidas por el accidente registrado en el yacimiento el pasado 25 de marzo.<\/p>\n\n\n\n<p>Se ha dado aviso a la Fiscal\u00eda General del Estado de Sinaloa para iniciar los protocolos de recuperaci\u00f3n. En el sitio, los equipos especializados de b\u00fasqueda esperan a los peritos estatales para llevar a cabo el proceso, de acuerdo con los procedimientos t\u00e9cnico-jur\u00eddicos requeridos.<\/p>\n\n\n\n<p>Estas tareas de localizaci\u00f3n han sido posibles al esfuerzo conjunto y estrat\u00e9gico de 389 elementos de diversas instituciones, entre las que destacan la Secretar\u00eda de la Defensa Nacional (Defensa), la Secretar\u00eda de Marina (Semar), la Coordinaci\u00f3n Nacional de Protecci\u00f3n Civil (CNPC) de la Secretar\u00eda de Seguridad y Protecci\u00f3n Ciudadana (SSPC), la Comisi\u00f3n Federal de Electricidad (CFE) y el Gobierno del estado de Sinaloa.<\/p>\n\n\n\n<p>Tras el hallazgo del \u00faltimo minero, el Gobierno de M\u00e9xico y las autoridades locales mantienen el compromiso de brindar acompa\u00f1amiento y apoyo a la familia de Leandro Isidro Beltr\u00e1n Res\u00e9ndiz durante este proceso. Esta labor de atenci\u00f3n directa y solidaria contin\u00faa siendo supervisada de manera personal por la titular de la Coordinaci\u00f3n Nacional de Protecci\u00f3n Civil, Laura Vel\u00e1zquez Alz\u00faa.<\/p>\n","protected":false},"excerpt":{"rendered":"<p>El hallazgo se logr\u00f3 tras 33 d\u00edas (783 horas) de trabajos ininterrumpidos de 389 elementos de la Defensa, Marina, CNPC, CFE y el gobierno local, as\u00ed como trabajadores de la mina El Comando Unificado que encabeza las labores de b\u00fasqueda en la mina Santa Fe, ubicada en el municipio de El Rosario, Sinaloa, informa que [&hellip;]<\/p>\n","protected":false},"author":4,"featured_media":130788,"comment_status":"open","ping_status":"open","sticky":false,"template":"","format":"standard","meta":{"tdm_status":"","tdm_grid_status":"","footnotes":""},"categories":[37],"tags":[],"class_list":{"0":"post-132304","1":"post","2":"type-post","3":"status-publish","4":"format-standard","5":"has-post-thumbnail","7":"category-nota-principal"},"yoast_head":"<!-- This site is optimized with the Yoast SEO plugin v27.4 - https:\/\/yoast.com\/product\/yoast-seo-wordpress\/ -->\n<title>Localizan sin vida al cuarto y \u00faltimo trabajador de la mina Santa Fe, en Rosario - Fuentes Fidedignas<\/title>\n<meta name=\"robots\" content=\"index, follow, max-snippet:-1, max-image-preview:large, max-video-preview:-1\" \/>\n<link rel=\"canonical\" href=\"https:\/\/fuentesfidedignas.com.mx\/index.php\/2026\/04\/27\/localizan-sin-vida-al-cuarto-y-ultimo-trabajador-de-la-mina-santa-fe-en-rosario\/\" \/>\n<meta property=\"og:locale\" content=\"es_MX\" \/>\n<meta property=\"og:type\" content=\"article\" \/>\n<meta property=\"og:title\" content=\"Localizan sin vida al cuarto y \u00faltimo trabajador de la mina Santa Fe, en Rosario - Fuentes Fidedignas\" \/>\n<meta property=\"og:description\" content=\"El hallazgo se logr\u00f3 tras 33 d\u00edas (783 horas) de trabajos ininterrumpidos de 389 elementos de la Defensa, Marina, CNPC, CFE y el gobierno local, as\u00ed como trabajadores de la mina El Comando Unificado que encabeza las labores de b\u00fasqueda en la mina Santa Fe, ubicada en el municipio de El Rosario, Sinaloa, informa que [&hellip;]\" \/>\n<meta property=\"og:url\" content=\"https:\/\/fuentesfidedignas.com.mx\/index.php\/2026\/04\/27\/localizan-sin-vida-al-cuarto-y-ultimo-trabajador-de-la-mina-santa-fe-en-rosario\/\" \/>\n<meta property=\"og:site_name\" content=\"Fuentes Fidedignas\" \/>\n<meta property=\"article:publisher\" content=\"https:\/\/www.facebook.com\/Fuentes-Fidedignas-368234489921644\" \/>\n<meta property=\"article:published_time\" content=\"2026-04-27T12:58:33+00:00\" \/>\n<meta property=\"article:modified_time\" content=\"2026-04-27T12:58:38+00:00\" \/>\n<meta property=\"og:image\" content=\"https:\/\/fuentesfidedignas.com.mx\/wp-content\/uploads\/2026\/04\/mina_santaFe.jpg\" \/>\n\t<meta property=\"og:image:width\" content=\"500\" \/>\n\t<meta property=\"og:image:height\" content=\"333\" \/>\n\t<meta property=\"og:image:type\" content=\"image\/jpeg\" \/>\n<meta name=\"author\" content=\"Redacci\u00f3n\" \/>\n<meta name=\"twitter:card\" content=\"summary_large_image\" \/>\n<meta name=\"twitter:creator\" content=\"@fidedignas\" \/>\n<meta name=\"twitter:site\" content=\"@fidedignas\" \/>\n<meta name=\"twitter:label1\" content=\"Escrito por\" \/>\n\t<meta name=\"twitter:data1\" content=\"Redacci\u00f3n\" \/>\n\t<meta name=\"twitter:label2\" content=\"Tiempo de lectura\" \/>\n\t<meta name=\"twitter:data2\" content=\"2 minutos\" \/>\n<script type=\"application\/ld+json\" class=\"yoast-schema-graph\">{\"@context\":\"https:\\\/\\\/schema.org\",\"@graph\":[{\"@type\":\"Article\",\"@id\":\"https:\\\/\\\/fuentesfidedignas.com.mx\\\/index.php\\\/2026\\\/04\\\/27\\\/localizan-sin-vida-al-cuarto-y-ultimo-trabajador-de-la-mina-santa-fe-en-rosario\\\/#article\",\"isPartOf\":{\"@id\":\"https:\\\/\\\/fuentesfidedignas.com.mx\\\/index.php\\\/2026\\\/04\\\/27\\\/localizan-sin-vida-al-cuarto-y-ultimo-trabajador-de-la-mina-santa-fe-en-rosario\\\/\"},\"author\":{\"name\":\"Redacci\u00f3n\",\"@id\":\"https:\\\/\\\/fuentesfidedignas.com.mx\\\/#\\\/schema\\\/person\\\/331be9283d37198e2acd5750279085b0\"},\"headline\":\"Localizan sin vida al cuarto y \u00faltimo trabajador de la mina Santa Fe, en Rosario\",\"datePublished\":\"2026-04-27T12:58:33+00:00\",\"dateModified\":\"2026-04-27T12:58:38+00:00\",\"mainEntityOfPage\":{\"@id\":\"https:\\\/\\\/fuentesfidedignas.com.mx\\\/index.php\\\/2026\\\/04\\\/27\\\/localizan-sin-vida-al-cuarto-y-ultimo-trabajador-de-la-mina-santa-fe-en-rosario\\\/\"},\"wordCount\":314,\"commentCount\":0,\"publisher\":{\"@id\":\"https:\\\/\\\/fuentesfidedignas.com.mx\\\/#organization\"},\"image\":{\"@id\":\"https:\\\/\\\/fuentesfidedignas.com.mx\\\/index.php\\\/2026\\\/04\\\/27\\\/localizan-sin-vida-al-cuarto-y-ultimo-trabajador-de-la-mina-santa-fe-en-rosario\\\/#primaryimage\"},\"thumbnailUrl\":\"https:\\\/\\\/fuentesfidedignas.com.mx\\\/wp-content\\\/uploads\\\/2026\\\/04\\\/mina_santaFe.jpg\",\"articleSection\":[\"NOTA PRINCIPAL\"],\"inLanguage\":\"es\",\"potentialAction\":[{\"@type\":\"CommentAction\",\"name\":\"Comment\",\"target\":[\"https:\\\/\\\/fuentesfidedignas.com.mx\\\/index.php\\\/2026\\\/04\\\/27\\\/localizan-sin-vida-al-cuarto-y-ultimo-trabajador-de-la-mina-santa-fe-en-rosario\\\/#respond\"]}]},{\"@type\":\"WebPage\",\"@id\":\"https:\\\/\\\/fuentesfidedignas.com.mx\\\/index.php\\\/2026\\\/04\\\/27\\\/localizan-sin-vida-al-cuarto-y-ultimo-trabajador-de-la-mina-santa-fe-en-rosario\\\/\",\"url\":\"https:\\\/\\\/fuentesfidedignas.com.mx\\\/index.php\\\/2026\\\/04\\\/27\\\/localizan-sin-vida-al-cuarto-y-ultimo-trabajador-de-la-mina-santa-fe-en-rosario\\\/\",\"name\":\"Localizan sin vida al cuarto y \u00faltimo trabajador de la mina Santa Fe, en Rosario - Fuentes Fidedignas\",\"isPartOf\":{\"@id\":\"https:\\\/\\\/fuentesfidedignas.com.mx\\\/#website\"},\"primaryImageOfPage\":{\"@id\":\"https:\\\/\\\/fuentesfidedignas.com.mx\\\/index.php\\\/2026\\\/04\\\/27\\\/localizan-sin-vida-al-cuarto-y-ultimo-trabajador-de-la-mina-santa-fe-en-rosario\\\/#primaryimage\"},\"image\":{\"@id\":\"https:\\\/\\\/fuentesfidedignas.com.mx\\\/index.php\\\/2026\\\/04\\\/27\\\/localizan-sin-vida-al-cuarto-y-ultimo-trabajador-de-la-mina-santa-fe-en-rosario\\\/#primaryimage\"},\"thumbnailUrl\":\"https:\\\/\\\/fuentesfidedignas.com.mx\\\/wp-content\\\/uploads\\\/2026\\\/04\\\/mina_santaFe.jpg\",\"datePublished\":\"2026-04-27T12:58:33+00:00\",\"dateModified\":\"2026-04-27T12:58:38+00:00\",\"breadcrumb\":{\"@id\":\"https:\\\/\\\/fuentesfidedignas.com.mx\\\/index.php\\\/2026\\\/04\\\/27\\\/localizan-sin-vida-al-cuarto-y-ultimo-trabajador-de-la-mina-santa-fe-en-rosario\\\/#breadcrumb\"},\"inLanguage\":\"es\",\"potentialAction\":[{\"@type\":\"ReadAction\",\"target\":[\"https:\\\/\\\/fuentesfidedignas.com.mx\\\/index.php\\\/2026\\\/04\\\/27\\\/localizan-sin-vida-al-cuarto-y-ultimo-trabajador-de-la-mina-santa-fe-en-rosario\\\/\"]}]},{\"@type\":\"ImageObject\",\"inLanguage\":\"es\",\"@id\":\"https:\\\/\\\/fuentesfidedignas.com.mx\\\/index.php\\\/2026\\\/04\\\/27\\\/localizan-sin-vida-al-cuarto-y-ultimo-trabajador-de-la-mina-santa-fe-en-rosario\\\/#primaryimage\",\"url\":\"https:\\\/\\\/fuentesfidedignas.com.mx\\\/wp-content\\\/uploads\\\/2026\\\/04\\\/mina_santaFe.jpg\",\"contentUrl\":\"https:\\\/\\\/fuentesfidedignas.com.mx\\\/wp-content\\\/uploads\\\/2026\\\/04\\\/mina_santaFe.jpg\",\"width\":500,\"height\":333},{\"@type\":\"BreadcrumbList\",\"@id\":\"https:\\\/\\\/fuentesfidedignas.com.mx\\\/index.php\\\/2026\\\/04\\\/27\\\/localizan-sin-vida-al-cuarto-y-ultimo-trabajador-de-la-mina-santa-fe-en-rosario\\\/#breadcrumb\",\"itemListElement\":[{\"@type\":\"ListItem\",\"position\":1,\"name\":\"Inicio\",\"item\":\"https:\\\/\\\/fuentesfidedignas.com.mx\\\/\"},{\"@type\":\"ListItem\",\"position\":2,\"name\":\"Localizan sin vida al cuarto y \u00faltimo trabajador de la mina Santa Fe, en Rosario\"}]},{\"@type\":\"WebSite\",\"@id\":\"https:\\\/\\\/fuentesfidedignas.com.mx\\\/#website\",\"url\":\"https:\\\/\\\/fuentesfidedignas.com.mx\\\/\",\"name\":\"Fuentes Fidedignas\",\"description\":\"Otro sitio realizado con WordPress\",\"publisher\":{\"@id\":\"https:\\\/\\\/fuentesfidedignas.com.mx\\\/#organization\"},\"potentialAction\":[{\"@type\":\"SearchAction\",\"target\":{\"@type\":\"EntryPoint\",\"urlTemplate\":\"https:\\\/\\\/fuentesfidedignas.com.mx\\\/?s={search_term_string}\"},\"query-input\":{\"@type\":\"PropertyValueSpecification\",\"valueRequired\":true,\"valueName\":\"search_term_string\"}}],\"inLanguage\":\"es\"},{\"@type\":\"Organization\",\"@id\":\"https:\\\/\\\/fuentesfidedignas.com.mx\\\/#organization\",\"name\":\"Fuentes Fidedignas\",\"url\":\"https:\\\/\\\/fuentesfidedignas.com.mx\\\/\",\"logo\":{\"@type\":\"ImageObject\",\"inLanguage\":\"es\",\"@id\":\"https:\\\/\\\/fuentesfidedignas.com.mx\\\/#\\\/schema\\\/logo\\\/image\\\/\",\"url\":\"https:\\\/\\\/fuentesfidedignas.com.mx\\\/wp-content\\\/uploads\\\/2021\\\/04\\\/logo-retina.png\",\"contentUrl\":\"https:\\\/\\\/fuentesfidedignas.com.mx\\\/wp-content\\\/uploads\\\/2021\\\/04\\\/logo-retina.png\",\"width\":280,\"height\":51,\"caption\":\"Fuentes Fidedignas\"},\"image\":{\"@id\":\"https:\\\/\\\/fuentesfidedignas.com.mx\\\/#\\\/schema\\\/logo\\\/image\\\/\"},\"sameAs\":[\"https:\\\/\\\/www.facebook.com\\\/Fuentes-Fidedignas-368234489921644\",\"https:\\\/\\\/x.com\\\/fidedignas\"]},{\"@type\":\"Person\",\"@id\":\"https:\\\/\\\/fuentesfidedignas.com.mx\\\/#\\\/schema\\\/person\\\/331be9283d37198e2acd5750279085b0\",\"name\":\"Redacci\u00f3n\",\"image\":{\"@type\":\"ImageObject\",\"inLanguage\":\"es\",\"@id\":\"https:\\\/\\\/secure.gravatar.com\\\/avatar\\\/f6d8782c11d12b2d4ad3fbb6931aeab5309937a4d6cd2fc9cfaa28a6396a5aec?s=96&d=mm&r=g\",\"url\":\"https:\\\/\\\/secure.gravatar.com\\\/avatar\\\/f6d8782c11d12b2d4ad3fbb6931aeab5309937a4d6cd2fc9cfaa28a6396a5aec?s=96&d=mm&r=g\",\"contentUrl\":\"https:\\\/\\\/secure.gravatar.com\\\/avatar\\\/f6d8782c11d12b2d4ad3fbb6931aeab5309937a4d6cd2fc9cfaa28a6396a5aec?s=96&d=mm&r=g\",\"caption\":\"Redacci\u00f3n\"},\"url\":\"https:\\\/\\\/fuentesfidedignas.com.mx\\\/index.php\\\/author\\\/redaccion\\\/\"}]}<\/script>\n<!-- \/ Yoast SEO plugin. -->","yoast_head_json":{"title":"Localizan sin vida al cuarto y \u00faltimo trabajador de la mina Santa Fe, en Rosario - Fuentes Fidedignas","robots":{"index":"index","follow":"follow","max-snippet":"max-snippet:-1","max-image-preview":"max-image-preview:large","max-video-preview":"max-video-preview:-1"},"canonical":"https:\/\/fuentesfidedignas.com.mx\/index.php\/2026\/04\/27\/localizan-sin-vida-al-cuarto-y-ultimo-trabajador-de-la-mina-santa-fe-en-rosario\/","og_locale":"es_MX","og_type":"article","og_title":"Localizan sin vida al cuarto y \u00faltimo trabajador de la mina Santa Fe, en Rosario - Fuentes Fidedignas","og_description":"El hallazgo se logr\u00f3 tras 33 d\u00edas (783 horas) de trabajos ininterrumpidos de 389 elementos de la Defensa, Marina, CNPC, CFE y el gobierno local, as\u00ed como trabajadores de la mina El Comando Unificado que encabeza las labores de b\u00fasqueda en la mina Santa Fe, ubicada en el municipio de El Rosario, Sinaloa, informa que [&hellip;]","og_url":"https:\/\/fuentesfidedignas.com.mx\/index.php\/2026\/04\/27\/localizan-sin-vida-al-cuarto-y-ultimo-trabajador-de-la-mina-santa-fe-en-rosario\/","og_site_name":"Fuentes Fidedignas","article_publisher":"https:\/\/www.facebook.com\/Fuentes-Fidedignas-368234489921644","article_published_time":"2026-04-27T12:58:33+00:00","article_modified_time":"2026-04-27T12:58:38+00:00","og_image":[{"width":500,"height":333,"url":"https:\/\/fuentesfidedignas.com.mx\/wp-content\/uploads\/2026\/04\/mina_santaFe.jpg","type":"image\/jpeg"}],"author":"Redacci\u00f3n","twitter_card":"summary_large_image","twitter_creator":"@fidedignas","twitter_site":"@fidedignas","twitter_misc":{"Escrito por":"Redacci\u00f3n","Tiempo de lectura":"2 minutos"},"schema":{"@context":"https:\/\/schema.org","@graph":[{"@type":"Article","@id":"https:\/\/fuentesfidedignas.com.mx\/index.php\/2026\/04\/27\/localizan-sin-vida-al-cuarto-y-ultimo-trabajador-de-la-mina-santa-fe-en-rosario\/#article","isPartOf":{"@id":"https:\/\/fuentesfidedignas.com.mx\/index.php\/2026\/04\/27\/localizan-sin-vida-al-cuarto-y-ultimo-trabajador-de-la-mina-santa-fe-en-rosario\/"},"author":{"name":"Redacci\u00f3n","@id":"https:\/\/fuentesfidedignas.com.mx\/#\/schema\/person\/331be9283d37198e2acd5750279085b0"},"headline":"Localizan sin vida al cuarto y \u00faltimo trabajador de la mina Santa Fe, en Rosario","datePublished":"2026-04-27T12:58:33+00:00","dateModified":"2026-04-27T12:58:38+00:00","mainEntityOfPage":{"@id":"https:\/\/fuentesfidedignas.com.mx\/index.php\/2026\/04\/27\/localizan-sin-vida-al-cuarto-y-ultimo-trabajador-de-la-mina-santa-fe-en-rosario\/"},"wordCount":314,"commentCount":0,"publisher":{"@id":"https:\/\/fuentesfidedignas.com.mx\/#organization"},"image":{"@id":"https:\/\/fuentesfidedignas.com.mx\/index.php\/2026\/04\/27\/localizan-sin-vida-al-cuarto-y-ultimo-trabajador-de-la-mina-santa-fe-en-rosario\/#primaryimage"},"thumbnailUrl":"https:\/\/fuentesfidedignas.com.mx\/wp-content\/uploads\/2026\/04\/mina_santaFe.jpg","articleSection":["NOTA PRINCIPAL"],"inLanguage":"es","potentialAction":[{"@type":"CommentAction","name":"Comment","target":["https:\/\/fuentesfidedignas.com.mx\/index.php\/2026\/04\/27\/localizan-sin-vida-al-cuarto-y-ultimo-trabajador-de-la-mina-santa-fe-en-rosario\/#respond"]}]},{"@type":"WebPage","@id":"https:\/\/fuentesfidedignas.com.mx\/index.php\/2026\/04\/27\/localizan-sin-vida-al-cuarto-y-ultimo-trabajador-de-la-mina-santa-fe-en-rosario\/","url":"https:\/\/fuentesfidedignas.com.mx\/index.php\/2026\/04\/27\/localizan-sin-vida-al-cuarto-y-ultimo-trabajador-de-la-mina-santa-fe-en-rosario\/","name":"Localizan sin vida al cuarto y \u00faltimo trabajador de la mina Santa Fe, en Rosario - Fuentes Fidedignas","isPartOf":{"@id":"https:\/\/fuentesfidedignas.com.mx\/#website"},"primaryImageOfPage":{"@id":"https:\/\/fuentesfidedignas.com.mx\/index.php\/2026\/04\/27\/localizan-sin-vida-al-cuarto-y-ultimo-trabajador-de-la-mina-santa-fe-en-rosario\/#primaryimage"},"image":{"@id":"https:\/\/fuentesfidedignas.com.mx\/index.php\/2026\/04\/27\/localizan-sin-vida-al-cuarto-y-ultimo-trabajador-de-la-mina-santa-fe-en-rosario\/#primaryimage"},"thumbnailUrl":"https:\/\/fuentesfidedignas.com.mx\/wp-content\/uploads\/2026\/04\/mina_santaFe.jpg","datePublished":"2026-04-27T12:58:33+00:00","dateModified":"2026-04-27T12:58:38+00:00","breadcrumb":{"@id":"https:\/\/fuentesfidedignas.com.mx\/index.php\/2026\/04\/27\/localizan-sin-vida-al-cuarto-y-ultimo-trabajador-de-la-mina-santa-fe-en-rosario\/#breadcrumb"},"inLanguage":"es","potentialAction":[{"@type":"ReadAction","target":["https:\/\/fuentesfidedignas.com.mx\/index.php\/2026\/04\/27\/localizan-sin-vida-al-cuarto-y-ultimo-trabajador-de-la-mina-santa-fe-en-rosario\/"]}]},{"@type":"ImageObject","inLanguage":"es","@id":"https:\/\/fuentesfidedignas.com.mx\/index.php\/2026\/04\/27\/localizan-sin-vida-al-cuarto-y-ultimo-trabajador-de-la-mina-santa-fe-en-rosario\/#primaryimage","url":"https:\/\/fuentesfidedignas.com.mx\/wp-content\/uploads\/2026\/04\/mina_santaFe.jpg","contentUrl":"https:\/\/fuentesfidedignas.com.mx\/wp-content\/uploads\/2026\/04\/mina_santaFe.jpg","width":500,"height":333},{"@type":"BreadcrumbList","@id":"https:\/\/fuentesfidedignas.com.mx\/index.php\/2026\/04\/27\/localizan-sin-vida-al-cuarto-y-ultimo-trabajador-de-la-mina-santa-fe-en-rosario\/#breadcrumb","itemListElement":[{"@type":"ListItem","position":1,"name":"Inicio","item":"https:\/\/fuentesfidedignas.com.mx\/"},{"@type":"ListItem","position":2,"name":"Localizan sin vida al cuarto y \u00faltimo trabajador de la mina Santa Fe, en Rosario"}]},{"@type":"WebSite","@id":"https:\/\/fuentesfidedignas.com.mx\/#website","url":"https:\/\/fuentesfidedignas.com.mx\/","name":"Fuentes Fidedignas","description":"Otro sitio realizado con WordPress","publisher":{"@id":"https:\/\/fuentesfidedignas.com.mx\/#organization"},"potentialAction":[{"@type":"SearchAction","target":{"@type":"EntryPoint","urlTemplate":"https:\/\/fuentesfidedignas.com.mx\/?s={search_term_string}"},"query-input":{"@type":"PropertyValueSpecification","valueRequired":true,"valueName":"search_term_string"}}],"inLanguage":"es"},{"@type":"Organization","@id":"https:\/\/fuentesfidedignas.com.mx\/#organization","name":"Fuentes Fidedignas","url":"https:\/\/fuentesfidedignas.com.mx\/","logo":{"@type":"ImageObject","inLanguage":"es","@id":"https:\/\/fuentesfidedignas.com.mx\/#\/schema\/logo\/image\/","url":"https:\/\/fuentesfidedignas.com.mx\/wp-content\/uploads\/2021\/04\/logo-retina.png","contentUrl":"https:\/\/fuentesfidedignas.com.mx\/wp-content\/uploads\/2021\/04\/logo-retina.png","width":280,"height":51,"caption":"Fuentes Fidedignas"},"image":{"@id":"https:\/\/fuentesfidedignas.com.mx\/#\/schema\/logo\/image\/"},"sameAs":["https:\/\/www.facebook.com\/Fuentes-Fidedignas-368234489921644","https:\/\/x.com\/fidedignas"]},{"@type":"Person","@id":"https:\/\/fuentesfidedignas.com.mx\/#\/schema\/person\/331be9283d37198e2acd5750279085b0","name":"Redacci\u00f3n","image":{"@type":"ImageObject","inLanguage":"es","@id":"https:\/\/secure.gravatar.com\/avatar\/f6d8782c11d12b2d4ad3fbb6931aeab5309937a4d6cd2fc9cfaa28a6396a5aec?s=96&d=mm&r=g","url":"https:\/\/secure.gravatar.com\/avatar\/f6d8782c11d12b2d4ad3fbb6931aeab5309937a4d6cd2fc9cfaa28a6396a5aec?s=96&d=mm&r=g","contentUrl":"https:\/\/secure.gravatar.com\/avatar\/f6d8782c11d12b2d4ad3fbb6931aeab5309937a4d6cd2fc9cfaa28a6396a5aec?s=96&d=mm&r=g","caption":"Redacci\u00f3n"},"url":"https:\/\/fuentesfidedignas.com.mx\/index.php\/author\/redaccion\/"}]}},"_links":{"self":[{"href":"https:\/\/fuentesfidedignas.com.mx\/index.php\/wp-json\/wp\/v2\/posts\/132304","targetHints":{"allow":["GET"]}}],"collection":[{"href":"https:\/\/fuentesfidedignas.com.mx\/index.php\/wp-json\/wp\/v2\/posts"}],"about":[{"href":"https:\/\/fuentesfidedignas.com.mx\/index.php\/wp-json\/wp\/v2\/types\/post"}],"author":[{"embeddable":true,"href":"https:\/\/fuentesfidedignas.com.mx\/index.php\/wp-json\/wp\/v2\/users\/4"}],"replies":[{"embeddable":true,"href":"https:\/\/fuentesfidedignas.com.mx\/index.php\/wp-json\/wp\/v2\/comments?post=132304"}],"version-history":[{"count":1,"href":"https:\/\/fuentesfidedignas.com.mx\/index.php\/wp-json\/wp\/v2\/posts\/132304\/revisions"}],"predecessor-version":[{"id":132305,"href":"https:\/\/fuentesfidedignas.com.mx\/index.php\/wp-json\/wp\/v2\/posts\/132304\/revisions\/132305"}],"wp:featuredmedia":[{"embeddable":true,"href":"https:\/\/fuentesfidedignas.com.mx\/index.php\/wp-json\/wp\/v2\/media\/130788"}],"wp:attachment":[{"href":"https:\/\/fuentesfidedignas.com.mx\/index.php\/wp-json\/wp\/v2\/media?parent=132304"}],"wp:term":[{"taxonomy":"category","embeddable":true,"href":"https:\/\/fuentesfidedignas.com.mx\/index.php\/wp-json\/wp\/v2\/categories?post=132304"},{"taxonomy":"post_tag","embeddable":true,"href":"https:\/\/fuentesfidedignas.com.mx\/index.php\/wp-json\/wp\/v2\/tags?post=132304"}],"curies":[{"name":"wp","href":"https:\/\/api.w.org\/{rel}","templated":true}]}}