{"id":132298,"date":"2026-04-26T20:04:16","date_gmt":"2026-04-27T03:04:16","guid":{"rendered":"https:\/\/fuentesfidedignas.com.mx\/?p=132298"},"modified":"2026-04-26T20:04:20","modified_gmt":"2026-04-27T03:04:20","slug":"arranca-con-exito-el-festival-de-la-ninez-2026-musica-juegos-y-diversion-reunen-a-miles-de-familias-culichis","status":"publish","type":"post","link":"https:\/\/fuentesfidedignas.com.mx\/index.php\/2026\/04\/26\/arranca-con-exito-el-festival-de-la-ninez-2026-musica-juegos-y-diversion-reunen-a-miles-de-familias-culichis\/","title":{"rendered":"\u00a1Arranca con \u00e9xito el Festival de la Ni\u00f1ez 2026! M\u00fasica, juegos y diversi\u00f3n re\u00fanen a miles de familias &#8216;culichis&#8217;"},"content":{"rendered":"\n<p><strong><em>Desde antes de las 3:00 de la tarde, el Parque Las Riberas comenz\u00f3 a llenarse de vida con la llegada de cientos de familias que no quisieron perderse esta gran fiesta.<\/em><\/strong><\/p>\n\n\n\n<p>Culiac\u00e1n, Sin.- Entre risas, colores y mucha emoci\u00f3n, el Sistema DIF Bienestar Culiac\u00e1n dio inicio al Festival de la Ni\u00f1ez 2026, una gran celebraci\u00f3n dedicada a consentir a las ni\u00f1as y los ni\u00f1os en su d\u00eda.<\/p>\n\n\n\n<p>Desde antes de las 3:00 de la tarde, el Parque Las Riberas comenz\u00f3 a llenarse de vida con la llegada de cientos de familias que no quisieron perderse esta gran fiesta.<\/p>\n\n\n\n<p>Ni\u00f1as y ni\u00f1os, con su pulsera m\u00faltipase en mano, se adentraron a un mundo de diversi\u00f3n donde cada rinc\u00f3n ofrec\u00eda una nueva aventura.<\/p>\n\n\n\n<p>La tarde se ha pintado de alegr\u00eda con una amplia variedad de actividades: juegos mec\u00e1nicos, deliciosos antojitos como esquites, marquesitas, crepas, helados, raspados, fresas con crema, churros y cevichurros, adem\u00e1s de espacios creativos como pintura en caballete, pinta caritas y divertidos rallys deportivos que han mantenido a los asistentes en constante movimiento.<\/p>\n\n\n\n<p>El escenario principal tambi\u00e9n ha sido protagonista de momentos llenos de energ\u00eda y emoci\u00f3n.<\/p>\n\n\n\n<p>A las 4:00 de la tarde, el grupo de rock infantil Pistache encendi\u00f3 el ambiente con su espect\u00e1culo musical de piratas, mientras que a las 5:30, la agrupaci\u00f3n Piccolos Musical puso a bailar a chicos y grandes con din\u00e1micas canciones como \u201cLa Macarena\u201d, el baile del gorila y el baile de los amilanes, creando un ambiente familiar lleno de entusiasmo.<\/p>\n\n\n\n<p>Al corte de las 6:00 de la tarde, m\u00e1s de 5 mil 500 personas han sido parte de esta gran fiesta, y se espera que la celebraci\u00f3n contin\u00fae sumando sonrisas durante el resto del d\u00eda.<\/p>\n\n\n\n<p>Con este tipo de eventos, el Sistema DIF Bienestar Culiac\u00e1n reafirma su compromiso de generar espacios de sana convivencia, donde la alegr\u00eda, el juego y el respeto por las infancias sean el coraz\u00f3n de cada encuentro familiar.<\/p>\n","protected":false},"excerpt":{"rendered":"<p>Desde antes de las 3:00 de la tarde, el Parque Las Riberas comenz\u00f3 a llenarse de vida con la llegada de cientos de familias que no quisieron perderse esta gran fiesta. Culiac\u00e1n, Sin.- Entre risas, colores y mucha emoci\u00f3n, el Sistema DIF Bienestar Culiac\u00e1n dio inicio al Festival de la Ni\u00f1ez 2026, una gran celebraci\u00f3n [&hellip;]<\/p>\n","protected":false},"author":4,"featured_media":132299,"comment_status":"open","ping_status":"open","sticky":false,"template":"","format":"standard","meta":{"tdm_status":"","tdm_grid_status":"","footnotes":""},"categories":[38],"tags":[],"class_list":{"0":"post-132298","1":"post","2":"type-post","3":"status-publish","4":"format-standard","5":"has-post-thumbnail","7":"category-noticias-locales"},"yoast_head":"<!-- This site is optimized with the Yoast SEO plugin v27.4 - https:\/\/yoast.com\/product\/yoast-seo-wordpress\/ -->\n<title>\u00a1Arranca con \u00e9xito el Festival de la Ni\u00f1ez 2026! M\u00fasica, juegos y diversi\u00f3n re\u00fanen a miles de familias &#039;culichis&#039; - Fuentes Fidedignas<\/title>\n<meta name=\"robots\" content=\"index, follow, max-snippet:-1, max-image-preview:large, max-video-preview:-1\" \/>\n<link rel=\"canonical\" href=\"https:\/\/fuentesfidedignas.com.mx\/index.php\/2026\/04\/26\/arranca-con-exito-el-festival-de-la-ninez-2026-musica-juegos-y-diversion-reunen-a-miles-de-familias-culichis\/\" \/>\n<meta property=\"og:locale\" content=\"es_MX\" \/>\n<meta property=\"og:type\" content=\"article\" \/>\n<meta property=\"og:title\" content=\"\u00a1Arranca con \u00e9xito el Festival de la Ni\u00f1ez 2026! M\u00fasica, juegos y diversi\u00f3n re\u00fanen a miles de familias &#039;culichis&#039; - Fuentes Fidedignas\" \/>\n<meta property=\"og:description\" content=\"Desde antes de las 3:00 de la tarde, el Parque Las Riberas comenz\u00f3 a llenarse de vida con la llegada de cientos de familias que no quisieron perderse esta gran fiesta. Culiac\u00e1n, Sin.- Entre risas, colores y mucha emoci\u00f3n, el Sistema DIF Bienestar Culiac\u00e1n dio inicio al Festival de la Ni\u00f1ez 2026, una gran celebraci\u00f3n [&hellip;]\" \/>\n<meta property=\"og:url\" content=\"https:\/\/fuentesfidedignas.com.mx\/index.php\/2026\/04\/26\/arranca-con-exito-el-festival-de-la-ninez-2026-musica-juegos-y-diversion-reunen-a-miles-de-familias-culichis\/\" \/>\n<meta property=\"og:site_name\" content=\"Fuentes Fidedignas\" \/>\n<meta property=\"article:publisher\" content=\"https:\/\/www.facebook.com\/Fuentes-Fidedignas-368234489921644\" \/>\n<meta property=\"article:published_time\" content=\"2026-04-27T03:04:16+00:00\" \/>\n<meta property=\"article:modified_time\" content=\"2026-04-27T03:04:20+00:00\" \/>\n<meta property=\"og:image\" content=\"https:\/\/fuentesfidedignas.com.mx\/wp-content\/uploads\/2026\/04\/WhatsApp-Image-2026-04-26-at-6.38.32-PM.jpeg\" \/>\n\t<meta property=\"og:image:width\" content=\"500\" \/>\n\t<meta property=\"og:image:height\" content=\"333\" \/>\n\t<meta property=\"og:image:type\" content=\"image\/jpeg\" \/>\n<meta name=\"author\" content=\"Redacci\u00f3n\" \/>\n<meta name=\"twitter:card\" content=\"summary_large_image\" \/>\n<meta name=\"twitter:creator\" content=\"@fidedignas\" \/>\n<meta name=\"twitter:site\" content=\"@fidedignas\" \/>\n<meta name=\"twitter:label1\" content=\"Escrito por\" \/>\n\t<meta name=\"twitter:data1\" content=\"Redacci\u00f3n\" \/>\n\t<meta name=\"twitter:label2\" content=\"Tiempo de lectura\" \/>\n\t<meta name=\"twitter:data2\" content=\"2 minutos\" \/>\n<script type=\"application\/ld+json\" class=\"yoast-schema-graph\">{\"@context\":\"https:\\\/\\\/schema.org\",\"@graph\":[{\"@type\":\"Article\",\"@id\":\"https:\\\/\\\/fuentesfidedignas.com.mx\\\/index.php\\\/2026\\\/04\\\/26\\\/arranca-con-exito-el-festival-de-la-ninez-2026-musica-juegos-y-diversion-reunen-a-miles-de-familias-culichis\\\/#article\",\"isPartOf\":{\"@id\":\"https:\\\/\\\/fuentesfidedignas.com.mx\\\/index.php\\\/2026\\\/04\\\/26\\\/arranca-con-exito-el-festival-de-la-ninez-2026-musica-juegos-y-diversion-reunen-a-miles-de-familias-culichis\\\/\"},\"author\":{\"name\":\"Redacci\u00f3n\",\"@id\":\"https:\\\/\\\/fuentesfidedignas.com.mx\\\/#\\\/schema\\\/person\\\/331be9283d37198e2acd5750279085b0\"},\"headline\":\"\u00a1Arranca con \u00e9xito el Festival de la Ni\u00f1ez 2026! M\u00fasica, juegos y diversi\u00f3n re\u00fanen a miles de familias &#8216;culichis&#8217;\",\"datePublished\":\"2026-04-27T03:04:16+00:00\",\"dateModified\":\"2026-04-27T03:04:20+00:00\",\"mainEntityOfPage\":{\"@id\":\"https:\\\/\\\/fuentesfidedignas.com.mx\\\/index.php\\\/2026\\\/04\\\/26\\\/arranca-con-exito-el-festival-de-la-ninez-2026-musica-juegos-y-diversion-reunen-a-miles-de-familias-culichis\\\/\"},\"wordCount\":364,\"commentCount\":0,\"publisher\":{\"@id\":\"https:\\\/\\\/fuentesfidedignas.com.mx\\\/#organization\"},\"image\":{\"@id\":\"https:\\\/\\\/fuentesfidedignas.com.mx\\\/index.php\\\/2026\\\/04\\\/26\\\/arranca-con-exito-el-festival-de-la-ninez-2026-musica-juegos-y-diversion-reunen-a-miles-de-familias-culichis\\\/#primaryimage\"},\"thumbnailUrl\":\"https:\\\/\\\/fuentesfidedignas.com.mx\\\/wp-content\\\/uploads\\\/2026\\\/04\\\/WhatsApp-Image-2026-04-26-at-6.38.32-PM.jpeg\",\"articleSection\":[\"NOTICIAS LOCALES\"],\"inLanguage\":\"es\",\"potentialAction\":[{\"@type\":\"CommentAction\",\"name\":\"Comment\",\"target\":[\"https:\\\/\\\/fuentesfidedignas.com.mx\\\/index.php\\\/2026\\\/04\\\/26\\\/arranca-con-exito-el-festival-de-la-ninez-2026-musica-juegos-y-diversion-reunen-a-miles-de-familias-culichis\\\/#respond\"]}]},{\"@type\":\"WebPage\",\"@id\":\"https:\\\/\\\/fuentesfidedignas.com.mx\\\/index.php\\\/2026\\\/04\\\/26\\\/arranca-con-exito-el-festival-de-la-ninez-2026-musica-juegos-y-diversion-reunen-a-miles-de-familias-culichis\\\/\",\"url\":\"https:\\\/\\\/fuentesfidedignas.com.mx\\\/index.php\\\/2026\\\/04\\\/26\\\/arranca-con-exito-el-festival-de-la-ninez-2026-musica-juegos-y-diversion-reunen-a-miles-de-familias-culichis\\\/\",\"name\":\"\u00a1Arranca con \u00e9xito el Festival de la Ni\u00f1ez 2026! M\u00fasica, juegos y diversi\u00f3n re\u00fanen a miles de familias 'culichis' - Fuentes Fidedignas\",\"isPartOf\":{\"@id\":\"https:\\\/\\\/fuentesfidedignas.com.mx\\\/#website\"},\"primaryImageOfPage\":{\"@id\":\"https:\\\/\\\/fuentesfidedignas.com.mx\\\/index.php\\\/2026\\\/04\\\/26\\\/arranca-con-exito-el-festival-de-la-ninez-2026-musica-juegos-y-diversion-reunen-a-miles-de-familias-culichis\\\/#primaryimage\"},\"image\":{\"@id\":\"https:\\\/\\\/fuentesfidedignas.com.mx\\\/index.php\\\/2026\\\/04\\\/26\\\/arranca-con-exito-el-festival-de-la-ninez-2026-musica-juegos-y-diversion-reunen-a-miles-de-familias-culichis\\\/#primaryimage\"},\"thumbnailUrl\":\"https:\\\/\\\/fuentesfidedignas.com.mx\\\/wp-content\\\/uploads\\\/2026\\\/04\\\/WhatsApp-Image-2026-04-26-at-6.38.32-PM.jpeg\",\"datePublished\":\"2026-04-27T03:04:16+00:00\",\"dateModified\":\"2026-04-27T03:04:20+00:00\",\"breadcrumb\":{\"@id\":\"https:\\\/\\\/fuentesfidedignas.com.mx\\\/index.php\\\/2026\\\/04\\\/26\\\/arranca-con-exito-el-festival-de-la-ninez-2026-musica-juegos-y-diversion-reunen-a-miles-de-familias-culichis\\\/#breadcrumb\"},\"inLanguage\":\"es\",\"potentialAction\":[{\"@type\":\"ReadAction\",\"target\":[\"https:\\\/\\\/fuentesfidedignas.com.mx\\\/index.php\\\/2026\\\/04\\\/26\\\/arranca-con-exito-el-festival-de-la-ninez-2026-musica-juegos-y-diversion-reunen-a-miles-de-familias-culichis\\\/\"]}]},{\"@type\":\"ImageObject\",\"inLanguage\":\"es\",\"@id\":\"https:\\\/\\\/fuentesfidedignas.com.mx\\\/index.php\\\/2026\\\/04\\\/26\\\/arranca-con-exito-el-festival-de-la-ninez-2026-musica-juegos-y-diversion-reunen-a-miles-de-familias-culichis\\\/#primaryimage\",\"url\":\"https:\\\/\\\/fuentesfidedignas.com.mx\\\/wp-content\\\/uploads\\\/2026\\\/04\\\/WhatsApp-Image-2026-04-26-at-6.38.32-PM.jpeg\",\"contentUrl\":\"https:\\\/\\\/fuentesfidedignas.com.mx\\\/wp-content\\\/uploads\\\/2026\\\/04\\\/WhatsApp-Image-2026-04-26-at-6.38.32-PM.jpeg\",\"width\":500,\"height\":333},{\"@type\":\"BreadcrumbList\",\"@id\":\"https:\\\/\\\/fuentesfidedignas.com.mx\\\/index.php\\\/2026\\\/04\\\/26\\\/arranca-con-exito-el-festival-de-la-ninez-2026-musica-juegos-y-diversion-reunen-a-miles-de-familias-culichis\\\/#breadcrumb\",\"itemListElement\":[{\"@type\":\"ListItem\",\"position\":1,\"name\":\"Inicio\",\"item\":\"https:\\\/\\\/fuentesfidedignas.com.mx\\\/\"},{\"@type\":\"ListItem\",\"position\":2,\"name\":\"\u00a1Arranca con \u00e9xito el Festival de la Ni\u00f1ez 2026! M\u00fasica, juegos y diversi\u00f3n re\u00fanen a miles de familias &#8216;culichis&#8217;\"}]},{\"@type\":\"WebSite\",\"@id\":\"https:\\\/\\\/fuentesfidedignas.com.mx\\\/#website\",\"url\":\"https:\\\/\\\/fuentesfidedignas.com.mx\\\/\",\"name\":\"Fuentes Fidedignas\",\"description\":\"Otro sitio realizado con WordPress\",\"publisher\":{\"@id\":\"https:\\\/\\\/fuentesfidedignas.com.mx\\\/#organization\"},\"potentialAction\":[{\"@type\":\"SearchAction\",\"target\":{\"@type\":\"EntryPoint\",\"urlTemplate\":\"https:\\\/\\\/fuentesfidedignas.com.mx\\\/?s={search_term_string}\"},\"query-input\":{\"@type\":\"PropertyValueSpecification\",\"valueRequired\":true,\"valueName\":\"search_term_string\"}}],\"inLanguage\":\"es\"},{\"@type\":\"Organization\",\"@id\":\"https:\\\/\\\/fuentesfidedignas.com.mx\\\/#organization\",\"name\":\"Fuentes Fidedignas\",\"url\":\"https:\\\/\\\/fuentesfidedignas.com.mx\\\/\",\"logo\":{\"@type\":\"ImageObject\",\"inLanguage\":\"es\",\"@id\":\"https:\\\/\\\/fuentesfidedignas.com.mx\\\/#\\\/schema\\\/logo\\\/image\\\/\",\"url\":\"https:\\\/\\\/fuentesfidedignas.com.mx\\\/wp-content\\\/uploads\\\/2021\\\/04\\\/logo-retina.png\",\"contentUrl\":\"https:\\\/\\\/fuentesfidedignas.com.mx\\\/wp-content\\\/uploads\\\/2021\\\/04\\\/logo-retina.png\",\"width\":280,\"height\":51,\"caption\":\"Fuentes Fidedignas\"},\"image\":{\"@id\":\"https:\\\/\\\/fuentesfidedignas.com.mx\\\/#\\\/schema\\\/logo\\\/image\\\/\"},\"sameAs\":[\"https:\\\/\\\/www.facebook.com\\\/Fuentes-Fidedignas-368234489921644\",\"https:\\\/\\\/x.com\\\/fidedignas\"]},{\"@type\":\"Person\",\"@id\":\"https:\\\/\\\/fuentesfidedignas.com.mx\\\/#\\\/schema\\\/person\\\/331be9283d37198e2acd5750279085b0\",\"name\":\"Redacci\u00f3n\",\"image\":{\"@type\":\"ImageObject\",\"inLanguage\":\"es\",\"@id\":\"https:\\\/\\\/secure.gravatar.com\\\/avatar\\\/f6d8782c11d12b2d4ad3fbb6931aeab5309937a4d6cd2fc9cfaa28a6396a5aec?s=96&d=mm&r=g\",\"url\":\"https:\\\/\\\/secure.gravatar.com\\\/avatar\\\/f6d8782c11d12b2d4ad3fbb6931aeab5309937a4d6cd2fc9cfaa28a6396a5aec?s=96&d=mm&r=g\",\"contentUrl\":\"https:\\\/\\\/secure.gravatar.com\\\/avatar\\\/f6d8782c11d12b2d4ad3fbb6931aeab5309937a4d6cd2fc9cfaa28a6396a5aec?s=96&d=mm&r=g\",\"caption\":\"Redacci\u00f3n\"},\"url\":\"https:\\\/\\\/fuentesfidedignas.com.mx\\\/index.php\\\/author\\\/redaccion\\\/\"}]}<\/script>\n<!-- \/ Yoast SEO plugin. -->","yoast_head_json":{"title":"\u00a1Arranca con \u00e9xito el Festival de la Ni\u00f1ez 2026! M\u00fasica, juegos y diversi\u00f3n re\u00fanen a miles de familias 'culichis' - Fuentes Fidedignas","robots":{"index":"index","follow":"follow","max-snippet":"max-snippet:-1","max-image-preview":"max-image-preview:large","max-video-preview":"max-video-preview:-1"},"canonical":"https:\/\/fuentesfidedignas.com.mx\/index.php\/2026\/04\/26\/arranca-con-exito-el-festival-de-la-ninez-2026-musica-juegos-y-diversion-reunen-a-miles-de-familias-culichis\/","og_locale":"es_MX","og_type":"article","og_title":"\u00a1Arranca con \u00e9xito el Festival de la Ni\u00f1ez 2026! M\u00fasica, juegos y diversi\u00f3n re\u00fanen a miles de familias 'culichis' - Fuentes Fidedignas","og_description":"Desde antes de las 3:00 de la tarde, el Parque Las Riberas comenz\u00f3 a llenarse de vida con la llegada de cientos de familias que no quisieron perderse esta gran fiesta. Culiac\u00e1n, Sin.- Entre risas, colores y mucha emoci\u00f3n, el Sistema DIF Bienestar Culiac\u00e1n dio inicio al Festival de la Ni\u00f1ez 2026, una gran celebraci\u00f3n [&hellip;]","og_url":"https:\/\/fuentesfidedignas.com.mx\/index.php\/2026\/04\/26\/arranca-con-exito-el-festival-de-la-ninez-2026-musica-juegos-y-diversion-reunen-a-miles-de-familias-culichis\/","og_site_name":"Fuentes Fidedignas","article_publisher":"https:\/\/www.facebook.com\/Fuentes-Fidedignas-368234489921644","article_published_time":"2026-04-27T03:04:16+00:00","article_modified_time":"2026-04-27T03:04:20+00:00","og_image":[{"width":500,"height":333,"url":"https:\/\/fuentesfidedignas.com.mx\/wp-content\/uploads\/2026\/04\/WhatsApp-Image-2026-04-26-at-6.38.32-PM.jpeg","type":"image\/jpeg"}],"author":"Redacci\u00f3n","twitter_card":"summary_large_image","twitter_creator":"@fidedignas","twitter_site":"@fidedignas","twitter_misc":{"Escrito por":"Redacci\u00f3n","Tiempo de lectura":"2 minutos"},"schema":{"@context":"https:\/\/schema.org","@graph":[{"@type":"Article","@id":"https:\/\/fuentesfidedignas.com.mx\/index.php\/2026\/04\/26\/arranca-con-exito-el-festival-de-la-ninez-2026-musica-juegos-y-diversion-reunen-a-miles-de-familias-culichis\/#article","isPartOf":{"@id":"https:\/\/fuentesfidedignas.com.mx\/index.php\/2026\/04\/26\/arranca-con-exito-el-festival-de-la-ninez-2026-musica-juegos-y-diversion-reunen-a-miles-de-familias-culichis\/"},"author":{"name":"Redacci\u00f3n","@id":"https:\/\/fuentesfidedignas.com.mx\/#\/schema\/person\/331be9283d37198e2acd5750279085b0"},"headline":"\u00a1Arranca con \u00e9xito el Festival de la Ni\u00f1ez 2026! M\u00fasica, juegos y diversi\u00f3n re\u00fanen a miles de familias &#8216;culichis&#8217;","datePublished":"2026-04-27T03:04:16+00:00","dateModified":"2026-04-27T03:04:20+00:00","mainEntityOfPage":{"@id":"https:\/\/fuentesfidedignas.com.mx\/index.php\/2026\/04\/26\/arranca-con-exito-el-festival-de-la-ninez-2026-musica-juegos-y-diversion-reunen-a-miles-de-familias-culichis\/"},"wordCount":364,"commentCount":0,"publisher":{"@id":"https:\/\/fuentesfidedignas.com.mx\/#organization"},"image":{"@id":"https:\/\/fuentesfidedignas.com.mx\/index.php\/2026\/04\/26\/arranca-con-exito-el-festival-de-la-ninez-2026-musica-juegos-y-diversion-reunen-a-miles-de-familias-culichis\/#primaryimage"},"thumbnailUrl":"https:\/\/fuentesfidedignas.com.mx\/wp-content\/uploads\/2026\/04\/WhatsApp-Image-2026-04-26-at-6.38.32-PM.jpeg","articleSection":["NOTICIAS LOCALES"],"inLanguage":"es","potentialAction":[{"@type":"CommentAction","name":"Comment","target":["https:\/\/fuentesfidedignas.com.mx\/index.php\/2026\/04\/26\/arranca-con-exito-el-festival-de-la-ninez-2026-musica-juegos-y-diversion-reunen-a-miles-de-familias-culichis\/#respond"]}]},{"@type":"WebPage","@id":"https:\/\/fuentesfidedignas.com.mx\/index.php\/2026\/04\/26\/arranca-con-exito-el-festival-de-la-ninez-2026-musica-juegos-y-diversion-reunen-a-miles-de-familias-culichis\/","url":"https:\/\/fuentesfidedignas.com.mx\/index.php\/2026\/04\/26\/arranca-con-exito-el-festival-de-la-ninez-2026-musica-juegos-y-diversion-reunen-a-miles-de-familias-culichis\/","name":"\u00a1Arranca con \u00e9xito el Festival de la Ni\u00f1ez 2026! M\u00fasica, juegos y diversi\u00f3n re\u00fanen a miles de familias 'culichis' - Fuentes Fidedignas","isPartOf":{"@id":"https:\/\/fuentesfidedignas.com.mx\/#website"},"primaryImageOfPage":{"@id":"https:\/\/fuentesfidedignas.com.mx\/index.php\/2026\/04\/26\/arranca-con-exito-el-festival-de-la-ninez-2026-musica-juegos-y-diversion-reunen-a-miles-de-familias-culichis\/#primaryimage"},"image":{"@id":"https:\/\/fuentesfidedignas.com.mx\/index.php\/2026\/04\/26\/arranca-con-exito-el-festival-de-la-ninez-2026-musica-juegos-y-diversion-reunen-a-miles-de-familias-culichis\/#primaryimage"},"thumbnailUrl":"https:\/\/fuentesfidedignas.com.mx\/wp-content\/uploads\/2026\/04\/WhatsApp-Image-2026-04-26-at-6.38.32-PM.jpeg","datePublished":"2026-04-27T03:04:16+00:00","dateModified":"2026-04-27T03:04:20+00:00","breadcrumb":{"@id":"https:\/\/fuentesfidedignas.com.mx\/index.php\/2026\/04\/26\/arranca-con-exito-el-festival-de-la-ninez-2026-musica-juegos-y-diversion-reunen-a-miles-de-familias-culichis\/#breadcrumb"},"inLanguage":"es","potentialAction":[{"@type":"ReadAction","target":["https:\/\/fuentesfidedignas.com.mx\/index.php\/2026\/04\/26\/arranca-con-exito-el-festival-de-la-ninez-2026-musica-juegos-y-diversion-reunen-a-miles-de-familias-culichis\/"]}]},{"@type":"ImageObject","inLanguage":"es","@id":"https:\/\/fuentesfidedignas.com.mx\/index.php\/2026\/04\/26\/arranca-con-exito-el-festival-de-la-ninez-2026-musica-juegos-y-diversion-reunen-a-miles-de-familias-culichis\/#primaryimage","url":"https:\/\/fuentesfidedignas.com.mx\/wp-content\/uploads\/2026\/04\/WhatsApp-Image-2026-04-26-at-6.38.32-PM.jpeg","contentUrl":"https:\/\/fuentesfidedignas.com.mx\/wp-content\/uploads\/2026\/04\/WhatsApp-Image-2026-04-26-at-6.38.32-PM.jpeg","width":500,"height":333},{"@type":"BreadcrumbList","@id":"https:\/\/fuentesfidedignas.com.mx\/index.php\/2026\/04\/26\/arranca-con-exito-el-festival-de-la-ninez-2026-musica-juegos-y-diversion-reunen-a-miles-de-familias-culichis\/#breadcrumb","itemListElement":[{"@type":"ListItem","position":1,"name":"Inicio","item":"https:\/\/fuentesfidedignas.com.mx\/"},{"@type":"ListItem","position":2,"name":"\u00a1Arranca con \u00e9xito el Festival de la Ni\u00f1ez 2026! M\u00fasica, juegos y diversi\u00f3n re\u00fanen a miles de familias &#8216;culichis&#8217;"}]},{"@type":"WebSite","@id":"https:\/\/fuentesfidedignas.com.mx\/#website","url":"https:\/\/fuentesfidedignas.com.mx\/","name":"Fuentes Fidedignas","description":"Otro sitio realizado con WordPress","publisher":{"@id":"https:\/\/fuentesfidedignas.com.mx\/#organization"},"potentialAction":[{"@type":"SearchAction","target":{"@type":"EntryPoint","urlTemplate":"https:\/\/fuentesfidedignas.com.mx\/?s={search_term_string}"},"query-input":{"@type":"PropertyValueSpecification","valueRequired":true,"valueName":"search_term_string"}}],"inLanguage":"es"},{"@type":"Organization","@id":"https:\/\/fuentesfidedignas.com.mx\/#organization","name":"Fuentes Fidedignas","url":"https:\/\/fuentesfidedignas.com.mx\/","logo":{"@type":"ImageObject","inLanguage":"es","@id":"https:\/\/fuentesfidedignas.com.mx\/#\/schema\/logo\/image\/","url":"https:\/\/fuentesfidedignas.com.mx\/wp-content\/uploads\/2021\/04\/logo-retina.png","contentUrl":"https:\/\/fuentesfidedignas.com.mx\/wp-content\/uploads\/2021\/04\/logo-retina.png","width":280,"height":51,"caption":"Fuentes Fidedignas"},"image":{"@id":"https:\/\/fuentesfidedignas.com.mx\/#\/schema\/logo\/image\/"},"sameAs":["https:\/\/www.facebook.com\/Fuentes-Fidedignas-368234489921644","https:\/\/x.com\/fidedignas"]},{"@type":"Person","@id":"https:\/\/fuentesfidedignas.com.mx\/#\/schema\/person\/331be9283d37198e2acd5750279085b0","name":"Redacci\u00f3n","image":{"@type":"ImageObject","inLanguage":"es","@id":"https:\/\/secure.gravatar.com\/avatar\/f6d8782c11d12b2d4ad3fbb6931aeab5309937a4d6cd2fc9cfaa28a6396a5aec?s=96&d=mm&r=g","url":"https:\/\/secure.gravatar.com\/avatar\/f6d8782c11d12b2d4ad3fbb6931aeab5309937a4d6cd2fc9cfaa28a6396a5aec?s=96&d=mm&r=g","contentUrl":"https:\/\/secure.gravatar.com\/avatar\/f6d8782c11d12b2d4ad3fbb6931aeab5309937a4d6cd2fc9cfaa28a6396a5aec?s=96&d=mm&r=g","caption":"Redacci\u00f3n"},"url":"https:\/\/fuentesfidedignas.com.mx\/index.php\/author\/redaccion\/"}]}},"_links":{"self":[{"href":"https:\/\/fuentesfidedignas.com.mx\/index.php\/wp-json\/wp\/v2\/posts\/132298","targetHints":{"allow":["GET"]}}],"collection":[{"href":"https:\/\/fuentesfidedignas.com.mx\/index.php\/wp-json\/wp\/v2\/posts"}],"about":[{"href":"https:\/\/fuentesfidedignas.com.mx\/index.php\/wp-json\/wp\/v2\/types\/post"}],"author":[{"embeddable":true,"href":"https:\/\/fuentesfidedignas.com.mx\/index.php\/wp-json\/wp\/v2\/users\/4"}],"replies":[{"embeddable":true,"href":"https:\/\/fuentesfidedignas.com.mx\/index.php\/wp-json\/wp\/v2\/comments?post=132298"}],"version-history":[{"count":1,"href":"https:\/\/fuentesfidedignas.com.mx\/index.php\/wp-json\/wp\/v2\/posts\/132298\/revisions"}],"predecessor-version":[{"id":132300,"href":"https:\/\/fuentesfidedignas.com.mx\/index.php\/wp-json\/wp\/v2\/posts\/132298\/revisions\/132300"}],"wp:featuredmedia":[{"embeddable":true,"href":"https:\/\/fuentesfidedignas.com.mx\/index.php\/wp-json\/wp\/v2\/media\/132299"}],"wp:attachment":[{"href":"https:\/\/fuentesfidedignas.com.mx\/index.php\/wp-json\/wp\/v2\/media?parent=132298"}],"wp:term":[{"taxonomy":"category","embeddable":true,"href":"https:\/\/fuentesfidedignas.com.mx\/index.php\/wp-json\/wp\/v2\/categories?post=132298"},{"taxonomy":"post_tag","embeddable":true,"href":"https:\/\/fuentesfidedignas.com.mx\/index.php\/wp-json\/wp\/v2\/tags?post=132298"}],"curies":[{"name":"wp","href":"https:\/\/api.w.org\/{rel}","templated":true}]}}