{"id":132292,"date":"2026-04-27T03:40:00","date_gmt":"2026-04-27T10:40:00","guid":{"rendered":"https:\/\/fuentesfidedignas.com.mx\/?p=132292"},"modified":"2026-04-26T18:46:18","modified_gmt":"2026-04-27T01:46:18","slug":"asi-no-se-les-habla-a-las-mujeres-nino-manda-a-su-hermana-a-lavar-los-trastes-y-su-madre-lo-corrige","status":"publish","type":"post","link":"https:\/\/fuentesfidedignas.com.mx\/index.php\/2026\/04\/27\/asi-no-se-les-habla-a-las-mujeres-nino-manda-a-su-hermana-a-lavar-los-trastes-y-su-madre-lo-corrige\/","title":{"rendered":"\u201cAs\u00ed no se les habla a las mujeres\u201d: ni\u00f1o manda a su hermana a lavar los trastes y su madre lo corrige"},"content":{"rendered":"\n<p><strong><em>En un entorno digital, incluso un comentario dom\u00e9stico puede abrir discusiones m\u00e1s amplias sobre educaci\u00f3n, respeto y convivencia.<\/em><\/strong><\/p>\n\n\n\n<p>Una escena familiar cotidiana se convirti\u00f3 en tendencia luego de que un video, compartido en redes sociales, mostrara el momento en que una madre corrige a su hijo por la forma en que se dirigi\u00f3 a su hermana.<\/p>\n\n\n\n<p>El hecho ocurri\u00f3 en Salta y fue difundido por la cuenta Kenga Kids, conocida por compartir contenido sobre crianza y vida diaria. En el clip, el menor le da una orden directa a su hermana:<\/p>\n\n\n\n<p>\u201cVe a lavar los platos\u201d, lo que provoca una reacci\u00f3n inmediata de la madre.<\/p>\n\n\n\n<p><strong>Un llamado directo sobre respeto<\/strong><br>Sin rodeos, la mujer interviene para marcar un l\u00edmite claro sobre la forma de comunicarse dentro del hogar.<\/p>\n\n\n\n<p>\u201cAs\u00ed no se les habla ni a las hermanas ni a las mujeres\u201d, expres\u00f3, en un tono firme que r\u00e1pidamente capt\u00f3 la atenci\u00f3n de miles de usuarios.<\/p>\n\n\n\n<p>El momento, breve pero contundente, fue interpretado por muchos como una lecci\u00f3n sobre respeto e igualdad, especialmente en din\u00e1micas familiares donde el lenguaje puede normalizar conductas.<\/p>\n\n\n\n<p><strong>Redes divididas<\/strong><br>Como suele ocurrir con contenidos de crianza, el video gener\u00f3 opiniones encontradas. Mientras algunos usuarios destacaron la importancia de corregir este tipo de actitudes desde temprana edad, otros cuestionaron la forma en que se realiz\u00f3 la llamada de atenci\u00f3n.<\/p>\n\n\n\n<p>La viralidad del clip puso sobre la mesa un tema recurrente: c\u00f3mo educar en valores sin recurrir a din\u00e1micas que puedan ser percibidas como confrontativas.<\/p>\n\n\n\n<blockquote class=\"instagram-media\" data-instgrm-captioned data-instgrm-permalink=\"https:\/\/www.instagram.com\/reel\/DXUKyoiDEIj\/?utm_source=ig_embed&amp;utm_campaign=loading\" data-instgrm-version=\"14\" style=\" background:#FFF; border:0; border-radius:3px; box-shadow:0 0 1px 0 rgba(0,0,0,0.5),0 1px 10px 0 rgba(0,0,0,0.15); margin: 1px; max-width:540px; min-width:326px; padding:0; width:99.375%; width:-webkit-calc(100% - 2px); width:calc(100% - 2px);\"><div style=\"padding:16px;\"> <a href=\"https:\/\/www.instagram.com\/reel\/DXUKyoiDEIj\/?utm_source=ig_embed&amp;utm_campaign=loading\" style=\" background:#FFFFFF; line-height:0; padding:0 0; text-align:center; text-decoration:none; width:100%;\" target=\"_blank\"> <div style=\" display: flex; flex-direction: row; align-items: center;\"> <div style=\"background-color: #F4F4F4; border-radius: 50%; flex-grow: 0; height: 40px; margin-right: 14px; width: 40px;\"><\/div> <div style=\"display: flex; flex-direction: column; flex-grow: 1; justify-content: center;\"> <div style=\" background-color: #F4F4F4; border-radius: 4px; flex-grow: 0; height: 14px; margin-bottom: 6px; width: 100px;\"><\/div> <div style=\" background-color: #F4F4F4; border-radius: 4px; flex-grow: 0; height: 14px; width: 60px;\"><\/div><\/div><\/div><div style=\"padding: 19% 0;\"><\/div> <div style=\"display:block; height:50px; margin:0 auto 12px; width:50px;\"><svg width=\"50px\" height=\"50px\" viewBox=\"0 0 60 60\" version=\"1.1\" xmlns=\"https:\/\/www.w3.org\/2000\/svg\" xmlns:xlink=\"https:\/\/www.w3.org\/1999\/xlink\"><g stroke=\"none\" stroke-width=\"1\" fill=\"none\" fill-rule=\"evenodd\"><g transform=\"translate(-511.000000, -20.000000)\" fill=\"#000000\"><g><path d=\"M556.869,30.41 C554.814,30.41 553.148,32.076 553.148,34.131 C553.148,36.186 554.814,37.852 556.869,37.852 C558.924,37.852 560.59,36.186 560.59,34.131 C560.59,32.076 558.924,30.41 556.869,30.41 M541,60.657 C535.114,60.657 530.342,55.887 530.342,50 C530.342,44.114 535.114,39.342 541,39.342 C546.887,39.342 551.658,44.114 551.658,50 C551.658,55.887 546.887,60.657 541,60.657 M541,33.886 C532.1,33.886 524.886,41.1 524.886,50 C524.886,58.899 532.1,66.113 541,66.113 C549.9,66.113 557.115,58.899 557.115,50 C557.115,41.1 549.9,33.886 541,33.886 M565.378,62.101 C565.244,65.022 564.756,66.606 564.346,67.663 C563.803,69.06 563.154,70.057 562.106,71.106 C561.058,72.155 560.06,72.803 558.662,73.347 C557.607,73.757 556.021,74.244 553.102,74.378 C549.944,74.521 548.997,74.552 541,74.552 C533.003,74.552 532.056,74.521 528.898,74.378 C525.979,74.244 524.393,73.757 523.338,73.347 C521.94,72.803 520.942,72.155 519.894,71.106 C518.846,70.057 518.197,69.06 517.654,67.663 C517.244,66.606 516.755,65.022 516.623,62.101 C516.479,58.943 516.448,57.996 516.448,50 C516.448,42.003 516.479,41.056 516.623,37.899 C516.755,34.978 517.244,33.391 517.654,32.338 C518.197,30.938 518.846,29.942 519.894,28.894 C520.942,27.846 521.94,27.196 523.338,26.654 C524.393,26.244 525.979,25.756 528.898,25.623 C532.057,25.479 533.004,25.448 541,25.448 C548.997,25.448 549.943,25.479 553.102,25.623 C556.021,25.756 557.607,26.244 558.662,26.654 C560.06,27.196 561.058,27.846 562.106,28.894 C563.154,29.942 563.803,30.938 564.346,32.338 C564.756,33.391 565.244,34.978 565.378,37.899 C565.522,41.056 565.552,42.003 565.552,50 C565.552,57.996 565.522,58.943 565.378,62.101 M570.82,37.631 C570.674,34.438 570.167,32.258 569.425,30.349 C568.659,28.377 567.633,26.702 565.965,25.035 C564.297,23.368 562.623,22.342 560.652,21.575 C558.743,20.834 556.562,20.326 553.369,20.18 C550.169,20.033 549.148,20 541,20 C532.853,20 531.831,20.033 528.631,20.18 C525.438,20.326 523.257,20.834 521.349,21.575 C519.376,22.342 517.703,23.368 516.035,25.035 C514.368,26.702 513.342,28.377 512.574,30.349 C511.834,32.258 511.326,34.438 511.181,37.631 C511.035,40.831 511,41.851 511,50 C511,58.147 511.035,59.17 511.181,62.369 C511.326,65.562 511.834,67.743 512.574,69.651 C513.342,71.625 514.368,73.296 516.035,74.965 C517.703,76.634 519.376,77.658 521.349,78.425 C523.257,79.167 525.438,79.673 528.631,79.82 C531.831,79.965 532.853,80.001 541,80.001 C549.148,80.001 550.169,79.965 553.369,79.82 C556.562,79.673 558.743,79.167 560.652,78.425 C562.623,77.658 564.297,76.634 565.965,74.965 C567.633,73.296 568.659,71.625 569.425,69.651 C570.167,67.743 570.674,65.562 570.82,62.369 C570.966,59.17 571,58.147 571,50 C571,41.851 570.966,40.831 570.82,37.631\"><\/path><\/g><\/g><\/g><\/svg><\/div><div style=\"padding-top: 8px;\"> <div style=\" color:#3897f0; font-family:Arial,sans-serif; font-size:14px; font-style:normal; font-weight:550; line-height:18px;\">Ver esta publicaci\u00f3n en Instagram<\/div><\/div><div style=\"padding: 12.5% 0;\"><\/div> <div style=\"display: flex; flex-direction: row; margin-bottom: 14px; align-items: center;\"><div> <div style=\"background-color: #F4F4F4; border-radius: 50%; height: 12.5px; width: 12.5px; transform: translateX(0px) translateY(7px);\"><\/div> <div style=\"background-color: #F4F4F4; height: 12.5px; transform: rotate(-45deg) translateX(3px) translateY(1px); width: 12.5px; flex-grow: 0; margin-right: 14px; margin-left: 2px;\"><\/div> <div style=\"background-color: #F4F4F4; border-radius: 50%; height: 12.5px; width: 12.5px; transform: translateX(9px) translateY(-18px);\"><\/div><\/div><div style=\"margin-left: 8px;\"> <div style=\" background-color: #F4F4F4; border-radius: 50%; flex-grow: 0; height: 20px; width: 20px;\"><\/div> <div style=\" width: 0; height: 0; border-top: 2px solid transparent; border-left: 6px solid #f4f4f4; border-bottom: 2px solid transparent; transform: translateX(16px) translateY(-4px) rotate(30deg)\"><\/div><\/div><div style=\"margin-left: auto;\"> <div style=\" width: 0px; border-top: 8px solid #F4F4F4; border-right: 8px solid transparent; transform: translateY(16px);\"><\/div> <div style=\" background-color: #F4F4F4; flex-grow: 0; height: 12px; width: 16px; transform: translateY(-4px);\"><\/div> <div style=\" width: 0; height: 0; border-top: 8px solid #F4F4F4; border-left: 8px solid transparent; transform: translateY(-4px) translateX(8px);\"><\/div><\/div><\/div> <div style=\"display: flex; flex-direction: column; flex-grow: 1; justify-content: center; margin-bottom: 24px;\"> <div style=\" background-color: #F4F4F4; border-radius: 4px; flex-grow: 0; height: 14px; margin-bottom: 6px; width: 224px;\"><\/div> <div style=\" background-color: #F4F4F4; border-radius: 4px; flex-grow: 0; height: 14px; width: 144px;\"><\/div><\/div><\/a><p style=\" color:#c9c8cd; font-family:Arial,sans-serif; font-size:14px; line-height:17px; margin-bottom:0; margin-top:8px; overflow:hidden; padding:8px 0 7px; text-align:center; text-overflow:ellipsis; white-space:nowrap;\"><a href=\"https:\/\/www.instagram.com\/reel\/DXUKyoiDEIj\/?utm_source=ig_embed&amp;utm_campaign=loading\" style=\" color:#c9c8cd; font-family:Arial,sans-serif; font-size:14px; font-style:normal; font-weight:normal; line-height:17px; text-decoration:none;\" target=\"_blank\">Una publicaci\u00f3n compartida por pue! (@pue.ok)<\/a><\/p><\/div><\/blockquote>\n<script async src=\"\/\/www.instagram.com\/embed.js\"><\/script>\n\n\n\n<p><strong>Comentarios clave<\/strong><\/p>\n\n\n\n<ul class=\"wp-block-list\">\n<li>\u201cEs importante ense\u00f1ar respeto desde casa\u201d<\/li>\n\n\n\n<li>\u201cLa intenci\u00f3n es correcta, pero la forma puede debatirse\u201d<\/li>\n\n\n\n<li>\u201cEl lenguaje en la infancia marca conductas futuras\u201d<\/li>\n\n\n\n<li>\u201cLas redes amplifican debates cotidianos\u201d<\/li>\n<\/ul>\n\n\n\n<p>El caso evidencia c\u00f3mo situaciones simples pueden escalar a conversaciones globales. En un entorno digital, incluso un comentario dom\u00e9stico puede abrir discusiones m\u00e1s amplias sobre educaci\u00f3n, respeto y convivencia.<\/p>\n","protected":false},"excerpt":{"rendered":"<p>En un entorno digital, incluso un comentario dom\u00e9stico puede abrir discusiones m\u00e1s amplias sobre educaci\u00f3n, respeto y convivencia. Una escena familiar cotidiana se convirti\u00f3 en tendencia luego de que un video, compartido en redes sociales, mostrara el momento en que una madre corrige a su hijo por la forma en que se dirigi\u00f3 a su [&hellip;]<\/p>\n","protected":false},"author":40,"featured_media":132293,"comment_status":"open","ping_status":"open","sticky":false,"template":"","format":"standard","meta":{"tdm_status":"","tdm_grid_status":"","footnotes":""},"categories":[40],"tags":[],"class_list":{"0":"post-132292","1":"post","2":"type-post","3":"status-publish","4":"format-standard","5":"has-post-thumbnail","7":"category-las-asombrosas"},"yoast_head":"<!-- This site is optimized with the Yoast SEO plugin v27.4 - https:\/\/yoast.com\/product\/yoast-seo-wordpress\/ -->\n<title>\u201cAs\u00ed no se les habla a las mujeres\u201d: ni\u00f1o manda a su hermana a lavar los trastes y su madre lo corrige - Fuentes Fidedignas<\/title>\n<meta name=\"robots\" content=\"index, follow, max-snippet:-1, max-image-preview:large, max-video-preview:-1\" \/>\n<link rel=\"canonical\" href=\"https:\/\/fuentesfidedignas.com.mx\/index.php\/2026\/04\/27\/asi-no-se-les-habla-a-las-mujeres-nino-manda-a-su-hermana-a-lavar-los-trastes-y-su-madre-lo-corrige\/\" \/>\n<meta property=\"og:locale\" content=\"es_MX\" \/>\n<meta property=\"og:type\" content=\"article\" \/>\n<meta property=\"og:title\" content=\"\u201cAs\u00ed no se les habla a las mujeres\u201d: ni\u00f1o manda a su hermana a lavar los trastes y su madre lo corrige - Fuentes Fidedignas\" \/>\n<meta property=\"og:description\" content=\"En un entorno digital, incluso un comentario dom\u00e9stico puede abrir discusiones m\u00e1s amplias sobre educaci\u00f3n, respeto y convivencia. Una escena familiar cotidiana se convirti\u00f3 en tendencia luego de que un video, compartido en redes sociales, mostrara el momento en que una madre corrige a su hijo por la forma en que se dirigi\u00f3 a su [&hellip;]\" \/>\n<meta property=\"og:url\" content=\"https:\/\/fuentesfidedignas.com.mx\/index.php\/2026\/04\/27\/asi-no-se-les-habla-a-las-mujeres-nino-manda-a-su-hermana-a-lavar-los-trastes-y-su-madre-lo-corrige\/\" \/>\n<meta property=\"og:site_name\" content=\"Fuentes Fidedignas\" \/>\n<meta property=\"article:publisher\" content=\"https:\/\/www.facebook.com\/Fuentes-Fidedignas-368234489921644\" \/>\n<meta property=\"article:published_time\" content=\"2026-04-27T10:40:00+00:00\" \/>\n<meta property=\"og:image\" content=\"https:\/\/fuentesfidedignas.com.mx\/wp-content\/uploads\/2026\/04\/nino-lavatrastes.jpg\" \/>\n\t<meta property=\"og:image:width\" content=\"500\" \/>\n\t<meta property=\"og:image:height\" content=\"333\" \/>\n\t<meta property=\"og:image:type\" content=\"image\/jpeg\" \/>\n<meta name=\"author\" content=\"El Imparcial\" \/>\n<meta name=\"twitter:card\" content=\"summary_large_image\" \/>\n<meta name=\"twitter:creator\" content=\"@fidedignas\" \/>\n<meta name=\"twitter:site\" content=\"@fidedignas\" \/>\n<meta name=\"twitter:label1\" content=\"Escrito por\" \/>\n\t<meta name=\"twitter:data1\" content=\"El Imparcial\" \/>\n\t<meta name=\"twitter:label2\" content=\"Tiempo de lectura\" \/>\n\t<meta name=\"twitter:data2\" content=\"2 minutos\" \/>\n<script type=\"application\/ld+json\" class=\"yoast-schema-graph\">{\"@context\":\"https:\\\/\\\/schema.org\",\"@graph\":[{\"@type\":\"Article\",\"@id\":\"https:\\\/\\\/fuentesfidedignas.com.mx\\\/index.php\\\/2026\\\/04\\\/27\\\/asi-no-se-les-habla-a-las-mujeres-nino-manda-a-su-hermana-a-lavar-los-trastes-y-su-madre-lo-corrige\\\/#article\",\"isPartOf\":{\"@id\":\"https:\\\/\\\/fuentesfidedignas.com.mx\\\/index.php\\\/2026\\\/04\\\/27\\\/asi-no-se-les-habla-a-las-mujeres-nino-manda-a-su-hermana-a-lavar-los-trastes-y-su-madre-lo-corrige\\\/\"},\"author\":{\"name\":\"El Imparcial\",\"@id\":\"https:\\\/\\\/fuentesfidedignas.com.mx\\\/#\\\/schema\\\/person\\\/ff4db17f8fd9c584e0cfc2a0c436b8a1\"},\"headline\":\"\u201cAs\u00ed no se les habla a las mujeres\u201d: ni\u00f1o manda a su hermana a lavar los trastes y su madre lo corrige\",\"datePublished\":\"2026-04-27T10:40:00+00:00\",\"mainEntityOfPage\":{\"@id\":\"https:\\\/\\\/fuentesfidedignas.com.mx\\\/index.php\\\/2026\\\/04\\\/27\\\/asi-no-se-les-habla-a-las-mujeres-nino-manda-a-su-hermana-a-lavar-los-trastes-y-su-madre-lo-corrige\\\/\"},\"wordCount\":361,\"commentCount\":0,\"publisher\":{\"@id\":\"https:\\\/\\\/fuentesfidedignas.com.mx\\\/#organization\"},\"image\":{\"@id\":\"https:\\\/\\\/fuentesfidedignas.com.mx\\\/index.php\\\/2026\\\/04\\\/27\\\/asi-no-se-les-habla-a-las-mujeres-nino-manda-a-su-hermana-a-lavar-los-trastes-y-su-madre-lo-corrige\\\/#primaryimage\"},\"thumbnailUrl\":\"https:\\\/\\\/fuentesfidedignas.com.mx\\\/wp-content\\\/uploads\\\/2026\\\/04\\\/nino-lavatrastes.jpg\",\"articleSection\":[\"LAS ASOMBROSAS\"],\"inLanguage\":\"es\",\"potentialAction\":[{\"@type\":\"CommentAction\",\"name\":\"Comment\",\"target\":[\"https:\\\/\\\/fuentesfidedignas.com.mx\\\/index.php\\\/2026\\\/04\\\/27\\\/asi-no-se-les-habla-a-las-mujeres-nino-manda-a-su-hermana-a-lavar-los-trastes-y-su-madre-lo-corrige\\\/#respond\"]}]},{\"@type\":\"WebPage\",\"@id\":\"https:\\\/\\\/fuentesfidedignas.com.mx\\\/index.php\\\/2026\\\/04\\\/27\\\/asi-no-se-les-habla-a-las-mujeres-nino-manda-a-su-hermana-a-lavar-los-trastes-y-su-madre-lo-corrige\\\/\",\"url\":\"https:\\\/\\\/fuentesfidedignas.com.mx\\\/index.php\\\/2026\\\/04\\\/27\\\/asi-no-se-les-habla-a-las-mujeres-nino-manda-a-su-hermana-a-lavar-los-trastes-y-su-madre-lo-corrige\\\/\",\"name\":\"\u201cAs\u00ed no se les habla a las mujeres\u201d: ni\u00f1o manda a su hermana a lavar los trastes y su madre lo corrige - Fuentes Fidedignas\",\"isPartOf\":{\"@id\":\"https:\\\/\\\/fuentesfidedignas.com.mx\\\/#website\"},\"primaryImageOfPage\":{\"@id\":\"https:\\\/\\\/fuentesfidedignas.com.mx\\\/index.php\\\/2026\\\/04\\\/27\\\/asi-no-se-les-habla-a-las-mujeres-nino-manda-a-su-hermana-a-lavar-los-trastes-y-su-madre-lo-corrige\\\/#primaryimage\"},\"image\":{\"@id\":\"https:\\\/\\\/fuentesfidedignas.com.mx\\\/index.php\\\/2026\\\/04\\\/27\\\/asi-no-se-les-habla-a-las-mujeres-nino-manda-a-su-hermana-a-lavar-los-trastes-y-su-madre-lo-corrige\\\/#primaryimage\"},\"thumbnailUrl\":\"https:\\\/\\\/fuentesfidedignas.com.mx\\\/wp-content\\\/uploads\\\/2026\\\/04\\\/nino-lavatrastes.jpg\",\"datePublished\":\"2026-04-27T10:40:00+00:00\",\"breadcrumb\":{\"@id\":\"https:\\\/\\\/fuentesfidedignas.com.mx\\\/index.php\\\/2026\\\/04\\\/27\\\/asi-no-se-les-habla-a-las-mujeres-nino-manda-a-su-hermana-a-lavar-los-trastes-y-su-madre-lo-corrige\\\/#breadcrumb\"},\"inLanguage\":\"es\",\"potentialAction\":[{\"@type\":\"ReadAction\",\"target\":[\"https:\\\/\\\/fuentesfidedignas.com.mx\\\/index.php\\\/2026\\\/04\\\/27\\\/asi-no-se-les-habla-a-las-mujeres-nino-manda-a-su-hermana-a-lavar-los-trastes-y-su-madre-lo-corrige\\\/\"]}]},{\"@type\":\"ImageObject\",\"inLanguage\":\"es\",\"@id\":\"https:\\\/\\\/fuentesfidedignas.com.mx\\\/index.php\\\/2026\\\/04\\\/27\\\/asi-no-se-les-habla-a-las-mujeres-nino-manda-a-su-hermana-a-lavar-los-trastes-y-su-madre-lo-corrige\\\/#primaryimage\",\"url\":\"https:\\\/\\\/fuentesfidedignas.com.mx\\\/wp-content\\\/uploads\\\/2026\\\/04\\\/nino-lavatrastes.jpg\",\"contentUrl\":\"https:\\\/\\\/fuentesfidedignas.com.mx\\\/wp-content\\\/uploads\\\/2026\\\/04\\\/nino-lavatrastes.jpg\",\"width\":500,\"height\":333},{\"@type\":\"BreadcrumbList\",\"@id\":\"https:\\\/\\\/fuentesfidedignas.com.mx\\\/index.php\\\/2026\\\/04\\\/27\\\/asi-no-se-les-habla-a-las-mujeres-nino-manda-a-su-hermana-a-lavar-los-trastes-y-su-madre-lo-corrige\\\/#breadcrumb\",\"itemListElement\":[{\"@type\":\"ListItem\",\"position\":1,\"name\":\"Inicio\",\"item\":\"https:\\\/\\\/fuentesfidedignas.com.mx\\\/\"},{\"@type\":\"ListItem\",\"position\":2,\"name\":\"\u201cAs\u00ed no se les habla a las mujeres\u201d: ni\u00f1o manda a su hermana a lavar los trastes y su madre lo corrige\"}]},{\"@type\":\"WebSite\",\"@id\":\"https:\\\/\\\/fuentesfidedignas.com.mx\\\/#website\",\"url\":\"https:\\\/\\\/fuentesfidedignas.com.mx\\\/\",\"name\":\"Fuentes Fidedignas\",\"description\":\"Otro sitio realizado con WordPress\",\"publisher\":{\"@id\":\"https:\\\/\\\/fuentesfidedignas.com.mx\\\/#organization\"},\"potentialAction\":[{\"@type\":\"SearchAction\",\"target\":{\"@type\":\"EntryPoint\",\"urlTemplate\":\"https:\\\/\\\/fuentesfidedignas.com.mx\\\/?s={search_term_string}\"},\"query-input\":{\"@type\":\"PropertyValueSpecification\",\"valueRequired\":true,\"valueName\":\"search_term_string\"}}],\"inLanguage\":\"es\"},{\"@type\":\"Organization\",\"@id\":\"https:\\\/\\\/fuentesfidedignas.com.mx\\\/#organization\",\"name\":\"Fuentes Fidedignas\",\"url\":\"https:\\\/\\\/fuentesfidedignas.com.mx\\\/\",\"logo\":{\"@type\":\"ImageObject\",\"inLanguage\":\"es\",\"@id\":\"https:\\\/\\\/fuentesfidedignas.com.mx\\\/#\\\/schema\\\/logo\\\/image\\\/\",\"url\":\"https:\\\/\\\/fuentesfidedignas.com.mx\\\/wp-content\\\/uploads\\\/2021\\\/04\\\/logo-retina.png\",\"contentUrl\":\"https:\\\/\\\/fuentesfidedignas.com.mx\\\/wp-content\\\/uploads\\\/2021\\\/04\\\/logo-retina.png\",\"width\":280,\"height\":51,\"caption\":\"Fuentes Fidedignas\"},\"image\":{\"@id\":\"https:\\\/\\\/fuentesfidedignas.com.mx\\\/#\\\/schema\\\/logo\\\/image\\\/\"},\"sameAs\":[\"https:\\\/\\\/www.facebook.com\\\/Fuentes-Fidedignas-368234489921644\",\"https:\\\/\\\/x.com\\\/fidedignas\"]},{\"@type\":\"Person\",\"@id\":\"https:\\\/\\\/fuentesfidedignas.com.mx\\\/#\\\/schema\\\/person\\\/ff4db17f8fd9c584e0cfc2a0c436b8a1\",\"name\":\"El Imparcial\",\"image\":{\"@type\":\"ImageObject\",\"inLanguage\":\"es\",\"@id\":\"https:\\\/\\\/secure.gravatar.com\\\/avatar\\\/accd6807585a75316c237ee783498317be6f66ab34c47c940966f26a3f613161?s=96&d=mm&r=g\",\"url\":\"https:\\\/\\\/secure.gravatar.com\\\/avatar\\\/accd6807585a75316c237ee783498317be6f66ab34c47c940966f26a3f613161?s=96&d=mm&r=g\",\"contentUrl\":\"https:\\\/\\\/secure.gravatar.com\\\/avatar\\\/accd6807585a75316c237ee783498317be6f66ab34c47c940966f26a3f613161?s=96&d=mm&r=g\",\"caption\":\"El Imparcial\"},\"url\":\"https:\\\/\\\/fuentesfidedignas.com.mx\\\/index.php\\\/author\\\/imparcial\\\/\"}]}<\/script>\n<!-- \/ Yoast SEO plugin. -->","yoast_head_json":{"title":"\u201cAs\u00ed no se les habla a las mujeres\u201d: ni\u00f1o manda a su hermana a lavar los trastes y su madre lo corrige - Fuentes Fidedignas","robots":{"index":"index","follow":"follow","max-snippet":"max-snippet:-1","max-image-preview":"max-image-preview:large","max-video-preview":"max-video-preview:-1"},"canonical":"https:\/\/fuentesfidedignas.com.mx\/index.php\/2026\/04\/27\/asi-no-se-les-habla-a-las-mujeres-nino-manda-a-su-hermana-a-lavar-los-trastes-y-su-madre-lo-corrige\/","og_locale":"es_MX","og_type":"article","og_title":"\u201cAs\u00ed no se les habla a las mujeres\u201d: ni\u00f1o manda a su hermana a lavar los trastes y su madre lo corrige - Fuentes Fidedignas","og_description":"En un entorno digital, incluso un comentario dom\u00e9stico puede abrir discusiones m\u00e1s amplias sobre educaci\u00f3n, respeto y convivencia. Una escena familiar cotidiana se convirti\u00f3 en tendencia luego de que un video, compartido en redes sociales, mostrara el momento en que una madre corrige a su hijo por la forma en que se dirigi\u00f3 a su [&hellip;]","og_url":"https:\/\/fuentesfidedignas.com.mx\/index.php\/2026\/04\/27\/asi-no-se-les-habla-a-las-mujeres-nino-manda-a-su-hermana-a-lavar-los-trastes-y-su-madre-lo-corrige\/","og_site_name":"Fuentes Fidedignas","article_publisher":"https:\/\/www.facebook.com\/Fuentes-Fidedignas-368234489921644","article_published_time":"2026-04-27T10:40:00+00:00","og_image":[{"width":500,"height":333,"url":"https:\/\/fuentesfidedignas.com.mx\/wp-content\/uploads\/2026\/04\/nino-lavatrastes.jpg","type":"image\/jpeg"}],"author":"El Imparcial","twitter_card":"summary_large_image","twitter_creator":"@fidedignas","twitter_site":"@fidedignas","twitter_misc":{"Escrito por":"El Imparcial","Tiempo de lectura":"2 minutos"},"schema":{"@context":"https:\/\/schema.org","@graph":[{"@type":"Article","@id":"https:\/\/fuentesfidedignas.com.mx\/index.php\/2026\/04\/27\/asi-no-se-les-habla-a-las-mujeres-nino-manda-a-su-hermana-a-lavar-los-trastes-y-su-madre-lo-corrige\/#article","isPartOf":{"@id":"https:\/\/fuentesfidedignas.com.mx\/index.php\/2026\/04\/27\/asi-no-se-les-habla-a-las-mujeres-nino-manda-a-su-hermana-a-lavar-los-trastes-y-su-madre-lo-corrige\/"},"author":{"name":"El Imparcial","@id":"https:\/\/fuentesfidedignas.com.mx\/#\/schema\/person\/ff4db17f8fd9c584e0cfc2a0c436b8a1"},"headline":"\u201cAs\u00ed no se les habla a las mujeres\u201d: ni\u00f1o manda a su hermana a lavar los trastes y su madre lo corrige","datePublished":"2026-04-27T10:40:00+00:00","mainEntityOfPage":{"@id":"https:\/\/fuentesfidedignas.com.mx\/index.php\/2026\/04\/27\/asi-no-se-les-habla-a-las-mujeres-nino-manda-a-su-hermana-a-lavar-los-trastes-y-su-madre-lo-corrige\/"},"wordCount":361,"commentCount":0,"publisher":{"@id":"https:\/\/fuentesfidedignas.com.mx\/#organization"},"image":{"@id":"https:\/\/fuentesfidedignas.com.mx\/index.php\/2026\/04\/27\/asi-no-se-les-habla-a-las-mujeres-nino-manda-a-su-hermana-a-lavar-los-trastes-y-su-madre-lo-corrige\/#primaryimage"},"thumbnailUrl":"https:\/\/fuentesfidedignas.com.mx\/wp-content\/uploads\/2026\/04\/nino-lavatrastes.jpg","articleSection":["LAS ASOMBROSAS"],"inLanguage":"es","potentialAction":[{"@type":"CommentAction","name":"Comment","target":["https:\/\/fuentesfidedignas.com.mx\/index.php\/2026\/04\/27\/asi-no-se-les-habla-a-las-mujeres-nino-manda-a-su-hermana-a-lavar-los-trastes-y-su-madre-lo-corrige\/#respond"]}]},{"@type":"WebPage","@id":"https:\/\/fuentesfidedignas.com.mx\/index.php\/2026\/04\/27\/asi-no-se-les-habla-a-las-mujeres-nino-manda-a-su-hermana-a-lavar-los-trastes-y-su-madre-lo-corrige\/","url":"https:\/\/fuentesfidedignas.com.mx\/index.php\/2026\/04\/27\/asi-no-se-les-habla-a-las-mujeres-nino-manda-a-su-hermana-a-lavar-los-trastes-y-su-madre-lo-corrige\/","name":"\u201cAs\u00ed no se les habla a las mujeres\u201d: ni\u00f1o manda a su hermana a lavar los trastes y su madre lo corrige - Fuentes Fidedignas","isPartOf":{"@id":"https:\/\/fuentesfidedignas.com.mx\/#website"},"primaryImageOfPage":{"@id":"https:\/\/fuentesfidedignas.com.mx\/index.php\/2026\/04\/27\/asi-no-se-les-habla-a-las-mujeres-nino-manda-a-su-hermana-a-lavar-los-trastes-y-su-madre-lo-corrige\/#primaryimage"},"image":{"@id":"https:\/\/fuentesfidedignas.com.mx\/index.php\/2026\/04\/27\/asi-no-se-les-habla-a-las-mujeres-nino-manda-a-su-hermana-a-lavar-los-trastes-y-su-madre-lo-corrige\/#primaryimage"},"thumbnailUrl":"https:\/\/fuentesfidedignas.com.mx\/wp-content\/uploads\/2026\/04\/nino-lavatrastes.jpg","datePublished":"2026-04-27T10:40:00+00:00","breadcrumb":{"@id":"https:\/\/fuentesfidedignas.com.mx\/index.php\/2026\/04\/27\/asi-no-se-les-habla-a-las-mujeres-nino-manda-a-su-hermana-a-lavar-los-trastes-y-su-madre-lo-corrige\/#breadcrumb"},"inLanguage":"es","potentialAction":[{"@type":"ReadAction","target":["https:\/\/fuentesfidedignas.com.mx\/index.php\/2026\/04\/27\/asi-no-se-les-habla-a-las-mujeres-nino-manda-a-su-hermana-a-lavar-los-trastes-y-su-madre-lo-corrige\/"]}]},{"@type":"ImageObject","inLanguage":"es","@id":"https:\/\/fuentesfidedignas.com.mx\/index.php\/2026\/04\/27\/asi-no-se-les-habla-a-las-mujeres-nino-manda-a-su-hermana-a-lavar-los-trastes-y-su-madre-lo-corrige\/#primaryimage","url":"https:\/\/fuentesfidedignas.com.mx\/wp-content\/uploads\/2026\/04\/nino-lavatrastes.jpg","contentUrl":"https:\/\/fuentesfidedignas.com.mx\/wp-content\/uploads\/2026\/04\/nino-lavatrastes.jpg","width":500,"height":333},{"@type":"BreadcrumbList","@id":"https:\/\/fuentesfidedignas.com.mx\/index.php\/2026\/04\/27\/asi-no-se-les-habla-a-las-mujeres-nino-manda-a-su-hermana-a-lavar-los-trastes-y-su-madre-lo-corrige\/#breadcrumb","itemListElement":[{"@type":"ListItem","position":1,"name":"Inicio","item":"https:\/\/fuentesfidedignas.com.mx\/"},{"@type":"ListItem","position":2,"name":"\u201cAs\u00ed no se les habla a las mujeres\u201d: ni\u00f1o manda a su hermana a lavar los trastes y su madre lo corrige"}]},{"@type":"WebSite","@id":"https:\/\/fuentesfidedignas.com.mx\/#website","url":"https:\/\/fuentesfidedignas.com.mx\/","name":"Fuentes Fidedignas","description":"Otro sitio realizado con WordPress","publisher":{"@id":"https:\/\/fuentesfidedignas.com.mx\/#organization"},"potentialAction":[{"@type":"SearchAction","target":{"@type":"EntryPoint","urlTemplate":"https:\/\/fuentesfidedignas.com.mx\/?s={search_term_string}"},"query-input":{"@type":"PropertyValueSpecification","valueRequired":true,"valueName":"search_term_string"}}],"inLanguage":"es"},{"@type":"Organization","@id":"https:\/\/fuentesfidedignas.com.mx\/#organization","name":"Fuentes Fidedignas","url":"https:\/\/fuentesfidedignas.com.mx\/","logo":{"@type":"ImageObject","inLanguage":"es","@id":"https:\/\/fuentesfidedignas.com.mx\/#\/schema\/logo\/image\/","url":"https:\/\/fuentesfidedignas.com.mx\/wp-content\/uploads\/2021\/04\/logo-retina.png","contentUrl":"https:\/\/fuentesfidedignas.com.mx\/wp-content\/uploads\/2021\/04\/logo-retina.png","width":280,"height":51,"caption":"Fuentes Fidedignas"},"image":{"@id":"https:\/\/fuentesfidedignas.com.mx\/#\/schema\/logo\/image\/"},"sameAs":["https:\/\/www.facebook.com\/Fuentes-Fidedignas-368234489921644","https:\/\/x.com\/fidedignas"]},{"@type":"Person","@id":"https:\/\/fuentesfidedignas.com.mx\/#\/schema\/person\/ff4db17f8fd9c584e0cfc2a0c436b8a1","name":"El Imparcial","image":{"@type":"ImageObject","inLanguage":"es","@id":"https:\/\/secure.gravatar.com\/avatar\/accd6807585a75316c237ee783498317be6f66ab34c47c940966f26a3f613161?s=96&d=mm&r=g","url":"https:\/\/secure.gravatar.com\/avatar\/accd6807585a75316c237ee783498317be6f66ab34c47c940966f26a3f613161?s=96&d=mm&r=g","contentUrl":"https:\/\/secure.gravatar.com\/avatar\/accd6807585a75316c237ee783498317be6f66ab34c47c940966f26a3f613161?s=96&d=mm&r=g","caption":"El Imparcial"},"url":"https:\/\/fuentesfidedignas.com.mx\/index.php\/author\/imparcial\/"}]}},"_links":{"self":[{"href":"https:\/\/fuentesfidedignas.com.mx\/index.php\/wp-json\/wp\/v2\/posts\/132292","targetHints":{"allow":["GET"]}}],"collection":[{"href":"https:\/\/fuentesfidedignas.com.mx\/index.php\/wp-json\/wp\/v2\/posts"}],"about":[{"href":"https:\/\/fuentesfidedignas.com.mx\/index.php\/wp-json\/wp\/v2\/types\/post"}],"author":[{"embeddable":true,"href":"https:\/\/fuentesfidedignas.com.mx\/index.php\/wp-json\/wp\/v2\/users\/40"}],"replies":[{"embeddable":true,"href":"https:\/\/fuentesfidedignas.com.mx\/index.php\/wp-json\/wp\/v2\/comments?post=132292"}],"version-history":[{"count":1,"href":"https:\/\/fuentesfidedignas.com.mx\/index.php\/wp-json\/wp\/v2\/posts\/132292\/revisions"}],"predecessor-version":[{"id":132294,"href":"https:\/\/fuentesfidedignas.com.mx\/index.php\/wp-json\/wp\/v2\/posts\/132292\/revisions\/132294"}],"wp:featuredmedia":[{"embeddable":true,"href":"https:\/\/fuentesfidedignas.com.mx\/index.php\/wp-json\/wp\/v2\/media\/132293"}],"wp:attachment":[{"href":"https:\/\/fuentesfidedignas.com.mx\/index.php\/wp-json\/wp\/v2\/media?parent=132292"}],"wp:term":[{"taxonomy":"category","embeddable":true,"href":"https:\/\/fuentesfidedignas.com.mx\/index.php\/wp-json\/wp\/v2\/categories?post=132292"},{"taxonomy":"post_tag","embeddable":true,"href":"https:\/\/fuentesfidedignas.com.mx\/index.php\/wp-json\/wp\/v2\/tags?post=132292"}],"curies":[{"name":"wp","href":"https:\/\/api.w.org\/{rel}","templated":true}]}}