{"id":132284,"date":"2026-04-26T16:59:45","date_gmt":"2026-04-26T23:59:45","guid":{"rendered":"https:\/\/fuentesfidedignas.com.mx\/?p=132284"},"modified":"2026-04-26T17:09:26","modified_gmt":"2026-04-27T00:09:26","slug":"el-gobierno-inaugura-el-tren-suburbano-al-aifa-tras-tres-anos-de-retraso","status":"publish","type":"post","link":"https:\/\/fuentesfidedignas.com.mx\/index.php\/2026\/04\/26\/el-gobierno-inaugura-el-tren-suburbano-al-aifa-tras-tres-anos-de-retraso\/","title":{"rendered":"El Gobierno inaugura el Tren Suburbano al AIFA tras tres a\u00f1os de retraso"},"content":{"rendered":"\n<p><strong><em>Sheinbaum re\u00fane a la plana mayor de su gabinete para hacer el trayecto y probar la obra, una de las grandes deudas del sexenio de L\u00f3pez Obrador.<\/em><\/strong><\/p>\n\n\n\n<p>El trayecto total del ferrocarril es de 41.6 kil\u00f3metros, de los cuales 24 corresponden al nuevo tramo de Lecher\u00eda al AIFA, y la duraci\u00f3n del recorrido ser\u00e1 de 43 minutos con una velocidad promedio de 65 kil\u00f3metros por hora.<\/p>\n\n\n\n<p>La presidenta Claudia Sheinbaum inaugur\u00f3 el Tren Felipe \u00c1ngeles, que conectar\u00e1 a la Ciudad de M\u00e9xico con el Aeropuerto Internacional Felipe \u00c1ngeles (AIFA).<\/p>\n\n\n\n<p>&#8220;Misi\u00f3n cumplida\u201d, resalt\u00f3 la mandataria en el evento inaugural.<\/p>\n\n\n\n<p>Sheinbaum Pardo refrend\u00f3 con la puesta en marcha del tren de pasajeros el derecho a la movilidad.<\/p>\n\n\n\n<p>&#8220;Somos gobierno del pueblo y gobernamos para el pueblo. Eso significa que garantizamos el derecho a la alimentaci\u00f3n, el derecho a la educaci\u00f3n, el derecho a la salud, y tambi\u00e9n, el derecho a la movilidad. La posibilidad de que las y los mexicanos, a precios accesibles y en el mejor transporte posible, puedan moverse por todo el pa\u00eds\u201d, expuso.<\/p>\n\n\n\n<p>El tren, que ir\u00e1 de Buenavista al AIFA, iniciar\u00e1 su servicio al p\u00fablico en general a las 16:00 h de este domingo 26 de abril.<\/p>\n\n\n\n<p><strong>Tren Felipe \u00c1ngeles, \u00bfcu\u00e1nto costar\u00e1?<\/strong><br>El Tren Felipe \u00c1ngeles iniciar\u00e1 operaciones con 12 estaciones y un tiempo de recorrido de 60 min, que conforme al paso de las semanas se reducir\u00e1 a 45 minutos.<\/p>\n\n\n\n<p>La frecuencia de salidas ser\u00e1 cada 30 min hasta reducirla a 12 min.<\/p>\n\n\n\n<p>Sheinbaum inaugura el Tren Felipe \u00c1ngeles que conecta la CDMX con el AIFA &#8211; tren-felipe-angeles<\/p>\n\n\n\n<p>Durante el primer mes de operaci\u00f3n la tarifa del tren Buenavista-AIFA ser\u00e1 de 45 pesos el recorrido completo, y para las estaciones intermedias de 11.50 pesos.<\/p>\n\n\n\n<p>Tras el periodo promocional se actualizar\u00e1n las tarifas, que se adelanta, ser\u00e1n \u201cmucho m\u00e1s barata que otros medios de transporte\u201d.<\/p>\n\n\n\n<p><strong>Los horarios del tren ser\u00e1n:<\/strong><\/p>\n\n\n\n<p>de lunes a viernes, de 5:00 a 24:00 h<br>s\u00e1bados de 6:00 a 24:00 h<br>domingos y d\u00edas festivos de 7:00 a 24:00 h<\/p>\n\n\n\n<p>En todos los casos, la \u00faltima salida ser\u00e1 a las 23:30 h.<\/p>\n","protected":false},"excerpt":{"rendered":"<p>Sheinbaum re\u00fane a la plana mayor de su gabinete para hacer el trayecto y probar la obra, una de las grandes deudas del sexenio de L\u00f3pez Obrador. El trayecto total del ferrocarril es de 41.6 kil\u00f3metros, de los cuales 24 corresponden al nuevo tramo de Lecher\u00eda al AIFA, y la duraci\u00f3n del recorrido ser\u00e1 de [&hellip;]<\/p>\n","protected":false},"author":47,"featured_media":132285,"comment_status":"open","ping_status":"open","sticky":false,"template":"","format":"standard","meta":{"tdm_status":"","tdm_grid_status":"","footnotes":""},"categories":[39],"tags":[],"class_list":{"0":"post-132284","1":"post","2":"type-post","3":"status-publish","4":"format-standard","5":"has-post-thumbnail","7":"category-noticias-nacionales"},"yoast_head":"<!-- This site is optimized with the Yoast SEO plugin v27.4 - https:\/\/yoast.com\/product\/yoast-seo-wordpress\/ -->\n<title>El Gobierno inaugura el Tren Suburbano al AIFA tras tres a\u00f1os de retraso - Fuentes Fidedignas<\/title>\n<meta name=\"robots\" content=\"index, follow, max-snippet:-1, max-image-preview:large, max-video-preview:-1\" \/>\n<link rel=\"canonical\" href=\"https:\/\/fuentesfidedignas.com.mx\/index.php\/2026\/04\/26\/el-gobierno-inaugura-el-tren-suburbano-al-aifa-tras-tres-anos-de-retraso\/\" \/>\n<meta property=\"og:locale\" content=\"es_MX\" \/>\n<meta property=\"og:type\" content=\"article\" \/>\n<meta property=\"og:title\" content=\"El Gobierno inaugura el Tren Suburbano al AIFA tras tres a\u00f1os de retraso - Fuentes Fidedignas\" \/>\n<meta property=\"og:description\" content=\"Sheinbaum re\u00fane a la plana mayor de su gabinete para hacer el trayecto y probar la obra, una de las grandes deudas del sexenio de L\u00f3pez Obrador. El trayecto total del ferrocarril es de 41.6 kil\u00f3metros, de los cuales 24 corresponden al nuevo tramo de Lecher\u00eda al AIFA, y la duraci\u00f3n del recorrido ser\u00e1 de [&hellip;]\" \/>\n<meta property=\"og:url\" content=\"https:\/\/fuentesfidedignas.com.mx\/index.php\/2026\/04\/26\/el-gobierno-inaugura-el-tren-suburbano-al-aifa-tras-tres-anos-de-retraso\/\" \/>\n<meta property=\"og:site_name\" content=\"Fuentes Fidedignas\" \/>\n<meta property=\"article:publisher\" content=\"https:\/\/www.facebook.com\/Fuentes-Fidedignas-368234489921644\" \/>\n<meta property=\"article:published_time\" content=\"2026-04-26T23:59:45+00:00\" \/>\n<meta property=\"article:modified_time\" content=\"2026-04-27T00:09:26+00:00\" \/>\n<meta property=\"og:image\" content=\"https:\/\/fuentesfidedignas.com.mx\/wp-content\/uploads\/2026\/04\/sheinbaum-en-inauguracion-del-tren-felipe-angeles.jpg\" \/>\n\t<meta property=\"og:image:width\" content=\"500\" \/>\n\t<meta property=\"og:image:height\" content=\"308\" \/>\n\t<meta property=\"og:image:type\" content=\"image\/jpeg\" \/>\n<meta name=\"author\" content=\"L\u00f3pez D\u00f3riga\" \/>\n<meta name=\"twitter:card\" content=\"summary_large_image\" \/>\n<meta name=\"twitter:creator\" content=\"@fidedignas\" \/>\n<meta name=\"twitter:site\" content=\"@fidedignas\" \/>\n<meta name=\"twitter:label1\" content=\"Escrito por\" \/>\n\t<meta name=\"twitter:data1\" content=\"L\u00f3pez D\u00f3riga\" \/>\n\t<meta name=\"twitter:label2\" content=\"Tiempo de lectura\" \/>\n\t<meta name=\"twitter:data2\" content=\"2 minutos\" \/>\n<script type=\"application\/ld+json\" class=\"yoast-schema-graph\">{\"@context\":\"https:\\\/\\\/schema.org\",\"@graph\":[{\"@type\":\"Article\",\"@id\":\"https:\\\/\\\/fuentesfidedignas.com.mx\\\/index.php\\\/2026\\\/04\\\/26\\\/el-gobierno-inaugura-el-tren-suburbano-al-aifa-tras-tres-anos-de-retraso\\\/#article\",\"isPartOf\":{\"@id\":\"https:\\\/\\\/fuentesfidedignas.com.mx\\\/index.php\\\/2026\\\/04\\\/26\\\/el-gobierno-inaugura-el-tren-suburbano-al-aifa-tras-tres-anos-de-retraso\\\/\"},\"author\":{\"name\":\"L\u00f3pez D\u00f3riga\",\"@id\":\"https:\\\/\\\/fuentesfidedignas.com.mx\\\/#\\\/schema\\\/person\\\/67d852f0557c8509146a4b9ddebd543a\"},\"headline\":\"El Gobierno inaugura el Tren Suburbano al AIFA tras tres a\u00f1os de retraso\",\"datePublished\":\"2026-04-26T23:59:45+00:00\",\"dateModified\":\"2026-04-27T00:09:26+00:00\",\"mainEntityOfPage\":{\"@id\":\"https:\\\/\\\/fuentesfidedignas.com.mx\\\/index.php\\\/2026\\\/04\\\/26\\\/el-gobierno-inaugura-el-tren-suburbano-al-aifa-tras-tres-anos-de-retraso\\\/\"},\"wordCount\":361,\"commentCount\":0,\"publisher\":{\"@id\":\"https:\\\/\\\/fuentesfidedignas.com.mx\\\/#organization\"},\"image\":{\"@id\":\"https:\\\/\\\/fuentesfidedignas.com.mx\\\/index.php\\\/2026\\\/04\\\/26\\\/el-gobierno-inaugura-el-tren-suburbano-al-aifa-tras-tres-anos-de-retraso\\\/#primaryimage\"},\"thumbnailUrl\":\"https:\\\/\\\/fuentesfidedignas.com.mx\\\/wp-content\\\/uploads\\\/2026\\\/04\\\/sheinbaum-en-inauguracion-del-tren-felipe-angeles.jpg\",\"articleSection\":[\"NOTICIAS NACIONALES\"],\"inLanguage\":\"es\",\"potentialAction\":[{\"@type\":\"CommentAction\",\"name\":\"Comment\",\"target\":[\"https:\\\/\\\/fuentesfidedignas.com.mx\\\/index.php\\\/2026\\\/04\\\/26\\\/el-gobierno-inaugura-el-tren-suburbano-al-aifa-tras-tres-anos-de-retraso\\\/#respond\"]}]},{\"@type\":\"WebPage\",\"@id\":\"https:\\\/\\\/fuentesfidedignas.com.mx\\\/index.php\\\/2026\\\/04\\\/26\\\/el-gobierno-inaugura-el-tren-suburbano-al-aifa-tras-tres-anos-de-retraso\\\/\",\"url\":\"https:\\\/\\\/fuentesfidedignas.com.mx\\\/index.php\\\/2026\\\/04\\\/26\\\/el-gobierno-inaugura-el-tren-suburbano-al-aifa-tras-tres-anos-de-retraso\\\/\",\"name\":\"El Gobierno inaugura el Tren Suburbano al AIFA tras tres a\u00f1os de retraso - Fuentes Fidedignas\",\"isPartOf\":{\"@id\":\"https:\\\/\\\/fuentesfidedignas.com.mx\\\/#website\"},\"primaryImageOfPage\":{\"@id\":\"https:\\\/\\\/fuentesfidedignas.com.mx\\\/index.php\\\/2026\\\/04\\\/26\\\/el-gobierno-inaugura-el-tren-suburbano-al-aifa-tras-tres-anos-de-retraso\\\/#primaryimage\"},\"image\":{\"@id\":\"https:\\\/\\\/fuentesfidedignas.com.mx\\\/index.php\\\/2026\\\/04\\\/26\\\/el-gobierno-inaugura-el-tren-suburbano-al-aifa-tras-tres-anos-de-retraso\\\/#primaryimage\"},\"thumbnailUrl\":\"https:\\\/\\\/fuentesfidedignas.com.mx\\\/wp-content\\\/uploads\\\/2026\\\/04\\\/sheinbaum-en-inauguracion-del-tren-felipe-angeles.jpg\",\"datePublished\":\"2026-04-26T23:59:45+00:00\",\"dateModified\":\"2026-04-27T00:09:26+00:00\",\"breadcrumb\":{\"@id\":\"https:\\\/\\\/fuentesfidedignas.com.mx\\\/index.php\\\/2026\\\/04\\\/26\\\/el-gobierno-inaugura-el-tren-suburbano-al-aifa-tras-tres-anos-de-retraso\\\/#breadcrumb\"},\"inLanguage\":\"es\",\"potentialAction\":[{\"@type\":\"ReadAction\",\"target\":[\"https:\\\/\\\/fuentesfidedignas.com.mx\\\/index.php\\\/2026\\\/04\\\/26\\\/el-gobierno-inaugura-el-tren-suburbano-al-aifa-tras-tres-anos-de-retraso\\\/\"]}]},{\"@type\":\"ImageObject\",\"inLanguage\":\"es\",\"@id\":\"https:\\\/\\\/fuentesfidedignas.com.mx\\\/index.php\\\/2026\\\/04\\\/26\\\/el-gobierno-inaugura-el-tren-suburbano-al-aifa-tras-tres-anos-de-retraso\\\/#primaryimage\",\"url\":\"https:\\\/\\\/fuentesfidedignas.com.mx\\\/wp-content\\\/uploads\\\/2026\\\/04\\\/sheinbaum-en-inauguracion-del-tren-felipe-angeles.jpg\",\"contentUrl\":\"https:\\\/\\\/fuentesfidedignas.com.mx\\\/wp-content\\\/uploads\\\/2026\\\/04\\\/sheinbaum-en-inauguracion-del-tren-felipe-angeles.jpg\",\"width\":500,\"height\":308},{\"@type\":\"BreadcrumbList\",\"@id\":\"https:\\\/\\\/fuentesfidedignas.com.mx\\\/index.php\\\/2026\\\/04\\\/26\\\/el-gobierno-inaugura-el-tren-suburbano-al-aifa-tras-tres-anos-de-retraso\\\/#breadcrumb\",\"itemListElement\":[{\"@type\":\"ListItem\",\"position\":1,\"name\":\"Inicio\",\"item\":\"https:\\\/\\\/fuentesfidedignas.com.mx\\\/\"},{\"@type\":\"ListItem\",\"position\":2,\"name\":\"El Gobierno inaugura el Tren Suburbano al AIFA tras tres a\u00f1os de retraso\"}]},{\"@type\":\"WebSite\",\"@id\":\"https:\\\/\\\/fuentesfidedignas.com.mx\\\/#website\",\"url\":\"https:\\\/\\\/fuentesfidedignas.com.mx\\\/\",\"name\":\"Fuentes Fidedignas\",\"description\":\"Otro sitio realizado con WordPress\",\"publisher\":{\"@id\":\"https:\\\/\\\/fuentesfidedignas.com.mx\\\/#organization\"},\"potentialAction\":[{\"@type\":\"SearchAction\",\"target\":{\"@type\":\"EntryPoint\",\"urlTemplate\":\"https:\\\/\\\/fuentesfidedignas.com.mx\\\/?s={search_term_string}\"},\"query-input\":{\"@type\":\"PropertyValueSpecification\",\"valueRequired\":true,\"valueName\":\"search_term_string\"}}],\"inLanguage\":\"es\"},{\"@type\":\"Organization\",\"@id\":\"https:\\\/\\\/fuentesfidedignas.com.mx\\\/#organization\",\"name\":\"Fuentes Fidedignas\",\"url\":\"https:\\\/\\\/fuentesfidedignas.com.mx\\\/\",\"logo\":{\"@type\":\"ImageObject\",\"inLanguage\":\"es\",\"@id\":\"https:\\\/\\\/fuentesfidedignas.com.mx\\\/#\\\/schema\\\/logo\\\/image\\\/\",\"url\":\"https:\\\/\\\/fuentesfidedignas.com.mx\\\/wp-content\\\/uploads\\\/2021\\\/04\\\/logo-retina.png\",\"contentUrl\":\"https:\\\/\\\/fuentesfidedignas.com.mx\\\/wp-content\\\/uploads\\\/2021\\\/04\\\/logo-retina.png\",\"width\":280,\"height\":51,\"caption\":\"Fuentes Fidedignas\"},\"image\":{\"@id\":\"https:\\\/\\\/fuentesfidedignas.com.mx\\\/#\\\/schema\\\/logo\\\/image\\\/\"},\"sameAs\":[\"https:\\\/\\\/www.facebook.com\\\/Fuentes-Fidedignas-368234489921644\",\"https:\\\/\\\/x.com\\\/fidedignas\"]},{\"@type\":\"Person\",\"@id\":\"https:\\\/\\\/fuentesfidedignas.com.mx\\\/#\\\/schema\\\/person\\\/67d852f0557c8509146a4b9ddebd543a\",\"name\":\"L\u00f3pez D\u00f3riga\",\"image\":{\"@type\":\"ImageObject\",\"inLanguage\":\"es\",\"@id\":\"https:\\\/\\\/secure.gravatar.com\\\/avatar\\\/e525b06574ca18b33cded59dfe5778d6c823b9513154eff47da551b0551bdd1e?s=96&d=mm&r=g\",\"url\":\"https:\\\/\\\/secure.gravatar.com\\\/avatar\\\/e525b06574ca18b33cded59dfe5778d6c823b9513154eff47da551b0551bdd1e?s=96&d=mm&r=g\",\"contentUrl\":\"https:\\\/\\\/secure.gravatar.com\\\/avatar\\\/e525b06574ca18b33cded59dfe5778d6c823b9513154eff47da551b0551bdd1e?s=96&d=mm&r=g\",\"caption\":\"L\u00f3pez D\u00f3riga\"},\"url\":\"https:\\\/\\\/fuentesfidedignas.com.mx\\\/index.php\\\/author\\\/doriga\\\/\"}]}<\/script>\n<!-- \/ Yoast SEO plugin. -->","yoast_head_json":{"title":"El Gobierno inaugura el Tren Suburbano al AIFA tras tres a\u00f1os de retraso - Fuentes Fidedignas","robots":{"index":"index","follow":"follow","max-snippet":"max-snippet:-1","max-image-preview":"max-image-preview:large","max-video-preview":"max-video-preview:-1"},"canonical":"https:\/\/fuentesfidedignas.com.mx\/index.php\/2026\/04\/26\/el-gobierno-inaugura-el-tren-suburbano-al-aifa-tras-tres-anos-de-retraso\/","og_locale":"es_MX","og_type":"article","og_title":"El Gobierno inaugura el Tren Suburbano al AIFA tras tres a\u00f1os de retraso - Fuentes Fidedignas","og_description":"Sheinbaum re\u00fane a la plana mayor de su gabinete para hacer el trayecto y probar la obra, una de las grandes deudas del sexenio de L\u00f3pez Obrador. El trayecto total del ferrocarril es de 41.6 kil\u00f3metros, de los cuales 24 corresponden al nuevo tramo de Lecher\u00eda al AIFA, y la duraci\u00f3n del recorrido ser\u00e1 de [&hellip;]","og_url":"https:\/\/fuentesfidedignas.com.mx\/index.php\/2026\/04\/26\/el-gobierno-inaugura-el-tren-suburbano-al-aifa-tras-tres-anos-de-retraso\/","og_site_name":"Fuentes Fidedignas","article_publisher":"https:\/\/www.facebook.com\/Fuentes-Fidedignas-368234489921644","article_published_time":"2026-04-26T23:59:45+00:00","article_modified_time":"2026-04-27T00:09:26+00:00","og_image":[{"width":500,"height":308,"url":"https:\/\/fuentesfidedignas.com.mx\/wp-content\/uploads\/2026\/04\/sheinbaum-en-inauguracion-del-tren-felipe-angeles.jpg","type":"image\/jpeg"}],"author":"L\u00f3pez D\u00f3riga","twitter_card":"summary_large_image","twitter_creator":"@fidedignas","twitter_site":"@fidedignas","twitter_misc":{"Escrito por":"L\u00f3pez D\u00f3riga","Tiempo de lectura":"2 minutos"},"schema":{"@context":"https:\/\/schema.org","@graph":[{"@type":"Article","@id":"https:\/\/fuentesfidedignas.com.mx\/index.php\/2026\/04\/26\/el-gobierno-inaugura-el-tren-suburbano-al-aifa-tras-tres-anos-de-retraso\/#article","isPartOf":{"@id":"https:\/\/fuentesfidedignas.com.mx\/index.php\/2026\/04\/26\/el-gobierno-inaugura-el-tren-suburbano-al-aifa-tras-tres-anos-de-retraso\/"},"author":{"name":"L\u00f3pez D\u00f3riga","@id":"https:\/\/fuentesfidedignas.com.mx\/#\/schema\/person\/67d852f0557c8509146a4b9ddebd543a"},"headline":"El Gobierno inaugura el Tren Suburbano al AIFA tras tres a\u00f1os de retraso","datePublished":"2026-04-26T23:59:45+00:00","dateModified":"2026-04-27T00:09:26+00:00","mainEntityOfPage":{"@id":"https:\/\/fuentesfidedignas.com.mx\/index.php\/2026\/04\/26\/el-gobierno-inaugura-el-tren-suburbano-al-aifa-tras-tres-anos-de-retraso\/"},"wordCount":361,"commentCount":0,"publisher":{"@id":"https:\/\/fuentesfidedignas.com.mx\/#organization"},"image":{"@id":"https:\/\/fuentesfidedignas.com.mx\/index.php\/2026\/04\/26\/el-gobierno-inaugura-el-tren-suburbano-al-aifa-tras-tres-anos-de-retraso\/#primaryimage"},"thumbnailUrl":"https:\/\/fuentesfidedignas.com.mx\/wp-content\/uploads\/2026\/04\/sheinbaum-en-inauguracion-del-tren-felipe-angeles.jpg","articleSection":["NOTICIAS NACIONALES"],"inLanguage":"es","potentialAction":[{"@type":"CommentAction","name":"Comment","target":["https:\/\/fuentesfidedignas.com.mx\/index.php\/2026\/04\/26\/el-gobierno-inaugura-el-tren-suburbano-al-aifa-tras-tres-anos-de-retraso\/#respond"]}]},{"@type":"WebPage","@id":"https:\/\/fuentesfidedignas.com.mx\/index.php\/2026\/04\/26\/el-gobierno-inaugura-el-tren-suburbano-al-aifa-tras-tres-anos-de-retraso\/","url":"https:\/\/fuentesfidedignas.com.mx\/index.php\/2026\/04\/26\/el-gobierno-inaugura-el-tren-suburbano-al-aifa-tras-tres-anos-de-retraso\/","name":"El Gobierno inaugura el Tren Suburbano al AIFA tras tres a\u00f1os de retraso - Fuentes Fidedignas","isPartOf":{"@id":"https:\/\/fuentesfidedignas.com.mx\/#website"},"primaryImageOfPage":{"@id":"https:\/\/fuentesfidedignas.com.mx\/index.php\/2026\/04\/26\/el-gobierno-inaugura-el-tren-suburbano-al-aifa-tras-tres-anos-de-retraso\/#primaryimage"},"image":{"@id":"https:\/\/fuentesfidedignas.com.mx\/index.php\/2026\/04\/26\/el-gobierno-inaugura-el-tren-suburbano-al-aifa-tras-tres-anos-de-retraso\/#primaryimage"},"thumbnailUrl":"https:\/\/fuentesfidedignas.com.mx\/wp-content\/uploads\/2026\/04\/sheinbaum-en-inauguracion-del-tren-felipe-angeles.jpg","datePublished":"2026-04-26T23:59:45+00:00","dateModified":"2026-04-27T00:09:26+00:00","breadcrumb":{"@id":"https:\/\/fuentesfidedignas.com.mx\/index.php\/2026\/04\/26\/el-gobierno-inaugura-el-tren-suburbano-al-aifa-tras-tres-anos-de-retraso\/#breadcrumb"},"inLanguage":"es","potentialAction":[{"@type":"ReadAction","target":["https:\/\/fuentesfidedignas.com.mx\/index.php\/2026\/04\/26\/el-gobierno-inaugura-el-tren-suburbano-al-aifa-tras-tres-anos-de-retraso\/"]}]},{"@type":"ImageObject","inLanguage":"es","@id":"https:\/\/fuentesfidedignas.com.mx\/index.php\/2026\/04\/26\/el-gobierno-inaugura-el-tren-suburbano-al-aifa-tras-tres-anos-de-retraso\/#primaryimage","url":"https:\/\/fuentesfidedignas.com.mx\/wp-content\/uploads\/2026\/04\/sheinbaum-en-inauguracion-del-tren-felipe-angeles.jpg","contentUrl":"https:\/\/fuentesfidedignas.com.mx\/wp-content\/uploads\/2026\/04\/sheinbaum-en-inauguracion-del-tren-felipe-angeles.jpg","width":500,"height":308},{"@type":"BreadcrumbList","@id":"https:\/\/fuentesfidedignas.com.mx\/index.php\/2026\/04\/26\/el-gobierno-inaugura-el-tren-suburbano-al-aifa-tras-tres-anos-de-retraso\/#breadcrumb","itemListElement":[{"@type":"ListItem","position":1,"name":"Inicio","item":"https:\/\/fuentesfidedignas.com.mx\/"},{"@type":"ListItem","position":2,"name":"El Gobierno inaugura el Tren Suburbano al AIFA tras tres a\u00f1os de retraso"}]},{"@type":"WebSite","@id":"https:\/\/fuentesfidedignas.com.mx\/#website","url":"https:\/\/fuentesfidedignas.com.mx\/","name":"Fuentes Fidedignas","description":"Otro sitio realizado con WordPress","publisher":{"@id":"https:\/\/fuentesfidedignas.com.mx\/#organization"},"potentialAction":[{"@type":"SearchAction","target":{"@type":"EntryPoint","urlTemplate":"https:\/\/fuentesfidedignas.com.mx\/?s={search_term_string}"},"query-input":{"@type":"PropertyValueSpecification","valueRequired":true,"valueName":"search_term_string"}}],"inLanguage":"es"},{"@type":"Organization","@id":"https:\/\/fuentesfidedignas.com.mx\/#organization","name":"Fuentes Fidedignas","url":"https:\/\/fuentesfidedignas.com.mx\/","logo":{"@type":"ImageObject","inLanguage":"es","@id":"https:\/\/fuentesfidedignas.com.mx\/#\/schema\/logo\/image\/","url":"https:\/\/fuentesfidedignas.com.mx\/wp-content\/uploads\/2021\/04\/logo-retina.png","contentUrl":"https:\/\/fuentesfidedignas.com.mx\/wp-content\/uploads\/2021\/04\/logo-retina.png","width":280,"height":51,"caption":"Fuentes Fidedignas"},"image":{"@id":"https:\/\/fuentesfidedignas.com.mx\/#\/schema\/logo\/image\/"},"sameAs":["https:\/\/www.facebook.com\/Fuentes-Fidedignas-368234489921644","https:\/\/x.com\/fidedignas"]},{"@type":"Person","@id":"https:\/\/fuentesfidedignas.com.mx\/#\/schema\/person\/67d852f0557c8509146a4b9ddebd543a","name":"L\u00f3pez D\u00f3riga","image":{"@type":"ImageObject","inLanguage":"es","@id":"https:\/\/secure.gravatar.com\/avatar\/e525b06574ca18b33cded59dfe5778d6c823b9513154eff47da551b0551bdd1e?s=96&d=mm&r=g","url":"https:\/\/secure.gravatar.com\/avatar\/e525b06574ca18b33cded59dfe5778d6c823b9513154eff47da551b0551bdd1e?s=96&d=mm&r=g","contentUrl":"https:\/\/secure.gravatar.com\/avatar\/e525b06574ca18b33cded59dfe5778d6c823b9513154eff47da551b0551bdd1e?s=96&d=mm&r=g","caption":"L\u00f3pez D\u00f3riga"},"url":"https:\/\/fuentesfidedignas.com.mx\/index.php\/author\/doriga\/"}]}},"_links":{"self":[{"href":"https:\/\/fuentesfidedignas.com.mx\/index.php\/wp-json\/wp\/v2\/posts\/132284","targetHints":{"allow":["GET"]}}],"collection":[{"href":"https:\/\/fuentesfidedignas.com.mx\/index.php\/wp-json\/wp\/v2\/posts"}],"about":[{"href":"https:\/\/fuentesfidedignas.com.mx\/index.php\/wp-json\/wp\/v2\/types\/post"}],"author":[{"embeddable":true,"href":"https:\/\/fuentesfidedignas.com.mx\/index.php\/wp-json\/wp\/v2\/users\/47"}],"replies":[{"embeddable":true,"href":"https:\/\/fuentesfidedignas.com.mx\/index.php\/wp-json\/wp\/v2\/comments?post=132284"}],"version-history":[{"count":1,"href":"https:\/\/fuentesfidedignas.com.mx\/index.php\/wp-json\/wp\/v2\/posts\/132284\/revisions"}],"predecessor-version":[{"id":132286,"href":"https:\/\/fuentesfidedignas.com.mx\/index.php\/wp-json\/wp\/v2\/posts\/132284\/revisions\/132286"}],"wp:featuredmedia":[{"embeddable":true,"href":"https:\/\/fuentesfidedignas.com.mx\/index.php\/wp-json\/wp\/v2\/media\/132285"}],"wp:attachment":[{"href":"https:\/\/fuentesfidedignas.com.mx\/index.php\/wp-json\/wp\/v2\/media?parent=132284"}],"wp:term":[{"taxonomy":"category","embeddable":true,"href":"https:\/\/fuentesfidedignas.com.mx\/index.php\/wp-json\/wp\/v2\/categories?post=132284"},{"taxonomy":"post_tag","embeddable":true,"href":"https:\/\/fuentesfidedignas.com.mx\/index.php\/wp-json\/wp\/v2\/tags?post=132284"}],"curies":[{"name":"wp","href":"https:\/\/api.w.org\/{rel}","templated":true}]}}