{"id":132281,"date":"2026-04-26T15:45:06","date_gmt":"2026-04-26T22:45:06","guid":{"rendered":"https:\/\/fuentesfidedignas.com.mx\/?p=132281"},"modified":"2026-04-26T15:45:10","modified_gmt":"2026-04-26T22:45:10","slug":"guanajuato-fue-sede-de-la-grabacion-del-video-musical-en-la-cima-en-voz-de-angel-moreno","status":"publish","type":"post","link":"https:\/\/fuentesfidedignas.com.mx\/index.php\/2026\/04\/26\/guanajuato-fue-sede-de-la-grabacion-del-video-musical-en-la-cima-en-voz-de-angel-moreno\/","title":{"rendered":"Guanajuato fue sede de la grabaci\u00f3n del video musical &#8220;En la cima&#8221; en voz de \u00c1ngel Moreno"},"content":{"rendered":"\n<p><strong><em>El cantante sinaloense escogi\u00f3 los rincones de la ciudad para filmar su video promocional.<\/em><\/strong><\/p>\n\n\n\n<p>Culiac\u00e1n, Sin.- El estado de Guanajuato no solo es la tierra que ha albergado a artistas ic\u00f3nicos en la m\u00fasica como Jos\u00e9 Alfredo Jim\u00e9nez o Jorge Negrete, tambi\u00e9n ha sido escenario para que otros artistas, lleguen a esta ciudad a filmar sus videos musicales.<\/p>\n\n\n\n<p>Pueblos con Encanto, Pueblos M\u00e1gicos y Patrimonios culturales integran esta hermosa ciudad de Guanajuato, un territorio cumulo de historia, naturaleza y cultura que ofrece escenarios magn\u00edficos y urbanos maravillosos, aunque no solo para turistear sino tambi\u00e9n para ambientar liricas de artistas de talla nacional e internacional.<\/p>\n\n\n\n<p>El cantante sinaloense \u00c1ngel Moreno, no dej\u00f3 pasar la oportunidad de tomar algunas localidades de Guanajuato como fondo para el video musical \u201cEn la cima\u201d, tema rom\u00e1ntico bajo la producci\u00f3n de Fuerza Music y acompa\u00f1ado de una hermosa modelo jalisciense de nombre Diane L\u00f3pez, joven promesa en redes sociales y en concursos de belleza, originaria de Los Altos de Jalisco.<\/p>\n\n\n\n<p>En esta producci\u00f3n se cont\u00f3 con el apoyo de Jos\u00e9 de Jes\u00fas Camarillo y No\u00e9 D\u00edaz, piezas claves para llevar a cabo este video clip en el que su historia se desenvuelve de que un hombre est\u00e1 dispuesto a todo por conquistar a la joven, canci\u00f3n grabada en el g\u00e9nero campirano, pero grabado y producido en Culiac\u00e1n, Sinaloa.<\/p>\n\n\n\n<p><strong>\u00bfSer\u00e1 que muchos j\u00f3venes y no j\u00f3venes se podr\u00e1n identificar con su letra?<\/strong> Claro. Es para todo aquel enamorado que quiera conquistar a una mujer.<\/p>\n\n\n\n<p><strong>\u00bfEst\u00e1s preparado para el \u00e9xito?<\/strong><br>Totalmente, creo que, con el simple hecho de seguir haciendo m\u00fasica para el p\u00fablico, que siempre nos ha apoyado ya somos exitosos.<\/p>\n\n\n\n<p><strong>\u00bfA qui\u00e9n le dedicas este tema musical?<\/strong><br>A todas las muchachonas \u201cchiquiadas y dif\u00edciles\u201d, pero en general, a toda la gente que se identifique con la letra.<\/p>\n\n\n\n<p><strong>A futuro\u2026 \u00bfQu\u00e9 viene para \u00c1ngel Moreno?<\/strong><br>Mucho trabajo, seguir grabando temas, videos para enriquecer las plataformas musicales.<\/p>\n\n\n\n<p>\u00bfSer\u00e1 que en un futuro te veremos pisando escenarios peque\u00f1os y grandes?<br>Ya los hemos pisado y lo vamos a seguir haciendo en diferentes partes de la Rep\u00fablica Mexicana.<\/p>\n\n\n\n<p><strong>Dicen por ah\u00ed, que tu mejor compa\u00f1\u00eda es tu acorde\u00f3n\u2026 \u00bfQu\u00e9 tan cierto es?<\/strong><br>Es un 100% afirmativo. En pocas palabras todo lo que soy se lo debo a la m\u00fasica y a mi hermano que est\u00e1 junto a Dios, por \u00e9l seguimos este camino, es el que siempre nos da las bendiciones, pero en especial mi madre que siempre nos ha apoyado incondicionalmente.<\/p>\n\n\n\n<p><strong>Una propuesta que trasciende el romance<\/strong><br>M\u00e1s all\u00e1 de ser una canci\u00f3n dedicada al amor de pareja, \u2018En la cima\u2019 ampl\u00eda su alcance emocional al rendir homenaje al amor en todas sus manifestaciones. La intenci\u00f3n del cantante \u00c1ngel Moreno es clara: interpretar desde lo \u00edntimo, pero con resonancia universal.<\/p>\n","protected":false},"excerpt":{"rendered":"<p>El cantante sinaloense escogi\u00f3 los rincones de la ciudad para filmar su video promocional. Culiac\u00e1n, Sin.- El estado de Guanajuato no solo es la tierra que ha albergado a artistas ic\u00f3nicos en la m\u00fasica como Jos\u00e9 Alfredo Jim\u00e9nez o Jorge Negrete, tambi\u00e9n ha sido escenario para que otros artistas, lleguen a esta ciudad a filmar [&hellip;]<\/p>\n","protected":false},"author":4,"featured_media":132282,"comment_status":"open","ping_status":"open","sticky":false,"template":"","format":"standard","meta":{"tdm_status":"","tdm_grid_status":"","footnotes":""},"categories":[39],"tags":[],"class_list":{"0":"post-132281","1":"post","2":"type-post","3":"status-publish","4":"format-standard","5":"has-post-thumbnail","7":"category-noticias-nacionales"},"yoast_head":"<!-- This site is optimized with the Yoast SEO plugin v27.4 - https:\/\/yoast.com\/product\/yoast-seo-wordpress\/ -->\n<title>Guanajuato fue sede de la grabaci\u00f3n del video musical &quot;En la cima&quot; en voz de \u00c1ngel Moreno - Fuentes Fidedignas<\/title>\n<meta name=\"robots\" content=\"index, follow, max-snippet:-1, max-image-preview:large, max-video-preview:-1\" \/>\n<link rel=\"canonical\" href=\"https:\/\/fuentesfidedignas.com.mx\/index.php\/2026\/04\/26\/guanajuato-fue-sede-de-la-grabacion-del-video-musical-en-la-cima-en-voz-de-angel-moreno\/\" \/>\n<meta property=\"og:locale\" content=\"es_MX\" \/>\n<meta property=\"og:type\" content=\"article\" \/>\n<meta property=\"og:title\" content=\"Guanajuato fue sede de la grabaci\u00f3n del video musical &quot;En la cima&quot; en voz de \u00c1ngel Moreno - Fuentes Fidedignas\" \/>\n<meta property=\"og:description\" content=\"El cantante sinaloense escogi\u00f3 los rincones de la ciudad para filmar su video promocional. Culiac\u00e1n, Sin.- El estado de Guanajuato no solo es la tierra que ha albergado a artistas ic\u00f3nicos en la m\u00fasica como Jos\u00e9 Alfredo Jim\u00e9nez o Jorge Negrete, tambi\u00e9n ha sido escenario para que otros artistas, lleguen a esta ciudad a filmar [&hellip;]\" \/>\n<meta property=\"og:url\" content=\"https:\/\/fuentesfidedignas.com.mx\/index.php\/2026\/04\/26\/guanajuato-fue-sede-de-la-grabacion-del-video-musical-en-la-cima-en-voz-de-angel-moreno\/\" \/>\n<meta property=\"og:site_name\" content=\"Fuentes Fidedignas\" \/>\n<meta property=\"article:publisher\" content=\"https:\/\/www.facebook.com\/Fuentes-Fidedignas-368234489921644\" \/>\n<meta property=\"article:published_time\" content=\"2026-04-26T22:45:06+00:00\" \/>\n<meta property=\"article:modified_time\" content=\"2026-04-26T22:45:10+00:00\" \/>\n<meta property=\"og:image\" content=\"https:\/\/fuentesfidedignas.com.mx\/wp-content\/uploads\/2026\/04\/Angel-Moreno.jpg\" \/>\n\t<meta property=\"og:image:width\" content=\"500\" \/>\n\t<meta property=\"og:image:height\" content=\"313\" \/>\n\t<meta property=\"og:image:type\" content=\"image\/jpeg\" \/>\n<meta name=\"author\" content=\"Redacci\u00f3n\" \/>\n<meta name=\"twitter:card\" content=\"summary_large_image\" \/>\n<meta name=\"twitter:creator\" content=\"@fidedignas\" \/>\n<meta name=\"twitter:site\" content=\"@fidedignas\" \/>\n<meta name=\"twitter:label1\" content=\"Escrito por\" \/>\n\t<meta name=\"twitter:data1\" content=\"Redacci\u00f3n\" \/>\n\t<meta name=\"twitter:label2\" content=\"Tiempo de lectura\" \/>\n\t<meta name=\"twitter:data2\" content=\"3 minutos\" \/>\n<script type=\"application\/ld+json\" class=\"yoast-schema-graph\">{\"@context\":\"https:\\\/\\\/schema.org\",\"@graph\":[{\"@type\":\"Article\",\"@id\":\"https:\\\/\\\/fuentesfidedignas.com.mx\\\/index.php\\\/2026\\\/04\\\/26\\\/guanajuato-fue-sede-de-la-grabacion-del-video-musical-en-la-cima-en-voz-de-angel-moreno\\\/#article\",\"isPartOf\":{\"@id\":\"https:\\\/\\\/fuentesfidedignas.com.mx\\\/index.php\\\/2026\\\/04\\\/26\\\/guanajuato-fue-sede-de-la-grabacion-del-video-musical-en-la-cima-en-voz-de-angel-moreno\\\/\"},\"author\":{\"name\":\"Redacci\u00f3n\",\"@id\":\"https:\\\/\\\/fuentesfidedignas.com.mx\\\/#\\\/schema\\\/person\\\/331be9283d37198e2acd5750279085b0\"},\"headline\":\"Guanajuato fue sede de la grabaci\u00f3n del video musical &#8220;En la cima&#8221; en voz de \u00c1ngel Moreno\",\"datePublished\":\"2026-04-26T22:45:06+00:00\",\"dateModified\":\"2026-04-26T22:45:10+00:00\",\"mainEntityOfPage\":{\"@id\":\"https:\\\/\\\/fuentesfidedignas.com.mx\\\/index.php\\\/2026\\\/04\\\/26\\\/guanajuato-fue-sede-de-la-grabacion-del-video-musical-en-la-cima-en-voz-de-angel-moreno\\\/\"},\"wordCount\":514,\"commentCount\":0,\"publisher\":{\"@id\":\"https:\\\/\\\/fuentesfidedignas.com.mx\\\/#organization\"},\"image\":{\"@id\":\"https:\\\/\\\/fuentesfidedignas.com.mx\\\/index.php\\\/2026\\\/04\\\/26\\\/guanajuato-fue-sede-de-la-grabacion-del-video-musical-en-la-cima-en-voz-de-angel-moreno\\\/#primaryimage\"},\"thumbnailUrl\":\"https:\\\/\\\/fuentesfidedignas.com.mx\\\/wp-content\\\/uploads\\\/2026\\\/04\\\/Angel-Moreno.jpg\",\"articleSection\":[\"NOTICIAS NACIONALES\"],\"inLanguage\":\"es\",\"potentialAction\":[{\"@type\":\"CommentAction\",\"name\":\"Comment\",\"target\":[\"https:\\\/\\\/fuentesfidedignas.com.mx\\\/index.php\\\/2026\\\/04\\\/26\\\/guanajuato-fue-sede-de-la-grabacion-del-video-musical-en-la-cima-en-voz-de-angel-moreno\\\/#respond\"]}]},{\"@type\":\"WebPage\",\"@id\":\"https:\\\/\\\/fuentesfidedignas.com.mx\\\/index.php\\\/2026\\\/04\\\/26\\\/guanajuato-fue-sede-de-la-grabacion-del-video-musical-en-la-cima-en-voz-de-angel-moreno\\\/\",\"url\":\"https:\\\/\\\/fuentesfidedignas.com.mx\\\/index.php\\\/2026\\\/04\\\/26\\\/guanajuato-fue-sede-de-la-grabacion-del-video-musical-en-la-cima-en-voz-de-angel-moreno\\\/\",\"name\":\"Guanajuato fue sede de la grabaci\u00f3n del video musical \\\"En la cima\\\" en voz de \u00c1ngel Moreno - Fuentes Fidedignas\",\"isPartOf\":{\"@id\":\"https:\\\/\\\/fuentesfidedignas.com.mx\\\/#website\"},\"primaryImageOfPage\":{\"@id\":\"https:\\\/\\\/fuentesfidedignas.com.mx\\\/index.php\\\/2026\\\/04\\\/26\\\/guanajuato-fue-sede-de-la-grabacion-del-video-musical-en-la-cima-en-voz-de-angel-moreno\\\/#primaryimage\"},\"image\":{\"@id\":\"https:\\\/\\\/fuentesfidedignas.com.mx\\\/index.php\\\/2026\\\/04\\\/26\\\/guanajuato-fue-sede-de-la-grabacion-del-video-musical-en-la-cima-en-voz-de-angel-moreno\\\/#primaryimage\"},\"thumbnailUrl\":\"https:\\\/\\\/fuentesfidedignas.com.mx\\\/wp-content\\\/uploads\\\/2026\\\/04\\\/Angel-Moreno.jpg\",\"datePublished\":\"2026-04-26T22:45:06+00:00\",\"dateModified\":\"2026-04-26T22:45:10+00:00\",\"breadcrumb\":{\"@id\":\"https:\\\/\\\/fuentesfidedignas.com.mx\\\/index.php\\\/2026\\\/04\\\/26\\\/guanajuato-fue-sede-de-la-grabacion-del-video-musical-en-la-cima-en-voz-de-angel-moreno\\\/#breadcrumb\"},\"inLanguage\":\"es\",\"potentialAction\":[{\"@type\":\"ReadAction\",\"target\":[\"https:\\\/\\\/fuentesfidedignas.com.mx\\\/index.php\\\/2026\\\/04\\\/26\\\/guanajuato-fue-sede-de-la-grabacion-del-video-musical-en-la-cima-en-voz-de-angel-moreno\\\/\"]}]},{\"@type\":\"ImageObject\",\"inLanguage\":\"es\",\"@id\":\"https:\\\/\\\/fuentesfidedignas.com.mx\\\/index.php\\\/2026\\\/04\\\/26\\\/guanajuato-fue-sede-de-la-grabacion-del-video-musical-en-la-cima-en-voz-de-angel-moreno\\\/#primaryimage\",\"url\":\"https:\\\/\\\/fuentesfidedignas.com.mx\\\/wp-content\\\/uploads\\\/2026\\\/04\\\/Angel-Moreno.jpg\",\"contentUrl\":\"https:\\\/\\\/fuentesfidedignas.com.mx\\\/wp-content\\\/uploads\\\/2026\\\/04\\\/Angel-Moreno.jpg\",\"width\":500,\"height\":313},{\"@type\":\"BreadcrumbList\",\"@id\":\"https:\\\/\\\/fuentesfidedignas.com.mx\\\/index.php\\\/2026\\\/04\\\/26\\\/guanajuato-fue-sede-de-la-grabacion-del-video-musical-en-la-cima-en-voz-de-angel-moreno\\\/#breadcrumb\",\"itemListElement\":[{\"@type\":\"ListItem\",\"position\":1,\"name\":\"Inicio\",\"item\":\"https:\\\/\\\/fuentesfidedignas.com.mx\\\/\"},{\"@type\":\"ListItem\",\"position\":2,\"name\":\"Guanajuato fue sede de la grabaci\u00f3n del video musical &#8220;En la cima&#8221; en voz de \u00c1ngel Moreno\"}]},{\"@type\":\"WebSite\",\"@id\":\"https:\\\/\\\/fuentesfidedignas.com.mx\\\/#website\",\"url\":\"https:\\\/\\\/fuentesfidedignas.com.mx\\\/\",\"name\":\"Fuentes Fidedignas\",\"description\":\"Otro sitio realizado con WordPress\",\"publisher\":{\"@id\":\"https:\\\/\\\/fuentesfidedignas.com.mx\\\/#organization\"},\"potentialAction\":[{\"@type\":\"SearchAction\",\"target\":{\"@type\":\"EntryPoint\",\"urlTemplate\":\"https:\\\/\\\/fuentesfidedignas.com.mx\\\/?s={search_term_string}\"},\"query-input\":{\"@type\":\"PropertyValueSpecification\",\"valueRequired\":true,\"valueName\":\"search_term_string\"}}],\"inLanguage\":\"es\"},{\"@type\":\"Organization\",\"@id\":\"https:\\\/\\\/fuentesfidedignas.com.mx\\\/#organization\",\"name\":\"Fuentes Fidedignas\",\"url\":\"https:\\\/\\\/fuentesfidedignas.com.mx\\\/\",\"logo\":{\"@type\":\"ImageObject\",\"inLanguage\":\"es\",\"@id\":\"https:\\\/\\\/fuentesfidedignas.com.mx\\\/#\\\/schema\\\/logo\\\/image\\\/\",\"url\":\"https:\\\/\\\/fuentesfidedignas.com.mx\\\/wp-content\\\/uploads\\\/2021\\\/04\\\/logo-retina.png\",\"contentUrl\":\"https:\\\/\\\/fuentesfidedignas.com.mx\\\/wp-content\\\/uploads\\\/2021\\\/04\\\/logo-retina.png\",\"width\":280,\"height\":51,\"caption\":\"Fuentes Fidedignas\"},\"image\":{\"@id\":\"https:\\\/\\\/fuentesfidedignas.com.mx\\\/#\\\/schema\\\/logo\\\/image\\\/\"},\"sameAs\":[\"https:\\\/\\\/www.facebook.com\\\/Fuentes-Fidedignas-368234489921644\",\"https:\\\/\\\/x.com\\\/fidedignas\"]},{\"@type\":\"Person\",\"@id\":\"https:\\\/\\\/fuentesfidedignas.com.mx\\\/#\\\/schema\\\/person\\\/331be9283d37198e2acd5750279085b0\",\"name\":\"Redacci\u00f3n\",\"image\":{\"@type\":\"ImageObject\",\"inLanguage\":\"es\",\"@id\":\"https:\\\/\\\/secure.gravatar.com\\\/avatar\\\/f6d8782c11d12b2d4ad3fbb6931aeab5309937a4d6cd2fc9cfaa28a6396a5aec?s=96&d=mm&r=g\",\"url\":\"https:\\\/\\\/secure.gravatar.com\\\/avatar\\\/f6d8782c11d12b2d4ad3fbb6931aeab5309937a4d6cd2fc9cfaa28a6396a5aec?s=96&d=mm&r=g\",\"contentUrl\":\"https:\\\/\\\/secure.gravatar.com\\\/avatar\\\/f6d8782c11d12b2d4ad3fbb6931aeab5309937a4d6cd2fc9cfaa28a6396a5aec?s=96&d=mm&r=g\",\"caption\":\"Redacci\u00f3n\"},\"url\":\"https:\\\/\\\/fuentesfidedignas.com.mx\\\/index.php\\\/author\\\/redaccion\\\/\"}]}<\/script>\n<!-- \/ Yoast SEO plugin. -->","yoast_head_json":{"title":"Guanajuato fue sede de la grabaci\u00f3n del video musical \"En la cima\" en voz de \u00c1ngel Moreno - Fuentes Fidedignas","robots":{"index":"index","follow":"follow","max-snippet":"max-snippet:-1","max-image-preview":"max-image-preview:large","max-video-preview":"max-video-preview:-1"},"canonical":"https:\/\/fuentesfidedignas.com.mx\/index.php\/2026\/04\/26\/guanajuato-fue-sede-de-la-grabacion-del-video-musical-en-la-cima-en-voz-de-angel-moreno\/","og_locale":"es_MX","og_type":"article","og_title":"Guanajuato fue sede de la grabaci\u00f3n del video musical \"En la cima\" en voz de \u00c1ngel Moreno - Fuentes Fidedignas","og_description":"El cantante sinaloense escogi\u00f3 los rincones de la ciudad para filmar su video promocional. Culiac\u00e1n, Sin.- El estado de Guanajuato no solo es la tierra que ha albergado a artistas ic\u00f3nicos en la m\u00fasica como Jos\u00e9 Alfredo Jim\u00e9nez o Jorge Negrete, tambi\u00e9n ha sido escenario para que otros artistas, lleguen a esta ciudad a filmar [&hellip;]","og_url":"https:\/\/fuentesfidedignas.com.mx\/index.php\/2026\/04\/26\/guanajuato-fue-sede-de-la-grabacion-del-video-musical-en-la-cima-en-voz-de-angel-moreno\/","og_site_name":"Fuentes Fidedignas","article_publisher":"https:\/\/www.facebook.com\/Fuentes-Fidedignas-368234489921644","article_published_time":"2026-04-26T22:45:06+00:00","article_modified_time":"2026-04-26T22:45:10+00:00","og_image":[{"width":500,"height":313,"url":"https:\/\/fuentesfidedignas.com.mx\/wp-content\/uploads\/2026\/04\/Angel-Moreno.jpg","type":"image\/jpeg"}],"author":"Redacci\u00f3n","twitter_card":"summary_large_image","twitter_creator":"@fidedignas","twitter_site":"@fidedignas","twitter_misc":{"Escrito por":"Redacci\u00f3n","Tiempo de lectura":"3 minutos"},"schema":{"@context":"https:\/\/schema.org","@graph":[{"@type":"Article","@id":"https:\/\/fuentesfidedignas.com.mx\/index.php\/2026\/04\/26\/guanajuato-fue-sede-de-la-grabacion-del-video-musical-en-la-cima-en-voz-de-angel-moreno\/#article","isPartOf":{"@id":"https:\/\/fuentesfidedignas.com.mx\/index.php\/2026\/04\/26\/guanajuato-fue-sede-de-la-grabacion-del-video-musical-en-la-cima-en-voz-de-angel-moreno\/"},"author":{"name":"Redacci\u00f3n","@id":"https:\/\/fuentesfidedignas.com.mx\/#\/schema\/person\/331be9283d37198e2acd5750279085b0"},"headline":"Guanajuato fue sede de la grabaci\u00f3n del video musical &#8220;En la cima&#8221; en voz de \u00c1ngel Moreno","datePublished":"2026-04-26T22:45:06+00:00","dateModified":"2026-04-26T22:45:10+00:00","mainEntityOfPage":{"@id":"https:\/\/fuentesfidedignas.com.mx\/index.php\/2026\/04\/26\/guanajuato-fue-sede-de-la-grabacion-del-video-musical-en-la-cima-en-voz-de-angel-moreno\/"},"wordCount":514,"commentCount":0,"publisher":{"@id":"https:\/\/fuentesfidedignas.com.mx\/#organization"},"image":{"@id":"https:\/\/fuentesfidedignas.com.mx\/index.php\/2026\/04\/26\/guanajuato-fue-sede-de-la-grabacion-del-video-musical-en-la-cima-en-voz-de-angel-moreno\/#primaryimage"},"thumbnailUrl":"https:\/\/fuentesfidedignas.com.mx\/wp-content\/uploads\/2026\/04\/Angel-Moreno.jpg","articleSection":["NOTICIAS NACIONALES"],"inLanguage":"es","potentialAction":[{"@type":"CommentAction","name":"Comment","target":["https:\/\/fuentesfidedignas.com.mx\/index.php\/2026\/04\/26\/guanajuato-fue-sede-de-la-grabacion-del-video-musical-en-la-cima-en-voz-de-angel-moreno\/#respond"]}]},{"@type":"WebPage","@id":"https:\/\/fuentesfidedignas.com.mx\/index.php\/2026\/04\/26\/guanajuato-fue-sede-de-la-grabacion-del-video-musical-en-la-cima-en-voz-de-angel-moreno\/","url":"https:\/\/fuentesfidedignas.com.mx\/index.php\/2026\/04\/26\/guanajuato-fue-sede-de-la-grabacion-del-video-musical-en-la-cima-en-voz-de-angel-moreno\/","name":"Guanajuato fue sede de la grabaci\u00f3n del video musical \"En la cima\" en voz de \u00c1ngel Moreno - Fuentes Fidedignas","isPartOf":{"@id":"https:\/\/fuentesfidedignas.com.mx\/#website"},"primaryImageOfPage":{"@id":"https:\/\/fuentesfidedignas.com.mx\/index.php\/2026\/04\/26\/guanajuato-fue-sede-de-la-grabacion-del-video-musical-en-la-cima-en-voz-de-angel-moreno\/#primaryimage"},"image":{"@id":"https:\/\/fuentesfidedignas.com.mx\/index.php\/2026\/04\/26\/guanajuato-fue-sede-de-la-grabacion-del-video-musical-en-la-cima-en-voz-de-angel-moreno\/#primaryimage"},"thumbnailUrl":"https:\/\/fuentesfidedignas.com.mx\/wp-content\/uploads\/2026\/04\/Angel-Moreno.jpg","datePublished":"2026-04-26T22:45:06+00:00","dateModified":"2026-04-26T22:45:10+00:00","breadcrumb":{"@id":"https:\/\/fuentesfidedignas.com.mx\/index.php\/2026\/04\/26\/guanajuato-fue-sede-de-la-grabacion-del-video-musical-en-la-cima-en-voz-de-angel-moreno\/#breadcrumb"},"inLanguage":"es","potentialAction":[{"@type":"ReadAction","target":["https:\/\/fuentesfidedignas.com.mx\/index.php\/2026\/04\/26\/guanajuato-fue-sede-de-la-grabacion-del-video-musical-en-la-cima-en-voz-de-angel-moreno\/"]}]},{"@type":"ImageObject","inLanguage":"es","@id":"https:\/\/fuentesfidedignas.com.mx\/index.php\/2026\/04\/26\/guanajuato-fue-sede-de-la-grabacion-del-video-musical-en-la-cima-en-voz-de-angel-moreno\/#primaryimage","url":"https:\/\/fuentesfidedignas.com.mx\/wp-content\/uploads\/2026\/04\/Angel-Moreno.jpg","contentUrl":"https:\/\/fuentesfidedignas.com.mx\/wp-content\/uploads\/2026\/04\/Angel-Moreno.jpg","width":500,"height":313},{"@type":"BreadcrumbList","@id":"https:\/\/fuentesfidedignas.com.mx\/index.php\/2026\/04\/26\/guanajuato-fue-sede-de-la-grabacion-del-video-musical-en-la-cima-en-voz-de-angel-moreno\/#breadcrumb","itemListElement":[{"@type":"ListItem","position":1,"name":"Inicio","item":"https:\/\/fuentesfidedignas.com.mx\/"},{"@type":"ListItem","position":2,"name":"Guanajuato fue sede de la grabaci\u00f3n del video musical &#8220;En la cima&#8221; en voz de \u00c1ngel Moreno"}]},{"@type":"WebSite","@id":"https:\/\/fuentesfidedignas.com.mx\/#website","url":"https:\/\/fuentesfidedignas.com.mx\/","name":"Fuentes Fidedignas","description":"Otro sitio realizado con WordPress","publisher":{"@id":"https:\/\/fuentesfidedignas.com.mx\/#organization"},"potentialAction":[{"@type":"SearchAction","target":{"@type":"EntryPoint","urlTemplate":"https:\/\/fuentesfidedignas.com.mx\/?s={search_term_string}"},"query-input":{"@type":"PropertyValueSpecification","valueRequired":true,"valueName":"search_term_string"}}],"inLanguage":"es"},{"@type":"Organization","@id":"https:\/\/fuentesfidedignas.com.mx\/#organization","name":"Fuentes Fidedignas","url":"https:\/\/fuentesfidedignas.com.mx\/","logo":{"@type":"ImageObject","inLanguage":"es","@id":"https:\/\/fuentesfidedignas.com.mx\/#\/schema\/logo\/image\/","url":"https:\/\/fuentesfidedignas.com.mx\/wp-content\/uploads\/2021\/04\/logo-retina.png","contentUrl":"https:\/\/fuentesfidedignas.com.mx\/wp-content\/uploads\/2021\/04\/logo-retina.png","width":280,"height":51,"caption":"Fuentes Fidedignas"},"image":{"@id":"https:\/\/fuentesfidedignas.com.mx\/#\/schema\/logo\/image\/"},"sameAs":["https:\/\/www.facebook.com\/Fuentes-Fidedignas-368234489921644","https:\/\/x.com\/fidedignas"]},{"@type":"Person","@id":"https:\/\/fuentesfidedignas.com.mx\/#\/schema\/person\/331be9283d37198e2acd5750279085b0","name":"Redacci\u00f3n","image":{"@type":"ImageObject","inLanguage":"es","@id":"https:\/\/secure.gravatar.com\/avatar\/f6d8782c11d12b2d4ad3fbb6931aeab5309937a4d6cd2fc9cfaa28a6396a5aec?s=96&d=mm&r=g","url":"https:\/\/secure.gravatar.com\/avatar\/f6d8782c11d12b2d4ad3fbb6931aeab5309937a4d6cd2fc9cfaa28a6396a5aec?s=96&d=mm&r=g","contentUrl":"https:\/\/secure.gravatar.com\/avatar\/f6d8782c11d12b2d4ad3fbb6931aeab5309937a4d6cd2fc9cfaa28a6396a5aec?s=96&d=mm&r=g","caption":"Redacci\u00f3n"},"url":"https:\/\/fuentesfidedignas.com.mx\/index.php\/author\/redaccion\/"}]}},"_links":{"self":[{"href":"https:\/\/fuentesfidedignas.com.mx\/index.php\/wp-json\/wp\/v2\/posts\/132281","targetHints":{"allow":["GET"]}}],"collection":[{"href":"https:\/\/fuentesfidedignas.com.mx\/index.php\/wp-json\/wp\/v2\/posts"}],"about":[{"href":"https:\/\/fuentesfidedignas.com.mx\/index.php\/wp-json\/wp\/v2\/types\/post"}],"author":[{"embeddable":true,"href":"https:\/\/fuentesfidedignas.com.mx\/index.php\/wp-json\/wp\/v2\/users\/4"}],"replies":[{"embeddable":true,"href":"https:\/\/fuentesfidedignas.com.mx\/index.php\/wp-json\/wp\/v2\/comments?post=132281"}],"version-history":[{"count":1,"href":"https:\/\/fuentesfidedignas.com.mx\/index.php\/wp-json\/wp\/v2\/posts\/132281\/revisions"}],"predecessor-version":[{"id":132283,"href":"https:\/\/fuentesfidedignas.com.mx\/index.php\/wp-json\/wp\/v2\/posts\/132281\/revisions\/132283"}],"wp:featuredmedia":[{"embeddable":true,"href":"https:\/\/fuentesfidedignas.com.mx\/index.php\/wp-json\/wp\/v2\/media\/132282"}],"wp:attachment":[{"href":"https:\/\/fuentesfidedignas.com.mx\/index.php\/wp-json\/wp\/v2\/media?parent=132281"}],"wp:term":[{"taxonomy":"category","embeddable":true,"href":"https:\/\/fuentesfidedignas.com.mx\/index.php\/wp-json\/wp\/v2\/categories?post=132281"},{"taxonomy":"post_tag","embeddable":true,"href":"https:\/\/fuentesfidedignas.com.mx\/index.php\/wp-json\/wp\/v2\/tags?post=132281"}],"curies":[{"name":"wp","href":"https:\/\/api.w.org\/{rel}","templated":true}]}}