{"id":132278,"date":"2026-04-26T15:06:29","date_gmt":"2026-04-26T22:06:29","guid":{"rendered":"https:\/\/fuentesfidedignas.com.mx\/?p=132278"},"modified":"2026-04-26T15:06:33","modified_gmt":"2026-04-26T22:06:33","slug":"participa-sinaloa-en-dos-eventos-nacionales-de-la-secretaria-de-turismo-en-guerrero","status":"publish","type":"post","link":"https:\/\/fuentesfidedignas.com.mx\/index.php\/2026\/04\/26\/participa-sinaloa-en-dos-eventos-nacionales-de-la-secretaria-de-turismo-en-guerrero\/","title":{"rendered":"Participa Sinaloa en dos eventos nacionales de la Secretaria de Turismo, en Guerrero"},"content":{"rendered":"\n<p><strong><em>El estado reafirma su compromiso con un turismo que genere bienestar, prosperidad compartida y proteja la identidad local.<\/em><\/strong><\/p>\n\n\n\n<p>Acapulco, Guerrero.- En v\u00edsperas del arranque del Tianguis Tur\u00edstico 2026, que tendr\u00e1 lugar en Acapulco del 27 al 30 de abril, se llev\u00f3 a cabo la Conferencia Nacional de Secretarios de Turismo y Funcionarios Tur\u00edsticos, m\u00e1ximo \u00f3rgano de coordinaci\u00f3n para la planeaci\u00f3n y ejecuci\u00f3n de estrategias tur\u00edsticas en M\u00e9xico.<\/p>\n\n\n\n<p>El evento estuvo encabezado por la secretaria de Turismo de M\u00e9xico, Josefina Rodr\u00edguez Zamora, acompa\u00f1ada por autoridades federales y estatales, entre ellos Miguel Agu\u00ed\u00f1iga Rodr\u00edguez, titular de la Unidad de Innovaci\u00f3n, Sustentabilidad y Profesionalizaci\u00f3n Tur\u00edstica; Nathalie Desplas, subsecretaria de Turismo de M\u00e9xico; Sim\u00f3n Qui\u00f1ones, secretario de Turismo de Guerrero y Bernardo Cueto Riestra, presidente de la Asociaci\u00f3n de Secretarios de Turismo de M\u00e9xico (ASETUR).<\/p>\n\n\n\n<p>En representaci\u00f3n de Sinaloa, asisti\u00f3 la secretaria de Turismo estatal, Mireya Sosa Osuna, quien destac\u00f3 la relevancia de este espacio para alinear la pol\u00edtica p\u00fablica con los objetivos de desarrollo local.<\/p>\n\n\n\n<p>\u201cSer parte de la Primera Conferencia Nacional de Secretarios de Turismo marca un momento clave para fortalecer la coordinaci\u00f3n entre estados y consolidar una visi\u00f3n de pa\u00eds. En el marco del Tianguis Tur\u00edstico 2026, desde Sinaloa nos sumamos con responsabilidad a las 10 metas del Plan M\u00e9xico, en concordancia con la visi\u00f3n y directrices de nuestro gobernador, el Dr. Rub\u00e9n Rocha Moya. Seguiremos impulsando una estrategia integral de promoci\u00f3n, competitiva y con sentido de desarrollo para posicionar a Sinaloa en los mercados nacionales e internacionales y as\u00ed juntos llegar a ser el quinto pa\u00eds m\u00e1s visitado del mundo, porque hoy M\u00e9xico est\u00e1 de moda&#8221;, afirm\u00f3 la funcionaria sinaloense.<\/p>\n\n\n\n<p>El objetivo primordial es que el turismo contin\u00fae siendo un motor que genere bienestar y prosperidad compartida para las comunidades, siempre bajo una visi\u00f3n que cuide su identidad y fortalezca el desarrollo integral de cada destino.<\/p>\n\n\n\n<p>\u201cAgradecidos siempre con el liderazgo de nuestra Secretaria de Turismo del Gobierno de M\u00e9xico, Josefina Rodr\u00edguez Zamora, quien pone alma, coraz\u00f3n y conocimiento en posicionar a nuestro pa\u00eds como una potencia tur\u00edstica mundial\u201d, enfatiz\u00f3 Sosa Osuna.<\/p>\n\n\n\n<p>Durante la sesi\u00f3n de trabajo, los participantes abordaron ejes estrat\u00e9gicos para el fortalecimiento de la agenda nacional, destacando el impulso al turismo deportivo; la mejora en la conectividad a\u00e9rea a nivel nacional e internacional; la protecci\u00f3n y preservaci\u00f3n de la identidad de las comunidades mexicanas y una estrategia integral de promoci\u00f3n tur\u00edstica.<\/p>\n\n\n\n<p>La Conferencia Nacional, que trabaja en estrecha colaboraci\u00f3n con ASETUR, funciona como una plataforma esencial para coordinar los tres \u00f3rdenes de gobierno (federal, estatal y municipal) y el sector privado.<\/p>\n\n\n\n<p>Actualmente, el \u00f3rgano ha centrado sus esfuerzos en promover un modelo de gesti\u00f3n basado en el turismo comunitario y sostenible, con el fin de asegurar el ordenamiento, la promoci\u00f3n y el posicionamiento de M\u00e9xico como un referente tur\u00edstico mundial.<\/p>\n\n\n\n<p>Posterior a la conferencia se llev\u00f3 a cabo la 68 Asamblea General Ordinaria de ASETUR, el \u00f3rgano m\u00e1ximo de reuni\u00f3n de las secretarias y secretarios de Turismo de M\u00e9xico, donde los titulares de las 32 entidades del pa\u00eds coordinaron estrategias con el objetivo de hacer del turismo una prioridad para M\u00e9xico.<\/p>\n\n\n\n<p>Entre los puntos clave de este encuentro destacan el turismo comunitario, buscando establecer una ruta com\u00fan que ponga a las comunidades y a los habitantes en el centro del desarrollo tur\u00edstico; as\u00ed como la coordinaci\u00f3n directa con el Gobierno de M\u00e9xico para consolidar al sector como herramienta de bienestar y desarrollo econ\u00f3mico.<\/p>\n","protected":false},"excerpt":{"rendered":"<p>El estado reafirma su compromiso con un turismo que genere bienestar, prosperidad compartida y proteja la identidad local. Acapulco, Guerrero.- En v\u00edsperas del arranque del Tianguis Tur\u00edstico 2026, que tendr\u00e1 lugar en Acapulco del 27 al 30 de abril, se llev\u00f3 a cabo la Conferencia Nacional de Secretarios de Turismo y Funcionarios Tur\u00edsticos, m\u00e1ximo \u00f3rgano [&hellip;]<\/p>\n","protected":false},"author":4,"featured_media":132279,"comment_status":"open","ping_status":"open","sticky":false,"template":"","format":"standard","meta":{"tdm_status":"","tdm_grid_status":"","footnotes":""},"categories":[37],"tags":[],"class_list":{"0":"post-132278","1":"post","2":"type-post","3":"status-publish","4":"format-standard","5":"has-post-thumbnail","7":"category-nota-principal"},"yoast_head":"<!-- This site is optimized with the Yoast SEO plugin v27.4 - https:\/\/yoast.com\/product\/yoast-seo-wordpress\/ -->\n<title>Participa Sinaloa en dos eventos nacionales de la Secretaria de Turismo, en Guerrero - Fuentes Fidedignas<\/title>\n<meta name=\"robots\" content=\"index, follow, max-snippet:-1, max-image-preview:large, max-video-preview:-1\" \/>\n<link rel=\"canonical\" href=\"https:\/\/fuentesfidedignas.com.mx\/index.php\/2026\/04\/26\/participa-sinaloa-en-dos-eventos-nacionales-de-la-secretaria-de-turismo-en-guerrero\/\" \/>\n<meta property=\"og:locale\" content=\"es_MX\" \/>\n<meta property=\"og:type\" content=\"article\" \/>\n<meta property=\"og:title\" content=\"Participa Sinaloa en dos eventos nacionales de la Secretaria de Turismo, en Guerrero - Fuentes Fidedignas\" \/>\n<meta property=\"og:description\" content=\"El estado reafirma su compromiso con un turismo que genere bienestar, prosperidad compartida y proteja la identidad local. Acapulco, Guerrero.- En v\u00edsperas del arranque del Tianguis Tur\u00edstico 2026, que tendr\u00e1 lugar en Acapulco del 27 al 30 de abril, se llev\u00f3 a cabo la Conferencia Nacional de Secretarios de Turismo y Funcionarios Tur\u00edsticos, m\u00e1ximo \u00f3rgano [&hellip;]\" \/>\n<meta property=\"og:url\" content=\"https:\/\/fuentesfidedignas.com.mx\/index.php\/2026\/04\/26\/participa-sinaloa-en-dos-eventos-nacionales-de-la-secretaria-de-turismo-en-guerrero\/\" \/>\n<meta property=\"og:site_name\" content=\"Fuentes Fidedignas\" \/>\n<meta property=\"article:publisher\" content=\"https:\/\/www.facebook.com\/Fuentes-Fidedignas-368234489921644\" \/>\n<meta property=\"article:published_time\" content=\"2026-04-26T22:06:29+00:00\" \/>\n<meta property=\"article:modified_time\" content=\"2026-04-26T22:06:33+00:00\" \/>\n<meta property=\"og:image\" content=\"https:\/\/fuentesfidedignas.com.mx\/wp-content\/uploads\/2026\/04\/WhatsApp-Image-2026-04-26-at-1.23.25-PM.jpeg\" \/>\n\t<meta property=\"og:image:width\" content=\"500\" \/>\n\t<meta property=\"og:image:height\" content=\"375\" \/>\n\t<meta property=\"og:image:type\" content=\"image\/jpeg\" \/>\n<meta name=\"author\" content=\"Redacci\u00f3n\" \/>\n<meta name=\"twitter:card\" content=\"summary_large_image\" \/>\n<meta name=\"twitter:creator\" content=\"@fidedignas\" \/>\n<meta name=\"twitter:site\" content=\"@fidedignas\" \/>\n<meta name=\"twitter:label1\" content=\"Escrito por\" \/>\n\t<meta name=\"twitter:data1\" content=\"Redacci\u00f3n\" \/>\n\t<meta name=\"twitter:label2\" content=\"Tiempo de lectura\" \/>\n\t<meta name=\"twitter:data2\" content=\"3 minutos\" \/>\n<script type=\"application\/ld+json\" class=\"yoast-schema-graph\">{\"@context\":\"https:\\\/\\\/schema.org\",\"@graph\":[{\"@type\":\"Article\",\"@id\":\"https:\\\/\\\/fuentesfidedignas.com.mx\\\/index.php\\\/2026\\\/04\\\/26\\\/participa-sinaloa-en-dos-eventos-nacionales-de-la-secretaria-de-turismo-en-guerrero\\\/#article\",\"isPartOf\":{\"@id\":\"https:\\\/\\\/fuentesfidedignas.com.mx\\\/index.php\\\/2026\\\/04\\\/26\\\/participa-sinaloa-en-dos-eventos-nacionales-de-la-secretaria-de-turismo-en-guerrero\\\/\"},\"author\":{\"name\":\"Redacci\u00f3n\",\"@id\":\"https:\\\/\\\/fuentesfidedignas.com.mx\\\/#\\\/schema\\\/person\\\/331be9283d37198e2acd5750279085b0\"},\"headline\":\"Participa Sinaloa en dos eventos nacionales de la Secretaria de Turismo, en Guerrero\",\"datePublished\":\"2026-04-26T22:06:29+00:00\",\"dateModified\":\"2026-04-26T22:06:33+00:00\",\"mainEntityOfPage\":{\"@id\":\"https:\\\/\\\/fuentesfidedignas.com.mx\\\/index.php\\\/2026\\\/04\\\/26\\\/participa-sinaloa-en-dos-eventos-nacionales-de-la-secretaria-de-turismo-en-guerrero\\\/\"},\"wordCount\":638,\"commentCount\":0,\"publisher\":{\"@id\":\"https:\\\/\\\/fuentesfidedignas.com.mx\\\/#organization\"},\"image\":{\"@id\":\"https:\\\/\\\/fuentesfidedignas.com.mx\\\/index.php\\\/2026\\\/04\\\/26\\\/participa-sinaloa-en-dos-eventos-nacionales-de-la-secretaria-de-turismo-en-guerrero\\\/#primaryimage\"},\"thumbnailUrl\":\"https:\\\/\\\/fuentesfidedignas.com.mx\\\/wp-content\\\/uploads\\\/2026\\\/04\\\/WhatsApp-Image-2026-04-26-at-1.23.25-PM.jpeg\",\"articleSection\":[\"NOTA PRINCIPAL\"],\"inLanguage\":\"es\",\"potentialAction\":[{\"@type\":\"CommentAction\",\"name\":\"Comment\",\"target\":[\"https:\\\/\\\/fuentesfidedignas.com.mx\\\/index.php\\\/2026\\\/04\\\/26\\\/participa-sinaloa-en-dos-eventos-nacionales-de-la-secretaria-de-turismo-en-guerrero\\\/#respond\"]}]},{\"@type\":\"WebPage\",\"@id\":\"https:\\\/\\\/fuentesfidedignas.com.mx\\\/index.php\\\/2026\\\/04\\\/26\\\/participa-sinaloa-en-dos-eventos-nacionales-de-la-secretaria-de-turismo-en-guerrero\\\/\",\"url\":\"https:\\\/\\\/fuentesfidedignas.com.mx\\\/index.php\\\/2026\\\/04\\\/26\\\/participa-sinaloa-en-dos-eventos-nacionales-de-la-secretaria-de-turismo-en-guerrero\\\/\",\"name\":\"Participa Sinaloa en dos eventos nacionales de la Secretaria de Turismo, en Guerrero - Fuentes Fidedignas\",\"isPartOf\":{\"@id\":\"https:\\\/\\\/fuentesfidedignas.com.mx\\\/#website\"},\"primaryImageOfPage\":{\"@id\":\"https:\\\/\\\/fuentesfidedignas.com.mx\\\/index.php\\\/2026\\\/04\\\/26\\\/participa-sinaloa-en-dos-eventos-nacionales-de-la-secretaria-de-turismo-en-guerrero\\\/#primaryimage\"},\"image\":{\"@id\":\"https:\\\/\\\/fuentesfidedignas.com.mx\\\/index.php\\\/2026\\\/04\\\/26\\\/participa-sinaloa-en-dos-eventos-nacionales-de-la-secretaria-de-turismo-en-guerrero\\\/#primaryimage\"},\"thumbnailUrl\":\"https:\\\/\\\/fuentesfidedignas.com.mx\\\/wp-content\\\/uploads\\\/2026\\\/04\\\/WhatsApp-Image-2026-04-26-at-1.23.25-PM.jpeg\",\"datePublished\":\"2026-04-26T22:06:29+00:00\",\"dateModified\":\"2026-04-26T22:06:33+00:00\",\"breadcrumb\":{\"@id\":\"https:\\\/\\\/fuentesfidedignas.com.mx\\\/index.php\\\/2026\\\/04\\\/26\\\/participa-sinaloa-en-dos-eventos-nacionales-de-la-secretaria-de-turismo-en-guerrero\\\/#breadcrumb\"},\"inLanguage\":\"es\",\"potentialAction\":[{\"@type\":\"ReadAction\",\"target\":[\"https:\\\/\\\/fuentesfidedignas.com.mx\\\/index.php\\\/2026\\\/04\\\/26\\\/participa-sinaloa-en-dos-eventos-nacionales-de-la-secretaria-de-turismo-en-guerrero\\\/\"]}]},{\"@type\":\"ImageObject\",\"inLanguage\":\"es\",\"@id\":\"https:\\\/\\\/fuentesfidedignas.com.mx\\\/index.php\\\/2026\\\/04\\\/26\\\/participa-sinaloa-en-dos-eventos-nacionales-de-la-secretaria-de-turismo-en-guerrero\\\/#primaryimage\",\"url\":\"https:\\\/\\\/fuentesfidedignas.com.mx\\\/wp-content\\\/uploads\\\/2026\\\/04\\\/WhatsApp-Image-2026-04-26-at-1.23.25-PM.jpeg\",\"contentUrl\":\"https:\\\/\\\/fuentesfidedignas.com.mx\\\/wp-content\\\/uploads\\\/2026\\\/04\\\/WhatsApp-Image-2026-04-26-at-1.23.25-PM.jpeg\",\"width\":500,\"height\":375},{\"@type\":\"BreadcrumbList\",\"@id\":\"https:\\\/\\\/fuentesfidedignas.com.mx\\\/index.php\\\/2026\\\/04\\\/26\\\/participa-sinaloa-en-dos-eventos-nacionales-de-la-secretaria-de-turismo-en-guerrero\\\/#breadcrumb\",\"itemListElement\":[{\"@type\":\"ListItem\",\"position\":1,\"name\":\"Inicio\",\"item\":\"https:\\\/\\\/fuentesfidedignas.com.mx\\\/\"},{\"@type\":\"ListItem\",\"position\":2,\"name\":\"Participa Sinaloa en dos eventos nacionales de la Secretaria de Turismo, en Guerrero\"}]},{\"@type\":\"WebSite\",\"@id\":\"https:\\\/\\\/fuentesfidedignas.com.mx\\\/#website\",\"url\":\"https:\\\/\\\/fuentesfidedignas.com.mx\\\/\",\"name\":\"Fuentes Fidedignas\",\"description\":\"Otro sitio realizado con WordPress\",\"publisher\":{\"@id\":\"https:\\\/\\\/fuentesfidedignas.com.mx\\\/#organization\"},\"potentialAction\":[{\"@type\":\"SearchAction\",\"target\":{\"@type\":\"EntryPoint\",\"urlTemplate\":\"https:\\\/\\\/fuentesfidedignas.com.mx\\\/?s={search_term_string}\"},\"query-input\":{\"@type\":\"PropertyValueSpecification\",\"valueRequired\":true,\"valueName\":\"search_term_string\"}}],\"inLanguage\":\"es\"},{\"@type\":\"Organization\",\"@id\":\"https:\\\/\\\/fuentesfidedignas.com.mx\\\/#organization\",\"name\":\"Fuentes Fidedignas\",\"url\":\"https:\\\/\\\/fuentesfidedignas.com.mx\\\/\",\"logo\":{\"@type\":\"ImageObject\",\"inLanguage\":\"es\",\"@id\":\"https:\\\/\\\/fuentesfidedignas.com.mx\\\/#\\\/schema\\\/logo\\\/image\\\/\",\"url\":\"https:\\\/\\\/fuentesfidedignas.com.mx\\\/wp-content\\\/uploads\\\/2021\\\/04\\\/logo-retina.png\",\"contentUrl\":\"https:\\\/\\\/fuentesfidedignas.com.mx\\\/wp-content\\\/uploads\\\/2021\\\/04\\\/logo-retina.png\",\"width\":280,\"height\":51,\"caption\":\"Fuentes Fidedignas\"},\"image\":{\"@id\":\"https:\\\/\\\/fuentesfidedignas.com.mx\\\/#\\\/schema\\\/logo\\\/image\\\/\"},\"sameAs\":[\"https:\\\/\\\/www.facebook.com\\\/Fuentes-Fidedignas-368234489921644\",\"https:\\\/\\\/x.com\\\/fidedignas\"]},{\"@type\":\"Person\",\"@id\":\"https:\\\/\\\/fuentesfidedignas.com.mx\\\/#\\\/schema\\\/person\\\/331be9283d37198e2acd5750279085b0\",\"name\":\"Redacci\u00f3n\",\"image\":{\"@type\":\"ImageObject\",\"inLanguage\":\"es\",\"@id\":\"https:\\\/\\\/secure.gravatar.com\\\/avatar\\\/f6d8782c11d12b2d4ad3fbb6931aeab5309937a4d6cd2fc9cfaa28a6396a5aec?s=96&d=mm&r=g\",\"url\":\"https:\\\/\\\/secure.gravatar.com\\\/avatar\\\/f6d8782c11d12b2d4ad3fbb6931aeab5309937a4d6cd2fc9cfaa28a6396a5aec?s=96&d=mm&r=g\",\"contentUrl\":\"https:\\\/\\\/secure.gravatar.com\\\/avatar\\\/f6d8782c11d12b2d4ad3fbb6931aeab5309937a4d6cd2fc9cfaa28a6396a5aec?s=96&d=mm&r=g\",\"caption\":\"Redacci\u00f3n\"},\"url\":\"https:\\\/\\\/fuentesfidedignas.com.mx\\\/index.php\\\/author\\\/redaccion\\\/\"}]}<\/script>\n<!-- \/ Yoast SEO plugin. -->","yoast_head_json":{"title":"Participa Sinaloa en dos eventos nacionales de la Secretaria de Turismo, en Guerrero - Fuentes Fidedignas","robots":{"index":"index","follow":"follow","max-snippet":"max-snippet:-1","max-image-preview":"max-image-preview:large","max-video-preview":"max-video-preview:-1"},"canonical":"https:\/\/fuentesfidedignas.com.mx\/index.php\/2026\/04\/26\/participa-sinaloa-en-dos-eventos-nacionales-de-la-secretaria-de-turismo-en-guerrero\/","og_locale":"es_MX","og_type":"article","og_title":"Participa Sinaloa en dos eventos nacionales de la Secretaria de Turismo, en Guerrero - Fuentes Fidedignas","og_description":"El estado reafirma su compromiso con un turismo que genere bienestar, prosperidad compartida y proteja la identidad local. Acapulco, Guerrero.- En v\u00edsperas del arranque del Tianguis Tur\u00edstico 2026, que tendr\u00e1 lugar en Acapulco del 27 al 30 de abril, se llev\u00f3 a cabo la Conferencia Nacional de Secretarios de Turismo y Funcionarios Tur\u00edsticos, m\u00e1ximo \u00f3rgano [&hellip;]","og_url":"https:\/\/fuentesfidedignas.com.mx\/index.php\/2026\/04\/26\/participa-sinaloa-en-dos-eventos-nacionales-de-la-secretaria-de-turismo-en-guerrero\/","og_site_name":"Fuentes Fidedignas","article_publisher":"https:\/\/www.facebook.com\/Fuentes-Fidedignas-368234489921644","article_published_time":"2026-04-26T22:06:29+00:00","article_modified_time":"2026-04-26T22:06:33+00:00","og_image":[{"width":500,"height":375,"url":"https:\/\/fuentesfidedignas.com.mx\/wp-content\/uploads\/2026\/04\/WhatsApp-Image-2026-04-26-at-1.23.25-PM.jpeg","type":"image\/jpeg"}],"author":"Redacci\u00f3n","twitter_card":"summary_large_image","twitter_creator":"@fidedignas","twitter_site":"@fidedignas","twitter_misc":{"Escrito por":"Redacci\u00f3n","Tiempo de lectura":"3 minutos"},"schema":{"@context":"https:\/\/schema.org","@graph":[{"@type":"Article","@id":"https:\/\/fuentesfidedignas.com.mx\/index.php\/2026\/04\/26\/participa-sinaloa-en-dos-eventos-nacionales-de-la-secretaria-de-turismo-en-guerrero\/#article","isPartOf":{"@id":"https:\/\/fuentesfidedignas.com.mx\/index.php\/2026\/04\/26\/participa-sinaloa-en-dos-eventos-nacionales-de-la-secretaria-de-turismo-en-guerrero\/"},"author":{"name":"Redacci\u00f3n","@id":"https:\/\/fuentesfidedignas.com.mx\/#\/schema\/person\/331be9283d37198e2acd5750279085b0"},"headline":"Participa Sinaloa en dos eventos nacionales de la Secretaria de Turismo, en Guerrero","datePublished":"2026-04-26T22:06:29+00:00","dateModified":"2026-04-26T22:06:33+00:00","mainEntityOfPage":{"@id":"https:\/\/fuentesfidedignas.com.mx\/index.php\/2026\/04\/26\/participa-sinaloa-en-dos-eventos-nacionales-de-la-secretaria-de-turismo-en-guerrero\/"},"wordCount":638,"commentCount":0,"publisher":{"@id":"https:\/\/fuentesfidedignas.com.mx\/#organization"},"image":{"@id":"https:\/\/fuentesfidedignas.com.mx\/index.php\/2026\/04\/26\/participa-sinaloa-en-dos-eventos-nacionales-de-la-secretaria-de-turismo-en-guerrero\/#primaryimage"},"thumbnailUrl":"https:\/\/fuentesfidedignas.com.mx\/wp-content\/uploads\/2026\/04\/WhatsApp-Image-2026-04-26-at-1.23.25-PM.jpeg","articleSection":["NOTA PRINCIPAL"],"inLanguage":"es","potentialAction":[{"@type":"CommentAction","name":"Comment","target":["https:\/\/fuentesfidedignas.com.mx\/index.php\/2026\/04\/26\/participa-sinaloa-en-dos-eventos-nacionales-de-la-secretaria-de-turismo-en-guerrero\/#respond"]}]},{"@type":"WebPage","@id":"https:\/\/fuentesfidedignas.com.mx\/index.php\/2026\/04\/26\/participa-sinaloa-en-dos-eventos-nacionales-de-la-secretaria-de-turismo-en-guerrero\/","url":"https:\/\/fuentesfidedignas.com.mx\/index.php\/2026\/04\/26\/participa-sinaloa-en-dos-eventos-nacionales-de-la-secretaria-de-turismo-en-guerrero\/","name":"Participa Sinaloa en dos eventos nacionales de la Secretaria de Turismo, en Guerrero - Fuentes Fidedignas","isPartOf":{"@id":"https:\/\/fuentesfidedignas.com.mx\/#website"},"primaryImageOfPage":{"@id":"https:\/\/fuentesfidedignas.com.mx\/index.php\/2026\/04\/26\/participa-sinaloa-en-dos-eventos-nacionales-de-la-secretaria-de-turismo-en-guerrero\/#primaryimage"},"image":{"@id":"https:\/\/fuentesfidedignas.com.mx\/index.php\/2026\/04\/26\/participa-sinaloa-en-dos-eventos-nacionales-de-la-secretaria-de-turismo-en-guerrero\/#primaryimage"},"thumbnailUrl":"https:\/\/fuentesfidedignas.com.mx\/wp-content\/uploads\/2026\/04\/WhatsApp-Image-2026-04-26-at-1.23.25-PM.jpeg","datePublished":"2026-04-26T22:06:29+00:00","dateModified":"2026-04-26T22:06:33+00:00","breadcrumb":{"@id":"https:\/\/fuentesfidedignas.com.mx\/index.php\/2026\/04\/26\/participa-sinaloa-en-dos-eventos-nacionales-de-la-secretaria-de-turismo-en-guerrero\/#breadcrumb"},"inLanguage":"es","potentialAction":[{"@type":"ReadAction","target":["https:\/\/fuentesfidedignas.com.mx\/index.php\/2026\/04\/26\/participa-sinaloa-en-dos-eventos-nacionales-de-la-secretaria-de-turismo-en-guerrero\/"]}]},{"@type":"ImageObject","inLanguage":"es","@id":"https:\/\/fuentesfidedignas.com.mx\/index.php\/2026\/04\/26\/participa-sinaloa-en-dos-eventos-nacionales-de-la-secretaria-de-turismo-en-guerrero\/#primaryimage","url":"https:\/\/fuentesfidedignas.com.mx\/wp-content\/uploads\/2026\/04\/WhatsApp-Image-2026-04-26-at-1.23.25-PM.jpeg","contentUrl":"https:\/\/fuentesfidedignas.com.mx\/wp-content\/uploads\/2026\/04\/WhatsApp-Image-2026-04-26-at-1.23.25-PM.jpeg","width":500,"height":375},{"@type":"BreadcrumbList","@id":"https:\/\/fuentesfidedignas.com.mx\/index.php\/2026\/04\/26\/participa-sinaloa-en-dos-eventos-nacionales-de-la-secretaria-de-turismo-en-guerrero\/#breadcrumb","itemListElement":[{"@type":"ListItem","position":1,"name":"Inicio","item":"https:\/\/fuentesfidedignas.com.mx\/"},{"@type":"ListItem","position":2,"name":"Participa Sinaloa en dos eventos nacionales de la Secretaria de Turismo, en Guerrero"}]},{"@type":"WebSite","@id":"https:\/\/fuentesfidedignas.com.mx\/#website","url":"https:\/\/fuentesfidedignas.com.mx\/","name":"Fuentes Fidedignas","description":"Otro sitio realizado con WordPress","publisher":{"@id":"https:\/\/fuentesfidedignas.com.mx\/#organization"},"potentialAction":[{"@type":"SearchAction","target":{"@type":"EntryPoint","urlTemplate":"https:\/\/fuentesfidedignas.com.mx\/?s={search_term_string}"},"query-input":{"@type":"PropertyValueSpecification","valueRequired":true,"valueName":"search_term_string"}}],"inLanguage":"es"},{"@type":"Organization","@id":"https:\/\/fuentesfidedignas.com.mx\/#organization","name":"Fuentes Fidedignas","url":"https:\/\/fuentesfidedignas.com.mx\/","logo":{"@type":"ImageObject","inLanguage":"es","@id":"https:\/\/fuentesfidedignas.com.mx\/#\/schema\/logo\/image\/","url":"https:\/\/fuentesfidedignas.com.mx\/wp-content\/uploads\/2021\/04\/logo-retina.png","contentUrl":"https:\/\/fuentesfidedignas.com.mx\/wp-content\/uploads\/2021\/04\/logo-retina.png","width":280,"height":51,"caption":"Fuentes Fidedignas"},"image":{"@id":"https:\/\/fuentesfidedignas.com.mx\/#\/schema\/logo\/image\/"},"sameAs":["https:\/\/www.facebook.com\/Fuentes-Fidedignas-368234489921644","https:\/\/x.com\/fidedignas"]},{"@type":"Person","@id":"https:\/\/fuentesfidedignas.com.mx\/#\/schema\/person\/331be9283d37198e2acd5750279085b0","name":"Redacci\u00f3n","image":{"@type":"ImageObject","inLanguage":"es","@id":"https:\/\/secure.gravatar.com\/avatar\/f6d8782c11d12b2d4ad3fbb6931aeab5309937a4d6cd2fc9cfaa28a6396a5aec?s=96&d=mm&r=g","url":"https:\/\/secure.gravatar.com\/avatar\/f6d8782c11d12b2d4ad3fbb6931aeab5309937a4d6cd2fc9cfaa28a6396a5aec?s=96&d=mm&r=g","contentUrl":"https:\/\/secure.gravatar.com\/avatar\/f6d8782c11d12b2d4ad3fbb6931aeab5309937a4d6cd2fc9cfaa28a6396a5aec?s=96&d=mm&r=g","caption":"Redacci\u00f3n"},"url":"https:\/\/fuentesfidedignas.com.mx\/index.php\/author\/redaccion\/"}]}},"_links":{"self":[{"href":"https:\/\/fuentesfidedignas.com.mx\/index.php\/wp-json\/wp\/v2\/posts\/132278","targetHints":{"allow":["GET"]}}],"collection":[{"href":"https:\/\/fuentesfidedignas.com.mx\/index.php\/wp-json\/wp\/v2\/posts"}],"about":[{"href":"https:\/\/fuentesfidedignas.com.mx\/index.php\/wp-json\/wp\/v2\/types\/post"}],"author":[{"embeddable":true,"href":"https:\/\/fuentesfidedignas.com.mx\/index.php\/wp-json\/wp\/v2\/users\/4"}],"replies":[{"embeddable":true,"href":"https:\/\/fuentesfidedignas.com.mx\/index.php\/wp-json\/wp\/v2\/comments?post=132278"}],"version-history":[{"count":1,"href":"https:\/\/fuentesfidedignas.com.mx\/index.php\/wp-json\/wp\/v2\/posts\/132278\/revisions"}],"predecessor-version":[{"id":132280,"href":"https:\/\/fuentesfidedignas.com.mx\/index.php\/wp-json\/wp\/v2\/posts\/132278\/revisions\/132280"}],"wp:featuredmedia":[{"embeddable":true,"href":"https:\/\/fuentesfidedignas.com.mx\/index.php\/wp-json\/wp\/v2\/media\/132279"}],"wp:attachment":[{"href":"https:\/\/fuentesfidedignas.com.mx\/index.php\/wp-json\/wp\/v2\/media?parent=132278"}],"wp:term":[{"taxonomy":"category","embeddable":true,"href":"https:\/\/fuentesfidedignas.com.mx\/index.php\/wp-json\/wp\/v2\/categories?post=132278"},{"taxonomy":"post_tag","embeddable":true,"href":"https:\/\/fuentesfidedignas.com.mx\/index.php\/wp-json\/wp\/v2\/tags?post=132278"}],"curies":[{"name":"wp","href":"https:\/\/api.w.org\/{rel}","templated":true}]}}