{"id":132271,"date":"2026-04-26T11:36:06","date_gmt":"2026-04-26T18:36:06","guid":{"rendered":"https:\/\/fuentesfidedignas.com.mx\/?p=132271"},"modified":"2026-04-26T11:43:43","modified_gmt":"2026-04-26T18:43:43","slug":"atacante-si-iba-por-trump-karoline-leavitt-afirma-que-cole-tomas-lo-queria-matar","status":"publish","type":"post","link":"https:\/\/fuentesfidedignas.com.mx\/index.php\/2026\/04\/26\/atacante-si-iba-por-trump-karoline-leavitt-afirma-que-cole-tomas-lo-queria-matar\/","title":{"rendered":"Atacante s\u00ed iba por Trump: Karoline Leavitt afirma que Cole Tomas  lo quer\u00eda matar"},"content":{"rendered":"\n<p><strong><em>Si uno de los objetivos de este hombre era asustarnos, fracas\u00f3\u2019, afirm\u00f3 el fiscal general de EU.<\/em><\/strong><\/p>\n\n\n\n<p>La secretaria de prensa de la Casa Blanca, Karoline Leavitt, describi\u00f3 al atacante en la cena de corresponsales de la que fue evacuado Donald Trump como un \u201cloco que buscaba asesinar al presidente y matar a tantos altos funcionarios de la administraci\u00f3n Trump como fuera posible\u201d.<\/p>\n\n\n\n<p>\u201cEsta violencia pol\u00edtica debe terminar\u201d, escribi\u00f3 Leavitt en X, y afirm\u00f3 que un agente \u201crecibi\u00f3 un disparo en el pecho e inmediatamente se moviliz\u00f3 para neutralizar al tirador\u201d.<\/p>\n\n\n\n<p>El sospechoso armado que intent\u00f3 entrar en un sal\u00f3n de baile de Washington donde el presidente Donald Trump estaba dando un discurso probablemente ten\u00eda como objetivo a funcionarios de la administraci\u00f3n, dijo el fiscal general interino Todd Blanche.<\/p>\n\n\n\n<p>Blanche declar\u00f3 este domingo en el programa Meet the Press de la NBC que se cree que el hombre actu\u00f3 solo tras viajar en tren desde California y que se alojaba en el Washington Hilton, que albergaba la cena anual de corresponsales de la Casa Blanca en la que estaba previsto que hablara Trump.<\/p>\n\n\n\n<p>Seg\u00fan nuestras investigaciones hasta el momento, \u201ccreemos que el sospechoso ten\u00eda como objetivo a funcionarios de la administraci\u00f3n\u201d, declar\u00f3 Blanche, citando ciertos escritos del sospechoso y entrevistas con personas que lo conoc\u00edan. Blanche se neg\u00f3 a pronunciarse sobre si Trump era el objetivo, limit\u00e1ndose a decir que formaba parte de la administraci\u00f3n.<\/p>\n\n\n\n<p>Sus comentarios chocan con los de Karoline Leavitt, que afirm\u00f3 que Cole Tomas Allen s\u00ed intent\u00f3 matar a Trump. No qued\u00f3 claro de inmediato si su evaluaci\u00f3n se basaba en los hallazgos de las fuerzas del orden.<\/p>\n\n\n\n<p>A\u00fan no est\u00e1n claros los motivos del sospechoso, declar\u00f3 Blanche, a\u00f1adiendo que hasta el momento no ve ninguna conexi\u00f3n con ninguna directiva pol\u00edtica espec\u00edfica de la administraci\u00f3n. Seg\u00fan un perfil de inteligencia policial revisado por Bloomberg, el hombre hab\u00eda adquirido sus armas \u2014una escopeta y una pistola semiautom\u00e1tica\u2014 en los \u00faltimos tres a\u00f1os.<\/p>\n\n\n\n<p>\u201cNo dejaremos de hacer cosas como las que hicimos anoche bajo esta administraci\u00f3n\u201d, dijo Blanche en el programa Face the Nation de CBS . \u201cY si uno de los objetivos de este hombre era asustarnos, fracas\u00f3\u201d.<\/p>\n\n\n\n<p><strong>\u00bfQu\u00e9 sigue para Cole Tomas Allen? Este ser\u00e1 el proceso tras su captura<\/strong><br>El presunto autor de los disparos en la Casa Blanca, identificado como Cole Tomas Allen, de 31 a\u00f1os y residente de Torrance, California, ser\u00e1 acusado el lunes de agredir a un agente federal y de usar un arma de fuego en una agresi\u00f3n, seg\u00fan declar\u00f3 Blanche en NBC. En declaraciones a CBS, indic\u00f3 que podr\u00edan presentarse cargos adicionales dependiendo del m\u00f3vil del atacante y de las pruebas recabadas durante la investigaci\u00f3n en curso.<\/p>\n\n\n\n<p>Seg\u00fan CBS News, que cit\u00f3 a un funcionario estadounidense an\u00f3nimo, las autoridades encontraron ret\u00f3rica anti-Trump y anticristiana en las redes sociales del sospechoso. Antes del ataque, el sospechoso envi\u00f3 algunos de sus escritos a familiares, uno de los cuales alert\u00f3 a las autoridades, inform\u00f3 CBS.<\/p>\n\n\n\n<p>Un agente del Servicio Secreto result\u00f3 herido de bala, pero el proyectil impact\u00f3 en su chaleco antibalas y el agente \u201cestar\u00e1 bien\u201d, declar\u00f3 Jeanine Pirro, fiscal federal del Distrito de Columbia, el s\u00e1bado por la noche en una rueda de prensa.<\/p>\n\n\n\n<p>Los disparos interrumpieron la primera aparici\u00f3n de Trump como presidente en la cena anual, a la que sus predecesores asist\u00edan habitualmente. Agentes del Servicio Secreto entraron r\u00e1pidamente en la sala para evacuar a Trump, a la primera dama Melania Trump, al vicepresidente JD Vance y a los miembros del gabinete. Los asistentes se refugiaron bajo las mesas. El incidente tuvo lugar justo a las afueras del sal\u00f3n de baile del Washington Hilton, donde se celebraba la cena.<\/p>\n\n\n\n<p>Trump dijo el domingo que el tiroteo era un recordatorio de por qu\u00e9 est\u00e1 intentando construir un nuevo y enorme sal\u00f3n de baile en la Casa Blanca.<\/p>\n\n\n\n<p>\u201cEste evento jam\u00e1s habr\u00eda sido posible con el Sal\u00f3n de Baile Militarmente Ultrasecreto actualmente en construcci\u00f3n en la Casa Blanca. \u00a1No se puede construir lo suficientemente r\u00e1pido!\u201d, escribi\u00f3 en una publicaci\u00f3n en redes sociales.<\/p>\n\n\n\n<p>Tambi\u00e9n compar\u00f3 la seguridad del sal\u00f3n de baile que planeaba usar con la del hotel que alberg\u00f3 el evento del s\u00e1bado. \u201cNo hay habitaciones en la parte superior por donde puedan entrar personas sin autorizaci\u00f3n, y est\u00e1 dentro del recinto del edificio m\u00e1s seguro del mundo\u201d, agreg\u00f3.<\/p>\n\n\n\n<p>Cuando le preguntaron en el programa State of the Union de CNN si el incidente hab\u00eda sido una falla de seguridad, Blanche rechaz\u00f3 esa idea. \u201cFue un gran \u00e9xito de seguridad\u201d, dijo. \u201cEste sospechoso apenas logr\u00f3 traspasar el per\u00edmetro\u201d.<\/p>\n\n\n\n<p>El tiroteo constituye el ejemplo m\u00e1s reciente de la violencia pol\u00edtica que ha asolado al pa\u00eds, incluyendo el ataque del 6 de enero de 2021 contra el Capitolio de Estados Unidos y el incendio de la residencia del gobernador de Pensilvania. Trump ya hab\u00eda sido objeto de intentos de asesinato, como el ocurrido en un mitin en Pensilvania en 2024, en el que una bala le roz\u00f3 la oreja.<\/p>\n\n\n\n<p>\u201cLa forma en que respondemos a esas amenazas no es encerr\u00e1ndonos en un b\u00fanker y escondi\u00e9ndonos\u201d, dijo Blanche en CBS. \u201cEs confiar en las fuerzas del orden que velan por nuestra seguridad, y eso fue lo que sucedi\u00f3 anoche y es lo que creo que seguiremos viendo en el futuro\u201d.<\/p>\n\n\n\n<p>El motivo del atacante no est\u00e1 claro, pero se cree que se trata de un \u201clobo solitario\u201d, dijo Trump en la conferencia de prensa del s\u00e1bado por la noche.<\/p>\n","protected":false},"excerpt":{"rendered":"<p>Si uno de los objetivos de este hombre era asustarnos, fracas\u00f3\u2019, afirm\u00f3 el fiscal general de EU. La secretaria de prensa de la Casa Blanca, Karoline Leavitt, describi\u00f3 al atacante en la cena de corresponsales de la que fue evacuado Donald Trump como un \u201cloco que buscaba asesinar al presidente y matar a tantos altos [&hellip;]<\/p>\n","protected":false},"author":21,"featured_media":132272,"comment_status":"open","ping_status":"open","sticky":false,"template":"","format":"standard","meta":{"tdm_status":"","tdm_grid_status":"","footnotes":""},"categories":[39],"tags":[],"class_list":{"0":"post-132271","1":"post","2":"type-post","3":"status-publish","4":"format-standard","5":"has-post-thumbnail","7":"category-noticias-nacionales"},"yoast_head":"<!-- This site is optimized with the Yoast SEO plugin v27.4 - https:\/\/yoast.com\/product\/yoast-seo-wordpress\/ -->\n<title>Atacante s\u00ed iba por Trump: Karoline Leavitt afirma que Cole Tomas lo quer\u00eda matar - Fuentes Fidedignas<\/title>\n<meta name=\"robots\" content=\"index, follow, max-snippet:-1, max-image-preview:large, max-video-preview:-1\" \/>\n<link rel=\"canonical\" href=\"https:\/\/fuentesfidedignas.com.mx\/index.php\/2026\/04\/26\/atacante-si-iba-por-trump-karoline-leavitt-afirma-que-cole-tomas-lo-queria-matar\/\" \/>\n<meta property=\"og:locale\" content=\"es_MX\" \/>\n<meta property=\"og:type\" content=\"article\" \/>\n<meta property=\"og:title\" content=\"Atacante s\u00ed iba por Trump: Karoline Leavitt afirma que Cole Tomas lo quer\u00eda matar - Fuentes Fidedignas\" \/>\n<meta property=\"og:description\" content=\"Si uno de los objetivos de este hombre era asustarnos, fracas\u00f3\u2019, afirm\u00f3 el fiscal general de EU. La secretaria de prensa de la Casa Blanca, Karoline Leavitt, describi\u00f3 al atacante en la cena de corresponsales de la que fue evacuado Donald Trump como un \u201cloco que buscaba asesinar al presidente y matar a tantos altos [&hellip;]\" \/>\n<meta property=\"og:url\" content=\"https:\/\/fuentesfidedignas.com.mx\/index.php\/2026\/04\/26\/atacante-si-iba-por-trump-karoline-leavitt-afirma-que-cole-tomas-lo-queria-matar\/\" \/>\n<meta property=\"og:site_name\" content=\"Fuentes Fidedignas\" \/>\n<meta property=\"article:publisher\" content=\"https:\/\/www.facebook.com\/Fuentes-Fidedignas-368234489921644\" \/>\n<meta property=\"article:published_time\" content=\"2026-04-26T18:36:06+00:00\" \/>\n<meta property=\"article:modified_time\" content=\"2026-04-26T18:43:43+00:00\" \/>\n<meta property=\"og:image\" content=\"https:\/\/fuentesfidedignas.com.mx\/wp-content\/uploads\/2026\/04\/trump_asesino.jpg\" \/>\n\t<meta property=\"og:image:width\" content=\"500\" \/>\n\t<meta property=\"og:image:height\" content=\"279\" \/>\n\t<meta property=\"og:image:type\" content=\"image\/jpeg\" \/>\n<meta name=\"author\" content=\"El Financiero\" \/>\n<meta name=\"twitter:card\" content=\"summary_large_image\" \/>\n<meta name=\"twitter:creator\" content=\"@fidedignas\" \/>\n<meta name=\"twitter:site\" content=\"@fidedignas\" \/>\n<meta name=\"twitter:label1\" content=\"Escrito por\" \/>\n\t<meta name=\"twitter:data1\" content=\"El Financiero\" \/>\n\t<meta name=\"twitter:label2\" content=\"Tiempo de lectura\" \/>\n\t<meta name=\"twitter:data2\" content=\"5 minutos\" \/>\n<script type=\"application\/ld+json\" class=\"yoast-schema-graph\">{\"@context\":\"https:\\\/\\\/schema.org\",\"@graph\":[{\"@type\":\"Article\",\"@id\":\"https:\\\/\\\/fuentesfidedignas.com.mx\\\/index.php\\\/2026\\\/04\\\/26\\\/atacante-si-iba-por-trump-karoline-leavitt-afirma-que-cole-tomas-lo-queria-matar\\\/#article\",\"isPartOf\":{\"@id\":\"https:\\\/\\\/fuentesfidedignas.com.mx\\\/index.php\\\/2026\\\/04\\\/26\\\/atacante-si-iba-por-trump-karoline-leavitt-afirma-que-cole-tomas-lo-queria-matar\\\/\"},\"author\":{\"name\":\"El Financiero\",\"@id\":\"https:\\\/\\\/fuentesfidedignas.com.mx\\\/#\\\/schema\\\/person\\\/494f7e0dce8dfaaec5b64f16615b78e9\"},\"headline\":\"Atacante s\u00ed iba por Trump: Karoline Leavitt afirma que Cole Tomas lo quer\u00eda matar\",\"datePublished\":\"2026-04-26T18:36:06+00:00\",\"dateModified\":\"2026-04-26T18:43:43+00:00\",\"mainEntityOfPage\":{\"@id\":\"https:\\\/\\\/fuentesfidedignas.com.mx\\\/index.php\\\/2026\\\/04\\\/26\\\/atacante-si-iba-por-trump-karoline-leavitt-afirma-que-cole-tomas-lo-queria-matar\\\/\"},\"wordCount\":975,\"commentCount\":0,\"publisher\":{\"@id\":\"https:\\\/\\\/fuentesfidedignas.com.mx\\\/#organization\"},\"image\":{\"@id\":\"https:\\\/\\\/fuentesfidedignas.com.mx\\\/index.php\\\/2026\\\/04\\\/26\\\/atacante-si-iba-por-trump-karoline-leavitt-afirma-que-cole-tomas-lo-queria-matar\\\/#primaryimage\"},\"thumbnailUrl\":\"https:\\\/\\\/fuentesfidedignas.com.mx\\\/wp-content\\\/uploads\\\/2026\\\/04\\\/trump_asesino.jpg\",\"articleSection\":[\"NOTICIAS NACIONALES\"],\"inLanguage\":\"es\",\"potentialAction\":[{\"@type\":\"CommentAction\",\"name\":\"Comment\",\"target\":[\"https:\\\/\\\/fuentesfidedignas.com.mx\\\/index.php\\\/2026\\\/04\\\/26\\\/atacante-si-iba-por-trump-karoline-leavitt-afirma-que-cole-tomas-lo-queria-matar\\\/#respond\"]}]},{\"@type\":\"WebPage\",\"@id\":\"https:\\\/\\\/fuentesfidedignas.com.mx\\\/index.php\\\/2026\\\/04\\\/26\\\/atacante-si-iba-por-trump-karoline-leavitt-afirma-que-cole-tomas-lo-queria-matar\\\/\",\"url\":\"https:\\\/\\\/fuentesfidedignas.com.mx\\\/index.php\\\/2026\\\/04\\\/26\\\/atacante-si-iba-por-trump-karoline-leavitt-afirma-que-cole-tomas-lo-queria-matar\\\/\",\"name\":\"Atacante s\u00ed iba por Trump: Karoline Leavitt afirma que Cole Tomas lo quer\u00eda matar - Fuentes Fidedignas\",\"isPartOf\":{\"@id\":\"https:\\\/\\\/fuentesfidedignas.com.mx\\\/#website\"},\"primaryImageOfPage\":{\"@id\":\"https:\\\/\\\/fuentesfidedignas.com.mx\\\/index.php\\\/2026\\\/04\\\/26\\\/atacante-si-iba-por-trump-karoline-leavitt-afirma-que-cole-tomas-lo-queria-matar\\\/#primaryimage\"},\"image\":{\"@id\":\"https:\\\/\\\/fuentesfidedignas.com.mx\\\/index.php\\\/2026\\\/04\\\/26\\\/atacante-si-iba-por-trump-karoline-leavitt-afirma-que-cole-tomas-lo-queria-matar\\\/#primaryimage\"},\"thumbnailUrl\":\"https:\\\/\\\/fuentesfidedignas.com.mx\\\/wp-content\\\/uploads\\\/2026\\\/04\\\/trump_asesino.jpg\",\"datePublished\":\"2026-04-26T18:36:06+00:00\",\"dateModified\":\"2026-04-26T18:43:43+00:00\",\"breadcrumb\":{\"@id\":\"https:\\\/\\\/fuentesfidedignas.com.mx\\\/index.php\\\/2026\\\/04\\\/26\\\/atacante-si-iba-por-trump-karoline-leavitt-afirma-que-cole-tomas-lo-queria-matar\\\/#breadcrumb\"},\"inLanguage\":\"es\",\"potentialAction\":[{\"@type\":\"ReadAction\",\"target\":[\"https:\\\/\\\/fuentesfidedignas.com.mx\\\/index.php\\\/2026\\\/04\\\/26\\\/atacante-si-iba-por-trump-karoline-leavitt-afirma-que-cole-tomas-lo-queria-matar\\\/\"]}]},{\"@type\":\"ImageObject\",\"inLanguage\":\"es\",\"@id\":\"https:\\\/\\\/fuentesfidedignas.com.mx\\\/index.php\\\/2026\\\/04\\\/26\\\/atacante-si-iba-por-trump-karoline-leavitt-afirma-que-cole-tomas-lo-queria-matar\\\/#primaryimage\",\"url\":\"https:\\\/\\\/fuentesfidedignas.com.mx\\\/wp-content\\\/uploads\\\/2026\\\/04\\\/trump_asesino.jpg\",\"contentUrl\":\"https:\\\/\\\/fuentesfidedignas.com.mx\\\/wp-content\\\/uploads\\\/2026\\\/04\\\/trump_asesino.jpg\",\"width\":500,\"height\":279},{\"@type\":\"BreadcrumbList\",\"@id\":\"https:\\\/\\\/fuentesfidedignas.com.mx\\\/index.php\\\/2026\\\/04\\\/26\\\/atacante-si-iba-por-trump-karoline-leavitt-afirma-que-cole-tomas-lo-queria-matar\\\/#breadcrumb\",\"itemListElement\":[{\"@type\":\"ListItem\",\"position\":1,\"name\":\"Inicio\",\"item\":\"https:\\\/\\\/fuentesfidedignas.com.mx\\\/\"},{\"@type\":\"ListItem\",\"position\":2,\"name\":\"Atacante s\u00ed iba por Trump: Karoline Leavitt afirma que Cole Tomas lo quer\u00eda matar\"}]},{\"@type\":\"WebSite\",\"@id\":\"https:\\\/\\\/fuentesfidedignas.com.mx\\\/#website\",\"url\":\"https:\\\/\\\/fuentesfidedignas.com.mx\\\/\",\"name\":\"Fuentes Fidedignas\",\"description\":\"Otro sitio realizado con WordPress\",\"publisher\":{\"@id\":\"https:\\\/\\\/fuentesfidedignas.com.mx\\\/#organization\"},\"potentialAction\":[{\"@type\":\"SearchAction\",\"target\":{\"@type\":\"EntryPoint\",\"urlTemplate\":\"https:\\\/\\\/fuentesfidedignas.com.mx\\\/?s={search_term_string}\"},\"query-input\":{\"@type\":\"PropertyValueSpecification\",\"valueRequired\":true,\"valueName\":\"search_term_string\"}}],\"inLanguage\":\"es\"},{\"@type\":\"Organization\",\"@id\":\"https:\\\/\\\/fuentesfidedignas.com.mx\\\/#organization\",\"name\":\"Fuentes Fidedignas\",\"url\":\"https:\\\/\\\/fuentesfidedignas.com.mx\\\/\",\"logo\":{\"@type\":\"ImageObject\",\"inLanguage\":\"es\",\"@id\":\"https:\\\/\\\/fuentesfidedignas.com.mx\\\/#\\\/schema\\\/logo\\\/image\\\/\",\"url\":\"https:\\\/\\\/fuentesfidedignas.com.mx\\\/wp-content\\\/uploads\\\/2021\\\/04\\\/logo-retina.png\",\"contentUrl\":\"https:\\\/\\\/fuentesfidedignas.com.mx\\\/wp-content\\\/uploads\\\/2021\\\/04\\\/logo-retina.png\",\"width\":280,\"height\":51,\"caption\":\"Fuentes Fidedignas\"},\"image\":{\"@id\":\"https:\\\/\\\/fuentesfidedignas.com.mx\\\/#\\\/schema\\\/logo\\\/image\\\/\"},\"sameAs\":[\"https:\\\/\\\/www.facebook.com\\\/Fuentes-Fidedignas-368234489921644\",\"https:\\\/\\\/x.com\\\/fidedignas\"]},{\"@type\":\"Person\",\"@id\":\"https:\\\/\\\/fuentesfidedignas.com.mx\\\/#\\\/schema\\\/person\\\/494f7e0dce8dfaaec5b64f16615b78e9\",\"name\":\"El Financiero\",\"image\":{\"@type\":\"ImageObject\",\"inLanguage\":\"es\",\"@id\":\"https:\\\/\\\/secure.gravatar.com\\\/avatar\\\/88c0f3f2079389318ef8dd35c22cb997212aa89646e357ba59b318db26ed91a9?s=96&d=mm&r=g\",\"url\":\"https:\\\/\\\/secure.gravatar.com\\\/avatar\\\/88c0f3f2079389318ef8dd35c22cb997212aa89646e357ba59b318db26ed91a9?s=96&d=mm&r=g\",\"contentUrl\":\"https:\\\/\\\/secure.gravatar.com\\\/avatar\\\/88c0f3f2079389318ef8dd35c22cb997212aa89646e357ba59b318db26ed91a9?s=96&d=mm&r=g\",\"caption\":\"El Financiero\"},\"url\":\"https:\\\/\\\/fuentesfidedignas.com.mx\\\/index.php\\\/author\\\/financiero\\\/\"}]}<\/script>\n<!-- \/ Yoast SEO plugin. -->","yoast_head_json":{"title":"Atacante s\u00ed iba por Trump: Karoline Leavitt afirma que Cole Tomas lo quer\u00eda matar - Fuentes Fidedignas","robots":{"index":"index","follow":"follow","max-snippet":"max-snippet:-1","max-image-preview":"max-image-preview:large","max-video-preview":"max-video-preview:-1"},"canonical":"https:\/\/fuentesfidedignas.com.mx\/index.php\/2026\/04\/26\/atacante-si-iba-por-trump-karoline-leavitt-afirma-que-cole-tomas-lo-queria-matar\/","og_locale":"es_MX","og_type":"article","og_title":"Atacante s\u00ed iba por Trump: Karoline Leavitt afirma que Cole Tomas lo quer\u00eda matar - Fuentes Fidedignas","og_description":"Si uno de los objetivos de este hombre era asustarnos, fracas\u00f3\u2019, afirm\u00f3 el fiscal general de EU. La secretaria de prensa de la Casa Blanca, Karoline Leavitt, describi\u00f3 al atacante en la cena de corresponsales de la que fue evacuado Donald Trump como un \u201cloco que buscaba asesinar al presidente y matar a tantos altos [&hellip;]","og_url":"https:\/\/fuentesfidedignas.com.mx\/index.php\/2026\/04\/26\/atacante-si-iba-por-trump-karoline-leavitt-afirma-que-cole-tomas-lo-queria-matar\/","og_site_name":"Fuentes Fidedignas","article_publisher":"https:\/\/www.facebook.com\/Fuentes-Fidedignas-368234489921644","article_published_time":"2026-04-26T18:36:06+00:00","article_modified_time":"2026-04-26T18:43:43+00:00","og_image":[{"width":500,"height":279,"url":"https:\/\/fuentesfidedignas.com.mx\/wp-content\/uploads\/2026\/04\/trump_asesino.jpg","type":"image\/jpeg"}],"author":"El Financiero","twitter_card":"summary_large_image","twitter_creator":"@fidedignas","twitter_site":"@fidedignas","twitter_misc":{"Escrito por":"El Financiero","Tiempo de lectura":"5 minutos"},"schema":{"@context":"https:\/\/schema.org","@graph":[{"@type":"Article","@id":"https:\/\/fuentesfidedignas.com.mx\/index.php\/2026\/04\/26\/atacante-si-iba-por-trump-karoline-leavitt-afirma-que-cole-tomas-lo-queria-matar\/#article","isPartOf":{"@id":"https:\/\/fuentesfidedignas.com.mx\/index.php\/2026\/04\/26\/atacante-si-iba-por-trump-karoline-leavitt-afirma-que-cole-tomas-lo-queria-matar\/"},"author":{"name":"El Financiero","@id":"https:\/\/fuentesfidedignas.com.mx\/#\/schema\/person\/494f7e0dce8dfaaec5b64f16615b78e9"},"headline":"Atacante s\u00ed iba por Trump: Karoline Leavitt afirma que Cole Tomas lo quer\u00eda matar","datePublished":"2026-04-26T18:36:06+00:00","dateModified":"2026-04-26T18:43:43+00:00","mainEntityOfPage":{"@id":"https:\/\/fuentesfidedignas.com.mx\/index.php\/2026\/04\/26\/atacante-si-iba-por-trump-karoline-leavitt-afirma-que-cole-tomas-lo-queria-matar\/"},"wordCount":975,"commentCount":0,"publisher":{"@id":"https:\/\/fuentesfidedignas.com.mx\/#organization"},"image":{"@id":"https:\/\/fuentesfidedignas.com.mx\/index.php\/2026\/04\/26\/atacante-si-iba-por-trump-karoline-leavitt-afirma-que-cole-tomas-lo-queria-matar\/#primaryimage"},"thumbnailUrl":"https:\/\/fuentesfidedignas.com.mx\/wp-content\/uploads\/2026\/04\/trump_asesino.jpg","articleSection":["NOTICIAS NACIONALES"],"inLanguage":"es","potentialAction":[{"@type":"CommentAction","name":"Comment","target":["https:\/\/fuentesfidedignas.com.mx\/index.php\/2026\/04\/26\/atacante-si-iba-por-trump-karoline-leavitt-afirma-que-cole-tomas-lo-queria-matar\/#respond"]}]},{"@type":"WebPage","@id":"https:\/\/fuentesfidedignas.com.mx\/index.php\/2026\/04\/26\/atacante-si-iba-por-trump-karoline-leavitt-afirma-que-cole-tomas-lo-queria-matar\/","url":"https:\/\/fuentesfidedignas.com.mx\/index.php\/2026\/04\/26\/atacante-si-iba-por-trump-karoline-leavitt-afirma-que-cole-tomas-lo-queria-matar\/","name":"Atacante s\u00ed iba por Trump: Karoline Leavitt afirma que Cole Tomas lo quer\u00eda matar - Fuentes Fidedignas","isPartOf":{"@id":"https:\/\/fuentesfidedignas.com.mx\/#website"},"primaryImageOfPage":{"@id":"https:\/\/fuentesfidedignas.com.mx\/index.php\/2026\/04\/26\/atacante-si-iba-por-trump-karoline-leavitt-afirma-que-cole-tomas-lo-queria-matar\/#primaryimage"},"image":{"@id":"https:\/\/fuentesfidedignas.com.mx\/index.php\/2026\/04\/26\/atacante-si-iba-por-trump-karoline-leavitt-afirma-que-cole-tomas-lo-queria-matar\/#primaryimage"},"thumbnailUrl":"https:\/\/fuentesfidedignas.com.mx\/wp-content\/uploads\/2026\/04\/trump_asesino.jpg","datePublished":"2026-04-26T18:36:06+00:00","dateModified":"2026-04-26T18:43:43+00:00","breadcrumb":{"@id":"https:\/\/fuentesfidedignas.com.mx\/index.php\/2026\/04\/26\/atacante-si-iba-por-trump-karoline-leavitt-afirma-que-cole-tomas-lo-queria-matar\/#breadcrumb"},"inLanguage":"es","potentialAction":[{"@type":"ReadAction","target":["https:\/\/fuentesfidedignas.com.mx\/index.php\/2026\/04\/26\/atacante-si-iba-por-trump-karoline-leavitt-afirma-que-cole-tomas-lo-queria-matar\/"]}]},{"@type":"ImageObject","inLanguage":"es","@id":"https:\/\/fuentesfidedignas.com.mx\/index.php\/2026\/04\/26\/atacante-si-iba-por-trump-karoline-leavitt-afirma-que-cole-tomas-lo-queria-matar\/#primaryimage","url":"https:\/\/fuentesfidedignas.com.mx\/wp-content\/uploads\/2026\/04\/trump_asesino.jpg","contentUrl":"https:\/\/fuentesfidedignas.com.mx\/wp-content\/uploads\/2026\/04\/trump_asesino.jpg","width":500,"height":279},{"@type":"BreadcrumbList","@id":"https:\/\/fuentesfidedignas.com.mx\/index.php\/2026\/04\/26\/atacante-si-iba-por-trump-karoline-leavitt-afirma-que-cole-tomas-lo-queria-matar\/#breadcrumb","itemListElement":[{"@type":"ListItem","position":1,"name":"Inicio","item":"https:\/\/fuentesfidedignas.com.mx\/"},{"@type":"ListItem","position":2,"name":"Atacante s\u00ed iba por Trump: Karoline Leavitt afirma que Cole Tomas lo quer\u00eda matar"}]},{"@type":"WebSite","@id":"https:\/\/fuentesfidedignas.com.mx\/#website","url":"https:\/\/fuentesfidedignas.com.mx\/","name":"Fuentes Fidedignas","description":"Otro sitio realizado con WordPress","publisher":{"@id":"https:\/\/fuentesfidedignas.com.mx\/#organization"},"potentialAction":[{"@type":"SearchAction","target":{"@type":"EntryPoint","urlTemplate":"https:\/\/fuentesfidedignas.com.mx\/?s={search_term_string}"},"query-input":{"@type":"PropertyValueSpecification","valueRequired":true,"valueName":"search_term_string"}}],"inLanguage":"es"},{"@type":"Organization","@id":"https:\/\/fuentesfidedignas.com.mx\/#organization","name":"Fuentes Fidedignas","url":"https:\/\/fuentesfidedignas.com.mx\/","logo":{"@type":"ImageObject","inLanguage":"es","@id":"https:\/\/fuentesfidedignas.com.mx\/#\/schema\/logo\/image\/","url":"https:\/\/fuentesfidedignas.com.mx\/wp-content\/uploads\/2021\/04\/logo-retina.png","contentUrl":"https:\/\/fuentesfidedignas.com.mx\/wp-content\/uploads\/2021\/04\/logo-retina.png","width":280,"height":51,"caption":"Fuentes Fidedignas"},"image":{"@id":"https:\/\/fuentesfidedignas.com.mx\/#\/schema\/logo\/image\/"},"sameAs":["https:\/\/www.facebook.com\/Fuentes-Fidedignas-368234489921644","https:\/\/x.com\/fidedignas"]},{"@type":"Person","@id":"https:\/\/fuentesfidedignas.com.mx\/#\/schema\/person\/494f7e0dce8dfaaec5b64f16615b78e9","name":"El Financiero","image":{"@type":"ImageObject","inLanguage":"es","@id":"https:\/\/secure.gravatar.com\/avatar\/88c0f3f2079389318ef8dd35c22cb997212aa89646e357ba59b318db26ed91a9?s=96&d=mm&r=g","url":"https:\/\/secure.gravatar.com\/avatar\/88c0f3f2079389318ef8dd35c22cb997212aa89646e357ba59b318db26ed91a9?s=96&d=mm&r=g","contentUrl":"https:\/\/secure.gravatar.com\/avatar\/88c0f3f2079389318ef8dd35c22cb997212aa89646e357ba59b318db26ed91a9?s=96&d=mm&r=g","caption":"El Financiero"},"url":"https:\/\/fuentesfidedignas.com.mx\/index.php\/author\/financiero\/"}]}},"_links":{"self":[{"href":"https:\/\/fuentesfidedignas.com.mx\/index.php\/wp-json\/wp\/v2\/posts\/132271","targetHints":{"allow":["GET"]}}],"collection":[{"href":"https:\/\/fuentesfidedignas.com.mx\/index.php\/wp-json\/wp\/v2\/posts"}],"about":[{"href":"https:\/\/fuentesfidedignas.com.mx\/index.php\/wp-json\/wp\/v2\/types\/post"}],"author":[{"embeddable":true,"href":"https:\/\/fuentesfidedignas.com.mx\/index.php\/wp-json\/wp\/v2\/users\/21"}],"replies":[{"embeddable":true,"href":"https:\/\/fuentesfidedignas.com.mx\/index.php\/wp-json\/wp\/v2\/comments?post=132271"}],"version-history":[{"count":2,"href":"https:\/\/fuentesfidedignas.com.mx\/index.php\/wp-json\/wp\/v2\/posts\/132271\/revisions"}],"predecessor-version":[{"id":132274,"href":"https:\/\/fuentesfidedignas.com.mx\/index.php\/wp-json\/wp\/v2\/posts\/132271\/revisions\/132274"}],"wp:featuredmedia":[{"embeddable":true,"href":"https:\/\/fuentesfidedignas.com.mx\/index.php\/wp-json\/wp\/v2\/media\/132272"}],"wp:attachment":[{"href":"https:\/\/fuentesfidedignas.com.mx\/index.php\/wp-json\/wp\/v2\/media?parent=132271"}],"wp:term":[{"taxonomy":"category","embeddable":true,"href":"https:\/\/fuentesfidedignas.com.mx\/index.php\/wp-json\/wp\/v2\/categories?post=132271"},{"taxonomy":"post_tag","embeddable":true,"href":"https:\/\/fuentesfidedignas.com.mx\/index.php\/wp-json\/wp\/v2\/tags?post=132271"}],"curies":[{"name":"wp","href":"https:\/\/api.w.org\/{rel}","templated":true}]}}