{"id":132265,"date":"2026-04-26T09:21:39","date_gmt":"2026-04-26T16:21:39","guid":{"rendered":"https:\/\/fuentesfidedignas.com.mx\/?p=132265"},"modified":"2026-04-26T09:21:42","modified_gmt":"2026-04-26T16:21:42","slug":"la-ubu-de-la-uas-encabeza-2da-plenaria-del-diplomado-en-construccion-de-paz-desde-los-derechos-humanos-2026","status":"publish","type":"post","link":"https:\/\/fuentesfidedignas.com.mx\/index.php\/2026\/04\/26\/la-ubu-de-la-uas-encabeza-2da-plenaria-del-diplomado-en-construccion-de-paz-desde-los-derechos-humanos-2026\/","title":{"rendered":"La UBU de la UAS encabeza 2da plenaria del Diplomado en Construcci\u00f3n de Paz desde los Derechos Humanos 2026"},"content":{"rendered":"\n<p><strong><em>Esta reuni\u00f3n estuvo encabezada por el director de Proceso Pac\u00edfico, el doctor Everard Meade, quien destac\u00f3 la importancia de desarrollar este tipo de diplomados para comprender el contexto de violencia que se vive en la ciudad<\/em><\/strong><\/p>\n\n\n\n<p>Con el objetivo de trascender la teor\u00eda y materializar propuestas concretas para la sociedad, la Universidad Aut\u00f3noma de Sinaloa (UAS), a trav\u00e9s de la Unidad de Bienestar Universitario (UBU), llev\u00f3 a cabo la segunda plenaria del \u201cDiplomado en Construcci\u00f3n de Paz desde los Derechos Humanos 2026\u201d, primera edici\u00f3n en la que se integran procesos de investigaci\u00f3n cient\u00edfica como eje central de la formaci\u00f3n.<\/p>\n\n\n\n<p>Esta reuni\u00f3n estuvo encabezada por el director de Proceso Pac\u00edfico, el doctor Everard Meade, quien destac\u00f3 la importancia de desarrollar este tipo de diplomados para comprender el contexto de violencia que se vive en la ciudad y, m\u00e1s a\u00fan, para fortalecer la construcci\u00f3n de paz desde el \u00e1mbito educativo, al considerar que son las instituciones de educaci\u00f3n las principales generadoras de agentes de paz.<\/p>\n\n\n\n<p>\u201cNecesitamos instituciones grandes como la UAS, l\u00edderes en el sector educativo, que digan siempre: esto es lo m\u00e1s importante que pasa, tenemos que ser l\u00edderes en ello. Una educaci\u00f3n sin paz, hoy en d\u00eda, es una educaci\u00f3n irrelevante para el futuro\u201d, expres\u00f3.<\/p>\n\n\n\n<p>Por su parte, la doctora Alma Luz Bernal, responsable del Programa Institucional de Cultura de Paz desde los Derechos Humanos, subray\u00f3 que la edici\u00f3n actual se distingue por la profesionalizaci\u00f3n de la investigaci\u00f3n. En este espacio, bajo la direcci\u00f3n del doctor Everard Meade y en colaboraci\u00f3n con expertos, se est\u00e1 capacitando a los participantes en la redacci\u00f3n y desarrollo de art\u00edculos cient\u00edficos que permitan evaluar y proponer soluciones a problem\u00e1ticas sociales vigentes.<\/p>\n\n\n\n<p>\u201cSorprende c\u00f3mo agradecen a la universidad el tener este foro de apertura y aprendizaje; pero, m\u00e1s que nada, la fortaleza \u2014reitero una y otra vez\u2014 redunda en la oportunidad de accionar, de proponer\u201d, comparti\u00f3.<\/p>\n\n\n\n<p>Alumnos de esta edici\u00f3n del diplomado coincidieron en que este programa les ha permitido adquirir herramientas te\u00f3ricas y t\u00e9cnicas aplicables en sus contextos para contribuir, desde sus trincheras, a la reconstrucci\u00f3n del tejido social con un enfoque de paz.<\/p>\n\n\n\n<p>Cabe decir que el diplomado se estructura en 10 l\u00edneas de investigaci\u00f3n, dise\u00f1adas para abordar temas de alta relevancia y sensibilidad social. Actualmente, el programa cuenta con una participaci\u00f3n de m\u00e1s de 110 personas comprometidas con la transformaci\u00f3n social, de las cuales 50 asisten en modalidad presencial y 60 v\u00eda plataforma, provenientes de diversos pa\u00edses.<\/p>\n","protected":false},"excerpt":{"rendered":"<p>Esta reuni\u00f3n estuvo encabezada por el director de Proceso Pac\u00edfico, el doctor Everard Meade, quien destac\u00f3 la importancia de desarrollar este tipo de diplomados para comprender el contexto de violencia que se vive en la ciudad Con el objetivo de trascender la teor\u00eda y materializar propuestas concretas para la sociedad, la Universidad Aut\u00f3noma de Sinaloa [&hellip;]<\/p>\n","protected":false},"author":4,"featured_media":132266,"comment_status":"open","ping_status":"open","sticky":false,"template":"","format":"standard","meta":{"tdm_status":"","tdm_grid_status":"","footnotes":""},"categories":[37],"tags":[],"class_list":{"0":"post-132265","1":"post","2":"type-post","3":"status-publish","4":"format-standard","5":"has-post-thumbnail","7":"category-nota-principal"},"yoast_head":"<!-- This site is optimized with the Yoast SEO plugin v27.4 - https:\/\/yoast.com\/product\/yoast-seo-wordpress\/ -->\n<title>La UBU de la UAS encabeza 2da plenaria del Diplomado en Construcci\u00f3n de Paz desde los Derechos Humanos 2026 - Fuentes Fidedignas<\/title>\n<meta name=\"robots\" content=\"index, follow, max-snippet:-1, max-image-preview:large, max-video-preview:-1\" \/>\n<link rel=\"canonical\" href=\"https:\/\/fuentesfidedignas.com.mx\/index.php\/2026\/04\/26\/la-ubu-de-la-uas-encabeza-2da-plenaria-del-diplomado-en-construccion-de-paz-desde-los-derechos-humanos-2026\/\" \/>\n<meta property=\"og:locale\" content=\"es_MX\" \/>\n<meta property=\"og:type\" content=\"article\" \/>\n<meta property=\"og:title\" content=\"La UBU de la UAS encabeza 2da plenaria del Diplomado en Construcci\u00f3n de Paz desde los Derechos Humanos 2026 - Fuentes Fidedignas\" \/>\n<meta property=\"og:description\" content=\"Esta reuni\u00f3n estuvo encabezada por el director de Proceso Pac\u00edfico, el doctor Everard Meade, quien destac\u00f3 la importancia de desarrollar este tipo de diplomados para comprender el contexto de violencia que se vive en la ciudad Con el objetivo de trascender la teor\u00eda y materializar propuestas concretas para la sociedad, la Universidad Aut\u00f3noma de Sinaloa [&hellip;]\" \/>\n<meta property=\"og:url\" content=\"https:\/\/fuentesfidedignas.com.mx\/index.php\/2026\/04\/26\/la-ubu-de-la-uas-encabeza-2da-plenaria-del-diplomado-en-construccion-de-paz-desde-los-derechos-humanos-2026\/\" \/>\n<meta property=\"og:site_name\" content=\"Fuentes Fidedignas\" \/>\n<meta property=\"article:publisher\" content=\"https:\/\/www.facebook.com\/Fuentes-Fidedignas-368234489921644\" \/>\n<meta property=\"article:published_time\" content=\"2026-04-26T16:21:39+00:00\" \/>\n<meta property=\"article:modified_time\" content=\"2026-04-26T16:21:42+00:00\" \/>\n<meta property=\"og:image\" content=\"https:\/\/fuentesfidedignas.com.mx\/wp-content\/uploads\/2026\/04\/Diplomado-5.jpeg\" \/>\n\t<meta property=\"og:image:width\" content=\"500\" \/>\n\t<meta property=\"og:image:height\" content=\"332\" \/>\n\t<meta property=\"og:image:type\" content=\"image\/jpeg\" \/>\n<meta name=\"author\" content=\"Redacci\u00f3n\" \/>\n<meta name=\"twitter:card\" content=\"summary_large_image\" \/>\n<meta name=\"twitter:creator\" content=\"@fidedignas\" \/>\n<meta name=\"twitter:site\" content=\"@fidedignas\" \/>\n<meta name=\"twitter:label1\" content=\"Escrito por\" \/>\n\t<meta name=\"twitter:data1\" content=\"Redacci\u00f3n\" \/>\n\t<meta name=\"twitter:label2\" content=\"Tiempo de lectura\" \/>\n\t<meta name=\"twitter:data2\" content=\"3 minutos\" \/>\n<script type=\"application\/ld+json\" class=\"yoast-schema-graph\">{\"@context\":\"https:\\\/\\\/schema.org\",\"@graph\":[{\"@type\":\"Article\",\"@id\":\"https:\\\/\\\/fuentesfidedignas.com.mx\\\/index.php\\\/2026\\\/04\\\/26\\\/la-ubu-de-la-uas-encabeza-2da-plenaria-del-diplomado-en-construccion-de-paz-desde-los-derechos-humanos-2026\\\/#article\",\"isPartOf\":{\"@id\":\"https:\\\/\\\/fuentesfidedignas.com.mx\\\/index.php\\\/2026\\\/04\\\/26\\\/la-ubu-de-la-uas-encabeza-2da-plenaria-del-diplomado-en-construccion-de-paz-desde-los-derechos-humanos-2026\\\/\"},\"author\":{\"name\":\"Redacci\u00f3n\",\"@id\":\"https:\\\/\\\/fuentesfidedignas.com.mx\\\/#\\\/schema\\\/person\\\/331be9283d37198e2acd5750279085b0\"},\"headline\":\"La UBU de la UAS encabeza 2da plenaria del Diplomado en Construcci\u00f3n de Paz desde los Derechos Humanos 2026\",\"datePublished\":\"2026-04-26T16:21:39+00:00\",\"dateModified\":\"2026-04-26T16:21:42+00:00\",\"mainEntityOfPage\":{\"@id\":\"https:\\\/\\\/fuentesfidedignas.com.mx\\\/index.php\\\/2026\\\/04\\\/26\\\/la-ubu-de-la-uas-encabeza-2da-plenaria-del-diplomado-en-construccion-de-paz-desde-los-derechos-humanos-2026\\\/\"},\"wordCount\":464,\"commentCount\":0,\"publisher\":{\"@id\":\"https:\\\/\\\/fuentesfidedignas.com.mx\\\/#organization\"},\"image\":{\"@id\":\"https:\\\/\\\/fuentesfidedignas.com.mx\\\/index.php\\\/2026\\\/04\\\/26\\\/la-ubu-de-la-uas-encabeza-2da-plenaria-del-diplomado-en-construccion-de-paz-desde-los-derechos-humanos-2026\\\/#primaryimage\"},\"thumbnailUrl\":\"https:\\\/\\\/fuentesfidedignas.com.mx\\\/wp-content\\\/uploads\\\/2026\\\/04\\\/Diplomado-5.jpeg\",\"articleSection\":[\"NOTA PRINCIPAL\"],\"inLanguage\":\"es\",\"potentialAction\":[{\"@type\":\"CommentAction\",\"name\":\"Comment\",\"target\":[\"https:\\\/\\\/fuentesfidedignas.com.mx\\\/index.php\\\/2026\\\/04\\\/26\\\/la-ubu-de-la-uas-encabeza-2da-plenaria-del-diplomado-en-construccion-de-paz-desde-los-derechos-humanos-2026\\\/#respond\"]}]},{\"@type\":\"WebPage\",\"@id\":\"https:\\\/\\\/fuentesfidedignas.com.mx\\\/index.php\\\/2026\\\/04\\\/26\\\/la-ubu-de-la-uas-encabeza-2da-plenaria-del-diplomado-en-construccion-de-paz-desde-los-derechos-humanos-2026\\\/\",\"url\":\"https:\\\/\\\/fuentesfidedignas.com.mx\\\/index.php\\\/2026\\\/04\\\/26\\\/la-ubu-de-la-uas-encabeza-2da-plenaria-del-diplomado-en-construccion-de-paz-desde-los-derechos-humanos-2026\\\/\",\"name\":\"La UBU de la UAS encabeza 2da plenaria del Diplomado en Construcci\u00f3n de Paz desde los Derechos Humanos 2026 - Fuentes Fidedignas\",\"isPartOf\":{\"@id\":\"https:\\\/\\\/fuentesfidedignas.com.mx\\\/#website\"},\"primaryImageOfPage\":{\"@id\":\"https:\\\/\\\/fuentesfidedignas.com.mx\\\/index.php\\\/2026\\\/04\\\/26\\\/la-ubu-de-la-uas-encabeza-2da-plenaria-del-diplomado-en-construccion-de-paz-desde-los-derechos-humanos-2026\\\/#primaryimage\"},\"image\":{\"@id\":\"https:\\\/\\\/fuentesfidedignas.com.mx\\\/index.php\\\/2026\\\/04\\\/26\\\/la-ubu-de-la-uas-encabeza-2da-plenaria-del-diplomado-en-construccion-de-paz-desde-los-derechos-humanos-2026\\\/#primaryimage\"},\"thumbnailUrl\":\"https:\\\/\\\/fuentesfidedignas.com.mx\\\/wp-content\\\/uploads\\\/2026\\\/04\\\/Diplomado-5.jpeg\",\"datePublished\":\"2026-04-26T16:21:39+00:00\",\"dateModified\":\"2026-04-26T16:21:42+00:00\",\"breadcrumb\":{\"@id\":\"https:\\\/\\\/fuentesfidedignas.com.mx\\\/index.php\\\/2026\\\/04\\\/26\\\/la-ubu-de-la-uas-encabeza-2da-plenaria-del-diplomado-en-construccion-de-paz-desde-los-derechos-humanos-2026\\\/#breadcrumb\"},\"inLanguage\":\"es\",\"potentialAction\":[{\"@type\":\"ReadAction\",\"target\":[\"https:\\\/\\\/fuentesfidedignas.com.mx\\\/index.php\\\/2026\\\/04\\\/26\\\/la-ubu-de-la-uas-encabeza-2da-plenaria-del-diplomado-en-construccion-de-paz-desde-los-derechos-humanos-2026\\\/\"]}]},{\"@type\":\"ImageObject\",\"inLanguage\":\"es\",\"@id\":\"https:\\\/\\\/fuentesfidedignas.com.mx\\\/index.php\\\/2026\\\/04\\\/26\\\/la-ubu-de-la-uas-encabeza-2da-plenaria-del-diplomado-en-construccion-de-paz-desde-los-derechos-humanos-2026\\\/#primaryimage\",\"url\":\"https:\\\/\\\/fuentesfidedignas.com.mx\\\/wp-content\\\/uploads\\\/2026\\\/04\\\/Diplomado-5.jpeg\",\"contentUrl\":\"https:\\\/\\\/fuentesfidedignas.com.mx\\\/wp-content\\\/uploads\\\/2026\\\/04\\\/Diplomado-5.jpeg\",\"width\":500,\"height\":332},{\"@type\":\"BreadcrumbList\",\"@id\":\"https:\\\/\\\/fuentesfidedignas.com.mx\\\/index.php\\\/2026\\\/04\\\/26\\\/la-ubu-de-la-uas-encabeza-2da-plenaria-del-diplomado-en-construccion-de-paz-desde-los-derechos-humanos-2026\\\/#breadcrumb\",\"itemListElement\":[{\"@type\":\"ListItem\",\"position\":1,\"name\":\"Inicio\",\"item\":\"https:\\\/\\\/fuentesfidedignas.com.mx\\\/\"},{\"@type\":\"ListItem\",\"position\":2,\"name\":\"La UBU de la UAS encabeza 2da plenaria del Diplomado en Construcci\u00f3n de Paz desde los Derechos Humanos 2026\"}]},{\"@type\":\"WebSite\",\"@id\":\"https:\\\/\\\/fuentesfidedignas.com.mx\\\/#website\",\"url\":\"https:\\\/\\\/fuentesfidedignas.com.mx\\\/\",\"name\":\"Fuentes Fidedignas\",\"description\":\"Otro sitio realizado con WordPress\",\"publisher\":{\"@id\":\"https:\\\/\\\/fuentesfidedignas.com.mx\\\/#organization\"},\"potentialAction\":[{\"@type\":\"SearchAction\",\"target\":{\"@type\":\"EntryPoint\",\"urlTemplate\":\"https:\\\/\\\/fuentesfidedignas.com.mx\\\/?s={search_term_string}\"},\"query-input\":{\"@type\":\"PropertyValueSpecification\",\"valueRequired\":true,\"valueName\":\"search_term_string\"}}],\"inLanguage\":\"es\"},{\"@type\":\"Organization\",\"@id\":\"https:\\\/\\\/fuentesfidedignas.com.mx\\\/#organization\",\"name\":\"Fuentes Fidedignas\",\"url\":\"https:\\\/\\\/fuentesfidedignas.com.mx\\\/\",\"logo\":{\"@type\":\"ImageObject\",\"inLanguage\":\"es\",\"@id\":\"https:\\\/\\\/fuentesfidedignas.com.mx\\\/#\\\/schema\\\/logo\\\/image\\\/\",\"url\":\"https:\\\/\\\/fuentesfidedignas.com.mx\\\/wp-content\\\/uploads\\\/2021\\\/04\\\/logo-retina.png\",\"contentUrl\":\"https:\\\/\\\/fuentesfidedignas.com.mx\\\/wp-content\\\/uploads\\\/2021\\\/04\\\/logo-retina.png\",\"width\":280,\"height\":51,\"caption\":\"Fuentes Fidedignas\"},\"image\":{\"@id\":\"https:\\\/\\\/fuentesfidedignas.com.mx\\\/#\\\/schema\\\/logo\\\/image\\\/\"},\"sameAs\":[\"https:\\\/\\\/www.facebook.com\\\/Fuentes-Fidedignas-368234489921644\",\"https:\\\/\\\/x.com\\\/fidedignas\"]},{\"@type\":\"Person\",\"@id\":\"https:\\\/\\\/fuentesfidedignas.com.mx\\\/#\\\/schema\\\/person\\\/331be9283d37198e2acd5750279085b0\",\"name\":\"Redacci\u00f3n\",\"image\":{\"@type\":\"ImageObject\",\"inLanguage\":\"es\",\"@id\":\"https:\\\/\\\/secure.gravatar.com\\\/avatar\\\/f6d8782c11d12b2d4ad3fbb6931aeab5309937a4d6cd2fc9cfaa28a6396a5aec?s=96&d=mm&r=g\",\"url\":\"https:\\\/\\\/secure.gravatar.com\\\/avatar\\\/f6d8782c11d12b2d4ad3fbb6931aeab5309937a4d6cd2fc9cfaa28a6396a5aec?s=96&d=mm&r=g\",\"contentUrl\":\"https:\\\/\\\/secure.gravatar.com\\\/avatar\\\/f6d8782c11d12b2d4ad3fbb6931aeab5309937a4d6cd2fc9cfaa28a6396a5aec?s=96&d=mm&r=g\",\"caption\":\"Redacci\u00f3n\"},\"url\":\"https:\\\/\\\/fuentesfidedignas.com.mx\\\/index.php\\\/author\\\/redaccion\\\/\"}]}<\/script>\n<!-- \/ Yoast SEO plugin. -->","yoast_head_json":{"title":"La UBU de la UAS encabeza 2da plenaria del Diplomado en Construcci\u00f3n de Paz desde los Derechos Humanos 2026 - Fuentes Fidedignas","robots":{"index":"index","follow":"follow","max-snippet":"max-snippet:-1","max-image-preview":"max-image-preview:large","max-video-preview":"max-video-preview:-1"},"canonical":"https:\/\/fuentesfidedignas.com.mx\/index.php\/2026\/04\/26\/la-ubu-de-la-uas-encabeza-2da-plenaria-del-diplomado-en-construccion-de-paz-desde-los-derechos-humanos-2026\/","og_locale":"es_MX","og_type":"article","og_title":"La UBU de la UAS encabeza 2da plenaria del Diplomado en Construcci\u00f3n de Paz desde los Derechos Humanos 2026 - Fuentes Fidedignas","og_description":"Esta reuni\u00f3n estuvo encabezada por el director de Proceso Pac\u00edfico, el doctor Everard Meade, quien destac\u00f3 la importancia de desarrollar este tipo de diplomados para comprender el contexto de violencia que se vive en la ciudad Con el objetivo de trascender la teor\u00eda y materializar propuestas concretas para la sociedad, la Universidad Aut\u00f3noma de Sinaloa [&hellip;]","og_url":"https:\/\/fuentesfidedignas.com.mx\/index.php\/2026\/04\/26\/la-ubu-de-la-uas-encabeza-2da-plenaria-del-diplomado-en-construccion-de-paz-desde-los-derechos-humanos-2026\/","og_site_name":"Fuentes Fidedignas","article_publisher":"https:\/\/www.facebook.com\/Fuentes-Fidedignas-368234489921644","article_published_time":"2026-04-26T16:21:39+00:00","article_modified_time":"2026-04-26T16:21:42+00:00","og_image":[{"width":500,"height":332,"url":"https:\/\/fuentesfidedignas.com.mx\/wp-content\/uploads\/2026\/04\/Diplomado-5.jpeg","type":"image\/jpeg"}],"author":"Redacci\u00f3n","twitter_card":"summary_large_image","twitter_creator":"@fidedignas","twitter_site":"@fidedignas","twitter_misc":{"Escrito por":"Redacci\u00f3n","Tiempo de lectura":"3 minutos"},"schema":{"@context":"https:\/\/schema.org","@graph":[{"@type":"Article","@id":"https:\/\/fuentesfidedignas.com.mx\/index.php\/2026\/04\/26\/la-ubu-de-la-uas-encabeza-2da-plenaria-del-diplomado-en-construccion-de-paz-desde-los-derechos-humanos-2026\/#article","isPartOf":{"@id":"https:\/\/fuentesfidedignas.com.mx\/index.php\/2026\/04\/26\/la-ubu-de-la-uas-encabeza-2da-plenaria-del-diplomado-en-construccion-de-paz-desde-los-derechos-humanos-2026\/"},"author":{"name":"Redacci\u00f3n","@id":"https:\/\/fuentesfidedignas.com.mx\/#\/schema\/person\/331be9283d37198e2acd5750279085b0"},"headline":"La UBU de la UAS encabeza 2da plenaria del Diplomado en Construcci\u00f3n de Paz desde los Derechos Humanos 2026","datePublished":"2026-04-26T16:21:39+00:00","dateModified":"2026-04-26T16:21:42+00:00","mainEntityOfPage":{"@id":"https:\/\/fuentesfidedignas.com.mx\/index.php\/2026\/04\/26\/la-ubu-de-la-uas-encabeza-2da-plenaria-del-diplomado-en-construccion-de-paz-desde-los-derechos-humanos-2026\/"},"wordCount":464,"commentCount":0,"publisher":{"@id":"https:\/\/fuentesfidedignas.com.mx\/#organization"},"image":{"@id":"https:\/\/fuentesfidedignas.com.mx\/index.php\/2026\/04\/26\/la-ubu-de-la-uas-encabeza-2da-plenaria-del-diplomado-en-construccion-de-paz-desde-los-derechos-humanos-2026\/#primaryimage"},"thumbnailUrl":"https:\/\/fuentesfidedignas.com.mx\/wp-content\/uploads\/2026\/04\/Diplomado-5.jpeg","articleSection":["NOTA PRINCIPAL"],"inLanguage":"es","potentialAction":[{"@type":"CommentAction","name":"Comment","target":["https:\/\/fuentesfidedignas.com.mx\/index.php\/2026\/04\/26\/la-ubu-de-la-uas-encabeza-2da-plenaria-del-diplomado-en-construccion-de-paz-desde-los-derechos-humanos-2026\/#respond"]}]},{"@type":"WebPage","@id":"https:\/\/fuentesfidedignas.com.mx\/index.php\/2026\/04\/26\/la-ubu-de-la-uas-encabeza-2da-plenaria-del-diplomado-en-construccion-de-paz-desde-los-derechos-humanos-2026\/","url":"https:\/\/fuentesfidedignas.com.mx\/index.php\/2026\/04\/26\/la-ubu-de-la-uas-encabeza-2da-plenaria-del-diplomado-en-construccion-de-paz-desde-los-derechos-humanos-2026\/","name":"La UBU de la UAS encabeza 2da plenaria del Diplomado en Construcci\u00f3n de Paz desde los Derechos Humanos 2026 - Fuentes Fidedignas","isPartOf":{"@id":"https:\/\/fuentesfidedignas.com.mx\/#website"},"primaryImageOfPage":{"@id":"https:\/\/fuentesfidedignas.com.mx\/index.php\/2026\/04\/26\/la-ubu-de-la-uas-encabeza-2da-plenaria-del-diplomado-en-construccion-de-paz-desde-los-derechos-humanos-2026\/#primaryimage"},"image":{"@id":"https:\/\/fuentesfidedignas.com.mx\/index.php\/2026\/04\/26\/la-ubu-de-la-uas-encabeza-2da-plenaria-del-diplomado-en-construccion-de-paz-desde-los-derechos-humanos-2026\/#primaryimage"},"thumbnailUrl":"https:\/\/fuentesfidedignas.com.mx\/wp-content\/uploads\/2026\/04\/Diplomado-5.jpeg","datePublished":"2026-04-26T16:21:39+00:00","dateModified":"2026-04-26T16:21:42+00:00","breadcrumb":{"@id":"https:\/\/fuentesfidedignas.com.mx\/index.php\/2026\/04\/26\/la-ubu-de-la-uas-encabeza-2da-plenaria-del-diplomado-en-construccion-de-paz-desde-los-derechos-humanos-2026\/#breadcrumb"},"inLanguage":"es","potentialAction":[{"@type":"ReadAction","target":["https:\/\/fuentesfidedignas.com.mx\/index.php\/2026\/04\/26\/la-ubu-de-la-uas-encabeza-2da-plenaria-del-diplomado-en-construccion-de-paz-desde-los-derechos-humanos-2026\/"]}]},{"@type":"ImageObject","inLanguage":"es","@id":"https:\/\/fuentesfidedignas.com.mx\/index.php\/2026\/04\/26\/la-ubu-de-la-uas-encabeza-2da-plenaria-del-diplomado-en-construccion-de-paz-desde-los-derechos-humanos-2026\/#primaryimage","url":"https:\/\/fuentesfidedignas.com.mx\/wp-content\/uploads\/2026\/04\/Diplomado-5.jpeg","contentUrl":"https:\/\/fuentesfidedignas.com.mx\/wp-content\/uploads\/2026\/04\/Diplomado-5.jpeg","width":500,"height":332},{"@type":"BreadcrumbList","@id":"https:\/\/fuentesfidedignas.com.mx\/index.php\/2026\/04\/26\/la-ubu-de-la-uas-encabeza-2da-plenaria-del-diplomado-en-construccion-de-paz-desde-los-derechos-humanos-2026\/#breadcrumb","itemListElement":[{"@type":"ListItem","position":1,"name":"Inicio","item":"https:\/\/fuentesfidedignas.com.mx\/"},{"@type":"ListItem","position":2,"name":"La UBU de la UAS encabeza 2da plenaria del Diplomado en Construcci\u00f3n de Paz desde los Derechos Humanos 2026"}]},{"@type":"WebSite","@id":"https:\/\/fuentesfidedignas.com.mx\/#website","url":"https:\/\/fuentesfidedignas.com.mx\/","name":"Fuentes Fidedignas","description":"Otro sitio realizado con WordPress","publisher":{"@id":"https:\/\/fuentesfidedignas.com.mx\/#organization"},"potentialAction":[{"@type":"SearchAction","target":{"@type":"EntryPoint","urlTemplate":"https:\/\/fuentesfidedignas.com.mx\/?s={search_term_string}"},"query-input":{"@type":"PropertyValueSpecification","valueRequired":true,"valueName":"search_term_string"}}],"inLanguage":"es"},{"@type":"Organization","@id":"https:\/\/fuentesfidedignas.com.mx\/#organization","name":"Fuentes Fidedignas","url":"https:\/\/fuentesfidedignas.com.mx\/","logo":{"@type":"ImageObject","inLanguage":"es","@id":"https:\/\/fuentesfidedignas.com.mx\/#\/schema\/logo\/image\/","url":"https:\/\/fuentesfidedignas.com.mx\/wp-content\/uploads\/2021\/04\/logo-retina.png","contentUrl":"https:\/\/fuentesfidedignas.com.mx\/wp-content\/uploads\/2021\/04\/logo-retina.png","width":280,"height":51,"caption":"Fuentes Fidedignas"},"image":{"@id":"https:\/\/fuentesfidedignas.com.mx\/#\/schema\/logo\/image\/"},"sameAs":["https:\/\/www.facebook.com\/Fuentes-Fidedignas-368234489921644","https:\/\/x.com\/fidedignas"]},{"@type":"Person","@id":"https:\/\/fuentesfidedignas.com.mx\/#\/schema\/person\/331be9283d37198e2acd5750279085b0","name":"Redacci\u00f3n","image":{"@type":"ImageObject","inLanguage":"es","@id":"https:\/\/secure.gravatar.com\/avatar\/f6d8782c11d12b2d4ad3fbb6931aeab5309937a4d6cd2fc9cfaa28a6396a5aec?s=96&d=mm&r=g","url":"https:\/\/secure.gravatar.com\/avatar\/f6d8782c11d12b2d4ad3fbb6931aeab5309937a4d6cd2fc9cfaa28a6396a5aec?s=96&d=mm&r=g","contentUrl":"https:\/\/secure.gravatar.com\/avatar\/f6d8782c11d12b2d4ad3fbb6931aeab5309937a4d6cd2fc9cfaa28a6396a5aec?s=96&d=mm&r=g","caption":"Redacci\u00f3n"},"url":"https:\/\/fuentesfidedignas.com.mx\/index.php\/author\/redaccion\/"}]}},"_links":{"self":[{"href":"https:\/\/fuentesfidedignas.com.mx\/index.php\/wp-json\/wp\/v2\/posts\/132265","targetHints":{"allow":["GET"]}}],"collection":[{"href":"https:\/\/fuentesfidedignas.com.mx\/index.php\/wp-json\/wp\/v2\/posts"}],"about":[{"href":"https:\/\/fuentesfidedignas.com.mx\/index.php\/wp-json\/wp\/v2\/types\/post"}],"author":[{"embeddable":true,"href":"https:\/\/fuentesfidedignas.com.mx\/index.php\/wp-json\/wp\/v2\/users\/4"}],"replies":[{"embeddable":true,"href":"https:\/\/fuentesfidedignas.com.mx\/index.php\/wp-json\/wp\/v2\/comments?post=132265"}],"version-history":[{"count":1,"href":"https:\/\/fuentesfidedignas.com.mx\/index.php\/wp-json\/wp\/v2\/posts\/132265\/revisions"}],"predecessor-version":[{"id":132267,"href":"https:\/\/fuentesfidedignas.com.mx\/index.php\/wp-json\/wp\/v2\/posts\/132265\/revisions\/132267"}],"wp:featuredmedia":[{"embeddable":true,"href":"https:\/\/fuentesfidedignas.com.mx\/index.php\/wp-json\/wp\/v2\/media\/132266"}],"wp:attachment":[{"href":"https:\/\/fuentesfidedignas.com.mx\/index.php\/wp-json\/wp\/v2\/media?parent=132265"}],"wp:term":[{"taxonomy":"category","embeddable":true,"href":"https:\/\/fuentesfidedignas.com.mx\/index.php\/wp-json\/wp\/v2\/categories?post=132265"},{"taxonomy":"post_tag","embeddable":true,"href":"https:\/\/fuentesfidedignas.com.mx\/index.php\/wp-json\/wp\/v2\/tags?post=132265"}],"curies":[{"name":"wp","href":"https:\/\/api.w.org\/{rel}","templated":true}]}}