{"id":132261,"date":"2026-04-26T07:51:37","date_gmt":"2026-04-26T14:51:37","guid":{"rendered":"https:\/\/fuentesfidedignas.com.mx\/?p=132261"},"modified":"2026-04-26T07:52:11","modified_gmt":"2026-04-26T14:52:11","slug":"rosario-ultimo-minero-cumplio-un-mes-atrapado-en-la-mina-santa-fe-la-busqueda-se-mantiene","status":"publish","type":"post","link":"https:\/\/fuentesfidedignas.com.mx\/index.php\/2026\/04\/26\/rosario-ultimo-minero-cumplio-un-mes-atrapado-en-la-mina-santa-fe-la-busqueda-se-mantiene\/","title":{"rendered":"Rosario: \u00faltimo minero cumpli\u00f3 un mes atrapado en la mina Santa Fe; la b\u00fasqueda se mantiene"},"content":{"rendered":"\n<p><strong><em>A un mes del accidente que dej\u00f3 cuatro trabajadores de la mina Santa Fe, en Sinaloa, atrapados, queda un minero por ser rescatado. Del resto, dos fueron localizados con vida y el otro fallecido.<\/em><\/strong><\/p>\n\n\n\n<p>Mazatl\u00e1n, Sin. Este s\u00e1bado, Leandro Isidro Beltr\u00e1n Res\u00e9ndiz cumpli\u00f3 un mes atrapado dentro de la mina Santa Fe, de Rosario, Sinaloa, tras el deslave de jales ocurrido el 25 de marzo pasado, que dej\u00f3 cuatro obreros atrapados; a la fecha tres de ellos han sido rescatados -dos con vida y uno fallecido-.<\/p>\n\n\n\n<p>\u201cCon las labores de los equipos de rescate para encontrar al \u00faltimo trabajador se rinde un homenaje a todos los mineros de M\u00e9xico\u201d, expres\u00f3 la coordinadora Nacional de Protecci\u00f3n Civil, Laura Vl\u00e1zquez Alz\u00faa.<\/p>\n\n\n\n<p>A la fecha los cuerpos de rescate s\u00f3lo han encontrado el vag\u00f3n minero que el operario conduc\u00eda al momento del accidente.<\/p>\n\n\n\n<p>Asimismo, se dio a conocer que se mantienen activas las labores de b\u00fasqueda y se laboran las 24 horas del d\u00eda sin descanso.<\/p>\n\n\n\n<p>Acciones que han permitido avanzar en la colocaci\u00f3n de la rampa 48-2 con el fin de mantener el progreso en la galer\u00eda de la veta y se pueda avanzar para localizar a Beltr\u00e1n Res\u00e9ndiz.<\/p>\n\n\n\n<p>\u00c1lvaro Vargas Miranda, gerente administrativo de Industrial Minera de Sinaloa, indic\u00f3 que tienen la hip\u00f3tesis de que el obrero puede estar resguardado en un contrapozo y es en esa zona donde se conducen los trabajos de limpieza.<\/p>\n","protected":false},"excerpt":{"rendered":"<p>A un mes del accidente que dej\u00f3 cuatro trabajadores de la mina Santa Fe, en Sinaloa, atrapados, queda un minero por ser rescatado. Del resto, dos fueron localizados con vida y el otro fallecido. Mazatl\u00e1n, Sin. Este s\u00e1bado, Leandro Isidro Beltr\u00e1n Res\u00e9ndiz cumpli\u00f3 un mes atrapado dentro de la mina Santa Fe, de Rosario, Sinaloa, [&hellip;]<\/p>\n","protected":false},"author":45,"featured_media":132262,"comment_status":"open","ping_status":"open","sticky":false,"template":"","format":"standard","meta":{"tdm_status":"","tdm_grid_status":"","footnotes":""},"categories":[37],"tags":[],"class_list":{"0":"post-132261","1":"post","2":"type-post","3":"status-publish","4":"format-standard","5":"has-post-thumbnail","7":"category-nota-principal"},"yoast_head":"<!-- This site is optimized with the Yoast SEO plugin v27.4 - https:\/\/yoast.com\/product\/yoast-seo-wordpress\/ -->\n<title>Rosario: \u00faltimo minero cumpli\u00f3 un mes atrapado en la mina Santa Fe; la b\u00fasqueda se mantiene - Fuentes Fidedignas<\/title>\n<meta name=\"robots\" content=\"index, follow, max-snippet:-1, max-image-preview:large, max-video-preview:-1\" \/>\n<link rel=\"canonical\" href=\"https:\/\/fuentesfidedignas.com.mx\/index.php\/2026\/04\/26\/rosario-ultimo-minero-cumplio-un-mes-atrapado-en-la-mina-santa-fe-la-busqueda-se-mantiene\/\" \/>\n<meta property=\"og:locale\" content=\"es_MX\" \/>\n<meta property=\"og:type\" content=\"article\" \/>\n<meta property=\"og:title\" content=\"Rosario: \u00faltimo minero cumpli\u00f3 un mes atrapado en la mina Santa Fe; la b\u00fasqueda se mantiene - Fuentes Fidedignas\" \/>\n<meta property=\"og:description\" content=\"A un mes del accidente que dej\u00f3 cuatro trabajadores de la mina Santa Fe, en Sinaloa, atrapados, queda un minero por ser rescatado. Del resto, dos fueron localizados con vida y el otro fallecido. Mazatl\u00e1n, Sin. Este s\u00e1bado, Leandro Isidro Beltr\u00e1n Res\u00e9ndiz cumpli\u00f3 un mes atrapado dentro de la mina Santa Fe, de Rosario, Sinaloa, [&hellip;]\" \/>\n<meta property=\"og:url\" content=\"https:\/\/fuentesfidedignas.com.mx\/index.php\/2026\/04\/26\/rosario-ultimo-minero-cumplio-un-mes-atrapado-en-la-mina-santa-fe-la-busqueda-se-mantiene\/\" \/>\n<meta property=\"og:site_name\" content=\"Fuentes Fidedignas\" \/>\n<meta property=\"article:publisher\" content=\"https:\/\/www.facebook.com\/Fuentes-Fidedignas-368234489921644\" \/>\n<meta property=\"article:published_time\" content=\"2026-04-26T14:51:37+00:00\" \/>\n<meta property=\"article:modified_time\" content=\"2026-04-26T14:52:11+00:00\" \/>\n<meta property=\"og:image\" content=\"https:\/\/fuentesfidedignas.com.mx\/wp-content\/uploads\/2026\/04\/Mina-santa-fe1.jpg\" \/>\n\t<meta property=\"og:image:width\" content=\"500\" \/>\n\t<meta property=\"og:image:height\" content=\"356\" \/>\n\t<meta property=\"og:image:type\" content=\"image\/jpeg\" \/>\n<meta name=\"author\" content=\"La Jornada\" \/>\n<meta name=\"twitter:card\" content=\"summary_large_image\" \/>\n<meta name=\"twitter:creator\" content=\"@fidedignas\" \/>\n<meta name=\"twitter:site\" content=\"@fidedignas\" \/>\n<meta name=\"twitter:label1\" content=\"Escrito por\" \/>\n\t<meta name=\"twitter:data1\" content=\"La Jornada\" \/>\n\t<meta name=\"twitter:label2\" content=\"Tiempo de lectura\" \/>\n\t<meta name=\"twitter:data2\" content=\"2 minutos\" \/>\n<script type=\"application\/ld+json\" class=\"yoast-schema-graph\">{\"@context\":\"https:\\\/\\\/schema.org\",\"@graph\":[{\"@type\":\"Article\",\"@id\":\"https:\\\/\\\/fuentesfidedignas.com.mx\\\/index.php\\\/2026\\\/04\\\/26\\\/rosario-ultimo-minero-cumplio-un-mes-atrapado-en-la-mina-santa-fe-la-busqueda-se-mantiene\\\/#article\",\"isPartOf\":{\"@id\":\"https:\\\/\\\/fuentesfidedignas.com.mx\\\/index.php\\\/2026\\\/04\\\/26\\\/rosario-ultimo-minero-cumplio-un-mes-atrapado-en-la-mina-santa-fe-la-busqueda-se-mantiene\\\/\"},\"author\":{\"name\":\"La Jornada\",\"@id\":\"https:\\\/\\\/fuentesfidedignas.com.mx\\\/#\\\/schema\\\/person\\\/87eacee4072e149fccc7de67f9634f35\"},\"headline\":\"Rosario: \u00faltimo minero cumpli\u00f3 un mes atrapado en la mina Santa Fe; la b\u00fasqueda se mantiene\",\"datePublished\":\"2026-04-26T14:51:37+00:00\",\"dateModified\":\"2026-04-26T14:52:11+00:00\",\"mainEntityOfPage\":{\"@id\":\"https:\\\/\\\/fuentesfidedignas.com.mx\\\/index.php\\\/2026\\\/04\\\/26\\\/rosario-ultimo-minero-cumplio-un-mes-atrapado-en-la-mina-santa-fe-la-busqueda-se-mantiene\\\/\"},\"wordCount\":267,\"commentCount\":0,\"publisher\":{\"@id\":\"https:\\\/\\\/fuentesfidedignas.com.mx\\\/#organization\"},\"image\":{\"@id\":\"https:\\\/\\\/fuentesfidedignas.com.mx\\\/index.php\\\/2026\\\/04\\\/26\\\/rosario-ultimo-minero-cumplio-un-mes-atrapado-en-la-mina-santa-fe-la-busqueda-se-mantiene\\\/#primaryimage\"},\"thumbnailUrl\":\"https:\\\/\\\/fuentesfidedignas.com.mx\\\/wp-content\\\/uploads\\\/2026\\\/04\\\/Mina-santa-fe1.jpg\",\"articleSection\":[\"NOTA PRINCIPAL\"],\"inLanguage\":\"es\",\"potentialAction\":[{\"@type\":\"CommentAction\",\"name\":\"Comment\",\"target\":[\"https:\\\/\\\/fuentesfidedignas.com.mx\\\/index.php\\\/2026\\\/04\\\/26\\\/rosario-ultimo-minero-cumplio-un-mes-atrapado-en-la-mina-santa-fe-la-busqueda-se-mantiene\\\/#respond\"]}]},{\"@type\":\"WebPage\",\"@id\":\"https:\\\/\\\/fuentesfidedignas.com.mx\\\/index.php\\\/2026\\\/04\\\/26\\\/rosario-ultimo-minero-cumplio-un-mes-atrapado-en-la-mina-santa-fe-la-busqueda-se-mantiene\\\/\",\"url\":\"https:\\\/\\\/fuentesfidedignas.com.mx\\\/index.php\\\/2026\\\/04\\\/26\\\/rosario-ultimo-minero-cumplio-un-mes-atrapado-en-la-mina-santa-fe-la-busqueda-se-mantiene\\\/\",\"name\":\"Rosario: \u00faltimo minero cumpli\u00f3 un mes atrapado en la mina Santa Fe; la b\u00fasqueda se mantiene - Fuentes Fidedignas\",\"isPartOf\":{\"@id\":\"https:\\\/\\\/fuentesfidedignas.com.mx\\\/#website\"},\"primaryImageOfPage\":{\"@id\":\"https:\\\/\\\/fuentesfidedignas.com.mx\\\/index.php\\\/2026\\\/04\\\/26\\\/rosario-ultimo-minero-cumplio-un-mes-atrapado-en-la-mina-santa-fe-la-busqueda-se-mantiene\\\/#primaryimage\"},\"image\":{\"@id\":\"https:\\\/\\\/fuentesfidedignas.com.mx\\\/index.php\\\/2026\\\/04\\\/26\\\/rosario-ultimo-minero-cumplio-un-mes-atrapado-en-la-mina-santa-fe-la-busqueda-se-mantiene\\\/#primaryimage\"},\"thumbnailUrl\":\"https:\\\/\\\/fuentesfidedignas.com.mx\\\/wp-content\\\/uploads\\\/2026\\\/04\\\/Mina-santa-fe1.jpg\",\"datePublished\":\"2026-04-26T14:51:37+00:00\",\"dateModified\":\"2026-04-26T14:52:11+00:00\",\"breadcrumb\":{\"@id\":\"https:\\\/\\\/fuentesfidedignas.com.mx\\\/index.php\\\/2026\\\/04\\\/26\\\/rosario-ultimo-minero-cumplio-un-mes-atrapado-en-la-mina-santa-fe-la-busqueda-se-mantiene\\\/#breadcrumb\"},\"inLanguage\":\"es\",\"potentialAction\":[{\"@type\":\"ReadAction\",\"target\":[\"https:\\\/\\\/fuentesfidedignas.com.mx\\\/index.php\\\/2026\\\/04\\\/26\\\/rosario-ultimo-minero-cumplio-un-mes-atrapado-en-la-mina-santa-fe-la-busqueda-se-mantiene\\\/\"]}]},{\"@type\":\"ImageObject\",\"inLanguage\":\"es\",\"@id\":\"https:\\\/\\\/fuentesfidedignas.com.mx\\\/index.php\\\/2026\\\/04\\\/26\\\/rosario-ultimo-minero-cumplio-un-mes-atrapado-en-la-mina-santa-fe-la-busqueda-se-mantiene\\\/#primaryimage\",\"url\":\"https:\\\/\\\/fuentesfidedignas.com.mx\\\/wp-content\\\/uploads\\\/2026\\\/04\\\/Mina-santa-fe1.jpg\",\"contentUrl\":\"https:\\\/\\\/fuentesfidedignas.com.mx\\\/wp-content\\\/uploads\\\/2026\\\/04\\\/Mina-santa-fe1.jpg\",\"width\":500,\"height\":356},{\"@type\":\"BreadcrumbList\",\"@id\":\"https:\\\/\\\/fuentesfidedignas.com.mx\\\/index.php\\\/2026\\\/04\\\/26\\\/rosario-ultimo-minero-cumplio-un-mes-atrapado-en-la-mina-santa-fe-la-busqueda-se-mantiene\\\/#breadcrumb\",\"itemListElement\":[{\"@type\":\"ListItem\",\"position\":1,\"name\":\"Inicio\",\"item\":\"https:\\\/\\\/fuentesfidedignas.com.mx\\\/\"},{\"@type\":\"ListItem\",\"position\":2,\"name\":\"Rosario: \u00faltimo minero cumpli\u00f3 un mes atrapado en la mina Santa Fe; la b\u00fasqueda se mantiene\"}]},{\"@type\":\"WebSite\",\"@id\":\"https:\\\/\\\/fuentesfidedignas.com.mx\\\/#website\",\"url\":\"https:\\\/\\\/fuentesfidedignas.com.mx\\\/\",\"name\":\"Fuentes Fidedignas\",\"description\":\"Otro sitio realizado con WordPress\",\"publisher\":{\"@id\":\"https:\\\/\\\/fuentesfidedignas.com.mx\\\/#organization\"},\"potentialAction\":[{\"@type\":\"SearchAction\",\"target\":{\"@type\":\"EntryPoint\",\"urlTemplate\":\"https:\\\/\\\/fuentesfidedignas.com.mx\\\/?s={search_term_string}\"},\"query-input\":{\"@type\":\"PropertyValueSpecification\",\"valueRequired\":true,\"valueName\":\"search_term_string\"}}],\"inLanguage\":\"es\"},{\"@type\":\"Organization\",\"@id\":\"https:\\\/\\\/fuentesfidedignas.com.mx\\\/#organization\",\"name\":\"Fuentes Fidedignas\",\"url\":\"https:\\\/\\\/fuentesfidedignas.com.mx\\\/\",\"logo\":{\"@type\":\"ImageObject\",\"inLanguage\":\"es\",\"@id\":\"https:\\\/\\\/fuentesfidedignas.com.mx\\\/#\\\/schema\\\/logo\\\/image\\\/\",\"url\":\"https:\\\/\\\/fuentesfidedignas.com.mx\\\/wp-content\\\/uploads\\\/2021\\\/04\\\/logo-retina.png\",\"contentUrl\":\"https:\\\/\\\/fuentesfidedignas.com.mx\\\/wp-content\\\/uploads\\\/2021\\\/04\\\/logo-retina.png\",\"width\":280,\"height\":51,\"caption\":\"Fuentes Fidedignas\"},\"image\":{\"@id\":\"https:\\\/\\\/fuentesfidedignas.com.mx\\\/#\\\/schema\\\/logo\\\/image\\\/\"},\"sameAs\":[\"https:\\\/\\\/www.facebook.com\\\/Fuentes-Fidedignas-368234489921644\",\"https:\\\/\\\/x.com\\\/fidedignas\"]},{\"@type\":\"Person\",\"@id\":\"https:\\\/\\\/fuentesfidedignas.com.mx\\\/#\\\/schema\\\/person\\\/87eacee4072e149fccc7de67f9634f35\",\"name\":\"La Jornada\",\"image\":{\"@type\":\"ImageObject\",\"inLanguage\":\"es\",\"@id\":\"https:\\\/\\\/secure.gravatar.com\\\/avatar\\\/2b09f15a418e222775ffd645761e3fcecd1fb9d7a38a3ba858adf349aab82c7c?s=96&d=mm&r=g\",\"url\":\"https:\\\/\\\/secure.gravatar.com\\\/avatar\\\/2b09f15a418e222775ffd645761e3fcecd1fb9d7a38a3ba858adf349aab82c7c?s=96&d=mm&r=g\",\"contentUrl\":\"https:\\\/\\\/secure.gravatar.com\\\/avatar\\\/2b09f15a418e222775ffd645761e3fcecd1fb9d7a38a3ba858adf349aab82c7c?s=96&d=mm&r=g\",\"caption\":\"La Jornada\"},\"url\":\"https:\\\/\\\/fuentesfidedignas.com.mx\\\/index.php\\\/author\\\/jornada\\\/\"}]}<\/script>\n<!-- \/ Yoast SEO plugin. -->","yoast_head_json":{"title":"Rosario: \u00faltimo minero cumpli\u00f3 un mes atrapado en la mina Santa Fe; la b\u00fasqueda se mantiene - Fuentes Fidedignas","robots":{"index":"index","follow":"follow","max-snippet":"max-snippet:-1","max-image-preview":"max-image-preview:large","max-video-preview":"max-video-preview:-1"},"canonical":"https:\/\/fuentesfidedignas.com.mx\/index.php\/2026\/04\/26\/rosario-ultimo-minero-cumplio-un-mes-atrapado-en-la-mina-santa-fe-la-busqueda-se-mantiene\/","og_locale":"es_MX","og_type":"article","og_title":"Rosario: \u00faltimo minero cumpli\u00f3 un mes atrapado en la mina Santa Fe; la b\u00fasqueda se mantiene - Fuentes Fidedignas","og_description":"A un mes del accidente que dej\u00f3 cuatro trabajadores de la mina Santa Fe, en Sinaloa, atrapados, queda un minero por ser rescatado. Del resto, dos fueron localizados con vida y el otro fallecido. Mazatl\u00e1n, Sin. Este s\u00e1bado, Leandro Isidro Beltr\u00e1n Res\u00e9ndiz cumpli\u00f3 un mes atrapado dentro de la mina Santa Fe, de Rosario, Sinaloa, [&hellip;]","og_url":"https:\/\/fuentesfidedignas.com.mx\/index.php\/2026\/04\/26\/rosario-ultimo-minero-cumplio-un-mes-atrapado-en-la-mina-santa-fe-la-busqueda-se-mantiene\/","og_site_name":"Fuentes Fidedignas","article_publisher":"https:\/\/www.facebook.com\/Fuentes-Fidedignas-368234489921644","article_published_time":"2026-04-26T14:51:37+00:00","article_modified_time":"2026-04-26T14:52:11+00:00","og_image":[{"width":500,"height":356,"url":"https:\/\/fuentesfidedignas.com.mx\/wp-content\/uploads\/2026\/04\/Mina-santa-fe1.jpg","type":"image\/jpeg"}],"author":"La Jornada","twitter_card":"summary_large_image","twitter_creator":"@fidedignas","twitter_site":"@fidedignas","twitter_misc":{"Escrito por":"La Jornada","Tiempo de lectura":"2 minutos"},"schema":{"@context":"https:\/\/schema.org","@graph":[{"@type":"Article","@id":"https:\/\/fuentesfidedignas.com.mx\/index.php\/2026\/04\/26\/rosario-ultimo-minero-cumplio-un-mes-atrapado-en-la-mina-santa-fe-la-busqueda-se-mantiene\/#article","isPartOf":{"@id":"https:\/\/fuentesfidedignas.com.mx\/index.php\/2026\/04\/26\/rosario-ultimo-minero-cumplio-un-mes-atrapado-en-la-mina-santa-fe-la-busqueda-se-mantiene\/"},"author":{"name":"La Jornada","@id":"https:\/\/fuentesfidedignas.com.mx\/#\/schema\/person\/87eacee4072e149fccc7de67f9634f35"},"headline":"Rosario: \u00faltimo minero cumpli\u00f3 un mes atrapado en la mina Santa Fe; la b\u00fasqueda se mantiene","datePublished":"2026-04-26T14:51:37+00:00","dateModified":"2026-04-26T14:52:11+00:00","mainEntityOfPage":{"@id":"https:\/\/fuentesfidedignas.com.mx\/index.php\/2026\/04\/26\/rosario-ultimo-minero-cumplio-un-mes-atrapado-en-la-mina-santa-fe-la-busqueda-se-mantiene\/"},"wordCount":267,"commentCount":0,"publisher":{"@id":"https:\/\/fuentesfidedignas.com.mx\/#organization"},"image":{"@id":"https:\/\/fuentesfidedignas.com.mx\/index.php\/2026\/04\/26\/rosario-ultimo-minero-cumplio-un-mes-atrapado-en-la-mina-santa-fe-la-busqueda-se-mantiene\/#primaryimage"},"thumbnailUrl":"https:\/\/fuentesfidedignas.com.mx\/wp-content\/uploads\/2026\/04\/Mina-santa-fe1.jpg","articleSection":["NOTA PRINCIPAL"],"inLanguage":"es","potentialAction":[{"@type":"CommentAction","name":"Comment","target":["https:\/\/fuentesfidedignas.com.mx\/index.php\/2026\/04\/26\/rosario-ultimo-minero-cumplio-un-mes-atrapado-en-la-mina-santa-fe-la-busqueda-se-mantiene\/#respond"]}]},{"@type":"WebPage","@id":"https:\/\/fuentesfidedignas.com.mx\/index.php\/2026\/04\/26\/rosario-ultimo-minero-cumplio-un-mes-atrapado-en-la-mina-santa-fe-la-busqueda-se-mantiene\/","url":"https:\/\/fuentesfidedignas.com.mx\/index.php\/2026\/04\/26\/rosario-ultimo-minero-cumplio-un-mes-atrapado-en-la-mina-santa-fe-la-busqueda-se-mantiene\/","name":"Rosario: \u00faltimo minero cumpli\u00f3 un mes atrapado en la mina Santa Fe; la b\u00fasqueda se mantiene - Fuentes Fidedignas","isPartOf":{"@id":"https:\/\/fuentesfidedignas.com.mx\/#website"},"primaryImageOfPage":{"@id":"https:\/\/fuentesfidedignas.com.mx\/index.php\/2026\/04\/26\/rosario-ultimo-minero-cumplio-un-mes-atrapado-en-la-mina-santa-fe-la-busqueda-se-mantiene\/#primaryimage"},"image":{"@id":"https:\/\/fuentesfidedignas.com.mx\/index.php\/2026\/04\/26\/rosario-ultimo-minero-cumplio-un-mes-atrapado-en-la-mina-santa-fe-la-busqueda-se-mantiene\/#primaryimage"},"thumbnailUrl":"https:\/\/fuentesfidedignas.com.mx\/wp-content\/uploads\/2026\/04\/Mina-santa-fe1.jpg","datePublished":"2026-04-26T14:51:37+00:00","dateModified":"2026-04-26T14:52:11+00:00","breadcrumb":{"@id":"https:\/\/fuentesfidedignas.com.mx\/index.php\/2026\/04\/26\/rosario-ultimo-minero-cumplio-un-mes-atrapado-en-la-mina-santa-fe-la-busqueda-se-mantiene\/#breadcrumb"},"inLanguage":"es","potentialAction":[{"@type":"ReadAction","target":["https:\/\/fuentesfidedignas.com.mx\/index.php\/2026\/04\/26\/rosario-ultimo-minero-cumplio-un-mes-atrapado-en-la-mina-santa-fe-la-busqueda-se-mantiene\/"]}]},{"@type":"ImageObject","inLanguage":"es","@id":"https:\/\/fuentesfidedignas.com.mx\/index.php\/2026\/04\/26\/rosario-ultimo-minero-cumplio-un-mes-atrapado-en-la-mina-santa-fe-la-busqueda-se-mantiene\/#primaryimage","url":"https:\/\/fuentesfidedignas.com.mx\/wp-content\/uploads\/2026\/04\/Mina-santa-fe1.jpg","contentUrl":"https:\/\/fuentesfidedignas.com.mx\/wp-content\/uploads\/2026\/04\/Mina-santa-fe1.jpg","width":500,"height":356},{"@type":"BreadcrumbList","@id":"https:\/\/fuentesfidedignas.com.mx\/index.php\/2026\/04\/26\/rosario-ultimo-minero-cumplio-un-mes-atrapado-en-la-mina-santa-fe-la-busqueda-se-mantiene\/#breadcrumb","itemListElement":[{"@type":"ListItem","position":1,"name":"Inicio","item":"https:\/\/fuentesfidedignas.com.mx\/"},{"@type":"ListItem","position":2,"name":"Rosario: \u00faltimo minero cumpli\u00f3 un mes atrapado en la mina Santa Fe; la b\u00fasqueda se mantiene"}]},{"@type":"WebSite","@id":"https:\/\/fuentesfidedignas.com.mx\/#website","url":"https:\/\/fuentesfidedignas.com.mx\/","name":"Fuentes Fidedignas","description":"Otro sitio realizado con WordPress","publisher":{"@id":"https:\/\/fuentesfidedignas.com.mx\/#organization"},"potentialAction":[{"@type":"SearchAction","target":{"@type":"EntryPoint","urlTemplate":"https:\/\/fuentesfidedignas.com.mx\/?s={search_term_string}"},"query-input":{"@type":"PropertyValueSpecification","valueRequired":true,"valueName":"search_term_string"}}],"inLanguage":"es"},{"@type":"Organization","@id":"https:\/\/fuentesfidedignas.com.mx\/#organization","name":"Fuentes Fidedignas","url":"https:\/\/fuentesfidedignas.com.mx\/","logo":{"@type":"ImageObject","inLanguage":"es","@id":"https:\/\/fuentesfidedignas.com.mx\/#\/schema\/logo\/image\/","url":"https:\/\/fuentesfidedignas.com.mx\/wp-content\/uploads\/2021\/04\/logo-retina.png","contentUrl":"https:\/\/fuentesfidedignas.com.mx\/wp-content\/uploads\/2021\/04\/logo-retina.png","width":280,"height":51,"caption":"Fuentes Fidedignas"},"image":{"@id":"https:\/\/fuentesfidedignas.com.mx\/#\/schema\/logo\/image\/"},"sameAs":["https:\/\/www.facebook.com\/Fuentes-Fidedignas-368234489921644","https:\/\/x.com\/fidedignas"]},{"@type":"Person","@id":"https:\/\/fuentesfidedignas.com.mx\/#\/schema\/person\/87eacee4072e149fccc7de67f9634f35","name":"La Jornada","image":{"@type":"ImageObject","inLanguage":"es","@id":"https:\/\/secure.gravatar.com\/avatar\/2b09f15a418e222775ffd645761e3fcecd1fb9d7a38a3ba858adf349aab82c7c?s=96&d=mm&r=g","url":"https:\/\/secure.gravatar.com\/avatar\/2b09f15a418e222775ffd645761e3fcecd1fb9d7a38a3ba858adf349aab82c7c?s=96&d=mm&r=g","contentUrl":"https:\/\/secure.gravatar.com\/avatar\/2b09f15a418e222775ffd645761e3fcecd1fb9d7a38a3ba858adf349aab82c7c?s=96&d=mm&r=g","caption":"La Jornada"},"url":"https:\/\/fuentesfidedignas.com.mx\/index.php\/author\/jornada\/"}]}},"_links":{"self":[{"href":"https:\/\/fuentesfidedignas.com.mx\/index.php\/wp-json\/wp\/v2\/posts\/132261","targetHints":{"allow":["GET"]}}],"collection":[{"href":"https:\/\/fuentesfidedignas.com.mx\/index.php\/wp-json\/wp\/v2\/posts"}],"about":[{"href":"https:\/\/fuentesfidedignas.com.mx\/index.php\/wp-json\/wp\/v2\/types\/post"}],"author":[{"embeddable":true,"href":"https:\/\/fuentesfidedignas.com.mx\/index.php\/wp-json\/wp\/v2\/users\/45"}],"replies":[{"embeddable":true,"href":"https:\/\/fuentesfidedignas.com.mx\/index.php\/wp-json\/wp\/v2\/comments?post=132261"}],"version-history":[{"count":2,"href":"https:\/\/fuentesfidedignas.com.mx\/index.php\/wp-json\/wp\/v2\/posts\/132261\/revisions"}],"predecessor-version":[{"id":132264,"href":"https:\/\/fuentesfidedignas.com.mx\/index.php\/wp-json\/wp\/v2\/posts\/132261\/revisions\/132264"}],"wp:featuredmedia":[{"embeddable":true,"href":"https:\/\/fuentesfidedignas.com.mx\/index.php\/wp-json\/wp\/v2\/media\/132262"}],"wp:attachment":[{"href":"https:\/\/fuentesfidedignas.com.mx\/index.php\/wp-json\/wp\/v2\/media?parent=132261"}],"wp:term":[{"taxonomy":"category","embeddable":true,"href":"https:\/\/fuentesfidedignas.com.mx\/index.php\/wp-json\/wp\/v2\/categories?post=132261"},{"taxonomy":"post_tag","embeddable":true,"href":"https:\/\/fuentesfidedignas.com.mx\/index.php\/wp-json\/wp\/v2\/tags?post=132261"}],"curies":[{"name":"wp","href":"https:\/\/api.w.org\/{rel}","templated":true}]}}