{"id":132255,"date":"2026-04-25T18:54:00","date_gmt":"2026-04-26T01:54:00","guid":{"rendered":"https:\/\/fuentesfidedignas.com.mx\/?p=132255"},"modified":"2026-04-25T18:41:58","modified_gmt":"2026-04-26T01:41:58","slug":"el-ruido-que-tu-llamas-pensamiento","status":"publish","type":"post","link":"https:\/\/fuentesfidedignas.com.mx\/index.php\/2026\/04\/25\/el-ruido-que-tu-llamas-pensamiento\/","title":{"rendered":"El ruido que t\u00fa llamas pensamiento"},"content":{"rendered":"\n<p><\/p>\n\n\n\n<p>Hay un ruido constante. No el ruido de afuera sino el de adentro. El de los pensamientos que no esperan turno, que se enciman, que empiezan y no terminan, que saltan de un punto a otro sin pedir permiso. Llevas tanto tiempo viviendo dentro de ese ruido que ya no sabes si eso es pensar, o si es solo lo que te pasa a ti.<\/p>\n\n\n\n<p>Probablemente lo segundo.<\/p>\n\n\n\n<p>Y eso, durante mucho tiempo, lo tradujiste como un defecto.<\/p>\n\n\n\n<p>El cerebro con TDAH no es un cerebro roto. Es un cerebro con una composici\u00f3n diferente para el tiempo, la atenci\u00f3n y la recompensa. Pero esa diferencia no se siente como diversidad cuando tienes ocho a\u00f1os y la maestra te dice por tercera vez que te sientes, cuando tienes veinte y no puedes terminar lo que empiezas, cuando tienes treinta y sigues prometi\u00e9ndote que ma\u00f1ana vas a organizarte de verdad. La neurodiversidad es un concepto que suena bien en los congresos. Adentro del cerebro que la habita, suena m\u00e1s a sarcasmo.<\/p>\n\n\n\n<p>Lo que ocurre, en t\u00e9rminos que no requieren un congreso, pero s\u00ed un poco de honestidad, es esto: el sistema dopamin\u00e9rgico funciona de manera distinta. La dopamina \u2014 ese neurotransmisor que el cerebro libera como se\u00f1al de que algo vale la pena, de que hay recompensa al final del camino \u2014 no fluye con la misma consistencia. El cerebro con TDAH no tiene necesariamente menos dopamina; tiene dificultades para utilizarla de manera eficiente, para sostener esa se\u00f1al lo suficiente como para que la conducta se organice alrededor de ella. Lo que eso significa en la vida cotidiana es brutal en su simplicidad: las cosas que no son urgentes, nuevas o emocionalmente intensas no generan la activaci\u00f3n necesaria para que el cerebro las ejecute. No es pereza. No es falta de voluntad. Es que el sistema que deber\u00eda decirle al cerebro esto importa, mu\u00e9vete no est\u00e1 enviando la se\u00f1al con suficiente fuerza.<\/p>\n\n\n\n<p>La norepinefrina, el otro neurotransmisor central en este sistema, regula el estado de alerta y la capacidad de filtrar lo relevante de lo irrelevante. Cuando ese filtro falla, todo llega al mismo tiempo con la misma intensidad: el ruido del ventilador, la conversaci\u00f3n de al lado, el pensamiento de hace tres d\u00edas que de pronto regresa, la tarea que est\u00e1s intentando hacer. El cerebro no jerarquiza. Atiende todo, o no atiende nada.<\/p>\n\n\n\n<p>Hay cosas que el TDAH hace que casi nadie menciona cuando explica el TDAH. La hiperfocalizaci\u00f3n, por ejemplo. Esa capacidad de sumergirse en algo con una intensidad que el mundo neurot\u00edpico pocas veces experimenta. Horas que desaparecen. Hambre que no se registra. El tiempo suspendido sobre aquello que en ese momento lo es todo. No es un superpoder \u2014 es el mismo sistema de recompensa disparado al m\u00e1ximo, un mecanismo compensatorio que puede ser tan inhabilitante como el d\u00e9ficit que lo provoca. Porque lo que hiperfocaliza no siempre es lo que necesita hiperfocalizarse.<br \/>La disregulaci\u00f3n emocional. Esa tambi\u00e9n. Las emociones en este cerebro no llegan moderadas \u2014 llegan completas, inmediatas, desbordantes. La cr\u00edtica que se siente como rechazo total. El entusiasmo que no puede contenerse. La frustraci\u00f3n que se convierte en muro. No es inmadurez. Es que la corteza prefrontal \u2014 la regi\u00f3n encargada de regular, de poner en perspectiva, de decir espera, no es para tanto \u2014 no tiene la misma comunicaci\u00f3n fluida con el sistema l\u00edmbico. El freno tarda. A veces no llega.<\/p>\n\n\n\n<p>Y la ceguera temporal. La incapacidad de sentir el tiempo como una l\u00ednea continua y predecible. El futuro no es real hasta que es urgente. El pasado se borra con una facilidad que asusta. Solo existe el ahora \u2014 y a veces el ahora tampoco.<\/p>\n\n\n\n<p>El mundo no fue dise\u00f1ado para este cerebro. Fue dise\u00f1ado para cerebros que pueden sentarse, esperar, planificar a largo plazo, mantener el hilo, tolerar la monoton\u00eda sin desintegrarse. Cerebros que responden a las recompensas diferidas. El cerebro con TDAH llega a ese mundo y durante a\u00f1os intenta adaptarse sin saber que est\u00e1 traduciendo un idioma que nadie le ense\u00f1\u00f3. Lo que queda de ese intento, con frecuencia, es una historia de fracasos que en realidad son incompatibilidades. Y una voz interior que repite, con la paciencia infinita de lo aprendido desde peque\u00f1o, que el problema eres t\u00fa.<\/p>\n\n\n\n<p>No eres el problema.<\/p>\n\n\n\n<p>Pero tampoco voy a decirte que todo est\u00e1 bien. Este cerebro es dif\u00edcil de habitar. Las relaciones se complican, las obligaciones se acumulan, el agotamiento de compensar constantemente lo que el sistema no regula solo es real y pesa. No hay romanticismo honesto en eso.<\/p>\n\n\n\n<p>Lo que s\u00ed hay es que entender c\u00f3mo funciona este cerebro cambia algo. No lo repara. No lo hace m\u00e1s f\u00e1cil de la noche a la ma\u00f1ana. Pero nombrar lo que ocurre, ponerle un mecanismo, sacarle el peso de ser solo un defecto de car\u00e1cter: eso s\u00ed hace algo.<\/p>\n\n\n\n<p>Porque hay una diferencia entre vivir sin saber por qu\u00e9 eres as\u00ed, y vivir sabiendo que hay una raz\u00f3n \u2014 aunque la raz\u00f3n no cambie el ruido.<\/p>\n\n\n\n<p>El ruido sigue. Pero ya no est\u00e1s completamente solo dentro de \u00e9l.<\/p>\n","protected":false},"excerpt":{"rendered":"<p>Hay un ruido constante. No el ruido de afuera sino el de adentro. El de los pensamientos que no esperan turno, que se enciman, que empiezan y no terminan, que saltan de un punto a otro sin pedir permiso. Llevas tanto tiempo viviendo dentro de ese ruido que ya no sabes si eso es pensar, [&hellip;]<\/p>\n","protected":false},"author":146,"featured_media":132254,"comment_status":"closed","ping_status":"open","sticky":false,"template":"","format":"standard","meta":{"tdm_status":"","tdm_grid_status":"","footnotes":""},"categories":[3064,3089],"tags":[],"class_list":{"0":"post-132255","1":"post","2":"type-post","3":"status-publish","4":"format-standard","5":"has-post-thumbnail","7":"category-columnas","8":"category-nutriendo-la-mente"},"yoast_head":"<!-- This site is optimized with the Yoast SEO plugin v27.4 - https:\/\/yoast.com\/product\/yoast-seo-wordpress\/ -->\n<title>El ruido que t\u00fa llamas pensamiento - Fuentes Fidedignas<\/title>\n<meta name=\"robots\" content=\"index, follow, max-snippet:-1, max-image-preview:large, max-video-preview:-1\" \/>\n<link rel=\"canonical\" href=\"https:\/\/fuentesfidedignas.com.mx\/index.php\/2026\/04\/25\/el-ruido-que-tu-llamas-pensamiento\/\" \/>\n<meta property=\"og:locale\" content=\"es_MX\" \/>\n<meta property=\"og:type\" content=\"article\" \/>\n<meta property=\"og:title\" content=\"El ruido que t\u00fa llamas pensamiento - Fuentes Fidedignas\" \/>\n<meta property=\"og:description\" content=\"Hay un ruido constante. No el ruido de afuera sino el de adentro. El de los pensamientos que no esperan turno, que se enciman, que empiezan y no terminan, que saltan de un punto a otro sin pedir permiso. Llevas tanto tiempo viviendo dentro de ese ruido que ya no sabes si eso es pensar, [&hellip;]\" \/>\n<meta property=\"og:url\" content=\"https:\/\/fuentesfidedignas.com.mx\/index.php\/2026\/04\/25\/el-ruido-que-tu-llamas-pensamiento\/\" \/>\n<meta property=\"og:site_name\" content=\"Fuentes Fidedignas\" \/>\n<meta property=\"article:publisher\" content=\"https:\/\/www.facebook.com\/Fuentes-Fidedignas-368234489921644\" \/>\n<meta property=\"article:published_time\" content=\"2026-04-26T01:54:00+00:00\" \/>\n<meta property=\"og:image\" content=\"https:\/\/fuentesfidedignas.com.mx\/wp-content\/uploads\/2026\/04\/1c3903cc-ff56-4fb7-ae03-786c6421ff74.jpeg\" \/>\n\t<meta property=\"og:image:width\" content=\"1600\" \/>\n\t<meta property=\"og:image:height\" content=\"1066\" \/>\n\t<meta property=\"og:image:type\" content=\"image\/jpeg\" \/>\n<meta name=\"author\" content=\"Mtro. Horacio de Jes\u00fas Malcampo Moreno\" \/>\n<meta name=\"twitter:card\" content=\"summary_large_image\" \/>\n<meta name=\"twitter:creator\" content=\"@fidedignas\" \/>\n<meta name=\"twitter:site\" content=\"@fidedignas\" \/>\n<meta name=\"twitter:label1\" content=\"Escrito por\" \/>\n\t<meta name=\"twitter:data1\" content=\"Mtro. Horacio de Jes\u00fas Malcampo Moreno\" \/>\n\t<meta name=\"twitter:label2\" content=\"Tiempo de lectura\" \/>\n\t<meta name=\"twitter:data2\" content=\"4 minutos\" \/>\n<script type=\"application\/ld+json\" class=\"yoast-schema-graph\">{\"@context\":\"https:\\\/\\\/schema.org\",\"@graph\":[{\"@type\":\"Article\",\"@id\":\"https:\\\/\\\/fuentesfidedignas.com.mx\\\/index.php\\\/2026\\\/04\\\/25\\\/el-ruido-que-tu-llamas-pensamiento\\\/#article\",\"isPartOf\":{\"@id\":\"https:\\\/\\\/fuentesfidedignas.com.mx\\\/index.php\\\/2026\\\/04\\\/25\\\/el-ruido-que-tu-llamas-pensamiento\\\/\"},\"author\":{\"name\":\"Mtro. Horacio de Jes\u00fas Malcampo Moreno\",\"@id\":\"https:\\\/\\\/fuentesfidedignas.com.mx\\\/#\\\/schema\\\/person\\\/3f687c55082c557a647c7836bde45728\"},\"headline\":\"El ruido que t\u00fa llamas pensamiento\",\"datePublished\":\"2026-04-26T01:54:00+00:00\",\"mainEntityOfPage\":{\"@id\":\"https:\\\/\\\/fuentesfidedignas.com.mx\\\/index.php\\\/2026\\\/04\\\/25\\\/el-ruido-que-tu-llamas-pensamiento\\\/\"},\"wordCount\":887,\"publisher\":{\"@id\":\"https:\\\/\\\/fuentesfidedignas.com.mx\\\/#organization\"},\"image\":{\"@id\":\"https:\\\/\\\/fuentesfidedignas.com.mx\\\/index.php\\\/2026\\\/04\\\/25\\\/el-ruido-que-tu-llamas-pensamiento\\\/#primaryimage\"},\"thumbnailUrl\":\"https:\\\/\\\/fuentesfidedignas.com.mx\\\/wp-content\\\/uploads\\\/2026\\\/04\\\/1c3903cc-ff56-4fb7-ae03-786c6421ff74.jpeg\",\"articleSection\":[\"COLUMNAS\",\"NUTRIENDO LA MENTE\"],\"inLanguage\":\"es\"},{\"@type\":\"WebPage\",\"@id\":\"https:\\\/\\\/fuentesfidedignas.com.mx\\\/index.php\\\/2026\\\/04\\\/25\\\/el-ruido-que-tu-llamas-pensamiento\\\/\",\"url\":\"https:\\\/\\\/fuentesfidedignas.com.mx\\\/index.php\\\/2026\\\/04\\\/25\\\/el-ruido-que-tu-llamas-pensamiento\\\/\",\"name\":\"El ruido que t\u00fa llamas pensamiento - Fuentes Fidedignas\",\"isPartOf\":{\"@id\":\"https:\\\/\\\/fuentesfidedignas.com.mx\\\/#website\"},\"primaryImageOfPage\":{\"@id\":\"https:\\\/\\\/fuentesfidedignas.com.mx\\\/index.php\\\/2026\\\/04\\\/25\\\/el-ruido-que-tu-llamas-pensamiento\\\/#primaryimage\"},\"image\":{\"@id\":\"https:\\\/\\\/fuentesfidedignas.com.mx\\\/index.php\\\/2026\\\/04\\\/25\\\/el-ruido-que-tu-llamas-pensamiento\\\/#primaryimage\"},\"thumbnailUrl\":\"https:\\\/\\\/fuentesfidedignas.com.mx\\\/wp-content\\\/uploads\\\/2026\\\/04\\\/1c3903cc-ff56-4fb7-ae03-786c6421ff74.jpeg\",\"datePublished\":\"2026-04-26T01:54:00+00:00\",\"breadcrumb\":{\"@id\":\"https:\\\/\\\/fuentesfidedignas.com.mx\\\/index.php\\\/2026\\\/04\\\/25\\\/el-ruido-que-tu-llamas-pensamiento\\\/#breadcrumb\"},\"inLanguage\":\"es\",\"potentialAction\":[{\"@type\":\"ReadAction\",\"target\":[\"https:\\\/\\\/fuentesfidedignas.com.mx\\\/index.php\\\/2026\\\/04\\\/25\\\/el-ruido-que-tu-llamas-pensamiento\\\/\"]}]},{\"@type\":\"ImageObject\",\"inLanguage\":\"es\",\"@id\":\"https:\\\/\\\/fuentesfidedignas.com.mx\\\/index.php\\\/2026\\\/04\\\/25\\\/el-ruido-que-tu-llamas-pensamiento\\\/#primaryimage\",\"url\":\"https:\\\/\\\/fuentesfidedignas.com.mx\\\/wp-content\\\/uploads\\\/2026\\\/04\\\/1c3903cc-ff56-4fb7-ae03-786c6421ff74.jpeg\",\"contentUrl\":\"https:\\\/\\\/fuentesfidedignas.com.mx\\\/wp-content\\\/uploads\\\/2026\\\/04\\\/1c3903cc-ff56-4fb7-ae03-786c6421ff74.jpeg\",\"width\":1600,\"height\":1066},{\"@type\":\"BreadcrumbList\",\"@id\":\"https:\\\/\\\/fuentesfidedignas.com.mx\\\/index.php\\\/2026\\\/04\\\/25\\\/el-ruido-que-tu-llamas-pensamiento\\\/#breadcrumb\",\"itemListElement\":[{\"@type\":\"ListItem\",\"position\":1,\"name\":\"Inicio\",\"item\":\"https:\\\/\\\/fuentesfidedignas.com.mx\\\/\"},{\"@type\":\"ListItem\",\"position\":2,\"name\":\"El ruido que t\u00fa llamas pensamiento\"}]},{\"@type\":\"WebSite\",\"@id\":\"https:\\\/\\\/fuentesfidedignas.com.mx\\\/#website\",\"url\":\"https:\\\/\\\/fuentesfidedignas.com.mx\\\/\",\"name\":\"Fuentes Fidedignas\",\"description\":\"Otro sitio realizado con WordPress\",\"publisher\":{\"@id\":\"https:\\\/\\\/fuentesfidedignas.com.mx\\\/#organization\"},\"potentialAction\":[{\"@type\":\"SearchAction\",\"target\":{\"@type\":\"EntryPoint\",\"urlTemplate\":\"https:\\\/\\\/fuentesfidedignas.com.mx\\\/?s={search_term_string}\"},\"query-input\":{\"@type\":\"PropertyValueSpecification\",\"valueRequired\":true,\"valueName\":\"search_term_string\"}}],\"inLanguage\":\"es\"},{\"@type\":\"Organization\",\"@id\":\"https:\\\/\\\/fuentesfidedignas.com.mx\\\/#organization\",\"name\":\"Fuentes Fidedignas\",\"url\":\"https:\\\/\\\/fuentesfidedignas.com.mx\\\/\",\"logo\":{\"@type\":\"ImageObject\",\"inLanguage\":\"es\",\"@id\":\"https:\\\/\\\/fuentesfidedignas.com.mx\\\/#\\\/schema\\\/logo\\\/image\\\/\",\"url\":\"https:\\\/\\\/fuentesfidedignas.com.mx\\\/wp-content\\\/uploads\\\/2021\\\/04\\\/logo-retina.png\",\"contentUrl\":\"https:\\\/\\\/fuentesfidedignas.com.mx\\\/wp-content\\\/uploads\\\/2021\\\/04\\\/logo-retina.png\",\"width\":280,\"height\":51,\"caption\":\"Fuentes Fidedignas\"},\"image\":{\"@id\":\"https:\\\/\\\/fuentesfidedignas.com.mx\\\/#\\\/schema\\\/logo\\\/image\\\/\"},\"sameAs\":[\"https:\\\/\\\/www.facebook.com\\\/Fuentes-Fidedignas-368234489921644\",\"https:\\\/\\\/x.com\\\/fidedignas\"]},{\"@type\":\"Person\",\"@id\":\"https:\\\/\\\/fuentesfidedignas.com.mx\\\/#\\\/schema\\\/person\\\/3f687c55082c557a647c7836bde45728\",\"name\":\"Mtro. Horacio de Jes\u00fas Malcampo Moreno\",\"image\":{\"@type\":\"ImageObject\",\"inLanguage\":\"es\",\"@id\":\"https:\\\/\\\/secure.gravatar.com\\\/avatar\\\/21fd667a5b9de079d383e44390566d4c728a6ce47b9b5e8419c61f1b793461ac?s=96&d=mm&r=g\",\"url\":\"https:\\\/\\\/secure.gravatar.com\\\/avatar\\\/21fd667a5b9de079d383e44390566d4c728a6ce47b9b5e8419c61f1b793461ac?s=96&d=mm&r=g\",\"contentUrl\":\"https:\\\/\\\/secure.gravatar.com\\\/avatar\\\/21fd667a5b9de079d383e44390566d4c728a6ce47b9b5e8419c61f1b793461ac?s=96&d=mm&r=g\",\"caption\":\"Mtro. Horacio de Jes\u00fas Malcampo Moreno\"},\"url\":\"https:\\\/\\\/fuentesfidedignas.com.mx\\\/index.php\\\/author\\\/horacio\\\/\"}]}<\/script>\n<!-- \/ Yoast SEO plugin. -->","yoast_head_json":{"title":"El ruido que t\u00fa llamas pensamiento - Fuentes Fidedignas","robots":{"index":"index","follow":"follow","max-snippet":"max-snippet:-1","max-image-preview":"max-image-preview:large","max-video-preview":"max-video-preview:-1"},"canonical":"https:\/\/fuentesfidedignas.com.mx\/index.php\/2026\/04\/25\/el-ruido-que-tu-llamas-pensamiento\/","og_locale":"es_MX","og_type":"article","og_title":"El ruido que t\u00fa llamas pensamiento - Fuentes Fidedignas","og_description":"Hay un ruido constante. No el ruido de afuera sino el de adentro. El de los pensamientos que no esperan turno, que se enciman, que empiezan y no terminan, que saltan de un punto a otro sin pedir permiso. Llevas tanto tiempo viviendo dentro de ese ruido que ya no sabes si eso es pensar, [&hellip;]","og_url":"https:\/\/fuentesfidedignas.com.mx\/index.php\/2026\/04\/25\/el-ruido-que-tu-llamas-pensamiento\/","og_site_name":"Fuentes Fidedignas","article_publisher":"https:\/\/www.facebook.com\/Fuentes-Fidedignas-368234489921644","article_published_time":"2026-04-26T01:54:00+00:00","og_image":[{"width":1600,"height":1066,"url":"https:\/\/fuentesfidedignas.com.mx\/wp-content\/uploads\/2026\/04\/1c3903cc-ff56-4fb7-ae03-786c6421ff74.jpeg","type":"image\/jpeg"}],"author":"Mtro. Horacio de Jes\u00fas Malcampo Moreno","twitter_card":"summary_large_image","twitter_creator":"@fidedignas","twitter_site":"@fidedignas","twitter_misc":{"Escrito por":"Mtro. Horacio de Jes\u00fas Malcampo Moreno","Tiempo de lectura":"4 minutos"},"schema":{"@context":"https:\/\/schema.org","@graph":[{"@type":"Article","@id":"https:\/\/fuentesfidedignas.com.mx\/index.php\/2026\/04\/25\/el-ruido-que-tu-llamas-pensamiento\/#article","isPartOf":{"@id":"https:\/\/fuentesfidedignas.com.mx\/index.php\/2026\/04\/25\/el-ruido-que-tu-llamas-pensamiento\/"},"author":{"name":"Mtro. Horacio de Jes\u00fas Malcampo Moreno","@id":"https:\/\/fuentesfidedignas.com.mx\/#\/schema\/person\/3f687c55082c557a647c7836bde45728"},"headline":"El ruido que t\u00fa llamas pensamiento","datePublished":"2026-04-26T01:54:00+00:00","mainEntityOfPage":{"@id":"https:\/\/fuentesfidedignas.com.mx\/index.php\/2026\/04\/25\/el-ruido-que-tu-llamas-pensamiento\/"},"wordCount":887,"publisher":{"@id":"https:\/\/fuentesfidedignas.com.mx\/#organization"},"image":{"@id":"https:\/\/fuentesfidedignas.com.mx\/index.php\/2026\/04\/25\/el-ruido-que-tu-llamas-pensamiento\/#primaryimage"},"thumbnailUrl":"https:\/\/fuentesfidedignas.com.mx\/wp-content\/uploads\/2026\/04\/1c3903cc-ff56-4fb7-ae03-786c6421ff74.jpeg","articleSection":["COLUMNAS","NUTRIENDO LA MENTE"],"inLanguage":"es"},{"@type":"WebPage","@id":"https:\/\/fuentesfidedignas.com.mx\/index.php\/2026\/04\/25\/el-ruido-que-tu-llamas-pensamiento\/","url":"https:\/\/fuentesfidedignas.com.mx\/index.php\/2026\/04\/25\/el-ruido-que-tu-llamas-pensamiento\/","name":"El ruido que t\u00fa llamas pensamiento - Fuentes Fidedignas","isPartOf":{"@id":"https:\/\/fuentesfidedignas.com.mx\/#website"},"primaryImageOfPage":{"@id":"https:\/\/fuentesfidedignas.com.mx\/index.php\/2026\/04\/25\/el-ruido-que-tu-llamas-pensamiento\/#primaryimage"},"image":{"@id":"https:\/\/fuentesfidedignas.com.mx\/index.php\/2026\/04\/25\/el-ruido-que-tu-llamas-pensamiento\/#primaryimage"},"thumbnailUrl":"https:\/\/fuentesfidedignas.com.mx\/wp-content\/uploads\/2026\/04\/1c3903cc-ff56-4fb7-ae03-786c6421ff74.jpeg","datePublished":"2026-04-26T01:54:00+00:00","breadcrumb":{"@id":"https:\/\/fuentesfidedignas.com.mx\/index.php\/2026\/04\/25\/el-ruido-que-tu-llamas-pensamiento\/#breadcrumb"},"inLanguage":"es","potentialAction":[{"@type":"ReadAction","target":["https:\/\/fuentesfidedignas.com.mx\/index.php\/2026\/04\/25\/el-ruido-que-tu-llamas-pensamiento\/"]}]},{"@type":"ImageObject","inLanguage":"es","@id":"https:\/\/fuentesfidedignas.com.mx\/index.php\/2026\/04\/25\/el-ruido-que-tu-llamas-pensamiento\/#primaryimage","url":"https:\/\/fuentesfidedignas.com.mx\/wp-content\/uploads\/2026\/04\/1c3903cc-ff56-4fb7-ae03-786c6421ff74.jpeg","contentUrl":"https:\/\/fuentesfidedignas.com.mx\/wp-content\/uploads\/2026\/04\/1c3903cc-ff56-4fb7-ae03-786c6421ff74.jpeg","width":1600,"height":1066},{"@type":"BreadcrumbList","@id":"https:\/\/fuentesfidedignas.com.mx\/index.php\/2026\/04\/25\/el-ruido-que-tu-llamas-pensamiento\/#breadcrumb","itemListElement":[{"@type":"ListItem","position":1,"name":"Inicio","item":"https:\/\/fuentesfidedignas.com.mx\/"},{"@type":"ListItem","position":2,"name":"El ruido que t\u00fa llamas pensamiento"}]},{"@type":"WebSite","@id":"https:\/\/fuentesfidedignas.com.mx\/#website","url":"https:\/\/fuentesfidedignas.com.mx\/","name":"Fuentes Fidedignas","description":"Otro sitio realizado con WordPress","publisher":{"@id":"https:\/\/fuentesfidedignas.com.mx\/#organization"},"potentialAction":[{"@type":"SearchAction","target":{"@type":"EntryPoint","urlTemplate":"https:\/\/fuentesfidedignas.com.mx\/?s={search_term_string}"},"query-input":{"@type":"PropertyValueSpecification","valueRequired":true,"valueName":"search_term_string"}}],"inLanguage":"es"},{"@type":"Organization","@id":"https:\/\/fuentesfidedignas.com.mx\/#organization","name":"Fuentes Fidedignas","url":"https:\/\/fuentesfidedignas.com.mx\/","logo":{"@type":"ImageObject","inLanguage":"es","@id":"https:\/\/fuentesfidedignas.com.mx\/#\/schema\/logo\/image\/","url":"https:\/\/fuentesfidedignas.com.mx\/wp-content\/uploads\/2021\/04\/logo-retina.png","contentUrl":"https:\/\/fuentesfidedignas.com.mx\/wp-content\/uploads\/2021\/04\/logo-retina.png","width":280,"height":51,"caption":"Fuentes Fidedignas"},"image":{"@id":"https:\/\/fuentesfidedignas.com.mx\/#\/schema\/logo\/image\/"},"sameAs":["https:\/\/www.facebook.com\/Fuentes-Fidedignas-368234489921644","https:\/\/x.com\/fidedignas"]},{"@type":"Person","@id":"https:\/\/fuentesfidedignas.com.mx\/#\/schema\/person\/3f687c55082c557a647c7836bde45728","name":"Mtro. Horacio de Jes\u00fas Malcampo Moreno","image":{"@type":"ImageObject","inLanguage":"es","@id":"https:\/\/secure.gravatar.com\/avatar\/21fd667a5b9de079d383e44390566d4c728a6ce47b9b5e8419c61f1b793461ac?s=96&d=mm&r=g","url":"https:\/\/secure.gravatar.com\/avatar\/21fd667a5b9de079d383e44390566d4c728a6ce47b9b5e8419c61f1b793461ac?s=96&d=mm&r=g","contentUrl":"https:\/\/secure.gravatar.com\/avatar\/21fd667a5b9de079d383e44390566d4c728a6ce47b9b5e8419c61f1b793461ac?s=96&d=mm&r=g","caption":"Mtro. Horacio de Jes\u00fas Malcampo Moreno"},"url":"https:\/\/fuentesfidedignas.com.mx\/index.php\/author\/horacio\/"}]}},"_links":{"self":[{"href":"https:\/\/fuentesfidedignas.com.mx\/index.php\/wp-json\/wp\/v2\/posts\/132255","targetHints":{"allow":["GET"]}}],"collection":[{"href":"https:\/\/fuentesfidedignas.com.mx\/index.php\/wp-json\/wp\/v2\/posts"}],"about":[{"href":"https:\/\/fuentesfidedignas.com.mx\/index.php\/wp-json\/wp\/v2\/types\/post"}],"author":[{"embeddable":true,"href":"https:\/\/fuentesfidedignas.com.mx\/index.php\/wp-json\/wp\/v2\/users\/146"}],"replies":[{"embeddable":true,"href":"https:\/\/fuentesfidedignas.com.mx\/index.php\/wp-json\/wp\/v2\/comments?post=132255"}],"version-history":[{"count":1,"href":"https:\/\/fuentesfidedignas.com.mx\/index.php\/wp-json\/wp\/v2\/posts\/132255\/revisions"}],"predecessor-version":[{"id":132256,"href":"https:\/\/fuentesfidedignas.com.mx\/index.php\/wp-json\/wp\/v2\/posts\/132255\/revisions\/132256"}],"wp:featuredmedia":[{"embeddable":true,"href":"https:\/\/fuentesfidedignas.com.mx\/index.php\/wp-json\/wp\/v2\/media\/132254"}],"wp:attachment":[{"href":"https:\/\/fuentesfidedignas.com.mx\/index.php\/wp-json\/wp\/v2\/media?parent=132255"}],"wp:term":[{"taxonomy":"category","embeddable":true,"href":"https:\/\/fuentesfidedignas.com.mx\/index.php\/wp-json\/wp\/v2\/categories?post=132255"},{"taxonomy":"post_tag","embeddable":true,"href":"https:\/\/fuentesfidedignas.com.mx\/index.php\/wp-json\/wp\/v2\/tags?post=132255"}],"curies":[{"name":"wp","href":"https:\/\/api.w.org\/{rel}","templated":true}]}}