{"id":132248,"date":"2026-04-25T15:12:35","date_gmt":"2026-04-25T22:12:35","guid":{"rendered":"https:\/\/fuentesfidedignas.com.mx\/?p=132248"},"modified":"2026-04-25T15:12:35","modified_gmt":"2026-04-25T22:12:35","slug":"arranca-en-sinaloa-la-semana-nacional-de-vacunacion-2026","status":"publish","type":"post","link":"https:\/\/fuentesfidedignas.com.mx\/index.php\/2026\/04\/25\/arranca-en-sinaloa-la-semana-nacional-de-vacunacion-2026\/","title":{"rendered":"Arranca en Sinaloa la Semana Nacional de Vacunaci\u00f3n 2026"},"content":{"rendered":"\n<p><\/p>\n\n\n\n<p>Culiac\u00e1n, Sinaloa.- Con el objetivo de fortalecer la protecci\u00f3n de la salud p\u00fablica y prevenir enfermedades, el secretario de Salud, el Dr. Cuitl\u00e1huac Gonz\u00e1lez Galindo, encabez\u00f3 el arranque de la Semana Nacional de Vacunaci\u00f3n 2026, en Aguaruto, la cual estar\u00e1 vigente del 25 de abril al 2 de mayo en todo el estado.<\/p>\n\n\n\n<p>Durante esta jornada, las vacunas estar\u00e1n disponibles en todas las unidades y centros de salud del estado, con el prop\u00f3sito de ampliar la cobertura y proteger a la poblaci\u00f3n contra diversas enfermedades prevenibles.<\/p>\n\n\n\n<p>En su mensaje, el secretario de Salud inform\u00f3 que esta jornada se lleva a cabo en todo Sinaloa y la meta para esta semana es la aplicaci\u00f3n de 40 mil vacunas, adem\u00e1s de resaltar que, como parte de una campa\u00f1a intensiva contra el sarampi\u00f3n, se han aplicado m\u00e1s de 600 mil dosis desde el mes de febrero, reflejo del compromiso del sector salud.<\/p>\n\n\n\n<p>\u201cTenemos una meta que no es menor, que son 40 mil vacunas para esta semana, sin embargo, hemos llevado a cabo campa\u00f1as intensivas de vacunaci\u00f3n contra el sarampi\u00f3n, donde solo de febrero a la fecha hemos aplicado m\u00e1s de 600 mil vacunas\u201d, dijo.<\/p>\n\n\n\n<p>Gonz\u00e1lez Galindo enfatiz\u00f3 que la vacunaci\u00f3n salva vidas, por ello hizo un llamado a la poblaci\u00f3n a acudir a su unidad de salud m\u00e1s cercana y completar sus esquemas de inmunizaci\u00f3n.<\/p>\n\n\n\n<p>Finalmente, reconoci\u00f3 el respaldo del Gobierno del Estado para fortalecer la infraestructura y las condiciones del sistema de salud, as\u00ed como la colaboraci\u00f3n de instituciones como IMSS, ISSSTE, IMSS-Bienestar, el Servicio Nacional de Salud P\u00fablica y el sector privado, fundamentales para mantener a Sinaloa como un estado saludable.<\/p>\n\n\n\n<p><\/p>\n","protected":false},"excerpt":{"rendered":"<p>Culiac\u00e1n, Sinaloa.- Con el objetivo de fortalecer la protecci\u00f3n de la salud p\u00fablica y prevenir enfermedades, el secretario de Salud, el Dr. Cuitl\u00e1huac Gonz\u00e1lez Galindo, encabez\u00f3 el arranque de la Semana Nacional de Vacunaci\u00f3n 2026, en Aguaruto, la cual estar\u00e1 vigente del 25 de abril al 2 de mayo en todo el estado. Durante esta [&hellip;]<\/p>\n","protected":false},"author":4,"featured_media":132247,"comment_status":"closed","ping_status":"open","sticky":false,"template":"","format":"standard","meta":{"tdm_status":"","tdm_grid_status":"","footnotes":""},"categories":[37],"tags":[],"class_list":{"0":"post-132248","1":"post","2":"type-post","3":"status-publish","4":"format-standard","5":"has-post-thumbnail","7":"category-nota-principal"},"yoast_head":"<!-- This site is optimized with the Yoast SEO plugin v27.4 - https:\/\/yoast.com\/product\/yoast-seo-wordpress\/ -->\n<title>Arranca en Sinaloa la Semana Nacional de Vacunaci\u00f3n 2026 - Fuentes Fidedignas<\/title>\n<meta name=\"robots\" content=\"index, follow, max-snippet:-1, max-image-preview:large, max-video-preview:-1\" \/>\n<link rel=\"canonical\" href=\"https:\/\/fuentesfidedignas.com.mx\/index.php\/2026\/04\/25\/arranca-en-sinaloa-la-semana-nacional-de-vacunacion-2026\/\" \/>\n<meta property=\"og:locale\" content=\"es_MX\" \/>\n<meta property=\"og:type\" content=\"article\" \/>\n<meta property=\"og:title\" content=\"Arranca en Sinaloa la Semana Nacional de Vacunaci\u00f3n 2026 - Fuentes Fidedignas\" \/>\n<meta property=\"og:description\" content=\"Culiac\u00e1n, Sinaloa.- Con el objetivo de fortalecer la protecci\u00f3n de la salud p\u00fablica y prevenir enfermedades, el secretario de Salud, el Dr. Cuitl\u00e1huac Gonz\u00e1lez Galindo, encabez\u00f3 el arranque de la Semana Nacional de Vacunaci\u00f3n 2026, en Aguaruto, la cual estar\u00e1 vigente del 25 de abril al 2 de mayo en todo el estado. Durante esta [&hellip;]\" \/>\n<meta property=\"og:url\" content=\"https:\/\/fuentesfidedignas.com.mx\/index.php\/2026\/04\/25\/arranca-en-sinaloa-la-semana-nacional-de-vacunacion-2026\/\" \/>\n<meta property=\"og:site_name\" content=\"Fuentes Fidedignas\" \/>\n<meta property=\"article:publisher\" content=\"https:\/\/www.facebook.com\/Fuentes-Fidedignas-368234489921644\" \/>\n<meta property=\"article:published_time\" content=\"2026-04-25T22:12:35+00:00\" \/>\n<meta property=\"og:image\" content=\"https:\/\/fuentesfidedignas.com.mx\/wp-content\/uploads\/2026\/04\/76509488-c057-4e64-8679-d02dd524ff2e.jpeg\" \/>\n\t<meta property=\"og:image:width\" content=\"1280\" \/>\n\t<meta property=\"og:image:height\" content=\"854\" \/>\n\t<meta property=\"og:image:type\" content=\"image\/jpeg\" \/>\n<meta name=\"author\" content=\"Redacci\u00f3n\" \/>\n<meta name=\"twitter:card\" content=\"summary_large_image\" \/>\n<meta name=\"twitter:creator\" content=\"@fidedignas\" \/>\n<meta name=\"twitter:site\" content=\"@fidedignas\" \/>\n<meta name=\"twitter:label1\" content=\"Escrito por\" \/>\n\t<meta name=\"twitter:data1\" content=\"Redacci\u00f3n\" \/>\n\t<meta name=\"twitter:label2\" content=\"Tiempo de lectura\" \/>\n\t<meta name=\"twitter:data2\" content=\"1 minuto\" \/>\n<script type=\"application\/ld+json\" class=\"yoast-schema-graph\">{\"@context\":\"https:\\\/\\\/schema.org\",\"@graph\":[{\"@type\":\"Article\",\"@id\":\"https:\\\/\\\/fuentesfidedignas.com.mx\\\/index.php\\\/2026\\\/04\\\/25\\\/arranca-en-sinaloa-la-semana-nacional-de-vacunacion-2026\\\/#article\",\"isPartOf\":{\"@id\":\"https:\\\/\\\/fuentesfidedignas.com.mx\\\/index.php\\\/2026\\\/04\\\/25\\\/arranca-en-sinaloa-la-semana-nacional-de-vacunacion-2026\\\/\"},\"author\":{\"name\":\"Redacci\u00f3n\",\"@id\":\"https:\\\/\\\/fuentesfidedignas.com.mx\\\/#\\\/schema\\\/person\\\/331be9283d37198e2acd5750279085b0\"},\"headline\":\"Arranca en Sinaloa la Semana Nacional de Vacunaci\u00f3n 2026\",\"datePublished\":\"2026-04-25T22:12:35+00:00\",\"mainEntityOfPage\":{\"@id\":\"https:\\\/\\\/fuentesfidedignas.com.mx\\\/index.php\\\/2026\\\/04\\\/25\\\/arranca-en-sinaloa-la-semana-nacional-de-vacunacion-2026\\\/\"},\"wordCount\":299,\"publisher\":{\"@id\":\"https:\\\/\\\/fuentesfidedignas.com.mx\\\/#organization\"},\"image\":{\"@id\":\"https:\\\/\\\/fuentesfidedignas.com.mx\\\/index.php\\\/2026\\\/04\\\/25\\\/arranca-en-sinaloa-la-semana-nacional-de-vacunacion-2026\\\/#primaryimage\"},\"thumbnailUrl\":\"https:\\\/\\\/fuentesfidedignas.com.mx\\\/wp-content\\\/uploads\\\/2026\\\/04\\\/76509488-c057-4e64-8679-d02dd524ff2e.jpeg\",\"articleSection\":[\"NOTA PRINCIPAL\"],\"inLanguage\":\"es\"},{\"@type\":\"WebPage\",\"@id\":\"https:\\\/\\\/fuentesfidedignas.com.mx\\\/index.php\\\/2026\\\/04\\\/25\\\/arranca-en-sinaloa-la-semana-nacional-de-vacunacion-2026\\\/\",\"url\":\"https:\\\/\\\/fuentesfidedignas.com.mx\\\/index.php\\\/2026\\\/04\\\/25\\\/arranca-en-sinaloa-la-semana-nacional-de-vacunacion-2026\\\/\",\"name\":\"Arranca en Sinaloa la Semana Nacional de Vacunaci\u00f3n 2026 - Fuentes Fidedignas\",\"isPartOf\":{\"@id\":\"https:\\\/\\\/fuentesfidedignas.com.mx\\\/#website\"},\"primaryImageOfPage\":{\"@id\":\"https:\\\/\\\/fuentesfidedignas.com.mx\\\/index.php\\\/2026\\\/04\\\/25\\\/arranca-en-sinaloa-la-semana-nacional-de-vacunacion-2026\\\/#primaryimage\"},\"image\":{\"@id\":\"https:\\\/\\\/fuentesfidedignas.com.mx\\\/index.php\\\/2026\\\/04\\\/25\\\/arranca-en-sinaloa-la-semana-nacional-de-vacunacion-2026\\\/#primaryimage\"},\"thumbnailUrl\":\"https:\\\/\\\/fuentesfidedignas.com.mx\\\/wp-content\\\/uploads\\\/2026\\\/04\\\/76509488-c057-4e64-8679-d02dd524ff2e.jpeg\",\"datePublished\":\"2026-04-25T22:12:35+00:00\",\"breadcrumb\":{\"@id\":\"https:\\\/\\\/fuentesfidedignas.com.mx\\\/index.php\\\/2026\\\/04\\\/25\\\/arranca-en-sinaloa-la-semana-nacional-de-vacunacion-2026\\\/#breadcrumb\"},\"inLanguage\":\"es\",\"potentialAction\":[{\"@type\":\"ReadAction\",\"target\":[\"https:\\\/\\\/fuentesfidedignas.com.mx\\\/index.php\\\/2026\\\/04\\\/25\\\/arranca-en-sinaloa-la-semana-nacional-de-vacunacion-2026\\\/\"]}]},{\"@type\":\"ImageObject\",\"inLanguage\":\"es\",\"@id\":\"https:\\\/\\\/fuentesfidedignas.com.mx\\\/index.php\\\/2026\\\/04\\\/25\\\/arranca-en-sinaloa-la-semana-nacional-de-vacunacion-2026\\\/#primaryimage\",\"url\":\"https:\\\/\\\/fuentesfidedignas.com.mx\\\/wp-content\\\/uploads\\\/2026\\\/04\\\/76509488-c057-4e64-8679-d02dd524ff2e.jpeg\",\"contentUrl\":\"https:\\\/\\\/fuentesfidedignas.com.mx\\\/wp-content\\\/uploads\\\/2026\\\/04\\\/76509488-c057-4e64-8679-d02dd524ff2e.jpeg\",\"width\":1280,\"height\":854},{\"@type\":\"BreadcrumbList\",\"@id\":\"https:\\\/\\\/fuentesfidedignas.com.mx\\\/index.php\\\/2026\\\/04\\\/25\\\/arranca-en-sinaloa-la-semana-nacional-de-vacunacion-2026\\\/#breadcrumb\",\"itemListElement\":[{\"@type\":\"ListItem\",\"position\":1,\"name\":\"Inicio\",\"item\":\"https:\\\/\\\/fuentesfidedignas.com.mx\\\/\"},{\"@type\":\"ListItem\",\"position\":2,\"name\":\"Arranca en Sinaloa la Semana Nacional de Vacunaci\u00f3n 2026\"}]},{\"@type\":\"WebSite\",\"@id\":\"https:\\\/\\\/fuentesfidedignas.com.mx\\\/#website\",\"url\":\"https:\\\/\\\/fuentesfidedignas.com.mx\\\/\",\"name\":\"Fuentes Fidedignas\",\"description\":\"Otro sitio realizado con WordPress\",\"publisher\":{\"@id\":\"https:\\\/\\\/fuentesfidedignas.com.mx\\\/#organization\"},\"potentialAction\":[{\"@type\":\"SearchAction\",\"target\":{\"@type\":\"EntryPoint\",\"urlTemplate\":\"https:\\\/\\\/fuentesfidedignas.com.mx\\\/?s={search_term_string}\"},\"query-input\":{\"@type\":\"PropertyValueSpecification\",\"valueRequired\":true,\"valueName\":\"search_term_string\"}}],\"inLanguage\":\"es\"},{\"@type\":\"Organization\",\"@id\":\"https:\\\/\\\/fuentesfidedignas.com.mx\\\/#organization\",\"name\":\"Fuentes Fidedignas\",\"url\":\"https:\\\/\\\/fuentesfidedignas.com.mx\\\/\",\"logo\":{\"@type\":\"ImageObject\",\"inLanguage\":\"es\",\"@id\":\"https:\\\/\\\/fuentesfidedignas.com.mx\\\/#\\\/schema\\\/logo\\\/image\\\/\",\"url\":\"https:\\\/\\\/fuentesfidedignas.com.mx\\\/wp-content\\\/uploads\\\/2021\\\/04\\\/logo-retina.png\",\"contentUrl\":\"https:\\\/\\\/fuentesfidedignas.com.mx\\\/wp-content\\\/uploads\\\/2021\\\/04\\\/logo-retina.png\",\"width\":280,\"height\":51,\"caption\":\"Fuentes Fidedignas\"},\"image\":{\"@id\":\"https:\\\/\\\/fuentesfidedignas.com.mx\\\/#\\\/schema\\\/logo\\\/image\\\/\"},\"sameAs\":[\"https:\\\/\\\/www.facebook.com\\\/Fuentes-Fidedignas-368234489921644\",\"https:\\\/\\\/x.com\\\/fidedignas\"]},{\"@type\":\"Person\",\"@id\":\"https:\\\/\\\/fuentesfidedignas.com.mx\\\/#\\\/schema\\\/person\\\/331be9283d37198e2acd5750279085b0\",\"name\":\"Redacci\u00f3n\",\"image\":{\"@type\":\"ImageObject\",\"inLanguage\":\"es\",\"@id\":\"https:\\\/\\\/secure.gravatar.com\\\/avatar\\\/f6d8782c11d12b2d4ad3fbb6931aeab5309937a4d6cd2fc9cfaa28a6396a5aec?s=96&d=mm&r=g\",\"url\":\"https:\\\/\\\/secure.gravatar.com\\\/avatar\\\/f6d8782c11d12b2d4ad3fbb6931aeab5309937a4d6cd2fc9cfaa28a6396a5aec?s=96&d=mm&r=g\",\"contentUrl\":\"https:\\\/\\\/secure.gravatar.com\\\/avatar\\\/f6d8782c11d12b2d4ad3fbb6931aeab5309937a4d6cd2fc9cfaa28a6396a5aec?s=96&d=mm&r=g\",\"caption\":\"Redacci\u00f3n\"},\"url\":\"https:\\\/\\\/fuentesfidedignas.com.mx\\\/index.php\\\/author\\\/redaccion\\\/\"}]}<\/script>\n<!-- \/ Yoast SEO plugin. -->","yoast_head_json":{"title":"Arranca en Sinaloa la Semana Nacional de Vacunaci\u00f3n 2026 - Fuentes Fidedignas","robots":{"index":"index","follow":"follow","max-snippet":"max-snippet:-1","max-image-preview":"max-image-preview:large","max-video-preview":"max-video-preview:-1"},"canonical":"https:\/\/fuentesfidedignas.com.mx\/index.php\/2026\/04\/25\/arranca-en-sinaloa-la-semana-nacional-de-vacunacion-2026\/","og_locale":"es_MX","og_type":"article","og_title":"Arranca en Sinaloa la Semana Nacional de Vacunaci\u00f3n 2026 - Fuentes Fidedignas","og_description":"Culiac\u00e1n, Sinaloa.- Con el objetivo de fortalecer la protecci\u00f3n de la salud p\u00fablica y prevenir enfermedades, el secretario de Salud, el Dr. Cuitl\u00e1huac Gonz\u00e1lez Galindo, encabez\u00f3 el arranque de la Semana Nacional de Vacunaci\u00f3n 2026, en Aguaruto, la cual estar\u00e1 vigente del 25 de abril al 2 de mayo en todo el estado. Durante esta [&hellip;]","og_url":"https:\/\/fuentesfidedignas.com.mx\/index.php\/2026\/04\/25\/arranca-en-sinaloa-la-semana-nacional-de-vacunacion-2026\/","og_site_name":"Fuentes Fidedignas","article_publisher":"https:\/\/www.facebook.com\/Fuentes-Fidedignas-368234489921644","article_published_time":"2026-04-25T22:12:35+00:00","og_image":[{"width":1280,"height":854,"url":"https:\/\/fuentesfidedignas.com.mx\/wp-content\/uploads\/2026\/04\/76509488-c057-4e64-8679-d02dd524ff2e.jpeg","type":"image\/jpeg"}],"author":"Redacci\u00f3n","twitter_card":"summary_large_image","twitter_creator":"@fidedignas","twitter_site":"@fidedignas","twitter_misc":{"Escrito por":"Redacci\u00f3n","Tiempo de lectura":"1 minuto"},"schema":{"@context":"https:\/\/schema.org","@graph":[{"@type":"Article","@id":"https:\/\/fuentesfidedignas.com.mx\/index.php\/2026\/04\/25\/arranca-en-sinaloa-la-semana-nacional-de-vacunacion-2026\/#article","isPartOf":{"@id":"https:\/\/fuentesfidedignas.com.mx\/index.php\/2026\/04\/25\/arranca-en-sinaloa-la-semana-nacional-de-vacunacion-2026\/"},"author":{"name":"Redacci\u00f3n","@id":"https:\/\/fuentesfidedignas.com.mx\/#\/schema\/person\/331be9283d37198e2acd5750279085b0"},"headline":"Arranca en Sinaloa la Semana Nacional de Vacunaci\u00f3n 2026","datePublished":"2026-04-25T22:12:35+00:00","mainEntityOfPage":{"@id":"https:\/\/fuentesfidedignas.com.mx\/index.php\/2026\/04\/25\/arranca-en-sinaloa-la-semana-nacional-de-vacunacion-2026\/"},"wordCount":299,"publisher":{"@id":"https:\/\/fuentesfidedignas.com.mx\/#organization"},"image":{"@id":"https:\/\/fuentesfidedignas.com.mx\/index.php\/2026\/04\/25\/arranca-en-sinaloa-la-semana-nacional-de-vacunacion-2026\/#primaryimage"},"thumbnailUrl":"https:\/\/fuentesfidedignas.com.mx\/wp-content\/uploads\/2026\/04\/76509488-c057-4e64-8679-d02dd524ff2e.jpeg","articleSection":["NOTA PRINCIPAL"],"inLanguage":"es"},{"@type":"WebPage","@id":"https:\/\/fuentesfidedignas.com.mx\/index.php\/2026\/04\/25\/arranca-en-sinaloa-la-semana-nacional-de-vacunacion-2026\/","url":"https:\/\/fuentesfidedignas.com.mx\/index.php\/2026\/04\/25\/arranca-en-sinaloa-la-semana-nacional-de-vacunacion-2026\/","name":"Arranca en Sinaloa la Semana Nacional de Vacunaci\u00f3n 2026 - Fuentes Fidedignas","isPartOf":{"@id":"https:\/\/fuentesfidedignas.com.mx\/#website"},"primaryImageOfPage":{"@id":"https:\/\/fuentesfidedignas.com.mx\/index.php\/2026\/04\/25\/arranca-en-sinaloa-la-semana-nacional-de-vacunacion-2026\/#primaryimage"},"image":{"@id":"https:\/\/fuentesfidedignas.com.mx\/index.php\/2026\/04\/25\/arranca-en-sinaloa-la-semana-nacional-de-vacunacion-2026\/#primaryimage"},"thumbnailUrl":"https:\/\/fuentesfidedignas.com.mx\/wp-content\/uploads\/2026\/04\/76509488-c057-4e64-8679-d02dd524ff2e.jpeg","datePublished":"2026-04-25T22:12:35+00:00","breadcrumb":{"@id":"https:\/\/fuentesfidedignas.com.mx\/index.php\/2026\/04\/25\/arranca-en-sinaloa-la-semana-nacional-de-vacunacion-2026\/#breadcrumb"},"inLanguage":"es","potentialAction":[{"@type":"ReadAction","target":["https:\/\/fuentesfidedignas.com.mx\/index.php\/2026\/04\/25\/arranca-en-sinaloa-la-semana-nacional-de-vacunacion-2026\/"]}]},{"@type":"ImageObject","inLanguage":"es","@id":"https:\/\/fuentesfidedignas.com.mx\/index.php\/2026\/04\/25\/arranca-en-sinaloa-la-semana-nacional-de-vacunacion-2026\/#primaryimage","url":"https:\/\/fuentesfidedignas.com.mx\/wp-content\/uploads\/2026\/04\/76509488-c057-4e64-8679-d02dd524ff2e.jpeg","contentUrl":"https:\/\/fuentesfidedignas.com.mx\/wp-content\/uploads\/2026\/04\/76509488-c057-4e64-8679-d02dd524ff2e.jpeg","width":1280,"height":854},{"@type":"BreadcrumbList","@id":"https:\/\/fuentesfidedignas.com.mx\/index.php\/2026\/04\/25\/arranca-en-sinaloa-la-semana-nacional-de-vacunacion-2026\/#breadcrumb","itemListElement":[{"@type":"ListItem","position":1,"name":"Inicio","item":"https:\/\/fuentesfidedignas.com.mx\/"},{"@type":"ListItem","position":2,"name":"Arranca en Sinaloa la Semana Nacional de Vacunaci\u00f3n 2026"}]},{"@type":"WebSite","@id":"https:\/\/fuentesfidedignas.com.mx\/#website","url":"https:\/\/fuentesfidedignas.com.mx\/","name":"Fuentes Fidedignas","description":"Otro sitio realizado con WordPress","publisher":{"@id":"https:\/\/fuentesfidedignas.com.mx\/#organization"},"potentialAction":[{"@type":"SearchAction","target":{"@type":"EntryPoint","urlTemplate":"https:\/\/fuentesfidedignas.com.mx\/?s={search_term_string}"},"query-input":{"@type":"PropertyValueSpecification","valueRequired":true,"valueName":"search_term_string"}}],"inLanguage":"es"},{"@type":"Organization","@id":"https:\/\/fuentesfidedignas.com.mx\/#organization","name":"Fuentes Fidedignas","url":"https:\/\/fuentesfidedignas.com.mx\/","logo":{"@type":"ImageObject","inLanguage":"es","@id":"https:\/\/fuentesfidedignas.com.mx\/#\/schema\/logo\/image\/","url":"https:\/\/fuentesfidedignas.com.mx\/wp-content\/uploads\/2021\/04\/logo-retina.png","contentUrl":"https:\/\/fuentesfidedignas.com.mx\/wp-content\/uploads\/2021\/04\/logo-retina.png","width":280,"height":51,"caption":"Fuentes Fidedignas"},"image":{"@id":"https:\/\/fuentesfidedignas.com.mx\/#\/schema\/logo\/image\/"},"sameAs":["https:\/\/www.facebook.com\/Fuentes-Fidedignas-368234489921644","https:\/\/x.com\/fidedignas"]},{"@type":"Person","@id":"https:\/\/fuentesfidedignas.com.mx\/#\/schema\/person\/331be9283d37198e2acd5750279085b0","name":"Redacci\u00f3n","image":{"@type":"ImageObject","inLanguage":"es","@id":"https:\/\/secure.gravatar.com\/avatar\/f6d8782c11d12b2d4ad3fbb6931aeab5309937a4d6cd2fc9cfaa28a6396a5aec?s=96&d=mm&r=g","url":"https:\/\/secure.gravatar.com\/avatar\/f6d8782c11d12b2d4ad3fbb6931aeab5309937a4d6cd2fc9cfaa28a6396a5aec?s=96&d=mm&r=g","contentUrl":"https:\/\/secure.gravatar.com\/avatar\/f6d8782c11d12b2d4ad3fbb6931aeab5309937a4d6cd2fc9cfaa28a6396a5aec?s=96&d=mm&r=g","caption":"Redacci\u00f3n"},"url":"https:\/\/fuentesfidedignas.com.mx\/index.php\/author\/redaccion\/"}]}},"_links":{"self":[{"href":"https:\/\/fuentesfidedignas.com.mx\/index.php\/wp-json\/wp\/v2\/posts\/132248","targetHints":{"allow":["GET"]}}],"collection":[{"href":"https:\/\/fuentesfidedignas.com.mx\/index.php\/wp-json\/wp\/v2\/posts"}],"about":[{"href":"https:\/\/fuentesfidedignas.com.mx\/index.php\/wp-json\/wp\/v2\/types\/post"}],"author":[{"embeddable":true,"href":"https:\/\/fuentesfidedignas.com.mx\/index.php\/wp-json\/wp\/v2\/users\/4"}],"replies":[{"embeddable":true,"href":"https:\/\/fuentesfidedignas.com.mx\/index.php\/wp-json\/wp\/v2\/comments?post=132248"}],"version-history":[{"count":1,"href":"https:\/\/fuentesfidedignas.com.mx\/index.php\/wp-json\/wp\/v2\/posts\/132248\/revisions"}],"predecessor-version":[{"id":132249,"href":"https:\/\/fuentesfidedignas.com.mx\/index.php\/wp-json\/wp\/v2\/posts\/132248\/revisions\/132249"}],"wp:featuredmedia":[{"embeddable":true,"href":"https:\/\/fuentesfidedignas.com.mx\/index.php\/wp-json\/wp\/v2\/media\/132247"}],"wp:attachment":[{"href":"https:\/\/fuentesfidedignas.com.mx\/index.php\/wp-json\/wp\/v2\/media?parent=132248"}],"wp:term":[{"taxonomy":"category","embeddable":true,"href":"https:\/\/fuentesfidedignas.com.mx\/index.php\/wp-json\/wp\/v2\/categories?post=132248"},{"taxonomy":"post_tag","embeddable":true,"href":"https:\/\/fuentesfidedignas.com.mx\/index.php\/wp-json\/wp\/v2\/tags?post=132248"}],"curies":[{"name":"wp","href":"https:\/\/api.w.org\/{rel}","templated":true}]}}