{"id":132237,"date":"2026-04-25T11:30:30","date_gmt":"2026-04-25T18:30:30","guid":{"rendered":"https:\/\/fuentesfidedignas.com.mx\/?p=132237"},"modified":"2026-04-25T11:30:30","modified_gmt":"2026-04-25T18:30:30","slug":"detienen-en-la-frontera-de-tijuana-y-eu-a-acusado-de-homicidio","status":"publish","type":"post","link":"https:\/\/fuentesfidedignas.com.mx\/index.php\/2026\/04\/25\/detienen-en-la-frontera-de-tijuana-y-eu-a-acusado-de-homicidio\/","title":{"rendered":"Detienen en la frontera de Tijuana y EU a acusado de homicidio"},"content":{"rendered":"\n<p><em>Cumplimenta UNESA orden de aprehensi\u00f3n contra probable responsable de homicidio calificado cometido con premeditaci\u00f3n<\/em><\/p>\n\n\n\n<p>Culiac\u00e1n, Sin.- La Fiscal\u00eda General del Estado de Sinaloa informa que, a trav\u00e9s de la Unidad Especializada en Aprehensiones (UNESA) Zona Centro, cumpliment\u00f3 una orden de aprehensi\u00f3n en contra de Ren\u00e9 Alfredo \u201cN\u201d, de 31 a\u00f1os de edad, por su probable responsabilidad en el delito de homicidio calificado cometido con premeditaci\u00f3n.<\/p>\n\n\n\n<p>Los hechos ocurrieron el 1 de febrero de 2020, en la ciudad de Culiac\u00e1n, cuando la v\u00edctima se encontraba a bordo de un veh\u00edculo en las inmediaciones del sector Desarrollo Urbano Tres R\u00edos, donde presuntamente fue agredida con disparos de arma de fuego, perdiendo la vida en el lugar.<\/p>\n\n\n\n<p>Derivado de las investigaciones realizadas y mediante trabajos de colaboraci\u00f3n interinstitucional, el probable responsable fue ubicado en Estados Unidos. Posteriormente, fue asegurado en el cruce fronterizo de Tijuana, Baja California, en acciones coordinadas con INTERPOL, el Servicio de Seguridad Diplom\u00e1tica del Consulado General de los Estados Unidos en Hermosillo, ICE y la Agencia Estatal de Investigaci\u00f3n de Baja California.<\/p>\n\n\n\n<p>Una vez ejecutada la orden de aprehensi\u00f3n, elementos de UNESA lo pusieron a disposici\u00f3n del Juzgado de Primera Instancia de Control y Enjuiciamiento Penal de la Regi\u00f3n Centro.<\/p>\n","protected":false},"excerpt":{"rendered":"<p>Cumplimenta UNESA orden de aprehensi\u00f3n contra probable responsable de homicidio calificado cometido con premeditaci\u00f3n Culiac\u00e1n, Sin.- La Fiscal\u00eda General del Estado de Sinaloa informa que, a trav\u00e9s de la Unidad Especializada en Aprehensiones (UNESA) Zona Centro, cumpliment\u00f3 una orden de aprehensi\u00f3n en contra de Ren\u00e9 Alfredo \u201cN\u201d, de 31 a\u00f1os de edad, por su probable [&hellip;]<\/p>\n","protected":false},"author":4,"featured_media":132236,"comment_status":"closed","ping_status":"open","sticky":false,"template":"","format":"standard","meta":{"tdm_status":"","tdm_grid_status":"","footnotes":""},"categories":[37],"tags":[],"class_list":{"0":"post-132237","1":"post","2":"type-post","3":"status-publish","4":"format-standard","5":"has-post-thumbnail","7":"category-nota-principal"},"yoast_head":"<!-- This site is optimized with the Yoast SEO plugin v27.4 - https:\/\/yoast.com\/product\/yoast-seo-wordpress\/ -->\n<title>Detienen en la frontera de Tijuana y EU a acusado de homicidio - Fuentes Fidedignas<\/title>\n<meta name=\"robots\" content=\"index, follow, max-snippet:-1, max-image-preview:large, max-video-preview:-1\" \/>\n<link rel=\"canonical\" href=\"https:\/\/fuentesfidedignas.com.mx\/index.php\/2026\/04\/25\/detienen-en-la-frontera-de-tijuana-y-eu-a-acusado-de-homicidio\/\" \/>\n<meta property=\"og:locale\" content=\"es_MX\" \/>\n<meta property=\"og:type\" content=\"article\" \/>\n<meta property=\"og:title\" content=\"Detienen en la frontera de Tijuana y EU a acusado de homicidio - Fuentes Fidedignas\" \/>\n<meta property=\"og:description\" content=\"Cumplimenta UNESA orden de aprehensi\u00f3n contra probable responsable de homicidio calificado cometido con premeditaci\u00f3n Culiac\u00e1n, Sin.- La Fiscal\u00eda General del Estado de Sinaloa informa que, a trav\u00e9s de la Unidad Especializada en Aprehensiones (UNESA) Zona Centro, cumpliment\u00f3 una orden de aprehensi\u00f3n en contra de Ren\u00e9 Alfredo \u201cN\u201d, de 31 a\u00f1os de edad, por su probable [&hellip;]\" \/>\n<meta property=\"og:url\" content=\"https:\/\/fuentesfidedignas.com.mx\/index.php\/2026\/04\/25\/detienen-en-la-frontera-de-tijuana-y-eu-a-acusado-de-homicidio\/\" \/>\n<meta property=\"og:site_name\" content=\"Fuentes Fidedignas\" \/>\n<meta property=\"article:publisher\" content=\"https:\/\/www.facebook.com\/Fuentes-Fidedignas-368234489921644\" \/>\n<meta property=\"article:published_time\" content=\"2026-04-25T18:30:30+00:00\" \/>\n<meta property=\"og:image\" content=\"https:\/\/fuentesfidedignas.com.mx\/wp-content\/uploads\/2026\/04\/54d9e5fe-02e7-4190-af0c-4b0f1d1f4595.jpeg\" \/>\n\t<meta property=\"og:image:width\" content=\"1389\" \/>\n\t<meta property=\"og:image:height\" content=\"1142\" \/>\n\t<meta property=\"og:image:type\" content=\"image\/jpeg\" \/>\n<meta name=\"author\" content=\"Redacci\u00f3n\" \/>\n<meta name=\"twitter:card\" content=\"summary_large_image\" \/>\n<meta name=\"twitter:creator\" content=\"@fidedignas\" \/>\n<meta name=\"twitter:site\" content=\"@fidedignas\" \/>\n<meta name=\"twitter:label1\" content=\"Escrito por\" \/>\n\t<meta name=\"twitter:data1\" content=\"Redacci\u00f3n\" \/>\n\t<meta name=\"twitter:label2\" content=\"Tiempo de lectura\" \/>\n\t<meta name=\"twitter:data2\" content=\"1 minuto\" \/>\n<script type=\"application\/ld+json\" class=\"yoast-schema-graph\">{\"@context\":\"https:\\\/\\\/schema.org\",\"@graph\":[{\"@type\":\"Article\",\"@id\":\"https:\\\/\\\/fuentesfidedignas.com.mx\\\/index.php\\\/2026\\\/04\\\/25\\\/detienen-en-la-frontera-de-tijuana-y-eu-a-acusado-de-homicidio\\\/#article\",\"isPartOf\":{\"@id\":\"https:\\\/\\\/fuentesfidedignas.com.mx\\\/index.php\\\/2026\\\/04\\\/25\\\/detienen-en-la-frontera-de-tijuana-y-eu-a-acusado-de-homicidio\\\/\"},\"author\":{\"name\":\"Redacci\u00f3n\",\"@id\":\"https:\\\/\\\/fuentesfidedignas.com.mx\\\/#\\\/schema\\\/person\\\/331be9283d37198e2acd5750279085b0\"},\"headline\":\"Detienen en la frontera de Tijuana y EU a acusado de homicidio\",\"datePublished\":\"2026-04-25T18:30:30+00:00\",\"mainEntityOfPage\":{\"@id\":\"https:\\\/\\\/fuentesfidedignas.com.mx\\\/index.php\\\/2026\\\/04\\\/25\\\/detienen-en-la-frontera-de-tijuana-y-eu-a-acusado-de-homicidio\\\/\"},\"wordCount\":229,\"publisher\":{\"@id\":\"https:\\\/\\\/fuentesfidedignas.com.mx\\\/#organization\"},\"image\":{\"@id\":\"https:\\\/\\\/fuentesfidedignas.com.mx\\\/index.php\\\/2026\\\/04\\\/25\\\/detienen-en-la-frontera-de-tijuana-y-eu-a-acusado-de-homicidio\\\/#primaryimage\"},\"thumbnailUrl\":\"https:\\\/\\\/fuentesfidedignas.com.mx\\\/wp-content\\\/uploads\\\/2026\\\/04\\\/54d9e5fe-02e7-4190-af0c-4b0f1d1f4595.jpeg\",\"articleSection\":[\"NOTA PRINCIPAL\"],\"inLanguage\":\"es\"},{\"@type\":\"WebPage\",\"@id\":\"https:\\\/\\\/fuentesfidedignas.com.mx\\\/index.php\\\/2026\\\/04\\\/25\\\/detienen-en-la-frontera-de-tijuana-y-eu-a-acusado-de-homicidio\\\/\",\"url\":\"https:\\\/\\\/fuentesfidedignas.com.mx\\\/index.php\\\/2026\\\/04\\\/25\\\/detienen-en-la-frontera-de-tijuana-y-eu-a-acusado-de-homicidio\\\/\",\"name\":\"Detienen en la frontera de Tijuana y EU a acusado de homicidio - Fuentes Fidedignas\",\"isPartOf\":{\"@id\":\"https:\\\/\\\/fuentesfidedignas.com.mx\\\/#website\"},\"primaryImageOfPage\":{\"@id\":\"https:\\\/\\\/fuentesfidedignas.com.mx\\\/index.php\\\/2026\\\/04\\\/25\\\/detienen-en-la-frontera-de-tijuana-y-eu-a-acusado-de-homicidio\\\/#primaryimage\"},\"image\":{\"@id\":\"https:\\\/\\\/fuentesfidedignas.com.mx\\\/index.php\\\/2026\\\/04\\\/25\\\/detienen-en-la-frontera-de-tijuana-y-eu-a-acusado-de-homicidio\\\/#primaryimage\"},\"thumbnailUrl\":\"https:\\\/\\\/fuentesfidedignas.com.mx\\\/wp-content\\\/uploads\\\/2026\\\/04\\\/54d9e5fe-02e7-4190-af0c-4b0f1d1f4595.jpeg\",\"datePublished\":\"2026-04-25T18:30:30+00:00\",\"breadcrumb\":{\"@id\":\"https:\\\/\\\/fuentesfidedignas.com.mx\\\/index.php\\\/2026\\\/04\\\/25\\\/detienen-en-la-frontera-de-tijuana-y-eu-a-acusado-de-homicidio\\\/#breadcrumb\"},\"inLanguage\":\"es\",\"potentialAction\":[{\"@type\":\"ReadAction\",\"target\":[\"https:\\\/\\\/fuentesfidedignas.com.mx\\\/index.php\\\/2026\\\/04\\\/25\\\/detienen-en-la-frontera-de-tijuana-y-eu-a-acusado-de-homicidio\\\/\"]}]},{\"@type\":\"ImageObject\",\"inLanguage\":\"es\",\"@id\":\"https:\\\/\\\/fuentesfidedignas.com.mx\\\/index.php\\\/2026\\\/04\\\/25\\\/detienen-en-la-frontera-de-tijuana-y-eu-a-acusado-de-homicidio\\\/#primaryimage\",\"url\":\"https:\\\/\\\/fuentesfidedignas.com.mx\\\/wp-content\\\/uploads\\\/2026\\\/04\\\/54d9e5fe-02e7-4190-af0c-4b0f1d1f4595.jpeg\",\"contentUrl\":\"https:\\\/\\\/fuentesfidedignas.com.mx\\\/wp-content\\\/uploads\\\/2026\\\/04\\\/54d9e5fe-02e7-4190-af0c-4b0f1d1f4595.jpeg\",\"width\":1389,\"height\":1142},{\"@type\":\"BreadcrumbList\",\"@id\":\"https:\\\/\\\/fuentesfidedignas.com.mx\\\/index.php\\\/2026\\\/04\\\/25\\\/detienen-en-la-frontera-de-tijuana-y-eu-a-acusado-de-homicidio\\\/#breadcrumb\",\"itemListElement\":[{\"@type\":\"ListItem\",\"position\":1,\"name\":\"Inicio\",\"item\":\"https:\\\/\\\/fuentesfidedignas.com.mx\\\/\"},{\"@type\":\"ListItem\",\"position\":2,\"name\":\"Detienen en la frontera de Tijuana y EU a acusado de homicidio\"}]},{\"@type\":\"WebSite\",\"@id\":\"https:\\\/\\\/fuentesfidedignas.com.mx\\\/#website\",\"url\":\"https:\\\/\\\/fuentesfidedignas.com.mx\\\/\",\"name\":\"Fuentes Fidedignas\",\"description\":\"Otro sitio realizado con WordPress\",\"publisher\":{\"@id\":\"https:\\\/\\\/fuentesfidedignas.com.mx\\\/#organization\"},\"potentialAction\":[{\"@type\":\"SearchAction\",\"target\":{\"@type\":\"EntryPoint\",\"urlTemplate\":\"https:\\\/\\\/fuentesfidedignas.com.mx\\\/?s={search_term_string}\"},\"query-input\":{\"@type\":\"PropertyValueSpecification\",\"valueRequired\":true,\"valueName\":\"search_term_string\"}}],\"inLanguage\":\"es\"},{\"@type\":\"Organization\",\"@id\":\"https:\\\/\\\/fuentesfidedignas.com.mx\\\/#organization\",\"name\":\"Fuentes Fidedignas\",\"url\":\"https:\\\/\\\/fuentesfidedignas.com.mx\\\/\",\"logo\":{\"@type\":\"ImageObject\",\"inLanguage\":\"es\",\"@id\":\"https:\\\/\\\/fuentesfidedignas.com.mx\\\/#\\\/schema\\\/logo\\\/image\\\/\",\"url\":\"https:\\\/\\\/fuentesfidedignas.com.mx\\\/wp-content\\\/uploads\\\/2021\\\/04\\\/logo-retina.png\",\"contentUrl\":\"https:\\\/\\\/fuentesfidedignas.com.mx\\\/wp-content\\\/uploads\\\/2021\\\/04\\\/logo-retina.png\",\"width\":280,\"height\":51,\"caption\":\"Fuentes Fidedignas\"},\"image\":{\"@id\":\"https:\\\/\\\/fuentesfidedignas.com.mx\\\/#\\\/schema\\\/logo\\\/image\\\/\"},\"sameAs\":[\"https:\\\/\\\/www.facebook.com\\\/Fuentes-Fidedignas-368234489921644\",\"https:\\\/\\\/x.com\\\/fidedignas\"]},{\"@type\":\"Person\",\"@id\":\"https:\\\/\\\/fuentesfidedignas.com.mx\\\/#\\\/schema\\\/person\\\/331be9283d37198e2acd5750279085b0\",\"name\":\"Redacci\u00f3n\",\"image\":{\"@type\":\"ImageObject\",\"inLanguage\":\"es\",\"@id\":\"https:\\\/\\\/secure.gravatar.com\\\/avatar\\\/f6d8782c11d12b2d4ad3fbb6931aeab5309937a4d6cd2fc9cfaa28a6396a5aec?s=96&d=mm&r=g\",\"url\":\"https:\\\/\\\/secure.gravatar.com\\\/avatar\\\/f6d8782c11d12b2d4ad3fbb6931aeab5309937a4d6cd2fc9cfaa28a6396a5aec?s=96&d=mm&r=g\",\"contentUrl\":\"https:\\\/\\\/secure.gravatar.com\\\/avatar\\\/f6d8782c11d12b2d4ad3fbb6931aeab5309937a4d6cd2fc9cfaa28a6396a5aec?s=96&d=mm&r=g\",\"caption\":\"Redacci\u00f3n\"},\"url\":\"https:\\\/\\\/fuentesfidedignas.com.mx\\\/index.php\\\/author\\\/redaccion\\\/\"}]}<\/script>\n<!-- \/ Yoast SEO plugin. -->","yoast_head_json":{"title":"Detienen en la frontera de Tijuana y EU a acusado de homicidio - Fuentes Fidedignas","robots":{"index":"index","follow":"follow","max-snippet":"max-snippet:-1","max-image-preview":"max-image-preview:large","max-video-preview":"max-video-preview:-1"},"canonical":"https:\/\/fuentesfidedignas.com.mx\/index.php\/2026\/04\/25\/detienen-en-la-frontera-de-tijuana-y-eu-a-acusado-de-homicidio\/","og_locale":"es_MX","og_type":"article","og_title":"Detienen en la frontera de Tijuana y EU a acusado de homicidio - Fuentes Fidedignas","og_description":"Cumplimenta UNESA orden de aprehensi\u00f3n contra probable responsable de homicidio calificado cometido con premeditaci\u00f3n Culiac\u00e1n, Sin.- La Fiscal\u00eda General del Estado de Sinaloa informa que, a trav\u00e9s de la Unidad Especializada en Aprehensiones (UNESA) Zona Centro, cumpliment\u00f3 una orden de aprehensi\u00f3n en contra de Ren\u00e9 Alfredo \u201cN\u201d, de 31 a\u00f1os de edad, por su probable [&hellip;]","og_url":"https:\/\/fuentesfidedignas.com.mx\/index.php\/2026\/04\/25\/detienen-en-la-frontera-de-tijuana-y-eu-a-acusado-de-homicidio\/","og_site_name":"Fuentes Fidedignas","article_publisher":"https:\/\/www.facebook.com\/Fuentes-Fidedignas-368234489921644","article_published_time":"2026-04-25T18:30:30+00:00","og_image":[{"width":1389,"height":1142,"url":"https:\/\/fuentesfidedignas.com.mx\/wp-content\/uploads\/2026\/04\/54d9e5fe-02e7-4190-af0c-4b0f1d1f4595.jpeg","type":"image\/jpeg"}],"author":"Redacci\u00f3n","twitter_card":"summary_large_image","twitter_creator":"@fidedignas","twitter_site":"@fidedignas","twitter_misc":{"Escrito por":"Redacci\u00f3n","Tiempo de lectura":"1 minuto"},"schema":{"@context":"https:\/\/schema.org","@graph":[{"@type":"Article","@id":"https:\/\/fuentesfidedignas.com.mx\/index.php\/2026\/04\/25\/detienen-en-la-frontera-de-tijuana-y-eu-a-acusado-de-homicidio\/#article","isPartOf":{"@id":"https:\/\/fuentesfidedignas.com.mx\/index.php\/2026\/04\/25\/detienen-en-la-frontera-de-tijuana-y-eu-a-acusado-de-homicidio\/"},"author":{"name":"Redacci\u00f3n","@id":"https:\/\/fuentesfidedignas.com.mx\/#\/schema\/person\/331be9283d37198e2acd5750279085b0"},"headline":"Detienen en la frontera de Tijuana y EU a acusado de homicidio","datePublished":"2026-04-25T18:30:30+00:00","mainEntityOfPage":{"@id":"https:\/\/fuentesfidedignas.com.mx\/index.php\/2026\/04\/25\/detienen-en-la-frontera-de-tijuana-y-eu-a-acusado-de-homicidio\/"},"wordCount":229,"publisher":{"@id":"https:\/\/fuentesfidedignas.com.mx\/#organization"},"image":{"@id":"https:\/\/fuentesfidedignas.com.mx\/index.php\/2026\/04\/25\/detienen-en-la-frontera-de-tijuana-y-eu-a-acusado-de-homicidio\/#primaryimage"},"thumbnailUrl":"https:\/\/fuentesfidedignas.com.mx\/wp-content\/uploads\/2026\/04\/54d9e5fe-02e7-4190-af0c-4b0f1d1f4595.jpeg","articleSection":["NOTA PRINCIPAL"],"inLanguage":"es"},{"@type":"WebPage","@id":"https:\/\/fuentesfidedignas.com.mx\/index.php\/2026\/04\/25\/detienen-en-la-frontera-de-tijuana-y-eu-a-acusado-de-homicidio\/","url":"https:\/\/fuentesfidedignas.com.mx\/index.php\/2026\/04\/25\/detienen-en-la-frontera-de-tijuana-y-eu-a-acusado-de-homicidio\/","name":"Detienen en la frontera de Tijuana y EU a acusado de homicidio - Fuentes Fidedignas","isPartOf":{"@id":"https:\/\/fuentesfidedignas.com.mx\/#website"},"primaryImageOfPage":{"@id":"https:\/\/fuentesfidedignas.com.mx\/index.php\/2026\/04\/25\/detienen-en-la-frontera-de-tijuana-y-eu-a-acusado-de-homicidio\/#primaryimage"},"image":{"@id":"https:\/\/fuentesfidedignas.com.mx\/index.php\/2026\/04\/25\/detienen-en-la-frontera-de-tijuana-y-eu-a-acusado-de-homicidio\/#primaryimage"},"thumbnailUrl":"https:\/\/fuentesfidedignas.com.mx\/wp-content\/uploads\/2026\/04\/54d9e5fe-02e7-4190-af0c-4b0f1d1f4595.jpeg","datePublished":"2026-04-25T18:30:30+00:00","breadcrumb":{"@id":"https:\/\/fuentesfidedignas.com.mx\/index.php\/2026\/04\/25\/detienen-en-la-frontera-de-tijuana-y-eu-a-acusado-de-homicidio\/#breadcrumb"},"inLanguage":"es","potentialAction":[{"@type":"ReadAction","target":["https:\/\/fuentesfidedignas.com.mx\/index.php\/2026\/04\/25\/detienen-en-la-frontera-de-tijuana-y-eu-a-acusado-de-homicidio\/"]}]},{"@type":"ImageObject","inLanguage":"es","@id":"https:\/\/fuentesfidedignas.com.mx\/index.php\/2026\/04\/25\/detienen-en-la-frontera-de-tijuana-y-eu-a-acusado-de-homicidio\/#primaryimage","url":"https:\/\/fuentesfidedignas.com.mx\/wp-content\/uploads\/2026\/04\/54d9e5fe-02e7-4190-af0c-4b0f1d1f4595.jpeg","contentUrl":"https:\/\/fuentesfidedignas.com.mx\/wp-content\/uploads\/2026\/04\/54d9e5fe-02e7-4190-af0c-4b0f1d1f4595.jpeg","width":1389,"height":1142},{"@type":"BreadcrumbList","@id":"https:\/\/fuentesfidedignas.com.mx\/index.php\/2026\/04\/25\/detienen-en-la-frontera-de-tijuana-y-eu-a-acusado-de-homicidio\/#breadcrumb","itemListElement":[{"@type":"ListItem","position":1,"name":"Inicio","item":"https:\/\/fuentesfidedignas.com.mx\/"},{"@type":"ListItem","position":2,"name":"Detienen en la frontera de Tijuana y EU a acusado de homicidio"}]},{"@type":"WebSite","@id":"https:\/\/fuentesfidedignas.com.mx\/#website","url":"https:\/\/fuentesfidedignas.com.mx\/","name":"Fuentes Fidedignas","description":"Otro sitio realizado con WordPress","publisher":{"@id":"https:\/\/fuentesfidedignas.com.mx\/#organization"},"potentialAction":[{"@type":"SearchAction","target":{"@type":"EntryPoint","urlTemplate":"https:\/\/fuentesfidedignas.com.mx\/?s={search_term_string}"},"query-input":{"@type":"PropertyValueSpecification","valueRequired":true,"valueName":"search_term_string"}}],"inLanguage":"es"},{"@type":"Organization","@id":"https:\/\/fuentesfidedignas.com.mx\/#organization","name":"Fuentes Fidedignas","url":"https:\/\/fuentesfidedignas.com.mx\/","logo":{"@type":"ImageObject","inLanguage":"es","@id":"https:\/\/fuentesfidedignas.com.mx\/#\/schema\/logo\/image\/","url":"https:\/\/fuentesfidedignas.com.mx\/wp-content\/uploads\/2021\/04\/logo-retina.png","contentUrl":"https:\/\/fuentesfidedignas.com.mx\/wp-content\/uploads\/2021\/04\/logo-retina.png","width":280,"height":51,"caption":"Fuentes Fidedignas"},"image":{"@id":"https:\/\/fuentesfidedignas.com.mx\/#\/schema\/logo\/image\/"},"sameAs":["https:\/\/www.facebook.com\/Fuentes-Fidedignas-368234489921644","https:\/\/x.com\/fidedignas"]},{"@type":"Person","@id":"https:\/\/fuentesfidedignas.com.mx\/#\/schema\/person\/331be9283d37198e2acd5750279085b0","name":"Redacci\u00f3n","image":{"@type":"ImageObject","inLanguage":"es","@id":"https:\/\/secure.gravatar.com\/avatar\/f6d8782c11d12b2d4ad3fbb6931aeab5309937a4d6cd2fc9cfaa28a6396a5aec?s=96&d=mm&r=g","url":"https:\/\/secure.gravatar.com\/avatar\/f6d8782c11d12b2d4ad3fbb6931aeab5309937a4d6cd2fc9cfaa28a6396a5aec?s=96&d=mm&r=g","contentUrl":"https:\/\/secure.gravatar.com\/avatar\/f6d8782c11d12b2d4ad3fbb6931aeab5309937a4d6cd2fc9cfaa28a6396a5aec?s=96&d=mm&r=g","caption":"Redacci\u00f3n"},"url":"https:\/\/fuentesfidedignas.com.mx\/index.php\/author\/redaccion\/"}]}},"_links":{"self":[{"href":"https:\/\/fuentesfidedignas.com.mx\/index.php\/wp-json\/wp\/v2\/posts\/132237","targetHints":{"allow":["GET"]}}],"collection":[{"href":"https:\/\/fuentesfidedignas.com.mx\/index.php\/wp-json\/wp\/v2\/posts"}],"about":[{"href":"https:\/\/fuentesfidedignas.com.mx\/index.php\/wp-json\/wp\/v2\/types\/post"}],"author":[{"embeddable":true,"href":"https:\/\/fuentesfidedignas.com.mx\/index.php\/wp-json\/wp\/v2\/users\/4"}],"replies":[{"embeddable":true,"href":"https:\/\/fuentesfidedignas.com.mx\/index.php\/wp-json\/wp\/v2\/comments?post=132237"}],"version-history":[{"count":1,"href":"https:\/\/fuentesfidedignas.com.mx\/index.php\/wp-json\/wp\/v2\/posts\/132237\/revisions"}],"predecessor-version":[{"id":132238,"href":"https:\/\/fuentesfidedignas.com.mx\/index.php\/wp-json\/wp\/v2\/posts\/132237\/revisions\/132238"}],"wp:featuredmedia":[{"embeddable":true,"href":"https:\/\/fuentesfidedignas.com.mx\/index.php\/wp-json\/wp\/v2\/media\/132236"}],"wp:attachment":[{"href":"https:\/\/fuentesfidedignas.com.mx\/index.php\/wp-json\/wp\/v2\/media?parent=132237"}],"wp:term":[{"taxonomy":"category","embeddable":true,"href":"https:\/\/fuentesfidedignas.com.mx\/index.php\/wp-json\/wp\/v2\/categories?post=132237"},{"taxonomy":"post_tag","embeddable":true,"href":"https:\/\/fuentesfidedignas.com.mx\/index.php\/wp-json\/wp\/v2\/tags?post=132237"}],"curies":[{"name":"wp","href":"https:\/\/api.w.org\/{rel}","templated":true}]}}