{"id":132228,"date":"2026-04-25T11:01:58","date_gmt":"2026-04-25T18:01:58","guid":{"rendered":"https:\/\/fuentesfidedignas.com.mx\/?p=132228"},"modified":"2026-04-25T11:03:02","modified_gmt":"2026-04-25T18:03:02","slug":"dia-del-nino-o-de-la-ninez-aqui-te-contamos-como-nombrarle","status":"publish","type":"post","link":"https:\/\/fuentesfidedignas.com.mx\/index.php\/2026\/04\/25\/dia-del-nino-o-de-la-ninez-aqui-te-contamos-como-nombrarle\/","title":{"rendered":"\u00bfD\u00eda del ni\u00f1o o de la ni\u00f1ez? Aqu\u00ed te contamos c\u00f3mo nombrarle"},"content":{"rendered":"\n<p><strong><em>Con el 30 de abril pr\u00f3ximo quiz\u00e1 quieras saber cu\u00e1l es la mejor manera de referirte a esta conmemoraci\u00f3n<\/em><\/strong><\/p>\n\n\n\n<p>El d\u00eda del ni\u00f1o est\u00e1 a la vuelta de la esquina y con el paso del tiempo la manera de nombrar esta fecha especial ha cambiado un poco, pues la sociedad ha comenzado a englobar las formas de expresi\u00f3n de los menores al referirse como \u201cd\u00eda de las infancias\u201d o \u201cde la ni\u00f1ez\u201d.<\/p>\n\n\n\n<p>Aunque no existe un decreto respecto al cambio de nombre por parte de alguna autoridad, cada vez son m\u00e1s sectores los que comienzan a nombrarle como \u201cD\u00eda de la ni\u00f1ez\u201d con la finalidad de incluir en su totalidad a los menores de edad, incluso la Conapred, Consejo Nacional Para Prevenir la Discriminaci\u00f3n, utiliza dicho t\u00e9rmino.<\/p>\n\n\n\n<p>Los t\u00e9rminos de&nbsp;<strong>\u201cd\u00eda de la ni\u00f1ez\u201d, \u201cinfancia\u201d o \u201cde la ni\u00f1a y el ni\u00f1o\u201d s<\/strong>on v\u00e1lidos para referirse a la fecha, que conmemora los derechos de los menores de edad, tales como:<\/p>\n\n\n\n<ul class=\"wp-block-list\">\n<li>Derecho a la vida;<\/li>\n\n\n\n<li>Derecho a la educaci\u00f3n;<\/li>\n\n\n\n<li>Derecho a la alimentaci\u00f3n;<\/li>\n\n\n\n<li>Derecho a la salud;<\/li>\n\n\n\n<li>Derecho al agua;<\/li>\n\n\n\n<li>Derecho a la identidad;<\/li>\n\n\n\n<li>Derecho a la libertad; y<\/li>\n\n\n\n<li>Derecho a la protecci\u00f3n.<\/li>\n<\/ul>\n\n\n\n<p><strong>\u00bfC\u00f3mo naci\u00f3 la conmemoraci\u00f3n?<\/strong><\/p>\n\n\n\n<p>Esta celebraci\u00f3n se estableci\u00f3 con la finalidad de recordar a la ciudadan\u00eda que los ni\u00f1os son el colectivo m\u00e1s vulnerable, y que por ello es importante dar a conocer los derechos de la infancia as\u00ed como realizar acciones d\u00eda con d\u00eda en favor de su bienestar y desarrollo.<\/p>\n\n\n\n<p>Es de mencionar que a diferencia de otros d\u00edas internacionales, el d\u00eda del ni\u00f1o se celebra en diferentes fechas dependiendo del pa\u00eds, en M\u00e9xico fue en el a\u00f1o 1924, cuando se se\u00f1al\u00f3 el 30 de abril como D\u00eda del ni\u00f1o siendo presidente de la Rep\u00fablica el General \u00c1lvaro Obreg\u00f3n y Ministro de Educaci\u00f3n P\u00fablica el licenciado Jos\u00e9 Vasconcelos.<\/p>\n\n\n\n<p><\/p>\n","protected":false},"excerpt":{"rendered":"<p>Con el 30 de abril pr\u00f3ximo quiz\u00e1 quieras saber cu\u00e1l es la mejor manera de referirte a esta conmemoraci\u00f3n El d\u00eda del ni\u00f1o est\u00e1 a la vuelta de la esquina y con el paso del tiempo la manera de nombrar esta fecha especial ha cambiado un poco, pues la sociedad ha comenzado a englobar las [&hellip;]<\/p>\n","protected":false},"author":16,"featured_media":132229,"comment_status":"open","ping_status":"open","sticky":false,"template":"","format":"standard","meta":{"tdm_status":"","tdm_grid_status":"","footnotes":""},"categories":[41,19],"tags":[],"class_list":{"0":"post-132228","1":"post","2":"type-post","3":"status-publish","4":"format-standard","5":"has-post-thumbnail","7":"category-review-magazine","8":"category-reviews"},"yoast_head":"<!-- This site is optimized with the Yoast SEO plugin v27.4 - https:\/\/yoast.com\/product\/yoast-seo-wordpress\/ -->\n<title>\u00bfD\u00eda del ni\u00f1o o de la ni\u00f1ez? Aqu\u00ed te contamos c\u00f3mo nombrarle - Fuentes Fidedignas<\/title>\n<meta name=\"robots\" content=\"index, follow, max-snippet:-1, max-image-preview:large, max-video-preview:-1\" \/>\n<link rel=\"canonical\" href=\"https:\/\/fuentesfidedignas.com.mx\/index.php\/2026\/04\/25\/dia-del-nino-o-de-la-ninez-aqui-te-contamos-como-nombrarle\/\" \/>\n<meta property=\"og:locale\" content=\"es_MX\" \/>\n<meta property=\"og:type\" content=\"article\" \/>\n<meta property=\"og:title\" content=\"\u00bfD\u00eda del ni\u00f1o o de la ni\u00f1ez? Aqu\u00ed te contamos c\u00f3mo nombrarle - Fuentes Fidedignas\" \/>\n<meta property=\"og:description\" content=\"Con el 30 de abril pr\u00f3ximo quiz\u00e1 quieras saber cu\u00e1l es la mejor manera de referirte a esta conmemoraci\u00f3n El d\u00eda del ni\u00f1o est\u00e1 a la vuelta de la esquina y con el paso del tiempo la manera de nombrar esta fecha especial ha cambiado un poco, pues la sociedad ha comenzado a englobar las [&hellip;]\" \/>\n<meta property=\"og:url\" content=\"https:\/\/fuentesfidedignas.com.mx\/index.php\/2026\/04\/25\/dia-del-nino-o-de-la-ninez-aqui-te-contamos-como-nombrarle\/\" \/>\n<meta property=\"og:site_name\" content=\"Fuentes Fidedignas\" \/>\n<meta property=\"article:publisher\" content=\"https:\/\/www.facebook.com\/Fuentes-Fidedignas-368234489921644\" \/>\n<meta property=\"article:published_time\" content=\"2026-04-25T18:01:58+00:00\" \/>\n<meta property=\"article:modified_time\" content=\"2026-04-25T18:03:02+00:00\" \/>\n<meta property=\"og:image\" content=\"https:\/\/fuentesfidedignas.com.mx\/wp-content\/uploads\/2026\/04\/manos-de-ninos.jpg\" \/>\n\t<meta property=\"og:image:width\" content=\"500\" \/>\n\t<meta property=\"og:image:height\" content=\"281\" \/>\n\t<meta property=\"og:image:type\" content=\"image\/jpeg\" \/>\n<meta name=\"author\" content=\"El Sol\" \/>\n<meta name=\"twitter:card\" content=\"summary_large_image\" \/>\n<meta name=\"twitter:creator\" content=\"@fidedignas\" \/>\n<meta name=\"twitter:site\" content=\"@fidedignas\" \/>\n<meta name=\"twitter:label1\" content=\"Escrito por\" \/>\n\t<meta name=\"twitter:data1\" content=\"El Sol\" \/>\n\t<meta name=\"twitter:label2\" content=\"Tiempo de lectura\" \/>\n\t<meta name=\"twitter:data2\" content=\"2 minutos\" \/>\n<script type=\"application\/ld+json\" class=\"yoast-schema-graph\">{\"@context\":\"https:\\\/\\\/schema.org\",\"@graph\":[{\"@type\":\"Article\",\"@id\":\"https:\\\/\\\/fuentesfidedignas.com.mx\\\/index.php\\\/2026\\\/04\\\/25\\\/dia-del-nino-o-de-la-ninez-aqui-te-contamos-como-nombrarle\\\/#article\",\"isPartOf\":{\"@id\":\"https:\\\/\\\/fuentesfidedignas.com.mx\\\/index.php\\\/2026\\\/04\\\/25\\\/dia-del-nino-o-de-la-ninez-aqui-te-contamos-como-nombrarle\\\/\"},\"author\":{\"name\":\"El Sol\",\"@id\":\"https:\\\/\\\/fuentesfidedignas.com.mx\\\/#\\\/schema\\\/person\\\/e42cf8194648cef93ec04777ab0c2929\"},\"headline\":\"\u00bfD\u00eda del ni\u00f1o o de la ni\u00f1ez? Aqu\u00ed te contamos c\u00f3mo nombrarle\",\"datePublished\":\"2026-04-25T18:01:58+00:00\",\"dateModified\":\"2026-04-25T18:03:02+00:00\",\"mainEntityOfPage\":{\"@id\":\"https:\\\/\\\/fuentesfidedignas.com.mx\\\/index.php\\\/2026\\\/04\\\/25\\\/dia-del-nino-o-de-la-ninez-aqui-te-contamos-como-nombrarle\\\/\"},\"wordCount\":359,\"commentCount\":0,\"publisher\":{\"@id\":\"https:\\\/\\\/fuentesfidedignas.com.mx\\\/#organization\"},\"image\":{\"@id\":\"https:\\\/\\\/fuentesfidedignas.com.mx\\\/index.php\\\/2026\\\/04\\\/25\\\/dia-del-nino-o-de-la-ninez-aqui-te-contamos-como-nombrarle\\\/#primaryimage\"},\"thumbnailUrl\":\"https:\\\/\\\/fuentesfidedignas.com.mx\\\/wp-content\\\/uploads\\\/2026\\\/04\\\/manos-de-ninos.jpg\",\"articleSection\":[\"REVIEW MAGAZINE\",\"Reviews\"],\"inLanguage\":\"es\",\"potentialAction\":[{\"@type\":\"CommentAction\",\"name\":\"Comment\",\"target\":[\"https:\\\/\\\/fuentesfidedignas.com.mx\\\/index.php\\\/2026\\\/04\\\/25\\\/dia-del-nino-o-de-la-ninez-aqui-te-contamos-como-nombrarle\\\/#respond\"]}]},{\"@type\":\"WebPage\",\"@id\":\"https:\\\/\\\/fuentesfidedignas.com.mx\\\/index.php\\\/2026\\\/04\\\/25\\\/dia-del-nino-o-de-la-ninez-aqui-te-contamos-como-nombrarle\\\/\",\"url\":\"https:\\\/\\\/fuentesfidedignas.com.mx\\\/index.php\\\/2026\\\/04\\\/25\\\/dia-del-nino-o-de-la-ninez-aqui-te-contamos-como-nombrarle\\\/\",\"name\":\"\u00bfD\u00eda del ni\u00f1o o de la ni\u00f1ez? Aqu\u00ed te contamos c\u00f3mo nombrarle - Fuentes Fidedignas\",\"isPartOf\":{\"@id\":\"https:\\\/\\\/fuentesfidedignas.com.mx\\\/#website\"},\"primaryImageOfPage\":{\"@id\":\"https:\\\/\\\/fuentesfidedignas.com.mx\\\/index.php\\\/2026\\\/04\\\/25\\\/dia-del-nino-o-de-la-ninez-aqui-te-contamos-como-nombrarle\\\/#primaryimage\"},\"image\":{\"@id\":\"https:\\\/\\\/fuentesfidedignas.com.mx\\\/index.php\\\/2026\\\/04\\\/25\\\/dia-del-nino-o-de-la-ninez-aqui-te-contamos-como-nombrarle\\\/#primaryimage\"},\"thumbnailUrl\":\"https:\\\/\\\/fuentesfidedignas.com.mx\\\/wp-content\\\/uploads\\\/2026\\\/04\\\/manos-de-ninos.jpg\",\"datePublished\":\"2026-04-25T18:01:58+00:00\",\"dateModified\":\"2026-04-25T18:03:02+00:00\",\"breadcrumb\":{\"@id\":\"https:\\\/\\\/fuentesfidedignas.com.mx\\\/index.php\\\/2026\\\/04\\\/25\\\/dia-del-nino-o-de-la-ninez-aqui-te-contamos-como-nombrarle\\\/#breadcrumb\"},\"inLanguage\":\"es\",\"potentialAction\":[{\"@type\":\"ReadAction\",\"target\":[\"https:\\\/\\\/fuentesfidedignas.com.mx\\\/index.php\\\/2026\\\/04\\\/25\\\/dia-del-nino-o-de-la-ninez-aqui-te-contamos-como-nombrarle\\\/\"]}]},{\"@type\":\"ImageObject\",\"inLanguage\":\"es\",\"@id\":\"https:\\\/\\\/fuentesfidedignas.com.mx\\\/index.php\\\/2026\\\/04\\\/25\\\/dia-del-nino-o-de-la-ninez-aqui-te-contamos-como-nombrarle\\\/#primaryimage\",\"url\":\"https:\\\/\\\/fuentesfidedignas.com.mx\\\/wp-content\\\/uploads\\\/2026\\\/04\\\/manos-de-ninos.jpg\",\"contentUrl\":\"https:\\\/\\\/fuentesfidedignas.com.mx\\\/wp-content\\\/uploads\\\/2026\\\/04\\\/manos-de-ninos.jpg\",\"width\":500,\"height\":281},{\"@type\":\"BreadcrumbList\",\"@id\":\"https:\\\/\\\/fuentesfidedignas.com.mx\\\/index.php\\\/2026\\\/04\\\/25\\\/dia-del-nino-o-de-la-ninez-aqui-te-contamos-como-nombrarle\\\/#breadcrumb\",\"itemListElement\":[{\"@type\":\"ListItem\",\"position\":1,\"name\":\"Inicio\",\"item\":\"https:\\\/\\\/fuentesfidedignas.com.mx\\\/\"},{\"@type\":\"ListItem\",\"position\":2,\"name\":\"\u00bfD\u00eda del ni\u00f1o o de la ni\u00f1ez? Aqu\u00ed te contamos c\u00f3mo nombrarle\"}]},{\"@type\":\"WebSite\",\"@id\":\"https:\\\/\\\/fuentesfidedignas.com.mx\\\/#website\",\"url\":\"https:\\\/\\\/fuentesfidedignas.com.mx\\\/\",\"name\":\"Fuentes Fidedignas\",\"description\":\"Otro sitio realizado con WordPress\",\"publisher\":{\"@id\":\"https:\\\/\\\/fuentesfidedignas.com.mx\\\/#organization\"},\"potentialAction\":[{\"@type\":\"SearchAction\",\"target\":{\"@type\":\"EntryPoint\",\"urlTemplate\":\"https:\\\/\\\/fuentesfidedignas.com.mx\\\/?s={search_term_string}\"},\"query-input\":{\"@type\":\"PropertyValueSpecification\",\"valueRequired\":true,\"valueName\":\"search_term_string\"}}],\"inLanguage\":\"es\"},{\"@type\":\"Organization\",\"@id\":\"https:\\\/\\\/fuentesfidedignas.com.mx\\\/#organization\",\"name\":\"Fuentes Fidedignas\",\"url\":\"https:\\\/\\\/fuentesfidedignas.com.mx\\\/\",\"logo\":{\"@type\":\"ImageObject\",\"inLanguage\":\"es\",\"@id\":\"https:\\\/\\\/fuentesfidedignas.com.mx\\\/#\\\/schema\\\/logo\\\/image\\\/\",\"url\":\"https:\\\/\\\/fuentesfidedignas.com.mx\\\/wp-content\\\/uploads\\\/2021\\\/04\\\/logo-retina.png\",\"contentUrl\":\"https:\\\/\\\/fuentesfidedignas.com.mx\\\/wp-content\\\/uploads\\\/2021\\\/04\\\/logo-retina.png\",\"width\":280,\"height\":51,\"caption\":\"Fuentes Fidedignas\"},\"image\":{\"@id\":\"https:\\\/\\\/fuentesfidedignas.com.mx\\\/#\\\/schema\\\/logo\\\/image\\\/\"},\"sameAs\":[\"https:\\\/\\\/www.facebook.com\\\/Fuentes-Fidedignas-368234489921644\",\"https:\\\/\\\/x.com\\\/fidedignas\"]},{\"@type\":\"Person\",\"@id\":\"https:\\\/\\\/fuentesfidedignas.com.mx\\\/#\\\/schema\\\/person\\\/e42cf8194648cef93ec04777ab0c2929\",\"name\":\"El Sol\",\"image\":{\"@type\":\"ImageObject\",\"inLanguage\":\"es\",\"@id\":\"https:\\\/\\\/secure.gravatar.com\\\/avatar\\\/150fbeded465cf15d26e08fc82bc20f3776e1e0a9e9298940a5ae65d05dba4a7?s=96&d=mm&r=g\",\"url\":\"https:\\\/\\\/secure.gravatar.com\\\/avatar\\\/150fbeded465cf15d26e08fc82bc20f3776e1e0a9e9298940a5ae65d05dba4a7?s=96&d=mm&r=g\",\"contentUrl\":\"https:\\\/\\\/secure.gravatar.com\\\/avatar\\\/150fbeded465cf15d26e08fc82bc20f3776e1e0a9e9298940a5ae65d05dba4a7?s=96&d=mm&r=g\",\"caption\":\"El Sol\"},\"url\":\"https:\\\/\\\/fuentesfidedignas.com.mx\\\/index.php\\\/author\\\/elsol\\\/\"}]}<\/script>\n<!-- \/ Yoast SEO plugin. -->","yoast_head_json":{"title":"\u00bfD\u00eda del ni\u00f1o o de la ni\u00f1ez? Aqu\u00ed te contamos c\u00f3mo nombrarle - Fuentes Fidedignas","robots":{"index":"index","follow":"follow","max-snippet":"max-snippet:-1","max-image-preview":"max-image-preview:large","max-video-preview":"max-video-preview:-1"},"canonical":"https:\/\/fuentesfidedignas.com.mx\/index.php\/2026\/04\/25\/dia-del-nino-o-de-la-ninez-aqui-te-contamos-como-nombrarle\/","og_locale":"es_MX","og_type":"article","og_title":"\u00bfD\u00eda del ni\u00f1o o de la ni\u00f1ez? Aqu\u00ed te contamos c\u00f3mo nombrarle - Fuentes Fidedignas","og_description":"Con el 30 de abril pr\u00f3ximo quiz\u00e1 quieras saber cu\u00e1l es la mejor manera de referirte a esta conmemoraci\u00f3n El d\u00eda del ni\u00f1o est\u00e1 a la vuelta de la esquina y con el paso del tiempo la manera de nombrar esta fecha especial ha cambiado un poco, pues la sociedad ha comenzado a englobar las [&hellip;]","og_url":"https:\/\/fuentesfidedignas.com.mx\/index.php\/2026\/04\/25\/dia-del-nino-o-de-la-ninez-aqui-te-contamos-como-nombrarle\/","og_site_name":"Fuentes Fidedignas","article_publisher":"https:\/\/www.facebook.com\/Fuentes-Fidedignas-368234489921644","article_published_time":"2026-04-25T18:01:58+00:00","article_modified_time":"2026-04-25T18:03:02+00:00","og_image":[{"width":500,"height":281,"url":"https:\/\/fuentesfidedignas.com.mx\/wp-content\/uploads\/2026\/04\/manos-de-ninos.jpg","type":"image\/jpeg"}],"author":"El Sol","twitter_card":"summary_large_image","twitter_creator":"@fidedignas","twitter_site":"@fidedignas","twitter_misc":{"Escrito por":"El Sol","Tiempo de lectura":"2 minutos"},"schema":{"@context":"https:\/\/schema.org","@graph":[{"@type":"Article","@id":"https:\/\/fuentesfidedignas.com.mx\/index.php\/2026\/04\/25\/dia-del-nino-o-de-la-ninez-aqui-te-contamos-como-nombrarle\/#article","isPartOf":{"@id":"https:\/\/fuentesfidedignas.com.mx\/index.php\/2026\/04\/25\/dia-del-nino-o-de-la-ninez-aqui-te-contamos-como-nombrarle\/"},"author":{"name":"El Sol","@id":"https:\/\/fuentesfidedignas.com.mx\/#\/schema\/person\/e42cf8194648cef93ec04777ab0c2929"},"headline":"\u00bfD\u00eda del ni\u00f1o o de la ni\u00f1ez? Aqu\u00ed te contamos c\u00f3mo nombrarle","datePublished":"2026-04-25T18:01:58+00:00","dateModified":"2026-04-25T18:03:02+00:00","mainEntityOfPage":{"@id":"https:\/\/fuentesfidedignas.com.mx\/index.php\/2026\/04\/25\/dia-del-nino-o-de-la-ninez-aqui-te-contamos-como-nombrarle\/"},"wordCount":359,"commentCount":0,"publisher":{"@id":"https:\/\/fuentesfidedignas.com.mx\/#organization"},"image":{"@id":"https:\/\/fuentesfidedignas.com.mx\/index.php\/2026\/04\/25\/dia-del-nino-o-de-la-ninez-aqui-te-contamos-como-nombrarle\/#primaryimage"},"thumbnailUrl":"https:\/\/fuentesfidedignas.com.mx\/wp-content\/uploads\/2026\/04\/manos-de-ninos.jpg","articleSection":["REVIEW MAGAZINE","Reviews"],"inLanguage":"es","potentialAction":[{"@type":"CommentAction","name":"Comment","target":["https:\/\/fuentesfidedignas.com.mx\/index.php\/2026\/04\/25\/dia-del-nino-o-de-la-ninez-aqui-te-contamos-como-nombrarle\/#respond"]}]},{"@type":"WebPage","@id":"https:\/\/fuentesfidedignas.com.mx\/index.php\/2026\/04\/25\/dia-del-nino-o-de-la-ninez-aqui-te-contamos-como-nombrarle\/","url":"https:\/\/fuentesfidedignas.com.mx\/index.php\/2026\/04\/25\/dia-del-nino-o-de-la-ninez-aqui-te-contamos-como-nombrarle\/","name":"\u00bfD\u00eda del ni\u00f1o o de la ni\u00f1ez? Aqu\u00ed te contamos c\u00f3mo nombrarle - Fuentes Fidedignas","isPartOf":{"@id":"https:\/\/fuentesfidedignas.com.mx\/#website"},"primaryImageOfPage":{"@id":"https:\/\/fuentesfidedignas.com.mx\/index.php\/2026\/04\/25\/dia-del-nino-o-de-la-ninez-aqui-te-contamos-como-nombrarle\/#primaryimage"},"image":{"@id":"https:\/\/fuentesfidedignas.com.mx\/index.php\/2026\/04\/25\/dia-del-nino-o-de-la-ninez-aqui-te-contamos-como-nombrarle\/#primaryimage"},"thumbnailUrl":"https:\/\/fuentesfidedignas.com.mx\/wp-content\/uploads\/2026\/04\/manos-de-ninos.jpg","datePublished":"2026-04-25T18:01:58+00:00","dateModified":"2026-04-25T18:03:02+00:00","breadcrumb":{"@id":"https:\/\/fuentesfidedignas.com.mx\/index.php\/2026\/04\/25\/dia-del-nino-o-de-la-ninez-aqui-te-contamos-como-nombrarle\/#breadcrumb"},"inLanguage":"es","potentialAction":[{"@type":"ReadAction","target":["https:\/\/fuentesfidedignas.com.mx\/index.php\/2026\/04\/25\/dia-del-nino-o-de-la-ninez-aqui-te-contamos-como-nombrarle\/"]}]},{"@type":"ImageObject","inLanguage":"es","@id":"https:\/\/fuentesfidedignas.com.mx\/index.php\/2026\/04\/25\/dia-del-nino-o-de-la-ninez-aqui-te-contamos-como-nombrarle\/#primaryimage","url":"https:\/\/fuentesfidedignas.com.mx\/wp-content\/uploads\/2026\/04\/manos-de-ninos.jpg","contentUrl":"https:\/\/fuentesfidedignas.com.mx\/wp-content\/uploads\/2026\/04\/manos-de-ninos.jpg","width":500,"height":281},{"@type":"BreadcrumbList","@id":"https:\/\/fuentesfidedignas.com.mx\/index.php\/2026\/04\/25\/dia-del-nino-o-de-la-ninez-aqui-te-contamos-como-nombrarle\/#breadcrumb","itemListElement":[{"@type":"ListItem","position":1,"name":"Inicio","item":"https:\/\/fuentesfidedignas.com.mx\/"},{"@type":"ListItem","position":2,"name":"\u00bfD\u00eda del ni\u00f1o o de la ni\u00f1ez? Aqu\u00ed te contamos c\u00f3mo nombrarle"}]},{"@type":"WebSite","@id":"https:\/\/fuentesfidedignas.com.mx\/#website","url":"https:\/\/fuentesfidedignas.com.mx\/","name":"Fuentes Fidedignas","description":"Otro sitio realizado con WordPress","publisher":{"@id":"https:\/\/fuentesfidedignas.com.mx\/#organization"},"potentialAction":[{"@type":"SearchAction","target":{"@type":"EntryPoint","urlTemplate":"https:\/\/fuentesfidedignas.com.mx\/?s={search_term_string}"},"query-input":{"@type":"PropertyValueSpecification","valueRequired":true,"valueName":"search_term_string"}}],"inLanguage":"es"},{"@type":"Organization","@id":"https:\/\/fuentesfidedignas.com.mx\/#organization","name":"Fuentes Fidedignas","url":"https:\/\/fuentesfidedignas.com.mx\/","logo":{"@type":"ImageObject","inLanguage":"es","@id":"https:\/\/fuentesfidedignas.com.mx\/#\/schema\/logo\/image\/","url":"https:\/\/fuentesfidedignas.com.mx\/wp-content\/uploads\/2021\/04\/logo-retina.png","contentUrl":"https:\/\/fuentesfidedignas.com.mx\/wp-content\/uploads\/2021\/04\/logo-retina.png","width":280,"height":51,"caption":"Fuentes Fidedignas"},"image":{"@id":"https:\/\/fuentesfidedignas.com.mx\/#\/schema\/logo\/image\/"},"sameAs":["https:\/\/www.facebook.com\/Fuentes-Fidedignas-368234489921644","https:\/\/x.com\/fidedignas"]},{"@type":"Person","@id":"https:\/\/fuentesfidedignas.com.mx\/#\/schema\/person\/e42cf8194648cef93ec04777ab0c2929","name":"El Sol","image":{"@type":"ImageObject","inLanguage":"es","@id":"https:\/\/secure.gravatar.com\/avatar\/150fbeded465cf15d26e08fc82bc20f3776e1e0a9e9298940a5ae65d05dba4a7?s=96&d=mm&r=g","url":"https:\/\/secure.gravatar.com\/avatar\/150fbeded465cf15d26e08fc82bc20f3776e1e0a9e9298940a5ae65d05dba4a7?s=96&d=mm&r=g","contentUrl":"https:\/\/secure.gravatar.com\/avatar\/150fbeded465cf15d26e08fc82bc20f3776e1e0a9e9298940a5ae65d05dba4a7?s=96&d=mm&r=g","caption":"El Sol"},"url":"https:\/\/fuentesfidedignas.com.mx\/index.php\/author\/elsol\/"}]}},"_links":{"self":[{"href":"https:\/\/fuentesfidedignas.com.mx\/index.php\/wp-json\/wp\/v2\/posts\/132228","targetHints":{"allow":["GET"]}}],"collection":[{"href":"https:\/\/fuentesfidedignas.com.mx\/index.php\/wp-json\/wp\/v2\/posts"}],"about":[{"href":"https:\/\/fuentesfidedignas.com.mx\/index.php\/wp-json\/wp\/v2\/types\/post"}],"author":[{"embeddable":true,"href":"https:\/\/fuentesfidedignas.com.mx\/index.php\/wp-json\/wp\/v2\/users\/16"}],"replies":[{"embeddable":true,"href":"https:\/\/fuentesfidedignas.com.mx\/index.php\/wp-json\/wp\/v2\/comments?post=132228"}],"version-history":[{"count":1,"href":"https:\/\/fuentesfidedignas.com.mx\/index.php\/wp-json\/wp\/v2\/posts\/132228\/revisions"}],"predecessor-version":[{"id":132230,"href":"https:\/\/fuentesfidedignas.com.mx\/index.php\/wp-json\/wp\/v2\/posts\/132228\/revisions\/132230"}],"wp:featuredmedia":[{"embeddable":true,"href":"https:\/\/fuentesfidedignas.com.mx\/index.php\/wp-json\/wp\/v2\/media\/132229"}],"wp:attachment":[{"href":"https:\/\/fuentesfidedignas.com.mx\/index.php\/wp-json\/wp\/v2\/media?parent=132228"}],"wp:term":[{"taxonomy":"category","embeddable":true,"href":"https:\/\/fuentesfidedignas.com.mx\/index.php\/wp-json\/wp\/v2\/categories?post=132228"},{"taxonomy":"post_tag","embeddable":true,"href":"https:\/\/fuentesfidedignas.com.mx\/index.php\/wp-json\/wp\/v2\/tags?post=132228"}],"curies":[{"name":"wp","href":"https:\/\/api.w.org\/{rel}","templated":true}]}}