{"id":132192,"date":"2026-04-24T10:16:33","date_gmt":"2026-04-24T17:16:33","guid":{"rendered":"https:\/\/fuentesfidedignas.com.mx\/?p=132192"},"modified":"2026-04-24T10:16:38","modified_gmt":"2026-04-24T17:16:38","slug":"sheinbaum-envia-cartas-a-gobernadores-sobre-colaboracion-con-agencias-de-eu","status":"publish","type":"post","link":"https:\/\/fuentesfidedignas.com.mx\/index.php\/2026\/04\/24\/sheinbaum-envia-cartas-a-gobernadores-sobre-colaboracion-con-agencias-de-eu\/","title":{"rendered":"Sheinbaum env\u00eda cartas a gobernadores sobre colaboraci\u00f3n con agencias de EU"},"content":{"rendered":"\n<p><strong><em>La jefa del Ejecutivo explic\u00f3 que cualquier colaboraci\u00f3n se tiene que informar a la SRE o al Gabinete de Seguridad.<\/em><\/strong><\/p>\n\n\n\n<p>La presidenta Claudia Sheinbaum Pardo inform\u00f3 que envi\u00f3 a las gobernadoras y gobernadores una carta para se\u00f1alarles c\u00f3mo debe ser la colaboraci\u00f3n con las agencias extranjeras, luego de que dos agentes de la CIA murieron en un accidente tras un operativo en Chihuahua.<\/p>\n\n\n\n<p>En su conferencia ma\u00f1anera de este viernes 24 de abril en Palacio Nacional, Sheinbaum Pardo insisti\u00f3 en que tienen que cumplir con la ley \u201cs\u00ed o s\u00ed\u201d.<\/p>\n\n\n\n<p>\u201cNo la vamos a leer aqu\u00ed la carta, se est\u00e1 enviando a los estados, no ha llegado. Se est\u00e1 enviando en este momento a los estados y esencialmente lo que hace es decir: \u00b4si ustedes quieren colaborar con alguna agencia en materia de seguridad de los Estados Unidos o de alg\u00fan otro pa\u00eds, es importante que siga lo que dice la Constituci\u00f3n y la ley de Seguridad Nacional, esencialmente es lo que dice\u201d, expuso.<\/p>\n\n\n\n<p>Mencion\u00f3 la Mandataria federal que para cualquier colaboraci\u00f3n, debe informarse a la Secretar\u00eda de Relaciones Exteriores o ponerse en contacto con el gabinete de Seguridad para que tengan mayor informaci\u00f3n.<\/p>\n\n\n\n<p>\u201cTienen que cumplir la ley, s\u00ed o s\u00ed, porque la soberan\u00eda no se negocia, ese es nuestro principio y estoy segura de que el pueblo de M\u00e9xico est\u00e1 con eso\u201d, dijo.<\/p>\n","protected":false},"excerpt":{"rendered":"<p>La jefa del Ejecutivo explic\u00f3 que cualquier colaboraci\u00f3n se tiene que informar a la SRE o al Gabinete de Seguridad. La presidenta Claudia Sheinbaum Pardo inform\u00f3 que envi\u00f3 a las gobernadoras y gobernadores una carta para se\u00f1alarles c\u00f3mo debe ser la colaboraci\u00f3n con las agencias extranjeras, luego de que dos agentes de la CIA murieron [&hellip;]<\/p>\n","protected":false},"author":39,"featured_media":111517,"comment_status":"open","ping_status":"open","sticky":false,"template":"","format":"standard","meta":{"tdm_status":"","tdm_grid_status":"","footnotes":""},"categories":[39],"tags":[],"class_list":{"0":"post-132192","1":"post","2":"type-post","3":"status-publish","4":"format-standard","5":"has-post-thumbnail","7":"category-noticias-nacionales"},"yoast_head":"<!-- This site is optimized with the Yoast SEO plugin v27.4 - https:\/\/yoast.com\/product\/yoast-seo-wordpress\/ -->\n<title>Sheinbaum env\u00eda cartas a gobernadores sobre colaboraci\u00f3n con agencias de EU - Fuentes Fidedignas<\/title>\n<meta name=\"robots\" content=\"index, follow, max-snippet:-1, max-image-preview:large, max-video-preview:-1\" \/>\n<link rel=\"canonical\" href=\"https:\/\/fuentesfidedignas.com.mx\/index.php\/2026\/04\/24\/sheinbaum-envia-cartas-a-gobernadores-sobre-colaboracion-con-agencias-de-eu\/\" \/>\n<meta property=\"og:locale\" content=\"es_MX\" \/>\n<meta property=\"og:type\" content=\"article\" \/>\n<meta property=\"og:title\" content=\"Sheinbaum env\u00eda cartas a gobernadores sobre colaboraci\u00f3n con agencias de EU - Fuentes Fidedignas\" \/>\n<meta property=\"og:description\" content=\"La jefa del Ejecutivo explic\u00f3 que cualquier colaboraci\u00f3n se tiene que informar a la SRE o al Gabinete de Seguridad. La presidenta Claudia Sheinbaum Pardo inform\u00f3 que envi\u00f3 a las gobernadoras y gobernadores una carta para se\u00f1alarles c\u00f3mo debe ser la colaboraci\u00f3n con las agencias extranjeras, luego de que dos agentes de la CIA murieron [&hellip;]\" \/>\n<meta property=\"og:url\" content=\"https:\/\/fuentesfidedignas.com.mx\/index.php\/2026\/04\/24\/sheinbaum-envia-cartas-a-gobernadores-sobre-colaboracion-con-agencias-de-eu\/\" \/>\n<meta property=\"og:site_name\" content=\"Fuentes Fidedignas\" \/>\n<meta property=\"article:publisher\" content=\"https:\/\/www.facebook.com\/Fuentes-Fidedignas-368234489921644\" \/>\n<meta property=\"article:published_time\" content=\"2026-04-24T17:16:33+00:00\" \/>\n<meta property=\"article:modified_time\" content=\"2026-04-24T17:16:38+00:00\" \/>\n<meta property=\"og:image\" content=\"https:\/\/fuentesfidedignas.com.mx\/wp-content\/uploads\/2025\/06\/Claudia-Sheinbaum.jpg\" \/>\n\t<meta property=\"og:image:width\" content=\"600\" \/>\n\t<meta property=\"og:image:height\" content=\"335\" \/>\n\t<meta property=\"og:image:type\" content=\"image\/jpeg\" \/>\n<meta name=\"author\" content=\"El Universal\" \/>\n<meta name=\"twitter:card\" content=\"summary_large_image\" \/>\n<meta name=\"twitter:creator\" content=\"@fidedignas\" \/>\n<meta name=\"twitter:site\" content=\"@fidedignas\" \/>\n<meta name=\"twitter:label1\" content=\"Escrito por\" \/>\n\t<meta name=\"twitter:data1\" content=\"El Universal\" \/>\n\t<meta name=\"twitter:label2\" content=\"Tiempo de lectura\" \/>\n\t<meta name=\"twitter:data2\" content=\"2 minutos\" \/>\n<script type=\"application\/ld+json\" class=\"yoast-schema-graph\">{\"@context\":\"https:\\\/\\\/schema.org\",\"@graph\":[{\"@type\":\"Article\",\"@id\":\"https:\\\/\\\/fuentesfidedignas.com.mx\\\/index.php\\\/2026\\\/04\\\/24\\\/sheinbaum-envia-cartas-a-gobernadores-sobre-colaboracion-con-agencias-de-eu\\\/#article\",\"isPartOf\":{\"@id\":\"https:\\\/\\\/fuentesfidedignas.com.mx\\\/index.php\\\/2026\\\/04\\\/24\\\/sheinbaum-envia-cartas-a-gobernadores-sobre-colaboracion-con-agencias-de-eu\\\/\"},\"author\":{\"name\":\"El Universal\",\"@id\":\"https:\\\/\\\/fuentesfidedignas.com.mx\\\/#\\\/schema\\\/person\\\/fee3882e65fd0510d292c43a346d35d7\"},\"headline\":\"Sheinbaum env\u00eda cartas a gobernadores sobre colaboraci\u00f3n con agencias de EU\",\"datePublished\":\"2026-04-24T17:16:33+00:00\",\"dateModified\":\"2026-04-24T17:16:38+00:00\",\"mainEntityOfPage\":{\"@id\":\"https:\\\/\\\/fuentesfidedignas.com.mx\\\/index.php\\\/2026\\\/04\\\/24\\\/sheinbaum-envia-cartas-a-gobernadores-sobre-colaboracion-con-agencias-de-eu\\\/\"},\"wordCount\":250,\"commentCount\":0,\"publisher\":{\"@id\":\"https:\\\/\\\/fuentesfidedignas.com.mx\\\/#organization\"},\"image\":{\"@id\":\"https:\\\/\\\/fuentesfidedignas.com.mx\\\/index.php\\\/2026\\\/04\\\/24\\\/sheinbaum-envia-cartas-a-gobernadores-sobre-colaboracion-con-agencias-de-eu\\\/#primaryimage\"},\"thumbnailUrl\":\"https:\\\/\\\/fuentesfidedignas.com.mx\\\/wp-content\\\/uploads\\\/2025\\\/06\\\/Claudia-Sheinbaum.jpg\",\"articleSection\":[\"NOTICIAS NACIONALES\"],\"inLanguage\":\"es\",\"potentialAction\":[{\"@type\":\"CommentAction\",\"name\":\"Comment\",\"target\":[\"https:\\\/\\\/fuentesfidedignas.com.mx\\\/index.php\\\/2026\\\/04\\\/24\\\/sheinbaum-envia-cartas-a-gobernadores-sobre-colaboracion-con-agencias-de-eu\\\/#respond\"]}]},{\"@type\":\"WebPage\",\"@id\":\"https:\\\/\\\/fuentesfidedignas.com.mx\\\/index.php\\\/2026\\\/04\\\/24\\\/sheinbaum-envia-cartas-a-gobernadores-sobre-colaboracion-con-agencias-de-eu\\\/\",\"url\":\"https:\\\/\\\/fuentesfidedignas.com.mx\\\/index.php\\\/2026\\\/04\\\/24\\\/sheinbaum-envia-cartas-a-gobernadores-sobre-colaboracion-con-agencias-de-eu\\\/\",\"name\":\"Sheinbaum env\u00eda cartas a gobernadores sobre colaboraci\u00f3n con agencias de EU - Fuentes Fidedignas\",\"isPartOf\":{\"@id\":\"https:\\\/\\\/fuentesfidedignas.com.mx\\\/#website\"},\"primaryImageOfPage\":{\"@id\":\"https:\\\/\\\/fuentesfidedignas.com.mx\\\/index.php\\\/2026\\\/04\\\/24\\\/sheinbaum-envia-cartas-a-gobernadores-sobre-colaboracion-con-agencias-de-eu\\\/#primaryimage\"},\"image\":{\"@id\":\"https:\\\/\\\/fuentesfidedignas.com.mx\\\/index.php\\\/2026\\\/04\\\/24\\\/sheinbaum-envia-cartas-a-gobernadores-sobre-colaboracion-con-agencias-de-eu\\\/#primaryimage\"},\"thumbnailUrl\":\"https:\\\/\\\/fuentesfidedignas.com.mx\\\/wp-content\\\/uploads\\\/2025\\\/06\\\/Claudia-Sheinbaum.jpg\",\"datePublished\":\"2026-04-24T17:16:33+00:00\",\"dateModified\":\"2026-04-24T17:16:38+00:00\",\"breadcrumb\":{\"@id\":\"https:\\\/\\\/fuentesfidedignas.com.mx\\\/index.php\\\/2026\\\/04\\\/24\\\/sheinbaum-envia-cartas-a-gobernadores-sobre-colaboracion-con-agencias-de-eu\\\/#breadcrumb\"},\"inLanguage\":\"es\",\"potentialAction\":[{\"@type\":\"ReadAction\",\"target\":[\"https:\\\/\\\/fuentesfidedignas.com.mx\\\/index.php\\\/2026\\\/04\\\/24\\\/sheinbaum-envia-cartas-a-gobernadores-sobre-colaboracion-con-agencias-de-eu\\\/\"]}]},{\"@type\":\"ImageObject\",\"inLanguage\":\"es\",\"@id\":\"https:\\\/\\\/fuentesfidedignas.com.mx\\\/index.php\\\/2026\\\/04\\\/24\\\/sheinbaum-envia-cartas-a-gobernadores-sobre-colaboracion-con-agencias-de-eu\\\/#primaryimage\",\"url\":\"https:\\\/\\\/fuentesfidedignas.com.mx\\\/wp-content\\\/uploads\\\/2025\\\/06\\\/Claudia-Sheinbaum.jpg\",\"contentUrl\":\"https:\\\/\\\/fuentesfidedignas.com.mx\\\/wp-content\\\/uploads\\\/2025\\\/06\\\/Claudia-Sheinbaum.jpg\",\"width\":600,\"height\":335},{\"@type\":\"BreadcrumbList\",\"@id\":\"https:\\\/\\\/fuentesfidedignas.com.mx\\\/index.php\\\/2026\\\/04\\\/24\\\/sheinbaum-envia-cartas-a-gobernadores-sobre-colaboracion-con-agencias-de-eu\\\/#breadcrumb\",\"itemListElement\":[{\"@type\":\"ListItem\",\"position\":1,\"name\":\"Inicio\",\"item\":\"https:\\\/\\\/fuentesfidedignas.com.mx\\\/\"},{\"@type\":\"ListItem\",\"position\":2,\"name\":\"Sheinbaum env\u00eda cartas a gobernadores sobre colaboraci\u00f3n con agencias de EU\"}]},{\"@type\":\"WebSite\",\"@id\":\"https:\\\/\\\/fuentesfidedignas.com.mx\\\/#website\",\"url\":\"https:\\\/\\\/fuentesfidedignas.com.mx\\\/\",\"name\":\"Fuentes Fidedignas\",\"description\":\"Otro sitio realizado con WordPress\",\"publisher\":{\"@id\":\"https:\\\/\\\/fuentesfidedignas.com.mx\\\/#organization\"},\"potentialAction\":[{\"@type\":\"SearchAction\",\"target\":{\"@type\":\"EntryPoint\",\"urlTemplate\":\"https:\\\/\\\/fuentesfidedignas.com.mx\\\/?s={search_term_string}\"},\"query-input\":{\"@type\":\"PropertyValueSpecification\",\"valueRequired\":true,\"valueName\":\"search_term_string\"}}],\"inLanguage\":\"es\"},{\"@type\":\"Organization\",\"@id\":\"https:\\\/\\\/fuentesfidedignas.com.mx\\\/#organization\",\"name\":\"Fuentes Fidedignas\",\"url\":\"https:\\\/\\\/fuentesfidedignas.com.mx\\\/\",\"logo\":{\"@type\":\"ImageObject\",\"inLanguage\":\"es\",\"@id\":\"https:\\\/\\\/fuentesfidedignas.com.mx\\\/#\\\/schema\\\/logo\\\/image\\\/\",\"url\":\"https:\\\/\\\/fuentesfidedignas.com.mx\\\/wp-content\\\/uploads\\\/2021\\\/04\\\/logo-retina.png\",\"contentUrl\":\"https:\\\/\\\/fuentesfidedignas.com.mx\\\/wp-content\\\/uploads\\\/2021\\\/04\\\/logo-retina.png\",\"width\":280,\"height\":51,\"caption\":\"Fuentes Fidedignas\"},\"image\":{\"@id\":\"https:\\\/\\\/fuentesfidedignas.com.mx\\\/#\\\/schema\\\/logo\\\/image\\\/\"},\"sameAs\":[\"https:\\\/\\\/www.facebook.com\\\/Fuentes-Fidedignas-368234489921644\",\"https:\\\/\\\/x.com\\\/fidedignas\"]},{\"@type\":\"Person\",\"@id\":\"https:\\\/\\\/fuentesfidedignas.com.mx\\\/#\\\/schema\\\/person\\\/fee3882e65fd0510d292c43a346d35d7\",\"name\":\"El Universal\",\"image\":{\"@type\":\"ImageObject\",\"inLanguage\":\"es\",\"@id\":\"https:\\\/\\\/secure.gravatar.com\\\/avatar\\\/1ebc94d82b6c3c081781f73e5b76a0d0c1ac7bf8e57426f18802246eeaa2747c?s=96&d=mm&r=g\",\"url\":\"https:\\\/\\\/secure.gravatar.com\\\/avatar\\\/1ebc94d82b6c3c081781f73e5b76a0d0c1ac7bf8e57426f18802246eeaa2747c?s=96&d=mm&r=g\",\"contentUrl\":\"https:\\\/\\\/secure.gravatar.com\\\/avatar\\\/1ebc94d82b6c3c081781f73e5b76a0d0c1ac7bf8e57426f18802246eeaa2747c?s=96&d=mm&r=g\",\"caption\":\"El Universal\"},\"url\":\"https:\\\/\\\/fuentesfidedignas.com.mx\\\/index.php\\\/author\\\/el-universal\\\/\"}]}<\/script>\n<!-- \/ Yoast SEO plugin. -->","yoast_head_json":{"title":"Sheinbaum env\u00eda cartas a gobernadores sobre colaboraci\u00f3n con agencias de EU - Fuentes Fidedignas","robots":{"index":"index","follow":"follow","max-snippet":"max-snippet:-1","max-image-preview":"max-image-preview:large","max-video-preview":"max-video-preview:-1"},"canonical":"https:\/\/fuentesfidedignas.com.mx\/index.php\/2026\/04\/24\/sheinbaum-envia-cartas-a-gobernadores-sobre-colaboracion-con-agencias-de-eu\/","og_locale":"es_MX","og_type":"article","og_title":"Sheinbaum env\u00eda cartas a gobernadores sobre colaboraci\u00f3n con agencias de EU - Fuentes Fidedignas","og_description":"La jefa del Ejecutivo explic\u00f3 que cualquier colaboraci\u00f3n se tiene que informar a la SRE o al Gabinete de Seguridad. La presidenta Claudia Sheinbaum Pardo inform\u00f3 que envi\u00f3 a las gobernadoras y gobernadores una carta para se\u00f1alarles c\u00f3mo debe ser la colaboraci\u00f3n con las agencias extranjeras, luego de que dos agentes de la CIA murieron [&hellip;]","og_url":"https:\/\/fuentesfidedignas.com.mx\/index.php\/2026\/04\/24\/sheinbaum-envia-cartas-a-gobernadores-sobre-colaboracion-con-agencias-de-eu\/","og_site_name":"Fuentes Fidedignas","article_publisher":"https:\/\/www.facebook.com\/Fuentes-Fidedignas-368234489921644","article_published_time":"2026-04-24T17:16:33+00:00","article_modified_time":"2026-04-24T17:16:38+00:00","og_image":[{"width":600,"height":335,"url":"https:\/\/fuentesfidedignas.com.mx\/wp-content\/uploads\/2025\/06\/Claudia-Sheinbaum.jpg","type":"image\/jpeg"}],"author":"El Universal","twitter_card":"summary_large_image","twitter_creator":"@fidedignas","twitter_site":"@fidedignas","twitter_misc":{"Escrito por":"El Universal","Tiempo de lectura":"2 minutos"},"schema":{"@context":"https:\/\/schema.org","@graph":[{"@type":"Article","@id":"https:\/\/fuentesfidedignas.com.mx\/index.php\/2026\/04\/24\/sheinbaum-envia-cartas-a-gobernadores-sobre-colaboracion-con-agencias-de-eu\/#article","isPartOf":{"@id":"https:\/\/fuentesfidedignas.com.mx\/index.php\/2026\/04\/24\/sheinbaum-envia-cartas-a-gobernadores-sobre-colaboracion-con-agencias-de-eu\/"},"author":{"name":"El Universal","@id":"https:\/\/fuentesfidedignas.com.mx\/#\/schema\/person\/fee3882e65fd0510d292c43a346d35d7"},"headline":"Sheinbaum env\u00eda cartas a gobernadores sobre colaboraci\u00f3n con agencias de EU","datePublished":"2026-04-24T17:16:33+00:00","dateModified":"2026-04-24T17:16:38+00:00","mainEntityOfPage":{"@id":"https:\/\/fuentesfidedignas.com.mx\/index.php\/2026\/04\/24\/sheinbaum-envia-cartas-a-gobernadores-sobre-colaboracion-con-agencias-de-eu\/"},"wordCount":250,"commentCount":0,"publisher":{"@id":"https:\/\/fuentesfidedignas.com.mx\/#organization"},"image":{"@id":"https:\/\/fuentesfidedignas.com.mx\/index.php\/2026\/04\/24\/sheinbaum-envia-cartas-a-gobernadores-sobre-colaboracion-con-agencias-de-eu\/#primaryimage"},"thumbnailUrl":"https:\/\/fuentesfidedignas.com.mx\/wp-content\/uploads\/2025\/06\/Claudia-Sheinbaum.jpg","articleSection":["NOTICIAS NACIONALES"],"inLanguage":"es","potentialAction":[{"@type":"CommentAction","name":"Comment","target":["https:\/\/fuentesfidedignas.com.mx\/index.php\/2026\/04\/24\/sheinbaum-envia-cartas-a-gobernadores-sobre-colaboracion-con-agencias-de-eu\/#respond"]}]},{"@type":"WebPage","@id":"https:\/\/fuentesfidedignas.com.mx\/index.php\/2026\/04\/24\/sheinbaum-envia-cartas-a-gobernadores-sobre-colaboracion-con-agencias-de-eu\/","url":"https:\/\/fuentesfidedignas.com.mx\/index.php\/2026\/04\/24\/sheinbaum-envia-cartas-a-gobernadores-sobre-colaboracion-con-agencias-de-eu\/","name":"Sheinbaum env\u00eda cartas a gobernadores sobre colaboraci\u00f3n con agencias de EU - Fuentes Fidedignas","isPartOf":{"@id":"https:\/\/fuentesfidedignas.com.mx\/#website"},"primaryImageOfPage":{"@id":"https:\/\/fuentesfidedignas.com.mx\/index.php\/2026\/04\/24\/sheinbaum-envia-cartas-a-gobernadores-sobre-colaboracion-con-agencias-de-eu\/#primaryimage"},"image":{"@id":"https:\/\/fuentesfidedignas.com.mx\/index.php\/2026\/04\/24\/sheinbaum-envia-cartas-a-gobernadores-sobre-colaboracion-con-agencias-de-eu\/#primaryimage"},"thumbnailUrl":"https:\/\/fuentesfidedignas.com.mx\/wp-content\/uploads\/2025\/06\/Claudia-Sheinbaum.jpg","datePublished":"2026-04-24T17:16:33+00:00","dateModified":"2026-04-24T17:16:38+00:00","breadcrumb":{"@id":"https:\/\/fuentesfidedignas.com.mx\/index.php\/2026\/04\/24\/sheinbaum-envia-cartas-a-gobernadores-sobre-colaboracion-con-agencias-de-eu\/#breadcrumb"},"inLanguage":"es","potentialAction":[{"@type":"ReadAction","target":["https:\/\/fuentesfidedignas.com.mx\/index.php\/2026\/04\/24\/sheinbaum-envia-cartas-a-gobernadores-sobre-colaboracion-con-agencias-de-eu\/"]}]},{"@type":"ImageObject","inLanguage":"es","@id":"https:\/\/fuentesfidedignas.com.mx\/index.php\/2026\/04\/24\/sheinbaum-envia-cartas-a-gobernadores-sobre-colaboracion-con-agencias-de-eu\/#primaryimage","url":"https:\/\/fuentesfidedignas.com.mx\/wp-content\/uploads\/2025\/06\/Claudia-Sheinbaum.jpg","contentUrl":"https:\/\/fuentesfidedignas.com.mx\/wp-content\/uploads\/2025\/06\/Claudia-Sheinbaum.jpg","width":600,"height":335},{"@type":"BreadcrumbList","@id":"https:\/\/fuentesfidedignas.com.mx\/index.php\/2026\/04\/24\/sheinbaum-envia-cartas-a-gobernadores-sobre-colaboracion-con-agencias-de-eu\/#breadcrumb","itemListElement":[{"@type":"ListItem","position":1,"name":"Inicio","item":"https:\/\/fuentesfidedignas.com.mx\/"},{"@type":"ListItem","position":2,"name":"Sheinbaum env\u00eda cartas a gobernadores sobre colaboraci\u00f3n con agencias de EU"}]},{"@type":"WebSite","@id":"https:\/\/fuentesfidedignas.com.mx\/#website","url":"https:\/\/fuentesfidedignas.com.mx\/","name":"Fuentes Fidedignas","description":"Otro sitio realizado con WordPress","publisher":{"@id":"https:\/\/fuentesfidedignas.com.mx\/#organization"},"potentialAction":[{"@type":"SearchAction","target":{"@type":"EntryPoint","urlTemplate":"https:\/\/fuentesfidedignas.com.mx\/?s={search_term_string}"},"query-input":{"@type":"PropertyValueSpecification","valueRequired":true,"valueName":"search_term_string"}}],"inLanguage":"es"},{"@type":"Organization","@id":"https:\/\/fuentesfidedignas.com.mx\/#organization","name":"Fuentes Fidedignas","url":"https:\/\/fuentesfidedignas.com.mx\/","logo":{"@type":"ImageObject","inLanguage":"es","@id":"https:\/\/fuentesfidedignas.com.mx\/#\/schema\/logo\/image\/","url":"https:\/\/fuentesfidedignas.com.mx\/wp-content\/uploads\/2021\/04\/logo-retina.png","contentUrl":"https:\/\/fuentesfidedignas.com.mx\/wp-content\/uploads\/2021\/04\/logo-retina.png","width":280,"height":51,"caption":"Fuentes Fidedignas"},"image":{"@id":"https:\/\/fuentesfidedignas.com.mx\/#\/schema\/logo\/image\/"},"sameAs":["https:\/\/www.facebook.com\/Fuentes-Fidedignas-368234489921644","https:\/\/x.com\/fidedignas"]},{"@type":"Person","@id":"https:\/\/fuentesfidedignas.com.mx\/#\/schema\/person\/fee3882e65fd0510d292c43a346d35d7","name":"El Universal","image":{"@type":"ImageObject","inLanguage":"es","@id":"https:\/\/secure.gravatar.com\/avatar\/1ebc94d82b6c3c081781f73e5b76a0d0c1ac7bf8e57426f18802246eeaa2747c?s=96&d=mm&r=g","url":"https:\/\/secure.gravatar.com\/avatar\/1ebc94d82b6c3c081781f73e5b76a0d0c1ac7bf8e57426f18802246eeaa2747c?s=96&d=mm&r=g","contentUrl":"https:\/\/secure.gravatar.com\/avatar\/1ebc94d82b6c3c081781f73e5b76a0d0c1ac7bf8e57426f18802246eeaa2747c?s=96&d=mm&r=g","caption":"El Universal"},"url":"https:\/\/fuentesfidedignas.com.mx\/index.php\/author\/el-universal\/"}]}},"_links":{"self":[{"href":"https:\/\/fuentesfidedignas.com.mx\/index.php\/wp-json\/wp\/v2\/posts\/132192","targetHints":{"allow":["GET"]}}],"collection":[{"href":"https:\/\/fuentesfidedignas.com.mx\/index.php\/wp-json\/wp\/v2\/posts"}],"about":[{"href":"https:\/\/fuentesfidedignas.com.mx\/index.php\/wp-json\/wp\/v2\/types\/post"}],"author":[{"embeddable":true,"href":"https:\/\/fuentesfidedignas.com.mx\/index.php\/wp-json\/wp\/v2\/users\/39"}],"replies":[{"embeddable":true,"href":"https:\/\/fuentesfidedignas.com.mx\/index.php\/wp-json\/wp\/v2\/comments?post=132192"}],"version-history":[{"count":1,"href":"https:\/\/fuentesfidedignas.com.mx\/index.php\/wp-json\/wp\/v2\/posts\/132192\/revisions"}],"predecessor-version":[{"id":132193,"href":"https:\/\/fuentesfidedignas.com.mx\/index.php\/wp-json\/wp\/v2\/posts\/132192\/revisions\/132193"}],"wp:featuredmedia":[{"embeddable":true,"href":"https:\/\/fuentesfidedignas.com.mx\/index.php\/wp-json\/wp\/v2\/media\/111517"}],"wp:attachment":[{"href":"https:\/\/fuentesfidedignas.com.mx\/index.php\/wp-json\/wp\/v2\/media?parent=132192"}],"wp:term":[{"taxonomy":"category","embeddable":true,"href":"https:\/\/fuentesfidedignas.com.mx\/index.php\/wp-json\/wp\/v2\/categories?post=132192"},{"taxonomy":"post_tag","embeddable":true,"href":"https:\/\/fuentesfidedignas.com.mx\/index.php\/wp-json\/wp\/v2\/tags?post=132192"}],"curies":[{"name":"wp","href":"https:\/\/api.w.org\/{rel}","templated":true}]}}