{"id":132128,"date":"2026-04-26T01:51:00","date_gmt":"2026-04-26T08:51:00","guid":{"rendered":"https:\/\/fuentesfidedignas.com.mx\/?p=132128"},"modified":"2026-04-23T10:55:37","modified_gmt":"2026-04-23T17:55:37","slug":"reportero-cubre-tragico-accidente-pero-victimas-eran-sus-hijos-y-suegro-en-puebla-video","status":"publish","type":"post","link":"https:\/\/fuentesfidedignas.com.mx\/index.php\/2026\/04\/26\/reportero-cubre-tragico-accidente-pero-victimas-eran-sus-hijos-y-suegro-en-puebla-video\/","title":{"rendered":"Reportero cubre tr\u00e1gico accidente, pero v\u00edctimas eran sus hijos y suegro en Puebla | Video"},"content":{"rendered":"\n<p><strong><em><br>Usuarios en la plataforma X y compa\u00f1eros de otros medios de comunicaci\u00f3n han mostrado su solidaridad enviando mensajes de apoyo al corresponsal<\/em><\/strong><\/p>\n\n\n\n<p>Un corresponsal de noticias vivi\u00f3 una de las experiencias m\u00e1s dif\u00edciles de su vida profesional al llegar al lugar donde supuestamente realizar\u00eda un reporte de rutina por un accidente de tr\u00e1nsito, el cual se convirti\u00f3 en una pesadilla cuando descubri\u00f3 que las v\u00edctimas eran sus hijos y su suegro.<\/p>\n\n\n\n<figure class=\"wp-block-embed is-type-video is-provider-tiktok wp-block-embed-tiktok\"><div class=\"wp-block-embed__wrapper\">\n<blockquote class=\"tiktok-embed\" cite=\"https:\/\/www.tiktok.com\/@chiapas_sin_censura\/video\/7553014492355972370\" data-video-id=\"7553014492355972370\" data-embed-from=\"oembed\" style=\"max-width:605px; min-width:325px;\"> <section> <a target=\"_blank\" title=\"@chiapas_sin_censura\" href=\"https:\/\/www.tiktok.com\/@chiapas_sin_censura?refer=embed\">@chiapas_sin_censura<\/a> <p>Impactante: Reportero cubre accidente y sus hijos estaban entre los heridos. Un corresponsal de El Informante MX lleg\u00f3 a cubrir un accidente en la carretera a Acajete y descubri\u00f3 que entre los afectados estaban sus propios hijos, su ex esposa y su ex suegro, la culpa habr\u00eda sido de una persona en estado de ebriedad. A pesar de la sorpresa y preocupaci\u00f3n, continu\u00f3 con su trabajo. <a title=\"noticias\" target=\"_blank\" href=\"https:\/\/www.tiktok.com\/tag\/noticias?refer=embed\">#noticias<\/a> <a title=\"puebla\" target=\"_blank\" href=\"https:\/\/www.tiktok.com\/tag\/puebla?refer=embed\">#puebla<\/a> <a title=\"reportero\" target=\"_blank\" href=\"https:\/\/www.tiktok.com\/tag\/reportero?refer=embed\">#reportero<\/a> <a title=\"accidente\" target=\"_blank\" href=\"https:\/\/www.tiktok.com\/tag\/accidente?refer=embed\">#accidente<\/a> <a title=\"impactante\" target=\"_blank\" href=\"https:\/\/www.tiktok.com\/tag\/impactante?refer=embed\">#impactante<\/a> <\/p> <a target=\"_blank\" title=\"\u266c sonido original - Chiapas Sin Censura\" href=\"https:\/\/www.tiktok.com\/music\/sonido-original-7553014559540988689?refer=embed\">\u266c sonido original &#8211; Chiapas Sin Censura<\/a> <\/section> <\/blockquote> <script async src=\"https:\/\/www.tiktok.com\/embed.js\"><\/script>\n<\/div><\/figure>\n\n\n\n<p>De acuerdo con la agencia de noticias Qu\u00e9 Poca Madre, que p\u00fablico a trav\u00e9s de sus redes sociales el incidente, el reportero -que trabaja para el medio de comunicaci\u00f3n El Informante M\u00e9xico- lleg\u00f3 al lugar del siniestro para realizar una transmisi\u00f3n en vivo sobre los hechos ocurridos esa noche.<\/p>\n\n\n\n<p>Con profesionalismo narr\u00f3 los hechos, a pesar de que la dura realidad asesto un golpe fuerte al periodista, quien al ver el carro involucrado descubri\u00f3 que las v\u00edctimas lesionadas eran sus hijos y su suegro. El reportero contin\u00fao con la transmisi\u00f3n en vivo para solicitar de manera inmediata el apoyo de las autoridades y servicios de emergencia, demostrando una fortaleza admirable.<\/p>\n\n\n\n<h2 class=\"wp-block-heading\">Se solidarizan en redes sociales con el reportero<\/h2>\n\n\n\n<blockquote class=\"wp-block-quote is-layout-flow wp-block-quote-is-layout-flow\">\n<p>&#8220;Pedimos en estos momentos la ayuda de la Fiscal\u00eda para que pueda apoyarnos, ya que mis hijos se encuentran en el hospital debido a este percance. No quisiera yo que se mencionar\u00e1 o se dijera que quiero abusar del poder, pero la persona que tuvo el accidente es mi suegro, es el abuelo de mis<strong>\u00a0hijos<\/strong>, y mis hijos se encuentran en estos momentos en el hospital debido a que el otro\u00a0<strong>automovilista<\/strong>\u00a0ven\u00eda en estado de\u00a0<strong>ebriedad\u00a0<\/strong>y no tom\u00f3 las medidas de precauci\u00f3n correspondientes\u201d, dijo el reportero, con\u00a0voz entrecortada y llorando, durante su transmisi\u00f3n en vivo.\u00a0<\/p>\n<\/blockquote>\n\n\n\n<p>La&nbsp;<strong>noticia del periodista<\/strong>, quien a\u00fan no ha sido identificado por ning\u00fan medio de comunicaci\u00f3n, se ha vuelto viral, generando empat\u00eda y&nbsp;<strong>solidaridad&nbsp;<\/strong>en las redes sociales, ya que este hecho ha conmovido a los usuarios de Internet y a la comunidad period\u00edstica.<\/p>\n\n\n\n<p>Usuarios en la<strong>&nbsp;plataforma X<\/strong>&nbsp;han mostrado su solidaridad enviando mensajes de apoyo al reportero del medio El Informante MX con frases y pensamientos como: \u201cDios quiera que su familia est\u00e9 bien, mis oraciones con \u00e9l\u201d o \u201cMi pesar por el hombre que tuvo que dar la noticia y espero que sus hijos y suegro est\u00e9n bien, mis oraciones con la familia\u201d. &nbsp;<\/p>\n\n\n\n<p>Otros han pedido conocer m\u00e1s datos sobre el<strong>&nbsp;periodista&nbsp;<\/strong>y sus familiares afectados para hacer presi\u00f3n a las autoridades con la finalidad de que reciba el apoyo necesario para que sus allegados se recuperen: \u201cEn qu\u00e9 hospital est\u00e1n? Para hacer presi\u00f3n o pedir donadores Quiz\u00e1s tambi\u00e9n para llevar ayuda de todo tipo\u201d, se lee entre los comentarios. &nbsp;<\/p>\n\n\n\n<p>Por su parte, el medio&nbsp;de comunicaci\u00f3n El Informante MX&nbsp;hasta el momento ha retuiteado la publicaci\u00f3n del en vivo del&nbsp;<strong>reportero&nbsp;<\/strong>y hasta el momento se desconoce el estado de salud de los&nbsp;<strong>familiares del periodista.<\/strong>&nbsp;<\/p>\n\n\n\n<p><\/p>\n","protected":false},"excerpt":{"rendered":"<p>Usuarios en la plataforma X y compa\u00f1eros de otros medios de comunicaci\u00f3n han mostrado su solidaridad enviando mensajes de apoyo al corresponsal Un corresponsal de noticias vivi\u00f3 una de las experiencias m\u00e1s dif\u00edciles de su vida profesional al llegar al lugar donde supuestamente realizar\u00eda un reporte de rutina por un accidente de tr\u00e1nsito, el cual [&hellip;]<\/p>\n","protected":false},"author":37,"featured_media":132129,"comment_status":"open","ping_status":"open","sticky":false,"template":"","format":"standard","meta":{"tdm_status":"","tdm_grid_status":"","footnotes":""},"categories":[40],"tags":[],"class_list":{"0":"post-132128","1":"post","2":"type-post","3":"status-publish","4":"format-standard","5":"has-post-thumbnail","7":"category-las-asombrosas"},"yoast_head":"<!-- This site is optimized with the Yoast SEO plugin v27.4 - https:\/\/yoast.com\/product\/yoast-seo-wordpress\/ -->\n<title>Reportero cubre tr\u00e1gico accidente, pero v\u00edctimas eran sus hijos y suegro en Puebla | Video - Fuentes Fidedignas<\/title>\n<meta name=\"robots\" content=\"index, follow, max-snippet:-1, max-image-preview:large, max-video-preview:-1\" \/>\n<link rel=\"canonical\" href=\"https:\/\/fuentesfidedignas.com.mx\/index.php\/2026\/04\/26\/reportero-cubre-tragico-accidente-pero-victimas-eran-sus-hijos-y-suegro-en-puebla-video\/\" \/>\n<meta property=\"og:locale\" content=\"es_MX\" \/>\n<meta property=\"og:type\" content=\"article\" \/>\n<meta property=\"og:title\" content=\"Reportero cubre tr\u00e1gico accidente, pero v\u00edctimas eran sus hijos y suegro en Puebla | Video - Fuentes Fidedignas\" \/>\n<meta property=\"og:description\" content=\"Usuarios en la plataforma X y compa\u00f1eros de otros medios de comunicaci\u00f3n han mostrado su solidaridad enviando mensajes de apoyo al corresponsal Un corresponsal de noticias vivi\u00f3 una de las experiencias m\u00e1s dif\u00edciles de su vida profesional al llegar al lugar donde supuestamente realizar\u00eda un reporte de rutina por un accidente de tr\u00e1nsito, el cual [&hellip;]\" \/>\n<meta property=\"og:url\" content=\"https:\/\/fuentesfidedignas.com.mx\/index.php\/2026\/04\/26\/reportero-cubre-tragico-accidente-pero-victimas-eran-sus-hijos-y-suegro-en-puebla-video\/\" \/>\n<meta property=\"og:site_name\" content=\"Fuentes Fidedignas\" \/>\n<meta property=\"article:publisher\" content=\"https:\/\/www.facebook.com\/Fuentes-Fidedignas-368234489921644\" \/>\n<meta property=\"article:published_time\" content=\"2026-04-26T08:51:00+00:00\" \/>\n<meta property=\"og:image\" content=\"https:\/\/fuentesfidedignas.com.mx\/wp-content\/uploads\/2026\/04\/f848x477-1164904_1222707_5050.jpg\" \/>\n\t<meta property=\"og:image:width\" content=\"848\" \/>\n\t<meta property=\"og:image:height\" content=\"477\" \/>\n\t<meta property=\"og:image:type\" content=\"image\/jpeg\" \/>\n<meta name=\"author\" content=\"Heraldo de M\u00e9xico\" \/>\n<meta name=\"twitter:card\" content=\"summary_large_image\" \/>\n<meta name=\"twitter:creator\" content=\"@fidedignas\" \/>\n<meta name=\"twitter:site\" content=\"@fidedignas\" \/>\n<meta name=\"twitter:label1\" content=\"Escrito por\" \/>\n\t<meta name=\"twitter:data1\" content=\"Heraldo de M\u00e9xico\" \/>\n\t<meta name=\"twitter:label2\" content=\"Tiempo de lectura\" \/>\n\t<meta name=\"twitter:data2\" content=\"2 minutos\" \/>\n<script type=\"application\/ld+json\" class=\"yoast-schema-graph\">{\"@context\":\"https:\\\/\\\/schema.org\",\"@graph\":[{\"@type\":\"Article\",\"@id\":\"https:\\\/\\\/fuentesfidedignas.com.mx\\\/index.php\\\/2026\\\/04\\\/26\\\/reportero-cubre-tragico-accidente-pero-victimas-eran-sus-hijos-y-suegro-en-puebla-video\\\/#article\",\"isPartOf\":{\"@id\":\"https:\\\/\\\/fuentesfidedignas.com.mx\\\/index.php\\\/2026\\\/04\\\/26\\\/reportero-cubre-tragico-accidente-pero-victimas-eran-sus-hijos-y-suegro-en-puebla-video\\\/\"},\"author\":{\"name\":\"Heraldo de M\u00e9xico\",\"@id\":\"https:\\\/\\\/fuentesfidedignas.com.mx\\\/#\\\/schema\\\/person\\\/1c75a595e538894333ebe35c2bf6e23a\"},\"headline\":\"Reportero cubre tr\u00e1gico accidente, pero v\u00edctimas eran sus hijos y suegro en Puebla | Video\",\"datePublished\":\"2026-04-26T08:51:00+00:00\",\"mainEntityOfPage\":{\"@id\":\"https:\\\/\\\/fuentesfidedignas.com.mx\\\/index.php\\\/2026\\\/04\\\/26\\\/reportero-cubre-tragico-accidente-pero-victimas-eran-sus-hijos-y-suegro-en-puebla-video\\\/\"},\"wordCount\":559,\"commentCount\":0,\"publisher\":{\"@id\":\"https:\\\/\\\/fuentesfidedignas.com.mx\\\/#organization\"},\"image\":{\"@id\":\"https:\\\/\\\/fuentesfidedignas.com.mx\\\/index.php\\\/2026\\\/04\\\/26\\\/reportero-cubre-tragico-accidente-pero-victimas-eran-sus-hijos-y-suegro-en-puebla-video\\\/#primaryimage\"},\"thumbnailUrl\":\"https:\\\/\\\/fuentesfidedignas.com.mx\\\/wp-content\\\/uploads\\\/2026\\\/04\\\/f848x477-1164904_1222707_5050.jpg\",\"articleSection\":[\"LAS ASOMBROSAS\"],\"inLanguage\":\"es\",\"potentialAction\":[{\"@type\":\"CommentAction\",\"name\":\"Comment\",\"target\":[\"https:\\\/\\\/fuentesfidedignas.com.mx\\\/index.php\\\/2026\\\/04\\\/26\\\/reportero-cubre-tragico-accidente-pero-victimas-eran-sus-hijos-y-suegro-en-puebla-video\\\/#respond\"]}]},{\"@type\":\"WebPage\",\"@id\":\"https:\\\/\\\/fuentesfidedignas.com.mx\\\/index.php\\\/2026\\\/04\\\/26\\\/reportero-cubre-tragico-accidente-pero-victimas-eran-sus-hijos-y-suegro-en-puebla-video\\\/\",\"url\":\"https:\\\/\\\/fuentesfidedignas.com.mx\\\/index.php\\\/2026\\\/04\\\/26\\\/reportero-cubre-tragico-accidente-pero-victimas-eran-sus-hijos-y-suegro-en-puebla-video\\\/\",\"name\":\"Reportero cubre tr\u00e1gico accidente, pero v\u00edctimas eran sus hijos y suegro en Puebla | Video - Fuentes Fidedignas\",\"isPartOf\":{\"@id\":\"https:\\\/\\\/fuentesfidedignas.com.mx\\\/#website\"},\"primaryImageOfPage\":{\"@id\":\"https:\\\/\\\/fuentesfidedignas.com.mx\\\/index.php\\\/2026\\\/04\\\/26\\\/reportero-cubre-tragico-accidente-pero-victimas-eran-sus-hijos-y-suegro-en-puebla-video\\\/#primaryimage\"},\"image\":{\"@id\":\"https:\\\/\\\/fuentesfidedignas.com.mx\\\/index.php\\\/2026\\\/04\\\/26\\\/reportero-cubre-tragico-accidente-pero-victimas-eran-sus-hijos-y-suegro-en-puebla-video\\\/#primaryimage\"},\"thumbnailUrl\":\"https:\\\/\\\/fuentesfidedignas.com.mx\\\/wp-content\\\/uploads\\\/2026\\\/04\\\/f848x477-1164904_1222707_5050.jpg\",\"datePublished\":\"2026-04-26T08:51:00+00:00\",\"breadcrumb\":{\"@id\":\"https:\\\/\\\/fuentesfidedignas.com.mx\\\/index.php\\\/2026\\\/04\\\/26\\\/reportero-cubre-tragico-accidente-pero-victimas-eran-sus-hijos-y-suegro-en-puebla-video\\\/#breadcrumb\"},\"inLanguage\":\"es\",\"potentialAction\":[{\"@type\":\"ReadAction\",\"target\":[\"https:\\\/\\\/fuentesfidedignas.com.mx\\\/index.php\\\/2026\\\/04\\\/26\\\/reportero-cubre-tragico-accidente-pero-victimas-eran-sus-hijos-y-suegro-en-puebla-video\\\/\"]}]},{\"@type\":\"ImageObject\",\"inLanguage\":\"es\",\"@id\":\"https:\\\/\\\/fuentesfidedignas.com.mx\\\/index.php\\\/2026\\\/04\\\/26\\\/reportero-cubre-tragico-accidente-pero-victimas-eran-sus-hijos-y-suegro-en-puebla-video\\\/#primaryimage\",\"url\":\"https:\\\/\\\/fuentesfidedignas.com.mx\\\/wp-content\\\/uploads\\\/2026\\\/04\\\/f848x477-1164904_1222707_5050.jpg\",\"contentUrl\":\"https:\\\/\\\/fuentesfidedignas.com.mx\\\/wp-content\\\/uploads\\\/2026\\\/04\\\/f848x477-1164904_1222707_5050.jpg\",\"width\":848,\"height\":477},{\"@type\":\"BreadcrumbList\",\"@id\":\"https:\\\/\\\/fuentesfidedignas.com.mx\\\/index.php\\\/2026\\\/04\\\/26\\\/reportero-cubre-tragico-accidente-pero-victimas-eran-sus-hijos-y-suegro-en-puebla-video\\\/#breadcrumb\",\"itemListElement\":[{\"@type\":\"ListItem\",\"position\":1,\"name\":\"Inicio\",\"item\":\"https:\\\/\\\/fuentesfidedignas.com.mx\\\/\"},{\"@type\":\"ListItem\",\"position\":2,\"name\":\"Reportero cubre tr\u00e1gico accidente, pero v\u00edctimas eran sus hijos y suegro en Puebla | Video\"}]},{\"@type\":\"WebSite\",\"@id\":\"https:\\\/\\\/fuentesfidedignas.com.mx\\\/#website\",\"url\":\"https:\\\/\\\/fuentesfidedignas.com.mx\\\/\",\"name\":\"Fuentes Fidedignas\",\"description\":\"Otro sitio realizado con WordPress\",\"publisher\":{\"@id\":\"https:\\\/\\\/fuentesfidedignas.com.mx\\\/#organization\"},\"potentialAction\":[{\"@type\":\"SearchAction\",\"target\":{\"@type\":\"EntryPoint\",\"urlTemplate\":\"https:\\\/\\\/fuentesfidedignas.com.mx\\\/?s={search_term_string}\"},\"query-input\":{\"@type\":\"PropertyValueSpecification\",\"valueRequired\":true,\"valueName\":\"search_term_string\"}}],\"inLanguage\":\"es\"},{\"@type\":\"Organization\",\"@id\":\"https:\\\/\\\/fuentesfidedignas.com.mx\\\/#organization\",\"name\":\"Fuentes Fidedignas\",\"url\":\"https:\\\/\\\/fuentesfidedignas.com.mx\\\/\",\"logo\":{\"@type\":\"ImageObject\",\"inLanguage\":\"es\",\"@id\":\"https:\\\/\\\/fuentesfidedignas.com.mx\\\/#\\\/schema\\\/logo\\\/image\\\/\",\"url\":\"https:\\\/\\\/fuentesfidedignas.com.mx\\\/wp-content\\\/uploads\\\/2021\\\/04\\\/logo-retina.png\",\"contentUrl\":\"https:\\\/\\\/fuentesfidedignas.com.mx\\\/wp-content\\\/uploads\\\/2021\\\/04\\\/logo-retina.png\",\"width\":280,\"height\":51,\"caption\":\"Fuentes Fidedignas\"},\"image\":{\"@id\":\"https:\\\/\\\/fuentesfidedignas.com.mx\\\/#\\\/schema\\\/logo\\\/image\\\/\"},\"sameAs\":[\"https:\\\/\\\/www.facebook.com\\\/Fuentes-Fidedignas-368234489921644\",\"https:\\\/\\\/x.com\\\/fidedignas\"]},{\"@type\":\"Person\",\"@id\":\"https:\\\/\\\/fuentesfidedignas.com.mx\\\/#\\\/schema\\\/person\\\/1c75a595e538894333ebe35c2bf6e23a\",\"name\":\"Heraldo de M\u00e9xico\",\"image\":{\"@type\":\"ImageObject\",\"inLanguage\":\"es\",\"@id\":\"https:\\\/\\\/secure.gravatar.com\\\/avatar\\\/6a6c40de68e5cf2d8aac15267bd2dad2b9fdeb309dac7c5a7c2bb87ed5b81cb6?s=96&d=mm&r=g\",\"url\":\"https:\\\/\\\/secure.gravatar.com\\\/avatar\\\/6a6c40de68e5cf2d8aac15267bd2dad2b9fdeb309dac7c5a7c2bb87ed5b81cb6?s=96&d=mm&r=g\",\"contentUrl\":\"https:\\\/\\\/secure.gravatar.com\\\/avatar\\\/6a6c40de68e5cf2d8aac15267bd2dad2b9fdeb309dac7c5a7c2bb87ed5b81cb6?s=96&d=mm&r=g\",\"caption\":\"Heraldo de M\u00e9xico\"},\"url\":\"https:\\\/\\\/fuentesfidedignas.com.mx\\\/index.php\\\/author\\\/heraldo\\\/\"}]}<\/script>\n<!-- \/ Yoast SEO plugin. -->","yoast_head_json":{"title":"Reportero cubre tr\u00e1gico accidente, pero v\u00edctimas eran sus hijos y suegro en Puebla | Video - Fuentes Fidedignas","robots":{"index":"index","follow":"follow","max-snippet":"max-snippet:-1","max-image-preview":"max-image-preview:large","max-video-preview":"max-video-preview:-1"},"canonical":"https:\/\/fuentesfidedignas.com.mx\/index.php\/2026\/04\/26\/reportero-cubre-tragico-accidente-pero-victimas-eran-sus-hijos-y-suegro-en-puebla-video\/","og_locale":"es_MX","og_type":"article","og_title":"Reportero cubre tr\u00e1gico accidente, pero v\u00edctimas eran sus hijos y suegro en Puebla | Video - Fuentes Fidedignas","og_description":"Usuarios en la plataforma X y compa\u00f1eros de otros medios de comunicaci\u00f3n han mostrado su solidaridad enviando mensajes de apoyo al corresponsal Un corresponsal de noticias vivi\u00f3 una de las experiencias m\u00e1s dif\u00edciles de su vida profesional al llegar al lugar donde supuestamente realizar\u00eda un reporte de rutina por un accidente de tr\u00e1nsito, el cual [&hellip;]","og_url":"https:\/\/fuentesfidedignas.com.mx\/index.php\/2026\/04\/26\/reportero-cubre-tragico-accidente-pero-victimas-eran-sus-hijos-y-suegro-en-puebla-video\/","og_site_name":"Fuentes Fidedignas","article_publisher":"https:\/\/www.facebook.com\/Fuentes-Fidedignas-368234489921644","article_published_time":"2026-04-26T08:51:00+00:00","og_image":[{"width":848,"height":477,"url":"https:\/\/fuentesfidedignas.com.mx\/wp-content\/uploads\/2026\/04\/f848x477-1164904_1222707_5050.jpg","type":"image\/jpeg"}],"author":"Heraldo de M\u00e9xico","twitter_card":"summary_large_image","twitter_creator":"@fidedignas","twitter_site":"@fidedignas","twitter_misc":{"Escrito por":"Heraldo de M\u00e9xico","Tiempo de lectura":"2 minutos"},"schema":{"@context":"https:\/\/schema.org","@graph":[{"@type":"Article","@id":"https:\/\/fuentesfidedignas.com.mx\/index.php\/2026\/04\/26\/reportero-cubre-tragico-accidente-pero-victimas-eran-sus-hijos-y-suegro-en-puebla-video\/#article","isPartOf":{"@id":"https:\/\/fuentesfidedignas.com.mx\/index.php\/2026\/04\/26\/reportero-cubre-tragico-accidente-pero-victimas-eran-sus-hijos-y-suegro-en-puebla-video\/"},"author":{"name":"Heraldo de M\u00e9xico","@id":"https:\/\/fuentesfidedignas.com.mx\/#\/schema\/person\/1c75a595e538894333ebe35c2bf6e23a"},"headline":"Reportero cubre tr\u00e1gico accidente, pero v\u00edctimas eran sus hijos y suegro en Puebla | Video","datePublished":"2026-04-26T08:51:00+00:00","mainEntityOfPage":{"@id":"https:\/\/fuentesfidedignas.com.mx\/index.php\/2026\/04\/26\/reportero-cubre-tragico-accidente-pero-victimas-eran-sus-hijos-y-suegro-en-puebla-video\/"},"wordCount":559,"commentCount":0,"publisher":{"@id":"https:\/\/fuentesfidedignas.com.mx\/#organization"},"image":{"@id":"https:\/\/fuentesfidedignas.com.mx\/index.php\/2026\/04\/26\/reportero-cubre-tragico-accidente-pero-victimas-eran-sus-hijos-y-suegro-en-puebla-video\/#primaryimage"},"thumbnailUrl":"https:\/\/fuentesfidedignas.com.mx\/wp-content\/uploads\/2026\/04\/f848x477-1164904_1222707_5050.jpg","articleSection":["LAS ASOMBROSAS"],"inLanguage":"es","potentialAction":[{"@type":"CommentAction","name":"Comment","target":["https:\/\/fuentesfidedignas.com.mx\/index.php\/2026\/04\/26\/reportero-cubre-tragico-accidente-pero-victimas-eran-sus-hijos-y-suegro-en-puebla-video\/#respond"]}]},{"@type":"WebPage","@id":"https:\/\/fuentesfidedignas.com.mx\/index.php\/2026\/04\/26\/reportero-cubre-tragico-accidente-pero-victimas-eran-sus-hijos-y-suegro-en-puebla-video\/","url":"https:\/\/fuentesfidedignas.com.mx\/index.php\/2026\/04\/26\/reportero-cubre-tragico-accidente-pero-victimas-eran-sus-hijos-y-suegro-en-puebla-video\/","name":"Reportero cubre tr\u00e1gico accidente, pero v\u00edctimas eran sus hijos y suegro en Puebla | Video - Fuentes Fidedignas","isPartOf":{"@id":"https:\/\/fuentesfidedignas.com.mx\/#website"},"primaryImageOfPage":{"@id":"https:\/\/fuentesfidedignas.com.mx\/index.php\/2026\/04\/26\/reportero-cubre-tragico-accidente-pero-victimas-eran-sus-hijos-y-suegro-en-puebla-video\/#primaryimage"},"image":{"@id":"https:\/\/fuentesfidedignas.com.mx\/index.php\/2026\/04\/26\/reportero-cubre-tragico-accidente-pero-victimas-eran-sus-hijos-y-suegro-en-puebla-video\/#primaryimage"},"thumbnailUrl":"https:\/\/fuentesfidedignas.com.mx\/wp-content\/uploads\/2026\/04\/f848x477-1164904_1222707_5050.jpg","datePublished":"2026-04-26T08:51:00+00:00","breadcrumb":{"@id":"https:\/\/fuentesfidedignas.com.mx\/index.php\/2026\/04\/26\/reportero-cubre-tragico-accidente-pero-victimas-eran-sus-hijos-y-suegro-en-puebla-video\/#breadcrumb"},"inLanguage":"es","potentialAction":[{"@type":"ReadAction","target":["https:\/\/fuentesfidedignas.com.mx\/index.php\/2026\/04\/26\/reportero-cubre-tragico-accidente-pero-victimas-eran-sus-hijos-y-suegro-en-puebla-video\/"]}]},{"@type":"ImageObject","inLanguage":"es","@id":"https:\/\/fuentesfidedignas.com.mx\/index.php\/2026\/04\/26\/reportero-cubre-tragico-accidente-pero-victimas-eran-sus-hijos-y-suegro-en-puebla-video\/#primaryimage","url":"https:\/\/fuentesfidedignas.com.mx\/wp-content\/uploads\/2026\/04\/f848x477-1164904_1222707_5050.jpg","contentUrl":"https:\/\/fuentesfidedignas.com.mx\/wp-content\/uploads\/2026\/04\/f848x477-1164904_1222707_5050.jpg","width":848,"height":477},{"@type":"BreadcrumbList","@id":"https:\/\/fuentesfidedignas.com.mx\/index.php\/2026\/04\/26\/reportero-cubre-tragico-accidente-pero-victimas-eran-sus-hijos-y-suegro-en-puebla-video\/#breadcrumb","itemListElement":[{"@type":"ListItem","position":1,"name":"Inicio","item":"https:\/\/fuentesfidedignas.com.mx\/"},{"@type":"ListItem","position":2,"name":"Reportero cubre tr\u00e1gico accidente, pero v\u00edctimas eran sus hijos y suegro en Puebla | Video"}]},{"@type":"WebSite","@id":"https:\/\/fuentesfidedignas.com.mx\/#website","url":"https:\/\/fuentesfidedignas.com.mx\/","name":"Fuentes Fidedignas","description":"Otro sitio realizado con WordPress","publisher":{"@id":"https:\/\/fuentesfidedignas.com.mx\/#organization"},"potentialAction":[{"@type":"SearchAction","target":{"@type":"EntryPoint","urlTemplate":"https:\/\/fuentesfidedignas.com.mx\/?s={search_term_string}"},"query-input":{"@type":"PropertyValueSpecification","valueRequired":true,"valueName":"search_term_string"}}],"inLanguage":"es"},{"@type":"Organization","@id":"https:\/\/fuentesfidedignas.com.mx\/#organization","name":"Fuentes Fidedignas","url":"https:\/\/fuentesfidedignas.com.mx\/","logo":{"@type":"ImageObject","inLanguage":"es","@id":"https:\/\/fuentesfidedignas.com.mx\/#\/schema\/logo\/image\/","url":"https:\/\/fuentesfidedignas.com.mx\/wp-content\/uploads\/2021\/04\/logo-retina.png","contentUrl":"https:\/\/fuentesfidedignas.com.mx\/wp-content\/uploads\/2021\/04\/logo-retina.png","width":280,"height":51,"caption":"Fuentes Fidedignas"},"image":{"@id":"https:\/\/fuentesfidedignas.com.mx\/#\/schema\/logo\/image\/"},"sameAs":["https:\/\/www.facebook.com\/Fuentes-Fidedignas-368234489921644","https:\/\/x.com\/fidedignas"]},{"@type":"Person","@id":"https:\/\/fuentesfidedignas.com.mx\/#\/schema\/person\/1c75a595e538894333ebe35c2bf6e23a","name":"Heraldo de M\u00e9xico","image":{"@type":"ImageObject","inLanguage":"es","@id":"https:\/\/secure.gravatar.com\/avatar\/6a6c40de68e5cf2d8aac15267bd2dad2b9fdeb309dac7c5a7c2bb87ed5b81cb6?s=96&d=mm&r=g","url":"https:\/\/secure.gravatar.com\/avatar\/6a6c40de68e5cf2d8aac15267bd2dad2b9fdeb309dac7c5a7c2bb87ed5b81cb6?s=96&d=mm&r=g","contentUrl":"https:\/\/secure.gravatar.com\/avatar\/6a6c40de68e5cf2d8aac15267bd2dad2b9fdeb309dac7c5a7c2bb87ed5b81cb6?s=96&d=mm&r=g","caption":"Heraldo de M\u00e9xico"},"url":"https:\/\/fuentesfidedignas.com.mx\/index.php\/author\/heraldo\/"}]}},"_links":{"self":[{"href":"https:\/\/fuentesfidedignas.com.mx\/index.php\/wp-json\/wp\/v2\/posts\/132128","targetHints":{"allow":["GET"]}}],"collection":[{"href":"https:\/\/fuentesfidedignas.com.mx\/index.php\/wp-json\/wp\/v2\/posts"}],"about":[{"href":"https:\/\/fuentesfidedignas.com.mx\/index.php\/wp-json\/wp\/v2\/types\/post"}],"author":[{"embeddable":true,"href":"https:\/\/fuentesfidedignas.com.mx\/index.php\/wp-json\/wp\/v2\/users\/37"}],"replies":[{"embeddable":true,"href":"https:\/\/fuentesfidedignas.com.mx\/index.php\/wp-json\/wp\/v2\/comments?post=132128"}],"version-history":[{"count":1,"href":"https:\/\/fuentesfidedignas.com.mx\/index.php\/wp-json\/wp\/v2\/posts\/132128\/revisions"}],"predecessor-version":[{"id":132130,"href":"https:\/\/fuentesfidedignas.com.mx\/index.php\/wp-json\/wp\/v2\/posts\/132128\/revisions\/132130"}],"wp:featuredmedia":[{"embeddable":true,"href":"https:\/\/fuentesfidedignas.com.mx\/index.php\/wp-json\/wp\/v2\/media\/132129"}],"wp:attachment":[{"href":"https:\/\/fuentesfidedignas.com.mx\/index.php\/wp-json\/wp\/v2\/media?parent=132128"}],"wp:term":[{"taxonomy":"category","embeddable":true,"href":"https:\/\/fuentesfidedignas.com.mx\/index.php\/wp-json\/wp\/v2\/categories?post=132128"},{"taxonomy":"post_tag","embeddable":true,"href":"https:\/\/fuentesfidedignas.com.mx\/index.php\/wp-json\/wp\/v2\/tags?post=132128"}],"curies":[{"name":"wp","href":"https:\/\/api.w.org\/{rel}","templated":true}]}}