{"id":13190,"date":"2021-09-22T09:02:24","date_gmt":"2021-09-22T16:02:24","guid":{"rendered":"https:\/\/fuentesfidedignas.com.mx\/?p=13190"},"modified":"2021-09-22T09:02:25","modified_gmt":"2021-09-22T16:02:25","slug":"variante-delta-obstaculo-para-abrir-frontera-con-mexico-eu","status":"publish","type":"post","link":"https:\/\/fuentesfidedignas.com.mx\/index.php\/2021\/09\/22\/variante-delta-obstaculo-para-abrir-frontera-con-mexico-eu\/","title":{"rendered":"Variante delta, obst\u00e1culo para abrir frontera con M\u00e9xico: EU"},"content":{"rendered":"\n<p><strong><em>Todas las personas deben evitar los cruces fronterizos por tierra a menos que el prop\u00f3sito sea considerado esencial<\/em><\/strong><\/p>\n\n\n\n<p>Ciudad de M\u00e9xico. El gobierno de Estados Unidos anunci\u00f3 que prolongar\u00e1 oficialmente al menos un mes m\u00e1s el cierre a la mayor\u00eda de los viajes en su frontera con M\u00e9xico.<\/p>\n\n\n\n<p>\u201cLa facilidad con la que se contagia la variante delta del Covid-19 ha generado un nuevo obst\u00e1culo para abrir la frontera entre nuestros dos pa\u00edses. A pesar de los perjuicios que se ocasionan a la econom\u00eda de las ciudades que colindan con M\u00e9xico, Estados Unidos debe prorrogar el Acuerdo de Restricci\u00f3n Fronteriza por lo menos hasta el 21 de octubre de 2021\u201d, dijo Edgar Ram\u00edrez, agregado del Departamento de Seguridad Nacional de Estados Unidos.<\/p>\n\n\n\n<p>En un mensaje difundido por la Embajada de Estados Unidos en M\u00e9xico, expres\u00f3 que siguiendo las recomendaciones de los Centros de Control de Enfermedades, todas las personas deben evitar los cruces fronterizos por tierra a menos que el prop\u00f3sito sea considerado esencial. \u201cLes recordamos que CBP (Oficina de Aduanas y Protecci\u00f3n Fronteriza, por sus siglas en ingl\u00e9s), anunci\u00f3 que cruzar la frontera por tierra exclusivamente para vacunarse no cumple con los criterios aceptables\u201d, puntualiz\u00f3.<\/p>\n\n\n\n<p>\u201cHuelga decir que la situaci\u00f3n actual a\u00fan no permite ir de compras, de paseo o a visitar a la familia del otro lado de la frontera. Y, en cuanto a personas con la intenci\u00f3n de ingresar de manera irregular, recuerden que la ley estadounidense exige la expulsi\u00f3n sumaria de aquellos que pueden implicar un riesgo a la salud de la ciudadan\u00eda. Mejor qu\u00e9dense en casa y mant\u00e9nganse a salvo\u201d.<\/p>\n","protected":false},"excerpt":{"rendered":"<p>Todas las personas deben evitar los cruces fronterizos por tierra a menos que el prop\u00f3sito sea considerado esencial Ciudad de M\u00e9xico. El gobierno de Estados Unidos anunci\u00f3 que prolongar\u00e1 oficialmente al menos un mes m\u00e1s el cierre a la mayor\u00eda de los viajes en su frontera con M\u00e9xico. \u201cLa facilidad con la que se contagia [&hellip;]<\/p>\n","protected":false},"author":45,"featured_media":13191,"comment_status":"open","ping_status":"open","sticky":false,"template":"","format":"standard","meta":{"tdm_status":"","tdm_grid_status":"","footnotes":""},"categories":[39],"tags":[],"class_list":{"0":"post-13190","1":"post","2":"type-post","3":"status-publish","4":"format-standard","5":"has-post-thumbnail","7":"category-noticias-nacionales"},"yoast_head":"<!-- This site is optimized with the Yoast SEO plugin v27.4 - https:\/\/yoast.com\/product\/yoast-seo-wordpress\/ -->\n<title>Variante delta, obst\u00e1culo para abrir frontera con M\u00e9xico: EU - Fuentes Fidedignas<\/title>\n<meta name=\"robots\" content=\"index, follow, max-snippet:-1, max-image-preview:large, max-video-preview:-1\" \/>\n<link rel=\"canonical\" href=\"https:\/\/fuentesfidedignas.com.mx\/index.php\/2021\/09\/22\/variante-delta-obstaculo-para-abrir-frontera-con-mexico-eu\/\" \/>\n<meta property=\"og:locale\" content=\"es_MX\" \/>\n<meta property=\"og:type\" content=\"article\" \/>\n<meta property=\"og:title\" content=\"Variante delta, obst\u00e1culo para abrir frontera con M\u00e9xico: EU - Fuentes Fidedignas\" \/>\n<meta property=\"og:description\" content=\"Todas las personas deben evitar los cruces fronterizos por tierra a menos que el prop\u00f3sito sea considerado esencial Ciudad de M\u00e9xico. El gobierno de Estados Unidos anunci\u00f3 que prolongar\u00e1 oficialmente al menos un mes m\u00e1s el cierre a la mayor\u00eda de los viajes en su frontera con M\u00e9xico. \u201cLa facilidad con la que se contagia [&hellip;]\" \/>\n<meta property=\"og:url\" content=\"https:\/\/fuentesfidedignas.com.mx\/index.php\/2021\/09\/22\/variante-delta-obstaculo-para-abrir-frontera-con-mexico-eu\/\" \/>\n<meta property=\"og:site_name\" content=\"Fuentes Fidedignas\" \/>\n<meta property=\"article:publisher\" content=\"https:\/\/www.facebook.com\/Fuentes-Fidedignas-368234489921644\" \/>\n<meta property=\"article:published_time\" content=\"2021-09-22T16:02:24+00:00\" \/>\n<meta property=\"article:modified_time\" content=\"2021-09-22T16:02:25+00:00\" \/>\n<meta property=\"og:image\" content=\"https:\/\/fuentesfidedignas.com.mx\/wp-content\/uploads\/2021\/09\/images-63.jpeg\" \/>\n\t<meta property=\"og:image:width\" content=\"678\" \/>\n\t<meta property=\"og:image:height\" content=\"452\" \/>\n\t<meta property=\"og:image:type\" content=\"image\/jpeg\" \/>\n<meta name=\"author\" content=\"La Jornada\" \/>\n<meta name=\"twitter:card\" content=\"summary_large_image\" \/>\n<meta name=\"twitter:creator\" content=\"@fidedignas\" \/>\n<meta name=\"twitter:site\" content=\"@fidedignas\" \/>\n<meta name=\"twitter:label1\" content=\"Escrito por\" \/>\n\t<meta name=\"twitter:data1\" content=\"La Jornada\" \/>\n\t<meta name=\"twitter:label2\" content=\"Tiempo de lectura\" \/>\n\t<meta name=\"twitter:data2\" content=\"2 minutos\" \/>\n<script type=\"application\/ld+json\" class=\"yoast-schema-graph\">{\"@context\":\"https:\\\/\\\/schema.org\",\"@graph\":[{\"@type\":\"Article\",\"@id\":\"https:\\\/\\\/fuentesfidedignas.com.mx\\\/index.php\\\/2021\\\/09\\\/22\\\/variante-delta-obstaculo-para-abrir-frontera-con-mexico-eu\\\/#article\",\"isPartOf\":{\"@id\":\"https:\\\/\\\/fuentesfidedignas.com.mx\\\/index.php\\\/2021\\\/09\\\/22\\\/variante-delta-obstaculo-para-abrir-frontera-con-mexico-eu\\\/\"},\"author\":{\"name\":\"La Jornada\",\"@id\":\"https:\\\/\\\/fuentesfidedignas.com.mx\\\/#\\\/schema\\\/person\\\/87eacee4072e149fccc7de67f9634f35\"},\"headline\":\"Variante delta, obst\u00e1culo para abrir frontera con M\u00e9xico: EU\",\"datePublished\":\"2021-09-22T16:02:24+00:00\",\"dateModified\":\"2021-09-22T16:02:25+00:00\",\"mainEntityOfPage\":{\"@id\":\"https:\\\/\\\/fuentesfidedignas.com.mx\\\/index.php\\\/2021\\\/09\\\/22\\\/variante-delta-obstaculo-para-abrir-frontera-con-mexico-eu\\\/\"},\"wordCount\":296,\"commentCount\":0,\"publisher\":{\"@id\":\"https:\\\/\\\/fuentesfidedignas.com.mx\\\/#organization\"},\"image\":{\"@id\":\"https:\\\/\\\/fuentesfidedignas.com.mx\\\/index.php\\\/2021\\\/09\\\/22\\\/variante-delta-obstaculo-para-abrir-frontera-con-mexico-eu\\\/#primaryimage\"},\"thumbnailUrl\":\"https:\\\/\\\/fuentesfidedignas.com.mx\\\/wp-content\\\/uploads\\\/2021\\\/09\\\/images-63.jpeg\",\"articleSection\":[\"NOTICIAS NACIONALES\"],\"inLanguage\":\"es\",\"potentialAction\":[{\"@type\":\"CommentAction\",\"name\":\"Comment\",\"target\":[\"https:\\\/\\\/fuentesfidedignas.com.mx\\\/index.php\\\/2021\\\/09\\\/22\\\/variante-delta-obstaculo-para-abrir-frontera-con-mexico-eu\\\/#respond\"]}]},{\"@type\":\"WebPage\",\"@id\":\"https:\\\/\\\/fuentesfidedignas.com.mx\\\/index.php\\\/2021\\\/09\\\/22\\\/variante-delta-obstaculo-para-abrir-frontera-con-mexico-eu\\\/\",\"url\":\"https:\\\/\\\/fuentesfidedignas.com.mx\\\/index.php\\\/2021\\\/09\\\/22\\\/variante-delta-obstaculo-para-abrir-frontera-con-mexico-eu\\\/\",\"name\":\"Variante delta, obst\u00e1culo para abrir frontera con M\u00e9xico: EU - Fuentes Fidedignas\",\"isPartOf\":{\"@id\":\"https:\\\/\\\/fuentesfidedignas.com.mx\\\/#website\"},\"primaryImageOfPage\":{\"@id\":\"https:\\\/\\\/fuentesfidedignas.com.mx\\\/index.php\\\/2021\\\/09\\\/22\\\/variante-delta-obstaculo-para-abrir-frontera-con-mexico-eu\\\/#primaryimage\"},\"image\":{\"@id\":\"https:\\\/\\\/fuentesfidedignas.com.mx\\\/index.php\\\/2021\\\/09\\\/22\\\/variante-delta-obstaculo-para-abrir-frontera-con-mexico-eu\\\/#primaryimage\"},\"thumbnailUrl\":\"https:\\\/\\\/fuentesfidedignas.com.mx\\\/wp-content\\\/uploads\\\/2021\\\/09\\\/images-63.jpeg\",\"datePublished\":\"2021-09-22T16:02:24+00:00\",\"dateModified\":\"2021-09-22T16:02:25+00:00\",\"breadcrumb\":{\"@id\":\"https:\\\/\\\/fuentesfidedignas.com.mx\\\/index.php\\\/2021\\\/09\\\/22\\\/variante-delta-obstaculo-para-abrir-frontera-con-mexico-eu\\\/#breadcrumb\"},\"inLanguage\":\"es\",\"potentialAction\":[{\"@type\":\"ReadAction\",\"target\":[\"https:\\\/\\\/fuentesfidedignas.com.mx\\\/index.php\\\/2021\\\/09\\\/22\\\/variante-delta-obstaculo-para-abrir-frontera-con-mexico-eu\\\/\"]}]},{\"@type\":\"ImageObject\",\"inLanguage\":\"es\",\"@id\":\"https:\\\/\\\/fuentesfidedignas.com.mx\\\/index.php\\\/2021\\\/09\\\/22\\\/variante-delta-obstaculo-para-abrir-frontera-con-mexico-eu\\\/#primaryimage\",\"url\":\"https:\\\/\\\/fuentesfidedignas.com.mx\\\/wp-content\\\/uploads\\\/2021\\\/09\\\/images-63.jpeg\",\"contentUrl\":\"https:\\\/\\\/fuentesfidedignas.com.mx\\\/wp-content\\\/uploads\\\/2021\\\/09\\\/images-63.jpeg\",\"width\":678,\"height\":452},{\"@type\":\"BreadcrumbList\",\"@id\":\"https:\\\/\\\/fuentesfidedignas.com.mx\\\/index.php\\\/2021\\\/09\\\/22\\\/variante-delta-obstaculo-para-abrir-frontera-con-mexico-eu\\\/#breadcrumb\",\"itemListElement\":[{\"@type\":\"ListItem\",\"position\":1,\"name\":\"Inicio\",\"item\":\"https:\\\/\\\/fuentesfidedignas.com.mx\\\/\"},{\"@type\":\"ListItem\",\"position\":2,\"name\":\"Variante delta, obst\u00e1culo para abrir frontera con M\u00e9xico: EU\"}]},{\"@type\":\"WebSite\",\"@id\":\"https:\\\/\\\/fuentesfidedignas.com.mx\\\/#website\",\"url\":\"https:\\\/\\\/fuentesfidedignas.com.mx\\\/\",\"name\":\"Fuentes Fidedignas\",\"description\":\"Otro sitio realizado con WordPress\",\"publisher\":{\"@id\":\"https:\\\/\\\/fuentesfidedignas.com.mx\\\/#organization\"},\"potentialAction\":[{\"@type\":\"SearchAction\",\"target\":{\"@type\":\"EntryPoint\",\"urlTemplate\":\"https:\\\/\\\/fuentesfidedignas.com.mx\\\/?s={search_term_string}\"},\"query-input\":{\"@type\":\"PropertyValueSpecification\",\"valueRequired\":true,\"valueName\":\"search_term_string\"}}],\"inLanguage\":\"es\"},{\"@type\":\"Organization\",\"@id\":\"https:\\\/\\\/fuentesfidedignas.com.mx\\\/#organization\",\"name\":\"Fuentes Fidedignas\",\"url\":\"https:\\\/\\\/fuentesfidedignas.com.mx\\\/\",\"logo\":{\"@type\":\"ImageObject\",\"inLanguage\":\"es\",\"@id\":\"https:\\\/\\\/fuentesfidedignas.com.mx\\\/#\\\/schema\\\/logo\\\/image\\\/\",\"url\":\"https:\\\/\\\/fuentesfidedignas.com.mx\\\/wp-content\\\/uploads\\\/2021\\\/04\\\/logo-retina.png\",\"contentUrl\":\"https:\\\/\\\/fuentesfidedignas.com.mx\\\/wp-content\\\/uploads\\\/2021\\\/04\\\/logo-retina.png\",\"width\":280,\"height\":51,\"caption\":\"Fuentes Fidedignas\"},\"image\":{\"@id\":\"https:\\\/\\\/fuentesfidedignas.com.mx\\\/#\\\/schema\\\/logo\\\/image\\\/\"},\"sameAs\":[\"https:\\\/\\\/www.facebook.com\\\/Fuentes-Fidedignas-368234489921644\",\"https:\\\/\\\/x.com\\\/fidedignas\"]},{\"@type\":\"Person\",\"@id\":\"https:\\\/\\\/fuentesfidedignas.com.mx\\\/#\\\/schema\\\/person\\\/87eacee4072e149fccc7de67f9634f35\",\"name\":\"La Jornada\",\"image\":{\"@type\":\"ImageObject\",\"inLanguage\":\"es\",\"@id\":\"https:\\\/\\\/secure.gravatar.com\\\/avatar\\\/2b09f15a418e222775ffd645761e3fcecd1fb9d7a38a3ba858adf349aab82c7c?s=96&d=mm&r=g\",\"url\":\"https:\\\/\\\/secure.gravatar.com\\\/avatar\\\/2b09f15a418e222775ffd645761e3fcecd1fb9d7a38a3ba858adf349aab82c7c?s=96&d=mm&r=g\",\"contentUrl\":\"https:\\\/\\\/secure.gravatar.com\\\/avatar\\\/2b09f15a418e222775ffd645761e3fcecd1fb9d7a38a3ba858adf349aab82c7c?s=96&d=mm&r=g\",\"caption\":\"La Jornada\"},\"url\":\"https:\\\/\\\/fuentesfidedignas.com.mx\\\/index.php\\\/author\\\/jornada\\\/\"}]}<\/script>\n<!-- \/ Yoast SEO plugin. -->","yoast_head_json":{"title":"Variante delta, obst\u00e1culo para abrir frontera con M\u00e9xico: EU - Fuentes Fidedignas","robots":{"index":"index","follow":"follow","max-snippet":"max-snippet:-1","max-image-preview":"max-image-preview:large","max-video-preview":"max-video-preview:-1"},"canonical":"https:\/\/fuentesfidedignas.com.mx\/index.php\/2021\/09\/22\/variante-delta-obstaculo-para-abrir-frontera-con-mexico-eu\/","og_locale":"es_MX","og_type":"article","og_title":"Variante delta, obst\u00e1culo para abrir frontera con M\u00e9xico: EU - Fuentes Fidedignas","og_description":"Todas las personas deben evitar los cruces fronterizos por tierra a menos que el prop\u00f3sito sea considerado esencial Ciudad de M\u00e9xico. El gobierno de Estados Unidos anunci\u00f3 que prolongar\u00e1 oficialmente al menos un mes m\u00e1s el cierre a la mayor\u00eda de los viajes en su frontera con M\u00e9xico. \u201cLa facilidad con la que se contagia [&hellip;]","og_url":"https:\/\/fuentesfidedignas.com.mx\/index.php\/2021\/09\/22\/variante-delta-obstaculo-para-abrir-frontera-con-mexico-eu\/","og_site_name":"Fuentes Fidedignas","article_publisher":"https:\/\/www.facebook.com\/Fuentes-Fidedignas-368234489921644","article_published_time":"2021-09-22T16:02:24+00:00","article_modified_time":"2021-09-22T16:02:25+00:00","og_image":[{"width":678,"height":452,"url":"https:\/\/fuentesfidedignas.com.mx\/wp-content\/uploads\/2021\/09\/images-63.jpeg","type":"image\/jpeg"}],"author":"La Jornada","twitter_card":"summary_large_image","twitter_creator":"@fidedignas","twitter_site":"@fidedignas","twitter_misc":{"Escrito por":"La Jornada","Tiempo de lectura":"2 minutos"},"schema":{"@context":"https:\/\/schema.org","@graph":[{"@type":"Article","@id":"https:\/\/fuentesfidedignas.com.mx\/index.php\/2021\/09\/22\/variante-delta-obstaculo-para-abrir-frontera-con-mexico-eu\/#article","isPartOf":{"@id":"https:\/\/fuentesfidedignas.com.mx\/index.php\/2021\/09\/22\/variante-delta-obstaculo-para-abrir-frontera-con-mexico-eu\/"},"author":{"name":"La Jornada","@id":"https:\/\/fuentesfidedignas.com.mx\/#\/schema\/person\/87eacee4072e149fccc7de67f9634f35"},"headline":"Variante delta, obst\u00e1culo para abrir frontera con M\u00e9xico: EU","datePublished":"2021-09-22T16:02:24+00:00","dateModified":"2021-09-22T16:02:25+00:00","mainEntityOfPage":{"@id":"https:\/\/fuentesfidedignas.com.mx\/index.php\/2021\/09\/22\/variante-delta-obstaculo-para-abrir-frontera-con-mexico-eu\/"},"wordCount":296,"commentCount":0,"publisher":{"@id":"https:\/\/fuentesfidedignas.com.mx\/#organization"},"image":{"@id":"https:\/\/fuentesfidedignas.com.mx\/index.php\/2021\/09\/22\/variante-delta-obstaculo-para-abrir-frontera-con-mexico-eu\/#primaryimage"},"thumbnailUrl":"https:\/\/fuentesfidedignas.com.mx\/wp-content\/uploads\/2021\/09\/images-63.jpeg","articleSection":["NOTICIAS NACIONALES"],"inLanguage":"es","potentialAction":[{"@type":"CommentAction","name":"Comment","target":["https:\/\/fuentesfidedignas.com.mx\/index.php\/2021\/09\/22\/variante-delta-obstaculo-para-abrir-frontera-con-mexico-eu\/#respond"]}]},{"@type":"WebPage","@id":"https:\/\/fuentesfidedignas.com.mx\/index.php\/2021\/09\/22\/variante-delta-obstaculo-para-abrir-frontera-con-mexico-eu\/","url":"https:\/\/fuentesfidedignas.com.mx\/index.php\/2021\/09\/22\/variante-delta-obstaculo-para-abrir-frontera-con-mexico-eu\/","name":"Variante delta, obst\u00e1culo para abrir frontera con M\u00e9xico: EU - Fuentes Fidedignas","isPartOf":{"@id":"https:\/\/fuentesfidedignas.com.mx\/#website"},"primaryImageOfPage":{"@id":"https:\/\/fuentesfidedignas.com.mx\/index.php\/2021\/09\/22\/variante-delta-obstaculo-para-abrir-frontera-con-mexico-eu\/#primaryimage"},"image":{"@id":"https:\/\/fuentesfidedignas.com.mx\/index.php\/2021\/09\/22\/variante-delta-obstaculo-para-abrir-frontera-con-mexico-eu\/#primaryimage"},"thumbnailUrl":"https:\/\/fuentesfidedignas.com.mx\/wp-content\/uploads\/2021\/09\/images-63.jpeg","datePublished":"2021-09-22T16:02:24+00:00","dateModified":"2021-09-22T16:02:25+00:00","breadcrumb":{"@id":"https:\/\/fuentesfidedignas.com.mx\/index.php\/2021\/09\/22\/variante-delta-obstaculo-para-abrir-frontera-con-mexico-eu\/#breadcrumb"},"inLanguage":"es","potentialAction":[{"@type":"ReadAction","target":["https:\/\/fuentesfidedignas.com.mx\/index.php\/2021\/09\/22\/variante-delta-obstaculo-para-abrir-frontera-con-mexico-eu\/"]}]},{"@type":"ImageObject","inLanguage":"es","@id":"https:\/\/fuentesfidedignas.com.mx\/index.php\/2021\/09\/22\/variante-delta-obstaculo-para-abrir-frontera-con-mexico-eu\/#primaryimage","url":"https:\/\/fuentesfidedignas.com.mx\/wp-content\/uploads\/2021\/09\/images-63.jpeg","contentUrl":"https:\/\/fuentesfidedignas.com.mx\/wp-content\/uploads\/2021\/09\/images-63.jpeg","width":678,"height":452},{"@type":"BreadcrumbList","@id":"https:\/\/fuentesfidedignas.com.mx\/index.php\/2021\/09\/22\/variante-delta-obstaculo-para-abrir-frontera-con-mexico-eu\/#breadcrumb","itemListElement":[{"@type":"ListItem","position":1,"name":"Inicio","item":"https:\/\/fuentesfidedignas.com.mx\/"},{"@type":"ListItem","position":2,"name":"Variante delta, obst\u00e1culo para abrir frontera con M\u00e9xico: EU"}]},{"@type":"WebSite","@id":"https:\/\/fuentesfidedignas.com.mx\/#website","url":"https:\/\/fuentesfidedignas.com.mx\/","name":"Fuentes Fidedignas","description":"Otro sitio realizado con WordPress","publisher":{"@id":"https:\/\/fuentesfidedignas.com.mx\/#organization"},"potentialAction":[{"@type":"SearchAction","target":{"@type":"EntryPoint","urlTemplate":"https:\/\/fuentesfidedignas.com.mx\/?s={search_term_string}"},"query-input":{"@type":"PropertyValueSpecification","valueRequired":true,"valueName":"search_term_string"}}],"inLanguage":"es"},{"@type":"Organization","@id":"https:\/\/fuentesfidedignas.com.mx\/#organization","name":"Fuentes Fidedignas","url":"https:\/\/fuentesfidedignas.com.mx\/","logo":{"@type":"ImageObject","inLanguage":"es","@id":"https:\/\/fuentesfidedignas.com.mx\/#\/schema\/logo\/image\/","url":"https:\/\/fuentesfidedignas.com.mx\/wp-content\/uploads\/2021\/04\/logo-retina.png","contentUrl":"https:\/\/fuentesfidedignas.com.mx\/wp-content\/uploads\/2021\/04\/logo-retina.png","width":280,"height":51,"caption":"Fuentes Fidedignas"},"image":{"@id":"https:\/\/fuentesfidedignas.com.mx\/#\/schema\/logo\/image\/"},"sameAs":["https:\/\/www.facebook.com\/Fuentes-Fidedignas-368234489921644","https:\/\/x.com\/fidedignas"]},{"@type":"Person","@id":"https:\/\/fuentesfidedignas.com.mx\/#\/schema\/person\/87eacee4072e149fccc7de67f9634f35","name":"La Jornada","image":{"@type":"ImageObject","inLanguage":"es","@id":"https:\/\/secure.gravatar.com\/avatar\/2b09f15a418e222775ffd645761e3fcecd1fb9d7a38a3ba858adf349aab82c7c?s=96&d=mm&r=g","url":"https:\/\/secure.gravatar.com\/avatar\/2b09f15a418e222775ffd645761e3fcecd1fb9d7a38a3ba858adf349aab82c7c?s=96&d=mm&r=g","contentUrl":"https:\/\/secure.gravatar.com\/avatar\/2b09f15a418e222775ffd645761e3fcecd1fb9d7a38a3ba858adf349aab82c7c?s=96&d=mm&r=g","caption":"La Jornada"},"url":"https:\/\/fuentesfidedignas.com.mx\/index.php\/author\/jornada\/"}]}},"_links":{"self":[{"href":"https:\/\/fuentesfidedignas.com.mx\/index.php\/wp-json\/wp\/v2\/posts\/13190","targetHints":{"allow":["GET"]}}],"collection":[{"href":"https:\/\/fuentesfidedignas.com.mx\/index.php\/wp-json\/wp\/v2\/posts"}],"about":[{"href":"https:\/\/fuentesfidedignas.com.mx\/index.php\/wp-json\/wp\/v2\/types\/post"}],"author":[{"embeddable":true,"href":"https:\/\/fuentesfidedignas.com.mx\/index.php\/wp-json\/wp\/v2\/users\/45"}],"replies":[{"embeddable":true,"href":"https:\/\/fuentesfidedignas.com.mx\/index.php\/wp-json\/wp\/v2\/comments?post=13190"}],"version-history":[{"count":1,"href":"https:\/\/fuentesfidedignas.com.mx\/index.php\/wp-json\/wp\/v2\/posts\/13190\/revisions"}],"predecessor-version":[{"id":13192,"href":"https:\/\/fuentesfidedignas.com.mx\/index.php\/wp-json\/wp\/v2\/posts\/13190\/revisions\/13192"}],"wp:featuredmedia":[{"embeddable":true,"href":"https:\/\/fuentesfidedignas.com.mx\/index.php\/wp-json\/wp\/v2\/media\/13191"}],"wp:attachment":[{"href":"https:\/\/fuentesfidedignas.com.mx\/index.php\/wp-json\/wp\/v2\/media?parent=13190"}],"wp:term":[{"taxonomy":"category","embeddable":true,"href":"https:\/\/fuentesfidedignas.com.mx\/index.php\/wp-json\/wp\/v2\/categories?post=13190"},{"taxonomy":"post_tag","embeddable":true,"href":"https:\/\/fuentesfidedignas.com.mx\/index.php\/wp-json\/wp\/v2\/tags?post=13190"}],"curies":[{"name":"wp","href":"https:\/\/api.w.org\/{rel}","templated":true}]}}