{"id":13175,"date":"2021-09-22T06:40:33","date_gmt":"2021-09-22T13:40:33","guid":{"rendered":"https:\/\/fuentesfidedignas.com.mx\/?p=13175"},"modified":"2021-09-22T06:44:09","modified_gmt":"2021-09-22T13:44:09","slug":"balean-a-pareja-acompanada-de-un-menor-afuera-de-plaza-comercial-en-culiacan","status":"publish","type":"post","link":"https:\/\/fuentesfidedignas.com.mx\/index.php\/2021\/09\/22\/balean-a-pareja-acompanada-de-un-menor-afuera-de-plaza-comercial-en-culiacan\/","title":{"rendered":"Balean a pareja acompa\u00f1ada de un menor afuera de plaza comercial en Culiac\u00e1n"},"content":{"rendered":"\n<p><br><strong><em>Muri\u00f3 un hombre mayor de 60 a\u00f1os, una mujer de 22 fue herida y el ni\u00f1o result\u00f3 ileso<\/em><\/strong><br><\/p>\n\n\n\n<p>Culiac\u00e1n, Sin.- Un hombre de 60 a\u00f1os, una mujer de 35 y una persona menor de edad fueron atacados a balazos en la plaza comercial del desarrollo Urbano de Tres R\u00edos en Culiac\u00e1n, Sinaloa.<\/p>\n\n\n\n<p>El hombre perdi\u00f3 la vida y la mujer result\u00f3 herida, pero el ni\u00f1o sali\u00f3 ileso del ataque.<\/p>\n\n\n\n<p>Detienen en Tijuana a Edgar P\u00e9rez Villa, &#8220;Cabo 89&#8221;, presunto l\u00edder operativo del c\u00e1rtel de Sinaloa<\/p>\n\n\n\n<p>Las v\u00edctimas se encontraban en el interior de una camioneta Nissan Pick-Up gris oscuro, en el estacionamiento de la plaza comercial, cuando fueron atacados, alrededor de las 13:00 horas del lunes.<\/p>\n\n\n\n<p>El hombre fue identificado como Arnulfo \u201cN\u201d, mayor de 60 a\u00f1os, y la mujer como Ang\u00e9lica \u201cN\u201d, de 22 a\u00f1os.<\/p>\n\n\n\n<p>De acuerdo con la polic\u00eda municipal de Culiac\u00e1n, el ni\u00f1o de un a\u00f1o result\u00f3 ileso; la mujer fue herida en un brazo, por lo que se le traslad\u00f3 a un hospital para recibir atenci\u00f3n m\u00e9dica.<\/p>\n\n\n\n<p>Se desconoce el m\u00f3vil del ataque, por lo que la Fiscal\u00eda General de Justicia de Sinaloa mantiene acordonada la zona mientras realiza las indagatorias pertinentes.<\/p>\n\n\n\n<p>\u201cLos elementos que informaron inicialmente del evento \u00fanicamente apreciaron dos casquillos, tal parece que s\u00ed fue un ataque directo contra esta persona. No son originarios de aqu\u00ed, Sinaloa, son del estado de Durango y ser\u00e1 cuesti\u00f3n de que la Fiscal\u00eda General del Estado tenga m\u00e1s informaci\u00f3n\u201d, se\u00f1al\u00f3.<\/p>\n\n\n\n<p><\/p>\n","protected":false},"excerpt":{"rendered":"<p>Muri\u00f3 un hombre mayor de 60 a\u00f1os, una mujer de 22 fue herida y el ni\u00f1o result\u00f3 ileso Culiac\u00e1n, Sin.- Un hombre de 60 a\u00f1os, una mujer de 35 y una persona menor de edad fueron atacados a balazos en la plaza comercial del desarrollo Urbano de Tres R\u00edos en Culiac\u00e1n, Sinaloa. El hombre perdi\u00f3 [&hellip;]<\/p>\n","protected":false},"author":50,"featured_media":13177,"comment_status":"open","ping_status":"open","sticky":false,"template":"","format":"standard","meta":{"tdm_status":"","tdm_grid_status":"","footnotes":""},"categories":[38],"tags":[],"class_list":{"0":"post-13175","1":"post","2":"type-post","3":"status-publish","4":"format-standard","5":"has-post-thumbnail","7":"category-noticias-locales"},"yoast_head":"<!-- This site is optimized with the Yoast SEO plugin v27.4 - https:\/\/yoast.com\/product\/yoast-seo-wordpress\/ -->\n<title>Balean a pareja acompa\u00f1ada de un menor afuera de plaza comercial en Culiac\u00e1n - Fuentes Fidedignas<\/title>\n<meta name=\"robots\" content=\"index, follow, max-snippet:-1, max-image-preview:large, max-video-preview:-1\" \/>\n<link rel=\"canonical\" href=\"https:\/\/fuentesfidedignas.com.mx\/index.php\/2021\/09\/22\/balean-a-pareja-acompanada-de-un-menor-afuera-de-plaza-comercial-en-culiacan\/\" \/>\n<meta property=\"og:locale\" content=\"es_MX\" \/>\n<meta property=\"og:type\" content=\"article\" \/>\n<meta property=\"og:title\" content=\"Balean a pareja acompa\u00f1ada de un menor afuera de plaza comercial en Culiac\u00e1n - Fuentes Fidedignas\" \/>\n<meta property=\"og:description\" content=\"Muri\u00f3 un hombre mayor de 60 a\u00f1os, una mujer de 22 fue herida y el ni\u00f1o result\u00f3 ileso Culiac\u00e1n, Sin.- Un hombre de 60 a\u00f1os, una mujer de 35 y una persona menor de edad fueron atacados a balazos en la plaza comercial del desarrollo Urbano de Tres R\u00edos en Culiac\u00e1n, Sinaloa. El hombre perdi\u00f3 [&hellip;]\" \/>\n<meta property=\"og:url\" content=\"https:\/\/fuentesfidedignas.com.mx\/index.php\/2021\/09\/22\/balean-a-pareja-acompanada-de-un-menor-afuera-de-plaza-comercial-en-culiacan\/\" \/>\n<meta property=\"og:site_name\" content=\"Fuentes Fidedignas\" \/>\n<meta property=\"article:publisher\" content=\"https:\/\/www.facebook.com\/Fuentes-Fidedignas-368234489921644\" \/>\n<meta property=\"article:published_time\" content=\"2021-09-22T13:40:33+00:00\" \/>\n<meta property=\"article:modified_time\" content=\"2021-09-22T13:44:09+00:00\" \/>\n<meta property=\"og:image\" content=\"https:\/\/fuentesfidedignas.com.mx\/wp-content\/uploads\/2021\/09\/balean.jpg\" \/>\n\t<meta property=\"og:image:width\" content=\"800\" \/>\n\t<meta property=\"og:image:height\" content=\"450\" \/>\n\t<meta property=\"og:image:type\" content=\"image\/jpeg\" \/>\n<meta name=\"author\" content=\"Proceso\" \/>\n<meta name=\"twitter:card\" content=\"summary_large_image\" \/>\n<meta name=\"twitter:creator\" content=\"@fidedignas\" \/>\n<meta name=\"twitter:site\" content=\"@fidedignas\" \/>\n<meta name=\"twitter:label1\" content=\"Escrito por\" \/>\n\t<meta name=\"twitter:data1\" content=\"Proceso\" \/>\n\t<meta name=\"twitter:label2\" content=\"Tiempo de lectura\" \/>\n\t<meta name=\"twitter:data2\" content=\"2 minutos\" \/>\n<script type=\"application\/ld+json\" class=\"yoast-schema-graph\">{\"@context\":\"https:\\\/\\\/schema.org\",\"@graph\":[{\"@type\":\"Article\",\"@id\":\"https:\\\/\\\/fuentesfidedignas.com.mx\\\/index.php\\\/2021\\\/09\\\/22\\\/balean-a-pareja-acompanada-de-un-menor-afuera-de-plaza-comercial-en-culiacan\\\/#article\",\"isPartOf\":{\"@id\":\"https:\\\/\\\/fuentesfidedignas.com.mx\\\/index.php\\\/2021\\\/09\\\/22\\\/balean-a-pareja-acompanada-de-un-menor-afuera-de-plaza-comercial-en-culiacan\\\/\"},\"author\":{\"name\":\"Proceso\",\"@id\":\"https:\\\/\\\/fuentesfidedignas.com.mx\\\/#\\\/schema\\\/person\\\/eb72247ff123b3ce5e4cadc7f50ae372\"},\"headline\":\"Balean a pareja acompa\u00f1ada de un menor afuera de plaza comercial en Culiac\u00e1n\",\"datePublished\":\"2021-09-22T13:40:33+00:00\",\"dateModified\":\"2021-09-22T13:44:09+00:00\",\"mainEntityOfPage\":{\"@id\":\"https:\\\/\\\/fuentesfidedignas.com.mx\\\/index.php\\\/2021\\\/09\\\/22\\\/balean-a-pareja-acompanada-de-un-menor-afuera-de-plaza-comercial-en-culiacan\\\/\"},\"wordCount\":278,\"commentCount\":0,\"publisher\":{\"@id\":\"https:\\\/\\\/fuentesfidedignas.com.mx\\\/#organization\"},\"image\":{\"@id\":\"https:\\\/\\\/fuentesfidedignas.com.mx\\\/index.php\\\/2021\\\/09\\\/22\\\/balean-a-pareja-acompanada-de-un-menor-afuera-de-plaza-comercial-en-culiacan\\\/#primaryimage\"},\"thumbnailUrl\":\"https:\\\/\\\/fuentesfidedignas.com.mx\\\/wp-content\\\/uploads\\\/2021\\\/09\\\/balean.jpg\",\"articleSection\":[\"NOTICIAS LOCALES\"],\"inLanguage\":\"es\",\"potentialAction\":[{\"@type\":\"CommentAction\",\"name\":\"Comment\",\"target\":[\"https:\\\/\\\/fuentesfidedignas.com.mx\\\/index.php\\\/2021\\\/09\\\/22\\\/balean-a-pareja-acompanada-de-un-menor-afuera-de-plaza-comercial-en-culiacan\\\/#respond\"]}]},{\"@type\":\"WebPage\",\"@id\":\"https:\\\/\\\/fuentesfidedignas.com.mx\\\/index.php\\\/2021\\\/09\\\/22\\\/balean-a-pareja-acompanada-de-un-menor-afuera-de-plaza-comercial-en-culiacan\\\/\",\"url\":\"https:\\\/\\\/fuentesfidedignas.com.mx\\\/index.php\\\/2021\\\/09\\\/22\\\/balean-a-pareja-acompanada-de-un-menor-afuera-de-plaza-comercial-en-culiacan\\\/\",\"name\":\"Balean a pareja acompa\u00f1ada de un menor afuera de plaza comercial en Culiac\u00e1n - Fuentes Fidedignas\",\"isPartOf\":{\"@id\":\"https:\\\/\\\/fuentesfidedignas.com.mx\\\/#website\"},\"primaryImageOfPage\":{\"@id\":\"https:\\\/\\\/fuentesfidedignas.com.mx\\\/index.php\\\/2021\\\/09\\\/22\\\/balean-a-pareja-acompanada-de-un-menor-afuera-de-plaza-comercial-en-culiacan\\\/#primaryimage\"},\"image\":{\"@id\":\"https:\\\/\\\/fuentesfidedignas.com.mx\\\/index.php\\\/2021\\\/09\\\/22\\\/balean-a-pareja-acompanada-de-un-menor-afuera-de-plaza-comercial-en-culiacan\\\/#primaryimage\"},\"thumbnailUrl\":\"https:\\\/\\\/fuentesfidedignas.com.mx\\\/wp-content\\\/uploads\\\/2021\\\/09\\\/balean.jpg\",\"datePublished\":\"2021-09-22T13:40:33+00:00\",\"dateModified\":\"2021-09-22T13:44:09+00:00\",\"breadcrumb\":{\"@id\":\"https:\\\/\\\/fuentesfidedignas.com.mx\\\/index.php\\\/2021\\\/09\\\/22\\\/balean-a-pareja-acompanada-de-un-menor-afuera-de-plaza-comercial-en-culiacan\\\/#breadcrumb\"},\"inLanguage\":\"es\",\"potentialAction\":[{\"@type\":\"ReadAction\",\"target\":[\"https:\\\/\\\/fuentesfidedignas.com.mx\\\/index.php\\\/2021\\\/09\\\/22\\\/balean-a-pareja-acompanada-de-un-menor-afuera-de-plaza-comercial-en-culiacan\\\/\"]}]},{\"@type\":\"ImageObject\",\"inLanguage\":\"es\",\"@id\":\"https:\\\/\\\/fuentesfidedignas.com.mx\\\/index.php\\\/2021\\\/09\\\/22\\\/balean-a-pareja-acompanada-de-un-menor-afuera-de-plaza-comercial-en-culiacan\\\/#primaryimage\",\"url\":\"https:\\\/\\\/fuentesfidedignas.com.mx\\\/wp-content\\\/uploads\\\/2021\\\/09\\\/balean.jpg\",\"contentUrl\":\"https:\\\/\\\/fuentesfidedignas.com.mx\\\/wp-content\\\/uploads\\\/2021\\\/09\\\/balean.jpg\",\"width\":800,\"height\":450},{\"@type\":\"BreadcrumbList\",\"@id\":\"https:\\\/\\\/fuentesfidedignas.com.mx\\\/index.php\\\/2021\\\/09\\\/22\\\/balean-a-pareja-acompanada-de-un-menor-afuera-de-plaza-comercial-en-culiacan\\\/#breadcrumb\",\"itemListElement\":[{\"@type\":\"ListItem\",\"position\":1,\"name\":\"Inicio\",\"item\":\"https:\\\/\\\/fuentesfidedignas.com.mx\\\/\"},{\"@type\":\"ListItem\",\"position\":2,\"name\":\"Balean a pareja acompa\u00f1ada de un menor afuera de plaza comercial en Culiac\u00e1n\"}]},{\"@type\":\"WebSite\",\"@id\":\"https:\\\/\\\/fuentesfidedignas.com.mx\\\/#website\",\"url\":\"https:\\\/\\\/fuentesfidedignas.com.mx\\\/\",\"name\":\"Fuentes Fidedignas\",\"description\":\"Otro sitio realizado con WordPress\",\"publisher\":{\"@id\":\"https:\\\/\\\/fuentesfidedignas.com.mx\\\/#organization\"},\"potentialAction\":[{\"@type\":\"SearchAction\",\"target\":{\"@type\":\"EntryPoint\",\"urlTemplate\":\"https:\\\/\\\/fuentesfidedignas.com.mx\\\/?s={search_term_string}\"},\"query-input\":{\"@type\":\"PropertyValueSpecification\",\"valueRequired\":true,\"valueName\":\"search_term_string\"}}],\"inLanguage\":\"es\"},{\"@type\":\"Organization\",\"@id\":\"https:\\\/\\\/fuentesfidedignas.com.mx\\\/#organization\",\"name\":\"Fuentes Fidedignas\",\"url\":\"https:\\\/\\\/fuentesfidedignas.com.mx\\\/\",\"logo\":{\"@type\":\"ImageObject\",\"inLanguage\":\"es\",\"@id\":\"https:\\\/\\\/fuentesfidedignas.com.mx\\\/#\\\/schema\\\/logo\\\/image\\\/\",\"url\":\"https:\\\/\\\/fuentesfidedignas.com.mx\\\/wp-content\\\/uploads\\\/2021\\\/04\\\/logo-retina.png\",\"contentUrl\":\"https:\\\/\\\/fuentesfidedignas.com.mx\\\/wp-content\\\/uploads\\\/2021\\\/04\\\/logo-retina.png\",\"width\":280,\"height\":51,\"caption\":\"Fuentes Fidedignas\"},\"image\":{\"@id\":\"https:\\\/\\\/fuentesfidedignas.com.mx\\\/#\\\/schema\\\/logo\\\/image\\\/\"},\"sameAs\":[\"https:\\\/\\\/www.facebook.com\\\/Fuentes-Fidedignas-368234489921644\",\"https:\\\/\\\/x.com\\\/fidedignas\"]},{\"@type\":\"Person\",\"@id\":\"https:\\\/\\\/fuentesfidedignas.com.mx\\\/#\\\/schema\\\/person\\\/eb72247ff123b3ce5e4cadc7f50ae372\",\"name\":\"Proceso\",\"image\":{\"@type\":\"ImageObject\",\"inLanguage\":\"es\",\"@id\":\"https:\\\/\\\/secure.gravatar.com\\\/avatar\\\/0bb01ecb091d50a46122cbe5cc32ffea15a000f83628f1e40458e669d38ff2cd?s=96&d=mm&r=g\",\"url\":\"https:\\\/\\\/secure.gravatar.com\\\/avatar\\\/0bb01ecb091d50a46122cbe5cc32ffea15a000f83628f1e40458e669d38ff2cd?s=96&d=mm&r=g\",\"contentUrl\":\"https:\\\/\\\/secure.gravatar.com\\\/avatar\\\/0bb01ecb091d50a46122cbe5cc32ffea15a000f83628f1e40458e669d38ff2cd?s=96&d=mm&r=g\",\"caption\":\"Proceso\"},\"url\":\"https:\\\/\\\/fuentesfidedignas.com.mx\\\/index.php\\\/author\\\/proceso\\\/\"}]}<\/script>\n<!-- \/ Yoast SEO plugin. -->","yoast_head_json":{"title":"Balean a pareja acompa\u00f1ada de un menor afuera de plaza comercial en Culiac\u00e1n - Fuentes Fidedignas","robots":{"index":"index","follow":"follow","max-snippet":"max-snippet:-1","max-image-preview":"max-image-preview:large","max-video-preview":"max-video-preview:-1"},"canonical":"https:\/\/fuentesfidedignas.com.mx\/index.php\/2021\/09\/22\/balean-a-pareja-acompanada-de-un-menor-afuera-de-plaza-comercial-en-culiacan\/","og_locale":"es_MX","og_type":"article","og_title":"Balean a pareja acompa\u00f1ada de un menor afuera de plaza comercial en Culiac\u00e1n - Fuentes Fidedignas","og_description":"Muri\u00f3 un hombre mayor de 60 a\u00f1os, una mujer de 22 fue herida y el ni\u00f1o result\u00f3 ileso Culiac\u00e1n, Sin.- Un hombre de 60 a\u00f1os, una mujer de 35 y una persona menor de edad fueron atacados a balazos en la plaza comercial del desarrollo Urbano de Tres R\u00edos en Culiac\u00e1n, Sinaloa. El hombre perdi\u00f3 [&hellip;]","og_url":"https:\/\/fuentesfidedignas.com.mx\/index.php\/2021\/09\/22\/balean-a-pareja-acompanada-de-un-menor-afuera-de-plaza-comercial-en-culiacan\/","og_site_name":"Fuentes Fidedignas","article_publisher":"https:\/\/www.facebook.com\/Fuentes-Fidedignas-368234489921644","article_published_time":"2021-09-22T13:40:33+00:00","article_modified_time":"2021-09-22T13:44:09+00:00","og_image":[{"width":800,"height":450,"url":"https:\/\/fuentesfidedignas.com.mx\/wp-content\/uploads\/2021\/09\/balean.jpg","type":"image\/jpeg"}],"author":"Proceso","twitter_card":"summary_large_image","twitter_creator":"@fidedignas","twitter_site":"@fidedignas","twitter_misc":{"Escrito por":"Proceso","Tiempo de lectura":"2 minutos"},"schema":{"@context":"https:\/\/schema.org","@graph":[{"@type":"Article","@id":"https:\/\/fuentesfidedignas.com.mx\/index.php\/2021\/09\/22\/balean-a-pareja-acompanada-de-un-menor-afuera-de-plaza-comercial-en-culiacan\/#article","isPartOf":{"@id":"https:\/\/fuentesfidedignas.com.mx\/index.php\/2021\/09\/22\/balean-a-pareja-acompanada-de-un-menor-afuera-de-plaza-comercial-en-culiacan\/"},"author":{"name":"Proceso","@id":"https:\/\/fuentesfidedignas.com.mx\/#\/schema\/person\/eb72247ff123b3ce5e4cadc7f50ae372"},"headline":"Balean a pareja acompa\u00f1ada de un menor afuera de plaza comercial en Culiac\u00e1n","datePublished":"2021-09-22T13:40:33+00:00","dateModified":"2021-09-22T13:44:09+00:00","mainEntityOfPage":{"@id":"https:\/\/fuentesfidedignas.com.mx\/index.php\/2021\/09\/22\/balean-a-pareja-acompanada-de-un-menor-afuera-de-plaza-comercial-en-culiacan\/"},"wordCount":278,"commentCount":0,"publisher":{"@id":"https:\/\/fuentesfidedignas.com.mx\/#organization"},"image":{"@id":"https:\/\/fuentesfidedignas.com.mx\/index.php\/2021\/09\/22\/balean-a-pareja-acompanada-de-un-menor-afuera-de-plaza-comercial-en-culiacan\/#primaryimage"},"thumbnailUrl":"https:\/\/fuentesfidedignas.com.mx\/wp-content\/uploads\/2021\/09\/balean.jpg","articleSection":["NOTICIAS LOCALES"],"inLanguage":"es","potentialAction":[{"@type":"CommentAction","name":"Comment","target":["https:\/\/fuentesfidedignas.com.mx\/index.php\/2021\/09\/22\/balean-a-pareja-acompanada-de-un-menor-afuera-de-plaza-comercial-en-culiacan\/#respond"]}]},{"@type":"WebPage","@id":"https:\/\/fuentesfidedignas.com.mx\/index.php\/2021\/09\/22\/balean-a-pareja-acompanada-de-un-menor-afuera-de-plaza-comercial-en-culiacan\/","url":"https:\/\/fuentesfidedignas.com.mx\/index.php\/2021\/09\/22\/balean-a-pareja-acompanada-de-un-menor-afuera-de-plaza-comercial-en-culiacan\/","name":"Balean a pareja acompa\u00f1ada de un menor afuera de plaza comercial en Culiac\u00e1n - Fuentes Fidedignas","isPartOf":{"@id":"https:\/\/fuentesfidedignas.com.mx\/#website"},"primaryImageOfPage":{"@id":"https:\/\/fuentesfidedignas.com.mx\/index.php\/2021\/09\/22\/balean-a-pareja-acompanada-de-un-menor-afuera-de-plaza-comercial-en-culiacan\/#primaryimage"},"image":{"@id":"https:\/\/fuentesfidedignas.com.mx\/index.php\/2021\/09\/22\/balean-a-pareja-acompanada-de-un-menor-afuera-de-plaza-comercial-en-culiacan\/#primaryimage"},"thumbnailUrl":"https:\/\/fuentesfidedignas.com.mx\/wp-content\/uploads\/2021\/09\/balean.jpg","datePublished":"2021-09-22T13:40:33+00:00","dateModified":"2021-09-22T13:44:09+00:00","breadcrumb":{"@id":"https:\/\/fuentesfidedignas.com.mx\/index.php\/2021\/09\/22\/balean-a-pareja-acompanada-de-un-menor-afuera-de-plaza-comercial-en-culiacan\/#breadcrumb"},"inLanguage":"es","potentialAction":[{"@type":"ReadAction","target":["https:\/\/fuentesfidedignas.com.mx\/index.php\/2021\/09\/22\/balean-a-pareja-acompanada-de-un-menor-afuera-de-plaza-comercial-en-culiacan\/"]}]},{"@type":"ImageObject","inLanguage":"es","@id":"https:\/\/fuentesfidedignas.com.mx\/index.php\/2021\/09\/22\/balean-a-pareja-acompanada-de-un-menor-afuera-de-plaza-comercial-en-culiacan\/#primaryimage","url":"https:\/\/fuentesfidedignas.com.mx\/wp-content\/uploads\/2021\/09\/balean.jpg","contentUrl":"https:\/\/fuentesfidedignas.com.mx\/wp-content\/uploads\/2021\/09\/balean.jpg","width":800,"height":450},{"@type":"BreadcrumbList","@id":"https:\/\/fuentesfidedignas.com.mx\/index.php\/2021\/09\/22\/balean-a-pareja-acompanada-de-un-menor-afuera-de-plaza-comercial-en-culiacan\/#breadcrumb","itemListElement":[{"@type":"ListItem","position":1,"name":"Inicio","item":"https:\/\/fuentesfidedignas.com.mx\/"},{"@type":"ListItem","position":2,"name":"Balean a pareja acompa\u00f1ada de un menor afuera de plaza comercial en Culiac\u00e1n"}]},{"@type":"WebSite","@id":"https:\/\/fuentesfidedignas.com.mx\/#website","url":"https:\/\/fuentesfidedignas.com.mx\/","name":"Fuentes Fidedignas","description":"Otro sitio realizado con WordPress","publisher":{"@id":"https:\/\/fuentesfidedignas.com.mx\/#organization"},"potentialAction":[{"@type":"SearchAction","target":{"@type":"EntryPoint","urlTemplate":"https:\/\/fuentesfidedignas.com.mx\/?s={search_term_string}"},"query-input":{"@type":"PropertyValueSpecification","valueRequired":true,"valueName":"search_term_string"}}],"inLanguage":"es"},{"@type":"Organization","@id":"https:\/\/fuentesfidedignas.com.mx\/#organization","name":"Fuentes Fidedignas","url":"https:\/\/fuentesfidedignas.com.mx\/","logo":{"@type":"ImageObject","inLanguage":"es","@id":"https:\/\/fuentesfidedignas.com.mx\/#\/schema\/logo\/image\/","url":"https:\/\/fuentesfidedignas.com.mx\/wp-content\/uploads\/2021\/04\/logo-retina.png","contentUrl":"https:\/\/fuentesfidedignas.com.mx\/wp-content\/uploads\/2021\/04\/logo-retina.png","width":280,"height":51,"caption":"Fuentes Fidedignas"},"image":{"@id":"https:\/\/fuentesfidedignas.com.mx\/#\/schema\/logo\/image\/"},"sameAs":["https:\/\/www.facebook.com\/Fuentes-Fidedignas-368234489921644","https:\/\/x.com\/fidedignas"]},{"@type":"Person","@id":"https:\/\/fuentesfidedignas.com.mx\/#\/schema\/person\/eb72247ff123b3ce5e4cadc7f50ae372","name":"Proceso","image":{"@type":"ImageObject","inLanguage":"es","@id":"https:\/\/secure.gravatar.com\/avatar\/0bb01ecb091d50a46122cbe5cc32ffea15a000f83628f1e40458e669d38ff2cd?s=96&d=mm&r=g","url":"https:\/\/secure.gravatar.com\/avatar\/0bb01ecb091d50a46122cbe5cc32ffea15a000f83628f1e40458e669d38ff2cd?s=96&d=mm&r=g","contentUrl":"https:\/\/secure.gravatar.com\/avatar\/0bb01ecb091d50a46122cbe5cc32ffea15a000f83628f1e40458e669d38ff2cd?s=96&d=mm&r=g","caption":"Proceso"},"url":"https:\/\/fuentesfidedignas.com.mx\/index.php\/author\/proceso\/"}]}},"_links":{"self":[{"href":"https:\/\/fuentesfidedignas.com.mx\/index.php\/wp-json\/wp\/v2\/posts\/13175","targetHints":{"allow":["GET"]}}],"collection":[{"href":"https:\/\/fuentesfidedignas.com.mx\/index.php\/wp-json\/wp\/v2\/posts"}],"about":[{"href":"https:\/\/fuentesfidedignas.com.mx\/index.php\/wp-json\/wp\/v2\/types\/post"}],"author":[{"embeddable":true,"href":"https:\/\/fuentesfidedignas.com.mx\/index.php\/wp-json\/wp\/v2\/users\/50"}],"replies":[{"embeddable":true,"href":"https:\/\/fuentesfidedignas.com.mx\/index.php\/wp-json\/wp\/v2\/comments?post=13175"}],"version-history":[{"count":3,"href":"https:\/\/fuentesfidedignas.com.mx\/index.php\/wp-json\/wp\/v2\/posts\/13175\/revisions"}],"predecessor-version":[{"id":13180,"href":"https:\/\/fuentesfidedignas.com.mx\/index.php\/wp-json\/wp\/v2\/posts\/13175\/revisions\/13180"}],"wp:featuredmedia":[{"embeddable":true,"href":"https:\/\/fuentesfidedignas.com.mx\/index.php\/wp-json\/wp\/v2\/media\/13177"}],"wp:attachment":[{"href":"https:\/\/fuentesfidedignas.com.mx\/index.php\/wp-json\/wp\/v2\/media?parent=13175"}],"wp:term":[{"taxonomy":"category","embeddable":true,"href":"https:\/\/fuentesfidedignas.com.mx\/index.php\/wp-json\/wp\/v2\/categories?post=13175"},{"taxonomy":"post_tag","embeddable":true,"href":"https:\/\/fuentesfidedignas.com.mx\/index.php\/wp-json\/wp\/v2\/tags?post=13175"}],"curies":[{"name":"wp","href":"https:\/\/api.w.org\/{rel}","templated":true}]}}