{"id":1311,"date":"2021-05-07T07:11:52","date_gmt":"2021-05-07T14:11:52","guid":{"rendered":"https:\/\/fuentesfidedignas.com.mx\/?p=1311"},"modified":"2021-05-07T07:11:54","modified_gmt":"2021-05-07T14:11:54","slug":"la-nasa-advierte-que-mexico-vive-la-peor-sequia-en-decadas","status":"publish","type":"post","link":"https:\/\/fuentesfidedignas.com.mx\/index.php\/2021\/05\/07\/la-nasa-advierte-que-mexico-vive-la-peor-sequia-en-decadas\/","title":{"rendered":"La NASA advierte que M\u00e9xico vive la peor sequ\u00eda en d\u00e9cadas"},"content":{"rendered":"\n<p><strong><em>Seg\u00fan las autoridades de la capital del pa\u00eds, se trata de la situaci\u00f3n m\u00e1s extrema de los \u00faltimos 30 a\u00f1os.<\/em><\/strong><\/p>\n\n\n\n<p>Ciudad de M\u00e9xico.- Im\u00e1genes satelitales reveladas por la NASA muestran como la falta de lluvias provoca una hist\u00f3rica sequ\u00eda en M\u00e9xico, que mantiene sus represas en niveles muy bajos. De acuerdo con los datos, el 15 de abril el 85 % del pa\u00eds atravesaba una crisis por falta de agua.<\/p>\n\n\n\n<p>La situaci\u00f3n fue definida por la alcaldesa de la Ciudad de M\u00e9xico, Claudia Sheinbaum, como la peor sequ\u00eda de los \u00faltimos 30 a\u00f1os y los datos brindados este mi\u00e9rcoles 5 de mayo por la NASA apuntan en sentido similar. En base a im\u00e1genes satelitales, la agencia espacial de EE.UU. detall\u00f3 que el nivel de agua acumulado en unas 60 represas del centro y del norte del pa\u00eds no llega al 25 % de su capacidad.<\/p>\n\n\n\n<p>Otro punto del an\u00e1lisis realizado por la NASA es el \u00cdndice de Estr\u00e9s Evaporativo (ESI por sus siglas en ingl\u00e9s), que eval\u00faa la temperatura de la superficie terrestre tomada desde los sat\u00e9lites de la Administraci\u00f3n Nacional Oce\u00e1nica y Atmosf\u00e9rica, m\u00e1s datos utilizados para estimar la evapotranspiraci\u00f3n, es decir, cu\u00e1nta agua se evapora de la tierra y de las hojas de las plantas.<\/p>\n\n\n\n<p>Teniendo en cuenta los cambios de la temperatura, al analizar las 12 semanas que van desde principios de febrero hasta fines de abril, se obtuvieron valores de la tasa de evapotranspiraci\u00f3n que est\u00e1n por debajo de los normales. Esto significa que la humedad del suelo no es la adecuada para la vegetaci\u00f3n, lo que afecta las cosechas.<\/p>\n\n\n\n<p><strong>La posible llegada de las lluvias<\/strong><br>La falta de precipitaciones, vinculada con el fen\u00f3meno de La Ni\u00f1a, comenz\u00f3 en los \u00faltimos meses del a\u00f1o pasado, lo que ocasion\u00f3 que las lluvias fuesen 20 % menores a lo normal. Seg\u00fan las estimaciones meteorol\u00f3gicas mexicanas, esta situaci\u00f3n reci\u00e9n podr\u00eda comenzar a modificarse el mes pr\u00f3ximo, en coincidencia con la temporada de huracanes, que suelen provocar intensas precipitaciones.<\/p>\n\n\n\n<p>Ya a mediados de abril la directora general de la Comisi\u00f3n Nacional del Agua, Blanca Jim\u00e9nez Cisneros, hab\u00eda afirmado que marzo de este a\u00f1o fue uno de los m\u00e1s secos de la historia, ya que se ubic\u00f3 en el lugar 71 de los 81 monitoreados desde 1941.<\/p>\n","protected":false},"excerpt":{"rendered":"<p>Seg\u00fan las autoridades de la capital del pa\u00eds, se trata de la situaci\u00f3n m\u00e1s extrema de los \u00faltimos 30 a\u00f1os. Ciudad de M\u00e9xico.- Im\u00e1genes satelitales reveladas por la NASA muestran como la falta de lluvias provoca una hist\u00f3rica sequ\u00eda en M\u00e9xico, que mantiene sus represas en niveles muy bajos. De acuerdo con los datos, el [&hellip;]<\/p>\n","protected":false},"author":38,"featured_media":1312,"comment_status":"open","ping_status":"open","sticky":false,"template":"","format":"standard","meta":{"tdm_status":"","tdm_grid_status":"","footnotes":""},"categories":[39],"tags":[313,311,312,249],"class_list":{"0":"post-1311","1":"post","2":"type-post","3":"status-publish","4":"format-standard","5":"has-post-thumbnail","7":"category-noticias-nacionales","8":"tag-la-nina","9":"tag-mexico","10":"tag-nasa","11":"tag-sequia"},"yoast_head":"<!-- This site is optimized with the Yoast SEO plugin v27.5 - https:\/\/yoast.com\/product\/yoast-seo-wordpress\/ -->\n<title>La NASA advierte que M\u00e9xico vive la peor sequ\u00eda en d\u00e9cadas - Fuentes Fidedignas<\/title>\n<meta name=\"robots\" content=\"index, follow, max-snippet:-1, max-image-preview:large, max-video-preview:-1\" \/>\n<link rel=\"canonical\" href=\"https:\/\/fuentesfidedignas.com.mx\/index.php\/2021\/05\/07\/la-nasa-advierte-que-mexico-vive-la-peor-sequia-en-decadas\/\" \/>\n<meta property=\"og:locale\" content=\"es_MX\" \/>\n<meta property=\"og:type\" content=\"article\" \/>\n<meta property=\"og:title\" content=\"La NASA advierte que M\u00e9xico vive la peor sequ\u00eda en d\u00e9cadas - Fuentes Fidedignas\" \/>\n<meta property=\"og:description\" content=\"Seg\u00fan las autoridades de la capital del pa\u00eds, se trata de la situaci\u00f3n m\u00e1s extrema de los \u00faltimos 30 a\u00f1os. Ciudad de M\u00e9xico.- Im\u00e1genes satelitales reveladas por la NASA muestran como la falta de lluvias provoca una hist\u00f3rica sequ\u00eda en M\u00e9xico, que mantiene sus represas en niveles muy bajos. De acuerdo con los datos, el [&hellip;]\" \/>\n<meta property=\"og:url\" content=\"https:\/\/fuentesfidedignas.com.mx\/index.php\/2021\/05\/07\/la-nasa-advierte-que-mexico-vive-la-peor-sequia-en-decadas\/\" \/>\n<meta property=\"og:site_name\" content=\"Fuentes Fidedignas\" \/>\n<meta property=\"article:publisher\" content=\"https:\/\/www.facebook.com\/Fuentes-Fidedignas-368234489921644\" \/>\n<meta property=\"article:published_time\" content=\"2021-05-07T14:11:52+00:00\" \/>\n<meta property=\"article:modified_time\" content=\"2021-05-07T14:11:54+00:00\" \/>\n<meta property=\"og:image\" content=\"https:\/\/fuentesfidedignas.com.mx\/wp-content\/uploads\/2021\/05\/SEQUIA.jpg\" \/>\n\t<meta property=\"og:image:width\" content=\"1104\" \/>\n\t<meta property=\"og:image:height\" content=\"622\" \/>\n\t<meta property=\"og:image:type\" content=\"image\/jpeg\" \/>\n<meta name=\"author\" content=\"Actualidad RT\" \/>\n<meta name=\"twitter:card\" content=\"summary_large_image\" \/>\n<meta name=\"twitter:creator\" content=\"@fidedignas\" \/>\n<meta name=\"twitter:site\" content=\"@fidedignas\" \/>\n<meta name=\"twitter:label1\" content=\"Escrito por\" \/>\n\t<meta name=\"twitter:data1\" content=\"Actualidad RT\" \/>\n\t<meta name=\"twitter:label2\" content=\"Tiempo de lectura\" \/>\n\t<meta name=\"twitter:data2\" content=\"2 minutos\" \/>\n<script type=\"application\/ld+json\" class=\"yoast-schema-graph\">{\"@context\":\"https:\\\/\\\/schema.org\",\"@graph\":[{\"@type\":\"Article\",\"@id\":\"https:\\\/\\\/fuentesfidedignas.com.mx\\\/index.php\\\/2021\\\/05\\\/07\\\/la-nasa-advierte-que-mexico-vive-la-peor-sequia-en-decadas\\\/#article\",\"isPartOf\":{\"@id\":\"https:\\\/\\\/fuentesfidedignas.com.mx\\\/index.php\\\/2021\\\/05\\\/07\\\/la-nasa-advierte-que-mexico-vive-la-peor-sequia-en-decadas\\\/\"},\"author\":{\"name\":\"Actualidad RT\",\"@id\":\"https:\\\/\\\/fuentesfidedignas.com.mx\\\/#\\\/schema\\\/person\\\/eade03a5d4a96f9b557ac266e3d63718\"},\"headline\":\"La NASA advierte que M\u00e9xico vive la peor sequ\u00eda en d\u00e9cadas\",\"datePublished\":\"2021-05-07T14:11:52+00:00\",\"dateModified\":\"2021-05-07T14:11:54+00:00\",\"mainEntityOfPage\":{\"@id\":\"https:\\\/\\\/fuentesfidedignas.com.mx\\\/index.php\\\/2021\\\/05\\\/07\\\/la-nasa-advierte-que-mexico-vive-la-peor-sequia-en-decadas\\\/\"},\"wordCount\":423,\"commentCount\":0,\"publisher\":{\"@id\":\"https:\\\/\\\/fuentesfidedignas.com.mx\\\/#organization\"},\"image\":{\"@id\":\"https:\\\/\\\/fuentesfidedignas.com.mx\\\/index.php\\\/2021\\\/05\\\/07\\\/la-nasa-advierte-que-mexico-vive-la-peor-sequia-en-decadas\\\/#primaryimage\"},\"thumbnailUrl\":\"https:\\\/\\\/fuentesfidedignas.com.mx\\\/wp-content\\\/uploads\\\/2021\\\/05\\\/SEQUIA.jpg\",\"keywords\":[\"La Ni\u00f1a\",\"M\u00e9xico\",\"NASA\",\"Sequ\u00eda\"],\"articleSection\":[\"NOTICIAS NACIONALES\"],\"inLanguage\":\"es\",\"potentialAction\":[{\"@type\":\"CommentAction\",\"name\":\"Comment\",\"target\":[\"https:\\\/\\\/fuentesfidedignas.com.mx\\\/index.php\\\/2021\\\/05\\\/07\\\/la-nasa-advierte-que-mexico-vive-la-peor-sequia-en-decadas\\\/#respond\"]}]},{\"@type\":\"WebPage\",\"@id\":\"https:\\\/\\\/fuentesfidedignas.com.mx\\\/index.php\\\/2021\\\/05\\\/07\\\/la-nasa-advierte-que-mexico-vive-la-peor-sequia-en-decadas\\\/\",\"url\":\"https:\\\/\\\/fuentesfidedignas.com.mx\\\/index.php\\\/2021\\\/05\\\/07\\\/la-nasa-advierte-que-mexico-vive-la-peor-sequia-en-decadas\\\/\",\"name\":\"La NASA advierte que M\u00e9xico vive la peor sequ\u00eda en d\u00e9cadas - Fuentes Fidedignas\",\"isPartOf\":{\"@id\":\"https:\\\/\\\/fuentesfidedignas.com.mx\\\/#website\"},\"primaryImageOfPage\":{\"@id\":\"https:\\\/\\\/fuentesfidedignas.com.mx\\\/index.php\\\/2021\\\/05\\\/07\\\/la-nasa-advierte-que-mexico-vive-la-peor-sequia-en-decadas\\\/#primaryimage\"},\"image\":{\"@id\":\"https:\\\/\\\/fuentesfidedignas.com.mx\\\/index.php\\\/2021\\\/05\\\/07\\\/la-nasa-advierte-que-mexico-vive-la-peor-sequia-en-decadas\\\/#primaryimage\"},\"thumbnailUrl\":\"https:\\\/\\\/fuentesfidedignas.com.mx\\\/wp-content\\\/uploads\\\/2021\\\/05\\\/SEQUIA.jpg\",\"datePublished\":\"2021-05-07T14:11:52+00:00\",\"dateModified\":\"2021-05-07T14:11:54+00:00\",\"breadcrumb\":{\"@id\":\"https:\\\/\\\/fuentesfidedignas.com.mx\\\/index.php\\\/2021\\\/05\\\/07\\\/la-nasa-advierte-que-mexico-vive-la-peor-sequia-en-decadas\\\/#breadcrumb\"},\"inLanguage\":\"es\",\"potentialAction\":[{\"@type\":\"ReadAction\",\"target\":[\"https:\\\/\\\/fuentesfidedignas.com.mx\\\/index.php\\\/2021\\\/05\\\/07\\\/la-nasa-advierte-que-mexico-vive-la-peor-sequia-en-decadas\\\/\"]}]},{\"@type\":\"ImageObject\",\"inLanguage\":\"es\",\"@id\":\"https:\\\/\\\/fuentesfidedignas.com.mx\\\/index.php\\\/2021\\\/05\\\/07\\\/la-nasa-advierte-que-mexico-vive-la-peor-sequia-en-decadas\\\/#primaryimage\",\"url\":\"https:\\\/\\\/fuentesfidedignas.com.mx\\\/wp-content\\\/uploads\\\/2021\\\/05\\\/SEQUIA.jpg\",\"contentUrl\":\"https:\\\/\\\/fuentesfidedignas.com.mx\\\/wp-content\\\/uploads\\\/2021\\\/05\\\/SEQUIA.jpg\",\"width\":1104,\"height\":622},{\"@type\":\"BreadcrumbList\",\"@id\":\"https:\\\/\\\/fuentesfidedignas.com.mx\\\/index.php\\\/2021\\\/05\\\/07\\\/la-nasa-advierte-que-mexico-vive-la-peor-sequia-en-decadas\\\/#breadcrumb\",\"itemListElement\":[{\"@type\":\"ListItem\",\"position\":1,\"name\":\"Inicio\",\"item\":\"https:\\\/\\\/fuentesfidedignas.com.mx\\\/\"},{\"@type\":\"ListItem\",\"position\":2,\"name\":\"La NASA advierte que M\u00e9xico vive la peor sequ\u00eda en d\u00e9cadas\"}]},{\"@type\":\"WebSite\",\"@id\":\"https:\\\/\\\/fuentesfidedignas.com.mx\\\/#website\",\"url\":\"https:\\\/\\\/fuentesfidedignas.com.mx\\\/\",\"name\":\"Fuentes Fidedignas\",\"description\":\"Otro sitio realizado con WordPress\",\"publisher\":{\"@id\":\"https:\\\/\\\/fuentesfidedignas.com.mx\\\/#organization\"},\"potentialAction\":[{\"@type\":\"SearchAction\",\"target\":{\"@type\":\"EntryPoint\",\"urlTemplate\":\"https:\\\/\\\/fuentesfidedignas.com.mx\\\/?s={search_term_string}\"},\"query-input\":{\"@type\":\"PropertyValueSpecification\",\"valueRequired\":true,\"valueName\":\"search_term_string\"}}],\"inLanguage\":\"es\"},{\"@type\":\"Organization\",\"@id\":\"https:\\\/\\\/fuentesfidedignas.com.mx\\\/#organization\",\"name\":\"Fuentes Fidedignas\",\"url\":\"https:\\\/\\\/fuentesfidedignas.com.mx\\\/\",\"logo\":{\"@type\":\"ImageObject\",\"inLanguage\":\"es\",\"@id\":\"https:\\\/\\\/fuentesfidedignas.com.mx\\\/#\\\/schema\\\/logo\\\/image\\\/\",\"url\":\"https:\\\/\\\/fuentesfidedignas.com.mx\\\/wp-content\\\/uploads\\\/2021\\\/04\\\/logo-retina.png\",\"contentUrl\":\"https:\\\/\\\/fuentesfidedignas.com.mx\\\/wp-content\\\/uploads\\\/2021\\\/04\\\/logo-retina.png\",\"width\":280,\"height\":51,\"caption\":\"Fuentes Fidedignas\"},\"image\":{\"@id\":\"https:\\\/\\\/fuentesfidedignas.com.mx\\\/#\\\/schema\\\/logo\\\/image\\\/\"},\"sameAs\":[\"https:\\\/\\\/www.facebook.com\\\/Fuentes-Fidedignas-368234489921644\",\"https:\\\/\\\/x.com\\\/fidedignas\"]},{\"@type\":\"Person\",\"@id\":\"https:\\\/\\\/fuentesfidedignas.com.mx\\\/#\\\/schema\\\/person\\\/eade03a5d4a96f9b557ac266e3d63718\",\"name\":\"Actualidad RT\",\"image\":{\"@type\":\"ImageObject\",\"inLanguage\":\"es\",\"@id\":\"https:\\\/\\\/secure.gravatar.com\\\/avatar\\\/443e88260a6a7111cf83d7014ab1894f91a4053ffd4e9da37d79effad3a35c81?s=96&d=mm&r=g\",\"url\":\"https:\\\/\\\/secure.gravatar.com\\\/avatar\\\/443e88260a6a7111cf83d7014ab1894f91a4053ffd4e9da37d79effad3a35c81?s=96&d=mm&r=g\",\"contentUrl\":\"https:\\\/\\\/secure.gravatar.com\\\/avatar\\\/443e88260a6a7111cf83d7014ab1894f91a4053ffd4e9da37d79effad3a35c81?s=96&d=mm&r=g\",\"caption\":\"Actualidad RT\"},\"url\":\"https:\\\/\\\/fuentesfidedignas.com.mx\\\/index.php\\\/author\\\/actualidad\\\/\"}]}<\/script>\n<!-- \/ Yoast SEO plugin. -->","yoast_head_json":{"title":"La NASA advierte que M\u00e9xico vive la peor sequ\u00eda en d\u00e9cadas - Fuentes Fidedignas","robots":{"index":"index","follow":"follow","max-snippet":"max-snippet:-1","max-image-preview":"max-image-preview:large","max-video-preview":"max-video-preview:-1"},"canonical":"https:\/\/fuentesfidedignas.com.mx\/index.php\/2021\/05\/07\/la-nasa-advierte-que-mexico-vive-la-peor-sequia-en-decadas\/","og_locale":"es_MX","og_type":"article","og_title":"La NASA advierte que M\u00e9xico vive la peor sequ\u00eda en d\u00e9cadas - Fuentes Fidedignas","og_description":"Seg\u00fan las autoridades de la capital del pa\u00eds, se trata de la situaci\u00f3n m\u00e1s extrema de los \u00faltimos 30 a\u00f1os. Ciudad de M\u00e9xico.- Im\u00e1genes satelitales reveladas por la NASA muestran como la falta de lluvias provoca una hist\u00f3rica sequ\u00eda en M\u00e9xico, que mantiene sus represas en niveles muy bajos. De acuerdo con los datos, el [&hellip;]","og_url":"https:\/\/fuentesfidedignas.com.mx\/index.php\/2021\/05\/07\/la-nasa-advierte-que-mexico-vive-la-peor-sequia-en-decadas\/","og_site_name":"Fuentes Fidedignas","article_publisher":"https:\/\/www.facebook.com\/Fuentes-Fidedignas-368234489921644","article_published_time":"2021-05-07T14:11:52+00:00","article_modified_time":"2021-05-07T14:11:54+00:00","og_image":[{"width":1104,"height":622,"url":"https:\/\/fuentesfidedignas.com.mx\/wp-content\/uploads\/2021\/05\/SEQUIA.jpg","type":"image\/jpeg"}],"author":"Actualidad RT","twitter_card":"summary_large_image","twitter_creator":"@fidedignas","twitter_site":"@fidedignas","twitter_misc":{"Escrito por":"Actualidad RT","Tiempo de lectura":"2 minutos"},"schema":{"@context":"https:\/\/schema.org","@graph":[{"@type":"Article","@id":"https:\/\/fuentesfidedignas.com.mx\/index.php\/2021\/05\/07\/la-nasa-advierte-que-mexico-vive-la-peor-sequia-en-decadas\/#article","isPartOf":{"@id":"https:\/\/fuentesfidedignas.com.mx\/index.php\/2021\/05\/07\/la-nasa-advierte-que-mexico-vive-la-peor-sequia-en-decadas\/"},"author":{"name":"Actualidad RT","@id":"https:\/\/fuentesfidedignas.com.mx\/#\/schema\/person\/eade03a5d4a96f9b557ac266e3d63718"},"headline":"La NASA advierte que M\u00e9xico vive la peor sequ\u00eda en d\u00e9cadas","datePublished":"2021-05-07T14:11:52+00:00","dateModified":"2021-05-07T14:11:54+00:00","mainEntityOfPage":{"@id":"https:\/\/fuentesfidedignas.com.mx\/index.php\/2021\/05\/07\/la-nasa-advierte-que-mexico-vive-la-peor-sequia-en-decadas\/"},"wordCount":423,"commentCount":0,"publisher":{"@id":"https:\/\/fuentesfidedignas.com.mx\/#organization"},"image":{"@id":"https:\/\/fuentesfidedignas.com.mx\/index.php\/2021\/05\/07\/la-nasa-advierte-que-mexico-vive-la-peor-sequia-en-decadas\/#primaryimage"},"thumbnailUrl":"https:\/\/fuentesfidedignas.com.mx\/wp-content\/uploads\/2021\/05\/SEQUIA.jpg","keywords":["La Ni\u00f1a","M\u00e9xico","NASA","Sequ\u00eda"],"articleSection":["NOTICIAS NACIONALES"],"inLanguage":"es","potentialAction":[{"@type":"CommentAction","name":"Comment","target":["https:\/\/fuentesfidedignas.com.mx\/index.php\/2021\/05\/07\/la-nasa-advierte-que-mexico-vive-la-peor-sequia-en-decadas\/#respond"]}]},{"@type":"WebPage","@id":"https:\/\/fuentesfidedignas.com.mx\/index.php\/2021\/05\/07\/la-nasa-advierte-que-mexico-vive-la-peor-sequia-en-decadas\/","url":"https:\/\/fuentesfidedignas.com.mx\/index.php\/2021\/05\/07\/la-nasa-advierte-que-mexico-vive-la-peor-sequia-en-decadas\/","name":"La NASA advierte que M\u00e9xico vive la peor sequ\u00eda en d\u00e9cadas - Fuentes Fidedignas","isPartOf":{"@id":"https:\/\/fuentesfidedignas.com.mx\/#website"},"primaryImageOfPage":{"@id":"https:\/\/fuentesfidedignas.com.mx\/index.php\/2021\/05\/07\/la-nasa-advierte-que-mexico-vive-la-peor-sequia-en-decadas\/#primaryimage"},"image":{"@id":"https:\/\/fuentesfidedignas.com.mx\/index.php\/2021\/05\/07\/la-nasa-advierte-que-mexico-vive-la-peor-sequia-en-decadas\/#primaryimage"},"thumbnailUrl":"https:\/\/fuentesfidedignas.com.mx\/wp-content\/uploads\/2021\/05\/SEQUIA.jpg","datePublished":"2021-05-07T14:11:52+00:00","dateModified":"2021-05-07T14:11:54+00:00","breadcrumb":{"@id":"https:\/\/fuentesfidedignas.com.mx\/index.php\/2021\/05\/07\/la-nasa-advierte-que-mexico-vive-la-peor-sequia-en-decadas\/#breadcrumb"},"inLanguage":"es","potentialAction":[{"@type":"ReadAction","target":["https:\/\/fuentesfidedignas.com.mx\/index.php\/2021\/05\/07\/la-nasa-advierte-que-mexico-vive-la-peor-sequia-en-decadas\/"]}]},{"@type":"ImageObject","inLanguage":"es","@id":"https:\/\/fuentesfidedignas.com.mx\/index.php\/2021\/05\/07\/la-nasa-advierte-que-mexico-vive-la-peor-sequia-en-decadas\/#primaryimage","url":"https:\/\/fuentesfidedignas.com.mx\/wp-content\/uploads\/2021\/05\/SEQUIA.jpg","contentUrl":"https:\/\/fuentesfidedignas.com.mx\/wp-content\/uploads\/2021\/05\/SEQUIA.jpg","width":1104,"height":622},{"@type":"BreadcrumbList","@id":"https:\/\/fuentesfidedignas.com.mx\/index.php\/2021\/05\/07\/la-nasa-advierte-que-mexico-vive-la-peor-sequia-en-decadas\/#breadcrumb","itemListElement":[{"@type":"ListItem","position":1,"name":"Inicio","item":"https:\/\/fuentesfidedignas.com.mx\/"},{"@type":"ListItem","position":2,"name":"La NASA advierte que M\u00e9xico vive la peor sequ\u00eda en d\u00e9cadas"}]},{"@type":"WebSite","@id":"https:\/\/fuentesfidedignas.com.mx\/#website","url":"https:\/\/fuentesfidedignas.com.mx\/","name":"Fuentes Fidedignas","description":"Otro sitio realizado con WordPress","publisher":{"@id":"https:\/\/fuentesfidedignas.com.mx\/#organization"},"potentialAction":[{"@type":"SearchAction","target":{"@type":"EntryPoint","urlTemplate":"https:\/\/fuentesfidedignas.com.mx\/?s={search_term_string}"},"query-input":{"@type":"PropertyValueSpecification","valueRequired":true,"valueName":"search_term_string"}}],"inLanguage":"es"},{"@type":"Organization","@id":"https:\/\/fuentesfidedignas.com.mx\/#organization","name":"Fuentes Fidedignas","url":"https:\/\/fuentesfidedignas.com.mx\/","logo":{"@type":"ImageObject","inLanguage":"es","@id":"https:\/\/fuentesfidedignas.com.mx\/#\/schema\/logo\/image\/","url":"https:\/\/fuentesfidedignas.com.mx\/wp-content\/uploads\/2021\/04\/logo-retina.png","contentUrl":"https:\/\/fuentesfidedignas.com.mx\/wp-content\/uploads\/2021\/04\/logo-retina.png","width":280,"height":51,"caption":"Fuentes Fidedignas"},"image":{"@id":"https:\/\/fuentesfidedignas.com.mx\/#\/schema\/logo\/image\/"},"sameAs":["https:\/\/www.facebook.com\/Fuentes-Fidedignas-368234489921644","https:\/\/x.com\/fidedignas"]},{"@type":"Person","@id":"https:\/\/fuentesfidedignas.com.mx\/#\/schema\/person\/eade03a5d4a96f9b557ac266e3d63718","name":"Actualidad RT","image":{"@type":"ImageObject","inLanguage":"es","@id":"https:\/\/secure.gravatar.com\/avatar\/443e88260a6a7111cf83d7014ab1894f91a4053ffd4e9da37d79effad3a35c81?s=96&d=mm&r=g","url":"https:\/\/secure.gravatar.com\/avatar\/443e88260a6a7111cf83d7014ab1894f91a4053ffd4e9da37d79effad3a35c81?s=96&d=mm&r=g","contentUrl":"https:\/\/secure.gravatar.com\/avatar\/443e88260a6a7111cf83d7014ab1894f91a4053ffd4e9da37d79effad3a35c81?s=96&d=mm&r=g","caption":"Actualidad RT"},"url":"https:\/\/fuentesfidedignas.com.mx\/index.php\/author\/actualidad\/"}]}},"_links":{"self":[{"href":"https:\/\/fuentesfidedignas.com.mx\/index.php\/wp-json\/wp\/v2\/posts\/1311","targetHints":{"allow":["GET"]}}],"collection":[{"href":"https:\/\/fuentesfidedignas.com.mx\/index.php\/wp-json\/wp\/v2\/posts"}],"about":[{"href":"https:\/\/fuentesfidedignas.com.mx\/index.php\/wp-json\/wp\/v2\/types\/post"}],"author":[{"embeddable":true,"href":"https:\/\/fuentesfidedignas.com.mx\/index.php\/wp-json\/wp\/v2\/users\/38"}],"replies":[{"embeddable":true,"href":"https:\/\/fuentesfidedignas.com.mx\/index.php\/wp-json\/wp\/v2\/comments?post=1311"}],"version-history":[{"count":1,"href":"https:\/\/fuentesfidedignas.com.mx\/index.php\/wp-json\/wp\/v2\/posts\/1311\/revisions"}],"predecessor-version":[{"id":1313,"href":"https:\/\/fuentesfidedignas.com.mx\/index.php\/wp-json\/wp\/v2\/posts\/1311\/revisions\/1313"}],"wp:featuredmedia":[{"embeddable":true,"href":"https:\/\/fuentesfidedignas.com.mx\/index.php\/wp-json\/wp\/v2\/media\/1312"}],"wp:attachment":[{"href":"https:\/\/fuentesfidedignas.com.mx\/index.php\/wp-json\/wp\/v2\/media?parent=1311"}],"wp:term":[{"taxonomy":"category","embeddable":true,"href":"https:\/\/fuentesfidedignas.com.mx\/index.php\/wp-json\/wp\/v2\/categories?post=1311"},{"taxonomy":"post_tag","embeddable":true,"href":"https:\/\/fuentesfidedignas.com.mx\/index.php\/wp-json\/wp\/v2\/tags?post=1311"}],"curies":[{"name":"wp","href":"https:\/\/api.w.org\/{rel}","templated":true}]}}