{"id":13077,"date":"2021-09-21T07:12:45","date_gmt":"2021-09-21T14:12:45","guid":{"rendered":"https:\/\/fuentesfidedignas.com.mx\/?p=13077"},"modified":"2021-09-21T07:12:46","modified_gmt":"2021-09-21T14:12:46","slug":"no-conviene-que-tome-partido-respecto-al-aborto-amlo","status":"publish","type":"post","link":"https:\/\/fuentesfidedignas.com.mx\/index.php\/2021\/09\/21\/no-conviene-que-tome-partido-respecto-al-aborto-amlo\/","title":{"rendered":"No conviene que tome partido respecto al aborto: AMLO"},"content":{"rendered":"\n<p><strong><em> &#8220;Es un asunto que produce mucha pol\u00e9mica; es un tema que confronta y desde hace tiempo procuro no opinar\u201d, dijo <\/em><\/strong><br><br>Ciudad de M\u00e9xico. El presidente Andr\u00e9s Manuel L\u00f3pez Obrador dijo hoy que al evitar pronunciarse ante el tema del aborto &#8211; y las recientes resoluciones tomadas en la Suprema Corte de Justicia de la Naci\u00f3n (SCJN)- no es que se lave las manos como Poncio Pilatos, sino que al pa\u00eds no conviene que el Presidente de la Rep\u00fablica tome partido al respecto.<\/p>\n\n\n\n<p>Y en una nueva cr\u00edtica a la falta de reformas y acci\u00f3n en el Poder Judicial, dijo que tal vez a los abogados, llegando ah\u00ed &#8211; espec\u00edficamente al Consejo de la Judicatura- \u201clos adormecen \u201c, incluidos los propuestos por \u00e9l.<\/p>\n\n\n\n<p>En la conferencia de prensa matutina en Palacio Nacional se le pregunt\u00f3 su opini\u00f3n de que en la v\u00edspera la Suprema Corte invalid\u00f3 el art\u00edculo de la Ley General de Salud (LGS) que establec\u00eda el derecho de objeci\u00f3n de conciencia para el personal de salud cuyas creencias religiosas les impiden participar en un aborto.<\/p>\n\n\n\n<p>\u201cTengo que ser respetuoso de la independencia, en este caso del Poder Judicial, de la SCJN.<\/p>\n\n\n\n<p>&#8220;Es un asunto que produce mucha pol\u00e9mica; es un tema que confronta y desde hace tiempo procuro no opinar\u201d, dijo.<\/p>\n\n\n\n<p>Manifest\u00f3 su respeto las decisiones que toman las instancias legales.<\/p>\n\n\n\n<p>\u201cNo opino porque tengo que ser respetuoso de todos, de creyentes y no creyentes.Ese es mi papel principal en estos temas y no puedo opinar.<\/p>\n\n\n\n<p>\u201cNo me estoy lavando las manos, no soy Poncio Pilatos; simplemente conviene que el Presidente no tome partido en un tema de esta naturaleza\u201d, se\u00f1al\u00f3 .<\/p>\n\n\n\n<p>Insisti\u00f3 en que se deben reformar los poderes y en el caso del Judicial, \u201ccon todo respeto, no han iniciado un proceso de purificaci\u00f3n, de reforma, de limpia, que urge llevar a cabo en ese Poder\u201d.<\/p>\n\n\n\n<p><strong>Es una \u00e9lite<\/strong><\/p>\n\n\n\n<p>Mencion\u00f3 de nueva cuenta que la SCJN acaba de autorizar, \u201cimag\u00ednense, que se devuelva mil millones de pesos; me duele hasta el alma, hasta lo m\u00e1s profundo, a una contribuyente\u201d.<\/p>\n\n\n\n<p>Reproch\u00f3 que los juzgadores no plantearon que se revisara de fondo el asunto ni hicieron manifestaci\u00f3n alguna, incluso personajes del CJF propuestos por \u00e9l.<\/p>\n\n\n\n<p>\u201cPor qu\u00e9 en estos casos no act\u00faan? Porque siguen ampar\u00e1ndose, cobij\u00e1ndose en el derecho para no impartir justicia? \u201cEse es el fondo , a\u00f1adi\u00f3, que ellos deber\u00edan estar pensando siempre en la justicia.<\/p>\n\n\n\n<p>Es un tema que debe tratarse, en efecto, porque no piensan en la gente, en el pueblo y mucho menos en los pobres, en el pueblo raso, mucho menos en los pobres. Es una \u00e9lite . Eso viene del tiempo atr\u00e1s, del r\u00e9gimen de corrupci\u00f3n, subray\u00f3.<\/p>\n\n\n\n<p>Los jueces no se agrupan para una reforma, solo para defender sus canonjias.<\/p>\n\n\n\n<p>Antes de proseguir en su exposici\u00f3n, el Presidente reconoci\u00f3 que se equivoc\u00f3 al se\u00f1alar que se hab\u00edan amparado los integrantes de la Comisi\u00f3n de Competencia, pero no, quienes se ampararon fueron de otros organismos como el INE.<\/p>\n\n\n\n<p>\u201cPero no escucho a los del Consejo de la Judicatura, no s\u00e9 nada de ellos.<\/p>\n\n\n\n<p>A lo mejor en ese ambiente los adormecen\u201d, expres\u00f3.<\/p>\n\n\n\n<p>Necesitan denunciar, combatir la corrupci\u00f3n.<\/p>\n\n\n\n<p>Ahora que hubo esta resoluci\u00f3n de los mil millones, por qu\u00e9 no sali\u00f3 uno del Consejo de la Judicatura (a manifestarse en contra)?, insisti\u00f3.<\/p>\n","protected":false},"excerpt":{"rendered":"<p>&#8220;Es un asunto que produce mucha pol\u00e9mica; es un tema que confronta y desde hace tiempo procuro no opinar\u201d, dijo Ciudad de M\u00e9xico. El presidente Andr\u00e9s Manuel L\u00f3pez Obrador dijo hoy que al evitar pronunciarse ante el tema del aborto &#8211; y las recientes resoluciones tomadas en la Suprema Corte de Justicia de la Naci\u00f3n [&hellip;]<\/p>\n","protected":false},"author":45,"featured_media":13078,"comment_status":"open","ping_status":"open","sticky":false,"template":"","format":"standard","meta":{"tdm_status":"","tdm_grid_status":"","footnotes":""},"categories":[39],"tags":[],"class_list":{"0":"post-13077","1":"post","2":"type-post","3":"status-publish","4":"format-standard","5":"has-post-thumbnail","7":"category-noticias-nacionales"},"yoast_head":"<!-- This site is optimized with the Yoast SEO plugin v27.4 - https:\/\/yoast.com\/product\/yoast-seo-wordpress\/ -->\n<title>No conviene que tome partido respecto al aborto: AMLO - Fuentes Fidedignas<\/title>\n<meta name=\"robots\" content=\"index, follow, max-snippet:-1, max-image-preview:large, max-video-preview:-1\" \/>\n<link rel=\"canonical\" href=\"https:\/\/fuentesfidedignas.com.mx\/index.php\/2021\/09\/21\/no-conviene-que-tome-partido-respecto-al-aborto-amlo\/\" \/>\n<meta property=\"og:locale\" content=\"es_MX\" \/>\n<meta property=\"og:type\" content=\"article\" \/>\n<meta property=\"og:title\" content=\"No conviene que tome partido respecto al aborto: AMLO - Fuentes Fidedignas\" \/>\n<meta property=\"og:description\" content=\"&#8220;Es un asunto que produce mucha pol\u00e9mica; es un tema que confronta y desde hace tiempo procuro no opinar\u201d, dijo Ciudad de M\u00e9xico. El presidente Andr\u00e9s Manuel L\u00f3pez Obrador dijo hoy que al evitar pronunciarse ante el tema del aborto &#8211; y las recientes resoluciones tomadas en la Suprema Corte de Justicia de la Naci\u00f3n [&hellip;]\" \/>\n<meta property=\"og:url\" content=\"https:\/\/fuentesfidedignas.com.mx\/index.php\/2021\/09\/21\/no-conviene-que-tome-partido-respecto-al-aborto-amlo\/\" \/>\n<meta property=\"og:site_name\" content=\"Fuentes Fidedignas\" \/>\n<meta property=\"article:publisher\" content=\"https:\/\/www.facebook.com\/Fuentes-Fidedignas-368234489921644\" \/>\n<meta property=\"article:published_time\" content=\"2021-09-21T14:12:45+00:00\" \/>\n<meta property=\"article:modified_time\" content=\"2021-09-21T14:12:46+00:00\" \/>\n<meta property=\"og:image\" content=\"https:\/\/fuentesfidedignas.com.mx\/wp-content\/uploads\/2021\/09\/amlo.jpg\" \/>\n\t<meta property=\"og:image:width\" content=\"1024\" \/>\n\t<meta property=\"og:image:height\" content=\"684\" \/>\n\t<meta property=\"og:image:type\" content=\"image\/jpeg\" \/>\n<meta name=\"author\" content=\"La Jornada\" \/>\n<meta name=\"twitter:card\" content=\"summary_large_image\" \/>\n<meta name=\"twitter:creator\" content=\"@fidedignas\" \/>\n<meta name=\"twitter:site\" content=\"@fidedignas\" \/>\n<meta name=\"twitter:label1\" content=\"Escrito por\" \/>\n\t<meta name=\"twitter:data1\" content=\"La Jornada\" \/>\n\t<meta name=\"twitter:label2\" content=\"Tiempo de lectura\" \/>\n\t<meta name=\"twitter:data2\" content=\"3 minutos\" \/>\n<script type=\"application\/ld+json\" class=\"yoast-schema-graph\">{\"@context\":\"https:\\\/\\\/schema.org\",\"@graph\":[{\"@type\":\"Article\",\"@id\":\"https:\\\/\\\/fuentesfidedignas.com.mx\\\/index.php\\\/2021\\\/09\\\/21\\\/no-conviene-que-tome-partido-respecto-al-aborto-amlo\\\/#article\",\"isPartOf\":{\"@id\":\"https:\\\/\\\/fuentesfidedignas.com.mx\\\/index.php\\\/2021\\\/09\\\/21\\\/no-conviene-que-tome-partido-respecto-al-aborto-amlo\\\/\"},\"author\":{\"name\":\"La Jornada\",\"@id\":\"https:\\\/\\\/fuentesfidedignas.com.mx\\\/#\\\/schema\\\/person\\\/87eacee4072e149fccc7de67f9634f35\"},\"headline\":\"No conviene que tome partido respecto al aborto: AMLO\",\"datePublished\":\"2021-09-21T14:12:45+00:00\",\"dateModified\":\"2021-09-21T14:12:46+00:00\",\"mainEntityOfPage\":{\"@id\":\"https:\\\/\\\/fuentesfidedignas.com.mx\\\/index.php\\\/2021\\\/09\\\/21\\\/no-conviene-que-tome-partido-respecto-al-aborto-amlo\\\/\"},\"wordCount\":590,\"commentCount\":0,\"publisher\":{\"@id\":\"https:\\\/\\\/fuentesfidedignas.com.mx\\\/#organization\"},\"image\":{\"@id\":\"https:\\\/\\\/fuentesfidedignas.com.mx\\\/index.php\\\/2021\\\/09\\\/21\\\/no-conviene-que-tome-partido-respecto-al-aborto-amlo\\\/#primaryimage\"},\"thumbnailUrl\":\"https:\\\/\\\/fuentesfidedignas.com.mx\\\/wp-content\\\/uploads\\\/2021\\\/09\\\/amlo.jpg\",\"articleSection\":[\"NOTICIAS NACIONALES\"],\"inLanguage\":\"es\",\"potentialAction\":[{\"@type\":\"CommentAction\",\"name\":\"Comment\",\"target\":[\"https:\\\/\\\/fuentesfidedignas.com.mx\\\/index.php\\\/2021\\\/09\\\/21\\\/no-conviene-que-tome-partido-respecto-al-aborto-amlo\\\/#respond\"]}]},{\"@type\":\"WebPage\",\"@id\":\"https:\\\/\\\/fuentesfidedignas.com.mx\\\/index.php\\\/2021\\\/09\\\/21\\\/no-conviene-que-tome-partido-respecto-al-aborto-amlo\\\/\",\"url\":\"https:\\\/\\\/fuentesfidedignas.com.mx\\\/index.php\\\/2021\\\/09\\\/21\\\/no-conviene-que-tome-partido-respecto-al-aborto-amlo\\\/\",\"name\":\"No conviene que tome partido respecto al aborto: AMLO - Fuentes Fidedignas\",\"isPartOf\":{\"@id\":\"https:\\\/\\\/fuentesfidedignas.com.mx\\\/#website\"},\"primaryImageOfPage\":{\"@id\":\"https:\\\/\\\/fuentesfidedignas.com.mx\\\/index.php\\\/2021\\\/09\\\/21\\\/no-conviene-que-tome-partido-respecto-al-aborto-amlo\\\/#primaryimage\"},\"image\":{\"@id\":\"https:\\\/\\\/fuentesfidedignas.com.mx\\\/index.php\\\/2021\\\/09\\\/21\\\/no-conviene-que-tome-partido-respecto-al-aborto-amlo\\\/#primaryimage\"},\"thumbnailUrl\":\"https:\\\/\\\/fuentesfidedignas.com.mx\\\/wp-content\\\/uploads\\\/2021\\\/09\\\/amlo.jpg\",\"datePublished\":\"2021-09-21T14:12:45+00:00\",\"dateModified\":\"2021-09-21T14:12:46+00:00\",\"breadcrumb\":{\"@id\":\"https:\\\/\\\/fuentesfidedignas.com.mx\\\/index.php\\\/2021\\\/09\\\/21\\\/no-conviene-que-tome-partido-respecto-al-aborto-amlo\\\/#breadcrumb\"},\"inLanguage\":\"es\",\"potentialAction\":[{\"@type\":\"ReadAction\",\"target\":[\"https:\\\/\\\/fuentesfidedignas.com.mx\\\/index.php\\\/2021\\\/09\\\/21\\\/no-conviene-que-tome-partido-respecto-al-aborto-amlo\\\/\"]}]},{\"@type\":\"ImageObject\",\"inLanguage\":\"es\",\"@id\":\"https:\\\/\\\/fuentesfidedignas.com.mx\\\/index.php\\\/2021\\\/09\\\/21\\\/no-conviene-que-tome-partido-respecto-al-aborto-amlo\\\/#primaryimage\",\"url\":\"https:\\\/\\\/fuentesfidedignas.com.mx\\\/wp-content\\\/uploads\\\/2021\\\/09\\\/amlo.jpg\",\"contentUrl\":\"https:\\\/\\\/fuentesfidedignas.com.mx\\\/wp-content\\\/uploads\\\/2021\\\/09\\\/amlo.jpg\",\"width\":1024,\"height\":684},{\"@type\":\"BreadcrumbList\",\"@id\":\"https:\\\/\\\/fuentesfidedignas.com.mx\\\/index.php\\\/2021\\\/09\\\/21\\\/no-conviene-que-tome-partido-respecto-al-aborto-amlo\\\/#breadcrumb\",\"itemListElement\":[{\"@type\":\"ListItem\",\"position\":1,\"name\":\"Inicio\",\"item\":\"https:\\\/\\\/fuentesfidedignas.com.mx\\\/\"},{\"@type\":\"ListItem\",\"position\":2,\"name\":\"No conviene que tome partido respecto al aborto: AMLO\"}]},{\"@type\":\"WebSite\",\"@id\":\"https:\\\/\\\/fuentesfidedignas.com.mx\\\/#website\",\"url\":\"https:\\\/\\\/fuentesfidedignas.com.mx\\\/\",\"name\":\"Fuentes Fidedignas\",\"description\":\"Otro sitio realizado con WordPress\",\"publisher\":{\"@id\":\"https:\\\/\\\/fuentesfidedignas.com.mx\\\/#organization\"},\"potentialAction\":[{\"@type\":\"SearchAction\",\"target\":{\"@type\":\"EntryPoint\",\"urlTemplate\":\"https:\\\/\\\/fuentesfidedignas.com.mx\\\/?s={search_term_string}\"},\"query-input\":{\"@type\":\"PropertyValueSpecification\",\"valueRequired\":true,\"valueName\":\"search_term_string\"}}],\"inLanguage\":\"es\"},{\"@type\":\"Organization\",\"@id\":\"https:\\\/\\\/fuentesfidedignas.com.mx\\\/#organization\",\"name\":\"Fuentes Fidedignas\",\"url\":\"https:\\\/\\\/fuentesfidedignas.com.mx\\\/\",\"logo\":{\"@type\":\"ImageObject\",\"inLanguage\":\"es\",\"@id\":\"https:\\\/\\\/fuentesfidedignas.com.mx\\\/#\\\/schema\\\/logo\\\/image\\\/\",\"url\":\"https:\\\/\\\/fuentesfidedignas.com.mx\\\/wp-content\\\/uploads\\\/2021\\\/04\\\/logo-retina.png\",\"contentUrl\":\"https:\\\/\\\/fuentesfidedignas.com.mx\\\/wp-content\\\/uploads\\\/2021\\\/04\\\/logo-retina.png\",\"width\":280,\"height\":51,\"caption\":\"Fuentes Fidedignas\"},\"image\":{\"@id\":\"https:\\\/\\\/fuentesfidedignas.com.mx\\\/#\\\/schema\\\/logo\\\/image\\\/\"},\"sameAs\":[\"https:\\\/\\\/www.facebook.com\\\/Fuentes-Fidedignas-368234489921644\",\"https:\\\/\\\/x.com\\\/fidedignas\"]},{\"@type\":\"Person\",\"@id\":\"https:\\\/\\\/fuentesfidedignas.com.mx\\\/#\\\/schema\\\/person\\\/87eacee4072e149fccc7de67f9634f35\",\"name\":\"La Jornada\",\"image\":{\"@type\":\"ImageObject\",\"inLanguage\":\"es\",\"@id\":\"https:\\\/\\\/secure.gravatar.com\\\/avatar\\\/2b09f15a418e222775ffd645761e3fcecd1fb9d7a38a3ba858adf349aab82c7c?s=96&d=mm&r=g\",\"url\":\"https:\\\/\\\/secure.gravatar.com\\\/avatar\\\/2b09f15a418e222775ffd645761e3fcecd1fb9d7a38a3ba858adf349aab82c7c?s=96&d=mm&r=g\",\"contentUrl\":\"https:\\\/\\\/secure.gravatar.com\\\/avatar\\\/2b09f15a418e222775ffd645761e3fcecd1fb9d7a38a3ba858adf349aab82c7c?s=96&d=mm&r=g\",\"caption\":\"La Jornada\"},\"url\":\"https:\\\/\\\/fuentesfidedignas.com.mx\\\/index.php\\\/author\\\/jornada\\\/\"}]}<\/script>\n<!-- \/ Yoast SEO plugin. -->","yoast_head_json":{"title":"No conviene que tome partido respecto al aborto: AMLO - Fuentes Fidedignas","robots":{"index":"index","follow":"follow","max-snippet":"max-snippet:-1","max-image-preview":"max-image-preview:large","max-video-preview":"max-video-preview:-1"},"canonical":"https:\/\/fuentesfidedignas.com.mx\/index.php\/2021\/09\/21\/no-conviene-que-tome-partido-respecto-al-aborto-amlo\/","og_locale":"es_MX","og_type":"article","og_title":"No conviene que tome partido respecto al aborto: AMLO - Fuentes Fidedignas","og_description":"&#8220;Es un asunto que produce mucha pol\u00e9mica; es un tema que confronta y desde hace tiempo procuro no opinar\u201d, dijo Ciudad de M\u00e9xico. El presidente Andr\u00e9s Manuel L\u00f3pez Obrador dijo hoy que al evitar pronunciarse ante el tema del aborto &#8211; y las recientes resoluciones tomadas en la Suprema Corte de Justicia de la Naci\u00f3n [&hellip;]","og_url":"https:\/\/fuentesfidedignas.com.mx\/index.php\/2021\/09\/21\/no-conviene-que-tome-partido-respecto-al-aborto-amlo\/","og_site_name":"Fuentes Fidedignas","article_publisher":"https:\/\/www.facebook.com\/Fuentes-Fidedignas-368234489921644","article_published_time":"2021-09-21T14:12:45+00:00","article_modified_time":"2021-09-21T14:12:46+00:00","og_image":[{"width":1024,"height":684,"url":"https:\/\/fuentesfidedignas.com.mx\/wp-content\/uploads\/2021\/09\/amlo.jpg","type":"image\/jpeg"}],"author":"La Jornada","twitter_card":"summary_large_image","twitter_creator":"@fidedignas","twitter_site":"@fidedignas","twitter_misc":{"Escrito por":"La Jornada","Tiempo de lectura":"3 minutos"},"schema":{"@context":"https:\/\/schema.org","@graph":[{"@type":"Article","@id":"https:\/\/fuentesfidedignas.com.mx\/index.php\/2021\/09\/21\/no-conviene-que-tome-partido-respecto-al-aborto-amlo\/#article","isPartOf":{"@id":"https:\/\/fuentesfidedignas.com.mx\/index.php\/2021\/09\/21\/no-conviene-que-tome-partido-respecto-al-aborto-amlo\/"},"author":{"name":"La Jornada","@id":"https:\/\/fuentesfidedignas.com.mx\/#\/schema\/person\/87eacee4072e149fccc7de67f9634f35"},"headline":"No conviene que tome partido respecto al aborto: AMLO","datePublished":"2021-09-21T14:12:45+00:00","dateModified":"2021-09-21T14:12:46+00:00","mainEntityOfPage":{"@id":"https:\/\/fuentesfidedignas.com.mx\/index.php\/2021\/09\/21\/no-conviene-que-tome-partido-respecto-al-aborto-amlo\/"},"wordCount":590,"commentCount":0,"publisher":{"@id":"https:\/\/fuentesfidedignas.com.mx\/#organization"},"image":{"@id":"https:\/\/fuentesfidedignas.com.mx\/index.php\/2021\/09\/21\/no-conviene-que-tome-partido-respecto-al-aborto-amlo\/#primaryimage"},"thumbnailUrl":"https:\/\/fuentesfidedignas.com.mx\/wp-content\/uploads\/2021\/09\/amlo.jpg","articleSection":["NOTICIAS NACIONALES"],"inLanguage":"es","potentialAction":[{"@type":"CommentAction","name":"Comment","target":["https:\/\/fuentesfidedignas.com.mx\/index.php\/2021\/09\/21\/no-conviene-que-tome-partido-respecto-al-aborto-amlo\/#respond"]}]},{"@type":"WebPage","@id":"https:\/\/fuentesfidedignas.com.mx\/index.php\/2021\/09\/21\/no-conviene-que-tome-partido-respecto-al-aborto-amlo\/","url":"https:\/\/fuentesfidedignas.com.mx\/index.php\/2021\/09\/21\/no-conviene-que-tome-partido-respecto-al-aborto-amlo\/","name":"No conviene que tome partido respecto al aborto: AMLO - Fuentes Fidedignas","isPartOf":{"@id":"https:\/\/fuentesfidedignas.com.mx\/#website"},"primaryImageOfPage":{"@id":"https:\/\/fuentesfidedignas.com.mx\/index.php\/2021\/09\/21\/no-conviene-que-tome-partido-respecto-al-aborto-amlo\/#primaryimage"},"image":{"@id":"https:\/\/fuentesfidedignas.com.mx\/index.php\/2021\/09\/21\/no-conviene-que-tome-partido-respecto-al-aborto-amlo\/#primaryimage"},"thumbnailUrl":"https:\/\/fuentesfidedignas.com.mx\/wp-content\/uploads\/2021\/09\/amlo.jpg","datePublished":"2021-09-21T14:12:45+00:00","dateModified":"2021-09-21T14:12:46+00:00","breadcrumb":{"@id":"https:\/\/fuentesfidedignas.com.mx\/index.php\/2021\/09\/21\/no-conviene-que-tome-partido-respecto-al-aborto-amlo\/#breadcrumb"},"inLanguage":"es","potentialAction":[{"@type":"ReadAction","target":["https:\/\/fuentesfidedignas.com.mx\/index.php\/2021\/09\/21\/no-conviene-que-tome-partido-respecto-al-aborto-amlo\/"]}]},{"@type":"ImageObject","inLanguage":"es","@id":"https:\/\/fuentesfidedignas.com.mx\/index.php\/2021\/09\/21\/no-conviene-que-tome-partido-respecto-al-aborto-amlo\/#primaryimage","url":"https:\/\/fuentesfidedignas.com.mx\/wp-content\/uploads\/2021\/09\/amlo.jpg","contentUrl":"https:\/\/fuentesfidedignas.com.mx\/wp-content\/uploads\/2021\/09\/amlo.jpg","width":1024,"height":684},{"@type":"BreadcrumbList","@id":"https:\/\/fuentesfidedignas.com.mx\/index.php\/2021\/09\/21\/no-conviene-que-tome-partido-respecto-al-aborto-amlo\/#breadcrumb","itemListElement":[{"@type":"ListItem","position":1,"name":"Inicio","item":"https:\/\/fuentesfidedignas.com.mx\/"},{"@type":"ListItem","position":2,"name":"No conviene que tome partido respecto al aborto: AMLO"}]},{"@type":"WebSite","@id":"https:\/\/fuentesfidedignas.com.mx\/#website","url":"https:\/\/fuentesfidedignas.com.mx\/","name":"Fuentes Fidedignas","description":"Otro sitio realizado con WordPress","publisher":{"@id":"https:\/\/fuentesfidedignas.com.mx\/#organization"},"potentialAction":[{"@type":"SearchAction","target":{"@type":"EntryPoint","urlTemplate":"https:\/\/fuentesfidedignas.com.mx\/?s={search_term_string}"},"query-input":{"@type":"PropertyValueSpecification","valueRequired":true,"valueName":"search_term_string"}}],"inLanguage":"es"},{"@type":"Organization","@id":"https:\/\/fuentesfidedignas.com.mx\/#organization","name":"Fuentes Fidedignas","url":"https:\/\/fuentesfidedignas.com.mx\/","logo":{"@type":"ImageObject","inLanguage":"es","@id":"https:\/\/fuentesfidedignas.com.mx\/#\/schema\/logo\/image\/","url":"https:\/\/fuentesfidedignas.com.mx\/wp-content\/uploads\/2021\/04\/logo-retina.png","contentUrl":"https:\/\/fuentesfidedignas.com.mx\/wp-content\/uploads\/2021\/04\/logo-retina.png","width":280,"height":51,"caption":"Fuentes Fidedignas"},"image":{"@id":"https:\/\/fuentesfidedignas.com.mx\/#\/schema\/logo\/image\/"},"sameAs":["https:\/\/www.facebook.com\/Fuentes-Fidedignas-368234489921644","https:\/\/x.com\/fidedignas"]},{"@type":"Person","@id":"https:\/\/fuentesfidedignas.com.mx\/#\/schema\/person\/87eacee4072e149fccc7de67f9634f35","name":"La Jornada","image":{"@type":"ImageObject","inLanguage":"es","@id":"https:\/\/secure.gravatar.com\/avatar\/2b09f15a418e222775ffd645761e3fcecd1fb9d7a38a3ba858adf349aab82c7c?s=96&d=mm&r=g","url":"https:\/\/secure.gravatar.com\/avatar\/2b09f15a418e222775ffd645761e3fcecd1fb9d7a38a3ba858adf349aab82c7c?s=96&d=mm&r=g","contentUrl":"https:\/\/secure.gravatar.com\/avatar\/2b09f15a418e222775ffd645761e3fcecd1fb9d7a38a3ba858adf349aab82c7c?s=96&d=mm&r=g","caption":"La Jornada"},"url":"https:\/\/fuentesfidedignas.com.mx\/index.php\/author\/jornada\/"}]}},"_links":{"self":[{"href":"https:\/\/fuentesfidedignas.com.mx\/index.php\/wp-json\/wp\/v2\/posts\/13077","targetHints":{"allow":["GET"]}}],"collection":[{"href":"https:\/\/fuentesfidedignas.com.mx\/index.php\/wp-json\/wp\/v2\/posts"}],"about":[{"href":"https:\/\/fuentesfidedignas.com.mx\/index.php\/wp-json\/wp\/v2\/types\/post"}],"author":[{"embeddable":true,"href":"https:\/\/fuentesfidedignas.com.mx\/index.php\/wp-json\/wp\/v2\/users\/45"}],"replies":[{"embeddable":true,"href":"https:\/\/fuentesfidedignas.com.mx\/index.php\/wp-json\/wp\/v2\/comments?post=13077"}],"version-history":[{"count":1,"href":"https:\/\/fuentesfidedignas.com.mx\/index.php\/wp-json\/wp\/v2\/posts\/13077\/revisions"}],"predecessor-version":[{"id":13079,"href":"https:\/\/fuentesfidedignas.com.mx\/index.php\/wp-json\/wp\/v2\/posts\/13077\/revisions\/13079"}],"wp:featuredmedia":[{"embeddable":true,"href":"https:\/\/fuentesfidedignas.com.mx\/index.php\/wp-json\/wp\/v2\/media\/13078"}],"wp:attachment":[{"href":"https:\/\/fuentesfidedignas.com.mx\/index.php\/wp-json\/wp\/v2\/media?parent=13077"}],"wp:term":[{"taxonomy":"category","embeddable":true,"href":"https:\/\/fuentesfidedignas.com.mx\/index.php\/wp-json\/wp\/v2\/categories?post=13077"},{"taxonomy":"post_tag","embeddable":true,"href":"https:\/\/fuentesfidedignas.com.mx\/index.php\/wp-json\/wp\/v2\/tags?post=13077"}],"curies":[{"name":"wp","href":"https:\/\/api.w.org\/{rel}","templated":true}]}}