{"id":130681,"date":"2026-04-04T03:54:00","date_gmt":"2026-04-04T10:54:00","guid":{"rendered":"https:\/\/fuentesfidedignas.com.mx\/?p=130681"},"modified":"2026-04-03T15:55:58","modified_gmt":"2026-04-03T22:55:58","slug":"video-astronauta-de-la-mision-artemis-ii-filtra-por-error-la-contrasena-de-los-equipos-de-la-nave","status":"publish","type":"post","link":"https:\/\/fuentesfidedignas.com.mx\/index.php\/2026\/04\/04\/video-astronauta-de-la-mision-artemis-ii-filtra-por-error-la-contrasena-de-los-equipos-de-la-nave\/","title":{"rendered":"VIDEO: Astronauta de la misi\u00f3n Artemis II filtra por error la contrase\u00f1a de los equipos de la nave"},"content":{"rendered":"\n<p>Durante la transmisi\u00f3n en vivo de la NASA de la misi\u00f3n Artemis II, una c\u00e1mara de alta definici\u00f3n situada sobre el astronauta Reed Wiseman capt\u00f3 el momento en que este introdujo el c\u00f3digo de desbloqueo &#8216;3939&#8217; en una tableta a bordo de la nave Orion. Este incidente, que expuso la contrase\u00f1a ante una audiencia global, fue r\u00e1pidamente se\u00f1alado por espectadores en redes sociales, quienes bromeaban que el m\u00f3dulo de mando ahora era un sistema de c\u00f3digo abierto al hacerse p\u00fablica su contrase\u00f1a.<\/p>\n\n\n\n<figure class=\"wp-block-embed is-type-rich is-provider-twitter wp-block-embed-twitter\"><div class=\"wp-block-embed__wrapper\">\n<blockquote class=\"twitter-tweet\" data-width=\"550\" data-dnt=\"true\"><p lang=\"en\" dir=\"ltr\">Woopsie, when you enter your tablet PIN on the NASA stream. <a href=\"https:\/\/t.co\/tpbm3Gvw15\">pic.twitter.com\/tpbm3Gvw15<\/a><\/p>&mdash; Mark Maunder (@mmaunder) <a href=\"https:\/\/twitter.com\/mmaunder\/status\/2039466429477700018?ref_src=twsrc%5Etfw\">April 1, 2026<\/a><\/blockquote><script async src=\"https:\/\/platform.twitter.com\/widgets.js\" charset=\"utf-8\"><\/script>\n<\/div><\/figure>\n","protected":false},"excerpt":{"rendered":"<p>Durante la transmisi\u00f3n en vivo de la NASA de la misi\u00f3n Artemis II, una c\u00e1mara de alta definici\u00f3n situada sobre el astronauta Reed Wiseman capt\u00f3 el momento en que este introdujo el c\u00f3digo de desbloqueo &#8216;3939&#8217; en una tableta a bordo de la nave Orion. Este incidente, que expuso la contrase\u00f1a ante una audiencia global, [&hellip;]<\/p>\n","protected":false},"author":38,"featured_media":130682,"comment_status":"open","ping_status":"open","sticky":false,"template":"","format":"standard","meta":{"tdm_status":"","tdm_grid_status":"","footnotes":""},"categories":[40],"tags":[],"class_list":{"0":"post-130681","1":"post","2":"type-post","3":"status-publish","4":"format-standard","5":"has-post-thumbnail","7":"category-las-asombrosas"},"yoast_head":"<!-- This site is optimized with the Yoast SEO plugin v27.5 - https:\/\/yoast.com\/product\/yoast-seo-wordpress\/ -->\n<title>VIDEO: Astronauta de la misi\u00f3n Artemis II filtra por error la contrase\u00f1a de los equipos de la nave - Fuentes Fidedignas<\/title>\n<meta name=\"robots\" content=\"index, follow, max-snippet:-1, max-image-preview:large, max-video-preview:-1\" \/>\n<link rel=\"canonical\" href=\"https:\/\/fuentesfidedignas.com.mx\/index.php\/2026\/04\/04\/video-astronauta-de-la-mision-artemis-ii-filtra-por-error-la-contrasena-de-los-equipos-de-la-nave\/\" \/>\n<meta property=\"og:locale\" content=\"es_MX\" \/>\n<meta property=\"og:type\" content=\"article\" \/>\n<meta property=\"og:title\" content=\"VIDEO: Astronauta de la misi\u00f3n Artemis II filtra por error la contrase\u00f1a de los equipos de la nave - Fuentes Fidedignas\" \/>\n<meta property=\"og:description\" content=\"Durante la transmisi\u00f3n en vivo de la NASA de la misi\u00f3n Artemis II, una c\u00e1mara de alta definici\u00f3n situada sobre el astronauta Reed Wiseman capt\u00f3 el momento en que este introdujo el c\u00f3digo de desbloqueo &#8216;3939&#8217; en una tableta a bordo de la nave Orion. Este incidente, que expuso la contrase\u00f1a ante una audiencia global, [&hellip;]\" \/>\n<meta property=\"og:url\" content=\"https:\/\/fuentesfidedignas.com.mx\/index.php\/2026\/04\/04\/video-astronauta-de-la-mision-artemis-ii-filtra-por-error-la-contrasena-de-los-equipos-de-la-nave\/\" \/>\n<meta property=\"og:site_name\" content=\"Fuentes Fidedignas\" \/>\n<meta property=\"article:publisher\" content=\"https:\/\/www.facebook.com\/Fuentes-Fidedignas-368234489921644\" \/>\n<meta property=\"article:published_time\" content=\"2026-04-04T10:54:00+00:00\" \/>\n<meta property=\"og:image\" content=\"https:\/\/fuentesfidedignas.com.mx\/wp-content\/uploads\/2026\/04\/69cf97a7e9ff71328e486000.jpg\" \/>\n\t<meta property=\"og:image:width\" content=\"1104\" \/>\n\t<meta property=\"og:image:height\" content=\"622\" \/>\n\t<meta property=\"og:image:type\" content=\"image\/jpeg\" \/>\n<meta name=\"author\" content=\"Actualidad RT\" \/>\n<meta name=\"twitter:card\" content=\"summary_large_image\" \/>\n<meta name=\"twitter:creator\" content=\"@fidedignas\" \/>\n<meta name=\"twitter:site\" content=\"@fidedignas\" \/>\n<meta name=\"twitter:label1\" content=\"Escrito por\" \/>\n\t<meta name=\"twitter:data1\" content=\"Actualidad RT\" \/>\n\t<meta name=\"twitter:label2\" content=\"Tiempo de lectura\" \/>\n\t<meta name=\"twitter:data2\" content=\"1 minuto\" \/>\n<script type=\"application\/ld+json\" class=\"yoast-schema-graph\">{\"@context\":\"https:\\\/\\\/schema.org\",\"@graph\":[{\"@type\":\"Article\",\"@id\":\"https:\\\/\\\/fuentesfidedignas.com.mx\\\/index.php\\\/2026\\\/04\\\/04\\\/video-astronauta-de-la-mision-artemis-ii-filtra-por-error-la-contrasena-de-los-equipos-de-la-nave\\\/#article\",\"isPartOf\":{\"@id\":\"https:\\\/\\\/fuentesfidedignas.com.mx\\\/index.php\\\/2026\\\/04\\\/04\\\/video-astronauta-de-la-mision-artemis-ii-filtra-por-error-la-contrasena-de-los-equipos-de-la-nave\\\/\"},\"author\":{\"name\":\"Actualidad RT\",\"@id\":\"https:\\\/\\\/fuentesfidedignas.com.mx\\\/#\\\/schema\\\/person\\\/eade03a5d4a96f9b557ac266e3d63718\"},\"headline\":\"VIDEO: Astronauta de la misi\u00f3n Artemis II filtra por error la contrase\u00f1a de los equipos de la nave\",\"datePublished\":\"2026-04-04T10:54:00+00:00\",\"mainEntityOfPage\":{\"@id\":\"https:\\\/\\\/fuentesfidedignas.com.mx\\\/index.php\\\/2026\\\/04\\\/04\\\/video-astronauta-de-la-mision-artemis-ii-filtra-por-error-la-contrasena-de-los-equipos-de-la-nave\\\/\"},\"wordCount\":150,\"commentCount\":0,\"publisher\":{\"@id\":\"https:\\\/\\\/fuentesfidedignas.com.mx\\\/#organization\"},\"image\":{\"@id\":\"https:\\\/\\\/fuentesfidedignas.com.mx\\\/index.php\\\/2026\\\/04\\\/04\\\/video-astronauta-de-la-mision-artemis-ii-filtra-por-error-la-contrasena-de-los-equipos-de-la-nave\\\/#primaryimage\"},\"thumbnailUrl\":\"https:\\\/\\\/fuentesfidedignas.com.mx\\\/wp-content\\\/uploads\\\/2026\\\/04\\\/69cf97a7e9ff71328e486000.jpg\",\"articleSection\":[\"LAS ASOMBROSAS\"],\"inLanguage\":\"es\",\"potentialAction\":[{\"@type\":\"CommentAction\",\"name\":\"Comment\",\"target\":[\"https:\\\/\\\/fuentesfidedignas.com.mx\\\/index.php\\\/2026\\\/04\\\/04\\\/video-astronauta-de-la-mision-artemis-ii-filtra-por-error-la-contrasena-de-los-equipos-de-la-nave\\\/#respond\"]}]},{\"@type\":\"WebPage\",\"@id\":\"https:\\\/\\\/fuentesfidedignas.com.mx\\\/index.php\\\/2026\\\/04\\\/04\\\/video-astronauta-de-la-mision-artemis-ii-filtra-por-error-la-contrasena-de-los-equipos-de-la-nave\\\/\",\"url\":\"https:\\\/\\\/fuentesfidedignas.com.mx\\\/index.php\\\/2026\\\/04\\\/04\\\/video-astronauta-de-la-mision-artemis-ii-filtra-por-error-la-contrasena-de-los-equipos-de-la-nave\\\/\",\"name\":\"VIDEO: Astronauta de la misi\u00f3n Artemis II filtra por error la contrase\u00f1a de los equipos de la nave - Fuentes Fidedignas\",\"isPartOf\":{\"@id\":\"https:\\\/\\\/fuentesfidedignas.com.mx\\\/#website\"},\"primaryImageOfPage\":{\"@id\":\"https:\\\/\\\/fuentesfidedignas.com.mx\\\/index.php\\\/2026\\\/04\\\/04\\\/video-astronauta-de-la-mision-artemis-ii-filtra-por-error-la-contrasena-de-los-equipos-de-la-nave\\\/#primaryimage\"},\"image\":{\"@id\":\"https:\\\/\\\/fuentesfidedignas.com.mx\\\/index.php\\\/2026\\\/04\\\/04\\\/video-astronauta-de-la-mision-artemis-ii-filtra-por-error-la-contrasena-de-los-equipos-de-la-nave\\\/#primaryimage\"},\"thumbnailUrl\":\"https:\\\/\\\/fuentesfidedignas.com.mx\\\/wp-content\\\/uploads\\\/2026\\\/04\\\/69cf97a7e9ff71328e486000.jpg\",\"datePublished\":\"2026-04-04T10:54:00+00:00\",\"breadcrumb\":{\"@id\":\"https:\\\/\\\/fuentesfidedignas.com.mx\\\/index.php\\\/2026\\\/04\\\/04\\\/video-astronauta-de-la-mision-artemis-ii-filtra-por-error-la-contrasena-de-los-equipos-de-la-nave\\\/#breadcrumb\"},\"inLanguage\":\"es\",\"potentialAction\":[{\"@type\":\"ReadAction\",\"target\":[\"https:\\\/\\\/fuentesfidedignas.com.mx\\\/index.php\\\/2026\\\/04\\\/04\\\/video-astronauta-de-la-mision-artemis-ii-filtra-por-error-la-contrasena-de-los-equipos-de-la-nave\\\/\"]}]},{\"@type\":\"ImageObject\",\"inLanguage\":\"es\",\"@id\":\"https:\\\/\\\/fuentesfidedignas.com.mx\\\/index.php\\\/2026\\\/04\\\/04\\\/video-astronauta-de-la-mision-artemis-ii-filtra-por-error-la-contrasena-de-los-equipos-de-la-nave\\\/#primaryimage\",\"url\":\"https:\\\/\\\/fuentesfidedignas.com.mx\\\/wp-content\\\/uploads\\\/2026\\\/04\\\/69cf97a7e9ff71328e486000.jpg\",\"contentUrl\":\"https:\\\/\\\/fuentesfidedignas.com.mx\\\/wp-content\\\/uploads\\\/2026\\\/04\\\/69cf97a7e9ff71328e486000.jpg\",\"width\":1104,\"height\":622},{\"@type\":\"BreadcrumbList\",\"@id\":\"https:\\\/\\\/fuentesfidedignas.com.mx\\\/index.php\\\/2026\\\/04\\\/04\\\/video-astronauta-de-la-mision-artemis-ii-filtra-por-error-la-contrasena-de-los-equipos-de-la-nave\\\/#breadcrumb\",\"itemListElement\":[{\"@type\":\"ListItem\",\"position\":1,\"name\":\"Inicio\",\"item\":\"https:\\\/\\\/fuentesfidedignas.com.mx\\\/\"},{\"@type\":\"ListItem\",\"position\":2,\"name\":\"VIDEO: Astronauta de la misi\u00f3n Artemis II filtra por error la contrase\u00f1a de los equipos de la nave\"}]},{\"@type\":\"WebSite\",\"@id\":\"https:\\\/\\\/fuentesfidedignas.com.mx\\\/#website\",\"url\":\"https:\\\/\\\/fuentesfidedignas.com.mx\\\/\",\"name\":\"Fuentes Fidedignas\",\"description\":\"Otro sitio realizado con WordPress\",\"publisher\":{\"@id\":\"https:\\\/\\\/fuentesfidedignas.com.mx\\\/#organization\"},\"potentialAction\":[{\"@type\":\"SearchAction\",\"target\":{\"@type\":\"EntryPoint\",\"urlTemplate\":\"https:\\\/\\\/fuentesfidedignas.com.mx\\\/?s={search_term_string}\"},\"query-input\":{\"@type\":\"PropertyValueSpecification\",\"valueRequired\":true,\"valueName\":\"search_term_string\"}}],\"inLanguage\":\"es\"},{\"@type\":\"Organization\",\"@id\":\"https:\\\/\\\/fuentesfidedignas.com.mx\\\/#organization\",\"name\":\"Fuentes Fidedignas\",\"url\":\"https:\\\/\\\/fuentesfidedignas.com.mx\\\/\",\"logo\":{\"@type\":\"ImageObject\",\"inLanguage\":\"es\",\"@id\":\"https:\\\/\\\/fuentesfidedignas.com.mx\\\/#\\\/schema\\\/logo\\\/image\\\/\",\"url\":\"https:\\\/\\\/fuentesfidedignas.com.mx\\\/wp-content\\\/uploads\\\/2021\\\/04\\\/logo-retina.png\",\"contentUrl\":\"https:\\\/\\\/fuentesfidedignas.com.mx\\\/wp-content\\\/uploads\\\/2021\\\/04\\\/logo-retina.png\",\"width\":280,\"height\":51,\"caption\":\"Fuentes Fidedignas\"},\"image\":{\"@id\":\"https:\\\/\\\/fuentesfidedignas.com.mx\\\/#\\\/schema\\\/logo\\\/image\\\/\"},\"sameAs\":[\"https:\\\/\\\/www.facebook.com\\\/Fuentes-Fidedignas-368234489921644\",\"https:\\\/\\\/x.com\\\/fidedignas\"]},{\"@type\":\"Person\",\"@id\":\"https:\\\/\\\/fuentesfidedignas.com.mx\\\/#\\\/schema\\\/person\\\/eade03a5d4a96f9b557ac266e3d63718\",\"name\":\"Actualidad RT\",\"image\":{\"@type\":\"ImageObject\",\"inLanguage\":\"es\",\"@id\":\"https:\\\/\\\/secure.gravatar.com\\\/avatar\\\/443e88260a6a7111cf83d7014ab1894f91a4053ffd4e9da37d79effad3a35c81?s=96&d=mm&r=g\",\"url\":\"https:\\\/\\\/secure.gravatar.com\\\/avatar\\\/443e88260a6a7111cf83d7014ab1894f91a4053ffd4e9da37d79effad3a35c81?s=96&d=mm&r=g\",\"contentUrl\":\"https:\\\/\\\/secure.gravatar.com\\\/avatar\\\/443e88260a6a7111cf83d7014ab1894f91a4053ffd4e9da37d79effad3a35c81?s=96&d=mm&r=g\",\"caption\":\"Actualidad RT\"},\"url\":\"https:\\\/\\\/fuentesfidedignas.com.mx\\\/index.php\\\/author\\\/actualidad\\\/\"}]}<\/script>\n<!-- \/ Yoast SEO plugin. -->","yoast_head_json":{"title":"VIDEO: Astronauta de la misi\u00f3n Artemis II filtra por error la contrase\u00f1a de los equipos de la nave - Fuentes Fidedignas","robots":{"index":"index","follow":"follow","max-snippet":"max-snippet:-1","max-image-preview":"max-image-preview:large","max-video-preview":"max-video-preview:-1"},"canonical":"https:\/\/fuentesfidedignas.com.mx\/index.php\/2026\/04\/04\/video-astronauta-de-la-mision-artemis-ii-filtra-por-error-la-contrasena-de-los-equipos-de-la-nave\/","og_locale":"es_MX","og_type":"article","og_title":"VIDEO: Astronauta de la misi\u00f3n Artemis II filtra por error la contrase\u00f1a de los equipos de la nave - Fuentes Fidedignas","og_description":"Durante la transmisi\u00f3n en vivo de la NASA de la misi\u00f3n Artemis II, una c\u00e1mara de alta definici\u00f3n situada sobre el astronauta Reed Wiseman capt\u00f3 el momento en que este introdujo el c\u00f3digo de desbloqueo &#8216;3939&#8217; en una tableta a bordo de la nave Orion. Este incidente, que expuso la contrase\u00f1a ante una audiencia global, [&hellip;]","og_url":"https:\/\/fuentesfidedignas.com.mx\/index.php\/2026\/04\/04\/video-astronauta-de-la-mision-artemis-ii-filtra-por-error-la-contrasena-de-los-equipos-de-la-nave\/","og_site_name":"Fuentes Fidedignas","article_publisher":"https:\/\/www.facebook.com\/Fuentes-Fidedignas-368234489921644","article_published_time":"2026-04-04T10:54:00+00:00","og_image":[{"width":1104,"height":622,"url":"https:\/\/fuentesfidedignas.com.mx\/wp-content\/uploads\/2026\/04\/69cf97a7e9ff71328e486000.jpg","type":"image\/jpeg"}],"author":"Actualidad RT","twitter_card":"summary_large_image","twitter_creator":"@fidedignas","twitter_site":"@fidedignas","twitter_misc":{"Escrito por":"Actualidad RT","Tiempo de lectura":"1 minuto"},"schema":{"@context":"https:\/\/schema.org","@graph":[{"@type":"Article","@id":"https:\/\/fuentesfidedignas.com.mx\/index.php\/2026\/04\/04\/video-astronauta-de-la-mision-artemis-ii-filtra-por-error-la-contrasena-de-los-equipos-de-la-nave\/#article","isPartOf":{"@id":"https:\/\/fuentesfidedignas.com.mx\/index.php\/2026\/04\/04\/video-astronauta-de-la-mision-artemis-ii-filtra-por-error-la-contrasena-de-los-equipos-de-la-nave\/"},"author":{"name":"Actualidad RT","@id":"https:\/\/fuentesfidedignas.com.mx\/#\/schema\/person\/eade03a5d4a96f9b557ac266e3d63718"},"headline":"VIDEO: Astronauta de la misi\u00f3n Artemis II filtra por error la contrase\u00f1a de los equipos de la nave","datePublished":"2026-04-04T10:54:00+00:00","mainEntityOfPage":{"@id":"https:\/\/fuentesfidedignas.com.mx\/index.php\/2026\/04\/04\/video-astronauta-de-la-mision-artemis-ii-filtra-por-error-la-contrasena-de-los-equipos-de-la-nave\/"},"wordCount":150,"commentCount":0,"publisher":{"@id":"https:\/\/fuentesfidedignas.com.mx\/#organization"},"image":{"@id":"https:\/\/fuentesfidedignas.com.mx\/index.php\/2026\/04\/04\/video-astronauta-de-la-mision-artemis-ii-filtra-por-error-la-contrasena-de-los-equipos-de-la-nave\/#primaryimage"},"thumbnailUrl":"https:\/\/fuentesfidedignas.com.mx\/wp-content\/uploads\/2026\/04\/69cf97a7e9ff71328e486000.jpg","articleSection":["LAS ASOMBROSAS"],"inLanguage":"es","potentialAction":[{"@type":"CommentAction","name":"Comment","target":["https:\/\/fuentesfidedignas.com.mx\/index.php\/2026\/04\/04\/video-astronauta-de-la-mision-artemis-ii-filtra-por-error-la-contrasena-de-los-equipos-de-la-nave\/#respond"]}]},{"@type":"WebPage","@id":"https:\/\/fuentesfidedignas.com.mx\/index.php\/2026\/04\/04\/video-astronauta-de-la-mision-artemis-ii-filtra-por-error-la-contrasena-de-los-equipos-de-la-nave\/","url":"https:\/\/fuentesfidedignas.com.mx\/index.php\/2026\/04\/04\/video-astronauta-de-la-mision-artemis-ii-filtra-por-error-la-contrasena-de-los-equipos-de-la-nave\/","name":"VIDEO: Astronauta de la misi\u00f3n Artemis II filtra por error la contrase\u00f1a de los equipos de la nave - Fuentes Fidedignas","isPartOf":{"@id":"https:\/\/fuentesfidedignas.com.mx\/#website"},"primaryImageOfPage":{"@id":"https:\/\/fuentesfidedignas.com.mx\/index.php\/2026\/04\/04\/video-astronauta-de-la-mision-artemis-ii-filtra-por-error-la-contrasena-de-los-equipos-de-la-nave\/#primaryimage"},"image":{"@id":"https:\/\/fuentesfidedignas.com.mx\/index.php\/2026\/04\/04\/video-astronauta-de-la-mision-artemis-ii-filtra-por-error-la-contrasena-de-los-equipos-de-la-nave\/#primaryimage"},"thumbnailUrl":"https:\/\/fuentesfidedignas.com.mx\/wp-content\/uploads\/2026\/04\/69cf97a7e9ff71328e486000.jpg","datePublished":"2026-04-04T10:54:00+00:00","breadcrumb":{"@id":"https:\/\/fuentesfidedignas.com.mx\/index.php\/2026\/04\/04\/video-astronauta-de-la-mision-artemis-ii-filtra-por-error-la-contrasena-de-los-equipos-de-la-nave\/#breadcrumb"},"inLanguage":"es","potentialAction":[{"@type":"ReadAction","target":["https:\/\/fuentesfidedignas.com.mx\/index.php\/2026\/04\/04\/video-astronauta-de-la-mision-artemis-ii-filtra-por-error-la-contrasena-de-los-equipos-de-la-nave\/"]}]},{"@type":"ImageObject","inLanguage":"es","@id":"https:\/\/fuentesfidedignas.com.mx\/index.php\/2026\/04\/04\/video-astronauta-de-la-mision-artemis-ii-filtra-por-error-la-contrasena-de-los-equipos-de-la-nave\/#primaryimage","url":"https:\/\/fuentesfidedignas.com.mx\/wp-content\/uploads\/2026\/04\/69cf97a7e9ff71328e486000.jpg","contentUrl":"https:\/\/fuentesfidedignas.com.mx\/wp-content\/uploads\/2026\/04\/69cf97a7e9ff71328e486000.jpg","width":1104,"height":622},{"@type":"BreadcrumbList","@id":"https:\/\/fuentesfidedignas.com.mx\/index.php\/2026\/04\/04\/video-astronauta-de-la-mision-artemis-ii-filtra-por-error-la-contrasena-de-los-equipos-de-la-nave\/#breadcrumb","itemListElement":[{"@type":"ListItem","position":1,"name":"Inicio","item":"https:\/\/fuentesfidedignas.com.mx\/"},{"@type":"ListItem","position":2,"name":"VIDEO: Astronauta de la misi\u00f3n Artemis II filtra por error la contrase\u00f1a de los equipos de la nave"}]},{"@type":"WebSite","@id":"https:\/\/fuentesfidedignas.com.mx\/#website","url":"https:\/\/fuentesfidedignas.com.mx\/","name":"Fuentes Fidedignas","description":"Otro sitio realizado con WordPress","publisher":{"@id":"https:\/\/fuentesfidedignas.com.mx\/#organization"},"potentialAction":[{"@type":"SearchAction","target":{"@type":"EntryPoint","urlTemplate":"https:\/\/fuentesfidedignas.com.mx\/?s={search_term_string}"},"query-input":{"@type":"PropertyValueSpecification","valueRequired":true,"valueName":"search_term_string"}}],"inLanguage":"es"},{"@type":"Organization","@id":"https:\/\/fuentesfidedignas.com.mx\/#organization","name":"Fuentes Fidedignas","url":"https:\/\/fuentesfidedignas.com.mx\/","logo":{"@type":"ImageObject","inLanguage":"es","@id":"https:\/\/fuentesfidedignas.com.mx\/#\/schema\/logo\/image\/","url":"https:\/\/fuentesfidedignas.com.mx\/wp-content\/uploads\/2021\/04\/logo-retina.png","contentUrl":"https:\/\/fuentesfidedignas.com.mx\/wp-content\/uploads\/2021\/04\/logo-retina.png","width":280,"height":51,"caption":"Fuentes Fidedignas"},"image":{"@id":"https:\/\/fuentesfidedignas.com.mx\/#\/schema\/logo\/image\/"},"sameAs":["https:\/\/www.facebook.com\/Fuentes-Fidedignas-368234489921644","https:\/\/x.com\/fidedignas"]},{"@type":"Person","@id":"https:\/\/fuentesfidedignas.com.mx\/#\/schema\/person\/eade03a5d4a96f9b557ac266e3d63718","name":"Actualidad RT","image":{"@type":"ImageObject","inLanguage":"es","@id":"https:\/\/secure.gravatar.com\/avatar\/443e88260a6a7111cf83d7014ab1894f91a4053ffd4e9da37d79effad3a35c81?s=96&d=mm&r=g","url":"https:\/\/secure.gravatar.com\/avatar\/443e88260a6a7111cf83d7014ab1894f91a4053ffd4e9da37d79effad3a35c81?s=96&d=mm&r=g","contentUrl":"https:\/\/secure.gravatar.com\/avatar\/443e88260a6a7111cf83d7014ab1894f91a4053ffd4e9da37d79effad3a35c81?s=96&d=mm&r=g","caption":"Actualidad RT"},"url":"https:\/\/fuentesfidedignas.com.mx\/index.php\/author\/actualidad\/"}]}},"_links":{"self":[{"href":"https:\/\/fuentesfidedignas.com.mx\/index.php\/wp-json\/wp\/v2\/posts\/130681","targetHints":{"allow":["GET"]}}],"collection":[{"href":"https:\/\/fuentesfidedignas.com.mx\/index.php\/wp-json\/wp\/v2\/posts"}],"about":[{"href":"https:\/\/fuentesfidedignas.com.mx\/index.php\/wp-json\/wp\/v2\/types\/post"}],"author":[{"embeddable":true,"href":"https:\/\/fuentesfidedignas.com.mx\/index.php\/wp-json\/wp\/v2\/users\/38"}],"replies":[{"embeddable":true,"href":"https:\/\/fuentesfidedignas.com.mx\/index.php\/wp-json\/wp\/v2\/comments?post=130681"}],"version-history":[{"count":1,"href":"https:\/\/fuentesfidedignas.com.mx\/index.php\/wp-json\/wp\/v2\/posts\/130681\/revisions"}],"predecessor-version":[{"id":130683,"href":"https:\/\/fuentesfidedignas.com.mx\/index.php\/wp-json\/wp\/v2\/posts\/130681\/revisions\/130683"}],"wp:featuredmedia":[{"embeddable":true,"href":"https:\/\/fuentesfidedignas.com.mx\/index.php\/wp-json\/wp\/v2\/media\/130682"}],"wp:attachment":[{"href":"https:\/\/fuentesfidedignas.com.mx\/index.php\/wp-json\/wp\/v2\/media?parent=130681"}],"wp:term":[{"taxonomy":"category","embeddable":true,"href":"https:\/\/fuentesfidedignas.com.mx\/index.php\/wp-json\/wp\/v2\/categories?post=130681"},{"taxonomy":"post_tag","embeddable":true,"href":"https:\/\/fuentesfidedignas.com.mx\/index.php\/wp-json\/wp\/v2\/tags?post=130681"}],"curies":[{"name":"wp","href":"https:\/\/api.w.org\/{rel}","templated":true}]}}