{"id":130678,"date":"2026-04-04T03:52:00","date_gmt":"2026-04-04T10:52:00","guid":{"rendered":"https:\/\/fuentesfidedignas.com.mx\/?p=130678"},"modified":"2026-04-03T15:53:58","modified_gmt":"2026-04-03T22:53:58","slug":"aficionado-de-irak-no-se-rajo-se-tatuo-el-cerro-de-la-silla-y-la-bandera-de-mexico","status":"publish","type":"post","link":"https:\/\/fuentesfidedignas.com.mx\/index.php\/2026\/04\/04\/aficionado-de-irak-no-se-rajo-se-tatuo-el-cerro-de-la-silla-y-la-bandera-de-mexico\/","title":{"rendered":"Aficionado de Irak no se raj\u00f3: se tatu\u00f3 el Cerro de la Silla y la bandera de M\u00e9xico"},"content":{"rendered":"\n<p><br><em><strong>Ahmed Husam fue fiel a su palabra al tatuarse el Cerro de la Silla, el trofeo de la Copa del Mundo y la bandera de M\u00e9xico tras la clasificaci\u00f3n de Irak<\/strong><\/em><\/p>\n\n\n\n<p>Todav\u00eda no inicia el Mundial 2026 y ya nos ha dejado varias historias. En Italia se quedaron sin t\u00e9cnico, habr\u00e1 \u201cdivisiones\u201d en una Fan Fest, la reinauguraci\u00f3n del Estadio Banorte, las 48 selecciones ya definidas y, la m\u00e1s reciente, un aficionado de Irak cumpli\u00f3 su promesa y se tatu\u00f3 el Cerro de la Silla, luego de que su selecci\u00f3n consiguiere su clasificaci\u00f3n al torneo en esta sede.<\/p>\n\n\n\n<p>PUBLICIDAD<\/p>\n\n\n\n<p>El pasado martes 31 de marzo, Irak derrot\u00f3 2-1 a Bolivia en el Estadio Monterrey en la final del repechaje intercontinental, con lo que consigui\u00f3 el \u00faltimo boleto para el Mundial 2026. Ali Alhamadi y Aymen Hussein marcaron los goles de la victoria. \u00a9 2025 Imagen &#8211; Exc\u00e9lsior. Todos los derechos reservados. El contenido de este sitio y de la edici\u00f3n impresa est\u00e1 protegido por la Ley Federal del Derecho de Autor. Prohibida la reproducci\u00f3n total o parcial sin autorizaci\u00f3n previa y por escrito. El material de terceros conserva sus propios derechos.<\/p>\n\n\n\n<figure class=\"wp-block-embed is-type-rich is-provider-twitter wp-block-embed-twitter\"><div class=\"wp-block-embed__wrapper\">\n<blockquote class=\"twitter-tweet\" data-width=\"550\" data-dnt=\"true\"><p lang=\"es\" dir=\"ltr\">Promesa es una promesa. \u26f0\ufe0f<br><br>El ic\u00f3nico Cerro de la Silla, la bandera de M\u00e9xico y la fecha en que su selecci\u00f3n clasific\u00f3 a la Copa Mundial de la FIFA 2026\u2122\ufe0f. \ud83c\udfc6\ud83c\uddee\ud83c\uddf6<br><br>Hay sue\u00f1os que merecen quedarse contigo para siempre. Momento hist\u00f3rico. \ud83e\udef6\ud83c\udffc<br><br>Ahmed, hermano, ya eres mexicano. \ud83c\udfb6\ud83c\uddf2\ud83c\uddfd <a href=\"https:\/\/t.co\/KDbAeD5kO0\">pic.twitter.com\/KDbAeD5kO0<\/a><\/p>&mdash; FIFA World Cup 26\u2122 Monterrey (@MonterreyFWC26) <a href=\"https:\/\/twitter.com\/MonterreyFWC26\/status\/2039868564622946503?ref_src=twsrc%5Etfw\">April 3, 2026<\/a><\/blockquote><script async src=\"https:\/\/platform.twitter.com\/widgets.js\" charset=\"utf-8\"><\/script>\n<\/div><\/figure>\n","protected":false},"excerpt":{"rendered":"<p>Ahmed Husam fue fiel a su palabra al tatuarse el Cerro de la Silla, el trofeo de la Copa del Mundo y la bandera de M\u00e9xico tras la clasificaci\u00f3n de Irak Todav\u00eda no inicia el Mundial 2026 y ya nos ha dejado varias historias. En Italia se quedaron sin t\u00e9cnico, habr\u00e1 \u201cdivisiones\u201d en una Fan [&hellip;]<\/p>\n","protected":false},"author":7,"featured_media":130679,"comment_status":"open","ping_status":"open","sticky":false,"template":"","format":"standard","meta":{"tdm_status":"","tdm_grid_status":"","footnotes":""},"categories":[40],"tags":[],"class_list":{"0":"post-130678","1":"post","2":"type-post","3":"status-publish","4":"format-standard","5":"has-post-thumbnail","7":"category-las-asombrosas"},"yoast_head":"<!-- This site is optimized with the Yoast SEO plugin v27.5 - https:\/\/yoast.com\/product\/yoast-seo-wordpress\/ -->\n<title>Aficionado de Irak no se raj\u00f3: se tatu\u00f3 el Cerro de la Silla y la bandera de M\u00e9xico - Fuentes Fidedignas<\/title>\n<meta name=\"robots\" content=\"index, follow, max-snippet:-1, max-image-preview:large, max-video-preview:-1\" \/>\n<link rel=\"canonical\" href=\"https:\/\/fuentesfidedignas.com.mx\/index.php\/2026\/04\/04\/aficionado-de-irak-no-se-rajo-se-tatuo-el-cerro-de-la-silla-y-la-bandera-de-mexico\/\" \/>\n<meta property=\"og:locale\" content=\"es_MX\" \/>\n<meta property=\"og:type\" content=\"article\" \/>\n<meta property=\"og:title\" content=\"Aficionado de Irak no se raj\u00f3: se tatu\u00f3 el Cerro de la Silla y la bandera de M\u00e9xico - Fuentes Fidedignas\" \/>\n<meta property=\"og:description\" content=\"Ahmed Husam fue fiel a su palabra al tatuarse el Cerro de la Silla, el trofeo de la Copa del Mundo y la bandera de M\u00e9xico tras la clasificaci\u00f3n de Irak Todav\u00eda no inicia el Mundial 2026 y ya nos ha dejado varias historias. En Italia se quedaron sin t\u00e9cnico, habr\u00e1 \u201cdivisiones\u201d en una Fan [&hellip;]\" \/>\n<meta property=\"og:url\" content=\"https:\/\/fuentesfidedignas.com.mx\/index.php\/2026\/04\/04\/aficionado-de-irak-no-se-rajo-se-tatuo-el-cerro-de-la-silla-y-la-bandera-de-mexico\/\" \/>\n<meta property=\"og:site_name\" content=\"Fuentes Fidedignas\" \/>\n<meta property=\"article:publisher\" content=\"https:\/\/www.facebook.com\/Fuentes-Fidedignas-368234489921644\" \/>\n<meta property=\"article:published_time\" content=\"2026-04-04T10:52:00+00:00\" \/>\n<meta property=\"og:image\" content=\"https:\/\/fuentesfidedignas.com.mx\/wp-content\/uploads\/2026\/04\/69d00285efdb7.jpeg\" \/>\n\t<meta property=\"og:image:width\" content=\"813\" \/>\n\t<meta property=\"og:image:height\" content=\"542\" \/>\n\t<meta property=\"og:image:type\" content=\"image\/jpeg\" \/>\n<meta name=\"author\" content=\"Exc\u00e9lsior\" \/>\n<meta name=\"twitter:card\" content=\"summary_large_image\" \/>\n<meta name=\"twitter:creator\" content=\"@fidedignas\" \/>\n<meta name=\"twitter:site\" content=\"@fidedignas\" \/>\n<meta name=\"twitter:label1\" content=\"Escrito por\" \/>\n\t<meta name=\"twitter:data1\" content=\"Exc\u00e9lsior\" \/>\n\t<meta name=\"twitter:label2\" content=\"Tiempo de lectura\" \/>\n\t<meta name=\"twitter:data2\" content=\"2 minutos\" \/>\n<script type=\"application\/ld+json\" class=\"yoast-schema-graph\">{\"@context\":\"https:\\\/\\\/schema.org\",\"@graph\":[{\"@type\":\"Article\",\"@id\":\"https:\\\/\\\/fuentesfidedignas.com.mx\\\/index.php\\\/2026\\\/04\\\/04\\\/aficionado-de-irak-no-se-rajo-se-tatuo-el-cerro-de-la-silla-y-la-bandera-de-mexico\\\/#article\",\"isPartOf\":{\"@id\":\"https:\\\/\\\/fuentesfidedignas.com.mx\\\/index.php\\\/2026\\\/04\\\/04\\\/aficionado-de-irak-no-se-rajo-se-tatuo-el-cerro-de-la-silla-y-la-bandera-de-mexico\\\/\"},\"author\":{\"name\":\"Exc\u00e9lsior\",\"@id\":\"https:\\\/\\\/fuentesfidedignas.com.mx\\\/#\\\/schema\\\/person\\\/ec4edd1fbf5efa3e44fce34fe2787780\"},\"headline\":\"Aficionado de Irak no se raj\u00f3: se tatu\u00f3 el Cerro de la Silla y la bandera de M\u00e9xico\",\"datePublished\":\"2026-04-04T10:52:00+00:00\",\"mainEntityOfPage\":{\"@id\":\"https:\\\/\\\/fuentesfidedignas.com.mx\\\/index.php\\\/2026\\\/04\\\/04\\\/aficionado-de-irak-no-se-rajo-se-tatuo-el-cerro-de-la-silla-y-la-bandera-de-mexico\\\/\"},\"wordCount\":254,\"commentCount\":0,\"publisher\":{\"@id\":\"https:\\\/\\\/fuentesfidedignas.com.mx\\\/#organization\"},\"image\":{\"@id\":\"https:\\\/\\\/fuentesfidedignas.com.mx\\\/index.php\\\/2026\\\/04\\\/04\\\/aficionado-de-irak-no-se-rajo-se-tatuo-el-cerro-de-la-silla-y-la-bandera-de-mexico\\\/#primaryimage\"},\"thumbnailUrl\":\"https:\\\/\\\/fuentesfidedignas.com.mx\\\/wp-content\\\/uploads\\\/2026\\\/04\\\/69d00285efdb7.jpeg\",\"articleSection\":[\"LAS ASOMBROSAS\"],\"inLanguage\":\"es\",\"potentialAction\":[{\"@type\":\"CommentAction\",\"name\":\"Comment\",\"target\":[\"https:\\\/\\\/fuentesfidedignas.com.mx\\\/index.php\\\/2026\\\/04\\\/04\\\/aficionado-de-irak-no-se-rajo-se-tatuo-el-cerro-de-la-silla-y-la-bandera-de-mexico\\\/#respond\"]}]},{\"@type\":\"WebPage\",\"@id\":\"https:\\\/\\\/fuentesfidedignas.com.mx\\\/index.php\\\/2026\\\/04\\\/04\\\/aficionado-de-irak-no-se-rajo-se-tatuo-el-cerro-de-la-silla-y-la-bandera-de-mexico\\\/\",\"url\":\"https:\\\/\\\/fuentesfidedignas.com.mx\\\/index.php\\\/2026\\\/04\\\/04\\\/aficionado-de-irak-no-se-rajo-se-tatuo-el-cerro-de-la-silla-y-la-bandera-de-mexico\\\/\",\"name\":\"Aficionado de Irak no se raj\u00f3: se tatu\u00f3 el Cerro de la Silla y la bandera de M\u00e9xico - Fuentes Fidedignas\",\"isPartOf\":{\"@id\":\"https:\\\/\\\/fuentesfidedignas.com.mx\\\/#website\"},\"primaryImageOfPage\":{\"@id\":\"https:\\\/\\\/fuentesfidedignas.com.mx\\\/index.php\\\/2026\\\/04\\\/04\\\/aficionado-de-irak-no-se-rajo-se-tatuo-el-cerro-de-la-silla-y-la-bandera-de-mexico\\\/#primaryimage\"},\"image\":{\"@id\":\"https:\\\/\\\/fuentesfidedignas.com.mx\\\/index.php\\\/2026\\\/04\\\/04\\\/aficionado-de-irak-no-se-rajo-se-tatuo-el-cerro-de-la-silla-y-la-bandera-de-mexico\\\/#primaryimage\"},\"thumbnailUrl\":\"https:\\\/\\\/fuentesfidedignas.com.mx\\\/wp-content\\\/uploads\\\/2026\\\/04\\\/69d00285efdb7.jpeg\",\"datePublished\":\"2026-04-04T10:52:00+00:00\",\"breadcrumb\":{\"@id\":\"https:\\\/\\\/fuentesfidedignas.com.mx\\\/index.php\\\/2026\\\/04\\\/04\\\/aficionado-de-irak-no-se-rajo-se-tatuo-el-cerro-de-la-silla-y-la-bandera-de-mexico\\\/#breadcrumb\"},\"inLanguage\":\"es\",\"potentialAction\":[{\"@type\":\"ReadAction\",\"target\":[\"https:\\\/\\\/fuentesfidedignas.com.mx\\\/index.php\\\/2026\\\/04\\\/04\\\/aficionado-de-irak-no-se-rajo-se-tatuo-el-cerro-de-la-silla-y-la-bandera-de-mexico\\\/\"]}]},{\"@type\":\"ImageObject\",\"inLanguage\":\"es\",\"@id\":\"https:\\\/\\\/fuentesfidedignas.com.mx\\\/index.php\\\/2026\\\/04\\\/04\\\/aficionado-de-irak-no-se-rajo-se-tatuo-el-cerro-de-la-silla-y-la-bandera-de-mexico\\\/#primaryimage\",\"url\":\"https:\\\/\\\/fuentesfidedignas.com.mx\\\/wp-content\\\/uploads\\\/2026\\\/04\\\/69d00285efdb7.jpeg\",\"contentUrl\":\"https:\\\/\\\/fuentesfidedignas.com.mx\\\/wp-content\\\/uploads\\\/2026\\\/04\\\/69d00285efdb7.jpeg\",\"width\":813,\"height\":542},{\"@type\":\"BreadcrumbList\",\"@id\":\"https:\\\/\\\/fuentesfidedignas.com.mx\\\/index.php\\\/2026\\\/04\\\/04\\\/aficionado-de-irak-no-se-rajo-se-tatuo-el-cerro-de-la-silla-y-la-bandera-de-mexico\\\/#breadcrumb\",\"itemListElement\":[{\"@type\":\"ListItem\",\"position\":1,\"name\":\"Inicio\",\"item\":\"https:\\\/\\\/fuentesfidedignas.com.mx\\\/\"},{\"@type\":\"ListItem\",\"position\":2,\"name\":\"Aficionado de Irak no se raj\u00f3: se tatu\u00f3 el Cerro de la Silla y la bandera de M\u00e9xico\"}]},{\"@type\":\"WebSite\",\"@id\":\"https:\\\/\\\/fuentesfidedignas.com.mx\\\/#website\",\"url\":\"https:\\\/\\\/fuentesfidedignas.com.mx\\\/\",\"name\":\"Fuentes Fidedignas\",\"description\":\"Otro sitio realizado con WordPress\",\"publisher\":{\"@id\":\"https:\\\/\\\/fuentesfidedignas.com.mx\\\/#organization\"},\"potentialAction\":[{\"@type\":\"SearchAction\",\"target\":{\"@type\":\"EntryPoint\",\"urlTemplate\":\"https:\\\/\\\/fuentesfidedignas.com.mx\\\/?s={search_term_string}\"},\"query-input\":{\"@type\":\"PropertyValueSpecification\",\"valueRequired\":true,\"valueName\":\"search_term_string\"}}],\"inLanguage\":\"es\"},{\"@type\":\"Organization\",\"@id\":\"https:\\\/\\\/fuentesfidedignas.com.mx\\\/#organization\",\"name\":\"Fuentes Fidedignas\",\"url\":\"https:\\\/\\\/fuentesfidedignas.com.mx\\\/\",\"logo\":{\"@type\":\"ImageObject\",\"inLanguage\":\"es\",\"@id\":\"https:\\\/\\\/fuentesfidedignas.com.mx\\\/#\\\/schema\\\/logo\\\/image\\\/\",\"url\":\"https:\\\/\\\/fuentesfidedignas.com.mx\\\/wp-content\\\/uploads\\\/2021\\\/04\\\/logo-retina.png\",\"contentUrl\":\"https:\\\/\\\/fuentesfidedignas.com.mx\\\/wp-content\\\/uploads\\\/2021\\\/04\\\/logo-retina.png\",\"width\":280,\"height\":51,\"caption\":\"Fuentes Fidedignas\"},\"image\":{\"@id\":\"https:\\\/\\\/fuentesfidedignas.com.mx\\\/#\\\/schema\\\/logo\\\/image\\\/\"},\"sameAs\":[\"https:\\\/\\\/www.facebook.com\\\/Fuentes-Fidedignas-368234489921644\",\"https:\\\/\\\/x.com\\\/fidedignas\"]},{\"@type\":\"Person\",\"@id\":\"https:\\\/\\\/fuentesfidedignas.com.mx\\\/#\\\/schema\\\/person\\\/ec4edd1fbf5efa3e44fce34fe2787780\",\"name\":\"Exc\u00e9lsior\",\"image\":{\"@type\":\"ImageObject\",\"inLanguage\":\"es\",\"@id\":\"https:\\\/\\\/secure.gravatar.com\\\/avatar\\\/4b7ee9206b48be08447852b3f0814dbc7c0f3b51541b164f1464a2725614020b?s=96&d=mm&r=g\",\"url\":\"https:\\\/\\\/secure.gravatar.com\\\/avatar\\\/4b7ee9206b48be08447852b3f0814dbc7c0f3b51541b164f1464a2725614020b?s=96&d=mm&r=g\",\"contentUrl\":\"https:\\\/\\\/secure.gravatar.com\\\/avatar\\\/4b7ee9206b48be08447852b3f0814dbc7c0f3b51541b164f1464a2725614020b?s=96&d=mm&r=g\",\"caption\":\"Exc\u00e9lsior\"},\"url\":\"https:\\\/\\\/fuentesfidedignas.com.mx\\\/index.php\\\/author\\\/excelsior\\\/\"}]}<\/script>\n<!-- \/ Yoast SEO plugin. -->","yoast_head_json":{"title":"Aficionado de Irak no se raj\u00f3: se tatu\u00f3 el Cerro de la Silla y la bandera de M\u00e9xico - Fuentes Fidedignas","robots":{"index":"index","follow":"follow","max-snippet":"max-snippet:-1","max-image-preview":"max-image-preview:large","max-video-preview":"max-video-preview:-1"},"canonical":"https:\/\/fuentesfidedignas.com.mx\/index.php\/2026\/04\/04\/aficionado-de-irak-no-se-rajo-se-tatuo-el-cerro-de-la-silla-y-la-bandera-de-mexico\/","og_locale":"es_MX","og_type":"article","og_title":"Aficionado de Irak no se raj\u00f3: se tatu\u00f3 el Cerro de la Silla y la bandera de M\u00e9xico - Fuentes Fidedignas","og_description":"Ahmed Husam fue fiel a su palabra al tatuarse el Cerro de la Silla, el trofeo de la Copa del Mundo y la bandera de M\u00e9xico tras la clasificaci\u00f3n de Irak Todav\u00eda no inicia el Mundial 2026 y ya nos ha dejado varias historias. En Italia se quedaron sin t\u00e9cnico, habr\u00e1 \u201cdivisiones\u201d en una Fan [&hellip;]","og_url":"https:\/\/fuentesfidedignas.com.mx\/index.php\/2026\/04\/04\/aficionado-de-irak-no-se-rajo-se-tatuo-el-cerro-de-la-silla-y-la-bandera-de-mexico\/","og_site_name":"Fuentes Fidedignas","article_publisher":"https:\/\/www.facebook.com\/Fuentes-Fidedignas-368234489921644","article_published_time":"2026-04-04T10:52:00+00:00","og_image":[{"width":813,"height":542,"url":"https:\/\/fuentesfidedignas.com.mx\/wp-content\/uploads\/2026\/04\/69d00285efdb7.jpeg","type":"image\/jpeg"}],"author":"Exc\u00e9lsior","twitter_card":"summary_large_image","twitter_creator":"@fidedignas","twitter_site":"@fidedignas","twitter_misc":{"Escrito por":"Exc\u00e9lsior","Tiempo de lectura":"2 minutos"},"schema":{"@context":"https:\/\/schema.org","@graph":[{"@type":"Article","@id":"https:\/\/fuentesfidedignas.com.mx\/index.php\/2026\/04\/04\/aficionado-de-irak-no-se-rajo-se-tatuo-el-cerro-de-la-silla-y-la-bandera-de-mexico\/#article","isPartOf":{"@id":"https:\/\/fuentesfidedignas.com.mx\/index.php\/2026\/04\/04\/aficionado-de-irak-no-se-rajo-se-tatuo-el-cerro-de-la-silla-y-la-bandera-de-mexico\/"},"author":{"name":"Exc\u00e9lsior","@id":"https:\/\/fuentesfidedignas.com.mx\/#\/schema\/person\/ec4edd1fbf5efa3e44fce34fe2787780"},"headline":"Aficionado de Irak no se raj\u00f3: se tatu\u00f3 el Cerro de la Silla y la bandera de M\u00e9xico","datePublished":"2026-04-04T10:52:00+00:00","mainEntityOfPage":{"@id":"https:\/\/fuentesfidedignas.com.mx\/index.php\/2026\/04\/04\/aficionado-de-irak-no-se-rajo-se-tatuo-el-cerro-de-la-silla-y-la-bandera-de-mexico\/"},"wordCount":254,"commentCount":0,"publisher":{"@id":"https:\/\/fuentesfidedignas.com.mx\/#organization"},"image":{"@id":"https:\/\/fuentesfidedignas.com.mx\/index.php\/2026\/04\/04\/aficionado-de-irak-no-se-rajo-se-tatuo-el-cerro-de-la-silla-y-la-bandera-de-mexico\/#primaryimage"},"thumbnailUrl":"https:\/\/fuentesfidedignas.com.mx\/wp-content\/uploads\/2026\/04\/69d00285efdb7.jpeg","articleSection":["LAS ASOMBROSAS"],"inLanguage":"es","potentialAction":[{"@type":"CommentAction","name":"Comment","target":["https:\/\/fuentesfidedignas.com.mx\/index.php\/2026\/04\/04\/aficionado-de-irak-no-se-rajo-se-tatuo-el-cerro-de-la-silla-y-la-bandera-de-mexico\/#respond"]}]},{"@type":"WebPage","@id":"https:\/\/fuentesfidedignas.com.mx\/index.php\/2026\/04\/04\/aficionado-de-irak-no-se-rajo-se-tatuo-el-cerro-de-la-silla-y-la-bandera-de-mexico\/","url":"https:\/\/fuentesfidedignas.com.mx\/index.php\/2026\/04\/04\/aficionado-de-irak-no-se-rajo-se-tatuo-el-cerro-de-la-silla-y-la-bandera-de-mexico\/","name":"Aficionado de Irak no se raj\u00f3: se tatu\u00f3 el Cerro de la Silla y la bandera de M\u00e9xico - Fuentes Fidedignas","isPartOf":{"@id":"https:\/\/fuentesfidedignas.com.mx\/#website"},"primaryImageOfPage":{"@id":"https:\/\/fuentesfidedignas.com.mx\/index.php\/2026\/04\/04\/aficionado-de-irak-no-se-rajo-se-tatuo-el-cerro-de-la-silla-y-la-bandera-de-mexico\/#primaryimage"},"image":{"@id":"https:\/\/fuentesfidedignas.com.mx\/index.php\/2026\/04\/04\/aficionado-de-irak-no-se-rajo-se-tatuo-el-cerro-de-la-silla-y-la-bandera-de-mexico\/#primaryimage"},"thumbnailUrl":"https:\/\/fuentesfidedignas.com.mx\/wp-content\/uploads\/2026\/04\/69d00285efdb7.jpeg","datePublished":"2026-04-04T10:52:00+00:00","breadcrumb":{"@id":"https:\/\/fuentesfidedignas.com.mx\/index.php\/2026\/04\/04\/aficionado-de-irak-no-se-rajo-se-tatuo-el-cerro-de-la-silla-y-la-bandera-de-mexico\/#breadcrumb"},"inLanguage":"es","potentialAction":[{"@type":"ReadAction","target":["https:\/\/fuentesfidedignas.com.mx\/index.php\/2026\/04\/04\/aficionado-de-irak-no-se-rajo-se-tatuo-el-cerro-de-la-silla-y-la-bandera-de-mexico\/"]}]},{"@type":"ImageObject","inLanguage":"es","@id":"https:\/\/fuentesfidedignas.com.mx\/index.php\/2026\/04\/04\/aficionado-de-irak-no-se-rajo-se-tatuo-el-cerro-de-la-silla-y-la-bandera-de-mexico\/#primaryimage","url":"https:\/\/fuentesfidedignas.com.mx\/wp-content\/uploads\/2026\/04\/69d00285efdb7.jpeg","contentUrl":"https:\/\/fuentesfidedignas.com.mx\/wp-content\/uploads\/2026\/04\/69d00285efdb7.jpeg","width":813,"height":542},{"@type":"BreadcrumbList","@id":"https:\/\/fuentesfidedignas.com.mx\/index.php\/2026\/04\/04\/aficionado-de-irak-no-se-rajo-se-tatuo-el-cerro-de-la-silla-y-la-bandera-de-mexico\/#breadcrumb","itemListElement":[{"@type":"ListItem","position":1,"name":"Inicio","item":"https:\/\/fuentesfidedignas.com.mx\/"},{"@type":"ListItem","position":2,"name":"Aficionado de Irak no se raj\u00f3: se tatu\u00f3 el Cerro de la Silla y la bandera de M\u00e9xico"}]},{"@type":"WebSite","@id":"https:\/\/fuentesfidedignas.com.mx\/#website","url":"https:\/\/fuentesfidedignas.com.mx\/","name":"Fuentes Fidedignas","description":"Otro sitio realizado con WordPress","publisher":{"@id":"https:\/\/fuentesfidedignas.com.mx\/#organization"},"potentialAction":[{"@type":"SearchAction","target":{"@type":"EntryPoint","urlTemplate":"https:\/\/fuentesfidedignas.com.mx\/?s={search_term_string}"},"query-input":{"@type":"PropertyValueSpecification","valueRequired":true,"valueName":"search_term_string"}}],"inLanguage":"es"},{"@type":"Organization","@id":"https:\/\/fuentesfidedignas.com.mx\/#organization","name":"Fuentes Fidedignas","url":"https:\/\/fuentesfidedignas.com.mx\/","logo":{"@type":"ImageObject","inLanguage":"es","@id":"https:\/\/fuentesfidedignas.com.mx\/#\/schema\/logo\/image\/","url":"https:\/\/fuentesfidedignas.com.mx\/wp-content\/uploads\/2021\/04\/logo-retina.png","contentUrl":"https:\/\/fuentesfidedignas.com.mx\/wp-content\/uploads\/2021\/04\/logo-retina.png","width":280,"height":51,"caption":"Fuentes Fidedignas"},"image":{"@id":"https:\/\/fuentesfidedignas.com.mx\/#\/schema\/logo\/image\/"},"sameAs":["https:\/\/www.facebook.com\/Fuentes-Fidedignas-368234489921644","https:\/\/x.com\/fidedignas"]},{"@type":"Person","@id":"https:\/\/fuentesfidedignas.com.mx\/#\/schema\/person\/ec4edd1fbf5efa3e44fce34fe2787780","name":"Exc\u00e9lsior","image":{"@type":"ImageObject","inLanguage":"es","@id":"https:\/\/secure.gravatar.com\/avatar\/4b7ee9206b48be08447852b3f0814dbc7c0f3b51541b164f1464a2725614020b?s=96&d=mm&r=g","url":"https:\/\/secure.gravatar.com\/avatar\/4b7ee9206b48be08447852b3f0814dbc7c0f3b51541b164f1464a2725614020b?s=96&d=mm&r=g","contentUrl":"https:\/\/secure.gravatar.com\/avatar\/4b7ee9206b48be08447852b3f0814dbc7c0f3b51541b164f1464a2725614020b?s=96&d=mm&r=g","caption":"Exc\u00e9lsior"},"url":"https:\/\/fuentesfidedignas.com.mx\/index.php\/author\/excelsior\/"}]}},"_links":{"self":[{"href":"https:\/\/fuentesfidedignas.com.mx\/index.php\/wp-json\/wp\/v2\/posts\/130678","targetHints":{"allow":["GET"]}}],"collection":[{"href":"https:\/\/fuentesfidedignas.com.mx\/index.php\/wp-json\/wp\/v2\/posts"}],"about":[{"href":"https:\/\/fuentesfidedignas.com.mx\/index.php\/wp-json\/wp\/v2\/types\/post"}],"author":[{"embeddable":true,"href":"https:\/\/fuentesfidedignas.com.mx\/index.php\/wp-json\/wp\/v2\/users\/7"}],"replies":[{"embeddable":true,"href":"https:\/\/fuentesfidedignas.com.mx\/index.php\/wp-json\/wp\/v2\/comments?post=130678"}],"version-history":[{"count":1,"href":"https:\/\/fuentesfidedignas.com.mx\/index.php\/wp-json\/wp\/v2\/posts\/130678\/revisions"}],"predecessor-version":[{"id":130680,"href":"https:\/\/fuentesfidedignas.com.mx\/index.php\/wp-json\/wp\/v2\/posts\/130678\/revisions\/130680"}],"wp:featuredmedia":[{"embeddable":true,"href":"https:\/\/fuentesfidedignas.com.mx\/index.php\/wp-json\/wp\/v2\/media\/130679"}],"wp:attachment":[{"href":"https:\/\/fuentesfidedignas.com.mx\/index.php\/wp-json\/wp\/v2\/media?parent=130678"}],"wp:term":[{"taxonomy":"category","embeddable":true,"href":"https:\/\/fuentesfidedignas.com.mx\/index.php\/wp-json\/wp\/v2\/categories?post=130678"},{"taxonomy":"post_tag","embeddable":true,"href":"https:\/\/fuentesfidedignas.com.mx\/index.php\/wp-json\/wp\/v2\/tags?post=130678"}],"curies":[{"name":"wp","href":"https:\/\/api.w.org\/{rel}","templated":true}]}}